{"id":9981,"date":"2024-12-04T16:18:36","date_gmt":"2024-12-04T19:18:36","guid":{"rendered":"https:\/\/aldiachaco.com.ar\/?p=9981"},"modified":"2024-12-04T16:18:36","modified_gmt":"2024-12-04T19:18:36","slug":"asi-es-el-desayuno-que-se-prepara-en-cinco-minutos-y-que-recomienda-una-experta-de-harvard","status":"publish","type":"post","link":"https:\/\/aldiachaco.com.ar\/index.php\/2024\/12\/04\/asi-es-el-desayuno-que-se-prepara-en-cinco-minutos-y-que-recomienda-una-experta-de-harvard\/","title":{"rendered":"As\u00ed es el desayuno que se prepara en cinco minutos y que recomienda una experta de Harvard"},"content":{"rendered":"<p>El desayuno tras las horas de ayuno es fundamental para proporcionar al organismo la energ\u00eda y los nutrientes necesarios para hacer frente a todas las actividades que se realizan en esta parte del d\u00eda. De no ser as\u00ed, se obliga a recurrir a las reservas, lo cual no es deseable, ya que esta situaci\u00f3n favorece la tendencia al &#8220;ahorro&#8221; y, por tanto, al sobrepeso, seg\u00fan detalla la Agencia Espa\u00f1ola de Seguridad Alimentaria y Nutrici\u00f3n (AESAN). Adem\u00e1s, est\u00e1 demostrado que las personas que no desayunan, o desayunan poco, tienen un rendimiento y una capacidad de mantener la atenci\u00f3n menor que las que s\u00ed lo hacen.<\/p>\n<p>Generalmente debido a las prisas de las primeras horas de la ma\u00f1ana, al desayuno no se le da el protagonismo que deber\u00eda tener. Se aconseja que proporcione entre el 20 y el 25% de la ingesta energ\u00e9tica diaria, pudi\u00e9ndose repartir en dos tomas, es decir, desayuno y almuerzo a media ma\u00f1ana. En el caso de un adulto, se recomienda un consumo total diario de 2.500 calor\u00edas, de manera que la primera comida de la ma\u00f1ana deber\u00eda sumar unas 500 calor\u00edas.<\/p>\n<p>Monique Tello, colaboradora especialista en nutrici\u00f3n y diet\u00e9tica de la Universidad de Harvard, explica en uno de sus art\u00edculos de Harvard Health Publishing que la alimentaci\u00f3n saludable est\u00e1 basada en frutas y verduras, cereales integrales (sin procesar) y prote\u00ednas y grasas saludables. &#8220;Esto no es una tendencia, no es una opini\u00f3n hippie. La evidencia es abrumadora. Y me encanta el tocino, pero lo trato con respeto porque puede causar un gran da\u00f1o al cuerpo humano si se come con frecuencia&#8221;, matiza.<\/p>\n<p><strong>C\u00f3mo es su desayuno<\/strong><\/p>\n<p>&#8220;Soy una mam\u00e1 trabajadora. Cojo el tren para ir al trabajo. Necesito algo r\u00e1pido, f\u00e1cil y transportable. Adem\u00e1s, tiene que ser econ\u00f3mico y debe retenerme durante varias horas&#8221;, explica la experta, que sabe que para muchos preparar el desayuno es una lucha contra rej\u00f3n. Por eso, propone uno sencillo y asequible. Ella se preprara un taz\u00f3n o un taper en el que inluye: fruta congelada, como frutos del bosque, ya que es m\u00e1s econ\u00f3mica que la fresca y no se echa a perder; frutos secos y\/o semillas y\/o cereales; y un yogur, idealmente natural o bajo en az\u00facar.<\/p>\n<p>&#8220;Ya sea la noche anterior o el d\u00eda del trabajo, tome un recipiente de pl\u00e1stico que pueda contener al menos algunas tazas y ll\u00e9nelo con la fruta congelada, amontonada en la parte superior (la m\u00eda tiene capacidad para 3.5 tazas). Descong\u00e9lalo en el microondas (el m\u00edo tarda unos 3 minutos). Ponle una tapa. \u00c9chalo en tu recipiente junto con una bolsita de nueces y \/ o semillas y \/ o granos (me gustan los anacardos) y el yogur&#8221;, cuenta.<\/p>\n<p><strong>Por qu\u00e9 se trata de un desayuno saludable<\/strong><\/p>\n<p>La nutricionista explica que este desayuno es muy acertado porque la fruta no es una pizca simb\u00f3lica, ni un toque decorativo, sino que constituye la mayor parte de esta comida. &#8220;Hay fibra en la fruta y az\u00facares vegetales en su forma natural, sin mencionar la grasa saludable en las nueces y las prote\u00ednas en el yogur&#8221;, detalla. Un yogur bajo en az\u00facar permite que se alargue la sensaci\u00f3n de saciedad durante m\u00e1s tiempo. &#8220;No tendremos el pico de insulina que desencadena los retortijones de hambre (a diferencia de cuando comemos carbohidratos procesados)&#8221;, explica.<\/p>\n<p>Fuente: infobae.com<\/p>\n","protected":false},"excerpt":{"rendered":"<p>El desayuno tras las horas de ayuno es fundamental para proporcionar al organismo la energ\u00eda y los nutrientes necesarios para hacer frente a todas las actividades que se realizan en esta parte del d\u00eda. De no ser as\u00ed, se obliga a recurrir a las reservas, lo cual no es deseable, ya que esta situaci\u00f3n favorece &hellip;<\/p>\n","protected":false},"author":1,"featured_media":9982,"comment_status":"open","ping_status":"open","sticky":false,"template":"","format":"standard","meta":{"content-type":"","_monsterinsights_skip_tracking":false,"_monsterinsights_sitenote_active":false,"_monsterinsights_sitenote_note":"","_monsterinsights_sitenote_category":0,"_jetpack_memberships_contains_paid_content":false,"footnotes":"","jetpack_publicize_message":"","jetpack_publicize_feature_enabled":true,"jetpack_social_post_already_shared":true,"jetpack_social_options":{"image_generator_settings":{"template":"highway","default_image_id":0,"font":"","enabled":false},"version":2}},"categories":[217],"tags":[],"class_list":["post-9981","post","type-post","status-publish","format-standard","has-post-thumbnail","hentry","category-comidas"],"yoast_head":"<!-- This site is optimized with the Yoast SEO plugin v27.4 - https:\/\/yoast.com\/product\/yoast-seo-wordpress\/ -->\n<title>As\u00ed es el desayuno que se prepara en cinco minutos y que recomienda una experta de Harvard | Al Dia Chaco<\/title>\n<meta name=\"robots\" content=\"index, follow, max-snippet:-1, max-image-preview:large, max-video-preview:-1\" \/>\n<link rel=\"canonical\" href=\"https:\/\/aldiachaco.com.ar\/index.php\/2024\/12\/04\/asi-es-el-desayuno-que-se-prepara-en-cinco-minutos-y-que-recomienda-una-experta-de-harvard\/\" \/>\n<meta property=\"og:locale\" content=\"es_ES\" \/>\n<meta property=\"og:type\" content=\"article\" \/>\n<meta property=\"og:title\" content=\"As\u00ed es el desayuno que se prepara en cinco minutos y que recomienda una experta de Harvard | Al Dia Chaco\" \/>\n<meta property=\"og:description\" content=\"El desayuno tras las horas de ayuno es fundamental para proporcionar al organismo la energ\u00eda y los nutrientes necesarios para hacer frente a todas las actividades que se realizan en esta parte del d\u00eda. De no ser as\u00ed, se obliga a recurrir a las reservas, lo cual no es deseable, ya que esta situaci\u00f3n favorece &hellip;\" \/>\n<meta property=\"og:url\" content=\"https:\/\/aldiachaco.com.ar\/index.php\/2024\/12\/04\/asi-es-el-desayuno-que-se-prepara-en-cinco-minutos-y-que-recomienda-una-experta-de-harvard\/\" \/>\n<meta property=\"og:site_name\" content=\"Al Dia Chaco\" \/>\n<meta property=\"article:published_time\" content=\"2024-12-04T19:18:36+00:00\" \/>\n<meta property=\"og:image\" content=\"https:\/\/aldiachaco.com.ar\/wp-content\/uploads\/2024\/12\/390284w638h330c.jpg.webp\" \/>\n\t<meta property=\"og:image:width\" content=\"638\" \/>\n\t<meta property=\"og:image:height\" content=\"330\" \/>\n\t<meta property=\"og:image:type\" content=\"image\/webp\" \/>\n<meta name=\"author\" content=\"aldiachaco.com.ar\" \/>\n<meta name=\"twitter:card\" content=\"summary_large_image\" \/>\n<meta name=\"twitter:label1\" content=\"Escrito por\" \/>\n\t<meta name=\"twitter:data1\" content=\"aldiachaco.com.ar\" \/>\n\t<meta name=\"twitter:label2\" content=\"Tiempo de lectura\" \/>\n\t<meta name=\"twitter:data2\" content=\"3 minutos\" \/>\n<script type=\"application\/ld+json\" class=\"yoast-schema-graph\">{\"@context\":\"https:\\\/\\\/schema.org\",\"@graph\":[{\"@type\":\"Article\",\"@id\":\"https:\\\/\\\/aldiachaco.com.ar\\\/index.php\\\/2024\\\/12\\\/04\\\/asi-es-el-desayuno-que-se-prepara-en-cinco-minutos-y-que-recomienda-una-experta-de-harvard\\\/#article\",\"isPartOf\":{\"@id\":\"https:\\\/\\\/aldiachaco.com.ar\\\/index.php\\\/2024\\\/12\\\/04\\\/asi-es-el-desayuno-que-se-prepara-en-cinco-minutos-y-que-recomienda-una-experta-de-harvard\\\/\"},\"author\":{\"name\":\"aldiachaco.com.ar\",\"@id\":\"https:\\\/\\\/aldiachaco.com.ar\\\/#\\\/schema\\\/person\\\/80113835e512ba580e79a945932487f5\"},\"headline\":\"As\u00ed es el desayuno que se prepara en cinco minutos y que recomienda una experta de Harvard\",\"datePublished\":\"2024-12-04T19:18:36+00:00\",\"mainEntityOfPage\":{\"@id\":\"https:\\\/\\\/aldiachaco.com.ar\\\/index.php\\\/2024\\\/12\\\/04\\\/asi-es-el-desayuno-que-se-prepara-en-cinco-minutos-y-que-recomienda-una-experta-de-harvard\\\/\"},\"wordCount\":607,\"commentCount\":0,\"publisher\":{\"@id\":\"https:\\\/\\\/aldiachaco.com.ar\\\/#organization\"},\"image\":{\"@id\":\"https:\\\/\\\/aldiachaco.com.ar\\\/index.php\\\/2024\\\/12\\\/04\\\/asi-es-el-desayuno-que-se-prepara-en-cinco-minutos-y-que-recomienda-una-experta-de-harvard\\\/#primaryimage\"},\"thumbnailUrl\":\"https:\\\/\\\/aldiachaco.com.ar\\\/wp-content\\\/uploads\\\/2024\\\/12\\\/390284w638h330c.jpg.webp\",\"articleSection\":[\"Comidas\"],\"inLanguage\":\"es-AR\",\"potentialAction\":[{\"@type\":\"CommentAction\",\"name\":\"Comment\",\"target\":[\"https:\\\/\\\/aldiachaco.com.ar\\\/index.php\\\/2024\\\/12\\\/04\\\/asi-es-el-desayuno-que-se-prepara-en-cinco-minutos-y-que-recomienda-una-experta-de-harvard\\\/#respond\"]}]},{\"@type\":\"WebPage\",\"@id\":\"https:\\\/\\\/aldiachaco.com.ar\\\/index.php\\\/2024\\\/12\\\/04\\\/asi-es-el-desayuno-que-se-prepara-en-cinco-minutos-y-que-recomienda-una-experta-de-harvard\\\/\",\"url\":\"https:\\\/\\\/aldiachaco.com.ar\\\/index.php\\\/2024\\\/12\\\/04\\\/asi-es-el-desayuno-que-se-prepara-en-cinco-minutos-y-que-recomienda-una-experta-de-harvard\\\/\",\"name\":\"As\u00ed es el desayuno que se prepara en cinco minutos y que recomienda una experta de Harvard | Al Dia Chaco\",\"isPartOf\":{\"@id\":\"https:\\\/\\\/aldiachaco.com.ar\\\/#website\"},\"primaryImageOfPage\":{\"@id\":\"https:\\\/\\\/aldiachaco.com.ar\\\/index.php\\\/2024\\\/12\\\/04\\\/asi-es-el-desayuno-que-se-prepara-en-cinco-minutos-y-que-recomienda-una-experta-de-harvard\\\/#primaryimage\"},\"image\":{\"@id\":\"https:\\\/\\\/aldiachaco.com.ar\\\/index.php\\\/2024\\\/12\\\/04\\\/asi-es-el-desayuno-que-se-prepara-en-cinco-minutos-y-que-recomienda-una-experta-de-harvard\\\/#primaryimage\"},\"thumbnailUrl\":\"https:\\\/\\\/aldiachaco.com.ar\\\/wp-content\\\/uploads\\\/2024\\\/12\\\/390284w638h330c.jpg.webp\",\"datePublished\":\"2024-12-04T19:18:36+00:00\",\"breadcrumb\":{\"@id\":\"https:\\\/\\\/aldiachaco.com.ar\\\/index.php\\\/2024\\\/12\\\/04\\\/asi-es-el-desayuno-que-se-prepara-en-cinco-minutos-y-que-recomienda-una-experta-de-harvard\\\/#breadcrumb\"},\"inLanguage\":\"es-AR\",\"potentialAction\":[{\"@type\":\"ReadAction\",\"target\":[\"https:\\\/\\\/aldiachaco.com.ar\\\/index.php\\\/2024\\\/12\\\/04\\\/asi-es-el-desayuno-que-se-prepara-en-cinco-minutos-y-que-recomienda-una-experta-de-harvard\\\/\"]}]},{\"@type\":\"ImageObject\",\"inLanguage\":\"es-AR\",\"@id\":\"https:\\\/\\\/aldiachaco.com.ar\\\/index.php\\\/2024\\\/12\\\/04\\\/asi-es-el-desayuno-que-se-prepara-en-cinco-minutos-y-que-recomienda-una-experta-de-harvard\\\/#primaryimage\",\"url\":\"https:\\\/\\\/aldiachaco.com.ar\\\/wp-content\\\/uploads\\\/2024\\\/12\\\/390284w638h330c.jpg.webp\",\"contentUrl\":\"https:\\\/\\\/aldiachaco.com.ar\\\/wp-content\\\/uploads\\\/2024\\\/12\\\/390284w638h330c.jpg.webp\",\"width\":638,\"height\":330},{\"@type\":\"BreadcrumbList\",\"@id\":\"https:\\\/\\\/aldiachaco.com.ar\\\/index.php\\\/2024\\\/12\\\/04\\\/asi-es-el-desayuno-que-se-prepara-en-cinco-minutos-y-que-recomienda-una-experta-de-harvard\\\/#breadcrumb\",\"itemListElement\":[{\"@type\":\"ListItem\",\"position\":1,\"name\":\"Home\",\"item\":\"https:\\\/\\\/aldiachaco.com.ar\\\/\"},{\"@type\":\"ListItem\",\"position\":2,\"name\":\"As\u00ed es el desayuno que se prepara en cinco minutos y que recomienda una experta de Harvard\"}]},{\"@type\":\"WebSite\",\"@id\":\"https:\\\/\\\/aldiachaco.com.ar\\\/#website\",\"url\":\"https:\\\/\\\/aldiachaco.com.ar\\\/\",\"name\":\"Al Dia Chaco\",\"description\":\"Noticias del Chaco y el mundo\",\"publisher\":{\"@id\":\"https:\\\/\\\/aldiachaco.com.ar\\\/#organization\"},\"alternateName\":\"Al D\u00eda Chaco\",\"potentialAction\":[{\"@type\":\"SearchAction\",\"target\":{\"@type\":\"EntryPoint\",\"urlTemplate\":\"https:\\\/\\\/aldiachaco.com.ar\\\/?s={search_term_string}\"},\"query-input\":{\"@type\":\"PropertyValueSpecification\",\"valueRequired\":true,\"valueName\":\"search_term_string\"}}],\"inLanguage\":\"es-AR\"},{\"@type\":\"Organization\",\"@id\":\"https:\\\/\\\/aldiachaco.com.ar\\\/#organization\",\"name\":\"Al Dia Chaco\",\"url\":\"https:\\\/\\\/aldiachaco.com.ar\\\/\",\"logo\":{\"@type\":\"ImageObject\",\"inLanguage\":\"es-AR\",\"@id\":\"https:\\\/\\\/aldiachaco.com.ar\\\/#\\\/schema\\\/logo\\\/image\\\/\",\"url\":\"https:\\\/\\\/aldiachaco.com.ar\\\/wp-content\\\/uploads\\\/2017\\\/11\\\/AL-DIA-CHACO-L@2x.png\",\"contentUrl\":\"https:\\\/\\\/aldiachaco.com.ar\\\/wp-content\\\/uploads\\\/2017\\\/11\\\/AL-DIA-CHACO-L@2x.png\",\"width\":232,\"height\":60,\"caption\":\"Al Dia Chaco\"},\"image\":{\"@id\":\"https:\\\/\\\/aldiachaco.com.ar\\\/#\\\/schema\\\/logo\\\/image\\\/\"}},{\"@type\":\"Person\",\"@id\":\"https:\\\/\\\/aldiachaco.com.ar\\\/#\\\/schema\\\/person\\\/80113835e512ba580e79a945932487f5\",\"name\":\"aldiachaco.com.ar\",\"image\":{\"@type\":\"ImageObject\",\"inLanguage\":\"es-AR\",\"@id\":\"https:\\\/\\\/aldiachaco.com.ar\\\/wp-content\\\/litespeed\\\/avatar\\\/a7c4ebc5454089d3fd4ef6b87fdd073a.jpg?ver=1777471945\",\"url\":\"https:\\\/\\\/aldiachaco.com.ar\\\/wp-content\\\/litespeed\\\/avatar\\\/a7c4ebc5454089d3fd4ef6b87fdd073a.jpg?ver=1777471945\",\"contentUrl\":\"https:\\\/\\\/aldiachaco.com.ar\\\/wp-content\\\/litespeed\\\/avatar\\\/a7c4ebc5454089d3fd4ef6b87fdd073a.jpg?ver=1777471945\",\"caption\":\"aldiachaco.com.ar\"},\"sameAs\":[\"https:\\\/\\\/aldiachaco.com.ar\"],\"url\":\"https:\\\/\\\/aldiachaco.com.ar\\\/index.php\\\/author\\\/lime-camel-884546-hostingersite-com\\\/\"}]}<\/script>\n<!-- \/ Yoast SEO plugin. -->","yoast_head_json":{"title":"As\u00ed es el desayuno que se prepara en cinco minutos y que recomienda una experta de Harvard | Al Dia Chaco","robots":{"index":"index","follow":"follow","max-snippet":"max-snippet:-1","max-image-preview":"max-image-preview:large","max-video-preview":"max-video-preview:-1"},"canonical":"https:\/\/aldiachaco.com.ar\/index.php\/2024\/12\/04\/asi-es-el-desayuno-que-se-prepara-en-cinco-minutos-y-que-recomienda-una-experta-de-harvard\/","og_locale":"es_ES","og_type":"article","og_title":"As\u00ed es el desayuno que se prepara en cinco minutos y que recomienda una experta de Harvard | Al Dia Chaco","og_description":"El desayuno tras las horas de ayuno es fundamental para proporcionar al organismo la energ\u00eda y los nutrientes necesarios para hacer frente a todas las actividades que se realizan en esta parte del d\u00eda. De no ser as\u00ed, se obliga a recurrir a las reservas, lo cual no es deseable, ya que esta situaci\u00f3n favorece &hellip;","og_url":"https:\/\/aldiachaco.com.ar\/index.php\/2024\/12\/04\/asi-es-el-desayuno-que-se-prepara-en-cinco-minutos-y-que-recomienda-una-experta-de-harvard\/","og_site_name":"Al Dia Chaco","article_published_time":"2024-12-04T19:18:36+00:00","og_image":[{"width":638,"height":330,"url":"https:\/\/aldiachaco.com.ar\/wp-content\/uploads\/2024\/12\/390284w638h330c.jpg.webp","type":"image\/webp"}],"author":"aldiachaco.com.ar","twitter_card":"summary_large_image","twitter_misc":{"Escrito por":"aldiachaco.com.ar","Tiempo de lectura":"3 minutos"},"schema":{"@context":"https:\/\/schema.org","@graph":[{"@type":"Article","@id":"https:\/\/aldiachaco.com.ar\/index.php\/2024\/12\/04\/asi-es-el-desayuno-que-se-prepara-en-cinco-minutos-y-que-recomienda-una-experta-de-harvard\/#article","isPartOf":{"@id":"https:\/\/aldiachaco.com.ar\/index.php\/2024\/12\/04\/asi-es-el-desayuno-que-se-prepara-en-cinco-minutos-y-que-recomienda-una-experta-de-harvard\/"},"author":{"name":"aldiachaco.com.ar","@id":"https:\/\/aldiachaco.com.ar\/#\/schema\/person\/80113835e512ba580e79a945932487f5"},"headline":"As\u00ed es el desayuno que se prepara en cinco minutos y que recomienda una experta de Harvard","datePublished":"2024-12-04T19:18:36+00:00","mainEntityOfPage":{"@id":"https:\/\/aldiachaco.com.ar\/index.php\/2024\/12\/04\/asi-es-el-desayuno-que-se-prepara-en-cinco-minutos-y-que-recomienda-una-experta-de-harvard\/"},"wordCount":607,"commentCount":0,"publisher":{"@id":"https:\/\/aldiachaco.com.ar\/#organization"},"image":{"@id":"https:\/\/aldiachaco.com.ar\/index.php\/2024\/12\/04\/asi-es-el-desayuno-que-se-prepara-en-cinco-minutos-y-que-recomienda-una-experta-de-harvard\/#primaryimage"},"thumbnailUrl":"https:\/\/aldiachaco.com.ar\/wp-content\/uploads\/2024\/12\/390284w638h330c.jpg.webp","articleSection":["Comidas"],"inLanguage":"es-AR","potentialAction":[{"@type":"CommentAction","name":"Comment","target":["https:\/\/aldiachaco.com.ar\/index.php\/2024\/12\/04\/asi-es-el-desayuno-que-se-prepara-en-cinco-minutos-y-que-recomienda-una-experta-de-harvard\/#respond"]}]},{"@type":"WebPage","@id":"https:\/\/aldiachaco.com.ar\/index.php\/2024\/12\/04\/asi-es-el-desayuno-que-se-prepara-en-cinco-minutos-y-que-recomienda-una-experta-de-harvard\/","url":"https:\/\/aldiachaco.com.ar\/index.php\/2024\/12\/04\/asi-es-el-desayuno-que-se-prepara-en-cinco-minutos-y-que-recomienda-una-experta-de-harvard\/","name":"As\u00ed es el desayuno que se prepara en cinco minutos y que recomienda una experta de Harvard | Al Dia Chaco","isPartOf":{"@id":"https:\/\/aldiachaco.com.ar\/#website"},"primaryImageOfPage":{"@id":"https:\/\/aldiachaco.com.ar\/index.php\/2024\/12\/04\/asi-es-el-desayuno-que-se-prepara-en-cinco-minutos-y-que-recomienda-una-experta-de-harvard\/#primaryimage"},"image":{"@id":"https:\/\/aldiachaco.com.ar\/index.php\/2024\/12\/04\/asi-es-el-desayuno-que-se-prepara-en-cinco-minutos-y-que-recomienda-una-experta-de-harvard\/#primaryimage"},"thumbnailUrl":"https:\/\/aldiachaco.com.ar\/wp-content\/uploads\/2024\/12\/390284w638h330c.jpg.webp","datePublished":"2024-12-04T19:18:36+00:00","breadcrumb":{"@id":"https:\/\/aldiachaco.com.ar\/index.php\/2024\/12\/04\/asi-es-el-desayuno-que-se-prepara-en-cinco-minutos-y-que-recomienda-una-experta-de-harvard\/#breadcrumb"},"inLanguage":"es-AR","potentialAction":[{"@type":"ReadAction","target":["https:\/\/aldiachaco.com.ar\/index.php\/2024\/12\/04\/asi-es-el-desayuno-que-se-prepara-en-cinco-minutos-y-que-recomienda-una-experta-de-harvard\/"]}]},{"@type":"ImageObject","inLanguage":"es-AR","@id":"https:\/\/aldiachaco.com.ar\/index.php\/2024\/12\/04\/asi-es-el-desayuno-que-se-prepara-en-cinco-minutos-y-que-recomienda-una-experta-de-harvard\/#primaryimage","url":"https:\/\/aldiachaco.com.ar\/wp-content\/uploads\/2024\/12\/390284w638h330c.jpg.webp","contentUrl":"https:\/\/aldiachaco.com.ar\/wp-content\/uploads\/2024\/12\/390284w638h330c.jpg.webp","width":638,"height":330},{"@type":"BreadcrumbList","@id":"https:\/\/aldiachaco.com.ar\/index.php\/2024\/12\/04\/asi-es-el-desayuno-que-se-prepara-en-cinco-minutos-y-que-recomienda-una-experta-de-harvard\/#breadcrumb","itemListElement":[{"@type":"ListItem","position":1,"name":"Home","item":"https:\/\/aldiachaco.com.ar\/"},{"@type":"ListItem","position":2,"name":"As\u00ed es el desayuno que se prepara en cinco minutos y que recomienda una experta de Harvard"}]},{"@type":"WebSite","@id":"https:\/\/aldiachaco.com.ar\/#website","url":"https:\/\/aldiachaco.com.ar\/","name":"Al Dia Chaco","description":"Noticias del Chaco y el mundo","publisher":{"@id":"https:\/\/aldiachaco.com.ar\/#organization"},"alternateName":"Al D\u00eda Chaco","potentialAction":[{"@type":"SearchAction","target":{"@type":"EntryPoint","urlTemplate":"https:\/\/aldiachaco.com.ar\/?s={search_term_string}"},"query-input":{"@type":"PropertyValueSpecification","valueRequired":true,"valueName":"search_term_string"}}],"inLanguage":"es-AR"},{"@type":"Organization","@id":"https:\/\/aldiachaco.com.ar\/#organization","name":"Al Dia Chaco","url":"https:\/\/aldiachaco.com.ar\/","logo":{"@type":"ImageObject","inLanguage":"es-AR","@id":"https:\/\/aldiachaco.com.ar\/#\/schema\/logo\/image\/","url":"https:\/\/aldiachaco.com.ar\/wp-content\/uploads\/2017\/11\/AL-DIA-CHACO-L@2x.png","contentUrl":"https:\/\/aldiachaco.com.ar\/wp-content\/uploads\/2017\/11\/AL-DIA-CHACO-L@2x.png","width":232,"height":60,"caption":"Al Dia Chaco"},"image":{"@id":"https:\/\/aldiachaco.com.ar\/#\/schema\/logo\/image\/"}},{"@type":"Person","@id":"https:\/\/aldiachaco.com.ar\/#\/schema\/person\/80113835e512ba580e79a945932487f5","name":"aldiachaco.com.ar","image":{"@type":"ImageObject","inLanguage":"es-AR","@id":"https:\/\/aldiachaco.com.ar\/wp-content\/litespeed\/avatar\/a7c4ebc5454089d3fd4ef6b87fdd073a.jpg?ver=1777471945","url":"https:\/\/aldiachaco.com.ar\/wp-content\/litespeed\/avatar\/a7c4ebc5454089d3fd4ef6b87fdd073a.jpg?ver=1777471945","contentUrl":"https:\/\/aldiachaco.com.ar\/wp-content\/litespeed\/avatar\/a7c4ebc5454089d3fd4ef6b87fdd073a.jpg?ver=1777471945","caption":"aldiachaco.com.ar"},"sameAs":["https:\/\/aldiachaco.com.ar"],"url":"https:\/\/aldiachaco.com.ar\/index.php\/author\/lime-camel-884546-hostingersite-com\/"}]}},"jetpack_publicize_connections":[],"jetpack_featured_media_url":"https:\/\/aldiachaco.com.ar\/wp-content\/uploads\/2024\/12\/390284w638h330c.jpg.webp","jetpack_sharing_enabled":true,"amp_enabled":true,"_links":{"self":[{"href":"https:\/\/aldiachaco.com.ar\/index.php\/wp-json\/wp\/v2\/posts\/9981","targetHints":{"allow":["GET"]}}],"collection":[{"href":"https:\/\/aldiachaco.com.ar\/index.php\/wp-json\/wp\/v2\/posts"}],"about":[{"href":"https:\/\/aldiachaco.com.ar\/index.php\/wp-json\/wp\/v2\/types\/post"}],"author":[{"embeddable":true,"href":"https:\/\/aldiachaco.com.ar\/index.php\/wp-json\/wp\/v2\/users\/1"}],"replies":[{"embeddable":true,"href":"https:\/\/aldiachaco.com.ar\/index.php\/wp-json\/wp\/v2\/comments?post=9981"}],"version-history":[{"count":1,"href":"https:\/\/aldiachaco.com.ar\/index.php\/wp-json\/wp\/v2\/posts\/9981\/revisions"}],"predecessor-version":[{"id":9983,"href":"https:\/\/aldiachaco.com.ar\/index.php\/wp-json\/wp\/v2\/posts\/9981\/revisions\/9983"}],"wp:featuredmedia":[{"embeddable":true,"href":"https:\/\/aldiachaco.com.ar\/index.php\/wp-json\/wp\/v2\/media\/9982"}],"wp:attachment":[{"href":"https:\/\/aldiachaco.com.ar\/index.php\/wp-json\/wp\/v2\/media?parent=9981"}],"wp:term":[{"taxonomy":"category","embeddable":true,"href":"https:\/\/aldiachaco.com.ar\/index.php\/wp-json\/wp\/v2\/categories?post=9981"},{"taxonomy":"post_tag","embeddable":true,"href":"https:\/\/aldiachaco.com.ar\/index.php\/wp-json\/wp\/v2\/tags?post=9981"}],"curies":[{"name":"wp","href":"https:\/\/api.w.org\/{rel}","templated":true}]}}