{"id":9948,"date":"2024-12-04T15:32:24","date_gmt":"2024-12-04T18:32:24","guid":{"rendered":"https:\/\/aldiachaco.com.ar\/?p=9948"},"modified":"2024-12-04T15:32:24","modified_gmt":"2024-12-04T18:32:24","slug":"transforma-tu-pyme-con-ia-inscripciones-abiertas-para-un-taller-clave-para-tu-negocio","status":"publish","type":"post","link":"https:\/\/aldiachaco.com.ar\/index.php\/2024\/12\/04\/transforma-tu-pyme-con-ia-inscripciones-abiertas-para-un-taller-clave-para-tu-negocio\/","title":{"rendered":"Transforma tu PyME con IA: inscripciones abiertas para un taller clave para t\u00fa negocio"},"content":{"rendered":"<p class=\" aBigClassNameToAvoidCollisionInText\"><strong>El pr\u00f3ximo 6 de diciembre, la Unidad de Transformaci\u00f3n Digital de la UTN Facultad Regional Resistencia<\/strong>\u00a0invita a participar\u00a0en el taller &#8220;Impulsa tu PyME con Inteligencia Artificial&#8221;. El encuentro estar\u00e1 a cargo del ingeniero Jorge Roa y\u00a0<strong>se realizar\u00e1 de 19 a 21 horas en el SUM de INTECNOR, ubicado en French 828<\/strong>.<strong>\u00a0La actividad presencial busca mostrar a las PyMEs c\u00f3mo aprovechar la inteligencia artificial para potenciar sus operaciones.<\/strong><\/p>\n<p>El taller tiene como objetivo ense\u00f1ar a los participantes a aplicar soluciones pr\u00e1cticas de IA que ayuden a optimizar procesos, reducir costos y mejorar la experiencia del cliente. Seg\u00fan los organizadores, estas herramientas tecnol\u00f3gicas pueden ser claves para aumentar la competitividad y productividad de los negocios locales.<\/p>\n<p><strong>La inscripci\u00f3n se encuentra abierta hasta el 5 de diciembre y se puede realizar a trav\u00e9s del enlace oficial: https:\/\/bit.ly\/TallerdeInteligenciaArtificial.<\/strong>\u00a0&#8220;La IA no solo automatiza tareas; tambi\u00e9n permite anticipar tendencias y tomar decisiones informadas basadas en datos&#8221;, explica el ingeniero Jorge Roa, quien destaca el impacto transformador de estas herramientas en las peque\u00f1as y medianas empresas.<\/p>\n<p>En el taller, los asistentes descubrir\u00e1n casos concretos de implementaci\u00f3n de inteligencia artificial y aprender\u00e1n c\u00f3mo aplicarla en \u00e1reas clave como log\u00edstica, atenci\u00f3n al cliente y marketing. &#8220;Nuestro objetivo es que los participantes se lleven herramientas pr\u00e1cticas que puedan implementar desde el primer d\u00eda&#8221;, se\u00f1ala el equipo organizador.<\/p>\n<p>La inteligencia artificial se est\u00e1 consolidando como un pilar para el desarrollo empresarial en todo el mundo, y este tipo de actividades busca acercar estas innovaciones tecnol\u00f3gicas a las PyMEs de Resistencia.<\/p>\n","protected":false},"excerpt":{"rendered":"<p>El pr\u00f3ximo 6 de diciembre, la Unidad de Transformaci\u00f3n Digital de la UTN Facultad Regional Resistencia\u00a0invita a participar\u00a0en el taller &#8220;Impulsa tu PyME con Inteligencia Artificial&#8221;. El encuentro estar\u00e1 a cargo del ingeniero Jorge Roa y\u00a0se realizar\u00e1 de 19 a 21 horas en el SUM de INTECNOR, ubicado en French 828.\u00a0La actividad presencial busca mostrar &hellip;<\/p>\n","protected":false},"author":1,"featured_media":9949,"comment_status":"open","ping_status":"open","sticky":false,"template":"","format":"standard","meta":{"content-type":"","_monsterinsights_skip_tracking":false,"_monsterinsights_sitenote_active":false,"_monsterinsights_sitenote_note":"","_monsterinsights_sitenote_category":0,"_jetpack_memberships_contains_paid_content":false,"footnotes":"","jetpack_publicize_message":"","jetpack_publicize_feature_enabled":true,"jetpack_social_post_already_shared":true,"jetpack_social_options":{"image_generator_settings":{"template":"highway","default_image_id":0,"font":"","enabled":false},"version":2}},"categories":[155],"tags":[],"class_list":["post-9948","post","type-post","status-publish","format-standard","has-post-thumbnail","hentry","category-educacion"],"yoast_head":"<!-- This site is optimized with the Yoast SEO plugin v27.4 - https:\/\/yoast.com\/product\/yoast-seo-wordpress\/ -->\n<title>Transforma tu PyME con IA: inscripciones abiertas para un taller clave para t\u00fa negocio | Al Dia Chaco<\/title>\n<meta name=\"robots\" content=\"index, follow, max-snippet:-1, max-image-preview:large, max-video-preview:-1\" \/>\n<link rel=\"canonical\" href=\"https:\/\/aldiachaco.com.ar\/index.php\/2024\/12\/04\/transforma-tu-pyme-con-ia-inscripciones-abiertas-para-un-taller-clave-para-tu-negocio\/\" \/>\n<meta property=\"og:locale\" content=\"es_ES\" \/>\n<meta property=\"og:type\" content=\"article\" \/>\n<meta property=\"og:title\" content=\"Transforma tu PyME con IA: inscripciones abiertas para un taller clave para t\u00fa negocio | Al Dia Chaco\" \/>\n<meta property=\"og:description\" content=\"El pr\u00f3ximo 6 de diciembre, la Unidad de Transformaci\u00f3n Digital de la UTN Facultad Regional Resistencia\u00a0invita a participar\u00a0en el taller &#8220;Impulsa tu PyME con Inteligencia Artificial&#8221;. El encuentro estar\u00e1 a cargo del ingeniero Jorge Roa y\u00a0se realizar\u00e1 de 19 a 21 horas en el SUM de INTECNOR, ubicado en French 828.\u00a0La actividad presencial busca mostrar &hellip;\" \/>\n<meta property=\"og:url\" content=\"https:\/\/aldiachaco.com.ar\/index.php\/2024\/12\/04\/transforma-tu-pyme-con-ia-inscripciones-abiertas-para-un-taller-clave-para-tu-negocio\/\" \/>\n<meta property=\"og:site_name\" content=\"Al Dia Chaco\" \/>\n<meta property=\"article:published_time\" content=\"2024-12-04T18:32:24+00:00\" \/>\n<meta property=\"og:image\" content=\"https:\/\/aldiachaco.com.ar\/wp-content\/uploads\/2024\/12\/171584w850h474c.png.webp\" \/>\n\t<meta property=\"og:image:width\" content=\"850\" \/>\n\t<meta property=\"og:image:height\" content=\"474\" \/>\n\t<meta property=\"og:image:type\" content=\"image\/webp\" \/>\n<meta name=\"author\" content=\"aldiachaco.com.ar\" \/>\n<meta name=\"twitter:card\" content=\"summary_large_image\" \/>\n<meta name=\"twitter:label1\" content=\"Escrito por\" \/>\n\t<meta name=\"twitter:data1\" content=\"aldiachaco.com.ar\" \/>\n\t<meta name=\"twitter:label2\" content=\"Tiempo de lectura\" \/>\n\t<meta name=\"twitter:data2\" content=\"2 minutos\" \/>\n<script type=\"application\/ld+json\" class=\"yoast-schema-graph\">{\"@context\":\"https:\\\/\\\/schema.org\",\"@graph\":[{\"@type\":\"Article\",\"@id\":\"https:\\\/\\\/aldiachaco.com.ar\\\/index.php\\\/2024\\\/12\\\/04\\\/transforma-tu-pyme-con-ia-inscripciones-abiertas-para-un-taller-clave-para-tu-negocio\\\/#article\",\"isPartOf\":{\"@id\":\"https:\\\/\\\/aldiachaco.com.ar\\\/index.php\\\/2024\\\/12\\\/04\\\/transforma-tu-pyme-con-ia-inscripciones-abiertas-para-un-taller-clave-para-tu-negocio\\\/\"},\"author\":{\"name\":\"aldiachaco.com.ar\",\"@id\":\"https:\\\/\\\/aldiachaco.com.ar\\\/#\\\/schema\\\/person\\\/80113835e512ba580e79a945932487f5\"},\"headline\":\"Transforma tu PyME con IA: inscripciones abiertas para un taller clave para t\u00fa negocio\",\"datePublished\":\"2024-12-04T18:32:24+00:00\",\"mainEntityOfPage\":{\"@id\":\"https:\\\/\\\/aldiachaco.com.ar\\\/index.php\\\/2024\\\/12\\\/04\\\/transforma-tu-pyme-con-ia-inscripciones-abiertas-para-un-taller-clave-para-tu-negocio\\\/\"},\"wordCount\":287,\"commentCount\":0,\"publisher\":{\"@id\":\"https:\\\/\\\/aldiachaco.com.ar\\\/#organization\"},\"image\":{\"@id\":\"https:\\\/\\\/aldiachaco.com.ar\\\/index.php\\\/2024\\\/12\\\/04\\\/transforma-tu-pyme-con-ia-inscripciones-abiertas-para-un-taller-clave-para-tu-negocio\\\/#primaryimage\"},\"thumbnailUrl\":\"https:\\\/\\\/aldiachaco.com.ar\\\/wp-content\\\/uploads\\\/2024\\\/12\\\/171584w850h474c.png.webp\",\"articleSection\":[\"Educaci\u00f3n\"],\"inLanguage\":\"es-AR\",\"potentialAction\":[{\"@type\":\"CommentAction\",\"name\":\"Comment\",\"target\":[\"https:\\\/\\\/aldiachaco.com.ar\\\/index.php\\\/2024\\\/12\\\/04\\\/transforma-tu-pyme-con-ia-inscripciones-abiertas-para-un-taller-clave-para-tu-negocio\\\/#respond\"]}]},{\"@type\":\"WebPage\",\"@id\":\"https:\\\/\\\/aldiachaco.com.ar\\\/index.php\\\/2024\\\/12\\\/04\\\/transforma-tu-pyme-con-ia-inscripciones-abiertas-para-un-taller-clave-para-tu-negocio\\\/\",\"url\":\"https:\\\/\\\/aldiachaco.com.ar\\\/index.php\\\/2024\\\/12\\\/04\\\/transforma-tu-pyme-con-ia-inscripciones-abiertas-para-un-taller-clave-para-tu-negocio\\\/\",\"name\":\"Transforma tu PyME con IA: inscripciones abiertas para un taller clave para t\u00fa negocio | Al Dia Chaco\",\"isPartOf\":{\"@id\":\"https:\\\/\\\/aldiachaco.com.ar\\\/#website\"},\"primaryImageOfPage\":{\"@id\":\"https:\\\/\\\/aldiachaco.com.ar\\\/index.php\\\/2024\\\/12\\\/04\\\/transforma-tu-pyme-con-ia-inscripciones-abiertas-para-un-taller-clave-para-tu-negocio\\\/#primaryimage\"},\"image\":{\"@id\":\"https:\\\/\\\/aldiachaco.com.ar\\\/index.php\\\/2024\\\/12\\\/04\\\/transforma-tu-pyme-con-ia-inscripciones-abiertas-para-un-taller-clave-para-tu-negocio\\\/#primaryimage\"},\"thumbnailUrl\":\"https:\\\/\\\/aldiachaco.com.ar\\\/wp-content\\\/uploads\\\/2024\\\/12\\\/171584w850h474c.png.webp\",\"datePublished\":\"2024-12-04T18:32:24+00:00\",\"breadcrumb\":{\"@id\":\"https:\\\/\\\/aldiachaco.com.ar\\\/index.php\\\/2024\\\/12\\\/04\\\/transforma-tu-pyme-con-ia-inscripciones-abiertas-para-un-taller-clave-para-tu-negocio\\\/#breadcrumb\"},\"inLanguage\":\"es-AR\",\"potentialAction\":[{\"@type\":\"ReadAction\",\"target\":[\"https:\\\/\\\/aldiachaco.com.ar\\\/index.php\\\/2024\\\/12\\\/04\\\/transforma-tu-pyme-con-ia-inscripciones-abiertas-para-un-taller-clave-para-tu-negocio\\\/\"]}]},{\"@type\":\"ImageObject\",\"inLanguage\":\"es-AR\",\"@id\":\"https:\\\/\\\/aldiachaco.com.ar\\\/index.php\\\/2024\\\/12\\\/04\\\/transforma-tu-pyme-con-ia-inscripciones-abiertas-para-un-taller-clave-para-tu-negocio\\\/#primaryimage\",\"url\":\"https:\\\/\\\/aldiachaco.com.ar\\\/wp-content\\\/uploads\\\/2024\\\/12\\\/171584w850h474c.png.webp\",\"contentUrl\":\"https:\\\/\\\/aldiachaco.com.ar\\\/wp-content\\\/uploads\\\/2024\\\/12\\\/171584w850h474c.png.webp\",\"width\":850,\"height\":474},{\"@type\":\"BreadcrumbList\",\"@id\":\"https:\\\/\\\/aldiachaco.com.ar\\\/index.php\\\/2024\\\/12\\\/04\\\/transforma-tu-pyme-con-ia-inscripciones-abiertas-para-un-taller-clave-para-tu-negocio\\\/#breadcrumb\",\"itemListElement\":[{\"@type\":\"ListItem\",\"position\":1,\"name\":\"Home\",\"item\":\"https:\\\/\\\/aldiachaco.com.ar\\\/\"},{\"@type\":\"ListItem\",\"position\":2,\"name\":\"Transforma tu PyME con IA: inscripciones abiertas para un taller clave para t\u00fa negocio\"}]},{\"@type\":\"WebSite\",\"@id\":\"https:\\\/\\\/aldiachaco.com.ar\\\/#website\",\"url\":\"https:\\\/\\\/aldiachaco.com.ar\\\/\",\"name\":\"Al Dia Chaco\",\"description\":\"Noticias del Chaco y el mundo\",\"publisher\":{\"@id\":\"https:\\\/\\\/aldiachaco.com.ar\\\/#organization\"},\"alternateName\":\"Al D\u00eda Chaco\",\"potentialAction\":[{\"@type\":\"SearchAction\",\"target\":{\"@type\":\"EntryPoint\",\"urlTemplate\":\"https:\\\/\\\/aldiachaco.com.ar\\\/?s={search_term_string}\"},\"query-input\":{\"@type\":\"PropertyValueSpecification\",\"valueRequired\":true,\"valueName\":\"search_term_string\"}}],\"inLanguage\":\"es-AR\"},{\"@type\":\"Organization\",\"@id\":\"https:\\\/\\\/aldiachaco.com.ar\\\/#organization\",\"name\":\"Al Dia Chaco\",\"url\":\"https:\\\/\\\/aldiachaco.com.ar\\\/\",\"logo\":{\"@type\":\"ImageObject\",\"inLanguage\":\"es-AR\",\"@id\":\"https:\\\/\\\/aldiachaco.com.ar\\\/#\\\/schema\\\/logo\\\/image\\\/\",\"url\":\"https:\\\/\\\/aldiachaco.com.ar\\\/wp-content\\\/uploads\\\/2017\\\/11\\\/AL-DIA-CHACO-L@2x.png\",\"contentUrl\":\"https:\\\/\\\/aldiachaco.com.ar\\\/wp-content\\\/uploads\\\/2017\\\/11\\\/AL-DIA-CHACO-L@2x.png\",\"width\":232,\"height\":60,\"caption\":\"Al Dia Chaco\"},\"image\":{\"@id\":\"https:\\\/\\\/aldiachaco.com.ar\\\/#\\\/schema\\\/logo\\\/image\\\/\"}},{\"@type\":\"Person\",\"@id\":\"https:\\\/\\\/aldiachaco.com.ar\\\/#\\\/schema\\\/person\\\/80113835e512ba580e79a945932487f5\",\"name\":\"aldiachaco.com.ar\",\"image\":{\"@type\":\"ImageObject\",\"inLanguage\":\"es-AR\",\"@id\":\"https:\\\/\\\/aldiachaco.com.ar\\\/wp-content\\\/litespeed\\\/avatar\\\/a7c4ebc5454089d3fd4ef6b87fdd073a.jpg?ver=1777471945\",\"url\":\"https:\\\/\\\/aldiachaco.com.ar\\\/wp-content\\\/litespeed\\\/avatar\\\/a7c4ebc5454089d3fd4ef6b87fdd073a.jpg?ver=1777471945\",\"contentUrl\":\"https:\\\/\\\/aldiachaco.com.ar\\\/wp-content\\\/litespeed\\\/avatar\\\/a7c4ebc5454089d3fd4ef6b87fdd073a.jpg?ver=1777471945\",\"caption\":\"aldiachaco.com.ar\"},\"sameAs\":[\"https:\\\/\\\/aldiachaco.com.ar\"],\"url\":\"https:\\\/\\\/aldiachaco.com.ar\\\/index.php\\\/author\\\/lime-camel-884546-hostingersite-com\\\/\"}]}<\/script>\n<!-- \/ Yoast SEO plugin. -->","yoast_head_json":{"title":"Transforma tu PyME con IA: inscripciones abiertas para un taller clave para t\u00fa negocio | Al Dia Chaco","robots":{"index":"index","follow":"follow","max-snippet":"max-snippet:-1","max-image-preview":"max-image-preview:large","max-video-preview":"max-video-preview:-1"},"canonical":"https:\/\/aldiachaco.com.ar\/index.php\/2024\/12\/04\/transforma-tu-pyme-con-ia-inscripciones-abiertas-para-un-taller-clave-para-tu-negocio\/","og_locale":"es_ES","og_type":"article","og_title":"Transforma tu PyME con IA: inscripciones abiertas para un taller clave para t\u00fa negocio | Al Dia Chaco","og_description":"El pr\u00f3ximo 6 de diciembre, la Unidad de Transformaci\u00f3n Digital de la UTN Facultad Regional Resistencia\u00a0invita a participar\u00a0en el taller &#8220;Impulsa tu PyME con Inteligencia Artificial&#8221;. El encuentro estar\u00e1 a cargo del ingeniero Jorge Roa y\u00a0se realizar\u00e1 de 19 a 21 horas en el SUM de INTECNOR, ubicado en French 828.\u00a0La actividad presencial busca mostrar &hellip;","og_url":"https:\/\/aldiachaco.com.ar\/index.php\/2024\/12\/04\/transforma-tu-pyme-con-ia-inscripciones-abiertas-para-un-taller-clave-para-tu-negocio\/","og_site_name":"Al Dia Chaco","article_published_time":"2024-12-04T18:32:24+00:00","og_image":[{"width":850,"height":474,"url":"https:\/\/aldiachaco.com.ar\/wp-content\/uploads\/2024\/12\/171584w850h474c.png.webp","type":"image\/webp"}],"author":"aldiachaco.com.ar","twitter_card":"summary_large_image","twitter_misc":{"Escrito por":"aldiachaco.com.ar","Tiempo de lectura":"2 minutos"},"schema":{"@context":"https:\/\/schema.org","@graph":[{"@type":"Article","@id":"https:\/\/aldiachaco.com.ar\/index.php\/2024\/12\/04\/transforma-tu-pyme-con-ia-inscripciones-abiertas-para-un-taller-clave-para-tu-negocio\/#article","isPartOf":{"@id":"https:\/\/aldiachaco.com.ar\/index.php\/2024\/12\/04\/transforma-tu-pyme-con-ia-inscripciones-abiertas-para-un-taller-clave-para-tu-negocio\/"},"author":{"name":"aldiachaco.com.ar","@id":"https:\/\/aldiachaco.com.ar\/#\/schema\/person\/80113835e512ba580e79a945932487f5"},"headline":"Transforma tu PyME con IA: inscripciones abiertas para un taller clave para t\u00fa negocio","datePublished":"2024-12-04T18:32:24+00:00","mainEntityOfPage":{"@id":"https:\/\/aldiachaco.com.ar\/index.php\/2024\/12\/04\/transforma-tu-pyme-con-ia-inscripciones-abiertas-para-un-taller-clave-para-tu-negocio\/"},"wordCount":287,"commentCount":0,"publisher":{"@id":"https:\/\/aldiachaco.com.ar\/#organization"},"image":{"@id":"https:\/\/aldiachaco.com.ar\/index.php\/2024\/12\/04\/transforma-tu-pyme-con-ia-inscripciones-abiertas-para-un-taller-clave-para-tu-negocio\/#primaryimage"},"thumbnailUrl":"https:\/\/aldiachaco.com.ar\/wp-content\/uploads\/2024\/12\/171584w850h474c.png.webp","articleSection":["Educaci\u00f3n"],"inLanguage":"es-AR","potentialAction":[{"@type":"CommentAction","name":"Comment","target":["https:\/\/aldiachaco.com.ar\/index.php\/2024\/12\/04\/transforma-tu-pyme-con-ia-inscripciones-abiertas-para-un-taller-clave-para-tu-negocio\/#respond"]}]},{"@type":"WebPage","@id":"https:\/\/aldiachaco.com.ar\/index.php\/2024\/12\/04\/transforma-tu-pyme-con-ia-inscripciones-abiertas-para-un-taller-clave-para-tu-negocio\/","url":"https:\/\/aldiachaco.com.ar\/index.php\/2024\/12\/04\/transforma-tu-pyme-con-ia-inscripciones-abiertas-para-un-taller-clave-para-tu-negocio\/","name":"Transforma tu PyME con IA: inscripciones abiertas para un taller clave para t\u00fa negocio | Al Dia Chaco","isPartOf":{"@id":"https:\/\/aldiachaco.com.ar\/#website"},"primaryImageOfPage":{"@id":"https:\/\/aldiachaco.com.ar\/index.php\/2024\/12\/04\/transforma-tu-pyme-con-ia-inscripciones-abiertas-para-un-taller-clave-para-tu-negocio\/#primaryimage"},"image":{"@id":"https:\/\/aldiachaco.com.ar\/index.php\/2024\/12\/04\/transforma-tu-pyme-con-ia-inscripciones-abiertas-para-un-taller-clave-para-tu-negocio\/#primaryimage"},"thumbnailUrl":"https:\/\/aldiachaco.com.ar\/wp-content\/uploads\/2024\/12\/171584w850h474c.png.webp","datePublished":"2024-12-04T18:32:24+00:00","breadcrumb":{"@id":"https:\/\/aldiachaco.com.ar\/index.php\/2024\/12\/04\/transforma-tu-pyme-con-ia-inscripciones-abiertas-para-un-taller-clave-para-tu-negocio\/#breadcrumb"},"inLanguage":"es-AR","potentialAction":[{"@type":"ReadAction","target":["https:\/\/aldiachaco.com.ar\/index.php\/2024\/12\/04\/transforma-tu-pyme-con-ia-inscripciones-abiertas-para-un-taller-clave-para-tu-negocio\/"]}]},{"@type":"ImageObject","inLanguage":"es-AR","@id":"https:\/\/aldiachaco.com.ar\/index.php\/2024\/12\/04\/transforma-tu-pyme-con-ia-inscripciones-abiertas-para-un-taller-clave-para-tu-negocio\/#primaryimage","url":"https:\/\/aldiachaco.com.ar\/wp-content\/uploads\/2024\/12\/171584w850h474c.png.webp","contentUrl":"https:\/\/aldiachaco.com.ar\/wp-content\/uploads\/2024\/12\/171584w850h474c.png.webp","width":850,"height":474},{"@type":"BreadcrumbList","@id":"https:\/\/aldiachaco.com.ar\/index.php\/2024\/12\/04\/transforma-tu-pyme-con-ia-inscripciones-abiertas-para-un-taller-clave-para-tu-negocio\/#breadcrumb","itemListElement":[{"@type":"ListItem","position":1,"name":"Home","item":"https:\/\/aldiachaco.com.ar\/"},{"@type":"ListItem","position":2,"name":"Transforma tu PyME con IA: inscripciones abiertas para un taller clave para t\u00fa negocio"}]},{"@type":"WebSite","@id":"https:\/\/aldiachaco.com.ar\/#website","url":"https:\/\/aldiachaco.com.ar\/","name":"Al Dia Chaco","description":"Noticias del Chaco y el mundo","publisher":{"@id":"https:\/\/aldiachaco.com.ar\/#organization"},"alternateName":"Al D\u00eda Chaco","potentialAction":[{"@type":"SearchAction","target":{"@type":"EntryPoint","urlTemplate":"https:\/\/aldiachaco.com.ar\/?s={search_term_string}"},"query-input":{"@type":"PropertyValueSpecification","valueRequired":true,"valueName":"search_term_string"}}],"inLanguage":"es-AR"},{"@type":"Organization","@id":"https:\/\/aldiachaco.com.ar\/#organization","name":"Al Dia Chaco","url":"https:\/\/aldiachaco.com.ar\/","logo":{"@type":"ImageObject","inLanguage":"es-AR","@id":"https:\/\/aldiachaco.com.ar\/#\/schema\/logo\/image\/","url":"https:\/\/aldiachaco.com.ar\/wp-content\/uploads\/2017\/11\/AL-DIA-CHACO-L@2x.png","contentUrl":"https:\/\/aldiachaco.com.ar\/wp-content\/uploads\/2017\/11\/AL-DIA-CHACO-L@2x.png","width":232,"height":60,"caption":"Al Dia Chaco"},"image":{"@id":"https:\/\/aldiachaco.com.ar\/#\/schema\/logo\/image\/"}},{"@type":"Person","@id":"https:\/\/aldiachaco.com.ar\/#\/schema\/person\/80113835e512ba580e79a945932487f5","name":"aldiachaco.com.ar","image":{"@type":"ImageObject","inLanguage":"es-AR","@id":"https:\/\/aldiachaco.com.ar\/wp-content\/litespeed\/avatar\/a7c4ebc5454089d3fd4ef6b87fdd073a.jpg?ver=1777471945","url":"https:\/\/aldiachaco.com.ar\/wp-content\/litespeed\/avatar\/a7c4ebc5454089d3fd4ef6b87fdd073a.jpg?ver=1777471945","contentUrl":"https:\/\/aldiachaco.com.ar\/wp-content\/litespeed\/avatar\/a7c4ebc5454089d3fd4ef6b87fdd073a.jpg?ver=1777471945","caption":"aldiachaco.com.ar"},"sameAs":["https:\/\/aldiachaco.com.ar"],"url":"https:\/\/aldiachaco.com.ar\/index.php\/author\/lime-camel-884546-hostingersite-com\/"}]}},"jetpack_publicize_connections":[],"jetpack_featured_media_url":"https:\/\/aldiachaco.com.ar\/wp-content\/uploads\/2024\/12\/171584w850h474c.png.webp","jetpack_sharing_enabled":true,"amp_enabled":true,"_links":{"self":[{"href":"https:\/\/aldiachaco.com.ar\/index.php\/wp-json\/wp\/v2\/posts\/9948","targetHints":{"allow":["GET"]}}],"collection":[{"href":"https:\/\/aldiachaco.com.ar\/index.php\/wp-json\/wp\/v2\/posts"}],"about":[{"href":"https:\/\/aldiachaco.com.ar\/index.php\/wp-json\/wp\/v2\/types\/post"}],"author":[{"embeddable":true,"href":"https:\/\/aldiachaco.com.ar\/index.php\/wp-json\/wp\/v2\/users\/1"}],"replies":[{"embeddable":true,"href":"https:\/\/aldiachaco.com.ar\/index.php\/wp-json\/wp\/v2\/comments?post=9948"}],"version-history":[{"count":1,"href":"https:\/\/aldiachaco.com.ar\/index.php\/wp-json\/wp\/v2\/posts\/9948\/revisions"}],"predecessor-version":[{"id":9950,"href":"https:\/\/aldiachaco.com.ar\/index.php\/wp-json\/wp\/v2\/posts\/9948\/revisions\/9950"}],"wp:featuredmedia":[{"embeddable":true,"href":"https:\/\/aldiachaco.com.ar\/index.php\/wp-json\/wp\/v2\/media\/9949"}],"wp:attachment":[{"href":"https:\/\/aldiachaco.com.ar\/index.php\/wp-json\/wp\/v2\/media?parent=9948"}],"wp:term":[{"taxonomy":"category","embeddable":true,"href":"https:\/\/aldiachaco.com.ar\/index.php\/wp-json\/wp\/v2\/categories?post=9948"},{"taxonomy":"post_tag","embeddable":true,"href":"https:\/\/aldiachaco.com.ar\/index.php\/wp-json\/wp\/v2\/tags?post=9948"}],"curies":[{"name":"wp","href":"https:\/\/api.w.org\/{rel}","templated":true}]}}