{"id":9932,"date":"2024-12-03T16:12:05","date_gmt":"2024-12-03T19:12:05","guid":{"rendered":"https:\/\/aldiachaco.com.ar\/?p=9932"},"modified":"2024-12-03T16:12:05","modified_gmt":"2024-12-03T19:12:05","slug":"el-gobierno-iniciara-los-examenes-de-idoneidad-para-mas-de-40-000-empleados-publicos","status":"publish","type":"post","link":"https:\/\/aldiachaco.com.ar\/index.php\/2024\/12\/03\/el-gobierno-iniciara-los-examenes-de-idoneidad-para-mas-de-40-000-empleados-publicos\/","title":{"rendered":"El Gobierno iniciar\u00e1 los ex\u00e1menes de idoneidad para m\u00e1s de 40.000 empleados p\u00fablicos"},"content":{"rendered":"<p>Apartir de la semana que viene, m\u00e1s de 40.000 empleados de la Administraci\u00f3n P\u00fablica Nacional de planta transitoria, contratados y monotributistas con contrato hasta fin de a\u00f1o rendir\u00e1n un examen obligatorio de &#8220;idoneidad&#8221; que se podr\u00e1 rendir hasta tres veces.<\/p>\n<p>Si bien desde el Gobierno afirman que la instancia evaluatoria no busca ser un filtro, sino un requisito, los empleados estatales deber\u00e1n presentar el certificado de idoneidad para acceder a la renovaci\u00f3n del contrato.<\/p>\n<p>El examen tambi\u00e9n estar\u00e1 disponible para quienes quieran trabajar en el sector p\u00fablico, aunque la aprobaci\u00f3n no garantiza un trabajo en la Administraci\u00f3n P\u00fablica. Aquellos que lo aprueben, recibir\u00e1n el certificado de idoneidad que luego podr\u00e1n presentar en un concurso laboral o cuando se abra una vacante.<\/p>\n<p>El nuevo requisito forma parte del trabajo que lleva a cabo el ministerio de Desregulaci\u00f3n y Transformaci\u00f3n del Estado, a cargo de Federico Sturzenegger, que considera el trabajo como parte de la &#8220;deep motosierra&#8221;.<\/p>\n<p>Desde el ministerio crearon el Sistema de Evaluaci\u00f3n P\u00fablica (SEP), que regular\u00e1 la llamada Evaluaci\u00f3n General de Conocimientos y Competencias. Adem\u00e1s, quienes se presenten al examen pueden acceder a una gu\u00eda orientativa con modelos de pregunta desde la p\u00e1gina web del SEP.<\/p>\n<p>Se estima que la evaluaci\u00f3n se implemente en etapas y se extienda hasta enero, con la primera fase que abarcar\u00e1 las jurisdicciones y entidades del \u00c1rea Metropolitana de Buenos Aires (AMBA).<\/p>\n<p>Entre diciembre de 2023 y julio de este a\u00f1o, el efecto motosierra del gobierno de Javier Milei recort\u00f3 30.936 puestos del sector p\u00fablico seg\u00fan datos del INDEC. La administraci\u00f3n central, el Correo Oficial, la ANSES, el CONICET y AYSA fueron los sectores m\u00e1s afectados.<\/p>\n<p>La medida fue recibida con malestar por los gremios. Rodolfo Aguiar, secretario general de la Asociaci\u00f3n Trabajadores del Estado (ATE) declar\u00f3 que los ex\u00e1menes son &#8220;un invento para seguir estigmatizando y despidiendo de manera ilegal&#8221;.<\/p>\n<p><strong>En qu\u00e9 consistir\u00e1 el examen de &#8220;idoneidad&#8221;<\/strong><\/p>\n<p>A partir de esta semana, los m\u00e1s de 40.000 empleados p\u00fablicos deber\u00e1n sacar turno a trav\u00e9s de una p\u00e1gina web. Los ex\u00e1menes comenzar\u00e1n la pr\u00f3xima semana.<\/p>\n<p>El d\u00eda del turno asignado, los empleados deber\u00e1n presentarse en una sede a determinar y se les entregar\u00e1 una laptop o una tablet en la que ingresar\u00e1n un c\u00f3digo secreto, otorgado al momento de la inscripci\u00f3n.<\/p>\n<p>En una hora, quienes se presenten a la instancia evaluatoria responder\u00e1n entre 20 y 24 preguntas con modalidad de m\u00faltiple opci\u00f3n. Al finalizar, se les dar\u00e1 inmediatamente la calificaci\u00f3n.<\/p>\n<p>Habr\u00e1 dos tipos de ex\u00e1menes: uno para administrativos y otro para profesionales. A nivel general, se evaluar\u00e1 la comprensi\u00f3n lectora, el razonamiento matem\u00e1tico y, en el caso de los profesionales, los conocimientos de la administraci\u00f3n p\u00fablica (por ejemplo, la Constituci\u00f3n Nacional, la ley de \u00c9tica P\u00fablica y el C\u00f3digo Electoral).<\/p>\n<p>Desde el Gobierno aseguran que la evaluaci\u00f3n no busca despedir gente, sino que est\u00e1 &#8220;pensando a futuro, con la intenci\u00f3n de que no se puedan meter en la administraci\u00f3n p\u00fablica personas inh\u00e1biles&#8221;.<\/p>\n<p>Fuente: perfil.com<\/p>\n","protected":false},"excerpt":{"rendered":"<p>Apartir de la semana que viene, m\u00e1s de 40.000 empleados de la Administraci\u00f3n P\u00fablica Nacional de planta transitoria, contratados y monotributistas con contrato hasta fin de a\u00f1o rendir\u00e1n un examen obligatorio de &#8220;idoneidad&#8221; que se podr\u00e1 rendir hasta tres veces. Si bien desde el Gobierno afirman que la instancia evaluatoria no busca ser un filtro, &hellip;<\/p>\n","protected":false},"author":1,"featured_media":9933,"comment_status":"open","ping_status":"open","sticky":false,"template":"","format":"standard","meta":{"content-type":"","_monsterinsights_skip_tracking":false,"_monsterinsights_sitenote_active":false,"_monsterinsights_sitenote_note":"","_monsterinsights_sitenote_category":0,"_jetpack_memberships_contains_paid_content":false,"footnotes":"","jetpack_publicize_message":"","jetpack_publicize_feature_enabled":true,"jetpack_social_post_already_shared":true,"jetpack_social_options":{"image_generator_settings":{"template":"highway","default_image_id":0,"font":"","enabled":false},"version":2}},"categories":[198],"tags":[],"class_list":["post-9932","post","type-post","status-publish","format-standard","has-post-thumbnail","hentry","category-actualidad"],"yoast_head":"<!-- This site is optimized with the Yoast SEO plugin v27.4 - https:\/\/yoast.com\/product\/yoast-seo-wordpress\/ -->\n<title>El Gobierno iniciar\u00e1 los ex\u00e1menes de idoneidad para m\u00e1s de 40.000 empleados p\u00fablicos | Al Dia Chaco<\/title>\n<meta name=\"robots\" content=\"index, follow, max-snippet:-1, max-image-preview:large, max-video-preview:-1\" \/>\n<link rel=\"canonical\" href=\"https:\/\/aldiachaco.com.ar\/index.php\/2024\/12\/03\/el-gobierno-iniciara-los-examenes-de-idoneidad-para-mas-de-40-000-empleados-publicos\/\" \/>\n<meta property=\"og:locale\" content=\"es_ES\" \/>\n<meta property=\"og:type\" content=\"article\" \/>\n<meta property=\"og:title\" content=\"El Gobierno iniciar\u00e1 los ex\u00e1menes de idoneidad para m\u00e1s de 40.000 empleados p\u00fablicos | Al Dia Chaco\" \/>\n<meta property=\"og:description\" content=\"Apartir de la semana que viene, m\u00e1s de 40.000 empleados de la Administraci\u00f3n P\u00fablica Nacional de planta transitoria, contratados y monotributistas con contrato hasta fin de a\u00f1o rendir\u00e1n un examen obligatorio de &#8220;idoneidad&#8221; que se podr\u00e1 rendir hasta tres veces. Si bien desde el Gobierno afirman que la instancia evaluatoria no busca ser un filtro, &hellip;\" \/>\n<meta property=\"og:url\" content=\"https:\/\/aldiachaco.com.ar\/index.php\/2024\/12\/03\/el-gobierno-iniciara-los-examenes-de-idoneidad-para-mas-de-40-000-empleados-publicos\/\" \/>\n<meta property=\"og:site_name\" content=\"Al Dia Chaco\" \/>\n<meta property=\"article:published_time\" content=\"2024-12-03T19:12:05+00:00\" \/>\n<meta property=\"og:image\" content=\"https:\/\/aldiachaco.com.ar\/wp-content\/uploads\/2024\/12\/1732113275599.jpg\" \/>\n\t<meta property=\"og:image:width\" content=\"880\" \/>\n\t<meta property=\"og:image:height\" content=\"512\" \/>\n\t<meta property=\"og:image:type\" content=\"image\/jpeg\" \/>\n<meta name=\"author\" content=\"aldiachaco.com.ar\" \/>\n<meta name=\"twitter:card\" content=\"summary_large_image\" \/>\n<meta name=\"twitter:label1\" content=\"Escrito por\" \/>\n\t<meta name=\"twitter:data1\" content=\"aldiachaco.com.ar\" \/>\n\t<meta name=\"twitter:label2\" content=\"Tiempo de lectura\" \/>\n\t<meta name=\"twitter:data2\" content=\"3 minutos\" \/>\n<script type=\"application\/ld+json\" class=\"yoast-schema-graph\">{\"@context\":\"https:\\\/\\\/schema.org\",\"@graph\":[{\"@type\":\"Article\",\"@id\":\"https:\\\/\\\/aldiachaco.com.ar\\\/index.php\\\/2024\\\/12\\\/03\\\/el-gobierno-iniciara-los-examenes-de-idoneidad-para-mas-de-40-000-empleados-publicos\\\/#article\",\"isPartOf\":{\"@id\":\"https:\\\/\\\/aldiachaco.com.ar\\\/index.php\\\/2024\\\/12\\\/03\\\/el-gobierno-iniciara-los-examenes-de-idoneidad-para-mas-de-40-000-empleados-publicos\\\/\"},\"author\":{\"name\":\"aldiachaco.com.ar\",\"@id\":\"https:\\\/\\\/aldiachaco.com.ar\\\/#\\\/schema\\\/person\\\/80113835e512ba580e79a945932487f5\"},\"headline\":\"El Gobierno iniciar\u00e1 los ex\u00e1menes de idoneidad para m\u00e1s de 40.000 empleados p\u00fablicos\",\"datePublished\":\"2024-12-03T19:12:05+00:00\",\"mainEntityOfPage\":{\"@id\":\"https:\\\/\\\/aldiachaco.com.ar\\\/index.php\\\/2024\\\/12\\\/03\\\/el-gobierno-iniciara-los-examenes-de-idoneidad-para-mas-de-40-000-empleados-publicos\\\/\"},\"wordCount\":559,\"commentCount\":0,\"publisher\":{\"@id\":\"https:\\\/\\\/aldiachaco.com.ar\\\/#organization\"},\"image\":{\"@id\":\"https:\\\/\\\/aldiachaco.com.ar\\\/index.php\\\/2024\\\/12\\\/03\\\/el-gobierno-iniciara-los-examenes-de-idoneidad-para-mas-de-40-000-empleados-publicos\\\/#primaryimage\"},\"thumbnailUrl\":\"https:\\\/\\\/aldiachaco.com.ar\\\/wp-content\\\/uploads\\\/2024\\\/12\\\/1732113275599.jpg\",\"articleSection\":[\"Actualidad\"],\"inLanguage\":\"es-AR\",\"potentialAction\":[{\"@type\":\"CommentAction\",\"name\":\"Comment\",\"target\":[\"https:\\\/\\\/aldiachaco.com.ar\\\/index.php\\\/2024\\\/12\\\/03\\\/el-gobierno-iniciara-los-examenes-de-idoneidad-para-mas-de-40-000-empleados-publicos\\\/#respond\"]}]},{\"@type\":\"WebPage\",\"@id\":\"https:\\\/\\\/aldiachaco.com.ar\\\/index.php\\\/2024\\\/12\\\/03\\\/el-gobierno-iniciara-los-examenes-de-idoneidad-para-mas-de-40-000-empleados-publicos\\\/\",\"url\":\"https:\\\/\\\/aldiachaco.com.ar\\\/index.php\\\/2024\\\/12\\\/03\\\/el-gobierno-iniciara-los-examenes-de-idoneidad-para-mas-de-40-000-empleados-publicos\\\/\",\"name\":\"El Gobierno iniciar\u00e1 los ex\u00e1menes de idoneidad para m\u00e1s de 40.000 empleados p\u00fablicos | Al Dia Chaco\",\"isPartOf\":{\"@id\":\"https:\\\/\\\/aldiachaco.com.ar\\\/#website\"},\"primaryImageOfPage\":{\"@id\":\"https:\\\/\\\/aldiachaco.com.ar\\\/index.php\\\/2024\\\/12\\\/03\\\/el-gobierno-iniciara-los-examenes-de-idoneidad-para-mas-de-40-000-empleados-publicos\\\/#primaryimage\"},\"image\":{\"@id\":\"https:\\\/\\\/aldiachaco.com.ar\\\/index.php\\\/2024\\\/12\\\/03\\\/el-gobierno-iniciara-los-examenes-de-idoneidad-para-mas-de-40-000-empleados-publicos\\\/#primaryimage\"},\"thumbnailUrl\":\"https:\\\/\\\/aldiachaco.com.ar\\\/wp-content\\\/uploads\\\/2024\\\/12\\\/1732113275599.jpg\",\"datePublished\":\"2024-12-03T19:12:05+00:00\",\"breadcrumb\":{\"@id\":\"https:\\\/\\\/aldiachaco.com.ar\\\/index.php\\\/2024\\\/12\\\/03\\\/el-gobierno-iniciara-los-examenes-de-idoneidad-para-mas-de-40-000-empleados-publicos\\\/#breadcrumb\"},\"inLanguage\":\"es-AR\",\"potentialAction\":[{\"@type\":\"ReadAction\",\"target\":[\"https:\\\/\\\/aldiachaco.com.ar\\\/index.php\\\/2024\\\/12\\\/03\\\/el-gobierno-iniciara-los-examenes-de-idoneidad-para-mas-de-40-000-empleados-publicos\\\/\"]}]},{\"@type\":\"ImageObject\",\"inLanguage\":\"es-AR\",\"@id\":\"https:\\\/\\\/aldiachaco.com.ar\\\/index.php\\\/2024\\\/12\\\/03\\\/el-gobierno-iniciara-los-examenes-de-idoneidad-para-mas-de-40-000-empleados-publicos\\\/#primaryimage\",\"url\":\"https:\\\/\\\/aldiachaco.com.ar\\\/wp-content\\\/uploads\\\/2024\\\/12\\\/1732113275599.jpg\",\"contentUrl\":\"https:\\\/\\\/aldiachaco.com.ar\\\/wp-content\\\/uploads\\\/2024\\\/12\\\/1732113275599.jpg\",\"width\":880,\"height\":512},{\"@type\":\"BreadcrumbList\",\"@id\":\"https:\\\/\\\/aldiachaco.com.ar\\\/index.php\\\/2024\\\/12\\\/03\\\/el-gobierno-iniciara-los-examenes-de-idoneidad-para-mas-de-40-000-empleados-publicos\\\/#breadcrumb\",\"itemListElement\":[{\"@type\":\"ListItem\",\"position\":1,\"name\":\"Home\",\"item\":\"https:\\\/\\\/aldiachaco.com.ar\\\/\"},{\"@type\":\"ListItem\",\"position\":2,\"name\":\"El Gobierno iniciar\u00e1 los ex\u00e1menes de idoneidad para m\u00e1s de 40.000 empleados p\u00fablicos\"}]},{\"@type\":\"WebSite\",\"@id\":\"https:\\\/\\\/aldiachaco.com.ar\\\/#website\",\"url\":\"https:\\\/\\\/aldiachaco.com.ar\\\/\",\"name\":\"Al Dia Chaco\",\"description\":\"Noticias del Chaco y el mundo\",\"publisher\":{\"@id\":\"https:\\\/\\\/aldiachaco.com.ar\\\/#organization\"},\"alternateName\":\"Al D\u00eda Chaco\",\"potentialAction\":[{\"@type\":\"SearchAction\",\"target\":{\"@type\":\"EntryPoint\",\"urlTemplate\":\"https:\\\/\\\/aldiachaco.com.ar\\\/?s={search_term_string}\"},\"query-input\":{\"@type\":\"PropertyValueSpecification\",\"valueRequired\":true,\"valueName\":\"search_term_string\"}}],\"inLanguage\":\"es-AR\"},{\"@type\":\"Organization\",\"@id\":\"https:\\\/\\\/aldiachaco.com.ar\\\/#organization\",\"name\":\"Al Dia Chaco\",\"url\":\"https:\\\/\\\/aldiachaco.com.ar\\\/\",\"logo\":{\"@type\":\"ImageObject\",\"inLanguage\":\"es-AR\",\"@id\":\"https:\\\/\\\/aldiachaco.com.ar\\\/#\\\/schema\\\/logo\\\/image\\\/\",\"url\":\"https:\\\/\\\/aldiachaco.com.ar\\\/wp-content\\\/uploads\\\/2017\\\/11\\\/AL-DIA-CHACO-L@2x.png\",\"contentUrl\":\"https:\\\/\\\/aldiachaco.com.ar\\\/wp-content\\\/uploads\\\/2017\\\/11\\\/AL-DIA-CHACO-L@2x.png\",\"width\":232,\"height\":60,\"caption\":\"Al Dia Chaco\"},\"image\":{\"@id\":\"https:\\\/\\\/aldiachaco.com.ar\\\/#\\\/schema\\\/logo\\\/image\\\/\"}},{\"@type\":\"Person\",\"@id\":\"https:\\\/\\\/aldiachaco.com.ar\\\/#\\\/schema\\\/person\\\/80113835e512ba580e79a945932487f5\",\"name\":\"aldiachaco.com.ar\",\"image\":{\"@type\":\"ImageObject\",\"inLanguage\":\"es-AR\",\"@id\":\"https:\\\/\\\/aldiachaco.com.ar\\\/wp-content\\\/litespeed\\\/avatar\\\/a7c4ebc5454089d3fd4ef6b87fdd073a.jpg?ver=1777471945\",\"url\":\"https:\\\/\\\/aldiachaco.com.ar\\\/wp-content\\\/litespeed\\\/avatar\\\/a7c4ebc5454089d3fd4ef6b87fdd073a.jpg?ver=1777471945\",\"contentUrl\":\"https:\\\/\\\/aldiachaco.com.ar\\\/wp-content\\\/litespeed\\\/avatar\\\/a7c4ebc5454089d3fd4ef6b87fdd073a.jpg?ver=1777471945\",\"caption\":\"aldiachaco.com.ar\"},\"sameAs\":[\"https:\\\/\\\/aldiachaco.com.ar\"],\"url\":\"https:\\\/\\\/aldiachaco.com.ar\\\/index.php\\\/author\\\/lime-camel-884546-hostingersite-com\\\/\"}]}<\/script>\n<!-- \/ Yoast SEO plugin. -->","yoast_head_json":{"title":"El Gobierno iniciar\u00e1 los ex\u00e1menes de idoneidad para m\u00e1s de 40.000 empleados p\u00fablicos | Al Dia Chaco","robots":{"index":"index","follow":"follow","max-snippet":"max-snippet:-1","max-image-preview":"max-image-preview:large","max-video-preview":"max-video-preview:-1"},"canonical":"https:\/\/aldiachaco.com.ar\/index.php\/2024\/12\/03\/el-gobierno-iniciara-los-examenes-de-idoneidad-para-mas-de-40-000-empleados-publicos\/","og_locale":"es_ES","og_type":"article","og_title":"El Gobierno iniciar\u00e1 los ex\u00e1menes de idoneidad para m\u00e1s de 40.000 empleados p\u00fablicos | Al Dia Chaco","og_description":"Apartir de la semana que viene, m\u00e1s de 40.000 empleados de la Administraci\u00f3n P\u00fablica Nacional de planta transitoria, contratados y monotributistas con contrato hasta fin de a\u00f1o rendir\u00e1n un examen obligatorio de &#8220;idoneidad&#8221; que se podr\u00e1 rendir hasta tres veces. Si bien desde el Gobierno afirman que la instancia evaluatoria no busca ser un filtro, &hellip;","og_url":"https:\/\/aldiachaco.com.ar\/index.php\/2024\/12\/03\/el-gobierno-iniciara-los-examenes-de-idoneidad-para-mas-de-40-000-empleados-publicos\/","og_site_name":"Al Dia Chaco","article_published_time":"2024-12-03T19:12:05+00:00","og_image":[{"width":880,"height":512,"url":"https:\/\/aldiachaco.com.ar\/wp-content\/uploads\/2024\/12\/1732113275599.jpg","type":"image\/jpeg"}],"author":"aldiachaco.com.ar","twitter_card":"summary_large_image","twitter_misc":{"Escrito por":"aldiachaco.com.ar","Tiempo de lectura":"3 minutos"},"schema":{"@context":"https:\/\/schema.org","@graph":[{"@type":"Article","@id":"https:\/\/aldiachaco.com.ar\/index.php\/2024\/12\/03\/el-gobierno-iniciara-los-examenes-de-idoneidad-para-mas-de-40-000-empleados-publicos\/#article","isPartOf":{"@id":"https:\/\/aldiachaco.com.ar\/index.php\/2024\/12\/03\/el-gobierno-iniciara-los-examenes-de-idoneidad-para-mas-de-40-000-empleados-publicos\/"},"author":{"name":"aldiachaco.com.ar","@id":"https:\/\/aldiachaco.com.ar\/#\/schema\/person\/80113835e512ba580e79a945932487f5"},"headline":"El Gobierno iniciar\u00e1 los ex\u00e1menes de idoneidad para m\u00e1s de 40.000 empleados p\u00fablicos","datePublished":"2024-12-03T19:12:05+00:00","mainEntityOfPage":{"@id":"https:\/\/aldiachaco.com.ar\/index.php\/2024\/12\/03\/el-gobierno-iniciara-los-examenes-de-idoneidad-para-mas-de-40-000-empleados-publicos\/"},"wordCount":559,"commentCount":0,"publisher":{"@id":"https:\/\/aldiachaco.com.ar\/#organization"},"image":{"@id":"https:\/\/aldiachaco.com.ar\/index.php\/2024\/12\/03\/el-gobierno-iniciara-los-examenes-de-idoneidad-para-mas-de-40-000-empleados-publicos\/#primaryimage"},"thumbnailUrl":"https:\/\/aldiachaco.com.ar\/wp-content\/uploads\/2024\/12\/1732113275599.jpg","articleSection":["Actualidad"],"inLanguage":"es-AR","potentialAction":[{"@type":"CommentAction","name":"Comment","target":["https:\/\/aldiachaco.com.ar\/index.php\/2024\/12\/03\/el-gobierno-iniciara-los-examenes-de-idoneidad-para-mas-de-40-000-empleados-publicos\/#respond"]}]},{"@type":"WebPage","@id":"https:\/\/aldiachaco.com.ar\/index.php\/2024\/12\/03\/el-gobierno-iniciara-los-examenes-de-idoneidad-para-mas-de-40-000-empleados-publicos\/","url":"https:\/\/aldiachaco.com.ar\/index.php\/2024\/12\/03\/el-gobierno-iniciara-los-examenes-de-idoneidad-para-mas-de-40-000-empleados-publicos\/","name":"El Gobierno iniciar\u00e1 los ex\u00e1menes de idoneidad para m\u00e1s de 40.000 empleados p\u00fablicos | Al Dia Chaco","isPartOf":{"@id":"https:\/\/aldiachaco.com.ar\/#website"},"primaryImageOfPage":{"@id":"https:\/\/aldiachaco.com.ar\/index.php\/2024\/12\/03\/el-gobierno-iniciara-los-examenes-de-idoneidad-para-mas-de-40-000-empleados-publicos\/#primaryimage"},"image":{"@id":"https:\/\/aldiachaco.com.ar\/index.php\/2024\/12\/03\/el-gobierno-iniciara-los-examenes-de-idoneidad-para-mas-de-40-000-empleados-publicos\/#primaryimage"},"thumbnailUrl":"https:\/\/aldiachaco.com.ar\/wp-content\/uploads\/2024\/12\/1732113275599.jpg","datePublished":"2024-12-03T19:12:05+00:00","breadcrumb":{"@id":"https:\/\/aldiachaco.com.ar\/index.php\/2024\/12\/03\/el-gobierno-iniciara-los-examenes-de-idoneidad-para-mas-de-40-000-empleados-publicos\/#breadcrumb"},"inLanguage":"es-AR","potentialAction":[{"@type":"ReadAction","target":["https:\/\/aldiachaco.com.ar\/index.php\/2024\/12\/03\/el-gobierno-iniciara-los-examenes-de-idoneidad-para-mas-de-40-000-empleados-publicos\/"]}]},{"@type":"ImageObject","inLanguage":"es-AR","@id":"https:\/\/aldiachaco.com.ar\/index.php\/2024\/12\/03\/el-gobierno-iniciara-los-examenes-de-idoneidad-para-mas-de-40-000-empleados-publicos\/#primaryimage","url":"https:\/\/aldiachaco.com.ar\/wp-content\/uploads\/2024\/12\/1732113275599.jpg","contentUrl":"https:\/\/aldiachaco.com.ar\/wp-content\/uploads\/2024\/12\/1732113275599.jpg","width":880,"height":512},{"@type":"BreadcrumbList","@id":"https:\/\/aldiachaco.com.ar\/index.php\/2024\/12\/03\/el-gobierno-iniciara-los-examenes-de-idoneidad-para-mas-de-40-000-empleados-publicos\/#breadcrumb","itemListElement":[{"@type":"ListItem","position":1,"name":"Home","item":"https:\/\/aldiachaco.com.ar\/"},{"@type":"ListItem","position":2,"name":"El Gobierno iniciar\u00e1 los ex\u00e1menes de idoneidad para m\u00e1s de 40.000 empleados p\u00fablicos"}]},{"@type":"WebSite","@id":"https:\/\/aldiachaco.com.ar\/#website","url":"https:\/\/aldiachaco.com.ar\/","name":"Al Dia Chaco","description":"Noticias del Chaco y el mundo","publisher":{"@id":"https:\/\/aldiachaco.com.ar\/#organization"},"alternateName":"Al D\u00eda Chaco","potentialAction":[{"@type":"SearchAction","target":{"@type":"EntryPoint","urlTemplate":"https:\/\/aldiachaco.com.ar\/?s={search_term_string}"},"query-input":{"@type":"PropertyValueSpecification","valueRequired":true,"valueName":"search_term_string"}}],"inLanguage":"es-AR"},{"@type":"Organization","@id":"https:\/\/aldiachaco.com.ar\/#organization","name":"Al Dia Chaco","url":"https:\/\/aldiachaco.com.ar\/","logo":{"@type":"ImageObject","inLanguage":"es-AR","@id":"https:\/\/aldiachaco.com.ar\/#\/schema\/logo\/image\/","url":"https:\/\/aldiachaco.com.ar\/wp-content\/uploads\/2017\/11\/AL-DIA-CHACO-L@2x.png","contentUrl":"https:\/\/aldiachaco.com.ar\/wp-content\/uploads\/2017\/11\/AL-DIA-CHACO-L@2x.png","width":232,"height":60,"caption":"Al Dia Chaco"},"image":{"@id":"https:\/\/aldiachaco.com.ar\/#\/schema\/logo\/image\/"}},{"@type":"Person","@id":"https:\/\/aldiachaco.com.ar\/#\/schema\/person\/80113835e512ba580e79a945932487f5","name":"aldiachaco.com.ar","image":{"@type":"ImageObject","inLanguage":"es-AR","@id":"https:\/\/aldiachaco.com.ar\/wp-content\/litespeed\/avatar\/a7c4ebc5454089d3fd4ef6b87fdd073a.jpg?ver=1777471945","url":"https:\/\/aldiachaco.com.ar\/wp-content\/litespeed\/avatar\/a7c4ebc5454089d3fd4ef6b87fdd073a.jpg?ver=1777471945","contentUrl":"https:\/\/aldiachaco.com.ar\/wp-content\/litespeed\/avatar\/a7c4ebc5454089d3fd4ef6b87fdd073a.jpg?ver=1777471945","caption":"aldiachaco.com.ar"},"sameAs":["https:\/\/aldiachaco.com.ar"],"url":"https:\/\/aldiachaco.com.ar\/index.php\/author\/lime-camel-884546-hostingersite-com\/"}]}},"jetpack_publicize_connections":[],"jetpack_featured_media_url":"https:\/\/aldiachaco.com.ar\/wp-content\/uploads\/2024\/12\/1732113275599.jpg","jetpack_sharing_enabled":true,"amp_enabled":true,"_links":{"self":[{"href":"https:\/\/aldiachaco.com.ar\/index.php\/wp-json\/wp\/v2\/posts\/9932","targetHints":{"allow":["GET"]}}],"collection":[{"href":"https:\/\/aldiachaco.com.ar\/index.php\/wp-json\/wp\/v2\/posts"}],"about":[{"href":"https:\/\/aldiachaco.com.ar\/index.php\/wp-json\/wp\/v2\/types\/post"}],"author":[{"embeddable":true,"href":"https:\/\/aldiachaco.com.ar\/index.php\/wp-json\/wp\/v2\/users\/1"}],"replies":[{"embeddable":true,"href":"https:\/\/aldiachaco.com.ar\/index.php\/wp-json\/wp\/v2\/comments?post=9932"}],"version-history":[{"count":1,"href":"https:\/\/aldiachaco.com.ar\/index.php\/wp-json\/wp\/v2\/posts\/9932\/revisions"}],"predecessor-version":[{"id":9934,"href":"https:\/\/aldiachaco.com.ar\/index.php\/wp-json\/wp\/v2\/posts\/9932\/revisions\/9934"}],"wp:featuredmedia":[{"embeddable":true,"href":"https:\/\/aldiachaco.com.ar\/index.php\/wp-json\/wp\/v2\/media\/9933"}],"wp:attachment":[{"href":"https:\/\/aldiachaco.com.ar\/index.php\/wp-json\/wp\/v2\/media?parent=9932"}],"wp:term":[{"taxonomy":"category","embeddable":true,"href":"https:\/\/aldiachaco.com.ar\/index.php\/wp-json\/wp\/v2\/categories?post=9932"},{"taxonomy":"post_tag","embeddable":true,"href":"https:\/\/aldiachaco.com.ar\/index.php\/wp-json\/wp\/v2\/tags?post=9932"}],"curies":[{"name":"wp","href":"https:\/\/api.w.org\/{rel}","templated":true}]}}