{"id":9679,"date":"2024-11-25T15:47:19","date_gmt":"2024-11-25T18:47:19","guid":{"rendered":"https:\/\/aldiachaco.com.ar\/?p=9679"},"modified":"2024-11-25T15:47:19","modified_gmt":"2024-11-25T18:47:19","slug":"preven-dias-nublados-y-calurosos-practicamente-hasta-el-fin-de-semana","status":"publish","type":"post","link":"https:\/\/aldiachaco.com.ar\/index.php\/2024\/11\/25\/preven-dias-nublados-y-calurosos-practicamente-hasta-el-fin-de-semana\/","title":{"rendered":"Prev\u00e9n d\u00edas nublados y calurosos pr\u00e1cticamente hasta el fin de semana"},"content":{"rendered":"<p>En su pron\u00f3stico extendido, el Servicio Meteorol\u00f3gico Nacional anticip\u00f3 hoy que se viene una semana con jornadas c\u00e1lidas, el cielo nublado y probabilidad de chaparrones o tormentas aisladas al menos hasta el pr\u00f3ximo viernes.<\/p>\n<p>Tras un fin de semana de intenso calor y escasa nubosidad, las condiciones del tiempo se tornar\u00e1n inestables y cambiar\u00edan reci\u00e9n durante las primeras horas del s\u00e1bado.<\/p>\n<p>Para hoy, se espera el cielo mayormente nublado en toda la regi\u00f3n, con probabilidad de chaparrones y tormentas fundamentalmente en el sur de corrientes, zona para la que se ha emitido una alerta amarilla.<\/p>\n<p>El ambiente ir\u00e1 variando de templado a caluroso, con el viento soplando con intensidad desde el norte. De hecho, se esperan r\u00e1fagas de hasta 50 km\/h. La temperatura oscilar\u00eda entre los 24\u00b0C y los 38\u00b0C, en la capital chaque\u00f1a.<\/p>\n<p>Ma\u00f1ana, el cielo estar\u00e1 parcialmente nublado, con lluvias aisladas y algunas tormentas en el centro y sur de la regi\u00f3n. La temperatura podr\u00eda registrar un descenso, aunque muy leve, para ubicarse en los 22\u00b0C, de m\u00ednima y los 34\u00b0 C, de m\u00e1xima, con vientos leves del norte o direcci\u00f3n variables.<\/p>\n<p>Con estas condiciones continuar\u00eda la semana laboral, la \u00faltima de noviembre, mientras que el sol volver\u00eda a asomar hacia la tarde noche del viernes o el s\u00e1bado.<\/p>\n","protected":false},"excerpt":{"rendered":"<p>En su pron\u00f3stico extendido, el Servicio Meteorol\u00f3gico Nacional anticip\u00f3 hoy que se viene una semana con jornadas c\u00e1lidas, el cielo nublado y probabilidad de chaparrones o tormentas aisladas al menos hasta el pr\u00f3ximo viernes. Tras un fin de semana de intenso calor y escasa nubosidad, las condiciones del tiempo se tornar\u00e1n inestables y cambiar\u00edan reci\u00e9n &hellip;<\/p>\n","protected":false},"author":1,"featured_media":9680,"comment_status":"open","ping_status":"open","sticky":false,"template":"","format":"standard","meta":{"content-type":"","_monsterinsights_skip_tracking":false,"_monsterinsights_sitenote_active":false,"_monsterinsights_sitenote_note":"","_monsterinsights_sitenote_category":0,"_jetpack_memberships_contains_paid_content":false,"footnotes":"","jetpack_publicize_message":"","jetpack_publicize_feature_enabled":true,"jetpack_social_post_already_shared":true,"jetpack_social_options":{"image_generator_settings":{"template":"highway","default_image_id":0,"font":"","enabled":false},"version":2}},"categories":[214],"tags":[],"class_list":["post-9679","post","type-post","status-publish","format-standard","has-post-thumbnail","hentry","category-tiempo"],"yoast_head":"<!-- This site is optimized with the Yoast SEO plugin v27.4 - https:\/\/yoast.com\/product\/yoast-seo-wordpress\/ -->\n<title>Prev\u00e9n d\u00edas nublados y calurosos pr\u00e1cticamente hasta el fin de semana | Al Dia Chaco<\/title>\n<meta name=\"robots\" content=\"index, follow, max-snippet:-1, max-image-preview:large, max-video-preview:-1\" \/>\n<link rel=\"canonical\" href=\"https:\/\/aldiachaco.com.ar\/index.php\/2024\/11\/25\/preven-dias-nublados-y-calurosos-practicamente-hasta-el-fin-de-semana\/\" \/>\n<meta property=\"og:locale\" content=\"es_ES\" \/>\n<meta property=\"og:type\" content=\"article\" \/>\n<meta property=\"og:title\" content=\"Prev\u00e9n d\u00edas nublados y calurosos pr\u00e1cticamente hasta el fin de semana | Al Dia Chaco\" \/>\n<meta property=\"og:description\" content=\"En su pron\u00f3stico extendido, el Servicio Meteorol\u00f3gico Nacional anticip\u00f3 hoy que se viene una semana con jornadas c\u00e1lidas, el cielo nublado y probabilidad de chaparrones o tormentas aisladas al menos hasta el pr\u00f3ximo viernes. Tras un fin de semana de intenso calor y escasa nubosidad, las condiciones del tiempo se tornar\u00e1n inestables y cambiar\u00edan reci\u00e9n &hellip;\" \/>\n<meta property=\"og:url\" content=\"https:\/\/aldiachaco.com.ar\/index.php\/2024\/11\/25\/preven-dias-nublados-y-calurosos-practicamente-hasta-el-fin-de-semana\/\" \/>\n<meta property=\"og:site_name\" content=\"Al Dia Chaco\" \/>\n<meta property=\"article:published_time\" content=\"2024-11-25T18:47:19+00:00\" \/>\n<meta property=\"og:image\" content=\"https:\/\/aldiachaco.com.ar\/wp-content\/uploads\/2024\/11\/resistencia-768x433-1.webp\" \/>\n\t<meta property=\"og:image:width\" content=\"768\" \/>\n\t<meta property=\"og:image:height\" content=\"433\" \/>\n\t<meta property=\"og:image:type\" content=\"image\/webp\" \/>\n<meta name=\"author\" content=\"aldiachaco.com.ar\" \/>\n<meta name=\"twitter:card\" content=\"summary_large_image\" \/>\n<meta name=\"twitter:label1\" content=\"Escrito por\" \/>\n\t<meta name=\"twitter:data1\" content=\"aldiachaco.com.ar\" \/>\n\t<meta name=\"twitter:label2\" content=\"Tiempo de lectura\" \/>\n\t<meta name=\"twitter:data2\" content=\"2 minutos\" \/>\n<script type=\"application\/ld+json\" class=\"yoast-schema-graph\">{\"@context\":\"https:\\\/\\\/schema.org\",\"@graph\":[{\"@type\":\"Article\",\"@id\":\"https:\\\/\\\/aldiachaco.com.ar\\\/index.php\\\/2024\\\/11\\\/25\\\/preven-dias-nublados-y-calurosos-practicamente-hasta-el-fin-de-semana\\\/#article\",\"isPartOf\":{\"@id\":\"https:\\\/\\\/aldiachaco.com.ar\\\/index.php\\\/2024\\\/11\\\/25\\\/preven-dias-nublados-y-calurosos-practicamente-hasta-el-fin-de-semana\\\/\"},\"author\":{\"name\":\"aldiachaco.com.ar\",\"@id\":\"https:\\\/\\\/aldiachaco.com.ar\\\/#\\\/schema\\\/person\\\/80113835e512ba580e79a945932487f5\"},\"headline\":\"Prev\u00e9n d\u00edas nublados y calurosos pr\u00e1cticamente hasta el fin de semana\",\"datePublished\":\"2024-11-25T18:47:19+00:00\",\"mainEntityOfPage\":{\"@id\":\"https:\\\/\\\/aldiachaco.com.ar\\\/index.php\\\/2024\\\/11\\\/25\\\/preven-dias-nublados-y-calurosos-practicamente-hasta-el-fin-de-semana\\\/\"},\"wordCount\":245,\"commentCount\":0,\"publisher\":{\"@id\":\"https:\\\/\\\/aldiachaco.com.ar\\\/#organization\"},\"image\":{\"@id\":\"https:\\\/\\\/aldiachaco.com.ar\\\/index.php\\\/2024\\\/11\\\/25\\\/preven-dias-nublados-y-calurosos-practicamente-hasta-el-fin-de-semana\\\/#primaryimage\"},\"thumbnailUrl\":\"https:\\\/\\\/aldiachaco.com.ar\\\/wp-content\\\/uploads\\\/2024\\\/11\\\/resistencia-768x433-1.webp\",\"articleSection\":[\"Tiempo\"],\"inLanguage\":\"es-AR\",\"potentialAction\":[{\"@type\":\"CommentAction\",\"name\":\"Comment\",\"target\":[\"https:\\\/\\\/aldiachaco.com.ar\\\/index.php\\\/2024\\\/11\\\/25\\\/preven-dias-nublados-y-calurosos-practicamente-hasta-el-fin-de-semana\\\/#respond\"]}]},{\"@type\":\"WebPage\",\"@id\":\"https:\\\/\\\/aldiachaco.com.ar\\\/index.php\\\/2024\\\/11\\\/25\\\/preven-dias-nublados-y-calurosos-practicamente-hasta-el-fin-de-semana\\\/\",\"url\":\"https:\\\/\\\/aldiachaco.com.ar\\\/index.php\\\/2024\\\/11\\\/25\\\/preven-dias-nublados-y-calurosos-practicamente-hasta-el-fin-de-semana\\\/\",\"name\":\"Prev\u00e9n d\u00edas nublados y calurosos pr\u00e1cticamente hasta el fin de semana | Al Dia Chaco\",\"isPartOf\":{\"@id\":\"https:\\\/\\\/aldiachaco.com.ar\\\/#website\"},\"primaryImageOfPage\":{\"@id\":\"https:\\\/\\\/aldiachaco.com.ar\\\/index.php\\\/2024\\\/11\\\/25\\\/preven-dias-nublados-y-calurosos-practicamente-hasta-el-fin-de-semana\\\/#primaryimage\"},\"image\":{\"@id\":\"https:\\\/\\\/aldiachaco.com.ar\\\/index.php\\\/2024\\\/11\\\/25\\\/preven-dias-nublados-y-calurosos-practicamente-hasta-el-fin-de-semana\\\/#primaryimage\"},\"thumbnailUrl\":\"https:\\\/\\\/aldiachaco.com.ar\\\/wp-content\\\/uploads\\\/2024\\\/11\\\/resistencia-768x433-1.webp\",\"datePublished\":\"2024-11-25T18:47:19+00:00\",\"breadcrumb\":{\"@id\":\"https:\\\/\\\/aldiachaco.com.ar\\\/index.php\\\/2024\\\/11\\\/25\\\/preven-dias-nublados-y-calurosos-practicamente-hasta-el-fin-de-semana\\\/#breadcrumb\"},\"inLanguage\":\"es-AR\",\"potentialAction\":[{\"@type\":\"ReadAction\",\"target\":[\"https:\\\/\\\/aldiachaco.com.ar\\\/index.php\\\/2024\\\/11\\\/25\\\/preven-dias-nublados-y-calurosos-practicamente-hasta-el-fin-de-semana\\\/\"]}]},{\"@type\":\"ImageObject\",\"inLanguage\":\"es-AR\",\"@id\":\"https:\\\/\\\/aldiachaco.com.ar\\\/index.php\\\/2024\\\/11\\\/25\\\/preven-dias-nublados-y-calurosos-practicamente-hasta-el-fin-de-semana\\\/#primaryimage\",\"url\":\"https:\\\/\\\/aldiachaco.com.ar\\\/wp-content\\\/uploads\\\/2024\\\/11\\\/resistencia-768x433-1.webp\",\"contentUrl\":\"https:\\\/\\\/aldiachaco.com.ar\\\/wp-content\\\/uploads\\\/2024\\\/11\\\/resistencia-768x433-1.webp\",\"width\":768,\"height\":433},{\"@type\":\"BreadcrumbList\",\"@id\":\"https:\\\/\\\/aldiachaco.com.ar\\\/index.php\\\/2024\\\/11\\\/25\\\/preven-dias-nublados-y-calurosos-practicamente-hasta-el-fin-de-semana\\\/#breadcrumb\",\"itemListElement\":[{\"@type\":\"ListItem\",\"position\":1,\"name\":\"Home\",\"item\":\"https:\\\/\\\/aldiachaco.com.ar\\\/\"},{\"@type\":\"ListItem\",\"position\":2,\"name\":\"Prev\u00e9n d\u00edas nublados y calurosos pr\u00e1cticamente hasta el fin de semana\"}]},{\"@type\":\"WebSite\",\"@id\":\"https:\\\/\\\/aldiachaco.com.ar\\\/#website\",\"url\":\"https:\\\/\\\/aldiachaco.com.ar\\\/\",\"name\":\"Al Dia Chaco\",\"description\":\"Noticias del Chaco y el mundo\",\"publisher\":{\"@id\":\"https:\\\/\\\/aldiachaco.com.ar\\\/#organization\"},\"alternateName\":\"Al D\u00eda Chaco\",\"potentialAction\":[{\"@type\":\"SearchAction\",\"target\":{\"@type\":\"EntryPoint\",\"urlTemplate\":\"https:\\\/\\\/aldiachaco.com.ar\\\/?s={search_term_string}\"},\"query-input\":{\"@type\":\"PropertyValueSpecification\",\"valueRequired\":true,\"valueName\":\"search_term_string\"}}],\"inLanguage\":\"es-AR\"},{\"@type\":\"Organization\",\"@id\":\"https:\\\/\\\/aldiachaco.com.ar\\\/#organization\",\"name\":\"Al Dia Chaco\",\"url\":\"https:\\\/\\\/aldiachaco.com.ar\\\/\",\"logo\":{\"@type\":\"ImageObject\",\"inLanguage\":\"es-AR\",\"@id\":\"https:\\\/\\\/aldiachaco.com.ar\\\/#\\\/schema\\\/logo\\\/image\\\/\",\"url\":\"https:\\\/\\\/aldiachaco.com.ar\\\/wp-content\\\/uploads\\\/2017\\\/11\\\/AL-DIA-CHACO-L@2x.png\",\"contentUrl\":\"https:\\\/\\\/aldiachaco.com.ar\\\/wp-content\\\/uploads\\\/2017\\\/11\\\/AL-DIA-CHACO-L@2x.png\",\"width\":232,\"height\":60,\"caption\":\"Al Dia Chaco\"},\"image\":{\"@id\":\"https:\\\/\\\/aldiachaco.com.ar\\\/#\\\/schema\\\/logo\\\/image\\\/\"}},{\"@type\":\"Person\",\"@id\":\"https:\\\/\\\/aldiachaco.com.ar\\\/#\\\/schema\\\/person\\\/80113835e512ba580e79a945932487f5\",\"name\":\"aldiachaco.com.ar\",\"image\":{\"@type\":\"ImageObject\",\"inLanguage\":\"es-AR\",\"@id\":\"https:\\\/\\\/aldiachaco.com.ar\\\/wp-content\\\/litespeed\\\/avatar\\\/a7c4ebc5454089d3fd4ef6b87fdd073a.jpg?ver=1777471945\",\"url\":\"https:\\\/\\\/aldiachaco.com.ar\\\/wp-content\\\/litespeed\\\/avatar\\\/a7c4ebc5454089d3fd4ef6b87fdd073a.jpg?ver=1777471945\",\"contentUrl\":\"https:\\\/\\\/aldiachaco.com.ar\\\/wp-content\\\/litespeed\\\/avatar\\\/a7c4ebc5454089d3fd4ef6b87fdd073a.jpg?ver=1777471945\",\"caption\":\"aldiachaco.com.ar\"},\"sameAs\":[\"https:\\\/\\\/aldiachaco.com.ar\"],\"url\":\"https:\\\/\\\/aldiachaco.com.ar\\\/index.php\\\/author\\\/lime-camel-884546-hostingersite-com\\\/\"}]}<\/script>\n<!-- \/ Yoast SEO plugin. -->","yoast_head_json":{"title":"Prev\u00e9n d\u00edas nublados y calurosos pr\u00e1cticamente hasta el fin de semana | Al Dia Chaco","robots":{"index":"index","follow":"follow","max-snippet":"max-snippet:-1","max-image-preview":"max-image-preview:large","max-video-preview":"max-video-preview:-1"},"canonical":"https:\/\/aldiachaco.com.ar\/index.php\/2024\/11\/25\/preven-dias-nublados-y-calurosos-practicamente-hasta-el-fin-de-semana\/","og_locale":"es_ES","og_type":"article","og_title":"Prev\u00e9n d\u00edas nublados y calurosos pr\u00e1cticamente hasta el fin de semana | Al Dia Chaco","og_description":"En su pron\u00f3stico extendido, el Servicio Meteorol\u00f3gico Nacional anticip\u00f3 hoy que se viene una semana con jornadas c\u00e1lidas, el cielo nublado y probabilidad de chaparrones o tormentas aisladas al menos hasta el pr\u00f3ximo viernes. Tras un fin de semana de intenso calor y escasa nubosidad, las condiciones del tiempo se tornar\u00e1n inestables y cambiar\u00edan reci\u00e9n &hellip;","og_url":"https:\/\/aldiachaco.com.ar\/index.php\/2024\/11\/25\/preven-dias-nublados-y-calurosos-practicamente-hasta-el-fin-de-semana\/","og_site_name":"Al Dia Chaco","article_published_time":"2024-11-25T18:47:19+00:00","og_image":[{"width":768,"height":433,"url":"https:\/\/aldiachaco.com.ar\/wp-content\/uploads\/2024\/11\/resistencia-768x433-1.webp","type":"image\/webp"}],"author":"aldiachaco.com.ar","twitter_card":"summary_large_image","twitter_misc":{"Escrito por":"aldiachaco.com.ar","Tiempo de lectura":"2 minutos"},"schema":{"@context":"https:\/\/schema.org","@graph":[{"@type":"Article","@id":"https:\/\/aldiachaco.com.ar\/index.php\/2024\/11\/25\/preven-dias-nublados-y-calurosos-practicamente-hasta-el-fin-de-semana\/#article","isPartOf":{"@id":"https:\/\/aldiachaco.com.ar\/index.php\/2024\/11\/25\/preven-dias-nublados-y-calurosos-practicamente-hasta-el-fin-de-semana\/"},"author":{"name":"aldiachaco.com.ar","@id":"https:\/\/aldiachaco.com.ar\/#\/schema\/person\/80113835e512ba580e79a945932487f5"},"headline":"Prev\u00e9n d\u00edas nublados y calurosos pr\u00e1cticamente hasta el fin de semana","datePublished":"2024-11-25T18:47:19+00:00","mainEntityOfPage":{"@id":"https:\/\/aldiachaco.com.ar\/index.php\/2024\/11\/25\/preven-dias-nublados-y-calurosos-practicamente-hasta-el-fin-de-semana\/"},"wordCount":245,"commentCount":0,"publisher":{"@id":"https:\/\/aldiachaco.com.ar\/#organization"},"image":{"@id":"https:\/\/aldiachaco.com.ar\/index.php\/2024\/11\/25\/preven-dias-nublados-y-calurosos-practicamente-hasta-el-fin-de-semana\/#primaryimage"},"thumbnailUrl":"https:\/\/aldiachaco.com.ar\/wp-content\/uploads\/2024\/11\/resistencia-768x433-1.webp","articleSection":["Tiempo"],"inLanguage":"es-AR","potentialAction":[{"@type":"CommentAction","name":"Comment","target":["https:\/\/aldiachaco.com.ar\/index.php\/2024\/11\/25\/preven-dias-nublados-y-calurosos-practicamente-hasta-el-fin-de-semana\/#respond"]}]},{"@type":"WebPage","@id":"https:\/\/aldiachaco.com.ar\/index.php\/2024\/11\/25\/preven-dias-nublados-y-calurosos-practicamente-hasta-el-fin-de-semana\/","url":"https:\/\/aldiachaco.com.ar\/index.php\/2024\/11\/25\/preven-dias-nublados-y-calurosos-practicamente-hasta-el-fin-de-semana\/","name":"Prev\u00e9n d\u00edas nublados y calurosos pr\u00e1cticamente hasta el fin de semana | Al Dia Chaco","isPartOf":{"@id":"https:\/\/aldiachaco.com.ar\/#website"},"primaryImageOfPage":{"@id":"https:\/\/aldiachaco.com.ar\/index.php\/2024\/11\/25\/preven-dias-nublados-y-calurosos-practicamente-hasta-el-fin-de-semana\/#primaryimage"},"image":{"@id":"https:\/\/aldiachaco.com.ar\/index.php\/2024\/11\/25\/preven-dias-nublados-y-calurosos-practicamente-hasta-el-fin-de-semana\/#primaryimage"},"thumbnailUrl":"https:\/\/aldiachaco.com.ar\/wp-content\/uploads\/2024\/11\/resistencia-768x433-1.webp","datePublished":"2024-11-25T18:47:19+00:00","breadcrumb":{"@id":"https:\/\/aldiachaco.com.ar\/index.php\/2024\/11\/25\/preven-dias-nublados-y-calurosos-practicamente-hasta-el-fin-de-semana\/#breadcrumb"},"inLanguage":"es-AR","potentialAction":[{"@type":"ReadAction","target":["https:\/\/aldiachaco.com.ar\/index.php\/2024\/11\/25\/preven-dias-nublados-y-calurosos-practicamente-hasta-el-fin-de-semana\/"]}]},{"@type":"ImageObject","inLanguage":"es-AR","@id":"https:\/\/aldiachaco.com.ar\/index.php\/2024\/11\/25\/preven-dias-nublados-y-calurosos-practicamente-hasta-el-fin-de-semana\/#primaryimage","url":"https:\/\/aldiachaco.com.ar\/wp-content\/uploads\/2024\/11\/resistencia-768x433-1.webp","contentUrl":"https:\/\/aldiachaco.com.ar\/wp-content\/uploads\/2024\/11\/resistencia-768x433-1.webp","width":768,"height":433},{"@type":"BreadcrumbList","@id":"https:\/\/aldiachaco.com.ar\/index.php\/2024\/11\/25\/preven-dias-nublados-y-calurosos-practicamente-hasta-el-fin-de-semana\/#breadcrumb","itemListElement":[{"@type":"ListItem","position":1,"name":"Home","item":"https:\/\/aldiachaco.com.ar\/"},{"@type":"ListItem","position":2,"name":"Prev\u00e9n d\u00edas nublados y calurosos pr\u00e1cticamente hasta el fin de semana"}]},{"@type":"WebSite","@id":"https:\/\/aldiachaco.com.ar\/#website","url":"https:\/\/aldiachaco.com.ar\/","name":"Al Dia Chaco","description":"Noticias del Chaco y el mundo","publisher":{"@id":"https:\/\/aldiachaco.com.ar\/#organization"},"alternateName":"Al D\u00eda Chaco","potentialAction":[{"@type":"SearchAction","target":{"@type":"EntryPoint","urlTemplate":"https:\/\/aldiachaco.com.ar\/?s={search_term_string}"},"query-input":{"@type":"PropertyValueSpecification","valueRequired":true,"valueName":"search_term_string"}}],"inLanguage":"es-AR"},{"@type":"Organization","@id":"https:\/\/aldiachaco.com.ar\/#organization","name":"Al Dia Chaco","url":"https:\/\/aldiachaco.com.ar\/","logo":{"@type":"ImageObject","inLanguage":"es-AR","@id":"https:\/\/aldiachaco.com.ar\/#\/schema\/logo\/image\/","url":"https:\/\/aldiachaco.com.ar\/wp-content\/uploads\/2017\/11\/AL-DIA-CHACO-L@2x.png","contentUrl":"https:\/\/aldiachaco.com.ar\/wp-content\/uploads\/2017\/11\/AL-DIA-CHACO-L@2x.png","width":232,"height":60,"caption":"Al Dia Chaco"},"image":{"@id":"https:\/\/aldiachaco.com.ar\/#\/schema\/logo\/image\/"}},{"@type":"Person","@id":"https:\/\/aldiachaco.com.ar\/#\/schema\/person\/80113835e512ba580e79a945932487f5","name":"aldiachaco.com.ar","image":{"@type":"ImageObject","inLanguage":"es-AR","@id":"https:\/\/aldiachaco.com.ar\/wp-content\/litespeed\/avatar\/a7c4ebc5454089d3fd4ef6b87fdd073a.jpg?ver=1777471945","url":"https:\/\/aldiachaco.com.ar\/wp-content\/litespeed\/avatar\/a7c4ebc5454089d3fd4ef6b87fdd073a.jpg?ver=1777471945","contentUrl":"https:\/\/aldiachaco.com.ar\/wp-content\/litespeed\/avatar\/a7c4ebc5454089d3fd4ef6b87fdd073a.jpg?ver=1777471945","caption":"aldiachaco.com.ar"},"sameAs":["https:\/\/aldiachaco.com.ar"],"url":"https:\/\/aldiachaco.com.ar\/index.php\/author\/lime-camel-884546-hostingersite-com\/"}]}},"jetpack_publicize_connections":[],"jetpack_featured_media_url":"https:\/\/aldiachaco.com.ar\/wp-content\/uploads\/2024\/11\/resistencia-768x433-1.webp","jetpack_sharing_enabled":true,"amp_enabled":true,"_links":{"self":[{"href":"https:\/\/aldiachaco.com.ar\/index.php\/wp-json\/wp\/v2\/posts\/9679","targetHints":{"allow":["GET"]}}],"collection":[{"href":"https:\/\/aldiachaco.com.ar\/index.php\/wp-json\/wp\/v2\/posts"}],"about":[{"href":"https:\/\/aldiachaco.com.ar\/index.php\/wp-json\/wp\/v2\/types\/post"}],"author":[{"embeddable":true,"href":"https:\/\/aldiachaco.com.ar\/index.php\/wp-json\/wp\/v2\/users\/1"}],"replies":[{"embeddable":true,"href":"https:\/\/aldiachaco.com.ar\/index.php\/wp-json\/wp\/v2\/comments?post=9679"}],"version-history":[{"count":1,"href":"https:\/\/aldiachaco.com.ar\/index.php\/wp-json\/wp\/v2\/posts\/9679\/revisions"}],"predecessor-version":[{"id":9681,"href":"https:\/\/aldiachaco.com.ar\/index.php\/wp-json\/wp\/v2\/posts\/9679\/revisions\/9681"}],"wp:featuredmedia":[{"embeddable":true,"href":"https:\/\/aldiachaco.com.ar\/index.php\/wp-json\/wp\/v2\/media\/9680"}],"wp:attachment":[{"href":"https:\/\/aldiachaco.com.ar\/index.php\/wp-json\/wp\/v2\/media?parent=9679"}],"wp:term":[{"taxonomy":"category","embeddable":true,"href":"https:\/\/aldiachaco.com.ar\/index.php\/wp-json\/wp\/v2\/categories?post=9679"},{"taxonomy":"post_tag","embeddable":true,"href":"https:\/\/aldiachaco.com.ar\/index.php\/wp-json\/wp\/v2\/tags?post=9679"}],"curies":[{"name":"wp","href":"https:\/\/api.w.org\/{rel}","templated":true}]}}