{"id":9645,"date":"2024-11-22T16:44:55","date_gmt":"2024-11-22T19:44:55","guid":{"rendered":"https:\/\/aldiachaco.com.ar\/?p=9645"},"modified":"2024-11-22T16:44:55","modified_gmt":"2024-11-22T19:44:55","slug":"resistencia-el-gobierno-provincial-avanza-con-la-pavimentacion-de-la-av-9-de-julio","status":"publish","type":"post","link":"https:\/\/aldiachaco.com.ar\/index.php\/2024\/11\/22\/resistencia-el-gobierno-provincial-avanza-con-la-pavimentacion-de-la-av-9-de-julio\/","title":{"rendered":"Resistencia: el gobierno provincial avanza con la pavimentaci\u00f3n de la AV. 9 de Julio"},"content":{"rendered":"<p>La pr\u00f3xima semana dar\u00e1 inicio una nueva etapa en las obras de pavimentaci\u00f3n de la Avenida 9 de Julio, uno de los corredores viales m\u00e1s importantes del \u00e1rea metropolitana del Gran Resistencia. Esta intervenci\u00f3n forma parte del proyecto &#8220;Corredores viales en el \u00e1rea metropolitana del Gran Resistencia \u2013 Barranqueras&#8221; y abarcar\u00e1 un tramo de m\u00e1s de 400 metros, desde la calle 15 (Ing. Schur) hasta el Pasaje Mu\u00f1iz.<br \/>\nEl lunes 25 de noviembre comenzar\u00e1n las tareas con el traslado de trenes de asfalto, el sellado de juntas y la preparaci\u00f3n de los cordones de la avenida. Al d\u00eda siguiente, martes 26, se avanzar\u00e1 con la nivelaci\u00f3n de losas bajas mediante la aplicaci\u00f3n de mezcla asf\u00e1ltica, lo que permitir\u00e1 mejorar la base para la posterior colocaci\u00f3n de la nueva capa de pavimento. El mi\u00e9rcoles 27, se proceder\u00e1 a la aplicaci\u00f3n de una capa fina de mezcla asf\u00e1ltica de 2 cm de espesor en el lado derecho de la avenida, mientras que el jueves 28 se aplicar\u00e1 una capa de mayor espesor, de 5 cm, correspondiente a la carpeta de rodamiento.<br \/>\nEl viernes 29 de noviembre se retomar\u00e1 el trabajo con una nueva capa fina de mezcla asf\u00e1ltica de 2 cm de espesor en el mismo sector, y el s\u00e1bado 30 se completar\u00e1 la obra con la colocaci\u00f3n de una \u00faltima capa de 5 cm de espesor, destinada a la carpeta de rodamiento en el lado derecho de la avenida.<br \/>\nAdem\u00e1s de estos trabajos en la Avenida 9 de Julio, se continuar\u00e1 con el mantenimiento y bacheo en diferentes tramos de la misma avenida en la localidad de Barranqueras y con la colocaci\u00f3n de nuevos cordones.<br \/>\nSe solicita a los conductores y peatones que transiten por la zona que tomen las precauciones necesarias y sigan las indicaciones de se\u00f1alizaci\u00f3n para evitar inconvenientes.<br \/>\nLa obra es parte de un esfuerzo integral para optimizar la conectividad y calidad del transporte en el \u00e1rea metropolitana, y contribuir al desarrollo de una ciudad m\u00e1s moderna y accesible para todos.<\/p>\n","protected":false},"excerpt":{"rendered":"<p>La pr\u00f3xima semana dar\u00e1 inicio una nueva etapa en las obras de pavimentaci\u00f3n de la Avenida 9 de Julio, uno de los corredores viales m\u00e1s importantes del \u00e1rea metropolitana del Gran Resistencia. Esta intervenci\u00f3n forma parte del proyecto &#8220;Corredores viales en el \u00e1rea metropolitana del Gran Resistencia \u2013 Barranqueras&#8221; y abarcar\u00e1 un tramo de m\u00e1s &hellip;<\/p>\n","protected":false},"author":1,"featured_media":9646,"comment_status":"open","ping_status":"open","sticky":false,"template":"","format":"standard","meta":{"content-type":"","_monsterinsights_skip_tracking":false,"_monsterinsights_sitenote_active":false,"_monsterinsights_sitenote_note":"","_monsterinsights_sitenote_category":0,"_jetpack_memberships_contains_paid_content":false,"footnotes":"","jetpack_publicize_message":"","jetpack_publicize_feature_enabled":true,"jetpack_social_post_already_shared":true,"jetpack_social_options":{"image_generator_settings":{"template":"highway","default_image_id":0,"font":"","enabled":false},"version":2}},"categories":[67,68],"tags":[],"class_list":["post-9645","post","type-post","status-publish","format-standard","has-post-thumbnail","hentry","category-chaco","category-resistencia"],"yoast_head":"<!-- This site is optimized with the Yoast SEO plugin v27.4 - https:\/\/yoast.com\/product\/yoast-seo-wordpress\/ -->\n<title>Resistencia: el gobierno provincial avanza con la pavimentaci\u00f3n de la AV. 9 de Julio | Al Dia Chaco<\/title>\n<meta name=\"robots\" content=\"index, follow, max-snippet:-1, max-image-preview:large, max-video-preview:-1\" \/>\n<link rel=\"canonical\" href=\"https:\/\/aldiachaco.com.ar\/index.php\/2024\/11\/22\/resistencia-el-gobierno-provincial-avanza-con-la-pavimentacion-de-la-av-9-de-julio\/\" \/>\n<meta property=\"og:locale\" content=\"es_ES\" \/>\n<meta property=\"og:type\" content=\"article\" \/>\n<meta property=\"og:title\" content=\"Resistencia: el gobierno provincial avanza con la pavimentaci\u00f3n de la AV. 9 de Julio | Al Dia Chaco\" \/>\n<meta property=\"og:description\" content=\"La pr\u00f3xima semana dar\u00e1 inicio una nueva etapa en las obras de pavimentaci\u00f3n de la Avenida 9 de Julio, uno de los corredores viales m\u00e1s importantes del \u00e1rea metropolitana del Gran Resistencia. Esta intervenci\u00f3n forma parte del proyecto &#8220;Corredores viales en el \u00e1rea metropolitana del Gran Resistencia \u2013 Barranqueras&#8221; y abarcar\u00e1 un tramo de m\u00e1s &hellip;\" \/>\n<meta property=\"og:url\" content=\"https:\/\/aldiachaco.com.ar\/index.php\/2024\/11\/22\/resistencia-el-gobierno-provincial-avanza-con-la-pavimentacion-de-la-av-9-de-julio\/\" \/>\n<meta property=\"og:site_name\" content=\"Al Dia Chaco\" \/>\n<meta property=\"article:published_time\" content=\"2024-11-22T19:44:55+00:00\" \/>\n<meta property=\"og:image\" content=\"https:\/\/aldiachaco.com.ar\/wp-content\/uploads\/2024\/11\/WhatsApp-Image-2024-11-22-at-8.17.21-AM.jpeg\" \/>\n\t<meta property=\"og:image:width\" content=\"1080\" \/>\n\t<meta property=\"og:image:height\" content=\"619\" \/>\n\t<meta property=\"og:image:type\" content=\"image\/jpeg\" \/>\n<meta name=\"author\" content=\"aldiachaco.com.ar\" \/>\n<meta name=\"twitter:card\" content=\"summary_large_image\" \/>\n<meta name=\"twitter:label1\" content=\"Escrito por\" \/>\n\t<meta name=\"twitter:data1\" content=\"aldiachaco.com.ar\" \/>\n\t<meta name=\"twitter:label2\" content=\"Tiempo de lectura\" \/>\n\t<meta name=\"twitter:data2\" content=\"2 minutos\" \/>\n<script type=\"application\/ld+json\" class=\"yoast-schema-graph\">{\"@context\":\"https:\\\/\\\/schema.org\",\"@graph\":[{\"@type\":\"Article\",\"@id\":\"https:\\\/\\\/aldiachaco.com.ar\\\/index.php\\\/2024\\\/11\\\/22\\\/resistencia-el-gobierno-provincial-avanza-con-la-pavimentacion-de-la-av-9-de-julio\\\/#article\",\"isPartOf\":{\"@id\":\"https:\\\/\\\/aldiachaco.com.ar\\\/index.php\\\/2024\\\/11\\\/22\\\/resistencia-el-gobierno-provincial-avanza-con-la-pavimentacion-de-la-av-9-de-julio\\\/\"},\"author\":{\"name\":\"aldiachaco.com.ar\",\"@id\":\"https:\\\/\\\/aldiachaco.com.ar\\\/#\\\/schema\\\/person\\\/80113835e512ba580e79a945932487f5\"},\"headline\":\"Resistencia: el gobierno provincial avanza con la pavimentaci\u00f3n de la AV. 9 de Julio\",\"datePublished\":\"2024-11-22T19:44:55+00:00\",\"mainEntityOfPage\":{\"@id\":\"https:\\\/\\\/aldiachaco.com.ar\\\/index.php\\\/2024\\\/11\\\/22\\\/resistencia-el-gobierno-provincial-avanza-con-la-pavimentacion-de-la-av-9-de-julio\\\/\"},\"wordCount\":356,\"commentCount\":0,\"publisher\":{\"@id\":\"https:\\\/\\\/aldiachaco.com.ar\\\/#organization\"},\"image\":{\"@id\":\"https:\\\/\\\/aldiachaco.com.ar\\\/index.php\\\/2024\\\/11\\\/22\\\/resistencia-el-gobierno-provincial-avanza-con-la-pavimentacion-de-la-av-9-de-julio\\\/#primaryimage\"},\"thumbnailUrl\":\"https:\\\/\\\/aldiachaco.com.ar\\\/wp-content\\\/uploads\\\/2024\\\/11\\\/WhatsApp-Image-2024-11-22-at-8.17.21-AM.jpeg\",\"articleSection\":[\"Chaco\",\"Resistencia\"],\"inLanguage\":\"es-AR\",\"potentialAction\":[{\"@type\":\"CommentAction\",\"name\":\"Comment\",\"target\":[\"https:\\\/\\\/aldiachaco.com.ar\\\/index.php\\\/2024\\\/11\\\/22\\\/resistencia-el-gobierno-provincial-avanza-con-la-pavimentacion-de-la-av-9-de-julio\\\/#respond\"]}]},{\"@type\":\"WebPage\",\"@id\":\"https:\\\/\\\/aldiachaco.com.ar\\\/index.php\\\/2024\\\/11\\\/22\\\/resistencia-el-gobierno-provincial-avanza-con-la-pavimentacion-de-la-av-9-de-julio\\\/\",\"url\":\"https:\\\/\\\/aldiachaco.com.ar\\\/index.php\\\/2024\\\/11\\\/22\\\/resistencia-el-gobierno-provincial-avanza-con-la-pavimentacion-de-la-av-9-de-julio\\\/\",\"name\":\"Resistencia: el gobierno provincial avanza con la pavimentaci\u00f3n de la AV. 9 de Julio | Al Dia Chaco\",\"isPartOf\":{\"@id\":\"https:\\\/\\\/aldiachaco.com.ar\\\/#website\"},\"primaryImageOfPage\":{\"@id\":\"https:\\\/\\\/aldiachaco.com.ar\\\/index.php\\\/2024\\\/11\\\/22\\\/resistencia-el-gobierno-provincial-avanza-con-la-pavimentacion-de-la-av-9-de-julio\\\/#primaryimage\"},\"image\":{\"@id\":\"https:\\\/\\\/aldiachaco.com.ar\\\/index.php\\\/2024\\\/11\\\/22\\\/resistencia-el-gobierno-provincial-avanza-con-la-pavimentacion-de-la-av-9-de-julio\\\/#primaryimage\"},\"thumbnailUrl\":\"https:\\\/\\\/aldiachaco.com.ar\\\/wp-content\\\/uploads\\\/2024\\\/11\\\/WhatsApp-Image-2024-11-22-at-8.17.21-AM.jpeg\",\"datePublished\":\"2024-11-22T19:44:55+00:00\",\"breadcrumb\":{\"@id\":\"https:\\\/\\\/aldiachaco.com.ar\\\/index.php\\\/2024\\\/11\\\/22\\\/resistencia-el-gobierno-provincial-avanza-con-la-pavimentacion-de-la-av-9-de-julio\\\/#breadcrumb\"},\"inLanguage\":\"es-AR\",\"potentialAction\":[{\"@type\":\"ReadAction\",\"target\":[\"https:\\\/\\\/aldiachaco.com.ar\\\/index.php\\\/2024\\\/11\\\/22\\\/resistencia-el-gobierno-provincial-avanza-con-la-pavimentacion-de-la-av-9-de-julio\\\/\"]}]},{\"@type\":\"ImageObject\",\"inLanguage\":\"es-AR\",\"@id\":\"https:\\\/\\\/aldiachaco.com.ar\\\/index.php\\\/2024\\\/11\\\/22\\\/resistencia-el-gobierno-provincial-avanza-con-la-pavimentacion-de-la-av-9-de-julio\\\/#primaryimage\",\"url\":\"https:\\\/\\\/aldiachaco.com.ar\\\/wp-content\\\/uploads\\\/2024\\\/11\\\/WhatsApp-Image-2024-11-22-at-8.17.21-AM.jpeg\",\"contentUrl\":\"https:\\\/\\\/aldiachaco.com.ar\\\/wp-content\\\/uploads\\\/2024\\\/11\\\/WhatsApp-Image-2024-11-22-at-8.17.21-AM.jpeg\",\"width\":1080,\"height\":619},{\"@type\":\"BreadcrumbList\",\"@id\":\"https:\\\/\\\/aldiachaco.com.ar\\\/index.php\\\/2024\\\/11\\\/22\\\/resistencia-el-gobierno-provincial-avanza-con-la-pavimentacion-de-la-av-9-de-julio\\\/#breadcrumb\",\"itemListElement\":[{\"@type\":\"ListItem\",\"position\":1,\"name\":\"Home\",\"item\":\"https:\\\/\\\/aldiachaco.com.ar\\\/\"},{\"@type\":\"ListItem\",\"position\":2,\"name\":\"Resistencia: el gobierno provincial avanza con la pavimentaci\u00f3n de la AV. 9 de Julio\"}]},{\"@type\":\"WebSite\",\"@id\":\"https:\\\/\\\/aldiachaco.com.ar\\\/#website\",\"url\":\"https:\\\/\\\/aldiachaco.com.ar\\\/\",\"name\":\"Al Dia Chaco\",\"description\":\"Noticias del Chaco y el mundo\",\"publisher\":{\"@id\":\"https:\\\/\\\/aldiachaco.com.ar\\\/#organization\"},\"alternateName\":\"Al D\u00eda Chaco\",\"potentialAction\":[{\"@type\":\"SearchAction\",\"target\":{\"@type\":\"EntryPoint\",\"urlTemplate\":\"https:\\\/\\\/aldiachaco.com.ar\\\/?s={search_term_string}\"},\"query-input\":{\"@type\":\"PropertyValueSpecification\",\"valueRequired\":true,\"valueName\":\"search_term_string\"}}],\"inLanguage\":\"es-AR\"},{\"@type\":\"Organization\",\"@id\":\"https:\\\/\\\/aldiachaco.com.ar\\\/#organization\",\"name\":\"Al Dia Chaco\",\"url\":\"https:\\\/\\\/aldiachaco.com.ar\\\/\",\"logo\":{\"@type\":\"ImageObject\",\"inLanguage\":\"es-AR\",\"@id\":\"https:\\\/\\\/aldiachaco.com.ar\\\/#\\\/schema\\\/logo\\\/image\\\/\",\"url\":\"https:\\\/\\\/aldiachaco.com.ar\\\/wp-content\\\/uploads\\\/2017\\\/11\\\/AL-DIA-CHACO-L@2x.png\",\"contentUrl\":\"https:\\\/\\\/aldiachaco.com.ar\\\/wp-content\\\/uploads\\\/2017\\\/11\\\/AL-DIA-CHACO-L@2x.png\",\"width\":232,\"height\":60,\"caption\":\"Al Dia Chaco\"},\"image\":{\"@id\":\"https:\\\/\\\/aldiachaco.com.ar\\\/#\\\/schema\\\/logo\\\/image\\\/\"}},{\"@type\":\"Person\",\"@id\":\"https:\\\/\\\/aldiachaco.com.ar\\\/#\\\/schema\\\/person\\\/80113835e512ba580e79a945932487f5\",\"name\":\"aldiachaco.com.ar\",\"image\":{\"@type\":\"ImageObject\",\"inLanguage\":\"es-AR\",\"@id\":\"https:\\\/\\\/aldiachaco.com.ar\\\/wp-content\\\/litespeed\\\/avatar\\\/a7c4ebc5454089d3fd4ef6b87fdd073a.jpg?ver=1777471945\",\"url\":\"https:\\\/\\\/aldiachaco.com.ar\\\/wp-content\\\/litespeed\\\/avatar\\\/a7c4ebc5454089d3fd4ef6b87fdd073a.jpg?ver=1777471945\",\"contentUrl\":\"https:\\\/\\\/aldiachaco.com.ar\\\/wp-content\\\/litespeed\\\/avatar\\\/a7c4ebc5454089d3fd4ef6b87fdd073a.jpg?ver=1777471945\",\"caption\":\"aldiachaco.com.ar\"},\"sameAs\":[\"https:\\\/\\\/aldiachaco.com.ar\"],\"url\":\"https:\\\/\\\/aldiachaco.com.ar\\\/index.php\\\/author\\\/lime-camel-884546-hostingersite-com\\\/\"}]}<\/script>\n<!-- \/ Yoast SEO plugin. -->","yoast_head_json":{"title":"Resistencia: el gobierno provincial avanza con la pavimentaci\u00f3n de la AV. 9 de Julio | Al Dia Chaco","robots":{"index":"index","follow":"follow","max-snippet":"max-snippet:-1","max-image-preview":"max-image-preview:large","max-video-preview":"max-video-preview:-1"},"canonical":"https:\/\/aldiachaco.com.ar\/index.php\/2024\/11\/22\/resistencia-el-gobierno-provincial-avanza-con-la-pavimentacion-de-la-av-9-de-julio\/","og_locale":"es_ES","og_type":"article","og_title":"Resistencia: el gobierno provincial avanza con la pavimentaci\u00f3n de la AV. 9 de Julio | Al Dia Chaco","og_description":"La pr\u00f3xima semana dar\u00e1 inicio una nueva etapa en las obras de pavimentaci\u00f3n de la Avenida 9 de Julio, uno de los corredores viales m\u00e1s importantes del \u00e1rea metropolitana del Gran Resistencia. Esta intervenci\u00f3n forma parte del proyecto &#8220;Corredores viales en el \u00e1rea metropolitana del Gran Resistencia \u2013 Barranqueras&#8221; y abarcar\u00e1 un tramo de m\u00e1s &hellip;","og_url":"https:\/\/aldiachaco.com.ar\/index.php\/2024\/11\/22\/resistencia-el-gobierno-provincial-avanza-con-la-pavimentacion-de-la-av-9-de-julio\/","og_site_name":"Al Dia Chaco","article_published_time":"2024-11-22T19:44:55+00:00","og_image":[{"width":1080,"height":619,"url":"https:\/\/aldiachaco.com.ar\/wp-content\/uploads\/2024\/11\/WhatsApp-Image-2024-11-22-at-8.17.21-AM.jpeg","type":"image\/jpeg"}],"author":"aldiachaco.com.ar","twitter_card":"summary_large_image","twitter_misc":{"Escrito por":"aldiachaco.com.ar","Tiempo de lectura":"2 minutos"},"schema":{"@context":"https:\/\/schema.org","@graph":[{"@type":"Article","@id":"https:\/\/aldiachaco.com.ar\/index.php\/2024\/11\/22\/resistencia-el-gobierno-provincial-avanza-con-la-pavimentacion-de-la-av-9-de-julio\/#article","isPartOf":{"@id":"https:\/\/aldiachaco.com.ar\/index.php\/2024\/11\/22\/resistencia-el-gobierno-provincial-avanza-con-la-pavimentacion-de-la-av-9-de-julio\/"},"author":{"name":"aldiachaco.com.ar","@id":"https:\/\/aldiachaco.com.ar\/#\/schema\/person\/80113835e512ba580e79a945932487f5"},"headline":"Resistencia: el gobierno provincial avanza con la pavimentaci\u00f3n de la AV. 9 de Julio","datePublished":"2024-11-22T19:44:55+00:00","mainEntityOfPage":{"@id":"https:\/\/aldiachaco.com.ar\/index.php\/2024\/11\/22\/resistencia-el-gobierno-provincial-avanza-con-la-pavimentacion-de-la-av-9-de-julio\/"},"wordCount":356,"commentCount":0,"publisher":{"@id":"https:\/\/aldiachaco.com.ar\/#organization"},"image":{"@id":"https:\/\/aldiachaco.com.ar\/index.php\/2024\/11\/22\/resistencia-el-gobierno-provincial-avanza-con-la-pavimentacion-de-la-av-9-de-julio\/#primaryimage"},"thumbnailUrl":"https:\/\/aldiachaco.com.ar\/wp-content\/uploads\/2024\/11\/WhatsApp-Image-2024-11-22-at-8.17.21-AM.jpeg","articleSection":["Chaco","Resistencia"],"inLanguage":"es-AR","potentialAction":[{"@type":"CommentAction","name":"Comment","target":["https:\/\/aldiachaco.com.ar\/index.php\/2024\/11\/22\/resistencia-el-gobierno-provincial-avanza-con-la-pavimentacion-de-la-av-9-de-julio\/#respond"]}]},{"@type":"WebPage","@id":"https:\/\/aldiachaco.com.ar\/index.php\/2024\/11\/22\/resistencia-el-gobierno-provincial-avanza-con-la-pavimentacion-de-la-av-9-de-julio\/","url":"https:\/\/aldiachaco.com.ar\/index.php\/2024\/11\/22\/resistencia-el-gobierno-provincial-avanza-con-la-pavimentacion-de-la-av-9-de-julio\/","name":"Resistencia: el gobierno provincial avanza con la pavimentaci\u00f3n de la AV. 9 de Julio | Al Dia Chaco","isPartOf":{"@id":"https:\/\/aldiachaco.com.ar\/#website"},"primaryImageOfPage":{"@id":"https:\/\/aldiachaco.com.ar\/index.php\/2024\/11\/22\/resistencia-el-gobierno-provincial-avanza-con-la-pavimentacion-de-la-av-9-de-julio\/#primaryimage"},"image":{"@id":"https:\/\/aldiachaco.com.ar\/index.php\/2024\/11\/22\/resistencia-el-gobierno-provincial-avanza-con-la-pavimentacion-de-la-av-9-de-julio\/#primaryimage"},"thumbnailUrl":"https:\/\/aldiachaco.com.ar\/wp-content\/uploads\/2024\/11\/WhatsApp-Image-2024-11-22-at-8.17.21-AM.jpeg","datePublished":"2024-11-22T19:44:55+00:00","breadcrumb":{"@id":"https:\/\/aldiachaco.com.ar\/index.php\/2024\/11\/22\/resistencia-el-gobierno-provincial-avanza-con-la-pavimentacion-de-la-av-9-de-julio\/#breadcrumb"},"inLanguage":"es-AR","potentialAction":[{"@type":"ReadAction","target":["https:\/\/aldiachaco.com.ar\/index.php\/2024\/11\/22\/resistencia-el-gobierno-provincial-avanza-con-la-pavimentacion-de-la-av-9-de-julio\/"]}]},{"@type":"ImageObject","inLanguage":"es-AR","@id":"https:\/\/aldiachaco.com.ar\/index.php\/2024\/11\/22\/resistencia-el-gobierno-provincial-avanza-con-la-pavimentacion-de-la-av-9-de-julio\/#primaryimage","url":"https:\/\/aldiachaco.com.ar\/wp-content\/uploads\/2024\/11\/WhatsApp-Image-2024-11-22-at-8.17.21-AM.jpeg","contentUrl":"https:\/\/aldiachaco.com.ar\/wp-content\/uploads\/2024\/11\/WhatsApp-Image-2024-11-22-at-8.17.21-AM.jpeg","width":1080,"height":619},{"@type":"BreadcrumbList","@id":"https:\/\/aldiachaco.com.ar\/index.php\/2024\/11\/22\/resistencia-el-gobierno-provincial-avanza-con-la-pavimentacion-de-la-av-9-de-julio\/#breadcrumb","itemListElement":[{"@type":"ListItem","position":1,"name":"Home","item":"https:\/\/aldiachaco.com.ar\/"},{"@type":"ListItem","position":2,"name":"Resistencia: el gobierno provincial avanza con la pavimentaci\u00f3n de la AV. 9 de Julio"}]},{"@type":"WebSite","@id":"https:\/\/aldiachaco.com.ar\/#website","url":"https:\/\/aldiachaco.com.ar\/","name":"Al Dia Chaco","description":"Noticias del Chaco y el mundo","publisher":{"@id":"https:\/\/aldiachaco.com.ar\/#organization"},"alternateName":"Al D\u00eda Chaco","potentialAction":[{"@type":"SearchAction","target":{"@type":"EntryPoint","urlTemplate":"https:\/\/aldiachaco.com.ar\/?s={search_term_string}"},"query-input":{"@type":"PropertyValueSpecification","valueRequired":true,"valueName":"search_term_string"}}],"inLanguage":"es-AR"},{"@type":"Organization","@id":"https:\/\/aldiachaco.com.ar\/#organization","name":"Al Dia Chaco","url":"https:\/\/aldiachaco.com.ar\/","logo":{"@type":"ImageObject","inLanguage":"es-AR","@id":"https:\/\/aldiachaco.com.ar\/#\/schema\/logo\/image\/","url":"https:\/\/aldiachaco.com.ar\/wp-content\/uploads\/2017\/11\/AL-DIA-CHACO-L@2x.png","contentUrl":"https:\/\/aldiachaco.com.ar\/wp-content\/uploads\/2017\/11\/AL-DIA-CHACO-L@2x.png","width":232,"height":60,"caption":"Al Dia Chaco"},"image":{"@id":"https:\/\/aldiachaco.com.ar\/#\/schema\/logo\/image\/"}},{"@type":"Person","@id":"https:\/\/aldiachaco.com.ar\/#\/schema\/person\/80113835e512ba580e79a945932487f5","name":"aldiachaco.com.ar","image":{"@type":"ImageObject","inLanguage":"es-AR","@id":"https:\/\/aldiachaco.com.ar\/wp-content\/litespeed\/avatar\/a7c4ebc5454089d3fd4ef6b87fdd073a.jpg?ver=1777471945","url":"https:\/\/aldiachaco.com.ar\/wp-content\/litespeed\/avatar\/a7c4ebc5454089d3fd4ef6b87fdd073a.jpg?ver=1777471945","contentUrl":"https:\/\/aldiachaco.com.ar\/wp-content\/litespeed\/avatar\/a7c4ebc5454089d3fd4ef6b87fdd073a.jpg?ver=1777471945","caption":"aldiachaco.com.ar"},"sameAs":["https:\/\/aldiachaco.com.ar"],"url":"https:\/\/aldiachaco.com.ar\/index.php\/author\/lime-camel-884546-hostingersite-com\/"}]}},"jetpack_publicize_connections":[],"jetpack_featured_media_url":"https:\/\/aldiachaco.com.ar\/wp-content\/uploads\/2024\/11\/WhatsApp-Image-2024-11-22-at-8.17.21-AM.jpeg","jetpack_sharing_enabled":true,"amp_enabled":true,"_links":{"self":[{"href":"https:\/\/aldiachaco.com.ar\/index.php\/wp-json\/wp\/v2\/posts\/9645","targetHints":{"allow":["GET"]}}],"collection":[{"href":"https:\/\/aldiachaco.com.ar\/index.php\/wp-json\/wp\/v2\/posts"}],"about":[{"href":"https:\/\/aldiachaco.com.ar\/index.php\/wp-json\/wp\/v2\/types\/post"}],"author":[{"embeddable":true,"href":"https:\/\/aldiachaco.com.ar\/index.php\/wp-json\/wp\/v2\/users\/1"}],"replies":[{"embeddable":true,"href":"https:\/\/aldiachaco.com.ar\/index.php\/wp-json\/wp\/v2\/comments?post=9645"}],"version-history":[{"count":1,"href":"https:\/\/aldiachaco.com.ar\/index.php\/wp-json\/wp\/v2\/posts\/9645\/revisions"}],"predecessor-version":[{"id":9647,"href":"https:\/\/aldiachaco.com.ar\/index.php\/wp-json\/wp\/v2\/posts\/9645\/revisions\/9647"}],"wp:featuredmedia":[{"embeddable":true,"href":"https:\/\/aldiachaco.com.ar\/index.php\/wp-json\/wp\/v2\/media\/9646"}],"wp:attachment":[{"href":"https:\/\/aldiachaco.com.ar\/index.php\/wp-json\/wp\/v2\/media?parent=9645"}],"wp:term":[{"taxonomy":"category","embeddable":true,"href":"https:\/\/aldiachaco.com.ar\/index.php\/wp-json\/wp\/v2\/categories?post=9645"},{"taxonomy":"post_tag","embeddable":true,"href":"https:\/\/aldiachaco.com.ar\/index.php\/wp-json\/wp\/v2\/tags?post=9645"}],"curies":[{"name":"wp","href":"https:\/\/api.w.org\/{rel}","templated":true}]}}