{"id":9556,"date":"2024-11-21T16:00:49","date_gmt":"2024-11-21T19:00:49","guid":{"rendered":"https:\/\/aldiachaco.com.ar\/?p=9556"},"modified":"2024-11-21T16:01:31","modified_gmt":"2024-11-21T19:01:31","slug":"luis-miguel-cerraria-su-gira-mundial-en-buenos-aires-todos-los-detalles","status":"publish","type":"post","link":"https:\/\/aldiachaco.com.ar\/index.php\/2024\/11\/21\/luis-miguel-cerraria-su-gira-mundial-en-buenos-aires-todos-los-detalles\/","title":{"rendered":"Luis Miguel cerrar\u00eda su gira mundial en Buenos Aires: todos los detalles"},"content":{"rendered":"<p class=\"paragraph\" data-mrf-recirculation=\"Links inline\"><a href=\"https:\/\/www.infobae.com\/tag\/luis-miguel\/\" target=\"_blank\" rel=\"noopener noreferrer\" data-mrf-link=\"https:\/\/www.infobae.com\/tag\/luis-miguel\/\"><b>Luis Miguel<\/b><\/a>\u00a0estar\u00eda considerando cerrar su espectacular\u00a0<i><b>Luis Miguel Tour<\/b><\/i>\u00a0en la Ciudad de Buenos Aires. Seg\u00fan pudo saber\u00a0<b>Teleshow<\/b>, el afamado cantante nacido en Puerto Rico, pero considerado\u00a0<i>El Sol de M\u00e9xico<\/i>, est\u00e1 finalizando la gira con la que viene batiendo r\u00e9cords de entradas vendidas en todo el mundo y habr\u00eda puesto la mira en la capital argentina. De concretarse, el lugar y la fecha elegida para estos shows ser\u00edan el\u00a0<b>Campo Argentino de Polo a mediados del mes de diciembre<\/b>.<\/p>\n<p class=\"paragraph\" data-mrf-recirculation=\"Links inline\">La gira, producida por Fenix Entertainment y CMN,\u00a0hab\u00eda comenzado justamente en Buenos Aires el pasado 3 de agosto de 2023, con una serie de diez conciertos completamente agotados en el Movistar Arena. Desde ah\u00ed,\u00a0<i>Luismi<\/i>\u00a0recorri\u00f3 Am\u00e9rica Latina, Estados Unidos, Canad\u00e1 y Europa, logrando cifras impactantes: 66 shows en 2023 y 124 en 2024, cantando para un total de\u00a0<b>3.1 millones de espectadores<\/b>. El artista logr\u00f3 los correspondientes\u00a0<i>sold out\u00a0<\/i>en cada una de sus fechas el mismo d\u00eda en que las entradas salieron a la venta.<\/p>\n<div class=\"inline ad-wrapper\">\n<div class=\"dfpAd ad-inline\"><\/div>\n<\/div>\n<p class=\"paragraph\" data-mrf-recirculation=\"Links inline\">El posible cierre del tour en Buenos Aires podr\u00eda generar, adem\u00e1s, un gran movimiento tur\u00edstico, con la llegada de fans de\u00a0<i>Luismi\u00a0<\/i>provenientes de todo el continente americano. Sin embargo,\u00a0<b>su realizaci\u00f3n depende de que el Gobierno de la Ciudad de Buenos Aires (GCBA) otorgue los permisos correspondientes para habilitar al Campo Argentino de Polo<\/b>\u00a0como sede para esta vuelta.<\/p>\n<div class=\"news-module\" data-mrf-recirculation=\"IL_RjJ8XQ94SCCdND4VX9YvyQ\" data-testid=\"text-html\" data-mrf-experience=\"IL_RjJ8XQ94SCCdND4VX9YvyQ\">\n<div class=\"recommended-card__image-container\"><\/div>\n<\/div>\n<p class=\"paragraph\" data-mrf-recirculation=\"Links inline\">En ese marco, los rumores y las expectativas entre los fan\u00e1ticos del cantante siguen creciendo, a la espera de que se confirme no solo esta funci\u00f3n sino tambi\u00e9n su correspondiente venta de entradas. As\u00ed, Buenos Aires, la ciudad que recibi\u00f3 a Luis Miguel con los brazos abiertos en su regreso a los escenarios, podr\u00eda ser testigo del broche de oro de un\u00a0<i>tour\u00a0<\/i>que marc\u00f3 un antes y un despu\u00e9s en la historia del cantante.<\/p>\n<div class=\"inline_2_DSK ad-wrapper ad-desktop\">\n<div class=\"dfpAd ad-inline\"><\/div>\n<\/div>\n<p class=\"paragraph\" data-mrf-recirculation=\"Links inline\">El \u00e9xito del\u00a0<i>Luis Miguel Tour<\/i>\u00a0no solo se mide en n\u00fameros, sino tambi\u00e9n en impacto cultural. Seg\u00fan Pollstar, medio especializado en industria musical, esta gira alcanz\u00f3 el primer puesto en el ranking\u00a0<i>Live 75<\/i>, superando a gigantes globales como\u00a0<b>U2\u00a0<\/b>y\u00a0<b>Madonna<\/b>. Este gran regreso a los escenarios reafirm\u00f3 su estatus como el artista latino m\u00e1s taquillero de todos los tiempos, con un despliegue t\u00e9cnico de primer nivel que incluy\u00f3 un equipo de m\u00e1s de 150 personas, 15 m\u00fasicos y 19 mariachis que viajaron por el mundo junto al cantante.<\/p>\n<div class=\"news-module\" data-mrf-recirculation=\"IL_wPVu_IE4S76a5Gsl0lX8mA\" data-testid=\"text-html\" data-mrf-experience=\"IL_wPVu_IE4S76a5Gsl0lX8mA\">\n<div class=\"recommended-card__image-container\"><\/div>\n<\/div>\n<p class=\"paragraph\" data-mrf-recirculation=\"Links inline\">Luego de su inicio en Buenos Aires, la gira volvi\u00f3 a esta misma ciudad en marzo de este a\u00f1o.\u00a0Primero, a trav\u00e9s de la exclusiva gala de lujo organizada en La Rural:\u00a0<b>con 206 mesas con 10 comensales en cada una dispuestas mirando hacia el escenario, el sal\u00f3n recibi\u00f3 a 2200 personas que pagaron entre 800 mil y 1.800.000 pesos.\u00a0<\/b>El men\u00fa de la velada consisti\u00f3 en un\u00a0<i>cocktail\u00a0<\/i>de recepci\u00f3n, una cena de tres pasos y bebidas. Esta no fue la primera vez que el cantante ofrece una cena show, ya lo hizo en otras oportunidades en el predio de Costa Salguero.<\/p>\n<div class=\"slider-feed power-up\">\n<div class=\"swiper swiper-initialized swiper-horizontal slider-feed-swiper swiper-backface-hidden\">\n<div id=\"swiper-wrapper-995d7484befeeda5\" class=\"swiper-wrapper\" aria-live=\"polite\">\n<div class=\"swiper-slide slider-feed-item\" role=\"group\" aria-label=\"4 \/ 4\">\n<div class=\"bajalibros-card-horizontal-book-img-ctn audio\"><\/div>\n<\/div>\n<\/div>\n<\/div>\n<\/div>\n<p class=\"paragraph\" data-mrf-recirculation=\"Links inline\">Y adem\u00e1s, realiz\u00f3 tres presentaciones en el Campo Argentino de Polo, ocasiones en las que aprovech\u00f3 para recorrer buena parte de sus 40 a\u00f1os de trayectoria en la m\u00fasica. Desde el inicial \u201cSer\u00e1 que no me amas\u201d, el cantante fue pasando por sus distintas etapas, conocidas por al menos cuatro generaciones, invitando a la nostalgia, al amor y al desamor. Es por eso que no faltaron los boleros, el pop, los duetos digitales -con\u00a0<b>Michael Jackson<\/b>\u00a0y\u00a0<b>Frank Sinatra<\/b>\u00a0apareciendo en las pantallas- y su \u00e9poca ranchera en compa\u00f1\u00eda de los mariachis. Una verdadera avalancha de hits que el p\u00fablico local supo apreciar y devolver con fervor al cantante, que en todo momento agradeci\u00f3 con su sonrisa indestructible.<\/p>\n","protected":false},"excerpt":{"rendered":"<p>Luis Miguel\u00a0estar\u00eda considerando cerrar su espectacular\u00a0Luis Miguel Tour\u00a0en la Ciudad de Buenos Aires. Seg\u00fan pudo saber\u00a0Teleshow, el afamado cantante nacido en Puerto Rico, pero considerado\u00a0El Sol de M\u00e9xico, est\u00e1 finalizando la gira con la que viene batiendo r\u00e9cords de entradas vendidas en todo el mundo y habr\u00eda puesto la mira en la capital argentina. De &hellip;<\/p>\n","protected":false},"author":1,"featured_media":9558,"comment_status":"open","ping_status":"open","sticky":false,"template":"","format":"standard","meta":{"content-type":"","_monsterinsights_skip_tracking":false,"_monsterinsights_sitenote_active":false,"_monsterinsights_sitenote_note":"","_monsterinsights_sitenote_category":0,"_jetpack_memberships_contains_paid_content":false,"footnotes":"","jetpack_publicize_message":"","jetpack_publicize_feature_enabled":true,"jetpack_social_post_already_shared":true,"jetpack_social_options":{"image_generator_settings":{"template":"highway","default_image_id":0,"font":"","enabled":false},"version":2}},"categories":[213],"tags":[],"class_list":["post-9556","post","type-post","status-publish","format-standard","has-post-thumbnail","hentry","category-musica"],"yoast_head":"<!-- This site is optimized with the Yoast SEO plugin v27.4 - https:\/\/yoast.com\/product\/yoast-seo-wordpress\/ -->\n<title>Luis Miguel cerrar\u00eda su gira mundial en Buenos Aires: todos los detalles | Al Dia Chaco<\/title>\n<meta name=\"robots\" content=\"index, follow, max-snippet:-1, max-image-preview:large, max-video-preview:-1\" \/>\n<link rel=\"canonical\" href=\"https:\/\/aldiachaco.com.ar\/index.php\/2024\/11\/21\/luis-miguel-cerraria-su-gira-mundial-en-buenos-aires-todos-los-detalles\/\" \/>\n<meta property=\"og:locale\" content=\"es_ES\" \/>\n<meta property=\"og:type\" content=\"article\" \/>\n<meta property=\"og:title\" content=\"Luis Miguel cerrar\u00eda su gira mundial en Buenos Aires: todos los detalles | Al Dia Chaco\" \/>\n<meta property=\"og:description\" content=\"Luis Miguel\u00a0estar\u00eda considerando cerrar su espectacular\u00a0Luis Miguel Tour\u00a0en la Ciudad de Buenos Aires. Seg\u00fan pudo saber\u00a0Teleshow, el afamado cantante nacido en Puerto Rico, pero considerado\u00a0El Sol de M\u00e9xico, est\u00e1 finalizando la gira con la que viene batiendo r\u00e9cords de entradas vendidas en todo el mundo y habr\u00eda puesto la mira en la capital argentina. De &hellip;\" \/>\n<meta property=\"og:url\" content=\"https:\/\/aldiachaco.com.ar\/index.php\/2024\/11\/21\/luis-miguel-cerraria-su-gira-mundial-en-buenos-aires-todos-los-detalles\/\" \/>\n<meta property=\"og:site_name\" content=\"Al Dia Chaco\" \/>\n<meta property=\"article:published_time\" content=\"2024-11-21T19:00:49+00:00\" \/>\n<meta property=\"article:modified_time\" content=\"2024-11-21T19:01:31+00:00\" \/>\n<meta property=\"og:image\" content=\"https:\/\/aldiachaco.com.ar\/wp-content\/uploads\/2024\/11\/O2FJYWSYRFEGPHF6NKVJQQWLTM.jpg\" \/>\n\t<meta property=\"og:image:width\" content=\"992\" \/>\n\t<meta property=\"og:image:height\" content=\"558\" \/>\n\t<meta property=\"og:image:type\" content=\"image\/jpeg\" \/>\n<meta name=\"author\" content=\"aldiachaco.com.ar\" \/>\n<meta name=\"twitter:card\" content=\"summary_large_image\" \/>\n<meta name=\"twitter:label1\" content=\"Escrito por\" \/>\n\t<meta name=\"twitter:data1\" content=\"aldiachaco.com.ar\" \/>\n\t<meta name=\"twitter:label2\" content=\"Tiempo de lectura\" \/>\n\t<meta name=\"twitter:data2\" content=\"4 minutos\" \/>\n<script type=\"application\/ld+json\" class=\"yoast-schema-graph\">{\"@context\":\"https:\\\/\\\/schema.org\",\"@graph\":[{\"@type\":\"Article\",\"@id\":\"https:\\\/\\\/aldiachaco.com.ar\\\/index.php\\\/2024\\\/11\\\/21\\\/luis-miguel-cerraria-su-gira-mundial-en-buenos-aires-todos-los-detalles\\\/#article\",\"isPartOf\":{\"@id\":\"https:\\\/\\\/aldiachaco.com.ar\\\/index.php\\\/2024\\\/11\\\/21\\\/luis-miguel-cerraria-su-gira-mundial-en-buenos-aires-todos-los-detalles\\\/\"},\"author\":{\"name\":\"aldiachaco.com.ar\",\"@id\":\"https:\\\/\\\/aldiachaco.com.ar\\\/#\\\/schema\\\/person\\\/80113835e512ba580e79a945932487f5\"},\"headline\":\"Luis Miguel cerrar\u00eda su gira mundial en Buenos Aires: todos los detalles\",\"datePublished\":\"2024-11-21T19:00:49+00:00\",\"dateModified\":\"2024-11-21T19:01:31+00:00\",\"mainEntityOfPage\":{\"@id\":\"https:\\\/\\\/aldiachaco.com.ar\\\/index.php\\\/2024\\\/11\\\/21\\\/luis-miguel-cerraria-su-gira-mundial-en-buenos-aires-todos-los-detalles\\\/\"},\"wordCount\":647,\"commentCount\":0,\"publisher\":{\"@id\":\"https:\\\/\\\/aldiachaco.com.ar\\\/#organization\"},\"image\":{\"@id\":\"https:\\\/\\\/aldiachaco.com.ar\\\/index.php\\\/2024\\\/11\\\/21\\\/luis-miguel-cerraria-su-gira-mundial-en-buenos-aires-todos-los-detalles\\\/#primaryimage\"},\"thumbnailUrl\":\"https:\\\/\\\/aldiachaco.com.ar\\\/wp-content\\\/uploads\\\/2024\\\/11\\\/O2FJYWSYRFEGPHF6NKVJQQWLTM.jpg\",\"articleSection\":[\"M\u00fasica\"],\"inLanguage\":\"es-AR\",\"potentialAction\":[{\"@type\":\"CommentAction\",\"name\":\"Comment\",\"target\":[\"https:\\\/\\\/aldiachaco.com.ar\\\/index.php\\\/2024\\\/11\\\/21\\\/luis-miguel-cerraria-su-gira-mundial-en-buenos-aires-todos-los-detalles\\\/#respond\"]}]},{\"@type\":\"WebPage\",\"@id\":\"https:\\\/\\\/aldiachaco.com.ar\\\/index.php\\\/2024\\\/11\\\/21\\\/luis-miguel-cerraria-su-gira-mundial-en-buenos-aires-todos-los-detalles\\\/\",\"url\":\"https:\\\/\\\/aldiachaco.com.ar\\\/index.php\\\/2024\\\/11\\\/21\\\/luis-miguel-cerraria-su-gira-mundial-en-buenos-aires-todos-los-detalles\\\/\",\"name\":\"Luis Miguel cerrar\u00eda su gira mundial en Buenos Aires: todos los detalles | Al Dia Chaco\",\"isPartOf\":{\"@id\":\"https:\\\/\\\/aldiachaco.com.ar\\\/#website\"},\"primaryImageOfPage\":{\"@id\":\"https:\\\/\\\/aldiachaco.com.ar\\\/index.php\\\/2024\\\/11\\\/21\\\/luis-miguel-cerraria-su-gira-mundial-en-buenos-aires-todos-los-detalles\\\/#primaryimage\"},\"image\":{\"@id\":\"https:\\\/\\\/aldiachaco.com.ar\\\/index.php\\\/2024\\\/11\\\/21\\\/luis-miguel-cerraria-su-gira-mundial-en-buenos-aires-todos-los-detalles\\\/#primaryimage\"},\"thumbnailUrl\":\"https:\\\/\\\/aldiachaco.com.ar\\\/wp-content\\\/uploads\\\/2024\\\/11\\\/O2FJYWSYRFEGPHF6NKVJQQWLTM.jpg\",\"datePublished\":\"2024-11-21T19:00:49+00:00\",\"dateModified\":\"2024-11-21T19:01:31+00:00\",\"breadcrumb\":{\"@id\":\"https:\\\/\\\/aldiachaco.com.ar\\\/index.php\\\/2024\\\/11\\\/21\\\/luis-miguel-cerraria-su-gira-mundial-en-buenos-aires-todos-los-detalles\\\/#breadcrumb\"},\"inLanguage\":\"es-AR\",\"potentialAction\":[{\"@type\":\"ReadAction\",\"target\":[\"https:\\\/\\\/aldiachaco.com.ar\\\/index.php\\\/2024\\\/11\\\/21\\\/luis-miguel-cerraria-su-gira-mundial-en-buenos-aires-todos-los-detalles\\\/\"]}]},{\"@type\":\"ImageObject\",\"inLanguage\":\"es-AR\",\"@id\":\"https:\\\/\\\/aldiachaco.com.ar\\\/index.php\\\/2024\\\/11\\\/21\\\/luis-miguel-cerraria-su-gira-mundial-en-buenos-aires-todos-los-detalles\\\/#primaryimage\",\"url\":\"https:\\\/\\\/aldiachaco.com.ar\\\/wp-content\\\/uploads\\\/2024\\\/11\\\/O2FJYWSYRFEGPHF6NKVJQQWLTM.jpg\",\"contentUrl\":\"https:\\\/\\\/aldiachaco.com.ar\\\/wp-content\\\/uploads\\\/2024\\\/11\\\/O2FJYWSYRFEGPHF6NKVJQQWLTM.jpg\",\"width\":992,\"height\":558},{\"@type\":\"BreadcrumbList\",\"@id\":\"https:\\\/\\\/aldiachaco.com.ar\\\/index.php\\\/2024\\\/11\\\/21\\\/luis-miguel-cerraria-su-gira-mundial-en-buenos-aires-todos-los-detalles\\\/#breadcrumb\",\"itemListElement\":[{\"@type\":\"ListItem\",\"position\":1,\"name\":\"Home\",\"item\":\"https:\\\/\\\/aldiachaco.com.ar\\\/\"},{\"@type\":\"ListItem\",\"position\":2,\"name\":\"Luis Miguel cerrar\u00eda su gira mundial en Buenos Aires: todos los detalles\"}]},{\"@type\":\"WebSite\",\"@id\":\"https:\\\/\\\/aldiachaco.com.ar\\\/#website\",\"url\":\"https:\\\/\\\/aldiachaco.com.ar\\\/\",\"name\":\"Al Dia Chaco\",\"description\":\"Noticias del Chaco y el mundo\",\"publisher\":{\"@id\":\"https:\\\/\\\/aldiachaco.com.ar\\\/#organization\"},\"alternateName\":\"Al D\u00eda Chaco\",\"potentialAction\":[{\"@type\":\"SearchAction\",\"target\":{\"@type\":\"EntryPoint\",\"urlTemplate\":\"https:\\\/\\\/aldiachaco.com.ar\\\/?s={search_term_string}\"},\"query-input\":{\"@type\":\"PropertyValueSpecification\",\"valueRequired\":true,\"valueName\":\"search_term_string\"}}],\"inLanguage\":\"es-AR\"},{\"@type\":\"Organization\",\"@id\":\"https:\\\/\\\/aldiachaco.com.ar\\\/#organization\",\"name\":\"Al Dia Chaco\",\"url\":\"https:\\\/\\\/aldiachaco.com.ar\\\/\",\"logo\":{\"@type\":\"ImageObject\",\"inLanguage\":\"es-AR\",\"@id\":\"https:\\\/\\\/aldiachaco.com.ar\\\/#\\\/schema\\\/logo\\\/image\\\/\",\"url\":\"https:\\\/\\\/aldiachaco.com.ar\\\/wp-content\\\/uploads\\\/2017\\\/11\\\/AL-DIA-CHACO-L@2x.png\",\"contentUrl\":\"https:\\\/\\\/aldiachaco.com.ar\\\/wp-content\\\/uploads\\\/2017\\\/11\\\/AL-DIA-CHACO-L@2x.png\",\"width\":232,\"height\":60,\"caption\":\"Al Dia Chaco\"},\"image\":{\"@id\":\"https:\\\/\\\/aldiachaco.com.ar\\\/#\\\/schema\\\/logo\\\/image\\\/\"}},{\"@type\":\"Person\",\"@id\":\"https:\\\/\\\/aldiachaco.com.ar\\\/#\\\/schema\\\/person\\\/80113835e512ba580e79a945932487f5\",\"name\":\"aldiachaco.com.ar\",\"image\":{\"@type\":\"ImageObject\",\"inLanguage\":\"es-AR\",\"@id\":\"https:\\\/\\\/aldiachaco.com.ar\\\/wp-content\\\/litespeed\\\/avatar\\\/a7c4ebc5454089d3fd4ef6b87fdd073a.jpg?ver=1777471945\",\"url\":\"https:\\\/\\\/aldiachaco.com.ar\\\/wp-content\\\/litespeed\\\/avatar\\\/a7c4ebc5454089d3fd4ef6b87fdd073a.jpg?ver=1777471945\",\"contentUrl\":\"https:\\\/\\\/aldiachaco.com.ar\\\/wp-content\\\/litespeed\\\/avatar\\\/a7c4ebc5454089d3fd4ef6b87fdd073a.jpg?ver=1777471945\",\"caption\":\"aldiachaco.com.ar\"},\"sameAs\":[\"https:\\\/\\\/aldiachaco.com.ar\"],\"url\":\"https:\\\/\\\/aldiachaco.com.ar\\\/index.php\\\/author\\\/lime-camel-884546-hostingersite-com\\\/\"}]}<\/script>\n<!-- \/ Yoast SEO plugin. -->","yoast_head_json":{"title":"Luis Miguel cerrar\u00eda su gira mundial en Buenos Aires: todos los detalles | Al Dia Chaco","robots":{"index":"index","follow":"follow","max-snippet":"max-snippet:-1","max-image-preview":"max-image-preview:large","max-video-preview":"max-video-preview:-1"},"canonical":"https:\/\/aldiachaco.com.ar\/index.php\/2024\/11\/21\/luis-miguel-cerraria-su-gira-mundial-en-buenos-aires-todos-los-detalles\/","og_locale":"es_ES","og_type":"article","og_title":"Luis Miguel cerrar\u00eda su gira mundial en Buenos Aires: todos los detalles | Al Dia Chaco","og_description":"Luis Miguel\u00a0estar\u00eda considerando cerrar su espectacular\u00a0Luis Miguel Tour\u00a0en la Ciudad de Buenos Aires. Seg\u00fan pudo saber\u00a0Teleshow, el afamado cantante nacido en Puerto Rico, pero considerado\u00a0El Sol de M\u00e9xico, est\u00e1 finalizando la gira con la que viene batiendo r\u00e9cords de entradas vendidas en todo el mundo y habr\u00eda puesto la mira en la capital argentina. De &hellip;","og_url":"https:\/\/aldiachaco.com.ar\/index.php\/2024\/11\/21\/luis-miguel-cerraria-su-gira-mundial-en-buenos-aires-todos-los-detalles\/","og_site_name":"Al Dia Chaco","article_published_time":"2024-11-21T19:00:49+00:00","article_modified_time":"2024-11-21T19:01:31+00:00","og_image":[{"width":992,"height":558,"url":"https:\/\/aldiachaco.com.ar\/wp-content\/uploads\/2024\/11\/O2FJYWSYRFEGPHF6NKVJQQWLTM.jpg","type":"image\/jpeg"}],"author":"aldiachaco.com.ar","twitter_card":"summary_large_image","twitter_misc":{"Escrito por":"aldiachaco.com.ar","Tiempo de lectura":"4 minutos"},"schema":{"@context":"https:\/\/schema.org","@graph":[{"@type":"Article","@id":"https:\/\/aldiachaco.com.ar\/index.php\/2024\/11\/21\/luis-miguel-cerraria-su-gira-mundial-en-buenos-aires-todos-los-detalles\/#article","isPartOf":{"@id":"https:\/\/aldiachaco.com.ar\/index.php\/2024\/11\/21\/luis-miguel-cerraria-su-gira-mundial-en-buenos-aires-todos-los-detalles\/"},"author":{"name":"aldiachaco.com.ar","@id":"https:\/\/aldiachaco.com.ar\/#\/schema\/person\/80113835e512ba580e79a945932487f5"},"headline":"Luis Miguel cerrar\u00eda su gira mundial en Buenos Aires: todos los detalles","datePublished":"2024-11-21T19:00:49+00:00","dateModified":"2024-11-21T19:01:31+00:00","mainEntityOfPage":{"@id":"https:\/\/aldiachaco.com.ar\/index.php\/2024\/11\/21\/luis-miguel-cerraria-su-gira-mundial-en-buenos-aires-todos-los-detalles\/"},"wordCount":647,"commentCount":0,"publisher":{"@id":"https:\/\/aldiachaco.com.ar\/#organization"},"image":{"@id":"https:\/\/aldiachaco.com.ar\/index.php\/2024\/11\/21\/luis-miguel-cerraria-su-gira-mundial-en-buenos-aires-todos-los-detalles\/#primaryimage"},"thumbnailUrl":"https:\/\/aldiachaco.com.ar\/wp-content\/uploads\/2024\/11\/O2FJYWSYRFEGPHF6NKVJQQWLTM.jpg","articleSection":["M\u00fasica"],"inLanguage":"es-AR","potentialAction":[{"@type":"CommentAction","name":"Comment","target":["https:\/\/aldiachaco.com.ar\/index.php\/2024\/11\/21\/luis-miguel-cerraria-su-gira-mundial-en-buenos-aires-todos-los-detalles\/#respond"]}]},{"@type":"WebPage","@id":"https:\/\/aldiachaco.com.ar\/index.php\/2024\/11\/21\/luis-miguel-cerraria-su-gira-mundial-en-buenos-aires-todos-los-detalles\/","url":"https:\/\/aldiachaco.com.ar\/index.php\/2024\/11\/21\/luis-miguel-cerraria-su-gira-mundial-en-buenos-aires-todos-los-detalles\/","name":"Luis Miguel cerrar\u00eda su gira mundial en Buenos Aires: todos los detalles | Al Dia Chaco","isPartOf":{"@id":"https:\/\/aldiachaco.com.ar\/#website"},"primaryImageOfPage":{"@id":"https:\/\/aldiachaco.com.ar\/index.php\/2024\/11\/21\/luis-miguel-cerraria-su-gira-mundial-en-buenos-aires-todos-los-detalles\/#primaryimage"},"image":{"@id":"https:\/\/aldiachaco.com.ar\/index.php\/2024\/11\/21\/luis-miguel-cerraria-su-gira-mundial-en-buenos-aires-todos-los-detalles\/#primaryimage"},"thumbnailUrl":"https:\/\/aldiachaco.com.ar\/wp-content\/uploads\/2024\/11\/O2FJYWSYRFEGPHF6NKVJQQWLTM.jpg","datePublished":"2024-11-21T19:00:49+00:00","dateModified":"2024-11-21T19:01:31+00:00","breadcrumb":{"@id":"https:\/\/aldiachaco.com.ar\/index.php\/2024\/11\/21\/luis-miguel-cerraria-su-gira-mundial-en-buenos-aires-todos-los-detalles\/#breadcrumb"},"inLanguage":"es-AR","potentialAction":[{"@type":"ReadAction","target":["https:\/\/aldiachaco.com.ar\/index.php\/2024\/11\/21\/luis-miguel-cerraria-su-gira-mundial-en-buenos-aires-todos-los-detalles\/"]}]},{"@type":"ImageObject","inLanguage":"es-AR","@id":"https:\/\/aldiachaco.com.ar\/index.php\/2024\/11\/21\/luis-miguel-cerraria-su-gira-mundial-en-buenos-aires-todos-los-detalles\/#primaryimage","url":"https:\/\/aldiachaco.com.ar\/wp-content\/uploads\/2024\/11\/O2FJYWSYRFEGPHF6NKVJQQWLTM.jpg","contentUrl":"https:\/\/aldiachaco.com.ar\/wp-content\/uploads\/2024\/11\/O2FJYWSYRFEGPHF6NKVJQQWLTM.jpg","width":992,"height":558},{"@type":"BreadcrumbList","@id":"https:\/\/aldiachaco.com.ar\/index.php\/2024\/11\/21\/luis-miguel-cerraria-su-gira-mundial-en-buenos-aires-todos-los-detalles\/#breadcrumb","itemListElement":[{"@type":"ListItem","position":1,"name":"Home","item":"https:\/\/aldiachaco.com.ar\/"},{"@type":"ListItem","position":2,"name":"Luis Miguel cerrar\u00eda su gira mundial en Buenos Aires: todos los detalles"}]},{"@type":"WebSite","@id":"https:\/\/aldiachaco.com.ar\/#website","url":"https:\/\/aldiachaco.com.ar\/","name":"Al Dia Chaco","description":"Noticias del Chaco y el mundo","publisher":{"@id":"https:\/\/aldiachaco.com.ar\/#organization"},"alternateName":"Al D\u00eda Chaco","potentialAction":[{"@type":"SearchAction","target":{"@type":"EntryPoint","urlTemplate":"https:\/\/aldiachaco.com.ar\/?s={search_term_string}"},"query-input":{"@type":"PropertyValueSpecification","valueRequired":true,"valueName":"search_term_string"}}],"inLanguage":"es-AR"},{"@type":"Organization","@id":"https:\/\/aldiachaco.com.ar\/#organization","name":"Al Dia Chaco","url":"https:\/\/aldiachaco.com.ar\/","logo":{"@type":"ImageObject","inLanguage":"es-AR","@id":"https:\/\/aldiachaco.com.ar\/#\/schema\/logo\/image\/","url":"https:\/\/aldiachaco.com.ar\/wp-content\/uploads\/2017\/11\/AL-DIA-CHACO-L@2x.png","contentUrl":"https:\/\/aldiachaco.com.ar\/wp-content\/uploads\/2017\/11\/AL-DIA-CHACO-L@2x.png","width":232,"height":60,"caption":"Al Dia Chaco"},"image":{"@id":"https:\/\/aldiachaco.com.ar\/#\/schema\/logo\/image\/"}},{"@type":"Person","@id":"https:\/\/aldiachaco.com.ar\/#\/schema\/person\/80113835e512ba580e79a945932487f5","name":"aldiachaco.com.ar","image":{"@type":"ImageObject","inLanguage":"es-AR","@id":"https:\/\/aldiachaco.com.ar\/wp-content\/litespeed\/avatar\/a7c4ebc5454089d3fd4ef6b87fdd073a.jpg?ver=1777471945","url":"https:\/\/aldiachaco.com.ar\/wp-content\/litespeed\/avatar\/a7c4ebc5454089d3fd4ef6b87fdd073a.jpg?ver=1777471945","contentUrl":"https:\/\/aldiachaco.com.ar\/wp-content\/litespeed\/avatar\/a7c4ebc5454089d3fd4ef6b87fdd073a.jpg?ver=1777471945","caption":"aldiachaco.com.ar"},"sameAs":["https:\/\/aldiachaco.com.ar"],"url":"https:\/\/aldiachaco.com.ar\/index.php\/author\/lime-camel-884546-hostingersite-com\/"}]}},"jetpack_publicize_connections":[],"jetpack_featured_media_url":"https:\/\/aldiachaco.com.ar\/wp-content\/uploads\/2024\/11\/O2FJYWSYRFEGPHF6NKVJQQWLTM.jpg","jetpack_sharing_enabled":true,"amp_enabled":true,"_links":{"self":[{"href":"https:\/\/aldiachaco.com.ar\/index.php\/wp-json\/wp\/v2\/posts\/9556","targetHints":{"allow":["GET"]}}],"collection":[{"href":"https:\/\/aldiachaco.com.ar\/index.php\/wp-json\/wp\/v2\/posts"}],"about":[{"href":"https:\/\/aldiachaco.com.ar\/index.php\/wp-json\/wp\/v2\/types\/post"}],"author":[{"embeddable":true,"href":"https:\/\/aldiachaco.com.ar\/index.php\/wp-json\/wp\/v2\/users\/1"}],"replies":[{"embeddable":true,"href":"https:\/\/aldiachaco.com.ar\/index.php\/wp-json\/wp\/v2\/comments?post=9556"}],"version-history":[{"count":1,"href":"https:\/\/aldiachaco.com.ar\/index.php\/wp-json\/wp\/v2\/posts\/9556\/revisions"}],"predecessor-version":[{"id":9557,"href":"https:\/\/aldiachaco.com.ar\/index.php\/wp-json\/wp\/v2\/posts\/9556\/revisions\/9557"}],"wp:featuredmedia":[{"embeddable":true,"href":"https:\/\/aldiachaco.com.ar\/index.php\/wp-json\/wp\/v2\/media\/9558"}],"wp:attachment":[{"href":"https:\/\/aldiachaco.com.ar\/index.php\/wp-json\/wp\/v2\/media?parent=9556"}],"wp:term":[{"taxonomy":"category","embeddable":true,"href":"https:\/\/aldiachaco.com.ar\/index.php\/wp-json\/wp\/v2\/categories?post=9556"},{"taxonomy":"post_tag","embeddable":true,"href":"https:\/\/aldiachaco.com.ar\/index.php\/wp-json\/wp\/v2\/tags?post=9556"}],"curies":[{"name":"wp","href":"https:\/\/api.w.org\/{rel}","templated":true}]}}