{"id":9456,"date":"2024-09-11T20:28:27","date_gmt":"2024-09-11T23:28:27","guid":{"rendered":"https:\/\/aldiachaco.com.ar\/?p=9456"},"modified":"2024-09-11T20:28:27","modified_gmt":"2024-09-11T23:28:27","slug":"se-estreno-en-netflix-un-documental-sobre-la-tragica-vida-de-una-joven-chaquena-asesinada-en-mexico","status":"publish","type":"post","link":"https:\/\/aldiachaco.com.ar\/index.php\/2024\/09\/11\/se-estreno-en-netflix-un-documental-sobre-la-tragica-vida-de-una-joven-chaquena-asesinada-en-mexico\/","title":{"rendered":"Se estren\u00f3 en Netflix un documental sobre la tr\u00e1gica vida de una joven chaque\u00f1a asesinada en M\u00e9xico"},"content":{"rendered":"<p>Netflix lanz\u00f3 un documental que relata la vida de Karen Ail\u00e9n Grodzniski, una joven chaque\u00f1a de S\u00e1enz Pe\u00f1a que fue encontrada sin vida en un hotel de M\u00e9xico en diciembre de 2017. El documental, que consta de cuatro cap\u00edtulos, narra la historia de Karen junto a la de otras tres mujeres que trabajaban como escorts para el sitio web Zona Divas, un portal bajo sospecha en varias investigaciones.<\/p>\n<p>Karen, quien hab\u00eda emigrado de Argentina tras finalizar el secundario, se mud\u00f3 primero a Buenos Aires con el sue\u00f1o de desarrollarse en el modelaje y el body painting. En 2015, decidi\u00f3 viajar a M\u00e9xico tras recibir una oferta laboral que nunca detall\u00f3 a su familia. Desde su partida, mantuvo contacto telef\u00f3nico con sus padres, pero no regres\u00f3 al pa\u00eds.<\/p>\n<p>El caso de Karen sigue sin resolverse. La investigaci\u00f3n fue archivada y hasta la fecha no hay detenidos por su asesinato. Karina Lescano, madre de la joven, acept\u00f3 colaborar con el documental con la esperanza de que la verdadera historia de su hija sea contada. Seg\u00fan Lescano, los productores le aseguraron que el tratamiento de la historia ser\u00eda respetuoso y cuidadoso. &#8220;Vi la serie y estuve de acuerdo en que se hiciera. Este proyecto comenz\u00f3 en 2022, y cuando me contactaron, acept\u00e9 porque sent\u00ed que mi hija querr\u00eda que hablara sobre c\u00f3mo fue su vida&#8221;, afirm\u00f3.<\/p>\n<p>No obstante, Karina expres\u00f3 su descontento con algunas partes del documental, particularmente con las declaraciones de Sara Echeverr\u00eda, una amiga de Karen, quien afirm\u00f3 que la joven se sent\u00eda sola desde los 16 a\u00f1os. &#8220;Eso no es cierto. Mi hija siempre tuvo todo lo que necesitaba, estudi\u00f3 en un colegio privado, hizo su viaje de egresada a Bariloche y quer\u00eda estudiar Psicolog\u00eda en Tucum\u00e1n. Ya hab\u00edamos comenzado los tr\u00e1mites&#8221;, se\u00f1al\u00f3 Lescano.<\/p>\n<p>A pesar de sus objeciones, la madre de Karen sigue apoyando el proyecto, ya que cree que dignifica a las mujeres que, como su hija, fueron v\u00edctimas mientras trabajaban en condiciones peligrosas. &#8220;Quer\u00edan mostrar lo que les podr\u00eda pasar a otras chicas si segu\u00edan ese camino, y que todo iba a ser tratado con mucho respeto&#8221;, concluy\u00f3.<\/p>\n<p>A pesar de algunas diferencias sobre el enfoque del documental, Karina Lescano sigue comprometida en que la historia de su hija se conozca, destacando la importancia de prevenir que m\u00e1s j\u00f3venes enfrenten destinos similares al de Karen.<\/p>\n","protected":false},"excerpt":{"rendered":"<p>Netflix lanz\u00f3 un documental que relata la vida de Karen Ail\u00e9n Grodzniski, una joven chaque\u00f1a de S\u00e1enz Pe\u00f1a que fue encontrada sin vida en un hotel de M\u00e9xico en diciembre de 2017. El documental, que consta de cuatro cap\u00edtulos, narra la historia de Karen junto a la de otras tres mujeres que trabajaban como escorts &hellip;<\/p>\n","protected":false},"author":1,"featured_media":9458,"comment_status":"open","ping_status":"open","sticky":false,"template":"","format":"standard","meta":{"content-type":"","_monsterinsights_skip_tracking":false,"_monsterinsights_sitenote_active":false,"_monsterinsights_sitenote_note":"","_monsterinsights_sitenote_category":0,"_jetpack_memberships_contains_paid_content":false,"footnotes":"","jetpack_publicize_message":"","jetpack_publicize_feature_enabled":true,"jetpack_social_post_already_shared":true,"jetpack_social_options":{"image_generator_settings":{"template":"highway","default_image_id":0,"font":"","enabled":false},"version":2}},"categories":[159],"tags":[200],"class_list":["post-9456","post","type-post","status-publish","format-standard","has-post-thumbnail","hentry","category-espectaculos","tag-destacada"],"yoast_head":"<!-- This site is optimized with the Yoast SEO plugin v27.4 - https:\/\/yoast.com\/product\/yoast-seo-wordpress\/ -->\n<title>Se estren\u00f3 en Netflix un documental sobre la tr\u00e1gica vida de una joven chaque\u00f1a asesinada en M\u00e9xico | Al Dia Chaco<\/title>\n<meta name=\"robots\" content=\"index, follow, max-snippet:-1, max-image-preview:large, max-video-preview:-1\" \/>\n<link rel=\"canonical\" href=\"https:\/\/aldiachaco.com.ar\/index.php\/2024\/09\/11\/se-estreno-en-netflix-un-documental-sobre-la-tragica-vida-de-una-joven-chaquena-asesinada-en-mexico\/\" \/>\n<meta property=\"og:locale\" content=\"es_ES\" \/>\n<meta property=\"og:type\" content=\"article\" \/>\n<meta property=\"og:title\" content=\"Se estren\u00f3 en Netflix un documental sobre la tr\u00e1gica vida de una joven chaque\u00f1a asesinada en M\u00e9xico | Al Dia Chaco\" \/>\n<meta property=\"og:description\" content=\"Netflix lanz\u00f3 un documental que relata la vida de Karen Ail\u00e9n Grodzniski, una joven chaque\u00f1a de S\u00e1enz Pe\u00f1a que fue encontrada sin vida en un hotel de M\u00e9xico en diciembre de 2017. El documental, que consta de cuatro cap\u00edtulos, narra la historia de Karen junto a la de otras tres mujeres que trabajaban como escorts &hellip;\" \/>\n<meta property=\"og:url\" content=\"https:\/\/aldiachaco.com.ar\/index.php\/2024\/09\/11\/se-estreno-en-netflix-un-documental-sobre-la-tragica-vida-de-una-joven-chaquena-asesinada-en-mexico\/\" \/>\n<meta property=\"og:site_name\" content=\"Al Dia Chaco\" \/>\n<meta property=\"article:published_time\" content=\"2024-09-11T23:28:27+00:00\" \/>\n<meta property=\"og:image\" content=\"https:\/\/aldiachaco.com.ar\/wp-content\/uploads\/2024\/09\/779-Documental.webp\" \/>\n\t<meta property=\"og:image:width\" content=\"850\" \/>\n\t<meta property=\"og:image:height\" content=\"541\" \/>\n\t<meta property=\"og:image:type\" content=\"image\/webp\" \/>\n<meta name=\"author\" content=\"aldiachaco.com.ar\" \/>\n<meta name=\"twitter:card\" content=\"summary_large_image\" \/>\n<meta name=\"twitter:label1\" content=\"Escrito por\" \/>\n\t<meta name=\"twitter:data1\" content=\"aldiachaco.com.ar\" \/>\n\t<meta name=\"twitter:label2\" content=\"Tiempo de lectura\" \/>\n\t<meta name=\"twitter:data2\" content=\"2 minutos\" \/>\n<script type=\"application\/ld+json\" class=\"yoast-schema-graph\">{\"@context\":\"https:\\\/\\\/schema.org\",\"@graph\":[{\"@type\":\"Article\",\"@id\":\"https:\\\/\\\/aldiachaco.com.ar\\\/index.php\\\/2024\\\/09\\\/11\\\/se-estreno-en-netflix-un-documental-sobre-la-tragica-vida-de-una-joven-chaquena-asesinada-en-mexico\\\/#article\",\"isPartOf\":{\"@id\":\"https:\\\/\\\/aldiachaco.com.ar\\\/index.php\\\/2024\\\/09\\\/11\\\/se-estreno-en-netflix-un-documental-sobre-la-tragica-vida-de-una-joven-chaquena-asesinada-en-mexico\\\/\"},\"author\":{\"name\":\"aldiachaco.com.ar\",\"@id\":\"https:\\\/\\\/aldiachaco.com.ar\\\/#\\\/schema\\\/person\\\/80113835e512ba580e79a945932487f5\"},\"headline\":\"Se estren\u00f3 en Netflix un documental sobre la tr\u00e1gica vida de una joven chaque\u00f1a asesinada en M\u00e9xico\",\"datePublished\":\"2024-09-11T23:28:27+00:00\",\"mainEntityOfPage\":{\"@id\":\"https:\\\/\\\/aldiachaco.com.ar\\\/index.php\\\/2024\\\/09\\\/11\\\/se-estreno-en-netflix-un-documental-sobre-la-tragica-vida-de-una-joven-chaquena-asesinada-en-mexico\\\/\"},\"wordCount\":435,\"commentCount\":0,\"publisher\":{\"@id\":\"https:\\\/\\\/aldiachaco.com.ar\\\/#organization\"},\"image\":{\"@id\":\"https:\\\/\\\/aldiachaco.com.ar\\\/index.php\\\/2024\\\/09\\\/11\\\/se-estreno-en-netflix-un-documental-sobre-la-tragica-vida-de-una-joven-chaquena-asesinada-en-mexico\\\/#primaryimage\"},\"thumbnailUrl\":\"https:\\\/\\\/aldiachaco.com.ar\\\/wp-content\\\/uploads\\\/2024\\\/09\\\/779-Documental.webp\",\"keywords\":[\"Destacada\"],\"articleSection\":[\"Espect\u00e1culos\"],\"inLanguage\":\"es-AR\",\"potentialAction\":[{\"@type\":\"CommentAction\",\"name\":\"Comment\",\"target\":[\"https:\\\/\\\/aldiachaco.com.ar\\\/index.php\\\/2024\\\/09\\\/11\\\/se-estreno-en-netflix-un-documental-sobre-la-tragica-vida-de-una-joven-chaquena-asesinada-en-mexico\\\/#respond\"]}]},{\"@type\":\"WebPage\",\"@id\":\"https:\\\/\\\/aldiachaco.com.ar\\\/index.php\\\/2024\\\/09\\\/11\\\/se-estreno-en-netflix-un-documental-sobre-la-tragica-vida-de-una-joven-chaquena-asesinada-en-mexico\\\/\",\"url\":\"https:\\\/\\\/aldiachaco.com.ar\\\/index.php\\\/2024\\\/09\\\/11\\\/se-estreno-en-netflix-un-documental-sobre-la-tragica-vida-de-una-joven-chaquena-asesinada-en-mexico\\\/\",\"name\":\"Se estren\u00f3 en Netflix un documental sobre la tr\u00e1gica vida de una joven chaque\u00f1a asesinada en M\u00e9xico | Al Dia Chaco\",\"isPartOf\":{\"@id\":\"https:\\\/\\\/aldiachaco.com.ar\\\/#website\"},\"primaryImageOfPage\":{\"@id\":\"https:\\\/\\\/aldiachaco.com.ar\\\/index.php\\\/2024\\\/09\\\/11\\\/se-estreno-en-netflix-un-documental-sobre-la-tragica-vida-de-una-joven-chaquena-asesinada-en-mexico\\\/#primaryimage\"},\"image\":{\"@id\":\"https:\\\/\\\/aldiachaco.com.ar\\\/index.php\\\/2024\\\/09\\\/11\\\/se-estreno-en-netflix-un-documental-sobre-la-tragica-vida-de-una-joven-chaquena-asesinada-en-mexico\\\/#primaryimage\"},\"thumbnailUrl\":\"https:\\\/\\\/aldiachaco.com.ar\\\/wp-content\\\/uploads\\\/2024\\\/09\\\/779-Documental.webp\",\"datePublished\":\"2024-09-11T23:28:27+00:00\",\"breadcrumb\":{\"@id\":\"https:\\\/\\\/aldiachaco.com.ar\\\/index.php\\\/2024\\\/09\\\/11\\\/se-estreno-en-netflix-un-documental-sobre-la-tragica-vida-de-una-joven-chaquena-asesinada-en-mexico\\\/#breadcrumb\"},\"inLanguage\":\"es-AR\",\"potentialAction\":[{\"@type\":\"ReadAction\",\"target\":[\"https:\\\/\\\/aldiachaco.com.ar\\\/index.php\\\/2024\\\/09\\\/11\\\/se-estreno-en-netflix-un-documental-sobre-la-tragica-vida-de-una-joven-chaquena-asesinada-en-mexico\\\/\"]}]},{\"@type\":\"ImageObject\",\"inLanguage\":\"es-AR\",\"@id\":\"https:\\\/\\\/aldiachaco.com.ar\\\/index.php\\\/2024\\\/09\\\/11\\\/se-estreno-en-netflix-un-documental-sobre-la-tragica-vida-de-una-joven-chaquena-asesinada-en-mexico\\\/#primaryimage\",\"url\":\"https:\\\/\\\/aldiachaco.com.ar\\\/wp-content\\\/uploads\\\/2024\\\/09\\\/779-Documental.webp\",\"contentUrl\":\"https:\\\/\\\/aldiachaco.com.ar\\\/wp-content\\\/uploads\\\/2024\\\/09\\\/779-Documental.webp\",\"width\":850,\"height\":541},{\"@type\":\"BreadcrumbList\",\"@id\":\"https:\\\/\\\/aldiachaco.com.ar\\\/index.php\\\/2024\\\/09\\\/11\\\/se-estreno-en-netflix-un-documental-sobre-la-tragica-vida-de-una-joven-chaquena-asesinada-en-mexico\\\/#breadcrumb\",\"itemListElement\":[{\"@type\":\"ListItem\",\"position\":1,\"name\":\"Home\",\"item\":\"https:\\\/\\\/aldiachaco.com.ar\\\/\"},{\"@type\":\"ListItem\",\"position\":2,\"name\":\"Se estren\u00f3 en Netflix un documental sobre la tr\u00e1gica vida de una joven chaque\u00f1a asesinada en M\u00e9xico\"}]},{\"@type\":\"WebSite\",\"@id\":\"https:\\\/\\\/aldiachaco.com.ar\\\/#website\",\"url\":\"https:\\\/\\\/aldiachaco.com.ar\\\/\",\"name\":\"Al Dia Chaco\",\"description\":\"Noticias del Chaco y el mundo\",\"publisher\":{\"@id\":\"https:\\\/\\\/aldiachaco.com.ar\\\/#organization\"},\"alternateName\":\"Al D\u00eda Chaco\",\"potentialAction\":[{\"@type\":\"SearchAction\",\"target\":{\"@type\":\"EntryPoint\",\"urlTemplate\":\"https:\\\/\\\/aldiachaco.com.ar\\\/?s={search_term_string}\"},\"query-input\":{\"@type\":\"PropertyValueSpecification\",\"valueRequired\":true,\"valueName\":\"search_term_string\"}}],\"inLanguage\":\"es-AR\"},{\"@type\":\"Organization\",\"@id\":\"https:\\\/\\\/aldiachaco.com.ar\\\/#organization\",\"name\":\"Al Dia Chaco\",\"url\":\"https:\\\/\\\/aldiachaco.com.ar\\\/\",\"logo\":{\"@type\":\"ImageObject\",\"inLanguage\":\"es-AR\",\"@id\":\"https:\\\/\\\/aldiachaco.com.ar\\\/#\\\/schema\\\/logo\\\/image\\\/\",\"url\":\"https:\\\/\\\/aldiachaco.com.ar\\\/wp-content\\\/uploads\\\/2017\\\/11\\\/AL-DIA-CHACO-L@2x.png\",\"contentUrl\":\"https:\\\/\\\/aldiachaco.com.ar\\\/wp-content\\\/uploads\\\/2017\\\/11\\\/AL-DIA-CHACO-L@2x.png\",\"width\":232,\"height\":60,\"caption\":\"Al Dia Chaco\"},\"image\":{\"@id\":\"https:\\\/\\\/aldiachaco.com.ar\\\/#\\\/schema\\\/logo\\\/image\\\/\"}},{\"@type\":\"Person\",\"@id\":\"https:\\\/\\\/aldiachaco.com.ar\\\/#\\\/schema\\\/person\\\/80113835e512ba580e79a945932487f5\",\"name\":\"aldiachaco.com.ar\",\"image\":{\"@type\":\"ImageObject\",\"inLanguage\":\"es-AR\",\"@id\":\"https:\\\/\\\/aldiachaco.com.ar\\\/wp-content\\\/litespeed\\\/avatar\\\/a7c4ebc5454089d3fd4ef6b87fdd073a.jpg?ver=1777471945\",\"url\":\"https:\\\/\\\/aldiachaco.com.ar\\\/wp-content\\\/litespeed\\\/avatar\\\/a7c4ebc5454089d3fd4ef6b87fdd073a.jpg?ver=1777471945\",\"contentUrl\":\"https:\\\/\\\/aldiachaco.com.ar\\\/wp-content\\\/litespeed\\\/avatar\\\/a7c4ebc5454089d3fd4ef6b87fdd073a.jpg?ver=1777471945\",\"caption\":\"aldiachaco.com.ar\"},\"sameAs\":[\"https:\\\/\\\/aldiachaco.com.ar\"],\"url\":\"https:\\\/\\\/aldiachaco.com.ar\\\/index.php\\\/author\\\/lime-camel-884546-hostingersite-com\\\/\"}]}<\/script>\n<!-- \/ Yoast SEO plugin. -->","yoast_head_json":{"title":"Se estren\u00f3 en Netflix un documental sobre la tr\u00e1gica vida de una joven chaque\u00f1a asesinada en M\u00e9xico | Al Dia Chaco","robots":{"index":"index","follow":"follow","max-snippet":"max-snippet:-1","max-image-preview":"max-image-preview:large","max-video-preview":"max-video-preview:-1"},"canonical":"https:\/\/aldiachaco.com.ar\/index.php\/2024\/09\/11\/se-estreno-en-netflix-un-documental-sobre-la-tragica-vida-de-una-joven-chaquena-asesinada-en-mexico\/","og_locale":"es_ES","og_type":"article","og_title":"Se estren\u00f3 en Netflix un documental sobre la tr\u00e1gica vida de una joven chaque\u00f1a asesinada en M\u00e9xico | Al Dia Chaco","og_description":"Netflix lanz\u00f3 un documental que relata la vida de Karen Ail\u00e9n Grodzniski, una joven chaque\u00f1a de S\u00e1enz Pe\u00f1a que fue encontrada sin vida en un hotel de M\u00e9xico en diciembre de 2017. El documental, que consta de cuatro cap\u00edtulos, narra la historia de Karen junto a la de otras tres mujeres que trabajaban como escorts &hellip;","og_url":"https:\/\/aldiachaco.com.ar\/index.php\/2024\/09\/11\/se-estreno-en-netflix-un-documental-sobre-la-tragica-vida-de-una-joven-chaquena-asesinada-en-mexico\/","og_site_name":"Al Dia Chaco","article_published_time":"2024-09-11T23:28:27+00:00","og_image":[{"width":850,"height":541,"url":"https:\/\/aldiachaco.com.ar\/wp-content\/uploads\/2024\/09\/779-Documental.webp","type":"image\/webp"}],"author":"aldiachaco.com.ar","twitter_card":"summary_large_image","twitter_misc":{"Escrito por":"aldiachaco.com.ar","Tiempo de lectura":"2 minutos"},"schema":{"@context":"https:\/\/schema.org","@graph":[{"@type":"Article","@id":"https:\/\/aldiachaco.com.ar\/index.php\/2024\/09\/11\/se-estreno-en-netflix-un-documental-sobre-la-tragica-vida-de-una-joven-chaquena-asesinada-en-mexico\/#article","isPartOf":{"@id":"https:\/\/aldiachaco.com.ar\/index.php\/2024\/09\/11\/se-estreno-en-netflix-un-documental-sobre-la-tragica-vida-de-una-joven-chaquena-asesinada-en-mexico\/"},"author":{"name":"aldiachaco.com.ar","@id":"https:\/\/aldiachaco.com.ar\/#\/schema\/person\/80113835e512ba580e79a945932487f5"},"headline":"Se estren\u00f3 en Netflix un documental sobre la tr\u00e1gica vida de una joven chaque\u00f1a asesinada en M\u00e9xico","datePublished":"2024-09-11T23:28:27+00:00","mainEntityOfPage":{"@id":"https:\/\/aldiachaco.com.ar\/index.php\/2024\/09\/11\/se-estreno-en-netflix-un-documental-sobre-la-tragica-vida-de-una-joven-chaquena-asesinada-en-mexico\/"},"wordCount":435,"commentCount":0,"publisher":{"@id":"https:\/\/aldiachaco.com.ar\/#organization"},"image":{"@id":"https:\/\/aldiachaco.com.ar\/index.php\/2024\/09\/11\/se-estreno-en-netflix-un-documental-sobre-la-tragica-vida-de-una-joven-chaquena-asesinada-en-mexico\/#primaryimage"},"thumbnailUrl":"https:\/\/aldiachaco.com.ar\/wp-content\/uploads\/2024\/09\/779-Documental.webp","keywords":["Destacada"],"articleSection":["Espect\u00e1culos"],"inLanguage":"es-AR","potentialAction":[{"@type":"CommentAction","name":"Comment","target":["https:\/\/aldiachaco.com.ar\/index.php\/2024\/09\/11\/se-estreno-en-netflix-un-documental-sobre-la-tragica-vida-de-una-joven-chaquena-asesinada-en-mexico\/#respond"]}]},{"@type":"WebPage","@id":"https:\/\/aldiachaco.com.ar\/index.php\/2024\/09\/11\/se-estreno-en-netflix-un-documental-sobre-la-tragica-vida-de-una-joven-chaquena-asesinada-en-mexico\/","url":"https:\/\/aldiachaco.com.ar\/index.php\/2024\/09\/11\/se-estreno-en-netflix-un-documental-sobre-la-tragica-vida-de-una-joven-chaquena-asesinada-en-mexico\/","name":"Se estren\u00f3 en Netflix un documental sobre la tr\u00e1gica vida de una joven chaque\u00f1a asesinada en M\u00e9xico | Al Dia Chaco","isPartOf":{"@id":"https:\/\/aldiachaco.com.ar\/#website"},"primaryImageOfPage":{"@id":"https:\/\/aldiachaco.com.ar\/index.php\/2024\/09\/11\/se-estreno-en-netflix-un-documental-sobre-la-tragica-vida-de-una-joven-chaquena-asesinada-en-mexico\/#primaryimage"},"image":{"@id":"https:\/\/aldiachaco.com.ar\/index.php\/2024\/09\/11\/se-estreno-en-netflix-un-documental-sobre-la-tragica-vida-de-una-joven-chaquena-asesinada-en-mexico\/#primaryimage"},"thumbnailUrl":"https:\/\/aldiachaco.com.ar\/wp-content\/uploads\/2024\/09\/779-Documental.webp","datePublished":"2024-09-11T23:28:27+00:00","breadcrumb":{"@id":"https:\/\/aldiachaco.com.ar\/index.php\/2024\/09\/11\/se-estreno-en-netflix-un-documental-sobre-la-tragica-vida-de-una-joven-chaquena-asesinada-en-mexico\/#breadcrumb"},"inLanguage":"es-AR","potentialAction":[{"@type":"ReadAction","target":["https:\/\/aldiachaco.com.ar\/index.php\/2024\/09\/11\/se-estreno-en-netflix-un-documental-sobre-la-tragica-vida-de-una-joven-chaquena-asesinada-en-mexico\/"]}]},{"@type":"ImageObject","inLanguage":"es-AR","@id":"https:\/\/aldiachaco.com.ar\/index.php\/2024\/09\/11\/se-estreno-en-netflix-un-documental-sobre-la-tragica-vida-de-una-joven-chaquena-asesinada-en-mexico\/#primaryimage","url":"https:\/\/aldiachaco.com.ar\/wp-content\/uploads\/2024\/09\/779-Documental.webp","contentUrl":"https:\/\/aldiachaco.com.ar\/wp-content\/uploads\/2024\/09\/779-Documental.webp","width":850,"height":541},{"@type":"BreadcrumbList","@id":"https:\/\/aldiachaco.com.ar\/index.php\/2024\/09\/11\/se-estreno-en-netflix-un-documental-sobre-la-tragica-vida-de-una-joven-chaquena-asesinada-en-mexico\/#breadcrumb","itemListElement":[{"@type":"ListItem","position":1,"name":"Home","item":"https:\/\/aldiachaco.com.ar\/"},{"@type":"ListItem","position":2,"name":"Se estren\u00f3 en Netflix un documental sobre la tr\u00e1gica vida de una joven chaque\u00f1a asesinada en M\u00e9xico"}]},{"@type":"WebSite","@id":"https:\/\/aldiachaco.com.ar\/#website","url":"https:\/\/aldiachaco.com.ar\/","name":"Al Dia Chaco","description":"Noticias del Chaco y el mundo","publisher":{"@id":"https:\/\/aldiachaco.com.ar\/#organization"},"alternateName":"Al D\u00eda Chaco","potentialAction":[{"@type":"SearchAction","target":{"@type":"EntryPoint","urlTemplate":"https:\/\/aldiachaco.com.ar\/?s={search_term_string}"},"query-input":{"@type":"PropertyValueSpecification","valueRequired":true,"valueName":"search_term_string"}}],"inLanguage":"es-AR"},{"@type":"Organization","@id":"https:\/\/aldiachaco.com.ar\/#organization","name":"Al Dia Chaco","url":"https:\/\/aldiachaco.com.ar\/","logo":{"@type":"ImageObject","inLanguage":"es-AR","@id":"https:\/\/aldiachaco.com.ar\/#\/schema\/logo\/image\/","url":"https:\/\/aldiachaco.com.ar\/wp-content\/uploads\/2017\/11\/AL-DIA-CHACO-L@2x.png","contentUrl":"https:\/\/aldiachaco.com.ar\/wp-content\/uploads\/2017\/11\/AL-DIA-CHACO-L@2x.png","width":232,"height":60,"caption":"Al Dia Chaco"},"image":{"@id":"https:\/\/aldiachaco.com.ar\/#\/schema\/logo\/image\/"}},{"@type":"Person","@id":"https:\/\/aldiachaco.com.ar\/#\/schema\/person\/80113835e512ba580e79a945932487f5","name":"aldiachaco.com.ar","image":{"@type":"ImageObject","inLanguage":"es-AR","@id":"https:\/\/aldiachaco.com.ar\/wp-content\/litespeed\/avatar\/a7c4ebc5454089d3fd4ef6b87fdd073a.jpg?ver=1777471945","url":"https:\/\/aldiachaco.com.ar\/wp-content\/litespeed\/avatar\/a7c4ebc5454089d3fd4ef6b87fdd073a.jpg?ver=1777471945","contentUrl":"https:\/\/aldiachaco.com.ar\/wp-content\/litespeed\/avatar\/a7c4ebc5454089d3fd4ef6b87fdd073a.jpg?ver=1777471945","caption":"aldiachaco.com.ar"},"sameAs":["https:\/\/aldiachaco.com.ar"],"url":"https:\/\/aldiachaco.com.ar\/index.php\/author\/lime-camel-884546-hostingersite-com\/"}]}},"jetpack_publicize_connections":[],"jetpack_featured_media_url":"https:\/\/aldiachaco.com.ar\/wp-content\/uploads\/2024\/09\/779-Documental.webp","jetpack_sharing_enabled":true,"amp_enabled":true,"_links":{"self":[{"href":"https:\/\/aldiachaco.com.ar\/index.php\/wp-json\/wp\/v2\/posts\/9456","targetHints":{"allow":["GET"]}}],"collection":[{"href":"https:\/\/aldiachaco.com.ar\/index.php\/wp-json\/wp\/v2\/posts"}],"about":[{"href":"https:\/\/aldiachaco.com.ar\/index.php\/wp-json\/wp\/v2\/types\/post"}],"author":[{"embeddable":true,"href":"https:\/\/aldiachaco.com.ar\/index.php\/wp-json\/wp\/v2\/users\/1"}],"replies":[{"embeddable":true,"href":"https:\/\/aldiachaco.com.ar\/index.php\/wp-json\/wp\/v2\/comments?post=9456"}],"version-history":[{"count":1,"href":"https:\/\/aldiachaco.com.ar\/index.php\/wp-json\/wp\/v2\/posts\/9456\/revisions"}],"predecessor-version":[{"id":9459,"href":"https:\/\/aldiachaco.com.ar\/index.php\/wp-json\/wp\/v2\/posts\/9456\/revisions\/9459"}],"wp:featuredmedia":[{"embeddable":true,"href":"https:\/\/aldiachaco.com.ar\/index.php\/wp-json\/wp\/v2\/media\/9458"}],"wp:attachment":[{"href":"https:\/\/aldiachaco.com.ar\/index.php\/wp-json\/wp\/v2\/media?parent=9456"}],"wp:term":[{"taxonomy":"category","embeddable":true,"href":"https:\/\/aldiachaco.com.ar\/index.php\/wp-json\/wp\/v2\/categories?post=9456"},{"taxonomy":"post_tag","embeddable":true,"href":"https:\/\/aldiachaco.com.ar\/index.php\/wp-json\/wp\/v2\/tags?post=9456"}],"curies":[{"name":"wp","href":"https:\/\/api.w.org\/{rel}","templated":true}]}}