{"id":9288,"date":"2024-08-28T21:06:51","date_gmt":"2024-08-29T00:06:51","guid":{"rendered":"https:\/\/aldiachaco.com.ar\/?p=9288"},"modified":"2024-08-28T21:06:51","modified_gmt":"2024-08-29T00:06:51","slug":"la-uta-acata-la-conciliacion-obligatoria-y-los-colectivos-regresan-al-gran-resistencia-este-jueves","status":"publish","type":"post","link":"https:\/\/aldiachaco.com.ar\/index.php\/2024\/08\/28\/la-uta-acata-la-conciliacion-obligatoria-y-los-colectivos-regresan-al-gran-resistencia-este-jueves\/","title":{"rendered":"La UTA acata la conciliaci\u00f3n obligatoria y los colectivos regresan al Gran Resistencia este jueves"},"content":{"rendered":"<p>La Uni\u00f3n Tranviarios Automotor (UTA) Chaco decidi\u00f3 en asamblea acatar la conciliaci\u00f3n obligatoria dictada por la Direcci\u00f3n de Trabajo del Chaco, poniendo fin al paro de colectivos en el Gran Resistencia. A partir de este jueves 29 de agosto, el servicio de transporte p\u00fablico urbano e interprovincial (Chaco-Corrientes) se reanudar\u00e1.<\/p>\n<p>Durante la asamblea, Ra\u00fal Abraham, secretario general de la UTA Chaco, expres\u00f3 su pesar por la necesidad de acatar la medida, se\u00f1alando que el sindicato se enfrentaba a posibles sanciones, multas, e incluso la quita de la personer\u00eda en caso de continuar con la huelga, lo que podr\u00eda llevar a despidos.<\/p>\n<p>La conciliaci\u00f3n obliga tanto al gremio como a los empresarios a asistir a una audiencia programada para el pr\u00f3ximo 5 de septiembre. Hasta entonces, el servicio de transporte se mantendr\u00e1 operativo.<\/p>\n<p>El conflicto comenz\u00f3 por la demanda de la UTA de equiparar los salarios de los choferes chaque\u00f1os con los del \u00c1rea Metropolitana de Buenos Aires (AMBA), donde los conductores perciben $1.060.000, mientras que en Chaco el salario es de $737.000. Los empresarios aseguran que no tienen la capacidad econ\u00f3mica para afrontar dicho aumento.<\/p>\n","protected":false},"excerpt":{"rendered":"<p>La Uni\u00f3n Tranviarios Automotor (UTA) Chaco decidi\u00f3 en asamblea acatar la conciliaci\u00f3n obligatoria dictada por la Direcci\u00f3n de Trabajo del Chaco, poniendo fin al paro de colectivos en el Gran Resistencia. A partir de este jueves 29 de agosto, el servicio de transporte p\u00fablico urbano e interprovincial (Chaco-Corrientes) se reanudar\u00e1. Durante la asamblea, Ra\u00fal Abraham, &hellip;<\/p>\n","protected":false},"author":1,"featured_media":9290,"comment_status":"open","ping_status":"open","sticky":false,"template":"","format":"standard","meta":{"content-type":"","_monsterinsights_skip_tracking":false,"_monsterinsights_sitenote_active":false,"_monsterinsights_sitenote_note":"","_monsterinsights_sitenote_category":0,"_jetpack_memberships_contains_paid_content":false,"footnotes":"","jetpack_publicize_message":"","jetpack_publicize_feature_enabled":true,"jetpack_social_post_already_shared":true,"jetpack_social_options":{"image_generator_settings":{"template":"highway","default_image_id":0,"font":"","enabled":false},"version":2}},"categories":[67,68,209],"tags":[200],"class_list":["post-9288","post","type-post","status-publish","format-standard","has-post-thumbnail","hentry","category-chaco","category-resistencia","category-transporte","tag-destacada"],"yoast_head":"<!-- This site is optimized with the Yoast SEO plugin v27.4 - https:\/\/yoast.com\/product\/yoast-seo-wordpress\/ -->\n<title>La UTA acata la conciliaci\u00f3n obligatoria y los colectivos regresan al Gran Resistencia este jueves | Al Dia Chaco<\/title>\n<meta name=\"robots\" content=\"index, follow, max-snippet:-1, max-image-preview:large, max-video-preview:-1\" \/>\n<link rel=\"canonical\" href=\"https:\/\/aldiachaco.com.ar\/index.php\/2024\/08\/28\/la-uta-acata-la-conciliacion-obligatoria-y-los-colectivos-regresan-al-gran-resistencia-este-jueves\/\" \/>\n<meta property=\"og:locale\" content=\"es_ES\" \/>\n<meta property=\"og:type\" content=\"article\" \/>\n<meta property=\"og:title\" content=\"La UTA acata la conciliaci\u00f3n obligatoria y los colectivos regresan al Gran Resistencia este jueves | Al Dia Chaco\" \/>\n<meta property=\"og:description\" content=\"La Uni\u00f3n Tranviarios Automotor (UTA) Chaco decidi\u00f3 en asamblea acatar la conciliaci\u00f3n obligatoria dictada por la Direcci\u00f3n de Trabajo del Chaco, poniendo fin al paro de colectivos en el Gran Resistencia. A partir de este jueves 29 de agosto, el servicio de transporte p\u00fablico urbano e interprovincial (Chaco-Corrientes) se reanudar\u00e1. Durante la asamblea, Ra\u00fal Abraham, &hellip;\" \/>\n<meta property=\"og:url\" content=\"https:\/\/aldiachaco.com.ar\/index.php\/2024\/08\/28\/la-uta-acata-la-conciliacion-obligatoria-y-los-colectivos-regresan-al-gran-resistencia-este-jueves\/\" \/>\n<meta property=\"og:site_name\" content=\"Al Dia Chaco\" \/>\n<meta property=\"article:published_time\" content=\"2024-08-29T00:06:51+00:00\" \/>\n<meta property=\"og:image\" content=\"https:\/\/aldiachaco.com.ar\/wp-content\/uploads\/2024\/08\/695-Cole.jpg\" \/>\n\t<meta property=\"og:image:width\" content=\"800\" \/>\n\t<meta property=\"og:image:height\" content=\"600\" \/>\n\t<meta property=\"og:image:type\" content=\"image\/jpeg\" \/>\n<meta name=\"author\" content=\"aldiachaco.com.ar\" \/>\n<meta name=\"twitter:card\" content=\"summary_large_image\" \/>\n<meta name=\"twitter:label1\" content=\"Escrito por\" \/>\n\t<meta name=\"twitter:data1\" content=\"aldiachaco.com.ar\" \/>\n\t<meta name=\"twitter:label2\" content=\"Tiempo de lectura\" \/>\n\t<meta name=\"twitter:data2\" content=\"2 minutos\" \/>\n<script type=\"application\/ld+json\" class=\"yoast-schema-graph\">{\"@context\":\"https:\\\/\\\/schema.org\",\"@graph\":[{\"@type\":\"Article\",\"@id\":\"https:\\\/\\\/aldiachaco.com.ar\\\/index.php\\\/2024\\\/08\\\/28\\\/la-uta-acata-la-conciliacion-obligatoria-y-los-colectivos-regresan-al-gran-resistencia-este-jueves\\\/#article\",\"isPartOf\":{\"@id\":\"https:\\\/\\\/aldiachaco.com.ar\\\/index.php\\\/2024\\\/08\\\/28\\\/la-uta-acata-la-conciliacion-obligatoria-y-los-colectivos-regresan-al-gran-resistencia-este-jueves\\\/\"},\"author\":{\"name\":\"aldiachaco.com.ar\",\"@id\":\"https:\\\/\\\/aldiachaco.com.ar\\\/#\\\/schema\\\/person\\\/80113835e512ba580e79a945932487f5\"},\"headline\":\"La UTA acata la conciliaci\u00f3n obligatoria y los colectivos regresan al Gran Resistencia este jueves\",\"datePublished\":\"2024-08-29T00:06:51+00:00\",\"mainEntityOfPage\":{\"@id\":\"https:\\\/\\\/aldiachaco.com.ar\\\/index.php\\\/2024\\\/08\\\/28\\\/la-uta-acata-la-conciliacion-obligatoria-y-los-colectivos-regresan-al-gran-resistencia-este-jueves\\\/\"},\"wordCount\":209,\"commentCount\":0,\"publisher\":{\"@id\":\"https:\\\/\\\/aldiachaco.com.ar\\\/#organization\"},\"image\":{\"@id\":\"https:\\\/\\\/aldiachaco.com.ar\\\/index.php\\\/2024\\\/08\\\/28\\\/la-uta-acata-la-conciliacion-obligatoria-y-los-colectivos-regresan-al-gran-resistencia-este-jueves\\\/#primaryimage\"},\"thumbnailUrl\":\"https:\\\/\\\/aldiachaco.com.ar\\\/wp-content\\\/uploads\\\/2024\\\/08\\\/695-Cole.jpg\",\"keywords\":[\"Destacada\"],\"articleSection\":[\"Chaco\",\"Resistencia\",\"Transporte\"],\"inLanguage\":\"es-AR\",\"potentialAction\":[{\"@type\":\"CommentAction\",\"name\":\"Comment\",\"target\":[\"https:\\\/\\\/aldiachaco.com.ar\\\/index.php\\\/2024\\\/08\\\/28\\\/la-uta-acata-la-conciliacion-obligatoria-y-los-colectivos-regresan-al-gran-resistencia-este-jueves\\\/#respond\"]}]},{\"@type\":\"WebPage\",\"@id\":\"https:\\\/\\\/aldiachaco.com.ar\\\/index.php\\\/2024\\\/08\\\/28\\\/la-uta-acata-la-conciliacion-obligatoria-y-los-colectivos-regresan-al-gran-resistencia-este-jueves\\\/\",\"url\":\"https:\\\/\\\/aldiachaco.com.ar\\\/index.php\\\/2024\\\/08\\\/28\\\/la-uta-acata-la-conciliacion-obligatoria-y-los-colectivos-regresan-al-gran-resistencia-este-jueves\\\/\",\"name\":\"La UTA acata la conciliaci\u00f3n obligatoria y los colectivos regresan al Gran Resistencia este jueves | Al Dia Chaco\",\"isPartOf\":{\"@id\":\"https:\\\/\\\/aldiachaco.com.ar\\\/#website\"},\"primaryImageOfPage\":{\"@id\":\"https:\\\/\\\/aldiachaco.com.ar\\\/index.php\\\/2024\\\/08\\\/28\\\/la-uta-acata-la-conciliacion-obligatoria-y-los-colectivos-regresan-al-gran-resistencia-este-jueves\\\/#primaryimage\"},\"image\":{\"@id\":\"https:\\\/\\\/aldiachaco.com.ar\\\/index.php\\\/2024\\\/08\\\/28\\\/la-uta-acata-la-conciliacion-obligatoria-y-los-colectivos-regresan-al-gran-resistencia-este-jueves\\\/#primaryimage\"},\"thumbnailUrl\":\"https:\\\/\\\/aldiachaco.com.ar\\\/wp-content\\\/uploads\\\/2024\\\/08\\\/695-Cole.jpg\",\"datePublished\":\"2024-08-29T00:06:51+00:00\",\"breadcrumb\":{\"@id\":\"https:\\\/\\\/aldiachaco.com.ar\\\/index.php\\\/2024\\\/08\\\/28\\\/la-uta-acata-la-conciliacion-obligatoria-y-los-colectivos-regresan-al-gran-resistencia-este-jueves\\\/#breadcrumb\"},\"inLanguage\":\"es-AR\",\"potentialAction\":[{\"@type\":\"ReadAction\",\"target\":[\"https:\\\/\\\/aldiachaco.com.ar\\\/index.php\\\/2024\\\/08\\\/28\\\/la-uta-acata-la-conciliacion-obligatoria-y-los-colectivos-regresan-al-gran-resistencia-este-jueves\\\/\"]}]},{\"@type\":\"ImageObject\",\"inLanguage\":\"es-AR\",\"@id\":\"https:\\\/\\\/aldiachaco.com.ar\\\/index.php\\\/2024\\\/08\\\/28\\\/la-uta-acata-la-conciliacion-obligatoria-y-los-colectivos-regresan-al-gran-resistencia-este-jueves\\\/#primaryimage\",\"url\":\"https:\\\/\\\/aldiachaco.com.ar\\\/wp-content\\\/uploads\\\/2024\\\/08\\\/695-Cole.jpg\",\"contentUrl\":\"https:\\\/\\\/aldiachaco.com.ar\\\/wp-content\\\/uploads\\\/2024\\\/08\\\/695-Cole.jpg\",\"width\":800,\"height\":600},{\"@type\":\"BreadcrumbList\",\"@id\":\"https:\\\/\\\/aldiachaco.com.ar\\\/index.php\\\/2024\\\/08\\\/28\\\/la-uta-acata-la-conciliacion-obligatoria-y-los-colectivos-regresan-al-gran-resistencia-este-jueves\\\/#breadcrumb\",\"itemListElement\":[{\"@type\":\"ListItem\",\"position\":1,\"name\":\"Home\",\"item\":\"https:\\\/\\\/aldiachaco.com.ar\\\/\"},{\"@type\":\"ListItem\",\"position\":2,\"name\":\"La UTA acata la conciliaci\u00f3n obligatoria y los colectivos regresan al Gran Resistencia este jueves\"}]},{\"@type\":\"WebSite\",\"@id\":\"https:\\\/\\\/aldiachaco.com.ar\\\/#website\",\"url\":\"https:\\\/\\\/aldiachaco.com.ar\\\/\",\"name\":\"Al Dia Chaco\",\"description\":\"Noticias del Chaco y el mundo\",\"publisher\":{\"@id\":\"https:\\\/\\\/aldiachaco.com.ar\\\/#organization\"},\"alternateName\":\"Al D\u00eda Chaco\",\"potentialAction\":[{\"@type\":\"SearchAction\",\"target\":{\"@type\":\"EntryPoint\",\"urlTemplate\":\"https:\\\/\\\/aldiachaco.com.ar\\\/?s={search_term_string}\"},\"query-input\":{\"@type\":\"PropertyValueSpecification\",\"valueRequired\":true,\"valueName\":\"search_term_string\"}}],\"inLanguage\":\"es-AR\"},{\"@type\":\"Organization\",\"@id\":\"https:\\\/\\\/aldiachaco.com.ar\\\/#organization\",\"name\":\"Al Dia Chaco\",\"url\":\"https:\\\/\\\/aldiachaco.com.ar\\\/\",\"logo\":{\"@type\":\"ImageObject\",\"inLanguage\":\"es-AR\",\"@id\":\"https:\\\/\\\/aldiachaco.com.ar\\\/#\\\/schema\\\/logo\\\/image\\\/\",\"url\":\"https:\\\/\\\/aldiachaco.com.ar\\\/wp-content\\\/uploads\\\/2017\\\/11\\\/AL-DIA-CHACO-L@2x.png\",\"contentUrl\":\"https:\\\/\\\/aldiachaco.com.ar\\\/wp-content\\\/uploads\\\/2017\\\/11\\\/AL-DIA-CHACO-L@2x.png\",\"width\":232,\"height\":60,\"caption\":\"Al Dia Chaco\"},\"image\":{\"@id\":\"https:\\\/\\\/aldiachaco.com.ar\\\/#\\\/schema\\\/logo\\\/image\\\/\"}},{\"@type\":\"Person\",\"@id\":\"https:\\\/\\\/aldiachaco.com.ar\\\/#\\\/schema\\\/person\\\/80113835e512ba580e79a945932487f5\",\"name\":\"aldiachaco.com.ar\",\"image\":{\"@type\":\"ImageObject\",\"inLanguage\":\"es-AR\",\"@id\":\"https:\\\/\\\/aldiachaco.com.ar\\\/wp-content\\\/litespeed\\\/avatar\\\/a7c4ebc5454089d3fd4ef6b87fdd073a.jpg?ver=1777471945\",\"url\":\"https:\\\/\\\/aldiachaco.com.ar\\\/wp-content\\\/litespeed\\\/avatar\\\/a7c4ebc5454089d3fd4ef6b87fdd073a.jpg?ver=1777471945\",\"contentUrl\":\"https:\\\/\\\/aldiachaco.com.ar\\\/wp-content\\\/litespeed\\\/avatar\\\/a7c4ebc5454089d3fd4ef6b87fdd073a.jpg?ver=1777471945\",\"caption\":\"aldiachaco.com.ar\"},\"sameAs\":[\"https:\\\/\\\/aldiachaco.com.ar\"],\"url\":\"https:\\\/\\\/aldiachaco.com.ar\\\/index.php\\\/author\\\/lime-camel-884546-hostingersite-com\\\/\"}]}<\/script>\n<!-- \/ Yoast SEO plugin. -->","yoast_head_json":{"title":"La UTA acata la conciliaci\u00f3n obligatoria y los colectivos regresan al Gran Resistencia este jueves | Al Dia Chaco","robots":{"index":"index","follow":"follow","max-snippet":"max-snippet:-1","max-image-preview":"max-image-preview:large","max-video-preview":"max-video-preview:-1"},"canonical":"https:\/\/aldiachaco.com.ar\/index.php\/2024\/08\/28\/la-uta-acata-la-conciliacion-obligatoria-y-los-colectivos-regresan-al-gran-resistencia-este-jueves\/","og_locale":"es_ES","og_type":"article","og_title":"La UTA acata la conciliaci\u00f3n obligatoria y los colectivos regresan al Gran Resistencia este jueves | Al Dia Chaco","og_description":"La Uni\u00f3n Tranviarios Automotor (UTA) Chaco decidi\u00f3 en asamblea acatar la conciliaci\u00f3n obligatoria dictada por la Direcci\u00f3n de Trabajo del Chaco, poniendo fin al paro de colectivos en el Gran Resistencia. A partir de este jueves 29 de agosto, el servicio de transporte p\u00fablico urbano e interprovincial (Chaco-Corrientes) se reanudar\u00e1. Durante la asamblea, Ra\u00fal Abraham, &hellip;","og_url":"https:\/\/aldiachaco.com.ar\/index.php\/2024\/08\/28\/la-uta-acata-la-conciliacion-obligatoria-y-los-colectivos-regresan-al-gran-resistencia-este-jueves\/","og_site_name":"Al Dia Chaco","article_published_time":"2024-08-29T00:06:51+00:00","og_image":[{"width":800,"height":600,"url":"https:\/\/aldiachaco.com.ar\/wp-content\/uploads\/2024\/08\/695-Cole.jpg","type":"image\/jpeg"}],"author":"aldiachaco.com.ar","twitter_card":"summary_large_image","twitter_misc":{"Escrito por":"aldiachaco.com.ar","Tiempo de lectura":"2 minutos"},"schema":{"@context":"https:\/\/schema.org","@graph":[{"@type":"Article","@id":"https:\/\/aldiachaco.com.ar\/index.php\/2024\/08\/28\/la-uta-acata-la-conciliacion-obligatoria-y-los-colectivos-regresan-al-gran-resistencia-este-jueves\/#article","isPartOf":{"@id":"https:\/\/aldiachaco.com.ar\/index.php\/2024\/08\/28\/la-uta-acata-la-conciliacion-obligatoria-y-los-colectivos-regresan-al-gran-resistencia-este-jueves\/"},"author":{"name":"aldiachaco.com.ar","@id":"https:\/\/aldiachaco.com.ar\/#\/schema\/person\/80113835e512ba580e79a945932487f5"},"headline":"La UTA acata la conciliaci\u00f3n obligatoria y los colectivos regresan al Gran Resistencia este jueves","datePublished":"2024-08-29T00:06:51+00:00","mainEntityOfPage":{"@id":"https:\/\/aldiachaco.com.ar\/index.php\/2024\/08\/28\/la-uta-acata-la-conciliacion-obligatoria-y-los-colectivos-regresan-al-gran-resistencia-este-jueves\/"},"wordCount":209,"commentCount":0,"publisher":{"@id":"https:\/\/aldiachaco.com.ar\/#organization"},"image":{"@id":"https:\/\/aldiachaco.com.ar\/index.php\/2024\/08\/28\/la-uta-acata-la-conciliacion-obligatoria-y-los-colectivos-regresan-al-gran-resistencia-este-jueves\/#primaryimage"},"thumbnailUrl":"https:\/\/aldiachaco.com.ar\/wp-content\/uploads\/2024\/08\/695-Cole.jpg","keywords":["Destacada"],"articleSection":["Chaco","Resistencia","Transporte"],"inLanguage":"es-AR","potentialAction":[{"@type":"CommentAction","name":"Comment","target":["https:\/\/aldiachaco.com.ar\/index.php\/2024\/08\/28\/la-uta-acata-la-conciliacion-obligatoria-y-los-colectivos-regresan-al-gran-resistencia-este-jueves\/#respond"]}]},{"@type":"WebPage","@id":"https:\/\/aldiachaco.com.ar\/index.php\/2024\/08\/28\/la-uta-acata-la-conciliacion-obligatoria-y-los-colectivos-regresan-al-gran-resistencia-este-jueves\/","url":"https:\/\/aldiachaco.com.ar\/index.php\/2024\/08\/28\/la-uta-acata-la-conciliacion-obligatoria-y-los-colectivos-regresan-al-gran-resistencia-este-jueves\/","name":"La UTA acata la conciliaci\u00f3n obligatoria y los colectivos regresan al Gran Resistencia este jueves | Al Dia Chaco","isPartOf":{"@id":"https:\/\/aldiachaco.com.ar\/#website"},"primaryImageOfPage":{"@id":"https:\/\/aldiachaco.com.ar\/index.php\/2024\/08\/28\/la-uta-acata-la-conciliacion-obligatoria-y-los-colectivos-regresan-al-gran-resistencia-este-jueves\/#primaryimage"},"image":{"@id":"https:\/\/aldiachaco.com.ar\/index.php\/2024\/08\/28\/la-uta-acata-la-conciliacion-obligatoria-y-los-colectivos-regresan-al-gran-resistencia-este-jueves\/#primaryimage"},"thumbnailUrl":"https:\/\/aldiachaco.com.ar\/wp-content\/uploads\/2024\/08\/695-Cole.jpg","datePublished":"2024-08-29T00:06:51+00:00","breadcrumb":{"@id":"https:\/\/aldiachaco.com.ar\/index.php\/2024\/08\/28\/la-uta-acata-la-conciliacion-obligatoria-y-los-colectivos-regresan-al-gran-resistencia-este-jueves\/#breadcrumb"},"inLanguage":"es-AR","potentialAction":[{"@type":"ReadAction","target":["https:\/\/aldiachaco.com.ar\/index.php\/2024\/08\/28\/la-uta-acata-la-conciliacion-obligatoria-y-los-colectivos-regresan-al-gran-resistencia-este-jueves\/"]}]},{"@type":"ImageObject","inLanguage":"es-AR","@id":"https:\/\/aldiachaco.com.ar\/index.php\/2024\/08\/28\/la-uta-acata-la-conciliacion-obligatoria-y-los-colectivos-regresan-al-gran-resistencia-este-jueves\/#primaryimage","url":"https:\/\/aldiachaco.com.ar\/wp-content\/uploads\/2024\/08\/695-Cole.jpg","contentUrl":"https:\/\/aldiachaco.com.ar\/wp-content\/uploads\/2024\/08\/695-Cole.jpg","width":800,"height":600},{"@type":"BreadcrumbList","@id":"https:\/\/aldiachaco.com.ar\/index.php\/2024\/08\/28\/la-uta-acata-la-conciliacion-obligatoria-y-los-colectivos-regresan-al-gran-resistencia-este-jueves\/#breadcrumb","itemListElement":[{"@type":"ListItem","position":1,"name":"Home","item":"https:\/\/aldiachaco.com.ar\/"},{"@type":"ListItem","position":2,"name":"La UTA acata la conciliaci\u00f3n obligatoria y los colectivos regresan al Gran Resistencia este jueves"}]},{"@type":"WebSite","@id":"https:\/\/aldiachaco.com.ar\/#website","url":"https:\/\/aldiachaco.com.ar\/","name":"Al Dia Chaco","description":"Noticias del Chaco y el mundo","publisher":{"@id":"https:\/\/aldiachaco.com.ar\/#organization"},"alternateName":"Al D\u00eda Chaco","potentialAction":[{"@type":"SearchAction","target":{"@type":"EntryPoint","urlTemplate":"https:\/\/aldiachaco.com.ar\/?s={search_term_string}"},"query-input":{"@type":"PropertyValueSpecification","valueRequired":true,"valueName":"search_term_string"}}],"inLanguage":"es-AR"},{"@type":"Organization","@id":"https:\/\/aldiachaco.com.ar\/#organization","name":"Al Dia Chaco","url":"https:\/\/aldiachaco.com.ar\/","logo":{"@type":"ImageObject","inLanguage":"es-AR","@id":"https:\/\/aldiachaco.com.ar\/#\/schema\/logo\/image\/","url":"https:\/\/aldiachaco.com.ar\/wp-content\/uploads\/2017\/11\/AL-DIA-CHACO-L@2x.png","contentUrl":"https:\/\/aldiachaco.com.ar\/wp-content\/uploads\/2017\/11\/AL-DIA-CHACO-L@2x.png","width":232,"height":60,"caption":"Al Dia Chaco"},"image":{"@id":"https:\/\/aldiachaco.com.ar\/#\/schema\/logo\/image\/"}},{"@type":"Person","@id":"https:\/\/aldiachaco.com.ar\/#\/schema\/person\/80113835e512ba580e79a945932487f5","name":"aldiachaco.com.ar","image":{"@type":"ImageObject","inLanguage":"es-AR","@id":"https:\/\/aldiachaco.com.ar\/wp-content\/litespeed\/avatar\/a7c4ebc5454089d3fd4ef6b87fdd073a.jpg?ver=1777471945","url":"https:\/\/aldiachaco.com.ar\/wp-content\/litespeed\/avatar\/a7c4ebc5454089d3fd4ef6b87fdd073a.jpg?ver=1777471945","contentUrl":"https:\/\/aldiachaco.com.ar\/wp-content\/litespeed\/avatar\/a7c4ebc5454089d3fd4ef6b87fdd073a.jpg?ver=1777471945","caption":"aldiachaco.com.ar"},"sameAs":["https:\/\/aldiachaco.com.ar"],"url":"https:\/\/aldiachaco.com.ar\/index.php\/author\/lime-camel-884546-hostingersite-com\/"}]}},"jetpack_publicize_connections":[],"jetpack_featured_media_url":"https:\/\/aldiachaco.com.ar\/wp-content\/uploads\/2024\/08\/695-Cole.jpg","jetpack_sharing_enabled":true,"amp_enabled":true,"_links":{"self":[{"href":"https:\/\/aldiachaco.com.ar\/index.php\/wp-json\/wp\/v2\/posts\/9288","targetHints":{"allow":["GET"]}}],"collection":[{"href":"https:\/\/aldiachaco.com.ar\/index.php\/wp-json\/wp\/v2\/posts"}],"about":[{"href":"https:\/\/aldiachaco.com.ar\/index.php\/wp-json\/wp\/v2\/types\/post"}],"author":[{"embeddable":true,"href":"https:\/\/aldiachaco.com.ar\/index.php\/wp-json\/wp\/v2\/users\/1"}],"replies":[{"embeddable":true,"href":"https:\/\/aldiachaco.com.ar\/index.php\/wp-json\/wp\/v2\/comments?post=9288"}],"version-history":[{"count":1,"href":"https:\/\/aldiachaco.com.ar\/index.php\/wp-json\/wp\/v2\/posts\/9288\/revisions"}],"predecessor-version":[{"id":9291,"href":"https:\/\/aldiachaco.com.ar\/index.php\/wp-json\/wp\/v2\/posts\/9288\/revisions\/9291"}],"wp:featuredmedia":[{"embeddable":true,"href":"https:\/\/aldiachaco.com.ar\/index.php\/wp-json\/wp\/v2\/media\/9290"}],"wp:attachment":[{"href":"https:\/\/aldiachaco.com.ar\/index.php\/wp-json\/wp\/v2\/media?parent=9288"}],"wp:term":[{"taxonomy":"category","embeddable":true,"href":"https:\/\/aldiachaco.com.ar\/index.php\/wp-json\/wp\/v2\/categories?post=9288"},{"taxonomy":"post_tag","embeddable":true,"href":"https:\/\/aldiachaco.com.ar\/index.php\/wp-json\/wp\/v2\/tags?post=9288"}],"curies":[{"name":"wp","href":"https:\/\/api.w.org\/{rel}","templated":true}]}}