{"id":9126,"date":"2024-08-21T07:03:50","date_gmt":"2024-08-21T10:03:50","guid":{"rendered":"https:\/\/aldiachaco.com.ar\/?p=9126"},"modified":"2024-08-21T07:03:50","modified_gmt":"2024-08-21T10:03:50","slug":"golpe-para-milei-la-oposicion-toma-control-de-los-gastos-de-la-side-en-diputados","status":"publish","type":"post","link":"https:\/\/aldiachaco.com.ar\/index.php\/2024\/08\/21\/golpe-para-milei-la-oposicion-toma-control-de-los-gastos-de-la-side-en-diputados\/","title":{"rendered":"Golpe para Milei: la oposici\u00f3n toma control de los gastos de la SIDE en Diputados"},"content":{"rendered":"<p>100.000.000.000 de pesos despu\u00e9s, el Gobierno de<strong>\u00a0Javier Milei\u00a0<\/strong>deber\u00e1 hacerle frente a los cuestionamientos por la inmensa erogaci\u00f3n presupuestaria destinada a la Secretar\u00eda de Inteligencia del Estado (<strong>SIDE<\/strong>) para sus \u201cgastos reservados\u201d. Del otro lado del mostrador se encontrar\u00e1 nada menos que un<strong>\u00a0incipiente frente opositor conformado por el peronismo y el radicalismo<\/strong>\u00a0que logr\u00f3 hacerse con el control de la\u00a0<strong>Comisi\u00f3n Bicameral de Inteligencia\u00a0<\/strong>en lo que significa un duro rev\u00e9s para el Poder Ejecutivo Nacional.<\/p>\n<p>Con un saldo total de ocho a seis, la oposici\u00f3n se alz\u00f3 con los principales puestos entre las autoridades del cuerpo legislativo encargado de<strong>\u00a0auditar los gastos de la gesti\u00f3n libertaria en materia de inteligencia<\/strong>, que esta misma semana ser\u00e1n discutidos en Diputados tras el\u00a0<strong>desembolso de $100 mil millones por decreto\u00a0<\/strong>para las tareas \u201creservadas\u201d de la ex Agencia Federal de Inteligencia (AFI). La composici\u00f3n de la comisi\u00f3n qued\u00f3 afianzada tras un encuentro reservado llevado a cabo esta tarde en el Congreso de la Naci\u00f3n.<\/p>\n<p><strong>El acuerdo opositor fue motorizado por Uni\u00f3n por la Patria (UP) y la Uni\u00f3n C\u00edvica Radical (UCR)<\/strong>. El peronismo consigui\u00f3 sentar a seis legisladores propios en el cuerpo; en tanto que el partido centenario se qued\u00f3 con dos bancas, pero entre ellas la m\u00e1s importante: la presidencia del cuerpo, que recay\u00f3 en el senador\u00a0<strong>Mart\u00edn Lousteau<\/strong>, titular del partido a nivel nacional. Por su parte, el PRO meti\u00f3 solo a tres integrantes, La Libertad Avanza (LLA) pudo incorporar solo a dos, y el puesto restante le qued\u00f3 a un peronista federal aliado con el oficialismo.<\/p>\n<p>Otros cargos de peso en la comisi\u00f3n son los del diputado\u00a0<strong>Leopoldo Moreau<\/strong>, nombrado vicepresidente primero, y\u00a0<strong>Oscar Parrilli<\/strong>, quien ser\u00e1 el secretario del \u00e1rea. De este modo, UP y la UCR le marcaron la cancha al Gobierno de Milei y le propinaron un duro rev\u00e9s parlamentario que, peor a\u00fan para la administraci\u00f3n libertaria,<strong>\u00a0podr\u00eda tener consecuencias de peso una vez que comience la actividad en la comisi\u00f3n y se ponga bajo la lupa el gigantesco desembolso de fondos p\u00fablicos a la SIDE\u00a0<\/strong>\u2013 dinero que, denuncia la oposici\u00f3n,\u00a0<strong>ya ha sido utilizado en m\u00e1s de un 80%<\/strong>.<\/p>\n","protected":false},"excerpt":{"rendered":"<p>100.000.000.000 de pesos despu\u00e9s, el Gobierno de\u00a0Javier Milei\u00a0deber\u00e1 hacerle frente a los cuestionamientos por la inmensa erogaci\u00f3n presupuestaria destinada a la Secretar\u00eda de Inteligencia del Estado (SIDE) para sus \u201cgastos reservados\u201d. Del otro lado del mostrador se encontrar\u00e1 nada menos que un\u00a0incipiente frente opositor conformado por el peronismo y el radicalismo\u00a0que logr\u00f3 hacerse con el &hellip;<\/p>\n","protected":false},"author":1,"featured_media":9127,"comment_status":"open","ping_status":"open","sticky":false,"template":"","format":"standard","meta":{"content-type":"","_monsterinsights_skip_tracking":false,"_monsterinsights_sitenote_active":false,"_monsterinsights_sitenote_note":"","_monsterinsights_sitenote_category":0,"_jetpack_memberships_contains_paid_content":false,"footnotes":"","jetpack_publicize_message":"","jetpack_publicize_feature_enabled":true,"jetpack_social_post_already_shared":true,"jetpack_social_options":{"image_generator_settings":{"template":"highway","default_image_id":0,"font":"","enabled":false},"version":2}},"categories":[153],"tags":[],"class_list":["post-9126","post","type-post","status-publish","format-standard","has-post-thumbnail","hentry","category-politica"],"yoast_head":"<!-- This site is optimized with the Yoast SEO plugin v27.4 - https:\/\/yoast.com\/product\/yoast-seo-wordpress\/ -->\n<title>Golpe para Milei: la oposici\u00f3n toma control de los gastos de la SIDE en Diputados | Al Dia Chaco<\/title>\n<meta name=\"robots\" content=\"index, follow, max-snippet:-1, max-image-preview:large, max-video-preview:-1\" \/>\n<link rel=\"canonical\" href=\"https:\/\/aldiachaco.com.ar\/index.php\/2024\/08\/21\/golpe-para-milei-la-oposicion-toma-control-de-los-gastos-de-la-side-en-diputados\/\" \/>\n<meta property=\"og:locale\" content=\"es_ES\" \/>\n<meta property=\"og:type\" content=\"article\" \/>\n<meta property=\"og:title\" content=\"Golpe para Milei: la oposici\u00f3n toma control de los gastos de la SIDE en Diputados | Al Dia Chaco\" \/>\n<meta property=\"og:description\" content=\"100.000.000.000 de pesos despu\u00e9s, el Gobierno de\u00a0Javier Milei\u00a0deber\u00e1 hacerle frente a los cuestionamientos por la inmensa erogaci\u00f3n presupuestaria destinada a la Secretar\u00eda de Inteligencia del Estado (SIDE) para sus \u201cgastos reservados\u201d. Del otro lado del mostrador se encontrar\u00e1 nada menos que un\u00a0incipiente frente opositor conformado por el peronismo y el radicalismo\u00a0que logr\u00f3 hacerse con el &hellip;\" \/>\n<meta property=\"og:url\" content=\"https:\/\/aldiachaco.com.ar\/index.php\/2024\/08\/21\/golpe-para-milei-la-oposicion-toma-control-de-los-gastos-de-la-side-en-diputados\/\" \/>\n<meta property=\"og:site_name\" content=\"Al Dia Chaco\" \/>\n<meta property=\"article:published_time\" content=\"2024-08-21T10:03:50+00:00\" \/>\n<meta property=\"og:image\" content=\"https:\/\/aldiachaco.com.ar\/wp-content\/uploads\/2024\/08\/20230616101942_unnamed_5.jpg\" \/>\n\t<meta property=\"og:image:width\" content=\"887\" \/>\n\t<meta property=\"og:image:height\" content=\"554\" \/>\n\t<meta property=\"og:image:type\" content=\"image\/jpeg\" \/>\n<meta name=\"author\" content=\"aldiachaco.com.ar\" \/>\n<meta name=\"twitter:card\" content=\"summary_large_image\" \/>\n<meta name=\"twitter:label1\" content=\"Escrito por\" \/>\n\t<meta name=\"twitter:data1\" content=\"aldiachaco.com.ar\" \/>\n\t<meta name=\"twitter:label2\" content=\"Tiempo de lectura\" \/>\n\t<meta name=\"twitter:data2\" content=\"2 minutos\" \/>\n<script type=\"application\/ld+json\" class=\"yoast-schema-graph\">{\"@context\":\"https:\\\/\\\/schema.org\",\"@graph\":[{\"@type\":\"Article\",\"@id\":\"https:\\\/\\\/aldiachaco.com.ar\\\/index.php\\\/2024\\\/08\\\/21\\\/golpe-para-milei-la-oposicion-toma-control-de-los-gastos-de-la-side-en-diputados\\\/#article\",\"isPartOf\":{\"@id\":\"https:\\\/\\\/aldiachaco.com.ar\\\/index.php\\\/2024\\\/08\\\/21\\\/golpe-para-milei-la-oposicion-toma-control-de-los-gastos-de-la-side-en-diputados\\\/\"},\"author\":{\"name\":\"aldiachaco.com.ar\",\"@id\":\"https:\\\/\\\/aldiachaco.com.ar\\\/#\\\/schema\\\/person\\\/80113835e512ba580e79a945932487f5\"},\"headline\":\"Golpe para Milei: la oposici\u00f3n toma control de los gastos de la SIDE en Diputados\",\"datePublished\":\"2024-08-21T10:03:50+00:00\",\"mainEntityOfPage\":{\"@id\":\"https:\\\/\\\/aldiachaco.com.ar\\\/index.php\\\/2024\\\/08\\\/21\\\/golpe-para-milei-la-oposicion-toma-control-de-los-gastos-de-la-side-en-diputados\\\/\"},\"wordCount\":394,\"commentCount\":0,\"publisher\":{\"@id\":\"https:\\\/\\\/aldiachaco.com.ar\\\/#organization\"},\"image\":{\"@id\":\"https:\\\/\\\/aldiachaco.com.ar\\\/index.php\\\/2024\\\/08\\\/21\\\/golpe-para-milei-la-oposicion-toma-control-de-los-gastos-de-la-side-en-diputados\\\/#primaryimage\"},\"thumbnailUrl\":\"https:\\\/\\\/aldiachaco.com.ar\\\/wp-content\\\/uploads\\\/2024\\\/08\\\/20230616101942_unnamed_5.jpg\",\"articleSection\":[\"Pol\u00edtica\"],\"inLanguage\":\"es-AR\",\"potentialAction\":[{\"@type\":\"CommentAction\",\"name\":\"Comment\",\"target\":[\"https:\\\/\\\/aldiachaco.com.ar\\\/index.php\\\/2024\\\/08\\\/21\\\/golpe-para-milei-la-oposicion-toma-control-de-los-gastos-de-la-side-en-diputados\\\/#respond\"]}]},{\"@type\":\"WebPage\",\"@id\":\"https:\\\/\\\/aldiachaco.com.ar\\\/index.php\\\/2024\\\/08\\\/21\\\/golpe-para-milei-la-oposicion-toma-control-de-los-gastos-de-la-side-en-diputados\\\/\",\"url\":\"https:\\\/\\\/aldiachaco.com.ar\\\/index.php\\\/2024\\\/08\\\/21\\\/golpe-para-milei-la-oposicion-toma-control-de-los-gastos-de-la-side-en-diputados\\\/\",\"name\":\"Golpe para Milei: la oposici\u00f3n toma control de los gastos de la SIDE en Diputados | Al Dia Chaco\",\"isPartOf\":{\"@id\":\"https:\\\/\\\/aldiachaco.com.ar\\\/#website\"},\"primaryImageOfPage\":{\"@id\":\"https:\\\/\\\/aldiachaco.com.ar\\\/index.php\\\/2024\\\/08\\\/21\\\/golpe-para-milei-la-oposicion-toma-control-de-los-gastos-de-la-side-en-diputados\\\/#primaryimage\"},\"image\":{\"@id\":\"https:\\\/\\\/aldiachaco.com.ar\\\/index.php\\\/2024\\\/08\\\/21\\\/golpe-para-milei-la-oposicion-toma-control-de-los-gastos-de-la-side-en-diputados\\\/#primaryimage\"},\"thumbnailUrl\":\"https:\\\/\\\/aldiachaco.com.ar\\\/wp-content\\\/uploads\\\/2024\\\/08\\\/20230616101942_unnamed_5.jpg\",\"datePublished\":\"2024-08-21T10:03:50+00:00\",\"breadcrumb\":{\"@id\":\"https:\\\/\\\/aldiachaco.com.ar\\\/index.php\\\/2024\\\/08\\\/21\\\/golpe-para-milei-la-oposicion-toma-control-de-los-gastos-de-la-side-en-diputados\\\/#breadcrumb\"},\"inLanguage\":\"es-AR\",\"potentialAction\":[{\"@type\":\"ReadAction\",\"target\":[\"https:\\\/\\\/aldiachaco.com.ar\\\/index.php\\\/2024\\\/08\\\/21\\\/golpe-para-milei-la-oposicion-toma-control-de-los-gastos-de-la-side-en-diputados\\\/\"]}]},{\"@type\":\"ImageObject\",\"inLanguage\":\"es-AR\",\"@id\":\"https:\\\/\\\/aldiachaco.com.ar\\\/index.php\\\/2024\\\/08\\\/21\\\/golpe-para-milei-la-oposicion-toma-control-de-los-gastos-de-la-side-en-diputados\\\/#primaryimage\",\"url\":\"https:\\\/\\\/aldiachaco.com.ar\\\/wp-content\\\/uploads\\\/2024\\\/08\\\/20230616101942_unnamed_5.jpg\",\"contentUrl\":\"https:\\\/\\\/aldiachaco.com.ar\\\/wp-content\\\/uploads\\\/2024\\\/08\\\/20230616101942_unnamed_5.jpg\",\"width\":887,\"height\":554},{\"@type\":\"BreadcrumbList\",\"@id\":\"https:\\\/\\\/aldiachaco.com.ar\\\/index.php\\\/2024\\\/08\\\/21\\\/golpe-para-milei-la-oposicion-toma-control-de-los-gastos-de-la-side-en-diputados\\\/#breadcrumb\",\"itemListElement\":[{\"@type\":\"ListItem\",\"position\":1,\"name\":\"Home\",\"item\":\"https:\\\/\\\/aldiachaco.com.ar\\\/\"},{\"@type\":\"ListItem\",\"position\":2,\"name\":\"Golpe para Milei: la oposici\u00f3n toma control de los gastos de la SIDE en Diputados\"}]},{\"@type\":\"WebSite\",\"@id\":\"https:\\\/\\\/aldiachaco.com.ar\\\/#website\",\"url\":\"https:\\\/\\\/aldiachaco.com.ar\\\/\",\"name\":\"Al Dia Chaco\",\"description\":\"Noticias del Chaco y el mundo\",\"publisher\":{\"@id\":\"https:\\\/\\\/aldiachaco.com.ar\\\/#organization\"},\"alternateName\":\"Al D\u00eda Chaco\",\"potentialAction\":[{\"@type\":\"SearchAction\",\"target\":{\"@type\":\"EntryPoint\",\"urlTemplate\":\"https:\\\/\\\/aldiachaco.com.ar\\\/?s={search_term_string}\"},\"query-input\":{\"@type\":\"PropertyValueSpecification\",\"valueRequired\":true,\"valueName\":\"search_term_string\"}}],\"inLanguage\":\"es-AR\"},{\"@type\":\"Organization\",\"@id\":\"https:\\\/\\\/aldiachaco.com.ar\\\/#organization\",\"name\":\"Al Dia Chaco\",\"url\":\"https:\\\/\\\/aldiachaco.com.ar\\\/\",\"logo\":{\"@type\":\"ImageObject\",\"inLanguage\":\"es-AR\",\"@id\":\"https:\\\/\\\/aldiachaco.com.ar\\\/#\\\/schema\\\/logo\\\/image\\\/\",\"url\":\"https:\\\/\\\/aldiachaco.com.ar\\\/wp-content\\\/uploads\\\/2017\\\/11\\\/AL-DIA-CHACO-L@2x.png\",\"contentUrl\":\"https:\\\/\\\/aldiachaco.com.ar\\\/wp-content\\\/uploads\\\/2017\\\/11\\\/AL-DIA-CHACO-L@2x.png\",\"width\":232,\"height\":60,\"caption\":\"Al Dia Chaco\"},\"image\":{\"@id\":\"https:\\\/\\\/aldiachaco.com.ar\\\/#\\\/schema\\\/logo\\\/image\\\/\"}},{\"@type\":\"Person\",\"@id\":\"https:\\\/\\\/aldiachaco.com.ar\\\/#\\\/schema\\\/person\\\/80113835e512ba580e79a945932487f5\",\"name\":\"aldiachaco.com.ar\",\"image\":{\"@type\":\"ImageObject\",\"inLanguage\":\"es-AR\",\"@id\":\"https:\\\/\\\/aldiachaco.com.ar\\\/wp-content\\\/litespeed\\\/avatar\\\/a7c4ebc5454089d3fd4ef6b87fdd073a.jpg?ver=1777471945\",\"url\":\"https:\\\/\\\/aldiachaco.com.ar\\\/wp-content\\\/litespeed\\\/avatar\\\/a7c4ebc5454089d3fd4ef6b87fdd073a.jpg?ver=1777471945\",\"contentUrl\":\"https:\\\/\\\/aldiachaco.com.ar\\\/wp-content\\\/litespeed\\\/avatar\\\/a7c4ebc5454089d3fd4ef6b87fdd073a.jpg?ver=1777471945\",\"caption\":\"aldiachaco.com.ar\"},\"sameAs\":[\"https:\\\/\\\/aldiachaco.com.ar\"],\"url\":\"https:\\\/\\\/aldiachaco.com.ar\\\/index.php\\\/author\\\/lime-camel-884546-hostingersite-com\\\/\"}]}<\/script>\n<!-- \/ Yoast SEO plugin. -->","yoast_head_json":{"title":"Golpe para Milei: la oposici\u00f3n toma control de los gastos de la SIDE en Diputados | Al Dia Chaco","robots":{"index":"index","follow":"follow","max-snippet":"max-snippet:-1","max-image-preview":"max-image-preview:large","max-video-preview":"max-video-preview:-1"},"canonical":"https:\/\/aldiachaco.com.ar\/index.php\/2024\/08\/21\/golpe-para-milei-la-oposicion-toma-control-de-los-gastos-de-la-side-en-diputados\/","og_locale":"es_ES","og_type":"article","og_title":"Golpe para Milei: la oposici\u00f3n toma control de los gastos de la SIDE en Diputados | Al Dia Chaco","og_description":"100.000.000.000 de pesos despu\u00e9s, el Gobierno de\u00a0Javier Milei\u00a0deber\u00e1 hacerle frente a los cuestionamientos por la inmensa erogaci\u00f3n presupuestaria destinada a la Secretar\u00eda de Inteligencia del Estado (SIDE) para sus \u201cgastos reservados\u201d. Del otro lado del mostrador se encontrar\u00e1 nada menos que un\u00a0incipiente frente opositor conformado por el peronismo y el radicalismo\u00a0que logr\u00f3 hacerse con el &hellip;","og_url":"https:\/\/aldiachaco.com.ar\/index.php\/2024\/08\/21\/golpe-para-milei-la-oposicion-toma-control-de-los-gastos-de-la-side-en-diputados\/","og_site_name":"Al Dia Chaco","article_published_time":"2024-08-21T10:03:50+00:00","og_image":[{"width":887,"height":554,"url":"https:\/\/aldiachaco.com.ar\/wp-content\/uploads\/2024\/08\/20230616101942_unnamed_5.jpg","type":"image\/jpeg"}],"author":"aldiachaco.com.ar","twitter_card":"summary_large_image","twitter_misc":{"Escrito por":"aldiachaco.com.ar","Tiempo de lectura":"2 minutos"},"schema":{"@context":"https:\/\/schema.org","@graph":[{"@type":"Article","@id":"https:\/\/aldiachaco.com.ar\/index.php\/2024\/08\/21\/golpe-para-milei-la-oposicion-toma-control-de-los-gastos-de-la-side-en-diputados\/#article","isPartOf":{"@id":"https:\/\/aldiachaco.com.ar\/index.php\/2024\/08\/21\/golpe-para-milei-la-oposicion-toma-control-de-los-gastos-de-la-side-en-diputados\/"},"author":{"name":"aldiachaco.com.ar","@id":"https:\/\/aldiachaco.com.ar\/#\/schema\/person\/80113835e512ba580e79a945932487f5"},"headline":"Golpe para Milei: la oposici\u00f3n toma control de los gastos de la SIDE en Diputados","datePublished":"2024-08-21T10:03:50+00:00","mainEntityOfPage":{"@id":"https:\/\/aldiachaco.com.ar\/index.php\/2024\/08\/21\/golpe-para-milei-la-oposicion-toma-control-de-los-gastos-de-la-side-en-diputados\/"},"wordCount":394,"commentCount":0,"publisher":{"@id":"https:\/\/aldiachaco.com.ar\/#organization"},"image":{"@id":"https:\/\/aldiachaco.com.ar\/index.php\/2024\/08\/21\/golpe-para-milei-la-oposicion-toma-control-de-los-gastos-de-la-side-en-diputados\/#primaryimage"},"thumbnailUrl":"https:\/\/aldiachaco.com.ar\/wp-content\/uploads\/2024\/08\/20230616101942_unnamed_5.jpg","articleSection":["Pol\u00edtica"],"inLanguage":"es-AR","potentialAction":[{"@type":"CommentAction","name":"Comment","target":["https:\/\/aldiachaco.com.ar\/index.php\/2024\/08\/21\/golpe-para-milei-la-oposicion-toma-control-de-los-gastos-de-la-side-en-diputados\/#respond"]}]},{"@type":"WebPage","@id":"https:\/\/aldiachaco.com.ar\/index.php\/2024\/08\/21\/golpe-para-milei-la-oposicion-toma-control-de-los-gastos-de-la-side-en-diputados\/","url":"https:\/\/aldiachaco.com.ar\/index.php\/2024\/08\/21\/golpe-para-milei-la-oposicion-toma-control-de-los-gastos-de-la-side-en-diputados\/","name":"Golpe para Milei: la oposici\u00f3n toma control de los gastos de la SIDE en Diputados | Al Dia Chaco","isPartOf":{"@id":"https:\/\/aldiachaco.com.ar\/#website"},"primaryImageOfPage":{"@id":"https:\/\/aldiachaco.com.ar\/index.php\/2024\/08\/21\/golpe-para-milei-la-oposicion-toma-control-de-los-gastos-de-la-side-en-diputados\/#primaryimage"},"image":{"@id":"https:\/\/aldiachaco.com.ar\/index.php\/2024\/08\/21\/golpe-para-milei-la-oposicion-toma-control-de-los-gastos-de-la-side-en-diputados\/#primaryimage"},"thumbnailUrl":"https:\/\/aldiachaco.com.ar\/wp-content\/uploads\/2024\/08\/20230616101942_unnamed_5.jpg","datePublished":"2024-08-21T10:03:50+00:00","breadcrumb":{"@id":"https:\/\/aldiachaco.com.ar\/index.php\/2024\/08\/21\/golpe-para-milei-la-oposicion-toma-control-de-los-gastos-de-la-side-en-diputados\/#breadcrumb"},"inLanguage":"es-AR","potentialAction":[{"@type":"ReadAction","target":["https:\/\/aldiachaco.com.ar\/index.php\/2024\/08\/21\/golpe-para-milei-la-oposicion-toma-control-de-los-gastos-de-la-side-en-diputados\/"]}]},{"@type":"ImageObject","inLanguage":"es-AR","@id":"https:\/\/aldiachaco.com.ar\/index.php\/2024\/08\/21\/golpe-para-milei-la-oposicion-toma-control-de-los-gastos-de-la-side-en-diputados\/#primaryimage","url":"https:\/\/aldiachaco.com.ar\/wp-content\/uploads\/2024\/08\/20230616101942_unnamed_5.jpg","contentUrl":"https:\/\/aldiachaco.com.ar\/wp-content\/uploads\/2024\/08\/20230616101942_unnamed_5.jpg","width":887,"height":554},{"@type":"BreadcrumbList","@id":"https:\/\/aldiachaco.com.ar\/index.php\/2024\/08\/21\/golpe-para-milei-la-oposicion-toma-control-de-los-gastos-de-la-side-en-diputados\/#breadcrumb","itemListElement":[{"@type":"ListItem","position":1,"name":"Home","item":"https:\/\/aldiachaco.com.ar\/"},{"@type":"ListItem","position":2,"name":"Golpe para Milei: la oposici\u00f3n toma control de los gastos de la SIDE en Diputados"}]},{"@type":"WebSite","@id":"https:\/\/aldiachaco.com.ar\/#website","url":"https:\/\/aldiachaco.com.ar\/","name":"Al Dia Chaco","description":"Noticias del Chaco y el mundo","publisher":{"@id":"https:\/\/aldiachaco.com.ar\/#organization"},"alternateName":"Al D\u00eda Chaco","potentialAction":[{"@type":"SearchAction","target":{"@type":"EntryPoint","urlTemplate":"https:\/\/aldiachaco.com.ar\/?s={search_term_string}"},"query-input":{"@type":"PropertyValueSpecification","valueRequired":true,"valueName":"search_term_string"}}],"inLanguage":"es-AR"},{"@type":"Organization","@id":"https:\/\/aldiachaco.com.ar\/#organization","name":"Al Dia Chaco","url":"https:\/\/aldiachaco.com.ar\/","logo":{"@type":"ImageObject","inLanguage":"es-AR","@id":"https:\/\/aldiachaco.com.ar\/#\/schema\/logo\/image\/","url":"https:\/\/aldiachaco.com.ar\/wp-content\/uploads\/2017\/11\/AL-DIA-CHACO-L@2x.png","contentUrl":"https:\/\/aldiachaco.com.ar\/wp-content\/uploads\/2017\/11\/AL-DIA-CHACO-L@2x.png","width":232,"height":60,"caption":"Al Dia Chaco"},"image":{"@id":"https:\/\/aldiachaco.com.ar\/#\/schema\/logo\/image\/"}},{"@type":"Person","@id":"https:\/\/aldiachaco.com.ar\/#\/schema\/person\/80113835e512ba580e79a945932487f5","name":"aldiachaco.com.ar","image":{"@type":"ImageObject","inLanguage":"es-AR","@id":"https:\/\/aldiachaco.com.ar\/wp-content\/litespeed\/avatar\/a7c4ebc5454089d3fd4ef6b87fdd073a.jpg?ver=1777471945","url":"https:\/\/aldiachaco.com.ar\/wp-content\/litespeed\/avatar\/a7c4ebc5454089d3fd4ef6b87fdd073a.jpg?ver=1777471945","contentUrl":"https:\/\/aldiachaco.com.ar\/wp-content\/litespeed\/avatar\/a7c4ebc5454089d3fd4ef6b87fdd073a.jpg?ver=1777471945","caption":"aldiachaco.com.ar"},"sameAs":["https:\/\/aldiachaco.com.ar"],"url":"https:\/\/aldiachaco.com.ar\/index.php\/author\/lime-camel-884546-hostingersite-com\/"}]}},"jetpack_publicize_connections":[],"jetpack_featured_media_url":"https:\/\/aldiachaco.com.ar\/wp-content\/uploads\/2024\/08\/20230616101942_unnamed_5.jpg","jetpack_sharing_enabled":true,"amp_enabled":true,"_links":{"self":[{"href":"https:\/\/aldiachaco.com.ar\/index.php\/wp-json\/wp\/v2\/posts\/9126","targetHints":{"allow":["GET"]}}],"collection":[{"href":"https:\/\/aldiachaco.com.ar\/index.php\/wp-json\/wp\/v2\/posts"}],"about":[{"href":"https:\/\/aldiachaco.com.ar\/index.php\/wp-json\/wp\/v2\/types\/post"}],"author":[{"embeddable":true,"href":"https:\/\/aldiachaco.com.ar\/index.php\/wp-json\/wp\/v2\/users\/1"}],"replies":[{"embeddable":true,"href":"https:\/\/aldiachaco.com.ar\/index.php\/wp-json\/wp\/v2\/comments?post=9126"}],"version-history":[{"count":1,"href":"https:\/\/aldiachaco.com.ar\/index.php\/wp-json\/wp\/v2\/posts\/9126\/revisions"}],"predecessor-version":[{"id":9128,"href":"https:\/\/aldiachaco.com.ar\/index.php\/wp-json\/wp\/v2\/posts\/9126\/revisions\/9128"}],"wp:featuredmedia":[{"embeddable":true,"href":"https:\/\/aldiachaco.com.ar\/index.php\/wp-json\/wp\/v2\/media\/9127"}],"wp:attachment":[{"href":"https:\/\/aldiachaco.com.ar\/index.php\/wp-json\/wp\/v2\/media?parent=9126"}],"wp:term":[{"taxonomy":"category","embeddable":true,"href":"https:\/\/aldiachaco.com.ar\/index.php\/wp-json\/wp\/v2\/categories?post=9126"},{"taxonomy":"post_tag","embeddable":true,"href":"https:\/\/aldiachaco.com.ar\/index.php\/wp-json\/wp\/v2\/tags?post=9126"}],"curies":[{"name":"wp","href":"https:\/\/api.w.org\/{rel}","templated":true}]}}