{"id":9009,"date":"2024-08-15T14:03:15","date_gmt":"2024-08-15T17:03:15","guid":{"rendered":"https:\/\/aldiachaco.com.ar\/?p=9009"},"modified":"2024-08-15T14:03:15","modified_gmt":"2024-08-15T17:03:15","slug":"la-oms-declaro-la-emergencia-sanitaria-internacional-por-la-viruela-del-mono","status":"publish","type":"post","link":"https:\/\/aldiachaco.com.ar\/index.php\/2024\/08\/15\/la-oms-declaro-la-emergencia-sanitaria-internacional-por-la-viruela-del-mono\/","title":{"rendered":"La OMS declar\u00f3 la emergencia sanitaria internacional por la viruela del mono"},"content":{"rendered":"<p>La Organizaci\u00f3n Mundial de la Salud (OMS) declar\u00f3 recientemente una emergencia de salud p\u00fablica de alcance internacional debido al brote de mpox, anteriormente conocido como viruela del mono , que se origin\u00f3 en la Rep\u00fablica Democr\u00e1tica del Congo (CDC) y comenz\u00f3 a afectar a pa\u00edses vecinos como Uganda, Ruanda, Burundi y Kenia. Esta es la segunda vez en dos a\u00f1os que la OMS toma una medida de este tipo, despu\u00e9s de que la propagaci\u00f3n inicial de la enfermedad en mayo del a\u00f1o pasado fuera controlada.<\/p>\n<p><img loading=\"lazy\" decoding=\"async\" class=\"alignnone size-medium wp-image-9011\" src=\"https:\/\/aldiachaco.com.ar\/wp-content\/uploads\/2024\/08\/viruela-del-monojng-300x169.png\" alt=\"\" width=\"300\" height=\"169\" srcset=\"https:\/\/aldiachaco.com.ar\/wp-content\/uploads\/2024\/08\/viruela-del-monojng-300x169.png 300w, https:\/\/aldiachaco.com.ar\/wp-content\/uploads\/2024\/08\/viruela-del-monojng-1024x576.png 1024w, https:\/\/aldiachaco.com.ar\/wp-content\/uploads\/2024\/08\/viruela-del-monojng-768x432.png 768w, https:\/\/aldiachaco.com.ar\/wp-content\/uploads\/2024\/08\/viruela-del-monojng-390x220.png 390w, https:\/\/aldiachaco.com.ar\/wp-content\/uploads\/2024\/08\/viruela-del-monojng-780x439.png 780w, https:\/\/aldiachaco.com.ar\/wp-content\/uploads\/2024\/08\/viruela-del-monojng-600x337.png 600w, https:\/\/aldiachaco.com.ar\/wp-content\/uploads\/2024\/08\/viruela-del-monojng.png 1366w\" sizes=\"auto, (max-width: 300px) 100vw, 300px\" \/><\/p>\n<p><strong>Contexto de la enfermedad en Argentina<\/strong><\/p>\n<p>En nuestro pa\u00eds, la situaci\u00f3n se mantiene bajo control, con un n\u00famero limitado de casos confirmados. Seg\u00fan el Bolet\u00edn Epidemiol\u00f3gico Nacional (BEN), desde la primera semana del a\u00f1o hasta la semana 31, se registraron cinco casos confirmados de mpox de un total de 39 notificados, de los cuales 24 fueron descartados y 10 permanecen en estudio.<\/p>\n<p>El brote de Mpox en Argentina no es nuevo, el primer caso fue confirmado en la semana 21 del a\u00f1o 2022, durante el cual se reportaron 1.025 casos y dos fallecimientos. En 2023, el n\u00famero de casos confirmados disminuy\u00f3 a 124, con el \u00faltimo caso registrado en la semana 52.<\/p>\n<p>Este a\u00f1o, el pa\u00eds hab\u00eda logrado mantenerse sin nuevos casos hasta la semana 27, pero desde entonces se han confirmado cinco nuevos casos. Tres de ellos tienen antecedentes de viaje o contacto con viajeros, uno no presenta antecedentes conocidos, y el \u00faltimo se encuentra bajo investigaci\u00f3n epidemiol\u00f3gica.<\/p>\n<p><strong>S\u00edntomas de la enfermedad<\/strong><\/p>\n<p>Los s\u00edntomas caracter\u00edsticos de la mpox incluyen exantemas vesiculares que pueden aparecer en diversas localizaciones del cuerpo, como los genitales, perianales, manos y torso, acompa\u00f1ados de fiebre y mialgias. Seg\u00fan el Bolet\u00edn Epidemiol\u00f3gico, \u00abactualmente, la principal medida de salud p\u00fablica para interrumpir la transmisi\u00f3n de la enfermedad es la identificaci\u00f3n efectiva de casos, implementando medidas de aislamiento, y el rastreo de contactos para su seguimiento y eventual aislamiento en caso de desarrollar s\u00edntomas\u00bb.<\/p>\n","protected":false},"excerpt":{"rendered":"<p>La Organizaci\u00f3n Mundial de la Salud (OMS) declar\u00f3 recientemente una emergencia de salud p\u00fablica de alcance internacional debido al brote de mpox, anteriormente conocido como viruela del mono , que se origin\u00f3 en la Rep\u00fablica Democr\u00e1tica del Congo (CDC) y comenz\u00f3 a afectar a pa\u00edses vecinos como Uganda, Ruanda, Burundi y Kenia. Esta es la &hellip;<\/p>\n","protected":false},"author":1,"featured_media":9010,"comment_status":"open","ping_status":"open","sticky":false,"template":"","format":"standard","meta":{"content-type":"","_monsterinsights_skip_tracking":false,"_monsterinsights_sitenote_active":false,"_monsterinsights_sitenote_note":"","_monsterinsights_sitenote_category":0,"_jetpack_memberships_contains_paid_content":false,"footnotes":"","jetpack_publicize_message":"","jetpack_publicize_feature_enabled":true,"jetpack_social_post_already_shared":true,"jetpack_social_options":{"image_generator_settings":{"template":"highway","default_image_id":0,"font":"","enabled":false},"version":2}},"categories":[73],"tags":[],"class_list":["post-9009","post","type-post","status-publish","format-standard","has-post-thumbnail","hentry","category-internacionales"],"yoast_head":"<!-- This site is optimized with the Yoast SEO plugin v27.4 - https:\/\/yoast.com\/product\/yoast-seo-wordpress\/ -->\n<title>La OMS declar\u00f3 la emergencia sanitaria internacional por la viruela del mono | Al Dia Chaco<\/title>\n<meta name=\"robots\" content=\"index, follow, max-snippet:-1, max-image-preview:large, max-video-preview:-1\" \/>\n<link rel=\"canonical\" href=\"https:\/\/aldiachaco.com.ar\/index.php\/2024\/08\/15\/la-oms-declaro-la-emergencia-sanitaria-internacional-por-la-viruela-del-mono\/\" \/>\n<meta property=\"og:locale\" content=\"es_ES\" \/>\n<meta property=\"og:type\" content=\"article\" \/>\n<meta property=\"og:title\" content=\"La OMS declar\u00f3 la emergencia sanitaria internacional por la viruela del mono | Al Dia Chaco\" \/>\n<meta property=\"og:description\" content=\"La Organizaci\u00f3n Mundial de la Salud (OMS) declar\u00f3 recientemente una emergencia de salud p\u00fablica de alcance internacional debido al brote de mpox, anteriormente conocido como viruela del mono , que se origin\u00f3 en la Rep\u00fablica Democr\u00e1tica del Congo (CDC) y comenz\u00f3 a afectar a pa\u00edses vecinos como Uganda, Ruanda, Burundi y Kenia. Esta es la &hellip;\" \/>\n<meta property=\"og:url\" content=\"https:\/\/aldiachaco.com.ar\/index.php\/2024\/08\/15\/la-oms-declaro-la-emergencia-sanitaria-internacional-por-la-viruela-del-mono\/\" \/>\n<meta property=\"og:site_name\" content=\"Al Dia Chaco\" \/>\n<meta property=\"article:published_time\" content=\"2024-08-15T17:03:15+00:00\" \/>\n<meta property=\"og:image\" content=\"https:\/\/aldiachaco.com.ar\/wp-content\/uploads\/2024\/08\/20240815_135923.jpg\" \/>\n\t<meta property=\"og:image:width\" content=\"1068\" \/>\n\t<meta property=\"og:image:height\" content=\"801\" \/>\n\t<meta property=\"og:image:type\" content=\"image\/jpeg\" \/>\n<meta name=\"author\" content=\"aldiachaco.com.ar\" \/>\n<meta name=\"twitter:card\" content=\"summary_large_image\" \/>\n<meta name=\"twitter:label1\" content=\"Escrito por\" \/>\n\t<meta name=\"twitter:data1\" content=\"aldiachaco.com.ar\" \/>\n\t<meta name=\"twitter:label2\" content=\"Tiempo de lectura\" \/>\n\t<meta name=\"twitter:data2\" content=\"2 minutos\" \/>\n<script type=\"application\/ld+json\" class=\"yoast-schema-graph\">{\"@context\":\"https:\\\/\\\/schema.org\",\"@graph\":[{\"@type\":\"Article\",\"@id\":\"https:\\\/\\\/aldiachaco.com.ar\\\/index.php\\\/2024\\\/08\\\/15\\\/la-oms-declaro-la-emergencia-sanitaria-internacional-por-la-viruela-del-mono\\\/#article\",\"isPartOf\":{\"@id\":\"https:\\\/\\\/aldiachaco.com.ar\\\/index.php\\\/2024\\\/08\\\/15\\\/la-oms-declaro-la-emergencia-sanitaria-internacional-por-la-viruela-del-mono\\\/\"},\"author\":{\"name\":\"aldiachaco.com.ar\",\"@id\":\"https:\\\/\\\/aldiachaco.com.ar\\\/#\\\/schema\\\/person\\\/80113835e512ba580e79a945932487f5\"},\"headline\":\"La OMS declar\u00f3 la emergencia sanitaria internacional por la viruela del mono\",\"datePublished\":\"2024-08-15T17:03:15+00:00\",\"mainEntityOfPage\":{\"@id\":\"https:\\\/\\\/aldiachaco.com.ar\\\/index.php\\\/2024\\\/08\\\/15\\\/la-oms-declaro-la-emergencia-sanitaria-internacional-por-la-viruela-del-mono\\\/\"},\"wordCount\":355,\"commentCount\":0,\"publisher\":{\"@id\":\"https:\\\/\\\/aldiachaco.com.ar\\\/#organization\"},\"image\":{\"@id\":\"https:\\\/\\\/aldiachaco.com.ar\\\/index.php\\\/2024\\\/08\\\/15\\\/la-oms-declaro-la-emergencia-sanitaria-internacional-por-la-viruela-del-mono\\\/#primaryimage\"},\"thumbnailUrl\":\"https:\\\/\\\/aldiachaco.com.ar\\\/wp-content\\\/uploads\\\/2024\\\/08\\\/20240815_135923.jpg\",\"articleSection\":[\"Internacionales\"],\"inLanguage\":\"es-AR\",\"potentialAction\":[{\"@type\":\"CommentAction\",\"name\":\"Comment\",\"target\":[\"https:\\\/\\\/aldiachaco.com.ar\\\/index.php\\\/2024\\\/08\\\/15\\\/la-oms-declaro-la-emergencia-sanitaria-internacional-por-la-viruela-del-mono\\\/#respond\"]}]},{\"@type\":\"WebPage\",\"@id\":\"https:\\\/\\\/aldiachaco.com.ar\\\/index.php\\\/2024\\\/08\\\/15\\\/la-oms-declaro-la-emergencia-sanitaria-internacional-por-la-viruela-del-mono\\\/\",\"url\":\"https:\\\/\\\/aldiachaco.com.ar\\\/index.php\\\/2024\\\/08\\\/15\\\/la-oms-declaro-la-emergencia-sanitaria-internacional-por-la-viruela-del-mono\\\/\",\"name\":\"La OMS declar\u00f3 la emergencia sanitaria internacional por la viruela del mono | Al Dia Chaco\",\"isPartOf\":{\"@id\":\"https:\\\/\\\/aldiachaco.com.ar\\\/#website\"},\"primaryImageOfPage\":{\"@id\":\"https:\\\/\\\/aldiachaco.com.ar\\\/index.php\\\/2024\\\/08\\\/15\\\/la-oms-declaro-la-emergencia-sanitaria-internacional-por-la-viruela-del-mono\\\/#primaryimage\"},\"image\":{\"@id\":\"https:\\\/\\\/aldiachaco.com.ar\\\/index.php\\\/2024\\\/08\\\/15\\\/la-oms-declaro-la-emergencia-sanitaria-internacional-por-la-viruela-del-mono\\\/#primaryimage\"},\"thumbnailUrl\":\"https:\\\/\\\/aldiachaco.com.ar\\\/wp-content\\\/uploads\\\/2024\\\/08\\\/20240815_135923.jpg\",\"datePublished\":\"2024-08-15T17:03:15+00:00\",\"breadcrumb\":{\"@id\":\"https:\\\/\\\/aldiachaco.com.ar\\\/index.php\\\/2024\\\/08\\\/15\\\/la-oms-declaro-la-emergencia-sanitaria-internacional-por-la-viruela-del-mono\\\/#breadcrumb\"},\"inLanguage\":\"es-AR\",\"potentialAction\":[{\"@type\":\"ReadAction\",\"target\":[\"https:\\\/\\\/aldiachaco.com.ar\\\/index.php\\\/2024\\\/08\\\/15\\\/la-oms-declaro-la-emergencia-sanitaria-internacional-por-la-viruela-del-mono\\\/\"]}]},{\"@type\":\"ImageObject\",\"inLanguage\":\"es-AR\",\"@id\":\"https:\\\/\\\/aldiachaco.com.ar\\\/index.php\\\/2024\\\/08\\\/15\\\/la-oms-declaro-la-emergencia-sanitaria-internacional-por-la-viruela-del-mono\\\/#primaryimage\",\"url\":\"https:\\\/\\\/aldiachaco.com.ar\\\/wp-content\\\/uploads\\\/2024\\\/08\\\/20240815_135923.jpg\",\"contentUrl\":\"https:\\\/\\\/aldiachaco.com.ar\\\/wp-content\\\/uploads\\\/2024\\\/08\\\/20240815_135923.jpg\",\"width\":1068,\"height\":801},{\"@type\":\"BreadcrumbList\",\"@id\":\"https:\\\/\\\/aldiachaco.com.ar\\\/index.php\\\/2024\\\/08\\\/15\\\/la-oms-declaro-la-emergencia-sanitaria-internacional-por-la-viruela-del-mono\\\/#breadcrumb\",\"itemListElement\":[{\"@type\":\"ListItem\",\"position\":1,\"name\":\"Home\",\"item\":\"https:\\\/\\\/aldiachaco.com.ar\\\/\"},{\"@type\":\"ListItem\",\"position\":2,\"name\":\"La OMS declar\u00f3 la emergencia sanitaria internacional por la viruela del mono\"}]},{\"@type\":\"WebSite\",\"@id\":\"https:\\\/\\\/aldiachaco.com.ar\\\/#website\",\"url\":\"https:\\\/\\\/aldiachaco.com.ar\\\/\",\"name\":\"Al Dia Chaco\",\"description\":\"Noticias del Chaco y el mundo\",\"publisher\":{\"@id\":\"https:\\\/\\\/aldiachaco.com.ar\\\/#organization\"},\"alternateName\":\"Al D\u00eda Chaco\",\"potentialAction\":[{\"@type\":\"SearchAction\",\"target\":{\"@type\":\"EntryPoint\",\"urlTemplate\":\"https:\\\/\\\/aldiachaco.com.ar\\\/?s={search_term_string}\"},\"query-input\":{\"@type\":\"PropertyValueSpecification\",\"valueRequired\":true,\"valueName\":\"search_term_string\"}}],\"inLanguage\":\"es-AR\"},{\"@type\":\"Organization\",\"@id\":\"https:\\\/\\\/aldiachaco.com.ar\\\/#organization\",\"name\":\"Al Dia Chaco\",\"url\":\"https:\\\/\\\/aldiachaco.com.ar\\\/\",\"logo\":{\"@type\":\"ImageObject\",\"inLanguage\":\"es-AR\",\"@id\":\"https:\\\/\\\/aldiachaco.com.ar\\\/#\\\/schema\\\/logo\\\/image\\\/\",\"url\":\"https:\\\/\\\/aldiachaco.com.ar\\\/wp-content\\\/uploads\\\/2017\\\/11\\\/AL-DIA-CHACO-L@2x.png\",\"contentUrl\":\"https:\\\/\\\/aldiachaco.com.ar\\\/wp-content\\\/uploads\\\/2017\\\/11\\\/AL-DIA-CHACO-L@2x.png\",\"width\":232,\"height\":60,\"caption\":\"Al Dia Chaco\"},\"image\":{\"@id\":\"https:\\\/\\\/aldiachaco.com.ar\\\/#\\\/schema\\\/logo\\\/image\\\/\"}},{\"@type\":\"Person\",\"@id\":\"https:\\\/\\\/aldiachaco.com.ar\\\/#\\\/schema\\\/person\\\/80113835e512ba580e79a945932487f5\",\"name\":\"aldiachaco.com.ar\",\"image\":{\"@type\":\"ImageObject\",\"inLanguage\":\"es-AR\",\"@id\":\"https:\\\/\\\/aldiachaco.com.ar\\\/wp-content\\\/litespeed\\\/avatar\\\/a7c4ebc5454089d3fd4ef6b87fdd073a.jpg?ver=1777471945\",\"url\":\"https:\\\/\\\/aldiachaco.com.ar\\\/wp-content\\\/litespeed\\\/avatar\\\/a7c4ebc5454089d3fd4ef6b87fdd073a.jpg?ver=1777471945\",\"contentUrl\":\"https:\\\/\\\/aldiachaco.com.ar\\\/wp-content\\\/litespeed\\\/avatar\\\/a7c4ebc5454089d3fd4ef6b87fdd073a.jpg?ver=1777471945\",\"caption\":\"aldiachaco.com.ar\"},\"sameAs\":[\"https:\\\/\\\/aldiachaco.com.ar\"],\"url\":\"https:\\\/\\\/aldiachaco.com.ar\\\/index.php\\\/author\\\/lime-camel-884546-hostingersite-com\\\/\"}]}<\/script>\n<!-- \/ Yoast SEO plugin. -->","yoast_head_json":{"title":"La OMS declar\u00f3 la emergencia sanitaria internacional por la viruela del mono | Al Dia Chaco","robots":{"index":"index","follow":"follow","max-snippet":"max-snippet:-1","max-image-preview":"max-image-preview:large","max-video-preview":"max-video-preview:-1"},"canonical":"https:\/\/aldiachaco.com.ar\/index.php\/2024\/08\/15\/la-oms-declaro-la-emergencia-sanitaria-internacional-por-la-viruela-del-mono\/","og_locale":"es_ES","og_type":"article","og_title":"La OMS declar\u00f3 la emergencia sanitaria internacional por la viruela del mono | Al Dia Chaco","og_description":"La Organizaci\u00f3n Mundial de la Salud (OMS) declar\u00f3 recientemente una emergencia de salud p\u00fablica de alcance internacional debido al brote de mpox, anteriormente conocido como viruela del mono , que se origin\u00f3 en la Rep\u00fablica Democr\u00e1tica del Congo (CDC) y comenz\u00f3 a afectar a pa\u00edses vecinos como Uganda, Ruanda, Burundi y Kenia. Esta es la &hellip;","og_url":"https:\/\/aldiachaco.com.ar\/index.php\/2024\/08\/15\/la-oms-declaro-la-emergencia-sanitaria-internacional-por-la-viruela-del-mono\/","og_site_name":"Al Dia Chaco","article_published_time":"2024-08-15T17:03:15+00:00","og_image":[{"width":1068,"height":801,"url":"https:\/\/aldiachaco.com.ar\/wp-content\/uploads\/2024\/08\/20240815_135923.jpg","type":"image\/jpeg"}],"author":"aldiachaco.com.ar","twitter_card":"summary_large_image","twitter_misc":{"Escrito por":"aldiachaco.com.ar","Tiempo de lectura":"2 minutos"},"schema":{"@context":"https:\/\/schema.org","@graph":[{"@type":"Article","@id":"https:\/\/aldiachaco.com.ar\/index.php\/2024\/08\/15\/la-oms-declaro-la-emergencia-sanitaria-internacional-por-la-viruela-del-mono\/#article","isPartOf":{"@id":"https:\/\/aldiachaco.com.ar\/index.php\/2024\/08\/15\/la-oms-declaro-la-emergencia-sanitaria-internacional-por-la-viruela-del-mono\/"},"author":{"name":"aldiachaco.com.ar","@id":"https:\/\/aldiachaco.com.ar\/#\/schema\/person\/80113835e512ba580e79a945932487f5"},"headline":"La OMS declar\u00f3 la emergencia sanitaria internacional por la viruela del mono","datePublished":"2024-08-15T17:03:15+00:00","mainEntityOfPage":{"@id":"https:\/\/aldiachaco.com.ar\/index.php\/2024\/08\/15\/la-oms-declaro-la-emergencia-sanitaria-internacional-por-la-viruela-del-mono\/"},"wordCount":355,"commentCount":0,"publisher":{"@id":"https:\/\/aldiachaco.com.ar\/#organization"},"image":{"@id":"https:\/\/aldiachaco.com.ar\/index.php\/2024\/08\/15\/la-oms-declaro-la-emergencia-sanitaria-internacional-por-la-viruela-del-mono\/#primaryimage"},"thumbnailUrl":"https:\/\/aldiachaco.com.ar\/wp-content\/uploads\/2024\/08\/20240815_135923.jpg","articleSection":["Internacionales"],"inLanguage":"es-AR","potentialAction":[{"@type":"CommentAction","name":"Comment","target":["https:\/\/aldiachaco.com.ar\/index.php\/2024\/08\/15\/la-oms-declaro-la-emergencia-sanitaria-internacional-por-la-viruela-del-mono\/#respond"]}]},{"@type":"WebPage","@id":"https:\/\/aldiachaco.com.ar\/index.php\/2024\/08\/15\/la-oms-declaro-la-emergencia-sanitaria-internacional-por-la-viruela-del-mono\/","url":"https:\/\/aldiachaco.com.ar\/index.php\/2024\/08\/15\/la-oms-declaro-la-emergencia-sanitaria-internacional-por-la-viruela-del-mono\/","name":"La OMS declar\u00f3 la emergencia sanitaria internacional por la viruela del mono | Al Dia Chaco","isPartOf":{"@id":"https:\/\/aldiachaco.com.ar\/#website"},"primaryImageOfPage":{"@id":"https:\/\/aldiachaco.com.ar\/index.php\/2024\/08\/15\/la-oms-declaro-la-emergencia-sanitaria-internacional-por-la-viruela-del-mono\/#primaryimage"},"image":{"@id":"https:\/\/aldiachaco.com.ar\/index.php\/2024\/08\/15\/la-oms-declaro-la-emergencia-sanitaria-internacional-por-la-viruela-del-mono\/#primaryimage"},"thumbnailUrl":"https:\/\/aldiachaco.com.ar\/wp-content\/uploads\/2024\/08\/20240815_135923.jpg","datePublished":"2024-08-15T17:03:15+00:00","breadcrumb":{"@id":"https:\/\/aldiachaco.com.ar\/index.php\/2024\/08\/15\/la-oms-declaro-la-emergencia-sanitaria-internacional-por-la-viruela-del-mono\/#breadcrumb"},"inLanguage":"es-AR","potentialAction":[{"@type":"ReadAction","target":["https:\/\/aldiachaco.com.ar\/index.php\/2024\/08\/15\/la-oms-declaro-la-emergencia-sanitaria-internacional-por-la-viruela-del-mono\/"]}]},{"@type":"ImageObject","inLanguage":"es-AR","@id":"https:\/\/aldiachaco.com.ar\/index.php\/2024\/08\/15\/la-oms-declaro-la-emergencia-sanitaria-internacional-por-la-viruela-del-mono\/#primaryimage","url":"https:\/\/aldiachaco.com.ar\/wp-content\/uploads\/2024\/08\/20240815_135923.jpg","contentUrl":"https:\/\/aldiachaco.com.ar\/wp-content\/uploads\/2024\/08\/20240815_135923.jpg","width":1068,"height":801},{"@type":"BreadcrumbList","@id":"https:\/\/aldiachaco.com.ar\/index.php\/2024\/08\/15\/la-oms-declaro-la-emergencia-sanitaria-internacional-por-la-viruela-del-mono\/#breadcrumb","itemListElement":[{"@type":"ListItem","position":1,"name":"Home","item":"https:\/\/aldiachaco.com.ar\/"},{"@type":"ListItem","position":2,"name":"La OMS declar\u00f3 la emergencia sanitaria internacional por la viruela del mono"}]},{"@type":"WebSite","@id":"https:\/\/aldiachaco.com.ar\/#website","url":"https:\/\/aldiachaco.com.ar\/","name":"Al Dia Chaco","description":"Noticias del Chaco y el mundo","publisher":{"@id":"https:\/\/aldiachaco.com.ar\/#organization"},"alternateName":"Al D\u00eda Chaco","potentialAction":[{"@type":"SearchAction","target":{"@type":"EntryPoint","urlTemplate":"https:\/\/aldiachaco.com.ar\/?s={search_term_string}"},"query-input":{"@type":"PropertyValueSpecification","valueRequired":true,"valueName":"search_term_string"}}],"inLanguage":"es-AR"},{"@type":"Organization","@id":"https:\/\/aldiachaco.com.ar\/#organization","name":"Al Dia Chaco","url":"https:\/\/aldiachaco.com.ar\/","logo":{"@type":"ImageObject","inLanguage":"es-AR","@id":"https:\/\/aldiachaco.com.ar\/#\/schema\/logo\/image\/","url":"https:\/\/aldiachaco.com.ar\/wp-content\/uploads\/2017\/11\/AL-DIA-CHACO-L@2x.png","contentUrl":"https:\/\/aldiachaco.com.ar\/wp-content\/uploads\/2017\/11\/AL-DIA-CHACO-L@2x.png","width":232,"height":60,"caption":"Al Dia Chaco"},"image":{"@id":"https:\/\/aldiachaco.com.ar\/#\/schema\/logo\/image\/"}},{"@type":"Person","@id":"https:\/\/aldiachaco.com.ar\/#\/schema\/person\/80113835e512ba580e79a945932487f5","name":"aldiachaco.com.ar","image":{"@type":"ImageObject","inLanguage":"es-AR","@id":"https:\/\/aldiachaco.com.ar\/wp-content\/litespeed\/avatar\/a7c4ebc5454089d3fd4ef6b87fdd073a.jpg?ver=1777471945","url":"https:\/\/aldiachaco.com.ar\/wp-content\/litespeed\/avatar\/a7c4ebc5454089d3fd4ef6b87fdd073a.jpg?ver=1777471945","contentUrl":"https:\/\/aldiachaco.com.ar\/wp-content\/litespeed\/avatar\/a7c4ebc5454089d3fd4ef6b87fdd073a.jpg?ver=1777471945","caption":"aldiachaco.com.ar"},"sameAs":["https:\/\/aldiachaco.com.ar"],"url":"https:\/\/aldiachaco.com.ar\/index.php\/author\/lime-camel-884546-hostingersite-com\/"}]}},"jetpack_publicize_connections":[],"jetpack_featured_media_url":"https:\/\/aldiachaco.com.ar\/wp-content\/uploads\/2024\/08\/20240815_135923.jpg","jetpack_sharing_enabled":true,"amp_enabled":true,"_links":{"self":[{"href":"https:\/\/aldiachaco.com.ar\/index.php\/wp-json\/wp\/v2\/posts\/9009","targetHints":{"allow":["GET"]}}],"collection":[{"href":"https:\/\/aldiachaco.com.ar\/index.php\/wp-json\/wp\/v2\/posts"}],"about":[{"href":"https:\/\/aldiachaco.com.ar\/index.php\/wp-json\/wp\/v2\/types\/post"}],"author":[{"embeddable":true,"href":"https:\/\/aldiachaco.com.ar\/index.php\/wp-json\/wp\/v2\/users\/1"}],"replies":[{"embeddable":true,"href":"https:\/\/aldiachaco.com.ar\/index.php\/wp-json\/wp\/v2\/comments?post=9009"}],"version-history":[{"count":1,"href":"https:\/\/aldiachaco.com.ar\/index.php\/wp-json\/wp\/v2\/posts\/9009\/revisions"}],"predecessor-version":[{"id":9012,"href":"https:\/\/aldiachaco.com.ar\/index.php\/wp-json\/wp\/v2\/posts\/9009\/revisions\/9012"}],"wp:featuredmedia":[{"embeddable":true,"href":"https:\/\/aldiachaco.com.ar\/index.php\/wp-json\/wp\/v2\/media\/9010"}],"wp:attachment":[{"href":"https:\/\/aldiachaco.com.ar\/index.php\/wp-json\/wp\/v2\/media?parent=9009"}],"wp:term":[{"taxonomy":"category","embeddable":true,"href":"https:\/\/aldiachaco.com.ar\/index.php\/wp-json\/wp\/v2\/categories?post=9009"},{"taxonomy":"post_tag","embeddable":true,"href":"https:\/\/aldiachaco.com.ar\/index.php\/wp-json\/wp\/v2\/tags?post=9009"}],"curies":[{"name":"wp","href":"https:\/\/api.w.org\/{rel}","templated":true}]}}