{"id":8963,"date":"2024-08-13T10:18:15","date_gmt":"2024-08-13T13:18:15","guid":{"rendered":"https:\/\/aldiachaco.com.ar\/?p=8963"},"modified":"2024-08-13T10:18:15","modified_gmt":"2024-08-13T13:18:15","slug":"vecinos-de-villa-alta-expresaron-su-malestar-por-la-basura-acumulada","status":"publish","type":"post","link":"https:\/\/aldiachaco.com.ar\/index.php\/2024\/08\/13\/vecinos-de-villa-alta-expresaron-su-malestar-por-la-basura-acumulada\/","title":{"rendered":"Vecinos de Villa Alta expresaron su malestar por la basura acumulada"},"content":{"rendered":"<p>Los residentes de Villa Alta, en la zona de las Torres Sarmiento, est\u00e1n manifestando su creciente malestar tras tres d\u00edas sin recolecci\u00f3n de residuos pase por el barrio, sumado al deficiente servicio de barrido.<\/p>\n<div id='gallery-1' class='gallery galleryid-8963 gallery-columns-3 gallery-size-medium'><figure class='gallery-item'>\n\t\t\t<div class='gallery-icon portrait'>\n\t\t\t\t<a href='https:\/\/aldiachaco.com.ar\/index.php\/2024\/08\/13\/vecinos-de-villa-alta-expresaron-su-malestar-por-la-basura-acumulada\/aa91d846-fcae-4ed8-ba93-20032acb0967\/'><img loading=\"lazy\" decoding=\"async\" width=\"225\" height=\"300\" src=\"https:\/\/aldiachaco.com.ar\/wp-content\/uploads\/2024\/08\/aa91d846-fcae-4ed8-ba93-20032acb0967-225x300.jpg\" class=\"attachment-medium size-medium\" alt=\"\" srcset=\"https:\/\/aldiachaco.com.ar\/wp-content\/uploads\/2024\/08\/aa91d846-fcae-4ed8-ba93-20032acb0967-225x300.jpg 225w, https:\/\/aldiachaco.com.ar\/wp-content\/uploads\/2024\/08\/aa91d846-fcae-4ed8-ba93-20032acb0967-768x1024.jpg 768w, https:\/\/aldiachaco.com.ar\/wp-content\/uploads\/2024\/08\/aa91d846-fcae-4ed8-ba93-20032acb0967-353x470.jpg 353w, https:\/\/aldiachaco.com.ar\/wp-content\/uploads\/2024\/08\/aa91d846-fcae-4ed8-ba93-20032acb0967-600x800.jpg 600w, https:\/\/aldiachaco.com.ar\/wp-content\/uploads\/2024\/08\/aa91d846-fcae-4ed8-ba93-20032acb0967.jpg 960w\" sizes=\"auto, (max-width: 225px) 100vw, 225px\" \/><\/a>\n\t\t\t<\/div><\/figure><figure class='gallery-item'>\n\t\t\t<div class='gallery-icon portrait'>\n\t\t\t\t<a href='https:\/\/aldiachaco.com.ar\/index.php\/2024\/08\/13\/vecinos-de-villa-alta-expresaron-su-malestar-por-la-basura-acumulada\/253daab5-e8db-4b65-8b3a-cd50a9887007\/'><img loading=\"lazy\" decoding=\"async\" width=\"225\" height=\"300\" src=\"https:\/\/aldiachaco.com.ar\/wp-content\/uploads\/2024\/08\/253daab5-e8db-4b65-8b3a-cd50a9887007-225x300.jpg\" class=\"attachment-medium size-medium\" alt=\"\" srcset=\"https:\/\/aldiachaco.com.ar\/wp-content\/uploads\/2024\/08\/253daab5-e8db-4b65-8b3a-cd50a9887007-225x300.jpg 225w, https:\/\/aldiachaco.com.ar\/wp-content\/uploads\/2024\/08\/253daab5-e8db-4b65-8b3a-cd50a9887007-768x1024.jpg 768w, https:\/\/aldiachaco.com.ar\/wp-content\/uploads\/2024\/08\/253daab5-e8db-4b65-8b3a-cd50a9887007-353x470.jpg 353w, https:\/\/aldiachaco.com.ar\/wp-content\/uploads\/2024\/08\/253daab5-e8db-4b65-8b3a-cd50a9887007-600x800.jpg 600w, https:\/\/aldiachaco.com.ar\/wp-content\/uploads\/2024\/08\/253daab5-e8db-4b65-8b3a-cd50a9887007.jpg 960w\" sizes=\"auto, (max-width: 225px) 100vw, 225px\" \/><\/a>\n\t\t\t<\/div><\/figure><figure class='gallery-item'>\n\t\t\t<div class='gallery-icon portrait'>\n\t\t\t\t<a href='https:\/\/aldiachaco.com.ar\/index.php\/2024\/08\/13\/vecinos-de-villa-alta-expresaron-su-malestar-por-la-basura-acumulada\/3661776e-1600-46f8-b67c-9302d76073ec\/'><img loading=\"lazy\" decoding=\"async\" width=\"225\" height=\"300\" src=\"https:\/\/aldiachaco.com.ar\/wp-content\/uploads\/2024\/08\/3661776e-1600-46f8-b67c-9302d76073ec-225x300.jpg\" class=\"attachment-medium size-medium\" alt=\"\" srcset=\"https:\/\/aldiachaco.com.ar\/wp-content\/uploads\/2024\/08\/3661776e-1600-46f8-b67c-9302d76073ec-225x300.jpg 225w, https:\/\/aldiachaco.com.ar\/wp-content\/uploads\/2024\/08\/3661776e-1600-46f8-b67c-9302d76073ec-768x1024.jpg 768w, https:\/\/aldiachaco.com.ar\/wp-content\/uploads\/2024\/08\/3661776e-1600-46f8-b67c-9302d76073ec-353x470.jpg 353w, https:\/\/aldiachaco.com.ar\/wp-content\/uploads\/2024\/08\/3661776e-1600-46f8-b67c-9302d76073ec-600x800.jpg 600w, https:\/\/aldiachaco.com.ar\/wp-content\/uploads\/2024\/08\/3661776e-1600-46f8-b67c-9302d76073ec.jpg 960w\" sizes=\"auto, (max-width: 225px) 100vw, 225px\" \/><\/a>\n\t\t\t<\/div><\/figure><figure class='gallery-item'>\n\t\t\t<div class='gallery-icon portrait'>\n\t\t\t\t<a href='https:\/\/aldiachaco.com.ar\/index.php\/2024\/08\/13\/vecinos-de-villa-alta-expresaron-su-malestar-por-la-basura-acumulada\/b0dd5768-a819-495c-af7c-7c194726e175\/'><img loading=\"lazy\" decoding=\"async\" width=\"225\" height=\"300\" src=\"https:\/\/aldiachaco.com.ar\/wp-content\/uploads\/2024\/08\/b0dd5768-a819-495c-af7c-7c194726e175-225x300.jpg\" class=\"attachment-medium size-medium\" alt=\"\" srcset=\"https:\/\/aldiachaco.com.ar\/wp-content\/uploads\/2024\/08\/b0dd5768-a819-495c-af7c-7c194726e175-225x300.jpg 225w, https:\/\/aldiachaco.com.ar\/wp-content\/uploads\/2024\/08\/b0dd5768-a819-495c-af7c-7c194726e175-768x1024.jpg 768w, https:\/\/aldiachaco.com.ar\/wp-content\/uploads\/2024\/08\/b0dd5768-a819-495c-af7c-7c194726e175-353x470.jpg 353w, https:\/\/aldiachaco.com.ar\/wp-content\/uploads\/2024\/08\/b0dd5768-a819-495c-af7c-7c194726e175-600x800.jpg 600w, https:\/\/aldiachaco.com.ar\/wp-content\/uploads\/2024\/08\/b0dd5768-a819-495c-af7c-7c194726e175.jpg 960w\" sizes=\"auto, (max-width: 225px) 100vw, 225px\" \/><\/a>\n\t\t\t<\/div><\/figure><figure class='gallery-item'>\n\t\t\t<div class='gallery-icon portrait'>\n\t\t\t\t<a href='https:\/\/aldiachaco.com.ar\/index.php\/2024\/08\/13\/vecinos-de-villa-alta-expresaron-su-malestar-por-la-basura-acumulada\/0d95f7d6-f12a-467d-834f-1ed700b028a4\/'><img loading=\"lazy\" decoding=\"async\" width=\"225\" height=\"300\" src=\"https:\/\/aldiachaco.com.ar\/wp-content\/uploads\/2024\/08\/0d95f7d6-f12a-467d-834f-1ed700b028a4-225x300.jpg\" class=\"attachment-medium size-medium\" alt=\"\" srcset=\"https:\/\/aldiachaco.com.ar\/wp-content\/uploads\/2024\/08\/0d95f7d6-f12a-467d-834f-1ed700b028a4-225x300.jpg 225w, https:\/\/aldiachaco.com.ar\/wp-content\/uploads\/2024\/08\/0d95f7d6-f12a-467d-834f-1ed700b028a4-768x1024.jpg 768w, https:\/\/aldiachaco.com.ar\/wp-content\/uploads\/2024\/08\/0d95f7d6-f12a-467d-834f-1ed700b028a4-353x470.jpg 353w, https:\/\/aldiachaco.com.ar\/wp-content\/uploads\/2024\/08\/0d95f7d6-f12a-467d-834f-1ed700b028a4-600x800.jpg 600w, https:\/\/aldiachaco.com.ar\/wp-content\/uploads\/2024\/08\/0d95f7d6-f12a-467d-834f-1ed700b028a4.jpg 960w\" sizes=\"auto, (max-width: 225px) 100vw, 225px\" \/><\/a>\n\t\t\t<\/div><\/figure><figure class='gallery-item'>\n\t\t\t<div class='gallery-icon portrait'>\n\t\t\t\t<a href='https:\/\/aldiachaco.com.ar\/index.php\/2024\/08\/13\/vecinos-de-villa-alta-expresaron-su-malestar-por-la-basura-acumulada\/7edbb082-9ffd-4f67-9943-5a70be949686\/'><img loading=\"lazy\" decoding=\"async\" width=\"225\" height=\"300\" src=\"https:\/\/aldiachaco.com.ar\/wp-content\/uploads\/2024\/08\/7edbb082-9ffd-4f67-9943-5a70be949686-225x300.jpg\" class=\"attachment-medium size-medium\" alt=\"\" srcset=\"https:\/\/aldiachaco.com.ar\/wp-content\/uploads\/2024\/08\/7edbb082-9ffd-4f67-9943-5a70be949686-225x300.jpg 225w, https:\/\/aldiachaco.com.ar\/wp-content\/uploads\/2024\/08\/7edbb082-9ffd-4f67-9943-5a70be949686-768x1024.jpg 768w, https:\/\/aldiachaco.com.ar\/wp-content\/uploads\/2024\/08\/7edbb082-9ffd-4f67-9943-5a70be949686-353x470.jpg 353w, https:\/\/aldiachaco.com.ar\/wp-content\/uploads\/2024\/08\/7edbb082-9ffd-4f67-9943-5a70be949686-600x800.jpg 600w, https:\/\/aldiachaco.com.ar\/wp-content\/uploads\/2024\/08\/7edbb082-9ffd-4f67-9943-5a70be949686.jpg 960w\" sizes=\"auto, (max-width: 225px) 100vw, 225px\" \/><\/a>\n\t\t\t<\/div><\/figure><figure class='gallery-item'>\n\t\t\t<div class='gallery-icon landscape'>\n\t\t\t\t<a href='https:\/\/aldiachaco.com.ar\/index.php\/2024\/08\/13\/vecinos-de-villa-alta-expresaron-su-malestar-por-la-basura-acumulada\/ac9abc16-abdc-4236-801e-b3d43fd27cf6\/'><img loading=\"lazy\" decoding=\"async\" width=\"300\" height=\"267\" src=\"https:\/\/aldiachaco.com.ar\/wp-content\/uploads\/2024\/08\/ac9abc16-abdc-4236-801e-b3d43fd27cf6-e1723555028211-300x267.jpg\" class=\"attachment-medium size-medium\" alt=\"\" srcset=\"https:\/\/aldiachaco.com.ar\/wp-content\/uploads\/2024\/08\/ac9abc16-abdc-4236-801e-b3d43fd27cf6-e1723555028211-300x267.jpg 300w, https:\/\/aldiachaco.com.ar\/wp-content\/uploads\/2024\/08\/ac9abc16-abdc-4236-801e-b3d43fd27cf6-e1723555028211-768x684.jpg 768w, https:\/\/aldiachaco.com.ar\/wp-content\/uploads\/2024\/08\/ac9abc16-abdc-4236-801e-b3d43fd27cf6-e1723555028211-528x470.jpg 528w, https:\/\/aldiachaco.com.ar\/wp-content\/uploads\/2024\/08\/ac9abc16-abdc-4236-801e-b3d43fd27cf6-e1723555028211-600x534.jpg 600w, https:\/\/aldiachaco.com.ar\/wp-content\/uploads\/2024\/08\/ac9abc16-abdc-4236-801e-b3d43fd27cf6-e1723555028211.jpg 960w\" sizes=\"auto, (max-width: 300px) 100vw, 300px\" \/><\/a>\n\t\t\t<\/div><\/figure>\n\t\t<\/div>\n\n<p>La acumulaci\u00f3n de basura en las calles ha generado preocupaci\u00f3n por posibles problemas sanitarios y la higiene de la comunidad. Los vecinos exigen una soluci\u00f3n inmediata para evitar riesgos a la salud.<\/p>\n","protected":false},"excerpt":{"rendered":"<p>Los residentes de Villa Alta, en la zona de las Torres Sarmiento, est\u00e1n manifestando su creciente malestar tras tres d\u00edas sin recolecci\u00f3n de residuos pase por el barrio, sumado al deficiente servicio de barrido. La acumulaci\u00f3n de basura en las calles ha generado preocupaci\u00f3n por posibles problemas sanitarios y la higiene de la comunidad. Los &hellip;<\/p>\n","protected":false},"author":1,"featured_media":8966,"comment_status":"open","ping_status":"open","sticky":false,"template":"","format":"standard","meta":{"content-type":"","_monsterinsights_skip_tracking":false,"_monsterinsights_sitenote_active":false,"_monsterinsights_sitenote_note":"","_monsterinsights_sitenote_category":0,"_jetpack_memberships_contains_paid_content":false,"footnotes":"","jetpack_publicize_message":"","jetpack_publicize_feature_enabled":true,"jetpack_social_post_already_shared":true,"jetpack_social_options":{"image_generator_settings":{"template":"highway","default_image_id":0,"font":"","enabled":false},"version":2}},"categories":[67,68],"tags":[200],"class_list":["post-8963","post","type-post","status-publish","format-standard","has-post-thumbnail","hentry","category-chaco","category-resistencia","tag-destacada"],"yoast_head":"<!-- This site is optimized with the Yoast SEO plugin v27.4 - https:\/\/yoast.com\/product\/yoast-seo-wordpress\/ -->\n<title>Vecinos de Villa Alta expresaron su malestar por la basura acumulada | Al Dia Chaco<\/title>\n<meta name=\"robots\" content=\"index, follow, max-snippet:-1, max-image-preview:large, max-video-preview:-1\" \/>\n<link rel=\"canonical\" href=\"https:\/\/aldiachaco.com.ar\/index.php\/2024\/08\/13\/vecinos-de-villa-alta-expresaron-su-malestar-por-la-basura-acumulada\/\" \/>\n<meta property=\"og:locale\" content=\"es_ES\" \/>\n<meta property=\"og:type\" content=\"article\" \/>\n<meta property=\"og:title\" content=\"Vecinos de Villa Alta expresaron su malestar por la basura acumulada | Al Dia Chaco\" \/>\n<meta property=\"og:description\" content=\"Los residentes de Villa Alta, en la zona de las Torres Sarmiento, est\u00e1n manifestando su creciente malestar tras tres d\u00edas sin recolecci\u00f3n de residuos pase por el barrio, sumado al deficiente servicio de barrido. La acumulaci\u00f3n de basura en las calles ha generado preocupaci\u00f3n por posibles problemas sanitarios y la higiene de la comunidad. Los &hellip;\" \/>\n<meta property=\"og:url\" content=\"https:\/\/aldiachaco.com.ar\/index.php\/2024\/08\/13\/vecinos-de-villa-alta-expresaron-su-malestar-por-la-basura-acumulada\/\" \/>\n<meta property=\"og:site_name\" content=\"Al Dia Chaco\" \/>\n<meta property=\"article:published_time\" content=\"2024-08-13T13:18:15+00:00\" \/>\n<meta property=\"og:image\" content=\"https:\/\/aldiachaco.com.ar\/wp-content\/uploads\/2024\/08\/ac9abc16-abdc-4236-801e-b3d43fd27cf6-e1723555028211.jpg\" \/>\n\t<meta property=\"og:image:width\" content=\"960\" \/>\n\t<meta property=\"og:image:height\" content=\"855\" \/>\n\t<meta property=\"og:image:type\" content=\"image\/jpeg\" \/>\n<meta name=\"author\" content=\"aldiachaco.com.ar\" \/>\n<meta name=\"twitter:card\" content=\"summary_large_image\" \/>\n<meta name=\"twitter:label1\" content=\"Escrito por\" \/>\n\t<meta name=\"twitter:data1\" content=\"aldiachaco.com.ar\" \/>\n\t<meta name=\"twitter:label2\" content=\"Tiempo de lectura\" \/>\n\t<meta name=\"twitter:data2\" content=\"1 minuto\" \/>\n<script type=\"application\/ld+json\" class=\"yoast-schema-graph\">{\"@context\":\"https:\\\/\\\/schema.org\",\"@graph\":[{\"@type\":\"Article\",\"@id\":\"https:\\\/\\\/aldiachaco.com.ar\\\/index.php\\\/2024\\\/08\\\/13\\\/vecinos-de-villa-alta-expresaron-su-malestar-por-la-basura-acumulada\\\/#article\",\"isPartOf\":{\"@id\":\"https:\\\/\\\/aldiachaco.com.ar\\\/index.php\\\/2024\\\/08\\\/13\\\/vecinos-de-villa-alta-expresaron-su-malestar-por-la-basura-acumulada\\\/\"},\"author\":{\"name\":\"aldiachaco.com.ar\",\"@id\":\"https:\\\/\\\/aldiachaco.com.ar\\\/#\\\/schema\\\/person\\\/80113835e512ba580e79a945932487f5\"},\"headline\":\"Vecinos de Villa Alta expresaron su malestar por la basura acumulada\",\"datePublished\":\"2024-08-13T13:18:15+00:00\",\"mainEntityOfPage\":{\"@id\":\"https:\\\/\\\/aldiachaco.com.ar\\\/index.php\\\/2024\\\/08\\\/13\\\/vecinos-de-villa-alta-expresaron-su-malestar-por-la-basura-acumulada\\\/\"},\"wordCount\":87,\"commentCount\":0,\"publisher\":{\"@id\":\"https:\\\/\\\/aldiachaco.com.ar\\\/#organization\"},\"image\":{\"@id\":\"https:\\\/\\\/aldiachaco.com.ar\\\/index.php\\\/2024\\\/08\\\/13\\\/vecinos-de-villa-alta-expresaron-su-malestar-por-la-basura-acumulada\\\/#primaryimage\"},\"thumbnailUrl\":\"https:\\\/\\\/aldiachaco.com.ar\\\/wp-content\\\/uploads\\\/2024\\\/08\\\/ac9abc16-abdc-4236-801e-b3d43fd27cf6-e1723555028211.jpg\",\"keywords\":[\"Destacada\"],\"articleSection\":[\"Chaco\",\"Resistencia\"],\"inLanguage\":\"es-AR\",\"potentialAction\":[{\"@type\":\"CommentAction\",\"name\":\"Comment\",\"target\":[\"https:\\\/\\\/aldiachaco.com.ar\\\/index.php\\\/2024\\\/08\\\/13\\\/vecinos-de-villa-alta-expresaron-su-malestar-por-la-basura-acumulada\\\/#respond\"]}]},{\"@type\":\"WebPage\",\"@id\":\"https:\\\/\\\/aldiachaco.com.ar\\\/index.php\\\/2024\\\/08\\\/13\\\/vecinos-de-villa-alta-expresaron-su-malestar-por-la-basura-acumulada\\\/\",\"url\":\"https:\\\/\\\/aldiachaco.com.ar\\\/index.php\\\/2024\\\/08\\\/13\\\/vecinos-de-villa-alta-expresaron-su-malestar-por-la-basura-acumulada\\\/\",\"name\":\"Vecinos de Villa Alta expresaron su malestar por la basura acumulada | Al Dia Chaco\",\"isPartOf\":{\"@id\":\"https:\\\/\\\/aldiachaco.com.ar\\\/#website\"},\"primaryImageOfPage\":{\"@id\":\"https:\\\/\\\/aldiachaco.com.ar\\\/index.php\\\/2024\\\/08\\\/13\\\/vecinos-de-villa-alta-expresaron-su-malestar-por-la-basura-acumulada\\\/#primaryimage\"},\"image\":{\"@id\":\"https:\\\/\\\/aldiachaco.com.ar\\\/index.php\\\/2024\\\/08\\\/13\\\/vecinos-de-villa-alta-expresaron-su-malestar-por-la-basura-acumulada\\\/#primaryimage\"},\"thumbnailUrl\":\"https:\\\/\\\/aldiachaco.com.ar\\\/wp-content\\\/uploads\\\/2024\\\/08\\\/ac9abc16-abdc-4236-801e-b3d43fd27cf6-e1723555028211.jpg\",\"datePublished\":\"2024-08-13T13:18:15+00:00\",\"breadcrumb\":{\"@id\":\"https:\\\/\\\/aldiachaco.com.ar\\\/index.php\\\/2024\\\/08\\\/13\\\/vecinos-de-villa-alta-expresaron-su-malestar-por-la-basura-acumulada\\\/#breadcrumb\"},\"inLanguage\":\"es-AR\",\"potentialAction\":[{\"@type\":\"ReadAction\",\"target\":[\"https:\\\/\\\/aldiachaco.com.ar\\\/index.php\\\/2024\\\/08\\\/13\\\/vecinos-de-villa-alta-expresaron-su-malestar-por-la-basura-acumulada\\\/\"]}]},{\"@type\":\"ImageObject\",\"inLanguage\":\"es-AR\",\"@id\":\"https:\\\/\\\/aldiachaco.com.ar\\\/index.php\\\/2024\\\/08\\\/13\\\/vecinos-de-villa-alta-expresaron-su-malestar-por-la-basura-acumulada\\\/#primaryimage\",\"url\":\"https:\\\/\\\/aldiachaco.com.ar\\\/wp-content\\\/uploads\\\/2024\\\/08\\\/ac9abc16-abdc-4236-801e-b3d43fd27cf6-e1723555028211.jpg\",\"contentUrl\":\"https:\\\/\\\/aldiachaco.com.ar\\\/wp-content\\\/uploads\\\/2024\\\/08\\\/ac9abc16-abdc-4236-801e-b3d43fd27cf6-e1723555028211.jpg\",\"width\":960,\"height\":855},{\"@type\":\"BreadcrumbList\",\"@id\":\"https:\\\/\\\/aldiachaco.com.ar\\\/index.php\\\/2024\\\/08\\\/13\\\/vecinos-de-villa-alta-expresaron-su-malestar-por-la-basura-acumulada\\\/#breadcrumb\",\"itemListElement\":[{\"@type\":\"ListItem\",\"position\":1,\"name\":\"Home\",\"item\":\"https:\\\/\\\/aldiachaco.com.ar\\\/\"},{\"@type\":\"ListItem\",\"position\":2,\"name\":\"Vecinos de Villa Alta expresaron su malestar por la basura acumulada\"}]},{\"@type\":\"WebSite\",\"@id\":\"https:\\\/\\\/aldiachaco.com.ar\\\/#website\",\"url\":\"https:\\\/\\\/aldiachaco.com.ar\\\/\",\"name\":\"Al Dia Chaco\",\"description\":\"Noticias del Chaco y el mundo\",\"publisher\":{\"@id\":\"https:\\\/\\\/aldiachaco.com.ar\\\/#organization\"},\"alternateName\":\"Al D\u00eda Chaco\",\"potentialAction\":[{\"@type\":\"SearchAction\",\"target\":{\"@type\":\"EntryPoint\",\"urlTemplate\":\"https:\\\/\\\/aldiachaco.com.ar\\\/?s={search_term_string}\"},\"query-input\":{\"@type\":\"PropertyValueSpecification\",\"valueRequired\":true,\"valueName\":\"search_term_string\"}}],\"inLanguage\":\"es-AR\"},{\"@type\":\"Organization\",\"@id\":\"https:\\\/\\\/aldiachaco.com.ar\\\/#organization\",\"name\":\"Al Dia Chaco\",\"url\":\"https:\\\/\\\/aldiachaco.com.ar\\\/\",\"logo\":{\"@type\":\"ImageObject\",\"inLanguage\":\"es-AR\",\"@id\":\"https:\\\/\\\/aldiachaco.com.ar\\\/#\\\/schema\\\/logo\\\/image\\\/\",\"url\":\"https:\\\/\\\/aldiachaco.com.ar\\\/wp-content\\\/uploads\\\/2017\\\/11\\\/AL-DIA-CHACO-L@2x.png\",\"contentUrl\":\"https:\\\/\\\/aldiachaco.com.ar\\\/wp-content\\\/uploads\\\/2017\\\/11\\\/AL-DIA-CHACO-L@2x.png\",\"width\":232,\"height\":60,\"caption\":\"Al Dia Chaco\"},\"image\":{\"@id\":\"https:\\\/\\\/aldiachaco.com.ar\\\/#\\\/schema\\\/logo\\\/image\\\/\"}},{\"@type\":\"Person\",\"@id\":\"https:\\\/\\\/aldiachaco.com.ar\\\/#\\\/schema\\\/person\\\/80113835e512ba580e79a945932487f5\",\"name\":\"aldiachaco.com.ar\",\"image\":{\"@type\":\"ImageObject\",\"inLanguage\":\"es-AR\",\"@id\":\"https:\\\/\\\/aldiachaco.com.ar\\\/wp-content\\\/litespeed\\\/avatar\\\/a7c4ebc5454089d3fd4ef6b87fdd073a.jpg?ver=1777471945\",\"url\":\"https:\\\/\\\/aldiachaco.com.ar\\\/wp-content\\\/litespeed\\\/avatar\\\/a7c4ebc5454089d3fd4ef6b87fdd073a.jpg?ver=1777471945\",\"contentUrl\":\"https:\\\/\\\/aldiachaco.com.ar\\\/wp-content\\\/litespeed\\\/avatar\\\/a7c4ebc5454089d3fd4ef6b87fdd073a.jpg?ver=1777471945\",\"caption\":\"aldiachaco.com.ar\"},\"sameAs\":[\"https:\\\/\\\/aldiachaco.com.ar\"],\"url\":\"https:\\\/\\\/aldiachaco.com.ar\\\/index.php\\\/author\\\/lime-camel-884546-hostingersite-com\\\/\"}]}<\/script>\n<!-- \/ Yoast SEO plugin. -->","yoast_head_json":{"title":"Vecinos de Villa Alta expresaron su malestar por la basura acumulada | Al Dia Chaco","robots":{"index":"index","follow":"follow","max-snippet":"max-snippet:-1","max-image-preview":"max-image-preview:large","max-video-preview":"max-video-preview:-1"},"canonical":"https:\/\/aldiachaco.com.ar\/index.php\/2024\/08\/13\/vecinos-de-villa-alta-expresaron-su-malestar-por-la-basura-acumulada\/","og_locale":"es_ES","og_type":"article","og_title":"Vecinos de Villa Alta expresaron su malestar por la basura acumulada | Al Dia Chaco","og_description":"Los residentes de Villa Alta, en la zona de las Torres Sarmiento, est\u00e1n manifestando su creciente malestar tras tres d\u00edas sin recolecci\u00f3n de residuos pase por el barrio, sumado al deficiente servicio de barrido. La acumulaci\u00f3n de basura en las calles ha generado preocupaci\u00f3n por posibles problemas sanitarios y la higiene de la comunidad. Los &hellip;","og_url":"https:\/\/aldiachaco.com.ar\/index.php\/2024\/08\/13\/vecinos-de-villa-alta-expresaron-su-malestar-por-la-basura-acumulada\/","og_site_name":"Al Dia Chaco","article_published_time":"2024-08-13T13:18:15+00:00","og_image":[{"width":960,"height":855,"url":"https:\/\/aldiachaco.com.ar\/wp-content\/uploads\/2024\/08\/ac9abc16-abdc-4236-801e-b3d43fd27cf6-e1723555028211.jpg","type":"image\/jpeg"}],"author":"aldiachaco.com.ar","twitter_card":"summary_large_image","twitter_misc":{"Escrito por":"aldiachaco.com.ar","Tiempo de lectura":"1 minuto"},"schema":{"@context":"https:\/\/schema.org","@graph":[{"@type":"Article","@id":"https:\/\/aldiachaco.com.ar\/index.php\/2024\/08\/13\/vecinos-de-villa-alta-expresaron-su-malestar-por-la-basura-acumulada\/#article","isPartOf":{"@id":"https:\/\/aldiachaco.com.ar\/index.php\/2024\/08\/13\/vecinos-de-villa-alta-expresaron-su-malestar-por-la-basura-acumulada\/"},"author":{"name":"aldiachaco.com.ar","@id":"https:\/\/aldiachaco.com.ar\/#\/schema\/person\/80113835e512ba580e79a945932487f5"},"headline":"Vecinos de Villa Alta expresaron su malestar por la basura acumulada","datePublished":"2024-08-13T13:18:15+00:00","mainEntityOfPage":{"@id":"https:\/\/aldiachaco.com.ar\/index.php\/2024\/08\/13\/vecinos-de-villa-alta-expresaron-su-malestar-por-la-basura-acumulada\/"},"wordCount":87,"commentCount":0,"publisher":{"@id":"https:\/\/aldiachaco.com.ar\/#organization"},"image":{"@id":"https:\/\/aldiachaco.com.ar\/index.php\/2024\/08\/13\/vecinos-de-villa-alta-expresaron-su-malestar-por-la-basura-acumulada\/#primaryimage"},"thumbnailUrl":"https:\/\/aldiachaco.com.ar\/wp-content\/uploads\/2024\/08\/ac9abc16-abdc-4236-801e-b3d43fd27cf6-e1723555028211.jpg","keywords":["Destacada"],"articleSection":["Chaco","Resistencia"],"inLanguage":"es-AR","potentialAction":[{"@type":"CommentAction","name":"Comment","target":["https:\/\/aldiachaco.com.ar\/index.php\/2024\/08\/13\/vecinos-de-villa-alta-expresaron-su-malestar-por-la-basura-acumulada\/#respond"]}]},{"@type":"WebPage","@id":"https:\/\/aldiachaco.com.ar\/index.php\/2024\/08\/13\/vecinos-de-villa-alta-expresaron-su-malestar-por-la-basura-acumulada\/","url":"https:\/\/aldiachaco.com.ar\/index.php\/2024\/08\/13\/vecinos-de-villa-alta-expresaron-su-malestar-por-la-basura-acumulada\/","name":"Vecinos de Villa Alta expresaron su malestar por la basura acumulada | Al Dia Chaco","isPartOf":{"@id":"https:\/\/aldiachaco.com.ar\/#website"},"primaryImageOfPage":{"@id":"https:\/\/aldiachaco.com.ar\/index.php\/2024\/08\/13\/vecinos-de-villa-alta-expresaron-su-malestar-por-la-basura-acumulada\/#primaryimage"},"image":{"@id":"https:\/\/aldiachaco.com.ar\/index.php\/2024\/08\/13\/vecinos-de-villa-alta-expresaron-su-malestar-por-la-basura-acumulada\/#primaryimage"},"thumbnailUrl":"https:\/\/aldiachaco.com.ar\/wp-content\/uploads\/2024\/08\/ac9abc16-abdc-4236-801e-b3d43fd27cf6-e1723555028211.jpg","datePublished":"2024-08-13T13:18:15+00:00","breadcrumb":{"@id":"https:\/\/aldiachaco.com.ar\/index.php\/2024\/08\/13\/vecinos-de-villa-alta-expresaron-su-malestar-por-la-basura-acumulada\/#breadcrumb"},"inLanguage":"es-AR","potentialAction":[{"@type":"ReadAction","target":["https:\/\/aldiachaco.com.ar\/index.php\/2024\/08\/13\/vecinos-de-villa-alta-expresaron-su-malestar-por-la-basura-acumulada\/"]}]},{"@type":"ImageObject","inLanguage":"es-AR","@id":"https:\/\/aldiachaco.com.ar\/index.php\/2024\/08\/13\/vecinos-de-villa-alta-expresaron-su-malestar-por-la-basura-acumulada\/#primaryimage","url":"https:\/\/aldiachaco.com.ar\/wp-content\/uploads\/2024\/08\/ac9abc16-abdc-4236-801e-b3d43fd27cf6-e1723555028211.jpg","contentUrl":"https:\/\/aldiachaco.com.ar\/wp-content\/uploads\/2024\/08\/ac9abc16-abdc-4236-801e-b3d43fd27cf6-e1723555028211.jpg","width":960,"height":855},{"@type":"BreadcrumbList","@id":"https:\/\/aldiachaco.com.ar\/index.php\/2024\/08\/13\/vecinos-de-villa-alta-expresaron-su-malestar-por-la-basura-acumulada\/#breadcrumb","itemListElement":[{"@type":"ListItem","position":1,"name":"Home","item":"https:\/\/aldiachaco.com.ar\/"},{"@type":"ListItem","position":2,"name":"Vecinos de Villa Alta expresaron su malestar por la basura acumulada"}]},{"@type":"WebSite","@id":"https:\/\/aldiachaco.com.ar\/#website","url":"https:\/\/aldiachaco.com.ar\/","name":"Al Dia Chaco","description":"Noticias del Chaco y el mundo","publisher":{"@id":"https:\/\/aldiachaco.com.ar\/#organization"},"alternateName":"Al D\u00eda Chaco","potentialAction":[{"@type":"SearchAction","target":{"@type":"EntryPoint","urlTemplate":"https:\/\/aldiachaco.com.ar\/?s={search_term_string}"},"query-input":{"@type":"PropertyValueSpecification","valueRequired":true,"valueName":"search_term_string"}}],"inLanguage":"es-AR"},{"@type":"Organization","@id":"https:\/\/aldiachaco.com.ar\/#organization","name":"Al Dia Chaco","url":"https:\/\/aldiachaco.com.ar\/","logo":{"@type":"ImageObject","inLanguage":"es-AR","@id":"https:\/\/aldiachaco.com.ar\/#\/schema\/logo\/image\/","url":"https:\/\/aldiachaco.com.ar\/wp-content\/uploads\/2017\/11\/AL-DIA-CHACO-L@2x.png","contentUrl":"https:\/\/aldiachaco.com.ar\/wp-content\/uploads\/2017\/11\/AL-DIA-CHACO-L@2x.png","width":232,"height":60,"caption":"Al Dia Chaco"},"image":{"@id":"https:\/\/aldiachaco.com.ar\/#\/schema\/logo\/image\/"}},{"@type":"Person","@id":"https:\/\/aldiachaco.com.ar\/#\/schema\/person\/80113835e512ba580e79a945932487f5","name":"aldiachaco.com.ar","image":{"@type":"ImageObject","inLanguage":"es-AR","@id":"https:\/\/aldiachaco.com.ar\/wp-content\/litespeed\/avatar\/a7c4ebc5454089d3fd4ef6b87fdd073a.jpg?ver=1777471945","url":"https:\/\/aldiachaco.com.ar\/wp-content\/litespeed\/avatar\/a7c4ebc5454089d3fd4ef6b87fdd073a.jpg?ver=1777471945","contentUrl":"https:\/\/aldiachaco.com.ar\/wp-content\/litespeed\/avatar\/a7c4ebc5454089d3fd4ef6b87fdd073a.jpg?ver=1777471945","caption":"aldiachaco.com.ar"},"sameAs":["https:\/\/aldiachaco.com.ar"],"url":"https:\/\/aldiachaco.com.ar\/index.php\/author\/lime-camel-884546-hostingersite-com\/"}]}},"jetpack_publicize_connections":[],"jetpack_featured_media_url":"https:\/\/aldiachaco.com.ar\/wp-content\/uploads\/2024\/08\/ac9abc16-abdc-4236-801e-b3d43fd27cf6-e1723555028211.jpg","jetpack_sharing_enabled":true,"amp_enabled":true,"_links":{"self":[{"href":"https:\/\/aldiachaco.com.ar\/index.php\/wp-json\/wp\/v2\/posts\/8963","targetHints":{"allow":["GET"]}}],"collection":[{"href":"https:\/\/aldiachaco.com.ar\/index.php\/wp-json\/wp\/v2\/posts"}],"about":[{"href":"https:\/\/aldiachaco.com.ar\/index.php\/wp-json\/wp\/v2\/types\/post"}],"author":[{"embeddable":true,"href":"https:\/\/aldiachaco.com.ar\/index.php\/wp-json\/wp\/v2\/users\/1"}],"replies":[{"embeddable":true,"href":"https:\/\/aldiachaco.com.ar\/index.php\/wp-json\/wp\/v2\/comments?post=8963"}],"version-history":[{"count":1,"href":"https:\/\/aldiachaco.com.ar\/index.php\/wp-json\/wp\/v2\/posts\/8963\/revisions"}],"predecessor-version":[{"id":8971,"href":"https:\/\/aldiachaco.com.ar\/index.php\/wp-json\/wp\/v2\/posts\/8963\/revisions\/8971"}],"wp:featuredmedia":[{"embeddable":true,"href":"https:\/\/aldiachaco.com.ar\/index.php\/wp-json\/wp\/v2\/media\/8966"}],"wp:attachment":[{"href":"https:\/\/aldiachaco.com.ar\/index.php\/wp-json\/wp\/v2\/media?parent=8963"}],"wp:term":[{"taxonomy":"category","embeddable":true,"href":"https:\/\/aldiachaco.com.ar\/index.php\/wp-json\/wp\/v2\/categories?post=8963"},{"taxonomy":"post_tag","embeddable":true,"href":"https:\/\/aldiachaco.com.ar\/index.php\/wp-json\/wp\/v2\/tags?post=8963"}],"curies":[{"name":"wp","href":"https:\/\/api.w.org\/{rel}","templated":true}]}}