{"id":8815,"date":"2024-08-08T08:49:09","date_gmt":"2024-08-08T11:49:09","guid":{"rendered":"https:\/\/aldiachaco.com.ar\/?p=8815"},"modified":"2024-08-08T08:49:09","modified_gmt":"2024-08-08T11:49:09","slug":"daddy-yankee-regresa-a-la-argentina-con-un-show-gratuito-y-evangelico","status":"publish","type":"post","link":"https:\/\/aldiachaco.com.ar\/index.php\/2024\/08\/08\/daddy-yankee-regresa-a-la-argentina-con-un-show-gratuito-y-evangelico\/","title":{"rendered":"Daddy Yankee regresa a la Argentina con un show gratuito y evang\u00e9lico"},"content":{"rendered":"<section class=\"detail-body first-paragraph\">\n<section id=\"note-body\" class=\"body-content note-body content-protected-false\" data-twitter-link=\"https:\/\/twitter.com\/intent\/tweet?url=https:\/\/www.minutouno.com\/c6044875&amp;v\u00eda=Ambitocom&amp;related=MinutoUno&amp;text=\"><strong>Daddy Yankee\u00a0<\/strong>sorprendi\u00f3 a todos al anunciar que vuelve a los escenarios a fines de noviembre en\u00a0<strong>Argentina<\/strong>\u00a0para dar un show gratuito en la cancha de\u00a0<strong>Chacarita Juniors,<\/strong>\u00a0ya que anunci\u00f3 su despedida oficial de los escenarios en diciembre del 2023.<\/section>\n<\/section>\n<section class=\"detail-body second-paragraph\">\n<section class=\"body-content note-body content-protected-false\">Esta novedad se dio a conocer a trav\u00e9s de las redes sociales de\u00a0<strong>Manantial de Bendiciones<\/strong>, un ministerio que\u00a0<strong>&#8220;busca servir y amar a Dios cada d\u00eda m\u00e1s&#8221;<\/strong>.<img loading=\"lazy\" decoding=\"async\" class=\" wp-image-8817 aligncenter\" src=\"https:\/\/aldiachaco.com.ar\/wp-content\/uploads\/2024\/08\/daddy-yankee-show-chacarita-300x300.webp\" alt=\"\" width=\"332\" height=\"366\" \/><\/p>\n<p>En dicha publicaci\u00f3n escribieron: &#8220;<strong>Viene a la Argentina, podr\u00e1s disfrutar de este evento libre y gratuito el 24 de noviembre<\/strong>. \u00a1No te lo pierdas!\u00a0<strong>Trae tu donaci\u00f3n de alimento no perecedero<\/strong>&#8220;.<\/p>\n<p>A sus fan\u00e1ticos le llam\u00f3 la atenci\u00f3n la locaci\u00f3n del estadio ubicado en la localidad de Villa Maip\u00fa en el partido de San Mart\u00edn de la provincia de Buenos Aires, pero cabe recordar que este es un encuentro religioso, no para disfrutar de \u00e9xitos como \u201cLlamado de emergencia\u201d y \u201cGasolina\u201d .<\/p>\n<p>El cantante tom\u00f3 otro rumbo desde hace un tiempo, reafirmando su fe y en su momento hab\u00eda confesado: &#8220;<strong>De qu\u00e9 le vale al hombre ganar el mundo entero si pierde su alma<\/strong>.\u00a0<strong>Jes\u00fas vive en m\u00ed y que yo vivir\u00e9 para \u00e9l<\/strong>&#8221;<\/p>\n<\/section>\n<\/section>\n","protected":false},"excerpt":{"rendered":"<p>Daddy Yankee\u00a0sorprendi\u00f3 a todos al anunciar que vuelve a los escenarios a fines de noviembre en\u00a0Argentina\u00a0para dar un show gratuito en la cancha de\u00a0Chacarita Juniors,\u00a0ya que anunci\u00f3 su despedida oficial de los escenarios en diciembre del 2023. Esta novedad se dio a conocer a trav\u00e9s de las redes sociales de\u00a0Manantial de Bendiciones, un ministerio que\u00a0&#8220;busca &hellip;<\/p>\n","protected":false},"author":1,"featured_media":8816,"comment_status":"open","ping_status":"open","sticky":false,"template":"","format":"standard","meta":{"content-type":"","_monsterinsights_skip_tracking":false,"_monsterinsights_sitenote_active":false,"_monsterinsights_sitenote_note":"","_monsterinsights_sitenote_category":0,"_jetpack_memberships_contains_paid_content":false,"footnotes":"","jetpack_publicize_message":"","jetpack_publicize_feature_enabled":true,"jetpack_social_post_already_shared":true,"jetpack_social_options":{"image_generator_settings":{"template":"highway","default_image_id":0,"font":"","enabled":false},"version":2}},"categories":[159],"tags":[],"class_list":["post-8815","post","type-post","status-publish","format-standard","has-post-thumbnail","hentry","category-espectaculos"],"yoast_head":"<!-- This site is optimized with the Yoast SEO plugin v27.4 - https:\/\/yoast.com\/product\/yoast-seo-wordpress\/ -->\n<title>Daddy Yankee regresa a la Argentina con un show gratuito y evang\u00e9lico | Al Dia Chaco<\/title>\n<meta name=\"robots\" content=\"index, follow, max-snippet:-1, max-image-preview:large, max-video-preview:-1\" \/>\n<link rel=\"canonical\" href=\"https:\/\/aldiachaco.com.ar\/index.php\/2024\/08\/08\/daddy-yankee-regresa-a-la-argentina-con-un-show-gratuito-y-evangelico\/\" \/>\n<meta property=\"og:locale\" content=\"es_ES\" \/>\n<meta property=\"og:type\" content=\"article\" \/>\n<meta property=\"og:title\" content=\"Daddy Yankee regresa a la Argentina con un show gratuito y evang\u00e9lico | Al Dia Chaco\" \/>\n<meta property=\"og:description\" content=\"Daddy Yankee\u00a0sorprendi\u00f3 a todos al anunciar que vuelve a los escenarios a fines de noviembre en\u00a0Argentina\u00a0para dar un show gratuito en la cancha de\u00a0Chacarita Juniors,\u00a0ya que anunci\u00f3 su despedida oficial de los escenarios en diciembre del 2023. Esta novedad se dio a conocer a trav\u00e9s de las redes sociales de\u00a0Manantial de Bendiciones, un ministerio que\u00a0&#8220;busca &hellip;\" \/>\n<meta property=\"og:url\" content=\"https:\/\/aldiachaco.com.ar\/index.php\/2024\/08\/08\/daddy-yankee-regresa-a-la-argentina-con-un-show-gratuito-y-evangelico\/\" \/>\n<meta property=\"og:site_name\" content=\"Al Dia Chaco\" \/>\n<meta property=\"article:published_time\" content=\"2024-08-08T11:49:09+00:00\" \/>\n<meta property=\"og:image\" content=\"https:\/\/aldiachaco.com.ar\/wp-content\/uploads\/2024\/08\/daddy-yankee.webp\" \/>\n\t<meta property=\"og:image:width\" content=\"850\" \/>\n\t<meta property=\"og:image:height\" content=\"478\" \/>\n\t<meta property=\"og:image:type\" content=\"image\/webp\" \/>\n<meta name=\"author\" content=\"aldiachaco.com.ar\" \/>\n<meta name=\"twitter:card\" content=\"summary_large_image\" \/>\n<meta name=\"twitter:label1\" content=\"Escrito por\" \/>\n\t<meta name=\"twitter:data1\" content=\"aldiachaco.com.ar\" \/>\n\t<meta name=\"twitter:label2\" content=\"Tiempo de lectura\" \/>\n\t<meta name=\"twitter:data2\" content=\"2 minutos\" \/>\n<script type=\"application\/ld+json\" class=\"yoast-schema-graph\">{\"@context\":\"https:\\\/\\\/schema.org\",\"@graph\":[{\"@type\":\"Article\",\"@id\":\"https:\\\/\\\/aldiachaco.com.ar\\\/index.php\\\/2024\\\/08\\\/08\\\/daddy-yankee-regresa-a-la-argentina-con-un-show-gratuito-y-evangelico\\\/#article\",\"isPartOf\":{\"@id\":\"https:\\\/\\\/aldiachaco.com.ar\\\/index.php\\\/2024\\\/08\\\/08\\\/daddy-yankee-regresa-a-la-argentina-con-un-show-gratuito-y-evangelico\\\/\"},\"author\":{\"name\":\"aldiachaco.com.ar\",\"@id\":\"https:\\\/\\\/aldiachaco.com.ar\\\/#\\\/schema\\\/person\\\/80113835e512ba580e79a945932487f5\"},\"headline\":\"Daddy Yankee regresa a la Argentina con un show gratuito y evang\u00e9lico\",\"datePublished\":\"2024-08-08T11:49:09+00:00\",\"mainEntityOfPage\":{\"@id\":\"https:\\\/\\\/aldiachaco.com.ar\\\/index.php\\\/2024\\\/08\\\/08\\\/daddy-yankee-regresa-a-la-argentina-con-un-show-gratuito-y-evangelico\\\/\"},\"wordCount\":216,\"commentCount\":0,\"publisher\":{\"@id\":\"https:\\\/\\\/aldiachaco.com.ar\\\/#organization\"},\"image\":{\"@id\":\"https:\\\/\\\/aldiachaco.com.ar\\\/index.php\\\/2024\\\/08\\\/08\\\/daddy-yankee-regresa-a-la-argentina-con-un-show-gratuito-y-evangelico\\\/#primaryimage\"},\"thumbnailUrl\":\"https:\\\/\\\/aldiachaco.com.ar\\\/wp-content\\\/uploads\\\/2024\\\/08\\\/daddy-yankee.webp\",\"articleSection\":[\"Espect\u00e1culos\"],\"inLanguage\":\"es-AR\",\"potentialAction\":[{\"@type\":\"CommentAction\",\"name\":\"Comment\",\"target\":[\"https:\\\/\\\/aldiachaco.com.ar\\\/index.php\\\/2024\\\/08\\\/08\\\/daddy-yankee-regresa-a-la-argentina-con-un-show-gratuito-y-evangelico\\\/#respond\"]}]},{\"@type\":\"WebPage\",\"@id\":\"https:\\\/\\\/aldiachaco.com.ar\\\/index.php\\\/2024\\\/08\\\/08\\\/daddy-yankee-regresa-a-la-argentina-con-un-show-gratuito-y-evangelico\\\/\",\"url\":\"https:\\\/\\\/aldiachaco.com.ar\\\/index.php\\\/2024\\\/08\\\/08\\\/daddy-yankee-regresa-a-la-argentina-con-un-show-gratuito-y-evangelico\\\/\",\"name\":\"Daddy Yankee regresa a la Argentina con un show gratuito y evang\u00e9lico | Al Dia Chaco\",\"isPartOf\":{\"@id\":\"https:\\\/\\\/aldiachaco.com.ar\\\/#website\"},\"primaryImageOfPage\":{\"@id\":\"https:\\\/\\\/aldiachaco.com.ar\\\/index.php\\\/2024\\\/08\\\/08\\\/daddy-yankee-regresa-a-la-argentina-con-un-show-gratuito-y-evangelico\\\/#primaryimage\"},\"image\":{\"@id\":\"https:\\\/\\\/aldiachaco.com.ar\\\/index.php\\\/2024\\\/08\\\/08\\\/daddy-yankee-regresa-a-la-argentina-con-un-show-gratuito-y-evangelico\\\/#primaryimage\"},\"thumbnailUrl\":\"https:\\\/\\\/aldiachaco.com.ar\\\/wp-content\\\/uploads\\\/2024\\\/08\\\/daddy-yankee.webp\",\"datePublished\":\"2024-08-08T11:49:09+00:00\",\"breadcrumb\":{\"@id\":\"https:\\\/\\\/aldiachaco.com.ar\\\/index.php\\\/2024\\\/08\\\/08\\\/daddy-yankee-regresa-a-la-argentina-con-un-show-gratuito-y-evangelico\\\/#breadcrumb\"},\"inLanguage\":\"es-AR\",\"potentialAction\":[{\"@type\":\"ReadAction\",\"target\":[\"https:\\\/\\\/aldiachaco.com.ar\\\/index.php\\\/2024\\\/08\\\/08\\\/daddy-yankee-regresa-a-la-argentina-con-un-show-gratuito-y-evangelico\\\/\"]}]},{\"@type\":\"ImageObject\",\"inLanguage\":\"es-AR\",\"@id\":\"https:\\\/\\\/aldiachaco.com.ar\\\/index.php\\\/2024\\\/08\\\/08\\\/daddy-yankee-regresa-a-la-argentina-con-un-show-gratuito-y-evangelico\\\/#primaryimage\",\"url\":\"https:\\\/\\\/aldiachaco.com.ar\\\/wp-content\\\/uploads\\\/2024\\\/08\\\/daddy-yankee.webp\",\"contentUrl\":\"https:\\\/\\\/aldiachaco.com.ar\\\/wp-content\\\/uploads\\\/2024\\\/08\\\/daddy-yankee.webp\",\"width\":850,\"height\":478},{\"@type\":\"BreadcrumbList\",\"@id\":\"https:\\\/\\\/aldiachaco.com.ar\\\/index.php\\\/2024\\\/08\\\/08\\\/daddy-yankee-regresa-a-la-argentina-con-un-show-gratuito-y-evangelico\\\/#breadcrumb\",\"itemListElement\":[{\"@type\":\"ListItem\",\"position\":1,\"name\":\"Home\",\"item\":\"https:\\\/\\\/aldiachaco.com.ar\\\/\"},{\"@type\":\"ListItem\",\"position\":2,\"name\":\"Daddy Yankee regresa a la Argentina con un show gratuito y evang\u00e9lico\"}]},{\"@type\":\"WebSite\",\"@id\":\"https:\\\/\\\/aldiachaco.com.ar\\\/#website\",\"url\":\"https:\\\/\\\/aldiachaco.com.ar\\\/\",\"name\":\"Al Dia Chaco\",\"description\":\"Noticias del Chaco y el mundo\",\"publisher\":{\"@id\":\"https:\\\/\\\/aldiachaco.com.ar\\\/#organization\"},\"alternateName\":\"Al D\u00eda Chaco\",\"potentialAction\":[{\"@type\":\"SearchAction\",\"target\":{\"@type\":\"EntryPoint\",\"urlTemplate\":\"https:\\\/\\\/aldiachaco.com.ar\\\/?s={search_term_string}\"},\"query-input\":{\"@type\":\"PropertyValueSpecification\",\"valueRequired\":true,\"valueName\":\"search_term_string\"}}],\"inLanguage\":\"es-AR\"},{\"@type\":\"Organization\",\"@id\":\"https:\\\/\\\/aldiachaco.com.ar\\\/#organization\",\"name\":\"Al Dia Chaco\",\"url\":\"https:\\\/\\\/aldiachaco.com.ar\\\/\",\"logo\":{\"@type\":\"ImageObject\",\"inLanguage\":\"es-AR\",\"@id\":\"https:\\\/\\\/aldiachaco.com.ar\\\/#\\\/schema\\\/logo\\\/image\\\/\",\"url\":\"https:\\\/\\\/aldiachaco.com.ar\\\/wp-content\\\/uploads\\\/2017\\\/11\\\/AL-DIA-CHACO-L@2x.png\",\"contentUrl\":\"https:\\\/\\\/aldiachaco.com.ar\\\/wp-content\\\/uploads\\\/2017\\\/11\\\/AL-DIA-CHACO-L@2x.png\",\"width\":232,\"height\":60,\"caption\":\"Al Dia Chaco\"},\"image\":{\"@id\":\"https:\\\/\\\/aldiachaco.com.ar\\\/#\\\/schema\\\/logo\\\/image\\\/\"}},{\"@type\":\"Person\",\"@id\":\"https:\\\/\\\/aldiachaco.com.ar\\\/#\\\/schema\\\/person\\\/80113835e512ba580e79a945932487f5\",\"name\":\"aldiachaco.com.ar\",\"image\":{\"@type\":\"ImageObject\",\"inLanguage\":\"es-AR\",\"@id\":\"https:\\\/\\\/aldiachaco.com.ar\\\/wp-content\\\/litespeed\\\/avatar\\\/a7c4ebc5454089d3fd4ef6b87fdd073a.jpg?ver=1777471945\",\"url\":\"https:\\\/\\\/aldiachaco.com.ar\\\/wp-content\\\/litespeed\\\/avatar\\\/a7c4ebc5454089d3fd4ef6b87fdd073a.jpg?ver=1777471945\",\"contentUrl\":\"https:\\\/\\\/aldiachaco.com.ar\\\/wp-content\\\/litespeed\\\/avatar\\\/a7c4ebc5454089d3fd4ef6b87fdd073a.jpg?ver=1777471945\",\"caption\":\"aldiachaco.com.ar\"},\"sameAs\":[\"https:\\\/\\\/aldiachaco.com.ar\"],\"url\":\"https:\\\/\\\/aldiachaco.com.ar\\\/index.php\\\/author\\\/lime-camel-884546-hostingersite-com\\\/\"}]}<\/script>\n<!-- \/ Yoast SEO plugin. -->","yoast_head_json":{"title":"Daddy Yankee regresa a la Argentina con un show gratuito y evang\u00e9lico | Al Dia Chaco","robots":{"index":"index","follow":"follow","max-snippet":"max-snippet:-1","max-image-preview":"max-image-preview:large","max-video-preview":"max-video-preview:-1"},"canonical":"https:\/\/aldiachaco.com.ar\/index.php\/2024\/08\/08\/daddy-yankee-regresa-a-la-argentina-con-un-show-gratuito-y-evangelico\/","og_locale":"es_ES","og_type":"article","og_title":"Daddy Yankee regresa a la Argentina con un show gratuito y evang\u00e9lico | Al Dia Chaco","og_description":"Daddy Yankee\u00a0sorprendi\u00f3 a todos al anunciar que vuelve a los escenarios a fines de noviembre en\u00a0Argentina\u00a0para dar un show gratuito en la cancha de\u00a0Chacarita Juniors,\u00a0ya que anunci\u00f3 su despedida oficial de los escenarios en diciembre del 2023. Esta novedad se dio a conocer a trav\u00e9s de las redes sociales de\u00a0Manantial de Bendiciones, un ministerio que\u00a0&#8220;busca &hellip;","og_url":"https:\/\/aldiachaco.com.ar\/index.php\/2024\/08\/08\/daddy-yankee-regresa-a-la-argentina-con-un-show-gratuito-y-evangelico\/","og_site_name":"Al Dia Chaco","article_published_time":"2024-08-08T11:49:09+00:00","og_image":[{"width":850,"height":478,"url":"https:\/\/aldiachaco.com.ar\/wp-content\/uploads\/2024\/08\/daddy-yankee.webp","type":"image\/webp"}],"author":"aldiachaco.com.ar","twitter_card":"summary_large_image","twitter_misc":{"Escrito por":"aldiachaco.com.ar","Tiempo de lectura":"2 minutos"},"schema":{"@context":"https:\/\/schema.org","@graph":[{"@type":"Article","@id":"https:\/\/aldiachaco.com.ar\/index.php\/2024\/08\/08\/daddy-yankee-regresa-a-la-argentina-con-un-show-gratuito-y-evangelico\/#article","isPartOf":{"@id":"https:\/\/aldiachaco.com.ar\/index.php\/2024\/08\/08\/daddy-yankee-regresa-a-la-argentina-con-un-show-gratuito-y-evangelico\/"},"author":{"name":"aldiachaco.com.ar","@id":"https:\/\/aldiachaco.com.ar\/#\/schema\/person\/80113835e512ba580e79a945932487f5"},"headline":"Daddy Yankee regresa a la Argentina con un show gratuito y evang\u00e9lico","datePublished":"2024-08-08T11:49:09+00:00","mainEntityOfPage":{"@id":"https:\/\/aldiachaco.com.ar\/index.php\/2024\/08\/08\/daddy-yankee-regresa-a-la-argentina-con-un-show-gratuito-y-evangelico\/"},"wordCount":216,"commentCount":0,"publisher":{"@id":"https:\/\/aldiachaco.com.ar\/#organization"},"image":{"@id":"https:\/\/aldiachaco.com.ar\/index.php\/2024\/08\/08\/daddy-yankee-regresa-a-la-argentina-con-un-show-gratuito-y-evangelico\/#primaryimage"},"thumbnailUrl":"https:\/\/aldiachaco.com.ar\/wp-content\/uploads\/2024\/08\/daddy-yankee.webp","articleSection":["Espect\u00e1culos"],"inLanguage":"es-AR","potentialAction":[{"@type":"CommentAction","name":"Comment","target":["https:\/\/aldiachaco.com.ar\/index.php\/2024\/08\/08\/daddy-yankee-regresa-a-la-argentina-con-un-show-gratuito-y-evangelico\/#respond"]}]},{"@type":"WebPage","@id":"https:\/\/aldiachaco.com.ar\/index.php\/2024\/08\/08\/daddy-yankee-regresa-a-la-argentina-con-un-show-gratuito-y-evangelico\/","url":"https:\/\/aldiachaco.com.ar\/index.php\/2024\/08\/08\/daddy-yankee-regresa-a-la-argentina-con-un-show-gratuito-y-evangelico\/","name":"Daddy Yankee regresa a la Argentina con un show gratuito y evang\u00e9lico | Al Dia Chaco","isPartOf":{"@id":"https:\/\/aldiachaco.com.ar\/#website"},"primaryImageOfPage":{"@id":"https:\/\/aldiachaco.com.ar\/index.php\/2024\/08\/08\/daddy-yankee-regresa-a-la-argentina-con-un-show-gratuito-y-evangelico\/#primaryimage"},"image":{"@id":"https:\/\/aldiachaco.com.ar\/index.php\/2024\/08\/08\/daddy-yankee-regresa-a-la-argentina-con-un-show-gratuito-y-evangelico\/#primaryimage"},"thumbnailUrl":"https:\/\/aldiachaco.com.ar\/wp-content\/uploads\/2024\/08\/daddy-yankee.webp","datePublished":"2024-08-08T11:49:09+00:00","breadcrumb":{"@id":"https:\/\/aldiachaco.com.ar\/index.php\/2024\/08\/08\/daddy-yankee-regresa-a-la-argentina-con-un-show-gratuito-y-evangelico\/#breadcrumb"},"inLanguage":"es-AR","potentialAction":[{"@type":"ReadAction","target":["https:\/\/aldiachaco.com.ar\/index.php\/2024\/08\/08\/daddy-yankee-regresa-a-la-argentina-con-un-show-gratuito-y-evangelico\/"]}]},{"@type":"ImageObject","inLanguage":"es-AR","@id":"https:\/\/aldiachaco.com.ar\/index.php\/2024\/08\/08\/daddy-yankee-regresa-a-la-argentina-con-un-show-gratuito-y-evangelico\/#primaryimage","url":"https:\/\/aldiachaco.com.ar\/wp-content\/uploads\/2024\/08\/daddy-yankee.webp","contentUrl":"https:\/\/aldiachaco.com.ar\/wp-content\/uploads\/2024\/08\/daddy-yankee.webp","width":850,"height":478},{"@type":"BreadcrumbList","@id":"https:\/\/aldiachaco.com.ar\/index.php\/2024\/08\/08\/daddy-yankee-regresa-a-la-argentina-con-un-show-gratuito-y-evangelico\/#breadcrumb","itemListElement":[{"@type":"ListItem","position":1,"name":"Home","item":"https:\/\/aldiachaco.com.ar\/"},{"@type":"ListItem","position":2,"name":"Daddy Yankee regresa a la Argentina con un show gratuito y evang\u00e9lico"}]},{"@type":"WebSite","@id":"https:\/\/aldiachaco.com.ar\/#website","url":"https:\/\/aldiachaco.com.ar\/","name":"Al Dia Chaco","description":"Noticias del Chaco y el mundo","publisher":{"@id":"https:\/\/aldiachaco.com.ar\/#organization"},"alternateName":"Al D\u00eda Chaco","potentialAction":[{"@type":"SearchAction","target":{"@type":"EntryPoint","urlTemplate":"https:\/\/aldiachaco.com.ar\/?s={search_term_string}"},"query-input":{"@type":"PropertyValueSpecification","valueRequired":true,"valueName":"search_term_string"}}],"inLanguage":"es-AR"},{"@type":"Organization","@id":"https:\/\/aldiachaco.com.ar\/#organization","name":"Al Dia Chaco","url":"https:\/\/aldiachaco.com.ar\/","logo":{"@type":"ImageObject","inLanguage":"es-AR","@id":"https:\/\/aldiachaco.com.ar\/#\/schema\/logo\/image\/","url":"https:\/\/aldiachaco.com.ar\/wp-content\/uploads\/2017\/11\/AL-DIA-CHACO-L@2x.png","contentUrl":"https:\/\/aldiachaco.com.ar\/wp-content\/uploads\/2017\/11\/AL-DIA-CHACO-L@2x.png","width":232,"height":60,"caption":"Al Dia Chaco"},"image":{"@id":"https:\/\/aldiachaco.com.ar\/#\/schema\/logo\/image\/"}},{"@type":"Person","@id":"https:\/\/aldiachaco.com.ar\/#\/schema\/person\/80113835e512ba580e79a945932487f5","name":"aldiachaco.com.ar","image":{"@type":"ImageObject","inLanguage":"es-AR","@id":"https:\/\/aldiachaco.com.ar\/wp-content\/litespeed\/avatar\/a7c4ebc5454089d3fd4ef6b87fdd073a.jpg?ver=1777471945","url":"https:\/\/aldiachaco.com.ar\/wp-content\/litespeed\/avatar\/a7c4ebc5454089d3fd4ef6b87fdd073a.jpg?ver=1777471945","contentUrl":"https:\/\/aldiachaco.com.ar\/wp-content\/litespeed\/avatar\/a7c4ebc5454089d3fd4ef6b87fdd073a.jpg?ver=1777471945","caption":"aldiachaco.com.ar"},"sameAs":["https:\/\/aldiachaco.com.ar"],"url":"https:\/\/aldiachaco.com.ar\/index.php\/author\/lime-camel-884546-hostingersite-com\/"}]}},"jetpack_publicize_connections":[],"jetpack_featured_media_url":"https:\/\/aldiachaco.com.ar\/wp-content\/uploads\/2024\/08\/daddy-yankee.webp","jetpack_sharing_enabled":true,"amp_enabled":true,"_links":{"self":[{"href":"https:\/\/aldiachaco.com.ar\/index.php\/wp-json\/wp\/v2\/posts\/8815","targetHints":{"allow":["GET"]}}],"collection":[{"href":"https:\/\/aldiachaco.com.ar\/index.php\/wp-json\/wp\/v2\/posts"}],"about":[{"href":"https:\/\/aldiachaco.com.ar\/index.php\/wp-json\/wp\/v2\/types\/post"}],"author":[{"embeddable":true,"href":"https:\/\/aldiachaco.com.ar\/index.php\/wp-json\/wp\/v2\/users\/1"}],"replies":[{"embeddable":true,"href":"https:\/\/aldiachaco.com.ar\/index.php\/wp-json\/wp\/v2\/comments?post=8815"}],"version-history":[{"count":1,"href":"https:\/\/aldiachaco.com.ar\/index.php\/wp-json\/wp\/v2\/posts\/8815\/revisions"}],"predecessor-version":[{"id":8818,"href":"https:\/\/aldiachaco.com.ar\/index.php\/wp-json\/wp\/v2\/posts\/8815\/revisions\/8818"}],"wp:featuredmedia":[{"embeddable":true,"href":"https:\/\/aldiachaco.com.ar\/index.php\/wp-json\/wp\/v2\/media\/8816"}],"wp:attachment":[{"href":"https:\/\/aldiachaco.com.ar\/index.php\/wp-json\/wp\/v2\/media?parent=8815"}],"wp:term":[{"taxonomy":"category","embeddable":true,"href":"https:\/\/aldiachaco.com.ar\/index.php\/wp-json\/wp\/v2\/categories?post=8815"},{"taxonomy":"post_tag","embeddable":true,"href":"https:\/\/aldiachaco.com.ar\/index.php\/wp-json\/wp\/v2\/tags?post=8815"}],"curies":[{"name":"wp","href":"https:\/\/api.w.org\/{rel}","templated":true}]}}