{"id":8805,"date":"2024-08-08T07:02:22","date_gmt":"2024-08-08T10:02:22","guid":{"rendered":"https:\/\/aldiachaco.com.ar\/?p=8805"},"modified":"2024-08-08T07:02:22","modified_gmt":"2024-08-08T10:02:22","slug":"cordoba-robo-un-cuerpo-del-cementerio-y-le-corto-los-dedos-la-justicia-sospecha-de-una-brujeria-por-encargo","status":"publish","type":"post","link":"https:\/\/aldiachaco.com.ar\/index.php\/2024\/08\/08\/cordoba-robo-un-cuerpo-del-cementerio-y-le-corto-los-dedos-la-justicia-sospecha-de-una-brujeria-por-encargo\/","title":{"rendered":"C\u00f3rdoba: rob\u00f3 un cuerpo del cementerio y le cort\u00f3 los dedos, la justicia sospecha de una brujer\u00eda por encargo"},"content":{"rendered":"<p>Una mujer de 36 a\u00f1os fue detenida en la madrugada del martes acusada de profanar una tumba en el cementerio de la ciudad cordobesa de San Francisco. La principal hip\u00f3tesis del caso apunta a una \u201cbrujer\u00eda por encargo\u201d. Cuando lleg\u00f3 la polic\u00eda tras un llamado al 911 encontr\u00f3 a la mujer arrodillada y con una tijera de podar en la mano en una zona alejada del sector de nichos y mausoleos que tiene el predio religioso ubicado en el barrio 9 de septiembre.<\/p>\n<div class=\"adserver-zonas-noticias bannerLoaded\" data-index=\"0\"><\/div>\n<p>La macabra postal la completaba una pala, tierra removida alrededor de la sospechosa y la tapa de un f\u00e9retro abierto. En el interior del caj\u00f3n estaba el cuerpo en descomposici\u00f3n de una mujer, a la cual le hab\u00eda amputado los dedos \u00edndices de las manos.<\/p>\n<div class=\"adserver-zonas-noticias bannerLoaded\" data-index=\"1\">\n<div id=\"elterritorio_com_ar_home_articles_mobile\" class=\"mobile-height display-flex\"><\/div>\n<\/div>\n<p>Seg\u00fan detall\u00f3 una fuente cercana a la causa al diario La Voz, la mujer detenida es una vecina de la zona, exempleada de una empresa tercerizadora de limpieza y una ART, y tras el incidente fue imputada por el delito de da\u00f1o calificado y enviada en primera instancia al \u00e1rea de Salud Mental del Hospital Iturraspe.<\/p>\n<div class=\"adserver-zonas-noticias bannerLoaded\" data-index=\"2\"><\/div>\n<p>El caso es investigado por el fiscal Oscar Gieco, de los tribunales de San Francisco, quien entre las primeras medidas orden\u00f3 secuestrar la tijera de podar, una pala de punta y un tel\u00e9fono celular marca Samsung J7 que ten\u00eda en su poder la imputada cuando la descubrieron in fraganti.<\/p>\n<div class=\"adserver-zonas-noticias bannerLoaded\" data-index=\"3\"><\/div>\n<p>Para los investigadores, el hecho estar\u00eda vinculado a una \u201cbrujer\u00eda por encargo\u201d. No obstante, pese a lo t\u00e9trico del caso, el robo de cad\u00e1veres en cementerios no es considerado un delito en la Argentina.<\/p>\n<div class=\"adserver-zonas-noticias bannerLoaded\" data-index=\"4\"><\/div>\n<p>\u201cNuestro C\u00f3digo Penal hace alusi\u00f3n a la sustracci\u00f3n de cuerpos pero s\u00f3lo si es extorsiva, es decir, si se pide dinero a cambio\u201d, explic\u00f3 una fuente judicial al mismo medio, cuando hizo hincapi\u00e9 a la Ley N\u00b0 11.179, que en su art\u00edculo 171 dice que \u201csufrir\u00e1 prisi\u00f3n de dos a seis a\u00f1os el que sustrajere un cad\u00e1ver para hacerse pagar su devoluci\u00f3n\u201d.<\/p>\n","protected":false},"excerpt":{"rendered":"<p>Una mujer de 36 a\u00f1os fue detenida en la madrugada del martes acusada de profanar una tumba en el cementerio de la ciudad cordobesa de San Francisco. La principal hip\u00f3tesis del caso apunta a una \u201cbrujer\u00eda por encargo\u201d. Cuando lleg\u00f3 la polic\u00eda tras un llamado al 911 encontr\u00f3 a la mujer arrodillada y con una &hellip;<\/p>\n","protected":false},"author":1,"featured_media":8806,"comment_status":"open","ping_status":"open","sticky":false,"template":"","format":"standard","meta":{"content-type":"","_monsterinsights_skip_tracking":false,"_monsterinsights_sitenote_active":false,"_monsterinsights_sitenote_note":"","_monsterinsights_sitenote_category":0,"_jetpack_memberships_contains_paid_content":false,"footnotes":"","jetpack_publicize_message":"","jetpack_publicize_feature_enabled":true,"jetpack_social_post_already_shared":true,"jetpack_social_options":{"image_generator_settings":{"template":"highway","default_image_id":0,"font":"","enabled":false},"version":2}},"categories":[86],"tags":[],"class_list":["post-8805","post","type-post","status-publish","format-standard","has-post-thumbnail","hentry","category-policiales"],"yoast_head":"<!-- This site is optimized with the Yoast SEO plugin v27.4 - https:\/\/yoast.com\/product\/yoast-seo-wordpress\/ -->\n<title>C\u00f3rdoba: rob\u00f3 un cuerpo del cementerio y le cort\u00f3 los dedos, la justicia sospecha de una brujer\u00eda por encargo | Al Dia Chaco<\/title>\n<meta name=\"robots\" content=\"index, follow, max-snippet:-1, max-image-preview:large, max-video-preview:-1\" \/>\n<link rel=\"canonical\" href=\"https:\/\/aldiachaco.com.ar\/index.php\/2024\/08\/08\/cordoba-robo-un-cuerpo-del-cementerio-y-le-corto-los-dedos-la-justicia-sospecha-de-una-brujeria-por-encargo\/\" \/>\n<meta property=\"og:locale\" content=\"es_ES\" \/>\n<meta property=\"og:type\" content=\"article\" \/>\n<meta property=\"og:title\" content=\"C\u00f3rdoba: rob\u00f3 un cuerpo del cementerio y le cort\u00f3 los dedos, la justicia sospecha de una brujer\u00eda por encargo | Al Dia Chaco\" \/>\n<meta property=\"og:description\" content=\"Una mujer de 36 a\u00f1os fue detenida en la madrugada del martes acusada de profanar una tumba en el cementerio de la ciudad cordobesa de San Francisco. La principal hip\u00f3tesis del caso apunta a una \u201cbrujer\u00eda por encargo\u201d. Cuando lleg\u00f3 la polic\u00eda tras un llamado al 911 encontr\u00f3 a la mujer arrodillada y con una &hellip;\" \/>\n<meta property=\"og:url\" content=\"https:\/\/aldiachaco.com.ar\/index.php\/2024\/08\/08\/cordoba-robo-un-cuerpo-del-cementerio-y-le-corto-los-dedos-la-justicia-sospecha-de-una-brujeria-por-encargo\/\" \/>\n<meta property=\"og:site_name\" content=\"Al Dia Chaco\" \/>\n<meta property=\"article:published_time\" content=\"2024-08-08T10:02:22+00:00\" \/>\n<meta property=\"og:image\" content=\"https:\/\/aldiachaco.com.ar\/wp-content\/uploads\/2024\/08\/cementerio-plaza-san-francisco-1_el-periodico-1.jpg\" \/>\n\t<meta property=\"og:image:width\" content=\"852\" \/>\n\t<meta property=\"og:image:height\" content=\"568\" \/>\n\t<meta property=\"og:image:type\" content=\"image\/jpeg\" \/>\n<meta name=\"author\" content=\"aldiachaco.com.ar\" \/>\n<meta name=\"twitter:card\" content=\"summary_large_image\" \/>\n<meta name=\"twitter:label1\" content=\"Escrito por\" \/>\n\t<meta name=\"twitter:data1\" content=\"aldiachaco.com.ar\" \/>\n\t<meta name=\"twitter:label2\" content=\"Tiempo de lectura\" \/>\n\t<meta name=\"twitter:data2\" content=\"2 minutos\" \/>\n<script type=\"application\/ld+json\" class=\"yoast-schema-graph\">{\"@context\":\"https:\\\/\\\/schema.org\",\"@graph\":[{\"@type\":\"Article\",\"@id\":\"https:\\\/\\\/aldiachaco.com.ar\\\/index.php\\\/2024\\\/08\\\/08\\\/cordoba-robo-un-cuerpo-del-cementerio-y-le-corto-los-dedos-la-justicia-sospecha-de-una-brujeria-por-encargo\\\/#article\",\"isPartOf\":{\"@id\":\"https:\\\/\\\/aldiachaco.com.ar\\\/index.php\\\/2024\\\/08\\\/08\\\/cordoba-robo-un-cuerpo-del-cementerio-y-le-corto-los-dedos-la-justicia-sospecha-de-una-brujeria-por-encargo\\\/\"},\"author\":{\"name\":\"aldiachaco.com.ar\",\"@id\":\"https:\\\/\\\/aldiachaco.com.ar\\\/#\\\/schema\\\/person\\\/80113835e512ba580e79a945932487f5\"},\"headline\":\"C\u00f3rdoba: rob\u00f3 un cuerpo del cementerio y le cort\u00f3 los dedos, la justicia sospecha de una brujer\u00eda por encargo\",\"datePublished\":\"2024-08-08T10:02:22+00:00\",\"mainEntityOfPage\":{\"@id\":\"https:\\\/\\\/aldiachaco.com.ar\\\/index.php\\\/2024\\\/08\\\/08\\\/cordoba-robo-un-cuerpo-del-cementerio-y-le-corto-los-dedos-la-justicia-sospecha-de-una-brujeria-por-encargo\\\/\"},\"wordCount\":370,\"commentCount\":0,\"publisher\":{\"@id\":\"https:\\\/\\\/aldiachaco.com.ar\\\/#organization\"},\"image\":{\"@id\":\"https:\\\/\\\/aldiachaco.com.ar\\\/index.php\\\/2024\\\/08\\\/08\\\/cordoba-robo-un-cuerpo-del-cementerio-y-le-corto-los-dedos-la-justicia-sospecha-de-una-brujeria-por-encargo\\\/#primaryimage\"},\"thumbnailUrl\":\"https:\\\/\\\/aldiachaco.com.ar\\\/wp-content\\\/uploads\\\/2024\\\/08\\\/cementerio-plaza-san-francisco-1_el-periodico-1.jpg\",\"articleSection\":[\"Policiales\"],\"inLanguage\":\"es-AR\",\"potentialAction\":[{\"@type\":\"CommentAction\",\"name\":\"Comment\",\"target\":[\"https:\\\/\\\/aldiachaco.com.ar\\\/index.php\\\/2024\\\/08\\\/08\\\/cordoba-robo-un-cuerpo-del-cementerio-y-le-corto-los-dedos-la-justicia-sospecha-de-una-brujeria-por-encargo\\\/#respond\"]}]},{\"@type\":\"WebPage\",\"@id\":\"https:\\\/\\\/aldiachaco.com.ar\\\/index.php\\\/2024\\\/08\\\/08\\\/cordoba-robo-un-cuerpo-del-cementerio-y-le-corto-los-dedos-la-justicia-sospecha-de-una-brujeria-por-encargo\\\/\",\"url\":\"https:\\\/\\\/aldiachaco.com.ar\\\/index.php\\\/2024\\\/08\\\/08\\\/cordoba-robo-un-cuerpo-del-cementerio-y-le-corto-los-dedos-la-justicia-sospecha-de-una-brujeria-por-encargo\\\/\",\"name\":\"C\u00f3rdoba: rob\u00f3 un cuerpo del cementerio y le cort\u00f3 los dedos, la justicia sospecha de una brujer\u00eda por encargo | Al Dia Chaco\",\"isPartOf\":{\"@id\":\"https:\\\/\\\/aldiachaco.com.ar\\\/#website\"},\"primaryImageOfPage\":{\"@id\":\"https:\\\/\\\/aldiachaco.com.ar\\\/index.php\\\/2024\\\/08\\\/08\\\/cordoba-robo-un-cuerpo-del-cementerio-y-le-corto-los-dedos-la-justicia-sospecha-de-una-brujeria-por-encargo\\\/#primaryimage\"},\"image\":{\"@id\":\"https:\\\/\\\/aldiachaco.com.ar\\\/index.php\\\/2024\\\/08\\\/08\\\/cordoba-robo-un-cuerpo-del-cementerio-y-le-corto-los-dedos-la-justicia-sospecha-de-una-brujeria-por-encargo\\\/#primaryimage\"},\"thumbnailUrl\":\"https:\\\/\\\/aldiachaco.com.ar\\\/wp-content\\\/uploads\\\/2024\\\/08\\\/cementerio-plaza-san-francisco-1_el-periodico-1.jpg\",\"datePublished\":\"2024-08-08T10:02:22+00:00\",\"breadcrumb\":{\"@id\":\"https:\\\/\\\/aldiachaco.com.ar\\\/index.php\\\/2024\\\/08\\\/08\\\/cordoba-robo-un-cuerpo-del-cementerio-y-le-corto-los-dedos-la-justicia-sospecha-de-una-brujeria-por-encargo\\\/#breadcrumb\"},\"inLanguage\":\"es-AR\",\"potentialAction\":[{\"@type\":\"ReadAction\",\"target\":[\"https:\\\/\\\/aldiachaco.com.ar\\\/index.php\\\/2024\\\/08\\\/08\\\/cordoba-robo-un-cuerpo-del-cementerio-y-le-corto-los-dedos-la-justicia-sospecha-de-una-brujeria-por-encargo\\\/\"]}]},{\"@type\":\"ImageObject\",\"inLanguage\":\"es-AR\",\"@id\":\"https:\\\/\\\/aldiachaco.com.ar\\\/index.php\\\/2024\\\/08\\\/08\\\/cordoba-robo-un-cuerpo-del-cementerio-y-le-corto-los-dedos-la-justicia-sospecha-de-una-brujeria-por-encargo\\\/#primaryimage\",\"url\":\"https:\\\/\\\/aldiachaco.com.ar\\\/wp-content\\\/uploads\\\/2024\\\/08\\\/cementerio-plaza-san-francisco-1_el-periodico-1.jpg\",\"contentUrl\":\"https:\\\/\\\/aldiachaco.com.ar\\\/wp-content\\\/uploads\\\/2024\\\/08\\\/cementerio-plaza-san-francisco-1_el-periodico-1.jpg\",\"width\":852,\"height\":568},{\"@type\":\"BreadcrumbList\",\"@id\":\"https:\\\/\\\/aldiachaco.com.ar\\\/index.php\\\/2024\\\/08\\\/08\\\/cordoba-robo-un-cuerpo-del-cementerio-y-le-corto-los-dedos-la-justicia-sospecha-de-una-brujeria-por-encargo\\\/#breadcrumb\",\"itemListElement\":[{\"@type\":\"ListItem\",\"position\":1,\"name\":\"Home\",\"item\":\"https:\\\/\\\/aldiachaco.com.ar\\\/\"},{\"@type\":\"ListItem\",\"position\":2,\"name\":\"C\u00f3rdoba: rob\u00f3 un cuerpo del cementerio y le cort\u00f3 los dedos, la justicia sospecha de una brujer\u00eda por encargo\"}]},{\"@type\":\"WebSite\",\"@id\":\"https:\\\/\\\/aldiachaco.com.ar\\\/#website\",\"url\":\"https:\\\/\\\/aldiachaco.com.ar\\\/\",\"name\":\"Al Dia Chaco\",\"description\":\"Noticias del Chaco y el mundo\",\"publisher\":{\"@id\":\"https:\\\/\\\/aldiachaco.com.ar\\\/#organization\"},\"alternateName\":\"Al D\u00eda Chaco\",\"potentialAction\":[{\"@type\":\"SearchAction\",\"target\":{\"@type\":\"EntryPoint\",\"urlTemplate\":\"https:\\\/\\\/aldiachaco.com.ar\\\/?s={search_term_string}\"},\"query-input\":{\"@type\":\"PropertyValueSpecification\",\"valueRequired\":true,\"valueName\":\"search_term_string\"}}],\"inLanguage\":\"es-AR\"},{\"@type\":\"Organization\",\"@id\":\"https:\\\/\\\/aldiachaco.com.ar\\\/#organization\",\"name\":\"Al Dia Chaco\",\"url\":\"https:\\\/\\\/aldiachaco.com.ar\\\/\",\"logo\":{\"@type\":\"ImageObject\",\"inLanguage\":\"es-AR\",\"@id\":\"https:\\\/\\\/aldiachaco.com.ar\\\/#\\\/schema\\\/logo\\\/image\\\/\",\"url\":\"https:\\\/\\\/aldiachaco.com.ar\\\/wp-content\\\/uploads\\\/2017\\\/11\\\/AL-DIA-CHACO-L@2x.png\",\"contentUrl\":\"https:\\\/\\\/aldiachaco.com.ar\\\/wp-content\\\/uploads\\\/2017\\\/11\\\/AL-DIA-CHACO-L@2x.png\",\"width\":232,\"height\":60,\"caption\":\"Al Dia Chaco\"},\"image\":{\"@id\":\"https:\\\/\\\/aldiachaco.com.ar\\\/#\\\/schema\\\/logo\\\/image\\\/\"}},{\"@type\":\"Person\",\"@id\":\"https:\\\/\\\/aldiachaco.com.ar\\\/#\\\/schema\\\/person\\\/80113835e512ba580e79a945932487f5\",\"name\":\"aldiachaco.com.ar\",\"image\":{\"@type\":\"ImageObject\",\"inLanguage\":\"es-AR\",\"@id\":\"https:\\\/\\\/aldiachaco.com.ar\\\/wp-content\\\/litespeed\\\/avatar\\\/a7c4ebc5454089d3fd4ef6b87fdd073a.jpg?ver=1777471945\",\"url\":\"https:\\\/\\\/aldiachaco.com.ar\\\/wp-content\\\/litespeed\\\/avatar\\\/a7c4ebc5454089d3fd4ef6b87fdd073a.jpg?ver=1777471945\",\"contentUrl\":\"https:\\\/\\\/aldiachaco.com.ar\\\/wp-content\\\/litespeed\\\/avatar\\\/a7c4ebc5454089d3fd4ef6b87fdd073a.jpg?ver=1777471945\",\"caption\":\"aldiachaco.com.ar\"},\"sameAs\":[\"https:\\\/\\\/aldiachaco.com.ar\"],\"url\":\"https:\\\/\\\/aldiachaco.com.ar\\\/index.php\\\/author\\\/lime-camel-884546-hostingersite-com\\\/\"}]}<\/script>\n<!-- \/ Yoast SEO plugin. -->","yoast_head_json":{"title":"C\u00f3rdoba: rob\u00f3 un cuerpo del cementerio y le cort\u00f3 los dedos, la justicia sospecha de una brujer\u00eda por encargo | Al Dia Chaco","robots":{"index":"index","follow":"follow","max-snippet":"max-snippet:-1","max-image-preview":"max-image-preview:large","max-video-preview":"max-video-preview:-1"},"canonical":"https:\/\/aldiachaco.com.ar\/index.php\/2024\/08\/08\/cordoba-robo-un-cuerpo-del-cementerio-y-le-corto-los-dedos-la-justicia-sospecha-de-una-brujeria-por-encargo\/","og_locale":"es_ES","og_type":"article","og_title":"C\u00f3rdoba: rob\u00f3 un cuerpo del cementerio y le cort\u00f3 los dedos, la justicia sospecha de una brujer\u00eda por encargo | Al Dia Chaco","og_description":"Una mujer de 36 a\u00f1os fue detenida en la madrugada del martes acusada de profanar una tumba en el cementerio de la ciudad cordobesa de San Francisco. La principal hip\u00f3tesis del caso apunta a una \u201cbrujer\u00eda por encargo\u201d. Cuando lleg\u00f3 la polic\u00eda tras un llamado al 911 encontr\u00f3 a la mujer arrodillada y con una &hellip;","og_url":"https:\/\/aldiachaco.com.ar\/index.php\/2024\/08\/08\/cordoba-robo-un-cuerpo-del-cementerio-y-le-corto-los-dedos-la-justicia-sospecha-de-una-brujeria-por-encargo\/","og_site_name":"Al Dia Chaco","article_published_time":"2024-08-08T10:02:22+00:00","og_image":[{"width":852,"height":568,"url":"https:\/\/aldiachaco.com.ar\/wp-content\/uploads\/2024\/08\/cementerio-plaza-san-francisco-1_el-periodico-1.jpg","type":"image\/jpeg"}],"author":"aldiachaco.com.ar","twitter_card":"summary_large_image","twitter_misc":{"Escrito por":"aldiachaco.com.ar","Tiempo de lectura":"2 minutos"},"schema":{"@context":"https:\/\/schema.org","@graph":[{"@type":"Article","@id":"https:\/\/aldiachaco.com.ar\/index.php\/2024\/08\/08\/cordoba-robo-un-cuerpo-del-cementerio-y-le-corto-los-dedos-la-justicia-sospecha-de-una-brujeria-por-encargo\/#article","isPartOf":{"@id":"https:\/\/aldiachaco.com.ar\/index.php\/2024\/08\/08\/cordoba-robo-un-cuerpo-del-cementerio-y-le-corto-los-dedos-la-justicia-sospecha-de-una-brujeria-por-encargo\/"},"author":{"name":"aldiachaco.com.ar","@id":"https:\/\/aldiachaco.com.ar\/#\/schema\/person\/80113835e512ba580e79a945932487f5"},"headline":"C\u00f3rdoba: rob\u00f3 un cuerpo del cementerio y le cort\u00f3 los dedos, la justicia sospecha de una brujer\u00eda por encargo","datePublished":"2024-08-08T10:02:22+00:00","mainEntityOfPage":{"@id":"https:\/\/aldiachaco.com.ar\/index.php\/2024\/08\/08\/cordoba-robo-un-cuerpo-del-cementerio-y-le-corto-los-dedos-la-justicia-sospecha-de-una-brujeria-por-encargo\/"},"wordCount":370,"commentCount":0,"publisher":{"@id":"https:\/\/aldiachaco.com.ar\/#organization"},"image":{"@id":"https:\/\/aldiachaco.com.ar\/index.php\/2024\/08\/08\/cordoba-robo-un-cuerpo-del-cementerio-y-le-corto-los-dedos-la-justicia-sospecha-de-una-brujeria-por-encargo\/#primaryimage"},"thumbnailUrl":"https:\/\/aldiachaco.com.ar\/wp-content\/uploads\/2024\/08\/cementerio-plaza-san-francisco-1_el-periodico-1.jpg","articleSection":["Policiales"],"inLanguage":"es-AR","potentialAction":[{"@type":"CommentAction","name":"Comment","target":["https:\/\/aldiachaco.com.ar\/index.php\/2024\/08\/08\/cordoba-robo-un-cuerpo-del-cementerio-y-le-corto-los-dedos-la-justicia-sospecha-de-una-brujeria-por-encargo\/#respond"]}]},{"@type":"WebPage","@id":"https:\/\/aldiachaco.com.ar\/index.php\/2024\/08\/08\/cordoba-robo-un-cuerpo-del-cementerio-y-le-corto-los-dedos-la-justicia-sospecha-de-una-brujeria-por-encargo\/","url":"https:\/\/aldiachaco.com.ar\/index.php\/2024\/08\/08\/cordoba-robo-un-cuerpo-del-cementerio-y-le-corto-los-dedos-la-justicia-sospecha-de-una-brujeria-por-encargo\/","name":"C\u00f3rdoba: rob\u00f3 un cuerpo del cementerio y le cort\u00f3 los dedos, la justicia sospecha de una brujer\u00eda por encargo | Al Dia Chaco","isPartOf":{"@id":"https:\/\/aldiachaco.com.ar\/#website"},"primaryImageOfPage":{"@id":"https:\/\/aldiachaco.com.ar\/index.php\/2024\/08\/08\/cordoba-robo-un-cuerpo-del-cementerio-y-le-corto-los-dedos-la-justicia-sospecha-de-una-brujeria-por-encargo\/#primaryimage"},"image":{"@id":"https:\/\/aldiachaco.com.ar\/index.php\/2024\/08\/08\/cordoba-robo-un-cuerpo-del-cementerio-y-le-corto-los-dedos-la-justicia-sospecha-de-una-brujeria-por-encargo\/#primaryimage"},"thumbnailUrl":"https:\/\/aldiachaco.com.ar\/wp-content\/uploads\/2024\/08\/cementerio-plaza-san-francisco-1_el-periodico-1.jpg","datePublished":"2024-08-08T10:02:22+00:00","breadcrumb":{"@id":"https:\/\/aldiachaco.com.ar\/index.php\/2024\/08\/08\/cordoba-robo-un-cuerpo-del-cementerio-y-le-corto-los-dedos-la-justicia-sospecha-de-una-brujeria-por-encargo\/#breadcrumb"},"inLanguage":"es-AR","potentialAction":[{"@type":"ReadAction","target":["https:\/\/aldiachaco.com.ar\/index.php\/2024\/08\/08\/cordoba-robo-un-cuerpo-del-cementerio-y-le-corto-los-dedos-la-justicia-sospecha-de-una-brujeria-por-encargo\/"]}]},{"@type":"ImageObject","inLanguage":"es-AR","@id":"https:\/\/aldiachaco.com.ar\/index.php\/2024\/08\/08\/cordoba-robo-un-cuerpo-del-cementerio-y-le-corto-los-dedos-la-justicia-sospecha-de-una-brujeria-por-encargo\/#primaryimage","url":"https:\/\/aldiachaco.com.ar\/wp-content\/uploads\/2024\/08\/cementerio-plaza-san-francisco-1_el-periodico-1.jpg","contentUrl":"https:\/\/aldiachaco.com.ar\/wp-content\/uploads\/2024\/08\/cementerio-plaza-san-francisco-1_el-periodico-1.jpg","width":852,"height":568},{"@type":"BreadcrumbList","@id":"https:\/\/aldiachaco.com.ar\/index.php\/2024\/08\/08\/cordoba-robo-un-cuerpo-del-cementerio-y-le-corto-los-dedos-la-justicia-sospecha-de-una-brujeria-por-encargo\/#breadcrumb","itemListElement":[{"@type":"ListItem","position":1,"name":"Home","item":"https:\/\/aldiachaco.com.ar\/"},{"@type":"ListItem","position":2,"name":"C\u00f3rdoba: rob\u00f3 un cuerpo del cementerio y le cort\u00f3 los dedos, la justicia sospecha de una brujer\u00eda por encargo"}]},{"@type":"WebSite","@id":"https:\/\/aldiachaco.com.ar\/#website","url":"https:\/\/aldiachaco.com.ar\/","name":"Al Dia Chaco","description":"Noticias del Chaco y el mundo","publisher":{"@id":"https:\/\/aldiachaco.com.ar\/#organization"},"alternateName":"Al D\u00eda Chaco","potentialAction":[{"@type":"SearchAction","target":{"@type":"EntryPoint","urlTemplate":"https:\/\/aldiachaco.com.ar\/?s={search_term_string}"},"query-input":{"@type":"PropertyValueSpecification","valueRequired":true,"valueName":"search_term_string"}}],"inLanguage":"es-AR"},{"@type":"Organization","@id":"https:\/\/aldiachaco.com.ar\/#organization","name":"Al Dia Chaco","url":"https:\/\/aldiachaco.com.ar\/","logo":{"@type":"ImageObject","inLanguage":"es-AR","@id":"https:\/\/aldiachaco.com.ar\/#\/schema\/logo\/image\/","url":"https:\/\/aldiachaco.com.ar\/wp-content\/uploads\/2017\/11\/AL-DIA-CHACO-L@2x.png","contentUrl":"https:\/\/aldiachaco.com.ar\/wp-content\/uploads\/2017\/11\/AL-DIA-CHACO-L@2x.png","width":232,"height":60,"caption":"Al Dia Chaco"},"image":{"@id":"https:\/\/aldiachaco.com.ar\/#\/schema\/logo\/image\/"}},{"@type":"Person","@id":"https:\/\/aldiachaco.com.ar\/#\/schema\/person\/80113835e512ba580e79a945932487f5","name":"aldiachaco.com.ar","image":{"@type":"ImageObject","inLanguage":"es-AR","@id":"https:\/\/aldiachaco.com.ar\/wp-content\/litespeed\/avatar\/a7c4ebc5454089d3fd4ef6b87fdd073a.jpg?ver=1777471945","url":"https:\/\/aldiachaco.com.ar\/wp-content\/litespeed\/avatar\/a7c4ebc5454089d3fd4ef6b87fdd073a.jpg?ver=1777471945","contentUrl":"https:\/\/aldiachaco.com.ar\/wp-content\/litespeed\/avatar\/a7c4ebc5454089d3fd4ef6b87fdd073a.jpg?ver=1777471945","caption":"aldiachaco.com.ar"},"sameAs":["https:\/\/aldiachaco.com.ar"],"url":"https:\/\/aldiachaco.com.ar\/index.php\/author\/lime-camel-884546-hostingersite-com\/"}]}},"jetpack_publicize_connections":[],"jetpack_featured_media_url":"https:\/\/aldiachaco.com.ar\/wp-content\/uploads\/2024\/08\/cementerio-plaza-san-francisco-1_el-periodico-1.jpg","jetpack_sharing_enabled":true,"amp_enabled":true,"_links":{"self":[{"href":"https:\/\/aldiachaco.com.ar\/index.php\/wp-json\/wp\/v2\/posts\/8805","targetHints":{"allow":["GET"]}}],"collection":[{"href":"https:\/\/aldiachaco.com.ar\/index.php\/wp-json\/wp\/v2\/posts"}],"about":[{"href":"https:\/\/aldiachaco.com.ar\/index.php\/wp-json\/wp\/v2\/types\/post"}],"author":[{"embeddable":true,"href":"https:\/\/aldiachaco.com.ar\/index.php\/wp-json\/wp\/v2\/users\/1"}],"replies":[{"embeddable":true,"href":"https:\/\/aldiachaco.com.ar\/index.php\/wp-json\/wp\/v2\/comments?post=8805"}],"version-history":[{"count":1,"href":"https:\/\/aldiachaco.com.ar\/index.php\/wp-json\/wp\/v2\/posts\/8805\/revisions"}],"predecessor-version":[{"id":8807,"href":"https:\/\/aldiachaco.com.ar\/index.php\/wp-json\/wp\/v2\/posts\/8805\/revisions\/8807"}],"wp:featuredmedia":[{"embeddable":true,"href":"https:\/\/aldiachaco.com.ar\/index.php\/wp-json\/wp\/v2\/media\/8806"}],"wp:attachment":[{"href":"https:\/\/aldiachaco.com.ar\/index.php\/wp-json\/wp\/v2\/media?parent=8805"}],"wp:term":[{"taxonomy":"category","embeddable":true,"href":"https:\/\/aldiachaco.com.ar\/index.php\/wp-json\/wp\/v2\/categories?post=8805"},{"taxonomy":"post_tag","embeddable":true,"href":"https:\/\/aldiachaco.com.ar\/index.php\/wp-json\/wp\/v2\/tags?post=8805"}],"curies":[{"name":"wp","href":"https:\/\/api.w.org\/{rel}","templated":true}]}}