{"id":8749,"date":"2024-08-06T06:59:16","date_gmt":"2024-08-06T09:59:16","guid":{"rendered":"https:\/\/aldiachaco.com.ar\/?p=8749"},"modified":"2024-08-06T06:59:16","modified_gmt":"2024-08-06T09:59:16","slug":"caza-ilegal-en-santa-fe-denunciaron-a-un-grupo-estadounidenses","status":"publish","type":"post","link":"https:\/\/aldiachaco.com.ar\/index.php\/2024\/08\/06\/caza-ilegal-en-santa-fe-denunciaron-a-un-grupo-estadounidenses\/","title":{"rendered":"Caza ilegal en Santa Fe: Denunciaron a un grupo estadounidenses"},"content":{"rendered":"<article class=\"article-body first\">\n<div class=\"article-content selectionShareable\">\n<div class=\"cuerpo\" data-twitter-link=\"\">\n<p>El Centro para el Estudio y Defensa de las Aves Silvestres (Ceydas) denunci\u00f3 ante la Justicia a cazadores de <a href=\"https:\/\/urgente24.com\/omni\/google-al-horno-el-gigante-digital-declarado-monopolio-ilegal-n582569\" target=\"_blank\" rel=\"follow noopener\">Estados Unidos<\/a>\u00a0que cazaron decenas de\u00a0<a href=\"https:\/\/urgente24.com\/actualidad\/fuego-cruzado-santa-fe-los-fiat-cronos-que-pullaro-compro-la-policia-n581982\" target=\"_blank\" rel=\"follow noopener\">patos aut\u00f3ctonos en el coto de caza MGW Outfitters de San Javier, Provincia de Santa Fe<\/a>. La matanza incluy\u00f3 especies protegidas por ley y no respet\u00f3 el cupo de ejemplares permitidos.<\/p>\n<\/div>\n<\/div>\n<\/article>\n<article class=\"article-body\">\n<div class=\"article-content selectionShareable\">\n<div class=\"cuerpo\" data-twitter-link=\"\">\n<p>Seg\u00fan Ceydas, los cazadores extranjeros masacraron decenas de patos de collar y cutur\u00edes, especies que est\u00e1n protegidos por la ley en Argentina. La caza de estas aves es ilegal en Santa Fe y desde el Ceydas exigieron la aplicaci\u00f3n de un castigo ejemplar para los responsables. Los cazadores estadounidenses exhibieron impunemente a los animales muertos en sus redes sociales.<\/p>\n<p>La temporada de caza deportiva de patos en Santa Fe est\u00e1 regulada por la resoluci\u00f3n 129\/2024, que se vale de la ley N.\u00ba 4.830, fue sancionada en 1958 para modificar anualmente las condiciones de la actividad. Esta resoluci\u00f3n dictamin\u00f3 que la temporada de caza se extiende desde el 1\u00ba de mayo hasta el 31 de julio.<\/p>\n<article class=\"article-body\">\n<div class=\"article-content selectionShareable\">\n<div class=\"cuerpo\" data-twitter-link=\"\">\n<p>Durante la temporada de caza en Santa Fe se permiten cazar tres especies de patos: sirir\u00ed, sirir\u00ed pampa y crest\u00f3n, con un m\u00e1ximo de seis por especie, sin sobrepasar los 12 ejemplares en total en la sumatoria de las tres especies. A pesar de esto, los cazadores mataron muchos m\u00e1s ejemplares de los permitidos e incluso especies prohibidas.<\/p>\n<\/div>\n<\/div>\n<\/article>\n<div class=\"listado-horizontal\">\n<div class=\"item\">\n<div id=\"aswift_3_host\"><\/div>\n<p>&nbsp;<\/p>\n<\/div>\n<\/div>\n<article class=\"article-body\">\n<div class=\"article-content selectionShareable\">\n<div class=\"cuerpo\" data-twitter-link=\"\">\n<p>La firma MGW Outfitters responde a Junior Maers, Ariel Goldman y Juan Widdon. Desde Ceydas informaron que este coto de caza ofrece\u00a0<em>\u201cimpunemente en sus p\u00e1ginas de internet a cazadores de todo el mundo la posibilidad de matar varios animales aut\u00f3ctonos, muchos de ellos protegidos por ley\u201d\u00a0<\/em>y agregaron \u201cqueda en evidencia la impunidad con la que operan estos establecimientos cineg\u00e9ticos y la absoluta incapacidad del Gobierno de Santa Fe para controlar\u201d.<\/p>\n<ol>\n<li><img loading=\"lazy\" decoding=\"async\" class=\"size-medium wp-image-8751 alignleft\" src=\"https:\/\/aldiachaco.com.ar\/wp-content\/uploads\/2024\/08\/imagepng-300x300.webp\" alt=\"\" width=\"300\" height=\"300\" srcset=\"https:\/\/aldiachaco.com.ar\/wp-content\/uploads\/2024\/08\/imagepng-300x300.webp 300w, https:\/\/aldiachaco.com.ar\/wp-content\/uploads\/2024\/08\/imagepng-1024x1022.webp 1024w, https:\/\/aldiachaco.com.ar\/wp-content\/uploads\/2024\/08\/imagepng-150x150.webp 150w, https:\/\/aldiachaco.com.ar\/wp-content\/uploads\/2024\/08\/imagepng-768x767.webp 768w, https:\/\/aldiachaco.com.ar\/wp-content\/uploads\/2024\/08\/imagepng-471x470.webp 471w, https:\/\/aldiachaco.com.ar\/wp-content\/uploads\/2024\/08\/imagepng-600x599.webp 600w, https:\/\/aldiachaco.com.ar\/wp-content\/uploads\/2024\/08\/imagepng-100x100.webp 100w, https:\/\/aldiachaco.com.ar\/wp-content\/uploads\/2024\/08\/imagepng.webp 1200w\" sizes=\"auto, (max-width: 300px) 100vw, 300px\" \/><\/li>\n<\/ol>\n<h2>La caza ilegal en Argentina es un problema sin soluci\u00f3n<\/h2>\n<p>Hace menos de una semana trascendi\u00f3 que cazadores furtivos en la localidad de Estanislao del Campo, en el norte de Formosa, asesinaron, carnearon y desmembraron a uno de los cinco yaguaret\u00e9s que se encuentran monitoreados en la provincia por estar en peligro de extinci\u00f3n, lo que despert\u00f3 la indignaci\u00f3n de todo el pa\u00eds.<\/p>\n<p>Hace pocos meses, tambi\u00e9n en Santa Fe, fueron detenidos un conocido operador cineg\u00e9tico, especializado en caza deportiva, junto a dos franceses que fueron demorados cuando volv\u00edan de cazar en la localidad de Golondrinas, departamento General Obligado. Los agentes descubrieron que ten\u00edan en el veh\u00edculo casi cien patos y elementos de caza, muchos de ellos prohibidos para realizar la actividad.<\/p>\n<p>En enero de 2024, durante un control vehicular, Gendarmer\u00eda decomis\u00f3 99 patos crestones en cercan\u00edas de la localidad de Los Amores. All\u00ed, los agentes detuvieron una camioneta que transportaba a cuatro personas que estaban con esa cantidad de animales en la caja trasera, a pesar de que la temporada de caza de esa especie no estaba habilitada.<\/p>\n<p>En agosto de 2023, entidades defensoras de la fauna denunciaron que una empresa ofrece viajes por el Delta del Paran\u00e1 a turistas extranjeros y nacionales para cazar patos aut\u00f3ctonos en territorio entrerriano. La Justicia decidi\u00f3 tomar cartas en el asunto y anul\u00f3 una resoluci\u00f3n existente en la provincia vecina que permit\u00eda la caza de cinco tipos de estas aves.<\/p>\n<\/div>\n<\/div>\n<\/article>\n<\/div>\n<\/div>\n<\/article>\n","protected":false},"excerpt":{"rendered":"<p>El Centro para el Estudio y Defensa de las Aves Silvestres (Ceydas) denunci\u00f3 ante la Justicia a cazadores de Estados Unidos\u00a0que cazaron decenas de\u00a0patos aut\u00f3ctonos en el coto de caza MGW Outfitters de San Javier, Provincia de Santa Fe. La matanza incluy\u00f3 especies protegidas por ley y no respet\u00f3 el cupo de ejemplares permitidos. Seg\u00fan &hellip;<\/p>\n","protected":false},"author":1,"featured_media":8750,"comment_status":"open","ping_status":"open","sticky":false,"template":"","format":"standard","meta":{"content-type":"","_monsterinsights_skip_tracking":false,"_monsterinsights_sitenote_active":false,"_monsterinsights_sitenote_note":"","_monsterinsights_sitenote_category":0,"_jetpack_memberships_contains_paid_content":false,"footnotes":"","jetpack_publicize_message":"","jetpack_publicize_feature_enabled":true,"jetpack_social_post_already_shared":true,"jetpack_social_options":{"image_generator_settings":{"template":"highway","default_image_id":0,"font":"","enabled":false},"version":2}},"categories":[94],"tags":[],"class_list":["post-8749","post","type-post","status-publish","format-standard","has-post-thumbnail","hentry","category-nacionales"],"yoast_head":"<!-- This site is optimized with the Yoast SEO plugin v27.4 - https:\/\/yoast.com\/product\/yoast-seo-wordpress\/ -->\n<title>Caza ilegal en Santa Fe: Denunciaron a un grupo estadounidenses | Al Dia Chaco<\/title>\n<meta name=\"robots\" content=\"index, follow, max-snippet:-1, max-image-preview:large, max-video-preview:-1\" \/>\n<link rel=\"canonical\" href=\"https:\/\/aldiachaco.com.ar\/index.php\/2024\/08\/06\/caza-ilegal-en-santa-fe-denunciaron-a-un-grupo-estadounidenses\/\" \/>\n<meta property=\"og:locale\" content=\"es_ES\" \/>\n<meta property=\"og:type\" content=\"article\" \/>\n<meta property=\"og:title\" content=\"Caza ilegal en Santa Fe: Denunciaron a un grupo estadounidenses | Al Dia Chaco\" \/>\n<meta property=\"og:description\" content=\"El Centro para el Estudio y Defensa de las Aves Silvestres (Ceydas) denunci\u00f3 ante la Justicia a cazadores de Estados Unidos\u00a0que cazaron decenas de\u00a0patos aut\u00f3ctonos en el coto de caza MGW Outfitters de San Javier, Provincia de Santa Fe. La matanza incluy\u00f3 especies protegidas por ley y no respet\u00f3 el cupo de ejemplares permitidos. Seg\u00fan &hellip;\" \/>\n<meta property=\"og:url\" content=\"https:\/\/aldiachaco.com.ar\/index.php\/2024\/08\/06\/caza-ilegal-en-santa-fe-denunciaron-a-un-grupo-estadounidenses\/\" \/>\n<meta property=\"og:site_name\" content=\"Al Dia Chaco\" \/>\n<meta property=\"article:published_time\" content=\"2024-08-06T09:59:16+00:00\" \/>\n<meta property=\"og:image\" content=\"https:\/\/aldiachaco.com.ar\/wp-content\/uploads\/2024\/08\/caza-furtiva-santa-fewebp.webp\" \/>\n\t<meta property=\"og:image:width\" content=\"1200\" \/>\n\t<meta property=\"og:image:height\" content=\"559\" \/>\n\t<meta property=\"og:image:type\" content=\"image\/webp\" \/>\n<meta name=\"author\" content=\"aldiachaco.com.ar\" \/>\n<meta name=\"twitter:card\" content=\"summary_large_image\" \/>\n<meta name=\"twitter:label1\" content=\"Escrito por\" \/>\n\t<meta name=\"twitter:data1\" content=\"aldiachaco.com.ar\" \/>\n\t<meta name=\"twitter:label2\" content=\"Tiempo de lectura\" \/>\n\t<meta name=\"twitter:data2\" content=\"3 minutos\" \/>\n<script type=\"application\/ld+json\" class=\"yoast-schema-graph\">{\"@context\":\"https:\\\/\\\/schema.org\",\"@graph\":[{\"@type\":\"Article\",\"@id\":\"https:\\\/\\\/aldiachaco.com.ar\\\/index.php\\\/2024\\\/08\\\/06\\\/caza-ilegal-en-santa-fe-denunciaron-a-un-grupo-estadounidenses\\\/#article\",\"isPartOf\":{\"@id\":\"https:\\\/\\\/aldiachaco.com.ar\\\/index.php\\\/2024\\\/08\\\/06\\\/caza-ilegal-en-santa-fe-denunciaron-a-un-grupo-estadounidenses\\\/\"},\"author\":{\"name\":\"aldiachaco.com.ar\",\"@id\":\"https:\\\/\\\/aldiachaco.com.ar\\\/#\\\/schema\\\/person\\\/80113835e512ba580e79a945932487f5\"},\"headline\":\"Caza ilegal en Santa Fe: Denunciaron a un grupo estadounidenses\",\"datePublished\":\"2024-08-06T09:59:16+00:00\",\"mainEntityOfPage\":{\"@id\":\"https:\\\/\\\/aldiachaco.com.ar\\\/index.php\\\/2024\\\/08\\\/06\\\/caza-ilegal-en-santa-fe-denunciaron-a-un-grupo-estadounidenses\\\/\"},\"wordCount\":569,\"commentCount\":0,\"publisher\":{\"@id\":\"https:\\\/\\\/aldiachaco.com.ar\\\/#organization\"},\"image\":{\"@id\":\"https:\\\/\\\/aldiachaco.com.ar\\\/index.php\\\/2024\\\/08\\\/06\\\/caza-ilegal-en-santa-fe-denunciaron-a-un-grupo-estadounidenses\\\/#primaryimage\"},\"thumbnailUrl\":\"https:\\\/\\\/aldiachaco.com.ar\\\/wp-content\\\/uploads\\\/2024\\\/08\\\/caza-furtiva-santa-fewebp.webp\",\"articleSection\":[\"Nacionales\"],\"inLanguage\":\"es-AR\",\"potentialAction\":[{\"@type\":\"CommentAction\",\"name\":\"Comment\",\"target\":[\"https:\\\/\\\/aldiachaco.com.ar\\\/index.php\\\/2024\\\/08\\\/06\\\/caza-ilegal-en-santa-fe-denunciaron-a-un-grupo-estadounidenses\\\/#respond\"]}]},{\"@type\":\"WebPage\",\"@id\":\"https:\\\/\\\/aldiachaco.com.ar\\\/index.php\\\/2024\\\/08\\\/06\\\/caza-ilegal-en-santa-fe-denunciaron-a-un-grupo-estadounidenses\\\/\",\"url\":\"https:\\\/\\\/aldiachaco.com.ar\\\/index.php\\\/2024\\\/08\\\/06\\\/caza-ilegal-en-santa-fe-denunciaron-a-un-grupo-estadounidenses\\\/\",\"name\":\"Caza ilegal en Santa Fe: Denunciaron a un grupo estadounidenses | Al Dia Chaco\",\"isPartOf\":{\"@id\":\"https:\\\/\\\/aldiachaco.com.ar\\\/#website\"},\"primaryImageOfPage\":{\"@id\":\"https:\\\/\\\/aldiachaco.com.ar\\\/index.php\\\/2024\\\/08\\\/06\\\/caza-ilegal-en-santa-fe-denunciaron-a-un-grupo-estadounidenses\\\/#primaryimage\"},\"image\":{\"@id\":\"https:\\\/\\\/aldiachaco.com.ar\\\/index.php\\\/2024\\\/08\\\/06\\\/caza-ilegal-en-santa-fe-denunciaron-a-un-grupo-estadounidenses\\\/#primaryimage\"},\"thumbnailUrl\":\"https:\\\/\\\/aldiachaco.com.ar\\\/wp-content\\\/uploads\\\/2024\\\/08\\\/caza-furtiva-santa-fewebp.webp\",\"datePublished\":\"2024-08-06T09:59:16+00:00\",\"breadcrumb\":{\"@id\":\"https:\\\/\\\/aldiachaco.com.ar\\\/index.php\\\/2024\\\/08\\\/06\\\/caza-ilegal-en-santa-fe-denunciaron-a-un-grupo-estadounidenses\\\/#breadcrumb\"},\"inLanguage\":\"es-AR\",\"potentialAction\":[{\"@type\":\"ReadAction\",\"target\":[\"https:\\\/\\\/aldiachaco.com.ar\\\/index.php\\\/2024\\\/08\\\/06\\\/caza-ilegal-en-santa-fe-denunciaron-a-un-grupo-estadounidenses\\\/\"]}]},{\"@type\":\"ImageObject\",\"inLanguage\":\"es-AR\",\"@id\":\"https:\\\/\\\/aldiachaco.com.ar\\\/index.php\\\/2024\\\/08\\\/06\\\/caza-ilegal-en-santa-fe-denunciaron-a-un-grupo-estadounidenses\\\/#primaryimage\",\"url\":\"https:\\\/\\\/aldiachaco.com.ar\\\/wp-content\\\/uploads\\\/2024\\\/08\\\/caza-furtiva-santa-fewebp.webp\",\"contentUrl\":\"https:\\\/\\\/aldiachaco.com.ar\\\/wp-content\\\/uploads\\\/2024\\\/08\\\/caza-furtiva-santa-fewebp.webp\",\"width\":1200,\"height\":559},{\"@type\":\"BreadcrumbList\",\"@id\":\"https:\\\/\\\/aldiachaco.com.ar\\\/index.php\\\/2024\\\/08\\\/06\\\/caza-ilegal-en-santa-fe-denunciaron-a-un-grupo-estadounidenses\\\/#breadcrumb\",\"itemListElement\":[{\"@type\":\"ListItem\",\"position\":1,\"name\":\"Home\",\"item\":\"https:\\\/\\\/aldiachaco.com.ar\\\/\"},{\"@type\":\"ListItem\",\"position\":2,\"name\":\"Caza ilegal en Santa Fe: Denunciaron a un grupo estadounidenses\"}]},{\"@type\":\"WebSite\",\"@id\":\"https:\\\/\\\/aldiachaco.com.ar\\\/#website\",\"url\":\"https:\\\/\\\/aldiachaco.com.ar\\\/\",\"name\":\"Al Dia Chaco\",\"description\":\"Noticias del Chaco y el mundo\",\"publisher\":{\"@id\":\"https:\\\/\\\/aldiachaco.com.ar\\\/#organization\"},\"alternateName\":\"Al D\u00eda Chaco\",\"potentialAction\":[{\"@type\":\"SearchAction\",\"target\":{\"@type\":\"EntryPoint\",\"urlTemplate\":\"https:\\\/\\\/aldiachaco.com.ar\\\/?s={search_term_string}\"},\"query-input\":{\"@type\":\"PropertyValueSpecification\",\"valueRequired\":true,\"valueName\":\"search_term_string\"}}],\"inLanguage\":\"es-AR\"},{\"@type\":\"Organization\",\"@id\":\"https:\\\/\\\/aldiachaco.com.ar\\\/#organization\",\"name\":\"Al Dia Chaco\",\"url\":\"https:\\\/\\\/aldiachaco.com.ar\\\/\",\"logo\":{\"@type\":\"ImageObject\",\"inLanguage\":\"es-AR\",\"@id\":\"https:\\\/\\\/aldiachaco.com.ar\\\/#\\\/schema\\\/logo\\\/image\\\/\",\"url\":\"https:\\\/\\\/aldiachaco.com.ar\\\/wp-content\\\/uploads\\\/2017\\\/11\\\/AL-DIA-CHACO-L@2x.png\",\"contentUrl\":\"https:\\\/\\\/aldiachaco.com.ar\\\/wp-content\\\/uploads\\\/2017\\\/11\\\/AL-DIA-CHACO-L@2x.png\",\"width\":232,\"height\":60,\"caption\":\"Al Dia Chaco\"},\"image\":{\"@id\":\"https:\\\/\\\/aldiachaco.com.ar\\\/#\\\/schema\\\/logo\\\/image\\\/\"}},{\"@type\":\"Person\",\"@id\":\"https:\\\/\\\/aldiachaco.com.ar\\\/#\\\/schema\\\/person\\\/80113835e512ba580e79a945932487f5\",\"name\":\"aldiachaco.com.ar\",\"image\":{\"@type\":\"ImageObject\",\"inLanguage\":\"es-AR\",\"@id\":\"https:\\\/\\\/aldiachaco.com.ar\\\/wp-content\\\/litespeed\\\/avatar\\\/a7c4ebc5454089d3fd4ef6b87fdd073a.jpg?ver=1777471945\",\"url\":\"https:\\\/\\\/aldiachaco.com.ar\\\/wp-content\\\/litespeed\\\/avatar\\\/a7c4ebc5454089d3fd4ef6b87fdd073a.jpg?ver=1777471945\",\"contentUrl\":\"https:\\\/\\\/aldiachaco.com.ar\\\/wp-content\\\/litespeed\\\/avatar\\\/a7c4ebc5454089d3fd4ef6b87fdd073a.jpg?ver=1777471945\",\"caption\":\"aldiachaco.com.ar\"},\"sameAs\":[\"https:\\\/\\\/aldiachaco.com.ar\"],\"url\":\"https:\\\/\\\/aldiachaco.com.ar\\\/index.php\\\/author\\\/lime-camel-884546-hostingersite-com\\\/\"}]}<\/script>\n<!-- \/ Yoast SEO plugin. -->","yoast_head_json":{"title":"Caza ilegal en Santa Fe: Denunciaron a un grupo estadounidenses | Al Dia Chaco","robots":{"index":"index","follow":"follow","max-snippet":"max-snippet:-1","max-image-preview":"max-image-preview:large","max-video-preview":"max-video-preview:-1"},"canonical":"https:\/\/aldiachaco.com.ar\/index.php\/2024\/08\/06\/caza-ilegal-en-santa-fe-denunciaron-a-un-grupo-estadounidenses\/","og_locale":"es_ES","og_type":"article","og_title":"Caza ilegal en Santa Fe: Denunciaron a un grupo estadounidenses | Al Dia Chaco","og_description":"El Centro para el Estudio y Defensa de las Aves Silvestres (Ceydas) denunci\u00f3 ante la Justicia a cazadores de Estados Unidos\u00a0que cazaron decenas de\u00a0patos aut\u00f3ctonos en el coto de caza MGW Outfitters de San Javier, Provincia de Santa Fe. La matanza incluy\u00f3 especies protegidas por ley y no respet\u00f3 el cupo de ejemplares permitidos. Seg\u00fan &hellip;","og_url":"https:\/\/aldiachaco.com.ar\/index.php\/2024\/08\/06\/caza-ilegal-en-santa-fe-denunciaron-a-un-grupo-estadounidenses\/","og_site_name":"Al Dia Chaco","article_published_time":"2024-08-06T09:59:16+00:00","og_image":[{"width":1200,"height":559,"url":"https:\/\/aldiachaco.com.ar\/wp-content\/uploads\/2024\/08\/caza-furtiva-santa-fewebp.webp","type":"image\/webp"}],"author":"aldiachaco.com.ar","twitter_card":"summary_large_image","twitter_misc":{"Escrito por":"aldiachaco.com.ar","Tiempo de lectura":"3 minutos"},"schema":{"@context":"https:\/\/schema.org","@graph":[{"@type":"Article","@id":"https:\/\/aldiachaco.com.ar\/index.php\/2024\/08\/06\/caza-ilegal-en-santa-fe-denunciaron-a-un-grupo-estadounidenses\/#article","isPartOf":{"@id":"https:\/\/aldiachaco.com.ar\/index.php\/2024\/08\/06\/caza-ilegal-en-santa-fe-denunciaron-a-un-grupo-estadounidenses\/"},"author":{"name":"aldiachaco.com.ar","@id":"https:\/\/aldiachaco.com.ar\/#\/schema\/person\/80113835e512ba580e79a945932487f5"},"headline":"Caza ilegal en Santa Fe: Denunciaron a un grupo estadounidenses","datePublished":"2024-08-06T09:59:16+00:00","mainEntityOfPage":{"@id":"https:\/\/aldiachaco.com.ar\/index.php\/2024\/08\/06\/caza-ilegal-en-santa-fe-denunciaron-a-un-grupo-estadounidenses\/"},"wordCount":569,"commentCount":0,"publisher":{"@id":"https:\/\/aldiachaco.com.ar\/#organization"},"image":{"@id":"https:\/\/aldiachaco.com.ar\/index.php\/2024\/08\/06\/caza-ilegal-en-santa-fe-denunciaron-a-un-grupo-estadounidenses\/#primaryimage"},"thumbnailUrl":"https:\/\/aldiachaco.com.ar\/wp-content\/uploads\/2024\/08\/caza-furtiva-santa-fewebp.webp","articleSection":["Nacionales"],"inLanguage":"es-AR","potentialAction":[{"@type":"CommentAction","name":"Comment","target":["https:\/\/aldiachaco.com.ar\/index.php\/2024\/08\/06\/caza-ilegal-en-santa-fe-denunciaron-a-un-grupo-estadounidenses\/#respond"]}]},{"@type":"WebPage","@id":"https:\/\/aldiachaco.com.ar\/index.php\/2024\/08\/06\/caza-ilegal-en-santa-fe-denunciaron-a-un-grupo-estadounidenses\/","url":"https:\/\/aldiachaco.com.ar\/index.php\/2024\/08\/06\/caza-ilegal-en-santa-fe-denunciaron-a-un-grupo-estadounidenses\/","name":"Caza ilegal en Santa Fe: Denunciaron a un grupo estadounidenses | Al Dia Chaco","isPartOf":{"@id":"https:\/\/aldiachaco.com.ar\/#website"},"primaryImageOfPage":{"@id":"https:\/\/aldiachaco.com.ar\/index.php\/2024\/08\/06\/caza-ilegal-en-santa-fe-denunciaron-a-un-grupo-estadounidenses\/#primaryimage"},"image":{"@id":"https:\/\/aldiachaco.com.ar\/index.php\/2024\/08\/06\/caza-ilegal-en-santa-fe-denunciaron-a-un-grupo-estadounidenses\/#primaryimage"},"thumbnailUrl":"https:\/\/aldiachaco.com.ar\/wp-content\/uploads\/2024\/08\/caza-furtiva-santa-fewebp.webp","datePublished":"2024-08-06T09:59:16+00:00","breadcrumb":{"@id":"https:\/\/aldiachaco.com.ar\/index.php\/2024\/08\/06\/caza-ilegal-en-santa-fe-denunciaron-a-un-grupo-estadounidenses\/#breadcrumb"},"inLanguage":"es-AR","potentialAction":[{"@type":"ReadAction","target":["https:\/\/aldiachaco.com.ar\/index.php\/2024\/08\/06\/caza-ilegal-en-santa-fe-denunciaron-a-un-grupo-estadounidenses\/"]}]},{"@type":"ImageObject","inLanguage":"es-AR","@id":"https:\/\/aldiachaco.com.ar\/index.php\/2024\/08\/06\/caza-ilegal-en-santa-fe-denunciaron-a-un-grupo-estadounidenses\/#primaryimage","url":"https:\/\/aldiachaco.com.ar\/wp-content\/uploads\/2024\/08\/caza-furtiva-santa-fewebp.webp","contentUrl":"https:\/\/aldiachaco.com.ar\/wp-content\/uploads\/2024\/08\/caza-furtiva-santa-fewebp.webp","width":1200,"height":559},{"@type":"BreadcrumbList","@id":"https:\/\/aldiachaco.com.ar\/index.php\/2024\/08\/06\/caza-ilegal-en-santa-fe-denunciaron-a-un-grupo-estadounidenses\/#breadcrumb","itemListElement":[{"@type":"ListItem","position":1,"name":"Home","item":"https:\/\/aldiachaco.com.ar\/"},{"@type":"ListItem","position":2,"name":"Caza ilegal en Santa Fe: Denunciaron a un grupo estadounidenses"}]},{"@type":"WebSite","@id":"https:\/\/aldiachaco.com.ar\/#website","url":"https:\/\/aldiachaco.com.ar\/","name":"Al Dia Chaco","description":"Noticias del Chaco y el mundo","publisher":{"@id":"https:\/\/aldiachaco.com.ar\/#organization"},"alternateName":"Al D\u00eda Chaco","potentialAction":[{"@type":"SearchAction","target":{"@type":"EntryPoint","urlTemplate":"https:\/\/aldiachaco.com.ar\/?s={search_term_string}"},"query-input":{"@type":"PropertyValueSpecification","valueRequired":true,"valueName":"search_term_string"}}],"inLanguage":"es-AR"},{"@type":"Organization","@id":"https:\/\/aldiachaco.com.ar\/#organization","name":"Al Dia Chaco","url":"https:\/\/aldiachaco.com.ar\/","logo":{"@type":"ImageObject","inLanguage":"es-AR","@id":"https:\/\/aldiachaco.com.ar\/#\/schema\/logo\/image\/","url":"https:\/\/aldiachaco.com.ar\/wp-content\/uploads\/2017\/11\/AL-DIA-CHACO-L@2x.png","contentUrl":"https:\/\/aldiachaco.com.ar\/wp-content\/uploads\/2017\/11\/AL-DIA-CHACO-L@2x.png","width":232,"height":60,"caption":"Al Dia Chaco"},"image":{"@id":"https:\/\/aldiachaco.com.ar\/#\/schema\/logo\/image\/"}},{"@type":"Person","@id":"https:\/\/aldiachaco.com.ar\/#\/schema\/person\/80113835e512ba580e79a945932487f5","name":"aldiachaco.com.ar","image":{"@type":"ImageObject","inLanguage":"es-AR","@id":"https:\/\/aldiachaco.com.ar\/wp-content\/litespeed\/avatar\/a7c4ebc5454089d3fd4ef6b87fdd073a.jpg?ver=1777471945","url":"https:\/\/aldiachaco.com.ar\/wp-content\/litespeed\/avatar\/a7c4ebc5454089d3fd4ef6b87fdd073a.jpg?ver=1777471945","contentUrl":"https:\/\/aldiachaco.com.ar\/wp-content\/litespeed\/avatar\/a7c4ebc5454089d3fd4ef6b87fdd073a.jpg?ver=1777471945","caption":"aldiachaco.com.ar"},"sameAs":["https:\/\/aldiachaco.com.ar"],"url":"https:\/\/aldiachaco.com.ar\/index.php\/author\/lime-camel-884546-hostingersite-com\/"}]}},"jetpack_publicize_connections":[],"jetpack_featured_media_url":"https:\/\/aldiachaco.com.ar\/wp-content\/uploads\/2024\/08\/caza-furtiva-santa-fewebp.webp","jetpack_sharing_enabled":true,"amp_enabled":true,"_links":{"self":[{"href":"https:\/\/aldiachaco.com.ar\/index.php\/wp-json\/wp\/v2\/posts\/8749","targetHints":{"allow":["GET"]}}],"collection":[{"href":"https:\/\/aldiachaco.com.ar\/index.php\/wp-json\/wp\/v2\/posts"}],"about":[{"href":"https:\/\/aldiachaco.com.ar\/index.php\/wp-json\/wp\/v2\/types\/post"}],"author":[{"embeddable":true,"href":"https:\/\/aldiachaco.com.ar\/index.php\/wp-json\/wp\/v2\/users\/1"}],"replies":[{"embeddable":true,"href":"https:\/\/aldiachaco.com.ar\/index.php\/wp-json\/wp\/v2\/comments?post=8749"}],"version-history":[{"count":1,"href":"https:\/\/aldiachaco.com.ar\/index.php\/wp-json\/wp\/v2\/posts\/8749\/revisions"}],"predecessor-version":[{"id":8752,"href":"https:\/\/aldiachaco.com.ar\/index.php\/wp-json\/wp\/v2\/posts\/8749\/revisions\/8752"}],"wp:featuredmedia":[{"embeddable":true,"href":"https:\/\/aldiachaco.com.ar\/index.php\/wp-json\/wp\/v2\/media\/8750"}],"wp:attachment":[{"href":"https:\/\/aldiachaco.com.ar\/index.php\/wp-json\/wp\/v2\/media?parent=8749"}],"wp:term":[{"taxonomy":"category","embeddable":true,"href":"https:\/\/aldiachaco.com.ar\/index.php\/wp-json\/wp\/v2\/categories?post=8749"},{"taxonomy":"post_tag","embeddable":true,"href":"https:\/\/aldiachaco.com.ar\/index.php\/wp-json\/wp\/v2\/tags?post=8749"}],"curies":[{"name":"wp","href":"https:\/\/api.w.org\/{rel}","templated":true}]}}