{"id":8708,"date":"2024-08-05T09:32:21","date_gmt":"2024-08-05T12:32:21","guid":{"rendered":"https:\/\/aldiachaco.com.ar\/?p=8708"},"modified":"2024-08-05T09:33:50","modified_gmt":"2024-08-05T12:33:50","slug":"el-debut-del-chaqueno-santiago-lencina-en-river-fue-con-empate-0-a-0-contra-union","status":"publish","type":"post","link":"https:\/\/aldiachaco.com.ar\/index.php\/2024\/08\/05\/el-debut-del-chaqueno-santiago-lencina-en-river-fue-con-empate-0-a-0-contra-union\/","title":{"rendered":"El debut del chaque\u00f1o Santiago Lencina en River fue con empate 0 a 0 contra Uni\u00f3n"},"content":{"rendered":"<p>En el contexto previo a la llegada de Marcelo Gallardo como entrenador, River Plate obtuvo un empate sin goles en su visita a Uni\u00f3n de Santa Fe, donde se destac\u00f3 el debut de Santiago Lencina en la primera divisi\u00f3n del f\u00fatbol argentino. Conocido por su zurda habilidosa, el chaque\u00f1o pas\u00f3 de destacarse en la Tercera Divisi\u00f3n a ser parte del equipo principal del club de N\u00fa\u00f1ez.<\/p>\n<p><img loading=\"lazy\" decoding=\"async\" class=\"alignnone wp-image-8710 aligncenter\" src=\"https:\/\/aldiachaco.com.ar\/wp-content\/uploads\/2024\/08\/269950w790h527c.jpg-300x200.webp\" alt=\"\" width=\"567\" height=\"378\" srcset=\"https:\/\/aldiachaco.com.ar\/wp-content\/uploads\/2024\/08\/269950w790h527c.jpg-300x200.webp 300w, https:\/\/aldiachaco.com.ar\/wp-content\/uploads\/2024\/08\/269950w790h527c.jpg-768x512.webp 768w, https:\/\/aldiachaco.com.ar\/wp-content\/uploads\/2024\/08\/269950w790h527c.jpg-705x470.webp 705w, https:\/\/aldiachaco.com.ar\/wp-content\/uploads\/2024\/08\/269950w790h527c.jpg-600x400.webp 600w, https:\/\/aldiachaco.com.ar\/wp-content\/uploads\/2024\/08\/269950w790h527c.jpg.webp 790w\" sizes=\"auto, (max-width: 567px) 100vw, 567px\" \/><\/p>\n<p>La joven promesa se convirti\u00f3 en una pieza clave del encuentro bajo la direcci\u00f3n interina de Marcelo Escudero. A pesar de las buenas oportunidades generadas por River, especialmente en el primer tiempo, el equipo no logr\u00f3 concretar frente a la s\u00f3lida defensa local y las intervenciones destacadas del arquero Thiago Cardozo.<\/p>\n<p><img loading=\"lazy\" decoding=\"async\" class=\" wp-image-8709 aligncenter\" src=\"https:\/\/aldiachaco.com.ar\/wp-content\/uploads\/2024\/08\/269943w790h527c.jpg-300x200.webp\" alt=\"\" width=\"564\" height=\"376\" srcset=\"https:\/\/aldiachaco.com.ar\/wp-content\/uploads\/2024\/08\/269943w790h527c.jpg-300x200.webp 300w, https:\/\/aldiachaco.com.ar\/wp-content\/uploads\/2024\/08\/269943w790h527c.jpg-768x512.webp 768w, https:\/\/aldiachaco.com.ar\/wp-content\/uploads\/2024\/08\/269943w790h527c.jpg-705x470.webp 705w, https:\/\/aldiachaco.com.ar\/wp-content\/uploads\/2024\/08\/269943w790h527c.jpg-600x400.webp 600w, https:\/\/aldiachaco.com.ar\/wp-content\/uploads\/2024\/08\/269943w790h527c.jpg.webp 790w\" sizes=\"auto, (max-width: 564px) 100vw, 564px\" \/><\/p>\n<p>Sin embargo, la inclusi\u00f3n de Lencina en los minutos finales aport\u00f3 nuevas conexiones y mostr\u00f3 su prometedor potencial. Captado por River a los 12 a\u00f1os y con un contrato firmado hasta el 2026, el chaque\u00f1o ahora busca consolidarse en el equipo bajo la direcci\u00f3n de Marcelo Gallardo, quien asumir\u00e1 pr\u00f3ximamente el tim\u00f3n del club millonario.<\/p>\n","protected":false},"excerpt":{"rendered":"<p>En el contexto previo a la llegada de Marcelo Gallardo como entrenador, River Plate obtuvo un empate sin goles en su visita a Uni\u00f3n de Santa Fe, donde se destac\u00f3 el debut de Santiago Lencina en la primera divisi\u00f3n del f\u00fatbol argentino. Conocido por su zurda habilidosa, el chaque\u00f1o pas\u00f3 de destacarse en la Tercera &hellip;<\/p>\n","protected":false},"author":1,"featured_media":8711,"comment_status":"open","ping_status":"open","sticky":false,"template":"","format":"standard","meta":{"content-type":"","_monsterinsights_skip_tracking":false,"_monsterinsights_sitenote_active":false,"_monsterinsights_sitenote_note":"","_monsterinsights_sitenote_category":0,"_jetpack_memberships_contains_paid_content":false,"footnotes":"","jetpack_publicize_message":"","jetpack_publicize_feature_enabled":true,"jetpack_social_post_already_shared":true,"jetpack_social_options":{"image_generator_settings":{"template":"highway","default_image_id":0,"font":"","enabled":false},"version":2}},"categories":[67,72],"tags":[200],"class_list":["post-8708","post","type-post","status-publish","format-standard","has-post-thumbnail","hentry","category-chaco","category-deportes","tag-destacada"],"yoast_head":"<!-- This site is optimized with the Yoast SEO plugin v27.4 - https:\/\/yoast.com\/product\/yoast-seo-wordpress\/ -->\n<title>El debut del chaque\u00f1o Santiago Lencina en River fue con empate 0 a 0 contra Uni\u00f3n | Al Dia Chaco<\/title>\n<meta name=\"robots\" content=\"index, follow, max-snippet:-1, max-image-preview:large, max-video-preview:-1\" \/>\n<link rel=\"canonical\" href=\"https:\/\/aldiachaco.com.ar\/index.php\/2024\/08\/05\/el-debut-del-chaqueno-santiago-lencina-en-river-fue-con-empate-0-a-0-contra-union\/\" \/>\n<meta property=\"og:locale\" content=\"es_ES\" \/>\n<meta property=\"og:type\" content=\"article\" \/>\n<meta property=\"og:title\" content=\"El debut del chaque\u00f1o Santiago Lencina en River fue con empate 0 a 0 contra Uni\u00f3n | Al Dia Chaco\" \/>\n<meta property=\"og:description\" content=\"En el contexto previo a la llegada de Marcelo Gallardo como entrenador, River Plate obtuvo un empate sin goles en su visita a Uni\u00f3n de Santa Fe, donde se destac\u00f3 el debut de Santiago Lencina en la primera divisi\u00f3n del f\u00fatbol argentino. Conocido por su zurda habilidosa, el chaque\u00f1o pas\u00f3 de destacarse en la Tercera &hellip;\" \/>\n<meta property=\"og:url\" content=\"https:\/\/aldiachaco.com.ar\/index.php\/2024\/08\/05\/el-debut-del-chaqueno-santiago-lencina-en-river-fue-con-empate-0-a-0-contra-union\/\" \/>\n<meta property=\"og:site_name\" content=\"Al Dia Chaco\" \/>\n<meta property=\"article:published_time\" content=\"2024-08-05T12:32:21+00:00\" \/>\n<meta property=\"article:modified_time\" content=\"2024-08-05T12:33:50+00:00\" \/>\n<meta property=\"og:image\" content=\"https:\/\/aldiachaco.com.ar\/wp-content\/uploads\/2024\/08\/269949w850h567c.jpg.webp\" \/>\n\t<meta property=\"og:image:width\" content=\"850\" \/>\n\t<meta property=\"og:image:height\" content=\"567\" \/>\n\t<meta property=\"og:image:type\" content=\"image\/webp\" \/>\n<meta name=\"author\" content=\"aldiachaco.com.ar\" \/>\n<meta name=\"twitter:card\" content=\"summary_large_image\" \/>\n<meta name=\"twitter:label1\" content=\"Escrito por\" \/>\n\t<meta name=\"twitter:data1\" content=\"aldiachaco.com.ar\" \/>\n\t<meta name=\"twitter:label2\" content=\"Tiempo de lectura\" \/>\n\t<meta name=\"twitter:data2\" content=\"2 minutos\" \/>\n<script type=\"application\/ld+json\" class=\"yoast-schema-graph\">{\"@context\":\"https:\\\/\\\/schema.org\",\"@graph\":[{\"@type\":\"Article\",\"@id\":\"https:\\\/\\\/aldiachaco.com.ar\\\/index.php\\\/2024\\\/08\\\/05\\\/el-debut-del-chaqueno-santiago-lencina-en-river-fue-con-empate-0-a-0-contra-union\\\/#article\",\"isPartOf\":{\"@id\":\"https:\\\/\\\/aldiachaco.com.ar\\\/index.php\\\/2024\\\/08\\\/05\\\/el-debut-del-chaqueno-santiago-lencina-en-river-fue-con-empate-0-a-0-contra-union\\\/\"},\"author\":{\"name\":\"aldiachaco.com.ar\",\"@id\":\"https:\\\/\\\/aldiachaco.com.ar\\\/#\\\/schema\\\/person\\\/80113835e512ba580e79a945932487f5\"},\"headline\":\"El debut del chaque\u00f1o Santiago Lencina en River fue con empate 0 a 0 contra Uni\u00f3n\",\"datePublished\":\"2024-08-05T12:32:21+00:00\",\"dateModified\":\"2024-08-05T12:33:50+00:00\",\"mainEntityOfPage\":{\"@id\":\"https:\\\/\\\/aldiachaco.com.ar\\\/index.php\\\/2024\\\/08\\\/05\\\/el-debut-del-chaqueno-santiago-lencina-en-river-fue-con-empate-0-a-0-contra-union\\\/\"},\"wordCount\":200,\"commentCount\":0,\"publisher\":{\"@id\":\"https:\\\/\\\/aldiachaco.com.ar\\\/#organization\"},\"image\":{\"@id\":\"https:\\\/\\\/aldiachaco.com.ar\\\/index.php\\\/2024\\\/08\\\/05\\\/el-debut-del-chaqueno-santiago-lencina-en-river-fue-con-empate-0-a-0-contra-union\\\/#primaryimage\"},\"thumbnailUrl\":\"https:\\\/\\\/aldiachaco.com.ar\\\/wp-content\\\/uploads\\\/2024\\\/08\\\/269949w850h567c.jpg.webp\",\"keywords\":[\"Destacada\"],\"articleSection\":[\"Chaco\",\"Deportes\"],\"inLanguage\":\"es-AR\",\"potentialAction\":[{\"@type\":\"CommentAction\",\"name\":\"Comment\",\"target\":[\"https:\\\/\\\/aldiachaco.com.ar\\\/index.php\\\/2024\\\/08\\\/05\\\/el-debut-del-chaqueno-santiago-lencina-en-river-fue-con-empate-0-a-0-contra-union\\\/#respond\"]}]},{\"@type\":\"WebPage\",\"@id\":\"https:\\\/\\\/aldiachaco.com.ar\\\/index.php\\\/2024\\\/08\\\/05\\\/el-debut-del-chaqueno-santiago-lencina-en-river-fue-con-empate-0-a-0-contra-union\\\/\",\"url\":\"https:\\\/\\\/aldiachaco.com.ar\\\/index.php\\\/2024\\\/08\\\/05\\\/el-debut-del-chaqueno-santiago-lencina-en-river-fue-con-empate-0-a-0-contra-union\\\/\",\"name\":\"El debut del chaque\u00f1o Santiago Lencina en River fue con empate 0 a 0 contra Uni\u00f3n | Al Dia Chaco\",\"isPartOf\":{\"@id\":\"https:\\\/\\\/aldiachaco.com.ar\\\/#website\"},\"primaryImageOfPage\":{\"@id\":\"https:\\\/\\\/aldiachaco.com.ar\\\/index.php\\\/2024\\\/08\\\/05\\\/el-debut-del-chaqueno-santiago-lencina-en-river-fue-con-empate-0-a-0-contra-union\\\/#primaryimage\"},\"image\":{\"@id\":\"https:\\\/\\\/aldiachaco.com.ar\\\/index.php\\\/2024\\\/08\\\/05\\\/el-debut-del-chaqueno-santiago-lencina-en-river-fue-con-empate-0-a-0-contra-union\\\/#primaryimage\"},\"thumbnailUrl\":\"https:\\\/\\\/aldiachaco.com.ar\\\/wp-content\\\/uploads\\\/2024\\\/08\\\/269949w850h567c.jpg.webp\",\"datePublished\":\"2024-08-05T12:32:21+00:00\",\"dateModified\":\"2024-08-05T12:33:50+00:00\",\"breadcrumb\":{\"@id\":\"https:\\\/\\\/aldiachaco.com.ar\\\/index.php\\\/2024\\\/08\\\/05\\\/el-debut-del-chaqueno-santiago-lencina-en-river-fue-con-empate-0-a-0-contra-union\\\/#breadcrumb\"},\"inLanguage\":\"es-AR\",\"potentialAction\":[{\"@type\":\"ReadAction\",\"target\":[\"https:\\\/\\\/aldiachaco.com.ar\\\/index.php\\\/2024\\\/08\\\/05\\\/el-debut-del-chaqueno-santiago-lencina-en-river-fue-con-empate-0-a-0-contra-union\\\/\"]}]},{\"@type\":\"ImageObject\",\"inLanguage\":\"es-AR\",\"@id\":\"https:\\\/\\\/aldiachaco.com.ar\\\/index.php\\\/2024\\\/08\\\/05\\\/el-debut-del-chaqueno-santiago-lencina-en-river-fue-con-empate-0-a-0-contra-union\\\/#primaryimage\",\"url\":\"https:\\\/\\\/aldiachaco.com.ar\\\/wp-content\\\/uploads\\\/2024\\\/08\\\/269949w850h567c.jpg.webp\",\"contentUrl\":\"https:\\\/\\\/aldiachaco.com.ar\\\/wp-content\\\/uploads\\\/2024\\\/08\\\/269949w850h567c.jpg.webp\",\"width\":850,\"height\":567},{\"@type\":\"BreadcrumbList\",\"@id\":\"https:\\\/\\\/aldiachaco.com.ar\\\/index.php\\\/2024\\\/08\\\/05\\\/el-debut-del-chaqueno-santiago-lencina-en-river-fue-con-empate-0-a-0-contra-union\\\/#breadcrumb\",\"itemListElement\":[{\"@type\":\"ListItem\",\"position\":1,\"name\":\"Home\",\"item\":\"https:\\\/\\\/aldiachaco.com.ar\\\/\"},{\"@type\":\"ListItem\",\"position\":2,\"name\":\"El debut del chaque\u00f1o Santiago Lencina en River fue con empate 0 a 0 contra Uni\u00f3n\"}]},{\"@type\":\"WebSite\",\"@id\":\"https:\\\/\\\/aldiachaco.com.ar\\\/#website\",\"url\":\"https:\\\/\\\/aldiachaco.com.ar\\\/\",\"name\":\"Al Dia Chaco\",\"description\":\"Noticias del Chaco y el mundo\",\"publisher\":{\"@id\":\"https:\\\/\\\/aldiachaco.com.ar\\\/#organization\"},\"alternateName\":\"Al D\u00eda Chaco\",\"potentialAction\":[{\"@type\":\"SearchAction\",\"target\":{\"@type\":\"EntryPoint\",\"urlTemplate\":\"https:\\\/\\\/aldiachaco.com.ar\\\/?s={search_term_string}\"},\"query-input\":{\"@type\":\"PropertyValueSpecification\",\"valueRequired\":true,\"valueName\":\"search_term_string\"}}],\"inLanguage\":\"es-AR\"},{\"@type\":\"Organization\",\"@id\":\"https:\\\/\\\/aldiachaco.com.ar\\\/#organization\",\"name\":\"Al Dia Chaco\",\"url\":\"https:\\\/\\\/aldiachaco.com.ar\\\/\",\"logo\":{\"@type\":\"ImageObject\",\"inLanguage\":\"es-AR\",\"@id\":\"https:\\\/\\\/aldiachaco.com.ar\\\/#\\\/schema\\\/logo\\\/image\\\/\",\"url\":\"https:\\\/\\\/aldiachaco.com.ar\\\/wp-content\\\/uploads\\\/2017\\\/11\\\/AL-DIA-CHACO-L@2x.png\",\"contentUrl\":\"https:\\\/\\\/aldiachaco.com.ar\\\/wp-content\\\/uploads\\\/2017\\\/11\\\/AL-DIA-CHACO-L@2x.png\",\"width\":232,\"height\":60,\"caption\":\"Al Dia Chaco\"},\"image\":{\"@id\":\"https:\\\/\\\/aldiachaco.com.ar\\\/#\\\/schema\\\/logo\\\/image\\\/\"}},{\"@type\":\"Person\",\"@id\":\"https:\\\/\\\/aldiachaco.com.ar\\\/#\\\/schema\\\/person\\\/80113835e512ba580e79a945932487f5\",\"name\":\"aldiachaco.com.ar\",\"image\":{\"@type\":\"ImageObject\",\"inLanguage\":\"es-AR\",\"@id\":\"https:\\\/\\\/aldiachaco.com.ar\\\/wp-content\\\/litespeed\\\/avatar\\\/a7c4ebc5454089d3fd4ef6b87fdd073a.jpg?ver=1777471945\",\"url\":\"https:\\\/\\\/aldiachaco.com.ar\\\/wp-content\\\/litespeed\\\/avatar\\\/a7c4ebc5454089d3fd4ef6b87fdd073a.jpg?ver=1777471945\",\"contentUrl\":\"https:\\\/\\\/aldiachaco.com.ar\\\/wp-content\\\/litespeed\\\/avatar\\\/a7c4ebc5454089d3fd4ef6b87fdd073a.jpg?ver=1777471945\",\"caption\":\"aldiachaco.com.ar\"},\"sameAs\":[\"https:\\\/\\\/aldiachaco.com.ar\"],\"url\":\"https:\\\/\\\/aldiachaco.com.ar\\\/index.php\\\/author\\\/lime-camel-884546-hostingersite-com\\\/\"}]}<\/script>\n<!-- \/ Yoast SEO plugin. -->","yoast_head_json":{"title":"El debut del chaque\u00f1o Santiago Lencina en River fue con empate 0 a 0 contra Uni\u00f3n | Al Dia Chaco","robots":{"index":"index","follow":"follow","max-snippet":"max-snippet:-1","max-image-preview":"max-image-preview:large","max-video-preview":"max-video-preview:-1"},"canonical":"https:\/\/aldiachaco.com.ar\/index.php\/2024\/08\/05\/el-debut-del-chaqueno-santiago-lencina-en-river-fue-con-empate-0-a-0-contra-union\/","og_locale":"es_ES","og_type":"article","og_title":"El debut del chaque\u00f1o Santiago Lencina en River fue con empate 0 a 0 contra Uni\u00f3n | Al Dia Chaco","og_description":"En el contexto previo a la llegada de Marcelo Gallardo como entrenador, River Plate obtuvo un empate sin goles en su visita a Uni\u00f3n de Santa Fe, donde se destac\u00f3 el debut de Santiago Lencina en la primera divisi\u00f3n del f\u00fatbol argentino. Conocido por su zurda habilidosa, el chaque\u00f1o pas\u00f3 de destacarse en la Tercera &hellip;","og_url":"https:\/\/aldiachaco.com.ar\/index.php\/2024\/08\/05\/el-debut-del-chaqueno-santiago-lencina-en-river-fue-con-empate-0-a-0-contra-union\/","og_site_name":"Al Dia Chaco","article_published_time":"2024-08-05T12:32:21+00:00","article_modified_time":"2024-08-05T12:33:50+00:00","og_image":[{"width":850,"height":567,"url":"https:\/\/aldiachaco.com.ar\/wp-content\/uploads\/2024\/08\/269949w850h567c.jpg.webp","type":"image\/webp"}],"author":"aldiachaco.com.ar","twitter_card":"summary_large_image","twitter_misc":{"Escrito por":"aldiachaco.com.ar","Tiempo de lectura":"2 minutos"},"schema":{"@context":"https:\/\/schema.org","@graph":[{"@type":"Article","@id":"https:\/\/aldiachaco.com.ar\/index.php\/2024\/08\/05\/el-debut-del-chaqueno-santiago-lencina-en-river-fue-con-empate-0-a-0-contra-union\/#article","isPartOf":{"@id":"https:\/\/aldiachaco.com.ar\/index.php\/2024\/08\/05\/el-debut-del-chaqueno-santiago-lencina-en-river-fue-con-empate-0-a-0-contra-union\/"},"author":{"name":"aldiachaco.com.ar","@id":"https:\/\/aldiachaco.com.ar\/#\/schema\/person\/80113835e512ba580e79a945932487f5"},"headline":"El debut del chaque\u00f1o Santiago Lencina en River fue con empate 0 a 0 contra Uni\u00f3n","datePublished":"2024-08-05T12:32:21+00:00","dateModified":"2024-08-05T12:33:50+00:00","mainEntityOfPage":{"@id":"https:\/\/aldiachaco.com.ar\/index.php\/2024\/08\/05\/el-debut-del-chaqueno-santiago-lencina-en-river-fue-con-empate-0-a-0-contra-union\/"},"wordCount":200,"commentCount":0,"publisher":{"@id":"https:\/\/aldiachaco.com.ar\/#organization"},"image":{"@id":"https:\/\/aldiachaco.com.ar\/index.php\/2024\/08\/05\/el-debut-del-chaqueno-santiago-lencina-en-river-fue-con-empate-0-a-0-contra-union\/#primaryimage"},"thumbnailUrl":"https:\/\/aldiachaco.com.ar\/wp-content\/uploads\/2024\/08\/269949w850h567c.jpg.webp","keywords":["Destacada"],"articleSection":["Chaco","Deportes"],"inLanguage":"es-AR","potentialAction":[{"@type":"CommentAction","name":"Comment","target":["https:\/\/aldiachaco.com.ar\/index.php\/2024\/08\/05\/el-debut-del-chaqueno-santiago-lencina-en-river-fue-con-empate-0-a-0-contra-union\/#respond"]}]},{"@type":"WebPage","@id":"https:\/\/aldiachaco.com.ar\/index.php\/2024\/08\/05\/el-debut-del-chaqueno-santiago-lencina-en-river-fue-con-empate-0-a-0-contra-union\/","url":"https:\/\/aldiachaco.com.ar\/index.php\/2024\/08\/05\/el-debut-del-chaqueno-santiago-lencina-en-river-fue-con-empate-0-a-0-contra-union\/","name":"El debut del chaque\u00f1o Santiago Lencina en River fue con empate 0 a 0 contra Uni\u00f3n | Al Dia Chaco","isPartOf":{"@id":"https:\/\/aldiachaco.com.ar\/#website"},"primaryImageOfPage":{"@id":"https:\/\/aldiachaco.com.ar\/index.php\/2024\/08\/05\/el-debut-del-chaqueno-santiago-lencina-en-river-fue-con-empate-0-a-0-contra-union\/#primaryimage"},"image":{"@id":"https:\/\/aldiachaco.com.ar\/index.php\/2024\/08\/05\/el-debut-del-chaqueno-santiago-lencina-en-river-fue-con-empate-0-a-0-contra-union\/#primaryimage"},"thumbnailUrl":"https:\/\/aldiachaco.com.ar\/wp-content\/uploads\/2024\/08\/269949w850h567c.jpg.webp","datePublished":"2024-08-05T12:32:21+00:00","dateModified":"2024-08-05T12:33:50+00:00","breadcrumb":{"@id":"https:\/\/aldiachaco.com.ar\/index.php\/2024\/08\/05\/el-debut-del-chaqueno-santiago-lencina-en-river-fue-con-empate-0-a-0-contra-union\/#breadcrumb"},"inLanguage":"es-AR","potentialAction":[{"@type":"ReadAction","target":["https:\/\/aldiachaco.com.ar\/index.php\/2024\/08\/05\/el-debut-del-chaqueno-santiago-lencina-en-river-fue-con-empate-0-a-0-contra-union\/"]}]},{"@type":"ImageObject","inLanguage":"es-AR","@id":"https:\/\/aldiachaco.com.ar\/index.php\/2024\/08\/05\/el-debut-del-chaqueno-santiago-lencina-en-river-fue-con-empate-0-a-0-contra-union\/#primaryimage","url":"https:\/\/aldiachaco.com.ar\/wp-content\/uploads\/2024\/08\/269949w850h567c.jpg.webp","contentUrl":"https:\/\/aldiachaco.com.ar\/wp-content\/uploads\/2024\/08\/269949w850h567c.jpg.webp","width":850,"height":567},{"@type":"BreadcrumbList","@id":"https:\/\/aldiachaco.com.ar\/index.php\/2024\/08\/05\/el-debut-del-chaqueno-santiago-lencina-en-river-fue-con-empate-0-a-0-contra-union\/#breadcrumb","itemListElement":[{"@type":"ListItem","position":1,"name":"Home","item":"https:\/\/aldiachaco.com.ar\/"},{"@type":"ListItem","position":2,"name":"El debut del chaque\u00f1o Santiago Lencina en River fue con empate 0 a 0 contra Uni\u00f3n"}]},{"@type":"WebSite","@id":"https:\/\/aldiachaco.com.ar\/#website","url":"https:\/\/aldiachaco.com.ar\/","name":"Al Dia Chaco","description":"Noticias del Chaco y el mundo","publisher":{"@id":"https:\/\/aldiachaco.com.ar\/#organization"},"alternateName":"Al D\u00eda Chaco","potentialAction":[{"@type":"SearchAction","target":{"@type":"EntryPoint","urlTemplate":"https:\/\/aldiachaco.com.ar\/?s={search_term_string}"},"query-input":{"@type":"PropertyValueSpecification","valueRequired":true,"valueName":"search_term_string"}}],"inLanguage":"es-AR"},{"@type":"Organization","@id":"https:\/\/aldiachaco.com.ar\/#organization","name":"Al Dia Chaco","url":"https:\/\/aldiachaco.com.ar\/","logo":{"@type":"ImageObject","inLanguage":"es-AR","@id":"https:\/\/aldiachaco.com.ar\/#\/schema\/logo\/image\/","url":"https:\/\/aldiachaco.com.ar\/wp-content\/uploads\/2017\/11\/AL-DIA-CHACO-L@2x.png","contentUrl":"https:\/\/aldiachaco.com.ar\/wp-content\/uploads\/2017\/11\/AL-DIA-CHACO-L@2x.png","width":232,"height":60,"caption":"Al Dia Chaco"},"image":{"@id":"https:\/\/aldiachaco.com.ar\/#\/schema\/logo\/image\/"}},{"@type":"Person","@id":"https:\/\/aldiachaco.com.ar\/#\/schema\/person\/80113835e512ba580e79a945932487f5","name":"aldiachaco.com.ar","image":{"@type":"ImageObject","inLanguage":"es-AR","@id":"https:\/\/aldiachaco.com.ar\/wp-content\/litespeed\/avatar\/a7c4ebc5454089d3fd4ef6b87fdd073a.jpg?ver=1777471945","url":"https:\/\/aldiachaco.com.ar\/wp-content\/litespeed\/avatar\/a7c4ebc5454089d3fd4ef6b87fdd073a.jpg?ver=1777471945","contentUrl":"https:\/\/aldiachaco.com.ar\/wp-content\/litespeed\/avatar\/a7c4ebc5454089d3fd4ef6b87fdd073a.jpg?ver=1777471945","caption":"aldiachaco.com.ar"},"sameAs":["https:\/\/aldiachaco.com.ar"],"url":"https:\/\/aldiachaco.com.ar\/index.php\/author\/lime-camel-884546-hostingersite-com\/"}]}},"jetpack_publicize_connections":[],"jetpack_featured_media_url":"https:\/\/aldiachaco.com.ar\/wp-content\/uploads\/2024\/08\/269949w850h567c.jpg.webp","jetpack_sharing_enabled":true,"amp_enabled":true,"_links":{"self":[{"href":"https:\/\/aldiachaco.com.ar\/index.php\/wp-json\/wp\/v2\/posts\/8708","targetHints":{"allow":["GET"]}}],"collection":[{"href":"https:\/\/aldiachaco.com.ar\/index.php\/wp-json\/wp\/v2\/posts"}],"about":[{"href":"https:\/\/aldiachaco.com.ar\/index.php\/wp-json\/wp\/v2\/types\/post"}],"author":[{"embeddable":true,"href":"https:\/\/aldiachaco.com.ar\/index.php\/wp-json\/wp\/v2\/users\/1"}],"replies":[{"embeddable":true,"href":"https:\/\/aldiachaco.com.ar\/index.php\/wp-json\/wp\/v2\/comments?post=8708"}],"version-history":[{"count":3,"href":"https:\/\/aldiachaco.com.ar\/index.php\/wp-json\/wp\/v2\/posts\/8708\/revisions"}],"predecessor-version":[{"id":8714,"href":"https:\/\/aldiachaco.com.ar\/index.php\/wp-json\/wp\/v2\/posts\/8708\/revisions\/8714"}],"wp:featuredmedia":[{"embeddable":true,"href":"https:\/\/aldiachaco.com.ar\/index.php\/wp-json\/wp\/v2\/media\/8711"}],"wp:attachment":[{"href":"https:\/\/aldiachaco.com.ar\/index.php\/wp-json\/wp\/v2\/media?parent=8708"}],"wp:term":[{"taxonomy":"category","embeddable":true,"href":"https:\/\/aldiachaco.com.ar\/index.php\/wp-json\/wp\/v2\/categories?post=8708"},{"taxonomy":"post_tag","embeddable":true,"href":"https:\/\/aldiachaco.com.ar\/index.php\/wp-json\/wp\/v2\/tags?post=8708"}],"curies":[{"name":"wp","href":"https:\/\/api.w.org\/{rel}","templated":true}]}}