{"id":8702,"date":"2024-08-05T07:05:38","date_gmt":"2024-08-05T10:05:38","guid":{"rendered":"https:\/\/aldiachaco.com.ar\/?p=8702"},"modified":"2024-08-05T07:05:38","modified_gmt":"2024-08-05T10:05:38","slug":"busquen-la-verdad-y-eviten-la-violencia","status":"publish","type":"post","link":"https:\/\/aldiachaco.com.ar\/index.php\/2024\/08\/05\/busquen-la-verdad-y-eviten-la-violencia\/","title":{"rendered":"&#8220;Busquen la verdad y eviten la violencia&#8221;"},"content":{"rendered":"<p><b>El\u00a0<a href=\"https:\/\/www.pagina12.com.ar\/756954-el-papa-francisco-visito-a-la-sobrina-de-una-de-las-monjas-f\">Papa Francisco<\/a>\u00a0se pronunci\u00f3 este domingo sobre la cr\u00edtica situaci\u00f3n que atraviesa Venezuela<\/b>, en medio de las\u00a0<a href=\"https:\/\/www.pagina12.com.ar\/757582-marchas-y-contramachas-pacificas-en-venezuela\">protestas por las denuncias de fraude contra Nicol\u00e1s Maduro<\/a>, quien fue proclamado ganador de las recientes elecciones por el Consejo Nacional Electoral (CNE) aunque siguen sin publicarse las actas oficiales. Desde la plaza de San Pedro,\u00a0Francisco convoc\u00f3 a todas las partes a buscar la verdad, mantener la cordura y evitar actos de violencia.<\/p>\n<p>&#8220;Hago un sentido llamamiento a todas las partes para que\u00a0<b>busquen la verdad, act\u00faen con moderaci\u00f3n, eviten cualquier tipo de violencia<\/b>&#8220;, expres\u00f3\u00a0<b>Francisco<\/b>\u00a0luego de la oraci\u00f3n dominical del \u00c1ngelus. Ante una multitud reunida para escucharlo en la plaza enclavada dentro de Roma, el Papa de 87 a\u00f1os agreg\u00f3: &#8220;<b>Resuelvan las controversias mediante el di\u00e1logo<\/b>\u00a0y tengan en el coraz\u00f3n el verdadero bien de la poblaci\u00f3n y no los intereses partidistas&#8221;.<\/p>\n<div id=\"talkFireEvent\"><\/div>\n<div class=\"slot-available\"><\/div>\n<p>Francisco confi\u00f3 el pa\u00eds a la intercesi\u00f3n de Nuestra Se\u00f1ora de Coromoto, muy venerada en Venezuela, y la oraci\u00f3n del beato Jos\u00e9 Gregorio Hern\u00e1ndez que une a todos los venezolanos. El l\u00edder de la Iglesia Cat\u00f3lica aprovech\u00f3 tambi\u00e9n para hacer un llamado a dejar de lado la adoraci\u00f3n a las cosas materiales y a seguir el camino de la caridad.<\/p>\n<p>&#8220;Las cosas materiales no llenan la vida: solo el amor lo puede hacer. Y para que eso suceda el camino a tomar es el de la caridad que no se guarda nada para s\u00ed, sino que lo comparte todo&#8221;, concluy\u00f3 el Papa en un momento de gran incertidumbre para Venezuela, donde la falta de publicaci\u00f3n de las actas oficiales de las recientes elecciones elev\u00f3 las tensiones entre oficialismo y oposici\u00f3n.<\/p>\n<h2>El mensaje de los obispos latinoamericanos<\/h2>\n<p>En sinton\u00eda con los dichos de Francisco, el Consejo Episcopal Latinoamericano y Caribe\u00f1o (<b>Celam<\/b>) envi\u00f3 un mensaje de solidaridad al pueblo venezolano &#8220;en estos momentos de dif\u00edcil situaci\u00f3n pol\u00edtica y social&#8221;, haciendo \u00e9nfasis en &#8220;<b>la angustia y zozobra que viven tantas hermanas y hermanos nuestros<\/b>\u00a0que anhelan un futuro mejor para ellos, sus familias y comunidades&#8221;.<\/p>\n<div class=\"slot-available\"><\/div>\n<p>Desde el Celam recordaron que varias conferencias episcopales convocaron a una jornada de oraci\u00f3n para este domingo, mientras que otras se manifestaron cercanas a quienes &#8220;han emigrado y viven en distintos pa\u00edses de Am\u00e9rica latina y el Caribe&#8221;. El Consejo Episcopal, que agrupa a los obispos de la Iglesia cat\u00f3lica de Latinoam\u00e9rica y las Antillas, destac\u00f3 que acompa\u00f1a &#8220;todas las expresiones de fraternidad con el pueblo venezolano&#8221; y anim\u00f3 a &#8220;seguir pidiendo a Dios que ilumine el camino de Venezuela hacia la paz, justicia y el bien com\u00fan&#8221;.<\/p>\n<p>Maduro fue ratificado por el CNE\u00a0como presidente reelecto con 52 por ciento de los votos frente a un 43 por ciento del opositor Edmundo Gonz\u00e1lez Urrutia. Maduro, de confirmarse los resultados, asumir\u00eda un tercer mandato que lo proyecta a 18 a\u00f1os en el poder. Sin embargo la oposici\u00f3n public\u00f3 en una web actas que le dar\u00edan a Gonz\u00e1lez un 67 por ciento de los votos.<\/p>\n<p><b>La autoridad electoral a\u00fan no public\u00f3 los resultados detallados de la votaci\u00f3n y alega que su sistema fue blanco de un &#8220;hackeo masivo&#8221;<\/b>. Maduro y altos funcionarios desestiman la validez de los documentos divulgados por la oposici\u00f3n. Tras la publicaci\u00f3n de los primeros resultados el domingo por el CNE, se produjeron protestas que dejan hasta el momento un saldo de 13 muertos y 1.200 detenidos.<\/p>\n<p>Fuente: P\u00e1gina 12<\/p>\n","protected":false},"excerpt":{"rendered":"<p>El\u00a0Papa Francisco\u00a0se pronunci\u00f3 este domingo sobre la cr\u00edtica situaci\u00f3n que atraviesa Venezuela, en medio de las\u00a0protestas por las denuncias de fraude contra Nicol\u00e1s Maduro, quien fue proclamado ganador de las recientes elecciones por el Consejo Nacional Electoral (CNE) aunque siguen sin publicarse las actas oficiales. Desde la plaza de San Pedro,\u00a0Francisco convoc\u00f3 a todas las &hellip;<\/p>\n","protected":false},"author":1,"featured_media":8703,"comment_status":"open","ping_status":"open","sticky":false,"template":"","format":"standard","meta":{"content-type":"","_monsterinsights_skip_tracking":false,"_monsterinsights_sitenote_active":false,"_monsterinsights_sitenote_note":"","_monsterinsights_sitenote_category":0,"_jetpack_memberships_contains_paid_content":false,"footnotes":"","jetpack_publicize_message":"","jetpack_publicize_feature_enabled":true,"jetpack_social_post_already_shared":true,"jetpack_social_options":{"image_generator_settings":{"template":"highway","default_image_id":0,"font":"","enabled":false},"version":2}},"categories":[1],"tags":[],"class_list":["post-8702","post","type-post","status-publish","format-standard","has-post-thumbnail","hentry","category-aplicaciones"],"yoast_head":"<!-- This site is optimized with the Yoast SEO plugin v27.4 - https:\/\/yoast.com\/product\/yoast-seo-wordpress\/ -->\n<title>&quot;Busquen la verdad y eviten la violencia&quot; | Al Dia Chaco<\/title>\n<meta name=\"robots\" content=\"index, follow, max-snippet:-1, max-image-preview:large, max-video-preview:-1\" \/>\n<link rel=\"canonical\" href=\"https:\/\/aldiachaco.com.ar\/index.php\/2024\/08\/05\/busquen-la-verdad-y-eviten-la-violencia\/\" \/>\n<meta property=\"og:locale\" content=\"es_ES\" \/>\n<meta property=\"og:type\" content=\"article\" \/>\n<meta property=\"og:title\" content=\"&quot;Busquen la verdad y eviten la violencia&quot; | Al Dia Chaco\" \/>\n<meta property=\"og:description\" content=\"El\u00a0Papa Francisco\u00a0se pronunci\u00f3 este domingo sobre la cr\u00edtica situaci\u00f3n que atraviesa Venezuela, en medio de las\u00a0protestas por las denuncias de fraude contra Nicol\u00e1s Maduro, quien fue proclamado ganador de las recientes elecciones por el Consejo Nacional Electoral (CNE) aunque siguen sin publicarse las actas oficiales. Desde la plaza de San Pedro,\u00a0Francisco convoc\u00f3 a todas las &hellip;\" \/>\n<meta property=\"og:url\" content=\"https:\/\/aldiachaco.com.ar\/index.php\/2024\/08\/05\/busquen-la-verdad-y-eviten-la-violencia\/\" \/>\n<meta property=\"og:site_name\" content=\"Al Dia Chaco\" \/>\n<meta property=\"article:published_time\" content=\"2024-08-05T10:05:38+00:00\" \/>\n<meta property=\"og:image\" content=\"https:\/\/aldiachaco.com.ar\/wp-content\/uploads\/2024\/08\/GettyImages-2164754974-e1722785649707.webp\" \/>\n\t<meta property=\"og:image:width\" content=\"460\" \/>\n\t<meta property=\"og:image:height\" content=\"260\" \/>\n\t<meta property=\"og:image:type\" content=\"image\/webp\" \/>\n<meta name=\"author\" content=\"aldiachaco.com.ar\" \/>\n<meta name=\"twitter:card\" content=\"summary_large_image\" \/>\n<meta name=\"twitter:label1\" content=\"Escrito por\" \/>\n\t<meta name=\"twitter:data1\" content=\"aldiachaco.com.ar\" \/>\n\t<meta name=\"twitter:label2\" content=\"Tiempo de lectura\" \/>\n\t<meta name=\"twitter:data2\" content=\"3 minutos\" \/>\n<script type=\"application\/ld+json\" class=\"yoast-schema-graph\">{\"@context\":\"https:\\\/\\\/schema.org\",\"@graph\":[{\"@type\":\"Article\",\"@id\":\"https:\\\/\\\/aldiachaco.com.ar\\\/index.php\\\/2024\\\/08\\\/05\\\/busquen-la-verdad-y-eviten-la-violencia\\\/#article\",\"isPartOf\":{\"@id\":\"https:\\\/\\\/aldiachaco.com.ar\\\/index.php\\\/2024\\\/08\\\/05\\\/busquen-la-verdad-y-eviten-la-violencia\\\/\"},\"author\":{\"name\":\"aldiachaco.com.ar\",\"@id\":\"https:\\\/\\\/aldiachaco.com.ar\\\/#\\\/schema\\\/person\\\/80113835e512ba580e79a945932487f5\"},\"headline\":\"&#8220;Busquen la verdad y eviten la violencia&#8221;\",\"datePublished\":\"2024-08-05T10:05:38+00:00\",\"mainEntityOfPage\":{\"@id\":\"https:\\\/\\\/aldiachaco.com.ar\\\/index.php\\\/2024\\\/08\\\/05\\\/busquen-la-verdad-y-eviten-la-violencia\\\/\"},\"wordCount\":600,\"commentCount\":0,\"publisher\":{\"@id\":\"https:\\\/\\\/aldiachaco.com.ar\\\/#organization\"},\"image\":{\"@id\":\"https:\\\/\\\/aldiachaco.com.ar\\\/index.php\\\/2024\\\/08\\\/05\\\/busquen-la-verdad-y-eviten-la-violencia\\\/#primaryimage\"},\"thumbnailUrl\":\"https:\\\/\\\/aldiachaco.com.ar\\\/wp-content\\\/uploads\\\/2024\\\/08\\\/GettyImages-2164754974-e1722785649707.webp\",\"articleSection\":[\"Aplicaciones\"],\"inLanguage\":\"es-AR\",\"potentialAction\":[{\"@type\":\"CommentAction\",\"name\":\"Comment\",\"target\":[\"https:\\\/\\\/aldiachaco.com.ar\\\/index.php\\\/2024\\\/08\\\/05\\\/busquen-la-verdad-y-eviten-la-violencia\\\/#respond\"]}]},{\"@type\":\"WebPage\",\"@id\":\"https:\\\/\\\/aldiachaco.com.ar\\\/index.php\\\/2024\\\/08\\\/05\\\/busquen-la-verdad-y-eviten-la-violencia\\\/\",\"url\":\"https:\\\/\\\/aldiachaco.com.ar\\\/index.php\\\/2024\\\/08\\\/05\\\/busquen-la-verdad-y-eviten-la-violencia\\\/\",\"name\":\"\\\"Busquen la verdad y eviten la violencia\\\" | Al Dia Chaco\",\"isPartOf\":{\"@id\":\"https:\\\/\\\/aldiachaco.com.ar\\\/#website\"},\"primaryImageOfPage\":{\"@id\":\"https:\\\/\\\/aldiachaco.com.ar\\\/index.php\\\/2024\\\/08\\\/05\\\/busquen-la-verdad-y-eviten-la-violencia\\\/#primaryimage\"},\"image\":{\"@id\":\"https:\\\/\\\/aldiachaco.com.ar\\\/index.php\\\/2024\\\/08\\\/05\\\/busquen-la-verdad-y-eviten-la-violencia\\\/#primaryimage\"},\"thumbnailUrl\":\"https:\\\/\\\/aldiachaco.com.ar\\\/wp-content\\\/uploads\\\/2024\\\/08\\\/GettyImages-2164754974-e1722785649707.webp\",\"datePublished\":\"2024-08-05T10:05:38+00:00\",\"breadcrumb\":{\"@id\":\"https:\\\/\\\/aldiachaco.com.ar\\\/index.php\\\/2024\\\/08\\\/05\\\/busquen-la-verdad-y-eviten-la-violencia\\\/#breadcrumb\"},\"inLanguage\":\"es-AR\",\"potentialAction\":[{\"@type\":\"ReadAction\",\"target\":[\"https:\\\/\\\/aldiachaco.com.ar\\\/index.php\\\/2024\\\/08\\\/05\\\/busquen-la-verdad-y-eviten-la-violencia\\\/\"]}]},{\"@type\":\"ImageObject\",\"inLanguage\":\"es-AR\",\"@id\":\"https:\\\/\\\/aldiachaco.com.ar\\\/index.php\\\/2024\\\/08\\\/05\\\/busquen-la-verdad-y-eviten-la-violencia\\\/#primaryimage\",\"url\":\"https:\\\/\\\/aldiachaco.com.ar\\\/wp-content\\\/uploads\\\/2024\\\/08\\\/GettyImages-2164754974-e1722785649707.webp\",\"contentUrl\":\"https:\\\/\\\/aldiachaco.com.ar\\\/wp-content\\\/uploads\\\/2024\\\/08\\\/GettyImages-2164754974-e1722785649707.webp\",\"width\":460,\"height\":260},{\"@type\":\"BreadcrumbList\",\"@id\":\"https:\\\/\\\/aldiachaco.com.ar\\\/index.php\\\/2024\\\/08\\\/05\\\/busquen-la-verdad-y-eviten-la-violencia\\\/#breadcrumb\",\"itemListElement\":[{\"@type\":\"ListItem\",\"position\":1,\"name\":\"Home\",\"item\":\"https:\\\/\\\/aldiachaco.com.ar\\\/\"},{\"@type\":\"ListItem\",\"position\":2,\"name\":\"&#8220;Busquen la verdad y eviten la violencia&#8221;\"}]},{\"@type\":\"WebSite\",\"@id\":\"https:\\\/\\\/aldiachaco.com.ar\\\/#website\",\"url\":\"https:\\\/\\\/aldiachaco.com.ar\\\/\",\"name\":\"Al Dia Chaco\",\"description\":\"Noticias del Chaco y el mundo\",\"publisher\":{\"@id\":\"https:\\\/\\\/aldiachaco.com.ar\\\/#organization\"},\"alternateName\":\"Al D\u00eda Chaco\",\"potentialAction\":[{\"@type\":\"SearchAction\",\"target\":{\"@type\":\"EntryPoint\",\"urlTemplate\":\"https:\\\/\\\/aldiachaco.com.ar\\\/?s={search_term_string}\"},\"query-input\":{\"@type\":\"PropertyValueSpecification\",\"valueRequired\":true,\"valueName\":\"search_term_string\"}}],\"inLanguage\":\"es-AR\"},{\"@type\":\"Organization\",\"@id\":\"https:\\\/\\\/aldiachaco.com.ar\\\/#organization\",\"name\":\"Al Dia Chaco\",\"url\":\"https:\\\/\\\/aldiachaco.com.ar\\\/\",\"logo\":{\"@type\":\"ImageObject\",\"inLanguage\":\"es-AR\",\"@id\":\"https:\\\/\\\/aldiachaco.com.ar\\\/#\\\/schema\\\/logo\\\/image\\\/\",\"url\":\"https:\\\/\\\/aldiachaco.com.ar\\\/wp-content\\\/uploads\\\/2017\\\/11\\\/AL-DIA-CHACO-L@2x.png\",\"contentUrl\":\"https:\\\/\\\/aldiachaco.com.ar\\\/wp-content\\\/uploads\\\/2017\\\/11\\\/AL-DIA-CHACO-L@2x.png\",\"width\":232,\"height\":60,\"caption\":\"Al Dia Chaco\"},\"image\":{\"@id\":\"https:\\\/\\\/aldiachaco.com.ar\\\/#\\\/schema\\\/logo\\\/image\\\/\"}},{\"@type\":\"Person\",\"@id\":\"https:\\\/\\\/aldiachaco.com.ar\\\/#\\\/schema\\\/person\\\/80113835e512ba580e79a945932487f5\",\"name\":\"aldiachaco.com.ar\",\"image\":{\"@type\":\"ImageObject\",\"inLanguage\":\"es-AR\",\"@id\":\"https:\\\/\\\/aldiachaco.com.ar\\\/wp-content\\\/litespeed\\\/avatar\\\/a7c4ebc5454089d3fd4ef6b87fdd073a.jpg?ver=1777471945\",\"url\":\"https:\\\/\\\/aldiachaco.com.ar\\\/wp-content\\\/litespeed\\\/avatar\\\/a7c4ebc5454089d3fd4ef6b87fdd073a.jpg?ver=1777471945\",\"contentUrl\":\"https:\\\/\\\/aldiachaco.com.ar\\\/wp-content\\\/litespeed\\\/avatar\\\/a7c4ebc5454089d3fd4ef6b87fdd073a.jpg?ver=1777471945\",\"caption\":\"aldiachaco.com.ar\"},\"sameAs\":[\"https:\\\/\\\/aldiachaco.com.ar\"],\"url\":\"https:\\\/\\\/aldiachaco.com.ar\\\/index.php\\\/author\\\/lime-camel-884546-hostingersite-com\\\/\"}]}<\/script>\n<!-- \/ Yoast SEO plugin. -->","yoast_head_json":{"title":"\"Busquen la verdad y eviten la violencia\" | Al Dia Chaco","robots":{"index":"index","follow":"follow","max-snippet":"max-snippet:-1","max-image-preview":"max-image-preview:large","max-video-preview":"max-video-preview:-1"},"canonical":"https:\/\/aldiachaco.com.ar\/index.php\/2024\/08\/05\/busquen-la-verdad-y-eviten-la-violencia\/","og_locale":"es_ES","og_type":"article","og_title":"\"Busquen la verdad y eviten la violencia\" | Al Dia Chaco","og_description":"El\u00a0Papa Francisco\u00a0se pronunci\u00f3 este domingo sobre la cr\u00edtica situaci\u00f3n que atraviesa Venezuela, en medio de las\u00a0protestas por las denuncias de fraude contra Nicol\u00e1s Maduro, quien fue proclamado ganador de las recientes elecciones por el Consejo Nacional Electoral (CNE) aunque siguen sin publicarse las actas oficiales. Desde la plaza de San Pedro,\u00a0Francisco convoc\u00f3 a todas las &hellip;","og_url":"https:\/\/aldiachaco.com.ar\/index.php\/2024\/08\/05\/busquen-la-verdad-y-eviten-la-violencia\/","og_site_name":"Al Dia Chaco","article_published_time":"2024-08-05T10:05:38+00:00","og_image":[{"width":460,"height":260,"url":"https:\/\/aldiachaco.com.ar\/wp-content\/uploads\/2024\/08\/GettyImages-2164754974-e1722785649707.webp","type":"image\/webp"}],"author":"aldiachaco.com.ar","twitter_card":"summary_large_image","twitter_misc":{"Escrito por":"aldiachaco.com.ar","Tiempo de lectura":"3 minutos"},"schema":{"@context":"https:\/\/schema.org","@graph":[{"@type":"Article","@id":"https:\/\/aldiachaco.com.ar\/index.php\/2024\/08\/05\/busquen-la-verdad-y-eviten-la-violencia\/#article","isPartOf":{"@id":"https:\/\/aldiachaco.com.ar\/index.php\/2024\/08\/05\/busquen-la-verdad-y-eviten-la-violencia\/"},"author":{"name":"aldiachaco.com.ar","@id":"https:\/\/aldiachaco.com.ar\/#\/schema\/person\/80113835e512ba580e79a945932487f5"},"headline":"&#8220;Busquen la verdad y eviten la violencia&#8221;","datePublished":"2024-08-05T10:05:38+00:00","mainEntityOfPage":{"@id":"https:\/\/aldiachaco.com.ar\/index.php\/2024\/08\/05\/busquen-la-verdad-y-eviten-la-violencia\/"},"wordCount":600,"commentCount":0,"publisher":{"@id":"https:\/\/aldiachaco.com.ar\/#organization"},"image":{"@id":"https:\/\/aldiachaco.com.ar\/index.php\/2024\/08\/05\/busquen-la-verdad-y-eviten-la-violencia\/#primaryimage"},"thumbnailUrl":"https:\/\/aldiachaco.com.ar\/wp-content\/uploads\/2024\/08\/GettyImages-2164754974-e1722785649707.webp","articleSection":["Aplicaciones"],"inLanguage":"es-AR","potentialAction":[{"@type":"CommentAction","name":"Comment","target":["https:\/\/aldiachaco.com.ar\/index.php\/2024\/08\/05\/busquen-la-verdad-y-eviten-la-violencia\/#respond"]}]},{"@type":"WebPage","@id":"https:\/\/aldiachaco.com.ar\/index.php\/2024\/08\/05\/busquen-la-verdad-y-eviten-la-violencia\/","url":"https:\/\/aldiachaco.com.ar\/index.php\/2024\/08\/05\/busquen-la-verdad-y-eviten-la-violencia\/","name":"\"Busquen la verdad y eviten la violencia\" | Al Dia Chaco","isPartOf":{"@id":"https:\/\/aldiachaco.com.ar\/#website"},"primaryImageOfPage":{"@id":"https:\/\/aldiachaco.com.ar\/index.php\/2024\/08\/05\/busquen-la-verdad-y-eviten-la-violencia\/#primaryimage"},"image":{"@id":"https:\/\/aldiachaco.com.ar\/index.php\/2024\/08\/05\/busquen-la-verdad-y-eviten-la-violencia\/#primaryimage"},"thumbnailUrl":"https:\/\/aldiachaco.com.ar\/wp-content\/uploads\/2024\/08\/GettyImages-2164754974-e1722785649707.webp","datePublished":"2024-08-05T10:05:38+00:00","breadcrumb":{"@id":"https:\/\/aldiachaco.com.ar\/index.php\/2024\/08\/05\/busquen-la-verdad-y-eviten-la-violencia\/#breadcrumb"},"inLanguage":"es-AR","potentialAction":[{"@type":"ReadAction","target":["https:\/\/aldiachaco.com.ar\/index.php\/2024\/08\/05\/busquen-la-verdad-y-eviten-la-violencia\/"]}]},{"@type":"ImageObject","inLanguage":"es-AR","@id":"https:\/\/aldiachaco.com.ar\/index.php\/2024\/08\/05\/busquen-la-verdad-y-eviten-la-violencia\/#primaryimage","url":"https:\/\/aldiachaco.com.ar\/wp-content\/uploads\/2024\/08\/GettyImages-2164754974-e1722785649707.webp","contentUrl":"https:\/\/aldiachaco.com.ar\/wp-content\/uploads\/2024\/08\/GettyImages-2164754974-e1722785649707.webp","width":460,"height":260},{"@type":"BreadcrumbList","@id":"https:\/\/aldiachaco.com.ar\/index.php\/2024\/08\/05\/busquen-la-verdad-y-eviten-la-violencia\/#breadcrumb","itemListElement":[{"@type":"ListItem","position":1,"name":"Home","item":"https:\/\/aldiachaco.com.ar\/"},{"@type":"ListItem","position":2,"name":"&#8220;Busquen la verdad y eviten la violencia&#8221;"}]},{"@type":"WebSite","@id":"https:\/\/aldiachaco.com.ar\/#website","url":"https:\/\/aldiachaco.com.ar\/","name":"Al Dia Chaco","description":"Noticias del Chaco y el mundo","publisher":{"@id":"https:\/\/aldiachaco.com.ar\/#organization"},"alternateName":"Al D\u00eda Chaco","potentialAction":[{"@type":"SearchAction","target":{"@type":"EntryPoint","urlTemplate":"https:\/\/aldiachaco.com.ar\/?s={search_term_string}"},"query-input":{"@type":"PropertyValueSpecification","valueRequired":true,"valueName":"search_term_string"}}],"inLanguage":"es-AR"},{"@type":"Organization","@id":"https:\/\/aldiachaco.com.ar\/#organization","name":"Al Dia Chaco","url":"https:\/\/aldiachaco.com.ar\/","logo":{"@type":"ImageObject","inLanguage":"es-AR","@id":"https:\/\/aldiachaco.com.ar\/#\/schema\/logo\/image\/","url":"https:\/\/aldiachaco.com.ar\/wp-content\/uploads\/2017\/11\/AL-DIA-CHACO-L@2x.png","contentUrl":"https:\/\/aldiachaco.com.ar\/wp-content\/uploads\/2017\/11\/AL-DIA-CHACO-L@2x.png","width":232,"height":60,"caption":"Al Dia Chaco"},"image":{"@id":"https:\/\/aldiachaco.com.ar\/#\/schema\/logo\/image\/"}},{"@type":"Person","@id":"https:\/\/aldiachaco.com.ar\/#\/schema\/person\/80113835e512ba580e79a945932487f5","name":"aldiachaco.com.ar","image":{"@type":"ImageObject","inLanguage":"es-AR","@id":"https:\/\/aldiachaco.com.ar\/wp-content\/litespeed\/avatar\/a7c4ebc5454089d3fd4ef6b87fdd073a.jpg?ver=1777471945","url":"https:\/\/aldiachaco.com.ar\/wp-content\/litespeed\/avatar\/a7c4ebc5454089d3fd4ef6b87fdd073a.jpg?ver=1777471945","contentUrl":"https:\/\/aldiachaco.com.ar\/wp-content\/litespeed\/avatar\/a7c4ebc5454089d3fd4ef6b87fdd073a.jpg?ver=1777471945","caption":"aldiachaco.com.ar"},"sameAs":["https:\/\/aldiachaco.com.ar"],"url":"https:\/\/aldiachaco.com.ar\/index.php\/author\/lime-camel-884546-hostingersite-com\/"}]}},"jetpack_publicize_connections":[],"jetpack_featured_media_url":"https:\/\/aldiachaco.com.ar\/wp-content\/uploads\/2024\/08\/GettyImages-2164754974-e1722785649707.webp","jetpack_sharing_enabled":true,"amp_enabled":true,"_links":{"self":[{"href":"https:\/\/aldiachaco.com.ar\/index.php\/wp-json\/wp\/v2\/posts\/8702","targetHints":{"allow":["GET"]}}],"collection":[{"href":"https:\/\/aldiachaco.com.ar\/index.php\/wp-json\/wp\/v2\/posts"}],"about":[{"href":"https:\/\/aldiachaco.com.ar\/index.php\/wp-json\/wp\/v2\/types\/post"}],"author":[{"embeddable":true,"href":"https:\/\/aldiachaco.com.ar\/index.php\/wp-json\/wp\/v2\/users\/1"}],"replies":[{"embeddable":true,"href":"https:\/\/aldiachaco.com.ar\/index.php\/wp-json\/wp\/v2\/comments?post=8702"}],"version-history":[{"count":1,"href":"https:\/\/aldiachaco.com.ar\/index.php\/wp-json\/wp\/v2\/posts\/8702\/revisions"}],"predecessor-version":[{"id":8704,"href":"https:\/\/aldiachaco.com.ar\/index.php\/wp-json\/wp\/v2\/posts\/8702\/revisions\/8704"}],"wp:featuredmedia":[{"embeddable":true,"href":"https:\/\/aldiachaco.com.ar\/index.php\/wp-json\/wp\/v2\/media\/8703"}],"wp:attachment":[{"href":"https:\/\/aldiachaco.com.ar\/index.php\/wp-json\/wp\/v2\/media?parent=8702"}],"wp:term":[{"taxonomy":"category","embeddable":true,"href":"https:\/\/aldiachaco.com.ar\/index.php\/wp-json\/wp\/v2\/categories?post=8702"},{"taxonomy":"post_tag","embeddable":true,"href":"https:\/\/aldiachaco.com.ar\/index.php\/wp-json\/wp\/v2\/tags?post=8702"}],"curies":[{"name":"wp","href":"https:\/\/api.w.org\/{rel}","templated":true}]}}