{"id":8041,"date":"2024-07-06T19:34:31","date_gmt":"2024-07-06T22:34:31","guid":{"rendered":"https:\/\/aldiachaco.com.ar\/?p=8041"},"modified":"2024-07-06T19:34:31","modified_gmt":"2024-07-06T22:34:31","slug":"misterio-en-la-calle-jose-hernandez-hallan-cadaver-de-hombre-tras-15-dias-de-silencio","status":"publish","type":"post","link":"https:\/\/aldiachaco.com.ar\/index.php\/2024\/07\/06\/misterio-en-la-calle-jose-hernandez-hallan-cadaver-de-hombre-tras-15-dias-de-silencio\/","title":{"rendered":"Misterio en la calle Jos\u00e9 Hern\u00e1ndez: Hallan cad\u00e1ver de hombre tras 15 d\u00edas de silencio"},"content":{"rendered":"<p>En una tr\u00e1gica escena descubierta esta tarde, el cuerpo de Jos\u00e9 Luis Leoni, de 65 a\u00f1os, fue hallado sin vida dentro de su domicilio en la calle Jos\u00e9 Hern\u00e1ndez al 650. El descubrimiento se produjo despu\u00e9s de que su primo, preocupado por la falta de comunicaci\u00f3n desde el 21 de junio, alertara a las autoridades.<\/p>\n<p>El familiar, acompa\u00f1ado por personal policial, forz\u00f3 la entrada al inmueble que se encontraba cerrado y asegurado. Una vez dentro, encontraron a Leoni tendido en el suelo de una de las habitaciones, sin signos vitales. Seg\u00fan el denunciante, Leoni viv\u00eda solo y la vivienda estaba completamente cerrada, sin posibilidad aparente de acceso externo.<\/p>\n<p>Tras el hallazgo, se dio intervenci\u00f3n al M\u00e9dico Policial, Dr. Horacio Vargas, quien orden\u00f3 el traslado del cuerpo al IMCIF para los procedimientos forenses correspondientes. Adem\u00e1s, se secuestraron una notebook y un tel\u00e9fono celular del lugar, que fueron resguardados por el personal del Gabinete Cient\u00edfico.<\/p>\n<p>Desde la fuerza policial informaron que no se encontraron signos de violencia en la vivienda, pero se continuar\u00e1 investigando para determinar las circunstancias exactas de la muerte de Jos\u00e9 Luis Leoni.<\/p>\n","protected":false},"excerpt":{"rendered":"<p>En una tr\u00e1gica escena descubierta esta tarde, el cuerpo de Jos\u00e9 Luis Leoni, de 65 a\u00f1os, fue hallado sin vida dentro de su domicilio en la calle Jos\u00e9 Hern\u00e1ndez al 650. El descubrimiento se produjo despu\u00e9s de que su primo, preocupado por la falta de comunicaci\u00f3n desde el 21 de junio, alertara a las autoridades. &hellip;<\/p>\n","protected":false},"author":1,"featured_media":8043,"comment_status":"open","ping_status":"open","sticky":false,"template":"","format":"standard","meta":{"content-type":"","_monsterinsights_skip_tracking":false,"_monsterinsights_sitenote_active":false,"_monsterinsights_sitenote_note":"","_monsterinsights_sitenote_category":0,"_jetpack_memberships_contains_paid_content":false,"footnotes":"","jetpack_publicize_message":"","jetpack_publicize_feature_enabled":true,"jetpack_social_post_already_shared":true,"jetpack_social_options":{"image_generator_settings":{"template":"highway","default_image_id":0,"font":"","enabled":false},"version":2}},"categories":[67,86,68],"tags":[200],"class_list":["post-8041","post","type-post","status-publish","format-standard","has-post-thumbnail","hentry","category-chaco","category-policiales","category-resistencia","tag-destacada"],"yoast_head":"<!-- This site is optimized with the Yoast SEO plugin v27.4 - https:\/\/yoast.com\/product\/yoast-seo-wordpress\/ -->\n<title>Misterio en la calle Jos\u00e9 Hern\u00e1ndez: Hallan cad\u00e1ver de hombre tras 15 d\u00edas de silencio | Al Dia Chaco<\/title>\n<meta name=\"robots\" content=\"index, follow, max-snippet:-1, max-image-preview:large, max-video-preview:-1\" \/>\n<link rel=\"canonical\" href=\"https:\/\/aldiachaco.com.ar\/index.php\/2024\/07\/06\/misterio-en-la-calle-jose-hernandez-hallan-cadaver-de-hombre-tras-15-dias-de-silencio\/\" \/>\n<meta property=\"og:locale\" content=\"es_ES\" \/>\n<meta property=\"og:type\" content=\"article\" \/>\n<meta property=\"og:title\" content=\"Misterio en la calle Jos\u00e9 Hern\u00e1ndez: Hallan cad\u00e1ver de hombre tras 15 d\u00edas de silencio | Al Dia Chaco\" \/>\n<meta property=\"og:description\" content=\"En una tr\u00e1gica escena descubierta esta tarde, el cuerpo de Jos\u00e9 Luis Leoni, de 65 a\u00f1os, fue hallado sin vida dentro de su domicilio en la calle Jos\u00e9 Hern\u00e1ndez al 650. El descubrimiento se produjo despu\u00e9s de que su primo, preocupado por la falta de comunicaci\u00f3n desde el 21 de junio, alertara a las autoridades. &hellip;\" \/>\n<meta property=\"og:url\" content=\"https:\/\/aldiachaco.com.ar\/index.php\/2024\/07\/06\/misterio-en-la-calle-jose-hernandez-hallan-cadaver-de-hombre-tras-15-dias-de-silencio\/\" \/>\n<meta property=\"og:site_name\" content=\"Al Dia Chaco\" \/>\n<meta property=\"article:published_time\" content=\"2024-07-06T22:34:31+00:00\" \/>\n<meta property=\"og:image\" content=\"https:\/\/aldiachaco.com.ar\/wp-content\/uploads\/2024\/07\/505-Tiros.jpg\" \/>\n\t<meta property=\"og:image:width\" content=\"800\" \/>\n\t<meta property=\"og:image:height\" content=\"579\" \/>\n\t<meta property=\"og:image:type\" content=\"image\/jpeg\" \/>\n<meta name=\"author\" content=\"aldiachaco.com.ar\" \/>\n<meta name=\"twitter:card\" content=\"summary_large_image\" \/>\n<meta name=\"twitter:label1\" content=\"Escrito por\" \/>\n\t<meta name=\"twitter:data1\" content=\"aldiachaco.com.ar\" \/>\n\t<meta name=\"twitter:label2\" content=\"Tiempo de lectura\" \/>\n\t<meta name=\"twitter:data2\" content=\"2 minutos\" \/>\n<script type=\"application\/ld+json\" class=\"yoast-schema-graph\">{\"@context\":\"https:\\\/\\\/schema.org\",\"@graph\":[{\"@type\":\"Article\",\"@id\":\"https:\\\/\\\/aldiachaco.com.ar\\\/index.php\\\/2024\\\/07\\\/06\\\/misterio-en-la-calle-jose-hernandez-hallan-cadaver-de-hombre-tras-15-dias-de-silencio\\\/#article\",\"isPartOf\":{\"@id\":\"https:\\\/\\\/aldiachaco.com.ar\\\/index.php\\\/2024\\\/07\\\/06\\\/misterio-en-la-calle-jose-hernandez-hallan-cadaver-de-hombre-tras-15-dias-de-silencio\\\/\"},\"author\":{\"name\":\"aldiachaco.com.ar\",\"@id\":\"https:\\\/\\\/aldiachaco.com.ar\\\/#\\\/schema\\\/person\\\/80113835e512ba580e79a945932487f5\"},\"headline\":\"Misterio en la calle Jos\u00e9 Hern\u00e1ndez: Hallan cad\u00e1ver de hombre tras 15 d\u00edas de silencio\",\"datePublished\":\"2024-07-06T22:34:31+00:00\",\"mainEntityOfPage\":{\"@id\":\"https:\\\/\\\/aldiachaco.com.ar\\\/index.php\\\/2024\\\/07\\\/06\\\/misterio-en-la-calle-jose-hernandez-hallan-cadaver-de-hombre-tras-15-dias-de-silencio\\\/\"},\"wordCount\":211,\"commentCount\":0,\"publisher\":{\"@id\":\"https:\\\/\\\/aldiachaco.com.ar\\\/#organization\"},\"image\":{\"@id\":\"https:\\\/\\\/aldiachaco.com.ar\\\/index.php\\\/2024\\\/07\\\/06\\\/misterio-en-la-calle-jose-hernandez-hallan-cadaver-de-hombre-tras-15-dias-de-silencio\\\/#primaryimage\"},\"thumbnailUrl\":\"https:\\\/\\\/aldiachaco.com.ar\\\/wp-content\\\/uploads\\\/2024\\\/07\\\/505-Tiros.jpg\",\"keywords\":[\"Destacada\"],\"articleSection\":[\"Chaco\",\"Policiales\",\"Resistencia\"],\"inLanguage\":\"es-AR\",\"potentialAction\":[{\"@type\":\"CommentAction\",\"name\":\"Comment\",\"target\":[\"https:\\\/\\\/aldiachaco.com.ar\\\/index.php\\\/2024\\\/07\\\/06\\\/misterio-en-la-calle-jose-hernandez-hallan-cadaver-de-hombre-tras-15-dias-de-silencio\\\/#respond\"]}]},{\"@type\":\"WebPage\",\"@id\":\"https:\\\/\\\/aldiachaco.com.ar\\\/index.php\\\/2024\\\/07\\\/06\\\/misterio-en-la-calle-jose-hernandez-hallan-cadaver-de-hombre-tras-15-dias-de-silencio\\\/\",\"url\":\"https:\\\/\\\/aldiachaco.com.ar\\\/index.php\\\/2024\\\/07\\\/06\\\/misterio-en-la-calle-jose-hernandez-hallan-cadaver-de-hombre-tras-15-dias-de-silencio\\\/\",\"name\":\"Misterio en la calle Jos\u00e9 Hern\u00e1ndez: Hallan cad\u00e1ver de hombre tras 15 d\u00edas de silencio | Al Dia Chaco\",\"isPartOf\":{\"@id\":\"https:\\\/\\\/aldiachaco.com.ar\\\/#website\"},\"primaryImageOfPage\":{\"@id\":\"https:\\\/\\\/aldiachaco.com.ar\\\/index.php\\\/2024\\\/07\\\/06\\\/misterio-en-la-calle-jose-hernandez-hallan-cadaver-de-hombre-tras-15-dias-de-silencio\\\/#primaryimage\"},\"image\":{\"@id\":\"https:\\\/\\\/aldiachaco.com.ar\\\/index.php\\\/2024\\\/07\\\/06\\\/misterio-en-la-calle-jose-hernandez-hallan-cadaver-de-hombre-tras-15-dias-de-silencio\\\/#primaryimage\"},\"thumbnailUrl\":\"https:\\\/\\\/aldiachaco.com.ar\\\/wp-content\\\/uploads\\\/2024\\\/07\\\/505-Tiros.jpg\",\"datePublished\":\"2024-07-06T22:34:31+00:00\",\"breadcrumb\":{\"@id\":\"https:\\\/\\\/aldiachaco.com.ar\\\/index.php\\\/2024\\\/07\\\/06\\\/misterio-en-la-calle-jose-hernandez-hallan-cadaver-de-hombre-tras-15-dias-de-silencio\\\/#breadcrumb\"},\"inLanguage\":\"es-AR\",\"potentialAction\":[{\"@type\":\"ReadAction\",\"target\":[\"https:\\\/\\\/aldiachaco.com.ar\\\/index.php\\\/2024\\\/07\\\/06\\\/misterio-en-la-calle-jose-hernandez-hallan-cadaver-de-hombre-tras-15-dias-de-silencio\\\/\"]}]},{\"@type\":\"ImageObject\",\"inLanguage\":\"es-AR\",\"@id\":\"https:\\\/\\\/aldiachaco.com.ar\\\/index.php\\\/2024\\\/07\\\/06\\\/misterio-en-la-calle-jose-hernandez-hallan-cadaver-de-hombre-tras-15-dias-de-silencio\\\/#primaryimage\",\"url\":\"https:\\\/\\\/aldiachaco.com.ar\\\/wp-content\\\/uploads\\\/2024\\\/07\\\/505-Tiros.jpg\",\"contentUrl\":\"https:\\\/\\\/aldiachaco.com.ar\\\/wp-content\\\/uploads\\\/2024\\\/07\\\/505-Tiros.jpg\",\"width\":800,\"height\":579},{\"@type\":\"BreadcrumbList\",\"@id\":\"https:\\\/\\\/aldiachaco.com.ar\\\/index.php\\\/2024\\\/07\\\/06\\\/misterio-en-la-calle-jose-hernandez-hallan-cadaver-de-hombre-tras-15-dias-de-silencio\\\/#breadcrumb\",\"itemListElement\":[{\"@type\":\"ListItem\",\"position\":1,\"name\":\"Home\",\"item\":\"https:\\\/\\\/aldiachaco.com.ar\\\/\"},{\"@type\":\"ListItem\",\"position\":2,\"name\":\"Misterio en la calle Jos\u00e9 Hern\u00e1ndez: Hallan cad\u00e1ver de hombre tras 15 d\u00edas de silencio\"}]},{\"@type\":\"WebSite\",\"@id\":\"https:\\\/\\\/aldiachaco.com.ar\\\/#website\",\"url\":\"https:\\\/\\\/aldiachaco.com.ar\\\/\",\"name\":\"Al Dia Chaco\",\"description\":\"Noticias del Chaco y el mundo\",\"publisher\":{\"@id\":\"https:\\\/\\\/aldiachaco.com.ar\\\/#organization\"},\"alternateName\":\"Al D\u00eda Chaco\",\"potentialAction\":[{\"@type\":\"SearchAction\",\"target\":{\"@type\":\"EntryPoint\",\"urlTemplate\":\"https:\\\/\\\/aldiachaco.com.ar\\\/?s={search_term_string}\"},\"query-input\":{\"@type\":\"PropertyValueSpecification\",\"valueRequired\":true,\"valueName\":\"search_term_string\"}}],\"inLanguage\":\"es-AR\"},{\"@type\":\"Organization\",\"@id\":\"https:\\\/\\\/aldiachaco.com.ar\\\/#organization\",\"name\":\"Al Dia Chaco\",\"url\":\"https:\\\/\\\/aldiachaco.com.ar\\\/\",\"logo\":{\"@type\":\"ImageObject\",\"inLanguage\":\"es-AR\",\"@id\":\"https:\\\/\\\/aldiachaco.com.ar\\\/#\\\/schema\\\/logo\\\/image\\\/\",\"url\":\"https:\\\/\\\/aldiachaco.com.ar\\\/wp-content\\\/uploads\\\/2017\\\/11\\\/AL-DIA-CHACO-L@2x.png\",\"contentUrl\":\"https:\\\/\\\/aldiachaco.com.ar\\\/wp-content\\\/uploads\\\/2017\\\/11\\\/AL-DIA-CHACO-L@2x.png\",\"width\":232,\"height\":60,\"caption\":\"Al Dia Chaco\"},\"image\":{\"@id\":\"https:\\\/\\\/aldiachaco.com.ar\\\/#\\\/schema\\\/logo\\\/image\\\/\"}},{\"@type\":\"Person\",\"@id\":\"https:\\\/\\\/aldiachaco.com.ar\\\/#\\\/schema\\\/person\\\/80113835e512ba580e79a945932487f5\",\"name\":\"aldiachaco.com.ar\",\"image\":{\"@type\":\"ImageObject\",\"inLanguage\":\"es-AR\",\"@id\":\"https:\\\/\\\/aldiachaco.com.ar\\\/wp-content\\\/litespeed\\\/avatar\\\/a7c4ebc5454089d3fd4ef6b87fdd073a.jpg?ver=1777471945\",\"url\":\"https:\\\/\\\/aldiachaco.com.ar\\\/wp-content\\\/litespeed\\\/avatar\\\/a7c4ebc5454089d3fd4ef6b87fdd073a.jpg?ver=1777471945\",\"contentUrl\":\"https:\\\/\\\/aldiachaco.com.ar\\\/wp-content\\\/litespeed\\\/avatar\\\/a7c4ebc5454089d3fd4ef6b87fdd073a.jpg?ver=1777471945\",\"caption\":\"aldiachaco.com.ar\"},\"sameAs\":[\"https:\\\/\\\/aldiachaco.com.ar\"],\"url\":\"https:\\\/\\\/aldiachaco.com.ar\\\/index.php\\\/author\\\/lime-camel-884546-hostingersite-com\\\/\"}]}<\/script>\n<!-- \/ Yoast SEO plugin. -->","yoast_head_json":{"title":"Misterio en la calle Jos\u00e9 Hern\u00e1ndez: Hallan cad\u00e1ver de hombre tras 15 d\u00edas de silencio | Al Dia Chaco","robots":{"index":"index","follow":"follow","max-snippet":"max-snippet:-1","max-image-preview":"max-image-preview:large","max-video-preview":"max-video-preview:-1"},"canonical":"https:\/\/aldiachaco.com.ar\/index.php\/2024\/07\/06\/misterio-en-la-calle-jose-hernandez-hallan-cadaver-de-hombre-tras-15-dias-de-silencio\/","og_locale":"es_ES","og_type":"article","og_title":"Misterio en la calle Jos\u00e9 Hern\u00e1ndez: Hallan cad\u00e1ver de hombre tras 15 d\u00edas de silencio | Al Dia Chaco","og_description":"En una tr\u00e1gica escena descubierta esta tarde, el cuerpo de Jos\u00e9 Luis Leoni, de 65 a\u00f1os, fue hallado sin vida dentro de su domicilio en la calle Jos\u00e9 Hern\u00e1ndez al 650. El descubrimiento se produjo despu\u00e9s de que su primo, preocupado por la falta de comunicaci\u00f3n desde el 21 de junio, alertara a las autoridades. &hellip;","og_url":"https:\/\/aldiachaco.com.ar\/index.php\/2024\/07\/06\/misterio-en-la-calle-jose-hernandez-hallan-cadaver-de-hombre-tras-15-dias-de-silencio\/","og_site_name":"Al Dia Chaco","article_published_time":"2024-07-06T22:34:31+00:00","og_image":[{"width":800,"height":579,"url":"https:\/\/aldiachaco.com.ar\/wp-content\/uploads\/2024\/07\/505-Tiros.jpg","type":"image\/jpeg"}],"author":"aldiachaco.com.ar","twitter_card":"summary_large_image","twitter_misc":{"Escrito por":"aldiachaco.com.ar","Tiempo de lectura":"2 minutos"},"schema":{"@context":"https:\/\/schema.org","@graph":[{"@type":"Article","@id":"https:\/\/aldiachaco.com.ar\/index.php\/2024\/07\/06\/misterio-en-la-calle-jose-hernandez-hallan-cadaver-de-hombre-tras-15-dias-de-silencio\/#article","isPartOf":{"@id":"https:\/\/aldiachaco.com.ar\/index.php\/2024\/07\/06\/misterio-en-la-calle-jose-hernandez-hallan-cadaver-de-hombre-tras-15-dias-de-silencio\/"},"author":{"name":"aldiachaco.com.ar","@id":"https:\/\/aldiachaco.com.ar\/#\/schema\/person\/80113835e512ba580e79a945932487f5"},"headline":"Misterio en la calle Jos\u00e9 Hern\u00e1ndez: Hallan cad\u00e1ver de hombre tras 15 d\u00edas de silencio","datePublished":"2024-07-06T22:34:31+00:00","mainEntityOfPage":{"@id":"https:\/\/aldiachaco.com.ar\/index.php\/2024\/07\/06\/misterio-en-la-calle-jose-hernandez-hallan-cadaver-de-hombre-tras-15-dias-de-silencio\/"},"wordCount":211,"commentCount":0,"publisher":{"@id":"https:\/\/aldiachaco.com.ar\/#organization"},"image":{"@id":"https:\/\/aldiachaco.com.ar\/index.php\/2024\/07\/06\/misterio-en-la-calle-jose-hernandez-hallan-cadaver-de-hombre-tras-15-dias-de-silencio\/#primaryimage"},"thumbnailUrl":"https:\/\/aldiachaco.com.ar\/wp-content\/uploads\/2024\/07\/505-Tiros.jpg","keywords":["Destacada"],"articleSection":["Chaco","Policiales","Resistencia"],"inLanguage":"es-AR","potentialAction":[{"@type":"CommentAction","name":"Comment","target":["https:\/\/aldiachaco.com.ar\/index.php\/2024\/07\/06\/misterio-en-la-calle-jose-hernandez-hallan-cadaver-de-hombre-tras-15-dias-de-silencio\/#respond"]}]},{"@type":"WebPage","@id":"https:\/\/aldiachaco.com.ar\/index.php\/2024\/07\/06\/misterio-en-la-calle-jose-hernandez-hallan-cadaver-de-hombre-tras-15-dias-de-silencio\/","url":"https:\/\/aldiachaco.com.ar\/index.php\/2024\/07\/06\/misterio-en-la-calle-jose-hernandez-hallan-cadaver-de-hombre-tras-15-dias-de-silencio\/","name":"Misterio en la calle Jos\u00e9 Hern\u00e1ndez: Hallan cad\u00e1ver de hombre tras 15 d\u00edas de silencio | Al Dia Chaco","isPartOf":{"@id":"https:\/\/aldiachaco.com.ar\/#website"},"primaryImageOfPage":{"@id":"https:\/\/aldiachaco.com.ar\/index.php\/2024\/07\/06\/misterio-en-la-calle-jose-hernandez-hallan-cadaver-de-hombre-tras-15-dias-de-silencio\/#primaryimage"},"image":{"@id":"https:\/\/aldiachaco.com.ar\/index.php\/2024\/07\/06\/misterio-en-la-calle-jose-hernandez-hallan-cadaver-de-hombre-tras-15-dias-de-silencio\/#primaryimage"},"thumbnailUrl":"https:\/\/aldiachaco.com.ar\/wp-content\/uploads\/2024\/07\/505-Tiros.jpg","datePublished":"2024-07-06T22:34:31+00:00","breadcrumb":{"@id":"https:\/\/aldiachaco.com.ar\/index.php\/2024\/07\/06\/misterio-en-la-calle-jose-hernandez-hallan-cadaver-de-hombre-tras-15-dias-de-silencio\/#breadcrumb"},"inLanguage":"es-AR","potentialAction":[{"@type":"ReadAction","target":["https:\/\/aldiachaco.com.ar\/index.php\/2024\/07\/06\/misterio-en-la-calle-jose-hernandez-hallan-cadaver-de-hombre-tras-15-dias-de-silencio\/"]}]},{"@type":"ImageObject","inLanguage":"es-AR","@id":"https:\/\/aldiachaco.com.ar\/index.php\/2024\/07\/06\/misterio-en-la-calle-jose-hernandez-hallan-cadaver-de-hombre-tras-15-dias-de-silencio\/#primaryimage","url":"https:\/\/aldiachaco.com.ar\/wp-content\/uploads\/2024\/07\/505-Tiros.jpg","contentUrl":"https:\/\/aldiachaco.com.ar\/wp-content\/uploads\/2024\/07\/505-Tiros.jpg","width":800,"height":579},{"@type":"BreadcrumbList","@id":"https:\/\/aldiachaco.com.ar\/index.php\/2024\/07\/06\/misterio-en-la-calle-jose-hernandez-hallan-cadaver-de-hombre-tras-15-dias-de-silencio\/#breadcrumb","itemListElement":[{"@type":"ListItem","position":1,"name":"Home","item":"https:\/\/aldiachaco.com.ar\/"},{"@type":"ListItem","position":2,"name":"Misterio en la calle Jos\u00e9 Hern\u00e1ndez: Hallan cad\u00e1ver de hombre tras 15 d\u00edas de silencio"}]},{"@type":"WebSite","@id":"https:\/\/aldiachaco.com.ar\/#website","url":"https:\/\/aldiachaco.com.ar\/","name":"Al Dia Chaco","description":"Noticias del Chaco y el mundo","publisher":{"@id":"https:\/\/aldiachaco.com.ar\/#organization"},"alternateName":"Al D\u00eda Chaco","potentialAction":[{"@type":"SearchAction","target":{"@type":"EntryPoint","urlTemplate":"https:\/\/aldiachaco.com.ar\/?s={search_term_string}"},"query-input":{"@type":"PropertyValueSpecification","valueRequired":true,"valueName":"search_term_string"}}],"inLanguage":"es-AR"},{"@type":"Organization","@id":"https:\/\/aldiachaco.com.ar\/#organization","name":"Al Dia Chaco","url":"https:\/\/aldiachaco.com.ar\/","logo":{"@type":"ImageObject","inLanguage":"es-AR","@id":"https:\/\/aldiachaco.com.ar\/#\/schema\/logo\/image\/","url":"https:\/\/aldiachaco.com.ar\/wp-content\/uploads\/2017\/11\/AL-DIA-CHACO-L@2x.png","contentUrl":"https:\/\/aldiachaco.com.ar\/wp-content\/uploads\/2017\/11\/AL-DIA-CHACO-L@2x.png","width":232,"height":60,"caption":"Al Dia Chaco"},"image":{"@id":"https:\/\/aldiachaco.com.ar\/#\/schema\/logo\/image\/"}},{"@type":"Person","@id":"https:\/\/aldiachaco.com.ar\/#\/schema\/person\/80113835e512ba580e79a945932487f5","name":"aldiachaco.com.ar","image":{"@type":"ImageObject","inLanguage":"es-AR","@id":"https:\/\/aldiachaco.com.ar\/wp-content\/litespeed\/avatar\/a7c4ebc5454089d3fd4ef6b87fdd073a.jpg?ver=1777471945","url":"https:\/\/aldiachaco.com.ar\/wp-content\/litespeed\/avatar\/a7c4ebc5454089d3fd4ef6b87fdd073a.jpg?ver=1777471945","contentUrl":"https:\/\/aldiachaco.com.ar\/wp-content\/litespeed\/avatar\/a7c4ebc5454089d3fd4ef6b87fdd073a.jpg?ver=1777471945","caption":"aldiachaco.com.ar"},"sameAs":["https:\/\/aldiachaco.com.ar"],"url":"https:\/\/aldiachaco.com.ar\/index.php\/author\/lime-camel-884546-hostingersite-com\/"}]}},"jetpack_publicize_connections":[],"jetpack_featured_media_url":"https:\/\/aldiachaco.com.ar\/wp-content\/uploads\/2024\/07\/505-Tiros.jpg","jetpack_sharing_enabled":true,"amp_enabled":true,"_links":{"self":[{"href":"https:\/\/aldiachaco.com.ar\/index.php\/wp-json\/wp\/v2\/posts\/8041","targetHints":{"allow":["GET"]}}],"collection":[{"href":"https:\/\/aldiachaco.com.ar\/index.php\/wp-json\/wp\/v2\/posts"}],"about":[{"href":"https:\/\/aldiachaco.com.ar\/index.php\/wp-json\/wp\/v2\/types\/post"}],"author":[{"embeddable":true,"href":"https:\/\/aldiachaco.com.ar\/index.php\/wp-json\/wp\/v2\/users\/1"}],"replies":[{"embeddable":true,"href":"https:\/\/aldiachaco.com.ar\/index.php\/wp-json\/wp\/v2\/comments?post=8041"}],"version-history":[{"count":1,"href":"https:\/\/aldiachaco.com.ar\/index.php\/wp-json\/wp\/v2\/posts\/8041\/revisions"}],"predecessor-version":[{"id":8044,"href":"https:\/\/aldiachaco.com.ar\/index.php\/wp-json\/wp\/v2\/posts\/8041\/revisions\/8044"}],"wp:featuredmedia":[{"embeddable":true,"href":"https:\/\/aldiachaco.com.ar\/index.php\/wp-json\/wp\/v2\/media\/8043"}],"wp:attachment":[{"href":"https:\/\/aldiachaco.com.ar\/index.php\/wp-json\/wp\/v2\/media?parent=8041"}],"wp:term":[{"taxonomy":"category","embeddable":true,"href":"https:\/\/aldiachaco.com.ar\/index.php\/wp-json\/wp\/v2\/categories?post=8041"},{"taxonomy":"post_tag","embeddable":true,"href":"https:\/\/aldiachaco.com.ar\/index.php\/wp-json\/wp\/v2\/tags?post=8041"}],"curies":[{"name":"wp","href":"https:\/\/api.w.org\/{rel}","templated":true}]}}