{"id":7712,"date":"2024-06-27T12:08:29","date_gmt":"2024-06-27T15:08:29","guid":{"rendered":"https:\/\/aldiachaco.com.ar\/?p=7712"},"modified":"2024-06-27T12:27:04","modified_gmt":"2024-06-27T15:27:04","slug":"fiesta-clandestina-se-convierte-en-pesadilla-un-joven-fue-apunalado-y-pelea-por-su-vida","status":"publish","type":"post","link":"https:\/\/aldiachaco.com.ar\/index.php\/2024\/06\/27\/fiesta-clandestina-se-convierte-en-pesadilla-un-joven-fue-apunalado-y-pelea-por-su-vida\/","title":{"rendered":"Fiesta clandestina se convierte en pesadilla: Un joven fue apu\u00f1alado y pelea por su vida"},"content":{"rendered":"<p>Un joven correntino de 17 a\u00f1os se encuentra internado en grave estado luego de haber sido apu\u00f1alado por otro menor durante una fiesta clandestina en el barrio Villa Raquel, en la capital provincial de Corrientes.<\/p>\n<p>El incidente tuvo lugar en una fiesta organizada en una Asociaci\u00f3n de Veteranos ubicada en la calle Andaluc\u00eda al 3100, a unos cinco kil\u00f3metros de la zona urbana. Las autoridades contin\u00faan investigando los hechos para determinar los motivos que llevaron al ataque, en el que un joven no identificado apu\u00f1al\u00f3 a la v\u00edctima en el abdomen.<\/p>\n<p>Seg\u00fan fuentes cercanas, el apu\u00f1alamiento ocurri\u00f3 tras una pelea en la fiesta clandestina, que se realizaba en un local inhabilitado para ese tipo de eventos. El lugar, utilizado habitualmente para reuniones de la Asociaci\u00f3n de F\u00fatbol de Veteranos, hab\u00eda sido alquilado por un grupo de j\u00f3venes bajo el pretexto de celebrar un cumplea\u00f1os de 15. Sin embargo, en realidad se llevaba a cabo un evento denominado &#8220;Lokura&#8221;, con entradas que costaban entre $1500 y $2000. La falta de seguridad permiti\u00f3 que uno de los asistentes ingresara con un cuchillo, que luego utiliz\u00f3 para herir a la v\u00edctima.<\/p>\n<p>Despu\u00e9s del ataque, el joven herido fue trasladado de urgencia al Hospital Escuela &#8220;Jos\u00e9 Francisco San Mart\u00edn&#8221;, donde ingres\u00f3 en estado cr\u00edtico. El cuchillo le perfor\u00f3 un ri\u00f1\u00f3n, adem\u00e1s de afectar su p\u00e1ncreas y su h\u00edgado. El joven fue sometido a una intervenci\u00f3n quir\u00fargica y permanece internado en cuidados intensivos.<\/p>\n<p>&#8220;Est\u00e1 en estado cr\u00edtico, peleando por su vida. Le bajaron las dosis de los remedios que le estaban dando y pudo abrir los ojos, pero no est\u00e1 a salvo&#8221;, declar\u00f3 su padre a radio Sudamericana.<\/p>\n","protected":false},"excerpt":{"rendered":"<p>Un joven correntino de 17 a\u00f1os se encuentra internado en grave estado luego de haber sido apu\u00f1alado por otro menor durante una fiesta clandestina en el barrio Villa Raquel, en la capital provincial de Corrientes. El incidente tuvo lugar en una fiesta organizada en una Asociaci\u00f3n de Veteranos ubicada en la calle Andaluc\u00eda al 3100, &hellip;<\/p>\n","protected":false},"author":1,"featured_media":7713,"comment_status":"open","ping_status":"open","sticky":false,"template":"","format":"standard","meta":{"content-type":"","_monsterinsights_skip_tracking":false,"_monsterinsights_sitenote_active":false,"_monsterinsights_sitenote_note":"","_monsterinsights_sitenote_category":0,"_jetpack_memberships_contains_paid_content":false,"footnotes":"","jetpack_publicize_message":"","jetpack_publicize_feature_enabled":true,"jetpack_social_post_already_shared":false,"jetpack_social_options":{"image_generator_settings":{"template":"highway","default_image_id":0,"font":"","enabled":false},"version":2}},"categories":[199,86],"tags":[],"class_list":["post-7712","post","type-post","status-publish","format-standard","has-post-thumbnail","hentry","category-corrientes","category-policiales"],"yoast_head":"<!-- This site is optimized with the Yoast SEO plugin v27.4 - https:\/\/yoast.com\/product\/yoast-seo-wordpress\/ -->\n<title>Fiesta clandestina se convierte en pesadilla: Un joven fue apu\u00f1alado y pelea por su vida | Al Dia Chaco<\/title>\n<meta name=\"robots\" content=\"index, follow, max-snippet:-1, max-image-preview:large, max-video-preview:-1\" \/>\n<link rel=\"canonical\" href=\"https:\/\/aldiachaco.com.ar\/index.php\/2024\/06\/27\/fiesta-clandestina-se-convierte-en-pesadilla-un-joven-fue-apunalado-y-pelea-por-su-vida\/\" \/>\n<meta property=\"og:locale\" content=\"es_ES\" \/>\n<meta property=\"og:type\" content=\"article\" \/>\n<meta property=\"og:title\" content=\"Fiesta clandestina se convierte en pesadilla: Un joven fue apu\u00f1alado y pelea por su vida | Al Dia Chaco\" \/>\n<meta property=\"og:description\" content=\"Un joven correntino de 17 a\u00f1os se encuentra internado en grave estado luego de haber sido apu\u00f1alado por otro menor durante una fiesta clandestina en el barrio Villa Raquel, en la capital provincial de Corrientes. El incidente tuvo lugar en una fiesta organizada en una Asociaci\u00f3n de Veteranos ubicada en la calle Andaluc\u00eda al 3100, &hellip;\" \/>\n<meta property=\"og:url\" content=\"https:\/\/aldiachaco.com.ar\/index.php\/2024\/06\/27\/fiesta-clandestina-se-convierte-en-pesadilla-un-joven-fue-apunalado-y-pelea-por-su-vida\/\" \/>\n<meta property=\"og:site_name\" content=\"Al Dia Chaco\" \/>\n<meta property=\"article:published_time\" content=\"2024-06-27T15:08:29+00:00\" \/>\n<meta property=\"article:modified_time\" content=\"2024-06-27T15:27:04+00:00\" \/>\n<meta property=\"og:image\" content=\"https:\/\/aldiachaco.com.ar\/wp-content\/uploads\/2024\/06\/607354w850h486c.jpg.webp\" \/>\n\t<meta property=\"og:image:width\" content=\"850\" \/>\n\t<meta property=\"og:image:height\" content=\"486\" \/>\n\t<meta property=\"og:image:type\" content=\"image\/webp\" \/>\n<meta name=\"author\" content=\"aldiachaco.com.ar\" \/>\n<meta name=\"twitter:card\" content=\"summary_large_image\" \/>\n<meta name=\"twitter:label1\" content=\"Escrito por\" \/>\n\t<meta name=\"twitter:data1\" content=\"aldiachaco.com.ar\" \/>\n\t<meta name=\"twitter:label2\" content=\"Tiempo de lectura\" \/>\n\t<meta name=\"twitter:data2\" content=\"2 minutos\" \/>\n<script type=\"application\/ld+json\" class=\"yoast-schema-graph\">{\"@context\":\"https:\\\/\\\/schema.org\",\"@graph\":[{\"@type\":\"Article\",\"@id\":\"https:\\\/\\\/aldiachaco.com.ar\\\/index.php\\\/2024\\\/06\\\/27\\\/fiesta-clandestina-se-convierte-en-pesadilla-un-joven-fue-apunalado-y-pelea-por-su-vida\\\/#article\",\"isPartOf\":{\"@id\":\"https:\\\/\\\/aldiachaco.com.ar\\\/index.php\\\/2024\\\/06\\\/27\\\/fiesta-clandestina-se-convierte-en-pesadilla-un-joven-fue-apunalado-y-pelea-por-su-vida\\\/\"},\"author\":{\"name\":\"aldiachaco.com.ar\",\"@id\":\"https:\\\/\\\/aldiachaco.com.ar\\\/#\\\/schema\\\/person\\\/80113835e512ba580e79a945932487f5\"},\"headline\":\"Fiesta clandestina se convierte en pesadilla: Un joven fue apu\u00f1alado y pelea por su vida\",\"datePublished\":\"2024-06-27T15:08:29+00:00\",\"dateModified\":\"2024-06-27T15:27:04+00:00\",\"mainEntityOfPage\":{\"@id\":\"https:\\\/\\\/aldiachaco.com.ar\\\/index.php\\\/2024\\\/06\\\/27\\\/fiesta-clandestina-se-convierte-en-pesadilla-un-joven-fue-apunalado-y-pelea-por-su-vida\\\/\"},\"wordCount\":310,\"commentCount\":0,\"publisher\":{\"@id\":\"https:\\\/\\\/aldiachaco.com.ar\\\/#organization\"},\"image\":{\"@id\":\"https:\\\/\\\/aldiachaco.com.ar\\\/index.php\\\/2024\\\/06\\\/27\\\/fiesta-clandestina-se-convierte-en-pesadilla-un-joven-fue-apunalado-y-pelea-por-su-vida\\\/#primaryimage\"},\"thumbnailUrl\":\"https:\\\/\\\/aldiachaco.com.ar\\\/wp-content\\\/uploads\\\/2024\\\/06\\\/607354w850h486c.jpg.webp\",\"articleSection\":[\"Corrientes\",\"Policiales\"],\"inLanguage\":\"es-AR\",\"potentialAction\":[{\"@type\":\"CommentAction\",\"name\":\"Comment\",\"target\":[\"https:\\\/\\\/aldiachaco.com.ar\\\/index.php\\\/2024\\\/06\\\/27\\\/fiesta-clandestina-se-convierte-en-pesadilla-un-joven-fue-apunalado-y-pelea-por-su-vida\\\/#respond\"]}]},{\"@type\":\"WebPage\",\"@id\":\"https:\\\/\\\/aldiachaco.com.ar\\\/index.php\\\/2024\\\/06\\\/27\\\/fiesta-clandestina-se-convierte-en-pesadilla-un-joven-fue-apunalado-y-pelea-por-su-vida\\\/\",\"url\":\"https:\\\/\\\/aldiachaco.com.ar\\\/index.php\\\/2024\\\/06\\\/27\\\/fiesta-clandestina-se-convierte-en-pesadilla-un-joven-fue-apunalado-y-pelea-por-su-vida\\\/\",\"name\":\"Fiesta clandestina se convierte en pesadilla: Un joven fue apu\u00f1alado y pelea por su vida | Al Dia Chaco\",\"isPartOf\":{\"@id\":\"https:\\\/\\\/aldiachaco.com.ar\\\/#website\"},\"primaryImageOfPage\":{\"@id\":\"https:\\\/\\\/aldiachaco.com.ar\\\/index.php\\\/2024\\\/06\\\/27\\\/fiesta-clandestina-se-convierte-en-pesadilla-un-joven-fue-apunalado-y-pelea-por-su-vida\\\/#primaryimage\"},\"image\":{\"@id\":\"https:\\\/\\\/aldiachaco.com.ar\\\/index.php\\\/2024\\\/06\\\/27\\\/fiesta-clandestina-se-convierte-en-pesadilla-un-joven-fue-apunalado-y-pelea-por-su-vida\\\/#primaryimage\"},\"thumbnailUrl\":\"https:\\\/\\\/aldiachaco.com.ar\\\/wp-content\\\/uploads\\\/2024\\\/06\\\/607354w850h486c.jpg.webp\",\"datePublished\":\"2024-06-27T15:08:29+00:00\",\"dateModified\":\"2024-06-27T15:27:04+00:00\",\"breadcrumb\":{\"@id\":\"https:\\\/\\\/aldiachaco.com.ar\\\/index.php\\\/2024\\\/06\\\/27\\\/fiesta-clandestina-se-convierte-en-pesadilla-un-joven-fue-apunalado-y-pelea-por-su-vida\\\/#breadcrumb\"},\"inLanguage\":\"es-AR\",\"potentialAction\":[{\"@type\":\"ReadAction\",\"target\":[\"https:\\\/\\\/aldiachaco.com.ar\\\/index.php\\\/2024\\\/06\\\/27\\\/fiesta-clandestina-se-convierte-en-pesadilla-un-joven-fue-apunalado-y-pelea-por-su-vida\\\/\"]}]},{\"@type\":\"ImageObject\",\"inLanguage\":\"es-AR\",\"@id\":\"https:\\\/\\\/aldiachaco.com.ar\\\/index.php\\\/2024\\\/06\\\/27\\\/fiesta-clandestina-se-convierte-en-pesadilla-un-joven-fue-apunalado-y-pelea-por-su-vida\\\/#primaryimage\",\"url\":\"https:\\\/\\\/aldiachaco.com.ar\\\/wp-content\\\/uploads\\\/2024\\\/06\\\/607354w850h486c.jpg.webp\",\"contentUrl\":\"https:\\\/\\\/aldiachaco.com.ar\\\/wp-content\\\/uploads\\\/2024\\\/06\\\/607354w850h486c.jpg.webp\",\"width\":850,\"height\":486},{\"@type\":\"BreadcrumbList\",\"@id\":\"https:\\\/\\\/aldiachaco.com.ar\\\/index.php\\\/2024\\\/06\\\/27\\\/fiesta-clandestina-se-convierte-en-pesadilla-un-joven-fue-apunalado-y-pelea-por-su-vida\\\/#breadcrumb\",\"itemListElement\":[{\"@type\":\"ListItem\",\"position\":1,\"name\":\"Home\",\"item\":\"https:\\\/\\\/aldiachaco.com.ar\\\/\"},{\"@type\":\"ListItem\",\"position\":2,\"name\":\"Fiesta clandestina se convierte en pesadilla: Un joven fue apu\u00f1alado y pelea por su vida\"}]},{\"@type\":\"WebSite\",\"@id\":\"https:\\\/\\\/aldiachaco.com.ar\\\/#website\",\"url\":\"https:\\\/\\\/aldiachaco.com.ar\\\/\",\"name\":\"Al Dia Chaco\",\"description\":\"Noticias del Chaco y el mundo\",\"publisher\":{\"@id\":\"https:\\\/\\\/aldiachaco.com.ar\\\/#organization\"},\"alternateName\":\"Al D\u00eda Chaco\",\"potentialAction\":[{\"@type\":\"SearchAction\",\"target\":{\"@type\":\"EntryPoint\",\"urlTemplate\":\"https:\\\/\\\/aldiachaco.com.ar\\\/?s={search_term_string}\"},\"query-input\":{\"@type\":\"PropertyValueSpecification\",\"valueRequired\":true,\"valueName\":\"search_term_string\"}}],\"inLanguage\":\"es-AR\"},{\"@type\":\"Organization\",\"@id\":\"https:\\\/\\\/aldiachaco.com.ar\\\/#organization\",\"name\":\"Al Dia Chaco\",\"url\":\"https:\\\/\\\/aldiachaco.com.ar\\\/\",\"logo\":{\"@type\":\"ImageObject\",\"inLanguage\":\"es-AR\",\"@id\":\"https:\\\/\\\/aldiachaco.com.ar\\\/#\\\/schema\\\/logo\\\/image\\\/\",\"url\":\"https:\\\/\\\/aldiachaco.com.ar\\\/wp-content\\\/uploads\\\/2017\\\/11\\\/AL-DIA-CHACO-L@2x.png\",\"contentUrl\":\"https:\\\/\\\/aldiachaco.com.ar\\\/wp-content\\\/uploads\\\/2017\\\/11\\\/AL-DIA-CHACO-L@2x.png\",\"width\":232,\"height\":60,\"caption\":\"Al Dia Chaco\"},\"image\":{\"@id\":\"https:\\\/\\\/aldiachaco.com.ar\\\/#\\\/schema\\\/logo\\\/image\\\/\"}},{\"@type\":\"Person\",\"@id\":\"https:\\\/\\\/aldiachaco.com.ar\\\/#\\\/schema\\\/person\\\/80113835e512ba580e79a945932487f5\",\"name\":\"aldiachaco.com.ar\",\"image\":{\"@type\":\"ImageObject\",\"inLanguage\":\"es-AR\",\"@id\":\"https:\\\/\\\/aldiachaco.com.ar\\\/wp-content\\\/litespeed\\\/avatar\\\/a7c4ebc5454089d3fd4ef6b87fdd073a.jpg?ver=1777471945\",\"url\":\"https:\\\/\\\/aldiachaco.com.ar\\\/wp-content\\\/litespeed\\\/avatar\\\/a7c4ebc5454089d3fd4ef6b87fdd073a.jpg?ver=1777471945\",\"contentUrl\":\"https:\\\/\\\/aldiachaco.com.ar\\\/wp-content\\\/litespeed\\\/avatar\\\/a7c4ebc5454089d3fd4ef6b87fdd073a.jpg?ver=1777471945\",\"caption\":\"aldiachaco.com.ar\"},\"sameAs\":[\"https:\\\/\\\/aldiachaco.com.ar\"],\"url\":\"https:\\\/\\\/aldiachaco.com.ar\\\/index.php\\\/author\\\/lime-camel-884546-hostingersite-com\\\/\"}]}<\/script>\n<!-- \/ Yoast SEO plugin. -->","yoast_head_json":{"title":"Fiesta clandestina se convierte en pesadilla: Un joven fue apu\u00f1alado y pelea por su vida | Al Dia Chaco","robots":{"index":"index","follow":"follow","max-snippet":"max-snippet:-1","max-image-preview":"max-image-preview:large","max-video-preview":"max-video-preview:-1"},"canonical":"https:\/\/aldiachaco.com.ar\/index.php\/2024\/06\/27\/fiesta-clandestina-se-convierte-en-pesadilla-un-joven-fue-apunalado-y-pelea-por-su-vida\/","og_locale":"es_ES","og_type":"article","og_title":"Fiesta clandestina se convierte en pesadilla: Un joven fue apu\u00f1alado y pelea por su vida | Al Dia Chaco","og_description":"Un joven correntino de 17 a\u00f1os se encuentra internado en grave estado luego de haber sido apu\u00f1alado por otro menor durante una fiesta clandestina en el barrio Villa Raquel, en la capital provincial de Corrientes. El incidente tuvo lugar en una fiesta organizada en una Asociaci\u00f3n de Veteranos ubicada en la calle Andaluc\u00eda al 3100, &hellip;","og_url":"https:\/\/aldiachaco.com.ar\/index.php\/2024\/06\/27\/fiesta-clandestina-se-convierte-en-pesadilla-un-joven-fue-apunalado-y-pelea-por-su-vida\/","og_site_name":"Al Dia Chaco","article_published_time":"2024-06-27T15:08:29+00:00","article_modified_time":"2024-06-27T15:27:04+00:00","og_image":[{"width":850,"height":486,"url":"https:\/\/aldiachaco.com.ar\/wp-content\/uploads\/2024\/06\/607354w850h486c.jpg.webp","type":"image\/webp"}],"author":"aldiachaco.com.ar","twitter_card":"summary_large_image","twitter_misc":{"Escrito por":"aldiachaco.com.ar","Tiempo de lectura":"2 minutos"},"schema":{"@context":"https:\/\/schema.org","@graph":[{"@type":"Article","@id":"https:\/\/aldiachaco.com.ar\/index.php\/2024\/06\/27\/fiesta-clandestina-se-convierte-en-pesadilla-un-joven-fue-apunalado-y-pelea-por-su-vida\/#article","isPartOf":{"@id":"https:\/\/aldiachaco.com.ar\/index.php\/2024\/06\/27\/fiesta-clandestina-se-convierte-en-pesadilla-un-joven-fue-apunalado-y-pelea-por-su-vida\/"},"author":{"name":"aldiachaco.com.ar","@id":"https:\/\/aldiachaco.com.ar\/#\/schema\/person\/80113835e512ba580e79a945932487f5"},"headline":"Fiesta clandestina se convierte en pesadilla: Un joven fue apu\u00f1alado y pelea por su vida","datePublished":"2024-06-27T15:08:29+00:00","dateModified":"2024-06-27T15:27:04+00:00","mainEntityOfPage":{"@id":"https:\/\/aldiachaco.com.ar\/index.php\/2024\/06\/27\/fiesta-clandestina-se-convierte-en-pesadilla-un-joven-fue-apunalado-y-pelea-por-su-vida\/"},"wordCount":310,"commentCount":0,"publisher":{"@id":"https:\/\/aldiachaco.com.ar\/#organization"},"image":{"@id":"https:\/\/aldiachaco.com.ar\/index.php\/2024\/06\/27\/fiesta-clandestina-se-convierte-en-pesadilla-un-joven-fue-apunalado-y-pelea-por-su-vida\/#primaryimage"},"thumbnailUrl":"https:\/\/aldiachaco.com.ar\/wp-content\/uploads\/2024\/06\/607354w850h486c.jpg.webp","articleSection":["Corrientes","Policiales"],"inLanguage":"es-AR","potentialAction":[{"@type":"CommentAction","name":"Comment","target":["https:\/\/aldiachaco.com.ar\/index.php\/2024\/06\/27\/fiesta-clandestina-se-convierte-en-pesadilla-un-joven-fue-apunalado-y-pelea-por-su-vida\/#respond"]}]},{"@type":"WebPage","@id":"https:\/\/aldiachaco.com.ar\/index.php\/2024\/06\/27\/fiesta-clandestina-se-convierte-en-pesadilla-un-joven-fue-apunalado-y-pelea-por-su-vida\/","url":"https:\/\/aldiachaco.com.ar\/index.php\/2024\/06\/27\/fiesta-clandestina-se-convierte-en-pesadilla-un-joven-fue-apunalado-y-pelea-por-su-vida\/","name":"Fiesta clandestina se convierte en pesadilla: Un joven fue apu\u00f1alado y pelea por su vida | Al Dia Chaco","isPartOf":{"@id":"https:\/\/aldiachaco.com.ar\/#website"},"primaryImageOfPage":{"@id":"https:\/\/aldiachaco.com.ar\/index.php\/2024\/06\/27\/fiesta-clandestina-se-convierte-en-pesadilla-un-joven-fue-apunalado-y-pelea-por-su-vida\/#primaryimage"},"image":{"@id":"https:\/\/aldiachaco.com.ar\/index.php\/2024\/06\/27\/fiesta-clandestina-se-convierte-en-pesadilla-un-joven-fue-apunalado-y-pelea-por-su-vida\/#primaryimage"},"thumbnailUrl":"https:\/\/aldiachaco.com.ar\/wp-content\/uploads\/2024\/06\/607354w850h486c.jpg.webp","datePublished":"2024-06-27T15:08:29+00:00","dateModified":"2024-06-27T15:27:04+00:00","breadcrumb":{"@id":"https:\/\/aldiachaco.com.ar\/index.php\/2024\/06\/27\/fiesta-clandestina-se-convierte-en-pesadilla-un-joven-fue-apunalado-y-pelea-por-su-vida\/#breadcrumb"},"inLanguage":"es-AR","potentialAction":[{"@type":"ReadAction","target":["https:\/\/aldiachaco.com.ar\/index.php\/2024\/06\/27\/fiesta-clandestina-se-convierte-en-pesadilla-un-joven-fue-apunalado-y-pelea-por-su-vida\/"]}]},{"@type":"ImageObject","inLanguage":"es-AR","@id":"https:\/\/aldiachaco.com.ar\/index.php\/2024\/06\/27\/fiesta-clandestina-se-convierte-en-pesadilla-un-joven-fue-apunalado-y-pelea-por-su-vida\/#primaryimage","url":"https:\/\/aldiachaco.com.ar\/wp-content\/uploads\/2024\/06\/607354w850h486c.jpg.webp","contentUrl":"https:\/\/aldiachaco.com.ar\/wp-content\/uploads\/2024\/06\/607354w850h486c.jpg.webp","width":850,"height":486},{"@type":"BreadcrumbList","@id":"https:\/\/aldiachaco.com.ar\/index.php\/2024\/06\/27\/fiesta-clandestina-se-convierte-en-pesadilla-un-joven-fue-apunalado-y-pelea-por-su-vida\/#breadcrumb","itemListElement":[{"@type":"ListItem","position":1,"name":"Home","item":"https:\/\/aldiachaco.com.ar\/"},{"@type":"ListItem","position":2,"name":"Fiesta clandestina se convierte en pesadilla: Un joven fue apu\u00f1alado y pelea por su vida"}]},{"@type":"WebSite","@id":"https:\/\/aldiachaco.com.ar\/#website","url":"https:\/\/aldiachaco.com.ar\/","name":"Al Dia Chaco","description":"Noticias del Chaco y el mundo","publisher":{"@id":"https:\/\/aldiachaco.com.ar\/#organization"},"alternateName":"Al D\u00eda Chaco","potentialAction":[{"@type":"SearchAction","target":{"@type":"EntryPoint","urlTemplate":"https:\/\/aldiachaco.com.ar\/?s={search_term_string}"},"query-input":{"@type":"PropertyValueSpecification","valueRequired":true,"valueName":"search_term_string"}}],"inLanguage":"es-AR"},{"@type":"Organization","@id":"https:\/\/aldiachaco.com.ar\/#organization","name":"Al Dia Chaco","url":"https:\/\/aldiachaco.com.ar\/","logo":{"@type":"ImageObject","inLanguage":"es-AR","@id":"https:\/\/aldiachaco.com.ar\/#\/schema\/logo\/image\/","url":"https:\/\/aldiachaco.com.ar\/wp-content\/uploads\/2017\/11\/AL-DIA-CHACO-L@2x.png","contentUrl":"https:\/\/aldiachaco.com.ar\/wp-content\/uploads\/2017\/11\/AL-DIA-CHACO-L@2x.png","width":232,"height":60,"caption":"Al Dia Chaco"},"image":{"@id":"https:\/\/aldiachaco.com.ar\/#\/schema\/logo\/image\/"}},{"@type":"Person","@id":"https:\/\/aldiachaco.com.ar\/#\/schema\/person\/80113835e512ba580e79a945932487f5","name":"aldiachaco.com.ar","image":{"@type":"ImageObject","inLanguage":"es-AR","@id":"https:\/\/aldiachaco.com.ar\/wp-content\/litespeed\/avatar\/a7c4ebc5454089d3fd4ef6b87fdd073a.jpg?ver=1777471945","url":"https:\/\/aldiachaco.com.ar\/wp-content\/litespeed\/avatar\/a7c4ebc5454089d3fd4ef6b87fdd073a.jpg?ver=1777471945","contentUrl":"https:\/\/aldiachaco.com.ar\/wp-content\/litespeed\/avatar\/a7c4ebc5454089d3fd4ef6b87fdd073a.jpg?ver=1777471945","caption":"aldiachaco.com.ar"},"sameAs":["https:\/\/aldiachaco.com.ar"],"url":"https:\/\/aldiachaco.com.ar\/index.php\/author\/lime-camel-884546-hostingersite-com\/"}]}},"jetpack_publicize_connections":[],"jetpack_featured_media_url":"https:\/\/aldiachaco.com.ar\/wp-content\/uploads\/2024\/06\/607354w850h486c.jpg.webp","jetpack_sharing_enabled":true,"amp_enabled":true,"_links":{"self":[{"href":"https:\/\/aldiachaco.com.ar\/index.php\/wp-json\/wp\/v2\/posts\/7712","targetHints":{"allow":["GET"]}}],"collection":[{"href":"https:\/\/aldiachaco.com.ar\/index.php\/wp-json\/wp\/v2\/posts"}],"about":[{"href":"https:\/\/aldiachaco.com.ar\/index.php\/wp-json\/wp\/v2\/types\/post"}],"author":[{"embeddable":true,"href":"https:\/\/aldiachaco.com.ar\/index.php\/wp-json\/wp\/v2\/users\/1"}],"replies":[{"embeddable":true,"href":"https:\/\/aldiachaco.com.ar\/index.php\/wp-json\/wp\/v2\/comments?post=7712"}],"version-history":[{"count":1,"href":"https:\/\/aldiachaco.com.ar\/index.php\/wp-json\/wp\/v2\/posts\/7712\/revisions"}],"predecessor-version":[{"id":7714,"href":"https:\/\/aldiachaco.com.ar\/index.php\/wp-json\/wp\/v2\/posts\/7712\/revisions\/7714"}],"wp:featuredmedia":[{"embeddable":true,"href":"https:\/\/aldiachaco.com.ar\/index.php\/wp-json\/wp\/v2\/media\/7713"}],"wp:attachment":[{"href":"https:\/\/aldiachaco.com.ar\/index.php\/wp-json\/wp\/v2\/media?parent=7712"}],"wp:term":[{"taxonomy":"category","embeddable":true,"href":"https:\/\/aldiachaco.com.ar\/index.php\/wp-json\/wp\/v2\/categories?post=7712"},{"taxonomy":"post_tag","embeddable":true,"href":"https:\/\/aldiachaco.com.ar\/index.php\/wp-json\/wp\/v2\/tags?post=7712"}],"curies":[{"name":"wp","href":"https:\/\/api.w.org\/{rel}","templated":true}]}}