{"id":7217,"date":"2024-06-18T08:07:38","date_gmt":"2024-06-18T11:07:38","guid":{"rendered":"https:\/\/aldiachaco.com.ar\/?p=7217"},"modified":"2024-06-18T08:08:29","modified_gmt":"2024-06-18T11:08:29","slug":"cordoba-un-delincuente-estaciono-frente-a-un-auto-levanto-el-capo-y-se-llevo-la-bateria-en-pleno-centro","status":"publish","type":"post","link":"https:\/\/aldiachaco.com.ar\/index.php\/2024\/06\/18\/cordoba-un-delincuente-estaciono-frente-a-un-auto-levanto-el-capo-y-se-llevo-la-bateria-en-pleno-centro\/","title":{"rendered":"C\u00f3rdoba: un delincuente estacion\u00f3 frente a un auto, levant\u00f3 el cap\u00f3 y se llev\u00f3 la bater\u00eda en pleno Centro"},"content":{"rendered":"<p data-mrf-recirculation=\"Links p\u00e1rrafos (art\u00edculo)\"><strong>Otro hecho de inseguridad fue registrado en C\u00f3rdoba en las \u00faltimas horas:<\/strong> un delincuente estacion\u00f3 frente a un auto, forz\u00f3 el capo y se llev\u00f3 la bater\u00eda.<\/p>\n<p data-mrf-recirculation=\"Links p\u00e1rrafos (art\u00edculo)\">El robo, perpetrado este domingo al mediod\u00eda, fue captado por las c\u00e1maras de seguridad.<\/p>\n<p data-mrf-recirculation=\"Links p\u00e1rrafos (art\u00edculo)\">Un auto negro se encontraba estacionado en el centro de la ciudad, sobre Sucre al 300, cuando un conductor detuvo su veh\u00edculo azul frente al mismo.<\/p>\n<p data-mrf-recirculation=\"Links p\u00e1rrafos (art\u00edculo)\">Con rapidez, el hombre baj\u00f3 de su Volkswagen Golf y se acerc\u00f3 a la parte delantera del veh\u00edculo estacionado, un Citr\u00f6en Berlingo.<\/p>\n<p data-mrf-recirculation=\"Links p\u00e1rrafos (art\u00edculo)\">Despu\u00e9s de mirar a su alrededor, el hombre, vestido con ropa oscura y una gorra roja, comenz\u00f3 a intentar abrir el cap\u00f3 del Citr\u00f6en.<\/p>\n<p data-mrf-recirculation=\"Links p\u00e1rrafos (art\u00edculo)\">El delincuente forz\u00f3 la abertura y, a continuaci\u00f3n, volvi\u00f3 a entrar a su autom\u00f3vil mientras aumentaba el tr\u00e1fico.<\/p>\n<p data-mrf-recirculation=\"Links p\u00e1rrafos (art\u00edculo)\">Tras el paso de cinco autos y un peat\u00f3n a su lado, el ladr\u00f3n baj\u00f3 de su auto, abri\u00f3 su ba\u00fal, sac\u00f3 la bater\u00eda del Citr\u00f6en y se prest\u00f3 a la huida.<\/p>\n<p data-mrf-recirculation=\"Links p\u00e1rrafos (art\u00edculo)\">Desde que descendi\u00f3 de su Golf por segunda vez, el delincuente demor\u00f3 menos de 30 segundos en llevarse el repuesto el\u00e9ctrico.<\/p>\n<p data-mrf-recirculation=\"Links p\u00e1rrafos (art\u00edculo)\">Un dispositivo de vigilancia en la zona captur\u00f3 las im\u00e1genes del hecho. La due\u00f1a del veh\u00edculo robado, indignada, comparti\u00f3 las im\u00e1genes con El Doce y sostuvo que los hechos de inseguridad son \u201cmoneda corriente\u201d, algo diario en la zona.<\/p>\n","protected":false},"excerpt":{"rendered":"<p>Otro hecho de inseguridad fue registrado en C\u00f3rdoba en las \u00faltimas horas: un delincuente estacion\u00f3 frente a un auto, forz\u00f3 el capo y se llev\u00f3 la bater\u00eda. El robo, perpetrado este domingo al mediod\u00eda, fue captado por las c\u00e1maras de seguridad. Un auto negro se encontraba estacionado en el centro de la ciudad, sobre Sucre &hellip;<\/p>\n","protected":false},"author":1,"featured_media":7220,"comment_status":"open","ping_status":"open","sticky":false,"template":"","format":"standard","meta":{"content-type":"","_monsterinsights_skip_tracking":false,"_monsterinsights_sitenote_active":false,"_monsterinsights_sitenote_note":"","_monsterinsights_sitenote_category":0,"_jetpack_memberships_contains_paid_content":false,"footnotes":"","jetpack_publicize_message":"","jetpack_publicize_feature_enabled":true,"jetpack_social_post_already_shared":false,"jetpack_social_options":{"image_generator_settings":{"template":"highway","default_image_id":0,"font":"","enabled":false},"version":2}},"categories":[86],"tags":[],"class_list":["post-7217","post","type-post","status-publish","format-standard","has-post-thumbnail","hentry","category-policiales"],"yoast_head":"<!-- This site is optimized with the Yoast SEO plugin v27.4 - https:\/\/yoast.com\/product\/yoast-seo-wordpress\/ -->\n<title>C\u00f3rdoba: un delincuente estacion\u00f3 frente a un auto, levant\u00f3 el cap\u00f3 y se llev\u00f3 la bater\u00eda en pleno Centro | Al Dia Chaco<\/title>\n<meta name=\"robots\" content=\"index, follow, max-snippet:-1, max-image-preview:large, max-video-preview:-1\" \/>\n<link rel=\"canonical\" href=\"https:\/\/aldiachaco.com.ar\/index.php\/2024\/06\/18\/cordoba-un-delincuente-estaciono-frente-a-un-auto-levanto-el-capo-y-se-llevo-la-bateria-en-pleno-centro\/\" \/>\n<meta property=\"og:locale\" content=\"es_ES\" \/>\n<meta property=\"og:type\" content=\"article\" \/>\n<meta property=\"og:title\" content=\"C\u00f3rdoba: un delincuente estacion\u00f3 frente a un auto, levant\u00f3 el cap\u00f3 y se llev\u00f3 la bater\u00eda en pleno Centro | Al Dia Chaco\" \/>\n<meta property=\"og:description\" content=\"Otro hecho de inseguridad fue registrado en C\u00f3rdoba en las \u00faltimas horas: un delincuente estacion\u00f3 frente a un auto, forz\u00f3 el capo y se llev\u00f3 la bater\u00eda. El robo, perpetrado este domingo al mediod\u00eda, fue captado por las c\u00e1maras de seguridad. Un auto negro se encontraba estacionado en el centro de la ciudad, sobre Sucre &hellip;\" \/>\n<meta property=\"og:url\" content=\"https:\/\/aldiachaco.com.ar\/index.php\/2024\/06\/18\/cordoba-un-delincuente-estaciono-frente-a-un-auto-levanto-el-capo-y-se-llevo-la-bateria-en-pleno-centro\/\" \/>\n<meta property=\"og:site_name\" content=\"Al Dia Chaco\" \/>\n<meta property=\"article:published_time\" content=\"2024-06-18T11:07:38+00:00\" \/>\n<meta property=\"article:modified_time\" content=\"2024-06-18T11:08:29+00:00\" \/>\n<meta name=\"author\" content=\"aldiachaco.com.ar\" \/>\n<meta name=\"twitter:card\" content=\"summary_large_image\" \/>\n<meta name=\"twitter:label1\" content=\"Escrito por\" \/>\n\t<meta name=\"twitter:data1\" content=\"aldiachaco.com.ar\" \/>\n\t<meta name=\"twitter:label2\" content=\"Tiempo de lectura\" \/>\n\t<meta name=\"twitter:data2\" content=\"2 minutos\" \/>\n<script type=\"application\/ld+json\" class=\"yoast-schema-graph\">{\"@context\":\"https:\\\/\\\/schema.org\",\"@graph\":[{\"@type\":\"Article\",\"@id\":\"https:\\\/\\\/aldiachaco.com.ar\\\/index.php\\\/2024\\\/06\\\/18\\\/cordoba-un-delincuente-estaciono-frente-a-un-auto-levanto-el-capo-y-se-llevo-la-bateria-en-pleno-centro\\\/#article\",\"isPartOf\":{\"@id\":\"https:\\\/\\\/aldiachaco.com.ar\\\/index.php\\\/2024\\\/06\\\/18\\\/cordoba-un-delincuente-estaciono-frente-a-un-auto-levanto-el-capo-y-se-llevo-la-bateria-en-pleno-centro\\\/\"},\"author\":{\"name\":\"aldiachaco.com.ar\",\"@id\":\"https:\\\/\\\/aldiachaco.com.ar\\\/#\\\/schema\\\/person\\\/80113835e512ba580e79a945932487f5\"},\"headline\":\"C\u00f3rdoba: un delincuente estacion\u00f3 frente a un auto, levant\u00f3 el cap\u00f3 y se llev\u00f3 la bater\u00eda en pleno Centro\",\"datePublished\":\"2024-06-18T11:07:38+00:00\",\"dateModified\":\"2024-06-18T11:08:29+00:00\",\"mainEntityOfPage\":{\"@id\":\"https:\\\/\\\/aldiachaco.com.ar\\\/index.php\\\/2024\\\/06\\\/18\\\/cordoba-un-delincuente-estaciono-frente-a-un-auto-levanto-el-capo-y-se-llevo-la-bateria-en-pleno-centro\\\/\"},\"wordCount\":264,\"commentCount\":0,\"publisher\":{\"@id\":\"https:\\\/\\\/aldiachaco.com.ar\\\/#organization\"},\"image\":{\"@id\":\"https:\\\/\\\/aldiachaco.com.ar\\\/index.php\\\/2024\\\/06\\\/18\\\/cordoba-un-delincuente-estaciono-frente-a-un-auto-levanto-el-capo-y-se-llevo-la-bateria-en-pleno-centro\\\/#primaryimage\"},\"thumbnailUrl\":\"https:\\\/\\\/aldiachaco.com.ar\\\/wp-content\\\/uploads\\\/2024\\\/06\\\/Y27WIYFJKFBKVDIVRBRRDZ6CQI.avif\",\"articleSection\":[\"Policiales\"],\"inLanguage\":\"es-AR\",\"potentialAction\":[{\"@type\":\"CommentAction\",\"name\":\"Comment\",\"target\":[\"https:\\\/\\\/aldiachaco.com.ar\\\/index.php\\\/2024\\\/06\\\/18\\\/cordoba-un-delincuente-estaciono-frente-a-un-auto-levanto-el-capo-y-se-llevo-la-bateria-en-pleno-centro\\\/#respond\"]}]},{\"@type\":\"WebPage\",\"@id\":\"https:\\\/\\\/aldiachaco.com.ar\\\/index.php\\\/2024\\\/06\\\/18\\\/cordoba-un-delincuente-estaciono-frente-a-un-auto-levanto-el-capo-y-se-llevo-la-bateria-en-pleno-centro\\\/\",\"url\":\"https:\\\/\\\/aldiachaco.com.ar\\\/index.php\\\/2024\\\/06\\\/18\\\/cordoba-un-delincuente-estaciono-frente-a-un-auto-levanto-el-capo-y-se-llevo-la-bateria-en-pleno-centro\\\/\",\"name\":\"C\u00f3rdoba: un delincuente estacion\u00f3 frente a un auto, levant\u00f3 el cap\u00f3 y se llev\u00f3 la bater\u00eda en pleno Centro | Al Dia Chaco\",\"isPartOf\":{\"@id\":\"https:\\\/\\\/aldiachaco.com.ar\\\/#website\"},\"primaryImageOfPage\":{\"@id\":\"https:\\\/\\\/aldiachaco.com.ar\\\/index.php\\\/2024\\\/06\\\/18\\\/cordoba-un-delincuente-estaciono-frente-a-un-auto-levanto-el-capo-y-se-llevo-la-bateria-en-pleno-centro\\\/#primaryimage\"},\"image\":{\"@id\":\"https:\\\/\\\/aldiachaco.com.ar\\\/index.php\\\/2024\\\/06\\\/18\\\/cordoba-un-delincuente-estaciono-frente-a-un-auto-levanto-el-capo-y-se-llevo-la-bateria-en-pleno-centro\\\/#primaryimage\"},\"thumbnailUrl\":\"https:\\\/\\\/aldiachaco.com.ar\\\/wp-content\\\/uploads\\\/2024\\\/06\\\/Y27WIYFJKFBKVDIVRBRRDZ6CQI.avif\",\"datePublished\":\"2024-06-18T11:07:38+00:00\",\"dateModified\":\"2024-06-18T11:08:29+00:00\",\"breadcrumb\":{\"@id\":\"https:\\\/\\\/aldiachaco.com.ar\\\/index.php\\\/2024\\\/06\\\/18\\\/cordoba-un-delincuente-estaciono-frente-a-un-auto-levanto-el-capo-y-se-llevo-la-bateria-en-pleno-centro\\\/#breadcrumb\"},\"inLanguage\":\"es-AR\",\"potentialAction\":[{\"@type\":\"ReadAction\",\"target\":[\"https:\\\/\\\/aldiachaco.com.ar\\\/index.php\\\/2024\\\/06\\\/18\\\/cordoba-un-delincuente-estaciono-frente-a-un-auto-levanto-el-capo-y-se-llevo-la-bateria-en-pleno-centro\\\/\"]}]},{\"@type\":\"ImageObject\",\"inLanguage\":\"es-AR\",\"@id\":\"https:\\\/\\\/aldiachaco.com.ar\\\/index.php\\\/2024\\\/06\\\/18\\\/cordoba-un-delincuente-estaciono-frente-a-un-auto-levanto-el-capo-y-se-llevo-la-bateria-en-pleno-centro\\\/#primaryimage\",\"url\":\"https:\\\/\\\/aldiachaco.com.ar\\\/wp-content\\\/uploads\\\/2024\\\/06\\\/Y27WIYFJKFBKVDIVRBRRDZ6CQI.avif\",\"contentUrl\":\"https:\\\/\\\/aldiachaco.com.ar\\\/wp-content\\\/uploads\\\/2024\\\/06\\\/Y27WIYFJKFBKVDIVRBRRDZ6CQI.avif\",\"width\":980,\"height\":640},{\"@type\":\"BreadcrumbList\",\"@id\":\"https:\\\/\\\/aldiachaco.com.ar\\\/index.php\\\/2024\\\/06\\\/18\\\/cordoba-un-delincuente-estaciono-frente-a-un-auto-levanto-el-capo-y-se-llevo-la-bateria-en-pleno-centro\\\/#breadcrumb\",\"itemListElement\":[{\"@type\":\"ListItem\",\"position\":1,\"name\":\"Home\",\"item\":\"https:\\\/\\\/aldiachaco.com.ar\\\/\"},{\"@type\":\"ListItem\",\"position\":2,\"name\":\"C\u00f3rdoba: un delincuente estacion\u00f3 frente a un auto, levant\u00f3 el cap\u00f3 y se llev\u00f3 la bater\u00eda en pleno Centro\"}]},{\"@type\":\"WebSite\",\"@id\":\"https:\\\/\\\/aldiachaco.com.ar\\\/#website\",\"url\":\"https:\\\/\\\/aldiachaco.com.ar\\\/\",\"name\":\"Al Dia Chaco\",\"description\":\"Noticias del Chaco y el mundo\",\"publisher\":{\"@id\":\"https:\\\/\\\/aldiachaco.com.ar\\\/#organization\"},\"alternateName\":\"Al D\u00eda Chaco\",\"potentialAction\":[{\"@type\":\"SearchAction\",\"target\":{\"@type\":\"EntryPoint\",\"urlTemplate\":\"https:\\\/\\\/aldiachaco.com.ar\\\/?s={search_term_string}\"},\"query-input\":{\"@type\":\"PropertyValueSpecification\",\"valueRequired\":true,\"valueName\":\"search_term_string\"}}],\"inLanguage\":\"es-AR\"},{\"@type\":\"Organization\",\"@id\":\"https:\\\/\\\/aldiachaco.com.ar\\\/#organization\",\"name\":\"Al Dia Chaco\",\"url\":\"https:\\\/\\\/aldiachaco.com.ar\\\/\",\"logo\":{\"@type\":\"ImageObject\",\"inLanguage\":\"es-AR\",\"@id\":\"https:\\\/\\\/aldiachaco.com.ar\\\/#\\\/schema\\\/logo\\\/image\\\/\",\"url\":\"https:\\\/\\\/aldiachaco.com.ar\\\/wp-content\\\/uploads\\\/2017\\\/11\\\/AL-DIA-CHACO-L@2x.png\",\"contentUrl\":\"https:\\\/\\\/aldiachaco.com.ar\\\/wp-content\\\/uploads\\\/2017\\\/11\\\/AL-DIA-CHACO-L@2x.png\",\"width\":232,\"height\":60,\"caption\":\"Al Dia Chaco\"},\"image\":{\"@id\":\"https:\\\/\\\/aldiachaco.com.ar\\\/#\\\/schema\\\/logo\\\/image\\\/\"}},{\"@type\":\"Person\",\"@id\":\"https:\\\/\\\/aldiachaco.com.ar\\\/#\\\/schema\\\/person\\\/80113835e512ba580e79a945932487f5\",\"name\":\"aldiachaco.com.ar\",\"image\":{\"@type\":\"ImageObject\",\"inLanguage\":\"es-AR\",\"@id\":\"https:\\\/\\\/aldiachaco.com.ar\\\/wp-content\\\/litespeed\\\/avatar\\\/a7c4ebc5454089d3fd4ef6b87fdd073a.jpg?ver=1777471945\",\"url\":\"https:\\\/\\\/aldiachaco.com.ar\\\/wp-content\\\/litespeed\\\/avatar\\\/a7c4ebc5454089d3fd4ef6b87fdd073a.jpg?ver=1777471945\",\"contentUrl\":\"https:\\\/\\\/aldiachaco.com.ar\\\/wp-content\\\/litespeed\\\/avatar\\\/a7c4ebc5454089d3fd4ef6b87fdd073a.jpg?ver=1777471945\",\"caption\":\"aldiachaco.com.ar\"},\"sameAs\":[\"https:\\\/\\\/aldiachaco.com.ar\"],\"url\":\"https:\\\/\\\/aldiachaco.com.ar\\\/index.php\\\/author\\\/lime-camel-884546-hostingersite-com\\\/\"}]}<\/script>\n<!-- \/ Yoast SEO plugin. -->","yoast_head_json":{"title":"C\u00f3rdoba: un delincuente estacion\u00f3 frente a un auto, levant\u00f3 el cap\u00f3 y se llev\u00f3 la bater\u00eda en pleno Centro | Al Dia Chaco","robots":{"index":"index","follow":"follow","max-snippet":"max-snippet:-1","max-image-preview":"max-image-preview:large","max-video-preview":"max-video-preview:-1"},"canonical":"https:\/\/aldiachaco.com.ar\/index.php\/2024\/06\/18\/cordoba-un-delincuente-estaciono-frente-a-un-auto-levanto-el-capo-y-se-llevo-la-bateria-en-pleno-centro\/","og_locale":"es_ES","og_type":"article","og_title":"C\u00f3rdoba: un delincuente estacion\u00f3 frente a un auto, levant\u00f3 el cap\u00f3 y se llev\u00f3 la bater\u00eda en pleno Centro | Al Dia Chaco","og_description":"Otro hecho de inseguridad fue registrado en C\u00f3rdoba en las \u00faltimas horas: un delincuente estacion\u00f3 frente a un auto, forz\u00f3 el capo y se llev\u00f3 la bater\u00eda. El robo, perpetrado este domingo al mediod\u00eda, fue captado por las c\u00e1maras de seguridad. Un auto negro se encontraba estacionado en el centro de la ciudad, sobre Sucre &hellip;","og_url":"https:\/\/aldiachaco.com.ar\/index.php\/2024\/06\/18\/cordoba-un-delincuente-estaciono-frente-a-un-auto-levanto-el-capo-y-se-llevo-la-bateria-en-pleno-centro\/","og_site_name":"Al Dia Chaco","article_published_time":"2024-06-18T11:07:38+00:00","article_modified_time":"2024-06-18T11:08:29+00:00","author":"aldiachaco.com.ar","twitter_card":"summary_large_image","twitter_misc":{"Escrito por":"aldiachaco.com.ar","Tiempo de lectura":"2 minutos"},"schema":{"@context":"https:\/\/schema.org","@graph":[{"@type":"Article","@id":"https:\/\/aldiachaco.com.ar\/index.php\/2024\/06\/18\/cordoba-un-delincuente-estaciono-frente-a-un-auto-levanto-el-capo-y-se-llevo-la-bateria-en-pleno-centro\/#article","isPartOf":{"@id":"https:\/\/aldiachaco.com.ar\/index.php\/2024\/06\/18\/cordoba-un-delincuente-estaciono-frente-a-un-auto-levanto-el-capo-y-se-llevo-la-bateria-en-pleno-centro\/"},"author":{"name":"aldiachaco.com.ar","@id":"https:\/\/aldiachaco.com.ar\/#\/schema\/person\/80113835e512ba580e79a945932487f5"},"headline":"C\u00f3rdoba: un delincuente estacion\u00f3 frente a un auto, levant\u00f3 el cap\u00f3 y se llev\u00f3 la bater\u00eda en pleno Centro","datePublished":"2024-06-18T11:07:38+00:00","dateModified":"2024-06-18T11:08:29+00:00","mainEntityOfPage":{"@id":"https:\/\/aldiachaco.com.ar\/index.php\/2024\/06\/18\/cordoba-un-delincuente-estaciono-frente-a-un-auto-levanto-el-capo-y-se-llevo-la-bateria-en-pleno-centro\/"},"wordCount":264,"commentCount":0,"publisher":{"@id":"https:\/\/aldiachaco.com.ar\/#organization"},"image":{"@id":"https:\/\/aldiachaco.com.ar\/index.php\/2024\/06\/18\/cordoba-un-delincuente-estaciono-frente-a-un-auto-levanto-el-capo-y-se-llevo-la-bateria-en-pleno-centro\/#primaryimage"},"thumbnailUrl":"https:\/\/aldiachaco.com.ar\/wp-content\/uploads\/2024\/06\/Y27WIYFJKFBKVDIVRBRRDZ6CQI.avif","articleSection":["Policiales"],"inLanguage":"es-AR","potentialAction":[{"@type":"CommentAction","name":"Comment","target":["https:\/\/aldiachaco.com.ar\/index.php\/2024\/06\/18\/cordoba-un-delincuente-estaciono-frente-a-un-auto-levanto-el-capo-y-se-llevo-la-bateria-en-pleno-centro\/#respond"]}]},{"@type":"WebPage","@id":"https:\/\/aldiachaco.com.ar\/index.php\/2024\/06\/18\/cordoba-un-delincuente-estaciono-frente-a-un-auto-levanto-el-capo-y-se-llevo-la-bateria-en-pleno-centro\/","url":"https:\/\/aldiachaco.com.ar\/index.php\/2024\/06\/18\/cordoba-un-delincuente-estaciono-frente-a-un-auto-levanto-el-capo-y-se-llevo-la-bateria-en-pleno-centro\/","name":"C\u00f3rdoba: un delincuente estacion\u00f3 frente a un auto, levant\u00f3 el cap\u00f3 y se llev\u00f3 la bater\u00eda en pleno Centro | Al Dia Chaco","isPartOf":{"@id":"https:\/\/aldiachaco.com.ar\/#website"},"primaryImageOfPage":{"@id":"https:\/\/aldiachaco.com.ar\/index.php\/2024\/06\/18\/cordoba-un-delincuente-estaciono-frente-a-un-auto-levanto-el-capo-y-se-llevo-la-bateria-en-pleno-centro\/#primaryimage"},"image":{"@id":"https:\/\/aldiachaco.com.ar\/index.php\/2024\/06\/18\/cordoba-un-delincuente-estaciono-frente-a-un-auto-levanto-el-capo-y-se-llevo-la-bateria-en-pleno-centro\/#primaryimage"},"thumbnailUrl":"https:\/\/aldiachaco.com.ar\/wp-content\/uploads\/2024\/06\/Y27WIYFJKFBKVDIVRBRRDZ6CQI.avif","datePublished":"2024-06-18T11:07:38+00:00","dateModified":"2024-06-18T11:08:29+00:00","breadcrumb":{"@id":"https:\/\/aldiachaco.com.ar\/index.php\/2024\/06\/18\/cordoba-un-delincuente-estaciono-frente-a-un-auto-levanto-el-capo-y-se-llevo-la-bateria-en-pleno-centro\/#breadcrumb"},"inLanguage":"es-AR","potentialAction":[{"@type":"ReadAction","target":["https:\/\/aldiachaco.com.ar\/index.php\/2024\/06\/18\/cordoba-un-delincuente-estaciono-frente-a-un-auto-levanto-el-capo-y-se-llevo-la-bateria-en-pleno-centro\/"]}]},{"@type":"ImageObject","inLanguage":"es-AR","@id":"https:\/\/aldiachaco.com.ar\/index.php\/2024\/06\/18\/cordoba-un-delincuente-estaciono-frente-a-un-auto-levanto-el-capo-y-se-llevo-la-bateria-en-pleno-centro\/#primaryimage","url":"https:\/\/aldiachaco.com.ar\/wp-content\/uploads\/2024\/06\/Y27WIYFJKFBKVDIVRBRRDZ6CQI.avif","contentUrl":"https:\/\/aldiachaco.com.ar\/wp-content\/uploads\/2024\/06\/Y27WIYFJKFBKVDIVRBRRDZ6CQI.avif","width":980,"height":640},{"@type":"BreadcrumbList","@id":"https:\/\/aldiachaco.com.ar\/index.php\/2024\/06\/18\/cordoba-un-delincuente-estaciono-frente-a-un-auto-levanto-el-capo-y-se-llevo-la-bateria-en-pleno-centro\/#breadcrumb","itemListElement":[{"@type":"ListItem","position":1,"name":"Home","item":"https:\/\/aldiachaco.com.ar\/"},{"@type":"ListItem","position":2,"name":"C\u00f3rdoba: un delincuente estacion\u00f3 frente a un auto, levant\u00f3 el cap\u00f3 y se llev\u00f3 la bater\u00eda en pleno Centro"}]},{"@type":"WebSite","@id":"https:\/\/aldiachaco.com.ar\/#website","url":"https:\/\/aldiachaco.com.ar\/","name":"Al Dia Chaco","description":"Noticias del Chaco y el mundo","publisher":{"@id":"https:\/\/aldiachaco.com.ar\/#organization"},"alternateName":"Al D\u00eda Chaco","potentialAction":[{"@type":"SearchAction","target":{"@type":"EntryPoint","urlTemplate":"https:\/\/aldiachaco.com.ar\/?s={search_term_string}"},"query-input":{"@type":"PropertyValueSpecification","valueRequired":true,"valueName":"search_term_string"}}],"inLanguage":"es-AR"},{"@type":"Organization","@id":"https:\/\/aldiachaco.com.ar\/#organization","name":"Al Dia Chaco","url":"https:\/\/aldiachaco.com.ar\/","logo":{"@type":"ImageObject","inLanguage":"es-AR","@id":"https:\/\/aldiachaco.com.ar\/#\/schema\/logo\/image\/","url":"https:\/\/aldiachaco.com.ar\/wp-content\/uploads\/2017\/11\/AL-DIA-CHACO-L@2x.png","contentUrl":"https:\/\/aldiachaco.com.ar\/wp-content\/uploads\/2017\/11\/AL-DIA-CHACO-L@2x.png","width":232,"height":60,"caption":"Al Dia Chaco"},"image":{"@id":"https:\/\/aldiachaco.com.ar\/#\/schema\/logo\/image\/"}},{"@type":"Person","@id":"https:\/\/aldiachaco.com.ar\/#\/schema\/person\/80113835e512ba580e79a945932487f5","name":"aldiachaco.com.ar","image":{"@type":"ImageObject","inLanguage":"es-AR","@id":"https:\/\/aldiachaco.com.ar\/wp-content\/litespeed\/avatar\/a7c4ebc5454089d3fd4ef6b87fdd073a.jpg?ver=1777471945","url":"https:\/\/aldiachaco.com.ar\/wp-content\/litespeed\/avatar\/a7c4ebc5454089d3fd4ef6b87fdd073a.jpg?ver=1777471945","contentUrl":"https:\/\/aldiachaco.com.ar\/wp-content\/litespeed\/avatar\/a7c4ebc5454089d3fd4ef6b87fdd073a.jpg?ver=1777471945","caption":"aldiachaco.com.ar"},"sameAs":["https:\/\/aldiachaco.com.ar"],"url":"https:\/\/aldiachaco.com.ar\/index.php\/author\/lime-camel-884546-hostingersite-com\/"}]}},"jetpack_publicize_connections":[],"jetpack_featured_media_url":"https:\/\/aldiachaco.com.ar\/wp-content\/uploads\/2024\/06\/Y27WIYFJKFBKVDIVRBRRDZ6CQI.avif","jetpack_sharing_enabled":true,"amp_enabled":true,"_links":{"self":[{"href":"https:\/\/aldiachaco.com.ar\/index.php\/wp-json\/wp\/v2\/posts\/7217","targetHints":{"allow":["GET"]}}],"collection":[{"href":"https:\/\/aldiachaco.com.ar\/index.php\/wp-json\/wp\/v2\/posts"}],"about":[{"href":"https:\/\/aldiachaco.com.ar\/index.php\/wp-json\/wp\/v2\/types\/post"}],"author":[{"embeddable":true,"href":"https:\/\/aldiachaco.com.ar\/index.php\/wp-json\/wp\/v2\/users\/1"}],"replies":[{"embeddable":true,"href":"https:\/\/aldiachaco.com.ar\/index.php\/wp-json\/wp\/v2\/comments?post=7217"}],"version-history":[{"count":1,"href":"https:\/\/aldiachaco.com.ar\/index.php\/wp-json\/wp\/v2\/posts\/7217\/revisions"}],"predecessor-version":[{"id":7218,"href":"https:\/\/aldiachaco.com.ar\/index.php\/wp-json\/wp\/v2\/posts\/7217\/revisions\/7218"}],"wp:featuredmedia":[{"embeddable":true,"href":"https:\/\/aldiachaco.com.ar\/index.php\/wp-json\/wp\/v2\/media\/7220"}],"wp:attachment":[{"href":"https:\/\/aldiachaco.com.ar\/index.php\/wp-json\/wp\/v2\/media?parent=7217"}],"wp:term":[{"taxonomy":"category","embeddable":true,"href":"https:\/\/aldiachaco.com.ar\/index.php\/wp-json\/wp\/v2\/categories?post=7217"},{"taxonomy":"post_tag","embeddable":true,"href":"https:\/\/aldiachaco.com.ar\/index.php\/wp-json\/wp\/v2\/tags?post=7217"}],"curies":[{"name":"wp","href":"https:\/\/api.w.org\/{rel}","templated":true}]}}