{"id":6939,"date":"2024-06-11T09:53:42","date_gmt":"2024-06-11T12:53:42","guid":{"rendered":"https:\/\/aldiachaco.com.ar\/?p=6939"},"modified":"2024-06-11T09:53:42","modified_gmt":"2024-06-11T12:53:42","slug":"se-viene-el-nuevo-ford-mustang-confirmaron-cuando-sera-lanzado-en-argentina","status":"publish","type":"post","link":"https:\/\/aldiachaco.com.ar\/index.php\/2024\/06\/11\/se-viene-el-nuevo-ford-mustang-confirmaron-cuando-sera-lanzado-en-argentina\/","title":{"rendered":"Se viene el nuevo Ford Mustang: confirmaron cu\u00e1ndo ser\u00e1 lanzado en Argentina"},"content":{"rendered":"<p>El\u00a0<a href=\"https:\/\/tn.com.ar\/tags\/ford\/\" target=\"_blank\" rel=\"noopener\"><b>Ford\u00a0<\/b><\/a><b>Mustang\u00a0<\/b>tiene una nueva generaci\u00f3n, la s\u00e9ptima de su historia, y ya fue confirmada para el mercado argentino. Ser\u00e1 estrenada con una\u00a0<b>preventa\u00a0<\/b>que comenzar\u00e1 en agosto y el lanzamiento ocurrir\u00e1 en el\u00a0<b>tercer trimestre del a\u00f1o<\/b>, inform\u00f3 auto test.<\/p>\n<p>El nuevo Mustang reemplazar\u00e1 en el mercado local a la\u00a0<b>generaci\u00f3n anterior\u00a0<\/b>del\u00a0<i>muscle car<\/i>, disponible con las versiones GT con motor V8 de 466 CV y\u00a0<b>Mach 1<\/b>, este \u00faltimo con caracter\u00edsticas exclusivas como su est\u00e9tica y sus 475 CV.<\/p>\n<p><img loading=\"lazy\" decoding=\"async\" class=\"alignnone size-medium wp-image-6940\" src=\"https:\/\/aldiachaco.com.ar\/wp-content\/uploads\/2024\/06\/OSAVLUPL7RAO3C3SGVC7FBMLZE-300x200.avif\" alt=\"\" width=\"300\" height=\"200\" srcset=\"https:\/\/aldiachaco.com.ar\/wp-content\/uploads\/2024\/06\/OSAVLUPL7RAO3C3SGVC7FBMLZE-300x200.avif 300w, https:\/\/aldiachaco.com.ar\/wp-content\/uploads\/2024\/06\/OSAVLUPL7RAO3C3SGVC7FBMLZE-1024x683.avif 1024w, https:\/\/aldiachaco.com.ar\/wp-content\/uploads\/2024\/06\/OSAVLUPL7RAO3C3SGVC7FBMLZE-768x512.avif 768w, https:\/\/aldiachaco.com.ar\/wp-content\/uploads\/2024\/06\/OSAVLUPL7RAO3C3SGVC7FBMLZE-705x470.avif 705w, https:\/\/aldiachaco.com.ar\/wp-content\/uploads\/2024\/06\/OSAVLUPL7RAO3C3SGVC7FBMLZE-600x400.avif 600w, https:\/\/aldiachaco.com.ar\/wp-content\/uploads\/2024\/06\/OSAVLUPL7RAO3C3SGVC7FBMLZE.avif 1440w\" sizes=\"auto, (max-width: 300px) 100vw, 300px\" \/><\/p>\n<h2 class=\"font--primary\"><b>C\u00f3mo es el nuevo Mustang<\/b><\/h2>\n<p class=\"paragraph\">Desde la marca del \u00f3valo confirmaron que ser\u00e1 ofrecido con la versi\u00f3n\u00a0<b>GT Performance con la evoluci\u00f3n del motor V8 y\u00a0<\/b>ya disponible en mercados como el brasile\u00f1o, de donde proviene un adelanto fiel para Argentina.<\/p>\n<p class=\"paragraph\">Con sus cambios, el motor\u00a0<b>Coyote V8 5.0\u00a0<\/b>elev\u00f3 la potencia hasta los\u00a0<b>488 caballos\u00a0<\/b>que se combinan con el mismo torque, de 569 Nm. El deportivo tambi\u00e9n conserv\u00f3 la conocida caja autom\u00e1tica de diez marchas.<\/p>\n<p><img loading=\"lazy\" decoding=\"async\" class=\"alignnone size-medium wp-image-6941\" src=\"https:\/\/aldiachaco.com.ar\/wp-content\/uploads\/2024\/06\/BHDBQN7DWZD6LLJ3TG7ZBQGZTE-300x200.avif\" alt=\"\" width=\"300\" height=\"200\" srcset=\"https:\/\/aldiachaco.com.ar\/wp-content\/uploads\/2024\/06\/BHDBQN7DWZD6LLJ3TG7ZBQGZTE-300x200.avif 300w, https:\/\/aldiachaco.com.ar\/wp-content\/uploads\/2024\/06\/BHDBQN7DWZD6LLJ3TG7ZBQGZTE-1024x683.avif 1024w, https:\/\/aldiachaco.com.ar\/wp-content\/uploads\/2024\/06\/BHDBQN7DWZD6LLJ3TG7ZBQGZTE-768x512.avif 768w, https:\/\/aldiachaco.com.ar\/wp-content\/uploads\/2024\/06\/BHDBQN7DWZD6LLJ3TG7ZBQGZTE-705x470.avif 705w, https:\/\/aldiachaco.com.ar\/wp-content\/uploads\/2024\/06\/BHDBQN7DWZD6LLJ3TG7ZBQGZTE-600x400.avif 600w, https:\/\/aldiachaco.com.ar\/wp-content\/uploads\/2024\/06\/BHDBQN7DWZD6LLJ3TG7ZBQGZTE.avif 1440w\" sizes=\"auto, (max-width: 300px) 100vw, 300px\" \/><\/p>\n<p class=\"paragraph\">Otra de las caracter\u00edsticas sobresalientes de la mec\u00e1nica del nuevo Mustang es la\u00a0<b>tracci\u00f3n trasera<\/b>, clave para el car\u00e1cter deportivo del modelo de Ford que, entre sus prestaciones, puede acelerar de 0 a 100 km\/h en\u00a0<b>4,3 segundos<\/b>.<\/p>\n<p class=\"paragraph\">Por otro lado, el\u00a0<i>muscle car\u00a0<\/i>norteamericano cuenta con un sistema de escape que intimida con sus cuatro salidas posteriores, frenos provistos por Brembo y una suspensi\u00f3n con la tecnolog\u00eda MagneRide, que aporta la\u00a0<b>amortiguaci\u00f3n adaptativa<\/b>.<\/p>\n<p><img loading=\"lazy\" decoding=\"async\" class=\"alignnone size-medium wp-image-6942\" src=\"https:\/\/aldiachaco.com.ar\/wp-content\/uploads\/2024\/06\/PGDD72BR2FH55CNFZMFHROM45Y-300x200.avif\" alt=\"\" width=\"300\" height=\"200\" srcset=\"https:\/\/aldiachaco.com.ar\/wp-content\/uploads\/2024\/06\/PGDD72BR2FH55CNFZMFHROM45Y-300x200.avif 300w, https:\/\/aldiachaco.com.ar\/wp-content\/uploads\/2024\/06\/PGDD72BR2FH55CNFZMFHROM45Y-1024x683.avif 1024w, https:\/\/aldiachaco.com.ar\/wp-content\/uploads\/2024\/06\/PGDD72BR2FH55CNFZMFHROM45Y-768x512.avif 768w, https:\/\/aldiachaco.com.ar\/wp-content\/uploads\/2024\/06\/PGDD72BR2FH55CNFZMFHROM45Y-705x470.avif 705w, https:\/\/aldiachaco.com.ar\/wp-content\/uploads\/2024\/06\/PGDD72BR2FH55CNFZMFHROM45Y-600x400.avif 600w, https:\/\/aldiachaco.com.ar\/wp-content\/uploads\/2024\/06\/PGDD72BR2FH55CNFZMFHROM45Y.avif 1440w\" sizes=\"auto, (max-width: 300px) 100vw, 300px\" \/><\/p>\n<p><img loading=\"lazy\" decoding=\"async\" class=\"alignnone size-medium wp-image-6943\" src=\"https:\/\/aldiachaco.com.ar\/wp-content\/uploads\/2024\/06\/2XLKZM2ALFHJDLI4SYD5DYCRTI-300x200.avif\" alt=\"\" width=\"300\" height=\"200\" srcset=\"https:\/\/aldiachaco.com.ar\/wp-content\/uploads\/2024\/06\/2XLKZM2ALFHJDLI4SYD5DYCRTI-300x200.avif 300w, https:\/\/aldiachaco.com.ar\/wp-content\/uploads\/2024\/06\/2XLKZM2ALFHJDLI4SYD5DYCRTI-1024x683.avif 1024w, https:\/\/aldiachaco.com.ar\/wp-content\/uploads\/2024\/06\/2XLKZM2ALFHJDLI4SYD5DYCRTI-768x512.avif 768w, https:\/\/aldiachaco.com.ar\/wp-content\/uploads\/2024\/06\/2XLKZM2ALFHJDLI4SYD5DYCRTI-705x470.avif 705w, https:\/\/aldiachaco.com.ar\/wp-content\/uploads\/2024\/06\/2XLKZM2ALFHJDLI4SYD5DYCRTI-600x400.avif 600w, https:\/\/aldiachaco.com.ar\/wp-content\/uploads\/2024\/06\/2XLKZM2ALFHJDLI4SYD5DYCRTI.avif 1440w\" sizes=\"auto, (max-width: 300px) 100vw, 300px\" \/><\/p>\n<p><img loading=\"lazy\" decoding=\"async\" class=\"alignnone size-medium wp-image-6944\" src=\"https:\/\/aldiachaco.com.ar\/wp-content\/uploads\/2024\/06\/3FOC7VXHNNCJHPDNWDQDGUJXKE-300x200.avif\" alt=\"\" width=\"300\" height=\"200\" srcset=\"https:\/\/aldiachaco.com.ar\/wp-content\/uploads\/2024\/06\/3FOC7VXHNNCJHPDNWDQDGUJXKE-300x200.avif 300w, https:\/\/aldiachaco.com.ar\/wp-content\/uploads\/2024\/06\/3FOC7VXHNNCJHPDNWDQDGUJXKE-1024x683.avif 1024w, https:\/\/aldiachaco.com.ar\/wp-content\/uploads\/2024\/06\/3FOC7VXHNNCJHPDNWDQDGUJXKE-768x512.avif 768w, https:\/\/aldiachaco.com.ar\/wp-content\/uploads\/2024\/06\/3FOC7VXHNNCJHPDNWDQDGUJXKE-705x470.avif 705w, https:\/\/aldiachaco.com.ar\/wp-content\/uploads\/2024\/06\/3FOC7VXHNNCJHPDNWDQDGUJXKE-600x400.avif 600w, https:\/\/aldiachaco.com.ar\/wp-content\/uploads\/2024\/06\/3FOC7VXHNNCJHPDNWDQDGUJXKE.avif 1440w\" sizes=\"auto, (max-width: 300px) 100vw, 300px\" \/><\/p>\n<p>Fuente: TN<\/p>\n","protected":false},"excerpt":{"rendered":"<p>El\u00a0Ford\u00a0Mustang\u00a0tiene una nueva generaci\u00f3n, la s\u00e9ptima de su historia, y ya fue confirmada para el mercado argentino. Ser\u00e1 estrenada con una\u00a0preventa\u00a0que comenzar\u00e1 en agosto y el lanzamiento ocurrir\u00e1 en el\u00a0tercer trimestre del a\u00f1o, inform\u00f3 auto test. El nuevo Mustang reemplazar\u00e1 en el mercado local a la\u00a0generaci\u00f3n anterior\u00a0del\u00a0muscle car, disponible con las versiones GT con motor &hellip;<\/p>\n","protected":false},"author":1,"featured_media":6945,"comment_status":"open","ping_status":"open","sticky":false,"template":"","format":"standard","meta":{"content-type":"","_monsterinsights_skip_tracking":false,"_monsterinsights_sitenote_active":false,"_monsterinsights_sitenote_note":"","_monsterinsights_sitenote_category":0,"_jetpack_memberships_contains_paid_content":false,"footnotes":"","jetpack_publicize_message":"","jetpack_publicize_feature_enabled":true,"jetpack_social_post_already_shared":false,"jetpack_social_options":{"image_generator_settings":{"template":"highway","default_image_id":0,"font":"","enabled":false},"version":2}},"categories":[93],"tags":[],"class_list":["post-6939","post","type-post","status-publish","format-standard","has-post-thumbnail","hentry","category-autos"],"yoast_head":"<!-- This site is optimized with the Yoast SEO plugin v27.4 - https:\/\/yoast.com\/product\/yoast-seo-wordpress\/ -->\n<title>Se viene el nuevo Ford Mustang: confirmaron cu\u00e1ndo ser\u00e1 lanzado en Argentina | Al Dia Chaco<\/title>\n<meta name=\"robots\" content=\"index, follow, max-snippet:-1, max-image-preview:large, max-video-preview:-1\" \/>\n<link rel=\"canonical\" href=\"https:\/\/aldiachaco.com.ar\/index.php\/2024\/06\/11\/se-viene-el-nuevo-ford-mustang-confirmaron-cuando-sera-lanzado-en-argentina\/\" \/>\n<meta property=\"og:locale\" content=\"es_ES\" \/>\n<meta property=\"og:type\" content=\"article\" \/>\n<meta property=\"og:title\" content=\"Se viene el nuevo Ford Mustang: confirmaron cu\u00e1ndo ser\u00e1 lanzado en Argentina | Al Dia Chaco\" \/>\n<meta property=\"og:description\" content=\"El\u00a0Ford\u00a0Mustang\u00a0tiene una nueva generaci\u00f3n, la s\u00e9ptima de su historia, y ya fue confirmada para el mercado argentino. Ser\u00e1 estrenada con una\u00a0preventa\u00a0que comenzar\u00e1 en agosto y el lanzamiento ocurrir\u00e1 en el\u00a0tercer trimestre del a\u00f1o, inform\u00f3 auto test. El nuevo Mustang reemplazar\u00e1 en el mercado local a la\u00a0generaci\u00f3n anterior\u00a0del\u00a0muscle car, disponible con las versiones GT con motor &hellip;\" \/>\n<meta property=\"og:url\" content=\"https:\/\/aldiachaco.com.ar\/index.php\/2024\/06\/11\/se-viene-el-nuevo-ford-mustang-confirmaron-cuando-sera-lanzado-en-argentina\/\" \/>\n<meta property=\"og:site_name\" content=\"Al Dia Chaco\" \/>\n<meta property=\"article:published_time\" content=\"2024-06-11T12:53:42+00:00\" \/>\n<meta name=\"author\" content=\"aldiachaco.com.ar\" \/>\n<meta name=\"twitter:card\" content=\"summary_large_image\" \/>\n<meta name=\"twitter:label1\" content=\"Escrito por\" \/>\n\t<meta name=\"twitter:data1\" content=\"aldiachaco.com.ar\" \/>\n\t<meta name=\"twitter:label2\" content=\"Tiempo de lectura\" \/>\n\t<meta name=\"twitter:data2\" content=\"3 minutos\" \/>\n<script type=\"application\/ld+json\" class=\"yoast-schema-graph\">{\"@context\":\"https:\\\/\\\/schema.org\",\"@graph\":[{\"@type\":\"Article\",\"@id\":\"https:\\\/\\\/aldiachaco.com.ar\\\/index.php\\\/2024\\\/06\\\/11\\\/se-viene-el-nuevo-ford-mustang-confirmaron-cuando-sera-lanzado-en-argentina\\\/#article\",\"isPartOf\":{\"@id\":\"https:\\\/\\\/aldiachaco.com.ar\\\/index.php\\\/2024\\\/06\\\/11\\\/se-viene-el-nuevo-ford-mustang-confirmaron-cuando-sera-lanzado-en-argentina\\\/\"},\"author\":{\"name\":\"aldiachaco.com.ar\",\"@id\":\"https:\\\/\\\/aldiachaco.com.ar\\\/#\\\/schema\\\/person\\\/80113835e512ba580e79a945932487f5\"},\"headline\":\"Se viene el nuevo Ford Mustang: confirmaron cu\u00e1ndo ser\u00e1 lanzado en Argentina\",\"datePublished\":\"2024-06-11T12:53:42+00:00\",\"mainEntityOfPage\":{\"@id\":\"https:\\\/\\\/aldiachaco.com.ar\\\/index.php\\\/2024\\\/06\\\/11\\\/se-viene-el-nuevo-ford-mustang-confirmaron-cuando-sera-lanzado-en-argentina\\\/\"},\"wordCount\":260,\"commentCount\":0,\"publisher\":{\"@id\":\"https:\\\/\\\/aldiachaco.com.ar\\\/#organization\"},\"image\":{\"@id\":\"https:\\\/\\\/aldiachaco.com.ar\\\/index.php\\\/2024\\\/06\\\/11\\\/se-viene-el-nuevo-ford-mustang-confirmaron-cuando-sera-lanzado-en-argentina\\\/#primaryimage\"},\"thumbnailUrl\":\"https:\\\/\\\/aldiachaco.com.ar\\\/wp-content\\\/uploads\\\/2024\\\/06\\\/KJAU63GCCBAGZA4DPDREWGTXYM.avif\",\"articleSection\":[\"Autos\"],\"inLanguage\":\"es-AR\",\"potentialAction\":[{\"@type\":\"CommentAction\",\"name\":\"Comment\",\"target\":[\"https:\\\/\\\/aldiachaco.com.ar\\\/index.php\\\/2024\\\/06\\\/11\\\/se-viene-el-nuevo-ford-mustang-confirmaron-cuando-sera-lanzado-en-argentina\\\/#respond\"]}]},{\"@type\":\"WebPage\",\"@id\":\"https:\\\/\\\/aldiachaco.com.ar\\\/index.php\\\/2024\\\/06\\\/11\\\/se-viene-el-nuevo-ford-mustang-confirmaron-cuando-sera-lanzado-en-argentina\\\/\",\"url\":\"https:\\\/\\\/aldiachaco.com.ar\\\/index.php\\\/2024\\\/06\\\/11\\\/se-viene-el-nuevo-ford-mustang-confirmaron-cuando-sera-lanzado-en-argentina\\\/\",\"name\":\"Se viene el nuevo Ford Mustang: confirmaron cu\u00e1ndo ser\u00e1 lanzado en Argentina | Al Dia Chaco\",\"isPartOf\":{\"@id\":\"https:\\\/\\\/aldiachaco.com.ar\\\/#website\"},\"primaryImageOfPage\":{\"@id\":\"https:\\\/\\\/aldiachaco.com.ar\\\/index.php\\\/2024\\\/06\\\/11\\\/se-viene-el-nuevo-ford-mustang-confirmaron-cuando-sera-lanzado-en-argentina\\\/#primaryimage\"},\"image\":{\"@id\":\"https:\\\/\\\/aldiachaco.com.ar\\\/index.php\\\/2024\\\/06\\\/11\\\/se-viene-el-nuevo-ford-mustang-confirmaron-cuando-sera-lanzado-en-argentina\\\/#primaryimage\"},\"thumbnailUrl\":\"https:\\\/\\\/aldiachaco.com.ar\\\/wp-content\\\/uploads\\\/2024\\\/06\\\/KJAU63GCCBAGZA4DPDREWGTXYM.avif\",\"datePublished\":\"2024-06-11T12:53:42+00:00\",\"breadcrumb\":{\"@id\":\"https:\\\/\\\/aldiachaco.com.ar\\\/index.php\\\/2024\\\/06\\\/11\\\/se-viene-el-nuevo-ford-mustang-confirmaron-cuando-sera-lanzado-en-argentina\\\/#breadcrumb\"},\"inLanguage\":\"es-AR\",\"potentialAction\":[{\"@type\":\"ReadAction\",\"target\":[\"https:\\\/\\\/aldiachaco.com.ar\\\/index.php\\\/2024\\\/06\\\/11\\\/se-viene-el-nuevo-ford-mustang-confirmaron-cuando-sera-lanzado-en-argentina\\\/\"]}]},{\"@type\":\"ImageObject\",\"inLanguage\":\"es-AR\",\"@id\":\"https:\\\/\\\/aldiachaco.com.ar\\\/index.php\\\/2024\\\/06\\\/11\\\/se-viene-el-nuevo-ford-mustang-confirmaron-cuando-sera-lanzado-en-argentina\\\/#primaryimage\",\"url\":\"https:\\\/\\\/aldiachaco.com.ar\\\/wp-content\\\/uploads\\\/2024\\\/06\\\/KJAU63GCCBAGZA4DPDREWGTXYM.avif\",\"contentUrl\":\"https:\\\/\\\/aldiachaco.com.ar\\\/wp-content\\\/uploads\\\/2024\\\/06\\\/KJAU63GCCBAGZA4DPDREWGTXYM.avif\",\"width\":1440,\"height\":960},{\"@type\":\"BreadcrumbList\",\"@id\":\"https:\\\/\\\/aldiachaco.com.ar\\\/index.php\\\/2024\\\/06\\\/11\\\/se-viene-el-nuevo-ford-mustang-confirmaron-cuando-sera-lanzado-en-argentina\\\/#breadcrumb\",\"itemListElement\":[{\"@type\":\"ListItem\",\"position\":1,\"name\":\"Home\",\"item\":\"https:\\\/\\\/aldiachaco.com.ar\\\/\"},{\"@type\":\"ListItem\",\"position\":2,\"name\":\"Se viene el nuevo Ford Mustang: confirmaron cu\u00e1ndo ser\u00e1 lanzado en Argentina\"}]},{\"@type\":\"WebSite\",\"@id\":\"https:\\\/\\\/aldiachaco.com.ar\\\/#website\",\"url\":\"https:\\\/\\\/aldiachaco.com.ar\\\/\",\"name\":\"Al Dia Chaco\",\"description\":\"Noticias del Chaco y el mundo\",\"publisher\":{\"@id\":\"https:\\\/\\\/aldiachaco.com.ar\\\/#organization\"},\"alternateName\":\"Al D\u00eda Chaco\",\"potentialAction\":[{\"@type\":\"SearchAction\",\"target\":{\"@type\":\"EntryPoint\",\"urlTemplate\":\"https:\\\/\\\/aldiachaco.com.ar\\\/?s={search_term_string}\"},\"query-input\":{\"@type\":\"PropertyValueSpecification\",\"valueRequired\":true,\"valueName\":\"search_term_string\"}}],\"inLanguage\":\"es-AR\"},{\"@type\":\"Organization\",\"@id\":\"https:\\\/\\\/aldiachaco.com.ar\\\/#organization\",\"name\":\"Al Dia Chaco\",\"url\":\"https:\\\/\\\/aldiachaco.com.ar\\\/\",\"logo\":{\"@type\":\"ImageObject\",\"inLanguage\":\"es-AR\",\"@id\":\"https:\\\/\\\/aldiachaco.com.ar\\\/#\\\/schema\\\/logo\\\/image\\\/\",\"url\":\"https:\\\/\\\/aldiachaco.com.ar\\\/wp-content\\\/uploads\\\/2017\\\/11\\\/AL-DIA-CHACO-L@2x.png\",\"contentUrl\":\"https:\\\/\\\/aldiachaco.com.ar\\\/wp-content\\\/uploads\\\/2017\\\/11\\\/AL-DIA-CHACO-L@2x.png\",\"width\":232,\"height\":60,\"caption\":\"Al Dia Chaco\"},\"image\":{\"@id\":\"https:\\\/\\\/aldiachaco.com.ar\\\/#\\\/schema\\\/logo\\\/image\\\/\"}},{\"@type\":\"Person\",\"@id\":\"https:\\\/\\\/aldiachaco.com.ar\\\/#\\\/schema\\\/person\\\/80113835e512ba580e79a945932487f5\",\"name\":\"aldiachaco.com.ar\",\"image\":{\"@type\":\"ImageObject\",\"inLanguage\":\"es-AR\",\"@id\":\"https:\\\/\\\/aldiachaco.com.ar\\\/wp-content\\\/litespeed\\\/avatar\\\/a7c4ebc5454089d3fd4ef6b87fdd073a.jpg?ver=1777471945\",\"url\":\"https:\\\/\\\/aldiachaco.com.ar\\\/wp-content\\\/litespeed\\\/avatar\\\/a7c4ebc5454089d3fd4ef6b87fdd073a.jpg?ver=1777471945\",\"contentUrl\":\"https:\\\/\\\/aldiachaco.com.ar\\\/wp-content\\\/litespeed\\\/avatar\\\/a7c4ebc5454089d3fd4ef6b87fdd073a.jpg?ver=1777471945\",\"caption\":\"aldiachaco.com.ar\"},\"sameAs\":[\"https:\\\/\\\/aldiachaco.com.ar\"],\"url\":\"https:\\\/\\\/aldiachaco.com.ar\\\/index.php\\\/author\\\/lime-camel-884546-hostingersite-com\\\/\"}]}<\/script>\n<!-- \/ Yoast SEO plugin. -->","yoast_head_json":{"title":"Se viene el nuevo Ford Mustang: confirmaron cu\u00e1ndo ser\u00e1 lanzado en Argentina | Al Dia Chaco","robots":{"index":"index","follow":"follow","max-snippet":"max-snippet:-1","max-image-preview":"max-image-preview:large","max-video-preview":"max-video-preview:-1"},"canonical":"https:\/\/aldiachaco.com.ar\/index.php\/2024\/06\/11\/se-viene-el-nuevo-ford-mustang-confirmaron-cuando-sera-lanzado-en-argentina\/","og_locale":"es_ES","og_type":"article","og_title":"Se viene el nuevo Ford Mustang: confirmaron cu\u00e1ndo ser\u00e1 lanzado en Argentina | Al Dia Chaco","og_description":"El\u00a0Ford\u00a0Mustang\u00a0tiene una nueva generaci\u00f3n, la s\u00e9ptima de su historia, y ya fue confirmada para el mercado argentino. Ser\u00e1 estrenada con una\u00a0preventa\u00a0que comenzar\u00e1 en agosto y el lanzamiento ocurrir\u00e1 en el\u00a0tercer trimestre del a\u00f1o, inform\u00f3 auto test. El nuevo Mustang reemplazar\u00e1 en el mercado local a la\u00a0generaci\u00f3n anterior\u00a0del\u00a0muscle car, disponible con las versiones GT con motor &hellip;","og_url":"https:\/\/aldiachaco.com.ar\/index.php\/2024\/06\/11\/se-viene-el-nuevo-ford-mustang-confirmaron-cuando-sera-lanzado-en-argentina\/","og_site_name":"Al Dia Chaco","article_published_time":"2024-06-11T12:53:42+00:00","author":"aldiachaco.com.ar","twitter_card":"summary_large_image","twitter_misc":{"Escrito por":"aldiachaco.com.ar","Tiempo de lectura":"3 minutos"},"schema":{"@context":"https:\/\/schema.org","@graph":[{"@type":"Article","@id":"https:\/\/aldiachaco.com.ar\/index.php\/2024\/06\/11\/se-viene-el-nuevo-ford-mustang-confirmaron-cuando-sera-lanzado-en-argentina\/#article","isPartOf":{"@id":"https:\/\/aldiachaco.com.ar\/index.php\/2024\/06\/11\/se-viene-el-nuevo-ford-mustang-confirmaron-cuando-sera-lanzado-en-argentina\/"},"author":{"name":"aldiachaco.com.ar","@id":"https:\/\/aldiachaco.com.ar\/#\/schema\/person\/80113835e512ba580e79a945932487f5"},"headline":"Se viene el nuevo Ford Mustang: confirmaron cu\u00e1ndo ser\u00e1 lanzado en Argentina","datePublished":"2024-06-11T12:53:42+00:00","mainEntityOfPage":{"@id":"https:\/\/aldiachaco.com.ar\/index.php\/2024\/06\/11\/se-viene-el-nuevo-ford-mustang-confirmaron-cuando-sera-lanzado-en-argentina\/"},"wordCount":260,"commentCount":0,"publisher":{"@id":"https:\/\/aldiachaco.com.ar\/#organization"},"image":{"@id":"https:\/\/aldiachaco.com.ar\/index.php\/2024\/06\/11\/se-viene-el-nuevo-ford-mustang-confirmaron-cuando-sera-lanzado-en-argentina\/#primaryimage"},"thumbnailUrl":"https:\/\/aldiachaco.com.ar\/wp-content\/uploads\/2024\/06\/KJAU63GCCBAGZA4DPDREWGTXYM.avif","articleSection":["Autos"],"inLanguage":"es-AR","potentialAction":[{"@type":"CommentAction","name":"Comment","target":["https:\/\/aldiachaco.com.ar\/index.php\/2024\/06\/11\/se-viene-el-nuevo-ford-mustang-confirmaron-cuando-sera-lanzado-en-argentina\/#respond"]}]},{"@type":"WebPage","@id":"https:\/\/aldiachaco.com.ar\/index.php\/2024\/06\/11\/se-viene-el-nuevo-ford-mustang-confirmaron-cuando-sera-lanzado-en-argentina\/","url":"https:\/\/aldiachaco.com.ar\/index.php\/2024\/06\/11\/se-viene-el-nuevo-ford-mustang-confirmaron-cuando-sera-lanzado-en-argentina\/","name":"Se viene el nuevo Ford Mustang: confirmaron cu\u00e1ndo ser\u00e1 lanzado en Argentina | Al Dia Chaco","isPartOf":{"@id":"https:\/\/aldiachaco.com.ar\/#website"},"primaryImageOfPage":{"@id":"https:\/\/aldiachaco.com.ar\/index.php\/2024\/06\/11\/se-viene-el-nuevo-ford-mustang-confirmaron-cuando-sera-lanzado-en-argentina\/#primaryimage"},"image":{"@id":"https:\/\/aldiachaco.com.ar\/index.php\/2024\/06\/11\/se-viene-el-nuevo-ford-mustang-confirmaron-cuando-sera-lanzado-en-argentina\/#primaryimage"},"thumbnailUrl":"https:\/\/aldiachaco.com.ar\/wp-content\/uploads\/2024\/06\/KJAU63GCCBAGZA4DPDREWGTXYM.avif","datePublished":"2024-06-11T12:53:42+00:00","breadcrumb":{"@id":"https:\/\/aldiachaco.com.ar\/index.php\/2024\/06\/11\/se-viene-el-nuevo-ford-mustang-confirmaron-cuando-sera-lanzado-en-argentina\/#breadcrumb"},"inLanguage":"es-AR","potentialAction":[{"@type":"ReadAction","target":["https:\/\/aldiachaco.com.ar\/index.php\/2024\/06\/11\/se-viene-el-nuevo-ford-mustang-confirmaron-cuando-sera-lanzado-en-argentina\/"]}]},{"@type":"ImageObject","inLanguage":"es-AR","@id":"https:\/\/aldiachaco.com.ar\/index.php\/2024\/06\/11\/se-viene-el-nuevo-ford-mustang-confirmaron-cuando-sera-lanzado-en-argentina\/#primaryimage","url":"https:\/\/aldiachaco.com.ar\/wp-content\/uploads\/2024\/06\/KJAU63GCCBAGZA4DPDREWGTXYM.avif","contentUrl":"https:\/\/aldiachaco.com.ar\/wp-content\/uploads\/2024\/06\/KJAU63GCCBAGZA4DPDREWGTXYM.avif","width":1440,"height":960},{"@type":"BreadcrumbList","@id":"https:\/\/aldiachaco.com.ar\/index.php\/2024\/06\/11\/se-viene-el-nuevo-ford-mustang-confirmaron-cuando-sera-lanzado-en-argentina\/#breadcrumb","itemListElement":[{"@type":"ListItem","position":1,"name":"Home","item":"https:\/\/aldiachaco.com.ar\/"},{"@type":"ListItem","position":2,"name":"Se viene el nuevo Ford Mustang: confirmaron cu\u00e1ndo ser\u00e1 lanzado en Argentina"}]},{"@type":"WebSite","@id":"https:\/\/aldiachaco.com.ar\/#website","url":"https:\/\/aldiachaco.com.ar\/","name":"Al Dia Chaco","description":"Noticias del Chaco y el mundo","publisher":{"@id":"https:\/\/aldiachaco.com.ar\/#organization"},"alternateName":"Al D\u00eda Chaco","potentialAction":[{"@type":"SearchAction","target":{"@type":"EntryPoint","urlTemplate":"https:\/\/aldiachaco.com.ar\/?s={search_term_string}"},"query-input":{"@type":"PropertyValueSpecification","valueRequired":true,"valueName":"search_term_string"}}],"inLanguage":"es-AR"},{"@type":"Organization","@id":"https:\/\/aldiachaco.com.ar\/#organization","name":"Al Dia Chaco","url":"https:\/\/aldiachaco.com.ar\/","logo":{"@type":"ImageObject","inLanguage":"es-AR","@id":"https:\/\/aldiachaco.com.ar\/#\/schema\/logo\/image\/","url":"https:\/\/aldiachaco.com.ar\/wp-content\/uploads\/2017\/11\/AL-DIA-CHACO-L@2x.png","contentUrl":"https:\/\/aldiachaco.com.ar\/wp-content\/uploads\/2017\/11\/AL-DIA-CHACO-L@2x.png","width":232,"height":60,"caption":"Al Dia Chaco"},"image":{"@id":"https:\/\/aldiachaco.com.ar\/#\/schema\/logo\/image\/"}},{"@type":"Person","@id":"https:\/\/aldiachaco.com.ar\/#\/schema\/person\/80113835e512ba580e79a945932487f5","name":"aldiachaco.com.ar","image":{"@type":"ImageObject","inLanguage":"es-AR","@id":"https:\/\/aldiachaco.com.ar\/wp-content\/litespeed\/avatar\/a7c4ebc5454089d3fd4ef6b87fdd073a.jpg?ver=1777471945","url":"https:\/\/aldiachaco.com.ar\/wp-content\/litespeed\/avatar\/a7c4ebc5454089d3fd4ef6b87fdd073a.jpg?ver=1777471945","contentUrl":"https:\/\/aldiachaco.com.ar\/wp-content\/litespeed\/avatar\/a7c4ebc5454089d3fd4ef6b87fdd073a.jpg?ver=1777471945","caption":"aldiachaco.com.ar"},"sameAs":["https:\/\/aldiachaco.com.ar"],"url":"https:\/\/aldiachaco.com.ar\/index.php\/author\/lime-camel-884546-hostingersite-com\/"}]}},"jetpack_publicize_connections":[],"jetpack_featured_media_url":"https:\/\/aldiachaco.com.ar\/wp-content\/uploads\/2024\/06\/KJAU63GCCBAGZA4DPDREWGTXYM.avif","jetpack_sharing_enabled":true,"amp_enabled":true,"_links":{"self":[{"href":"https:\/\/aldiachaco.com.ar\/index.php\/wp-json\/wp\/v2\/posts\/6939","targetHints":{"allow":["GET"]}}],"collection":[{"href":"https:\/\/aldiachaco.com.ar\/index.php\/wp-json\/wp\/v2\/posts"}],"about":[{"href":"https:\/\/aldiachaco.com.ar\/index.php\/wp-json\/wp\/v2\/types\/post"}],"author":[{"embeddable":true,"href":"https:\/\/aldiachaco.com.ar\/index.php\/wp-json\/wp\/v2\/users\/1"}],"replies":[{"embeddable":true,"href":"https:\/\/aldiachaco.com.ar\/index.php\/wp-json\/wp\/v2\/comments?post=6939"}],"version-history":[{"count":1,"href":"https:\/\/aldiachaco.com.ar\/index.php\/wp-json\/wp\/v2\/posts\/6939\/revisions"}],"predecessor-version":[{"id":6946,"href":"https:\/\/aldiachaco.com.ar\/index.php\/wp-json\/wp\/v2\/posts\/6939\/revisions\/6946"}],"wp:featuredmedia":[{"embeddable":true,"href":"https:\/\/aldiachaco.com.ar\/index.php\/wp-json\/wp\/v2\/media\/6945"}],"wp:attachment":[{"href":"https:\/\/aldiachaco.com.ar\/index.php\/wp-json\/wp\/v2\/media?parent=6939"}],"wp:term":[{"taxonomy":"category","embeddable":true,"href":"https:\/\/aldiachaco.com.ar\/index.php\/wp-json\/wp\/v2\/categories?post=6939"},{"taxonomy":"post_tag","embeddable":true,"href":"https:\/\/aldiachaco.com.ar\/index.php\/wp-json\/wp\/v2\/tags?post=6939"}],"curies":[{"name":"wp","href":"https:\/\/api.w.org\/{rel}","templated":true}]}}