{"id":6872,"date":"2024-06-10T07:20:49","date_gmt":"2024-06-10T10:20:49","guid":{"rendered":"https:\/\/aldiachaco.com.ar\/?p=6872"},"modified":"2024-06-10T07:20:49","modified_gmt":"2024-06-10T10:20:49","slug":"bullrich-critico-a-casanello-por-el-escandalo-de-alimentos-que-sabe-como-se-reparten-los-alimentos-la-justicia","status":"publish","type":"post","link":"https:\/\/aldiachaco.com.ar\/index.php\/2024\/06\/10\/bullrich-critico-a-casanello-por-el-escandalo-de-alimentos-que-sabe-como-se-reparten-los-alimentos-la-justicia\/","title":{"rendered":"Bullrich critic\u00f3 a Casanello por el esc\u00e1ndalo de alimentos: &#8220;\u00bfQu\u00e9 sabe c\u00f3mo se reparten los alimentos la Justicia?&#8221;"},"content":{"rendered":"<p>La ministra de Seguridad sostuvo que &#8220;no hab\u00eda ning\u00fan alimento vencido&#8221; y responsabiliz\u00f3 a los movimientos sociales por &#8220;una contraofensiva para desarmar la l\u00f3gica&#8221;.<\/p>\n<p>Bullrich critic\u00f3 a Casanello por el esc\u00e1ndalo de alimentos: &#8220;\u00bfQu\u00e9 sabe c\u00f3mo se reparten los alimentos la Justicia?&#8221;<\/p>\n<p>D\u00eda despu\u00e9s de que el Ministerio de Capital Humano acatara la orden de la Justicia y presentase un plan para el reparto de los alimentos almacenados en dep\u00f3sitos, la ministra de Seguridad, Patricia Bullrich, critic\u00f3 al juez Sebasti\u00e1n Casanello y sostuvo que &#8220;no hab\u00eda ning\u00fan alimento vencido&#8221;.<\/p>\n<p>A finales de mayo, la gesti\u00f3n de Sandra Pettovello al frente del Ministerio de Capital Humano fue duramente criticada por la oposici\u00f3n debido a la pol\u00e9mica por los alimentos almacenados que no hab\u00edan sido repartido a los comedores, y corr\u00edan el riesgo de vencerse.<\/p>\n<p>&#8220;Fue una contraofensiva que hicieron los falsos movimientos sociales para desarmar la l\u00f3gica&#8221;, sostuvo Bullrich al respecto. &#8220;En el medio se meti\u00f3 la Justicia a hacer de almacenero. \u00bfQu\u00e9 es esto? Decide la Justicia c\u00f3mo se reparten los alimentos en la Argentina&#8221;, agreg\u00f3 luego.<\/p>\n<p>En di\u00e1logo con el programa Si Pasa Pasa, que se emite por Radio Rivadavia, la ministra manifest\u00f3: &#8220;A m\u00ed nadie me explica qu\u00e9 pas\u00f3. La Polic\u00eda Federal y la Gendarmer\u00eda les toc\u00f3 hacer los allanamientos y en cada lugar no hab\u00eda ning\u00fan alimento vencido&#8221;.<\/p>\n<p>En ese sentido, cuestion\u00f3 el rol de la Justicia en el esc\u00e1ndalo de los alimentos que llev\u00f3 a improvisar un plan a contrarreloj. &#8220;La Justicia lo que debe hacer es supervisar si lo que se compr\u00f3 y lo que est\u00e1 es correcto. \u00bfQu\u00e9 sabe de c\u00f3mo se reparten los alimentos la Justicia? Nos hicieron salir de urgencia, uno puede cometer un error, meter la pata, ser injusto. Llegar a una zona y nos pueden tomar un cami\u00f3n. No se hacen las cosas as\u00ed porque la Justicia te obliga&#8221;, se\u00f1al\u00f3.<\/p>\n<p>Luego, la ministra critic\u00f3 directamente la acci\u00f3n de Sebasti\u00e1n Casanello, el juez de la causa, y su voluntad. &#8220;\u00bfQu\u00e9 sabe el juez, para no hablar de la Justicia, c\u00f3mo se reparten los alimentos? Ese juez proces\u00f3 la semana anterior y mand\u00f3 a indagatoria a una cantidad de gerentes de la pobreza que se robaban los alimentos, y ese mismo juez sali\u00f3 al otro d\u00eda a decir &#8216;repartan los alimentos&#8217;, alimentos que no se venc\u00edan&#8221;, remarc\u00f3.<\/p>\n<p>Asimismo, se refiri\u00f3 a las intenciones pol\u00edticas implicadas en la causa. &#8220;\u00bfPor qu\u00e9 tengo que salir a repartir por el criterio de un juez y no por una pol\u00edtica p\u00fablica? \u00bfQu\u00e9 hace el juez? \u00bfHace pol\u00edtica con los alimentos?&#8221;, inquiri\u00f3. Para finalizar, se pronunci\u00f3 sobre las problem\u00e1ticas en el pa\u00eds e ironiz\u00f3: &#8220;El hambre apareci\u00f3 el 10 de diciembre. Estoy furiosa porque no hay que hacer seguidismo de eso, hay que mirar las cosas con un poquitito m\u00e1s de distancia&#8221;.<\/p>\n","protected":false},"excerpt":{"rendered":"<p>La ministra de Seguridad sostuvo que &#8220;no hab\u00eda ning\u00fan alimento vencido&#8221; y responsabiliz\u00f3 a los movimientos sociales por &#8220;una contraofensiva para desarmar la l\u00f3gica&#8221;. Bullrich critic\u00f3 a Casanello por el esc\u00e1ndalo de alimentos: &#8220;\u00bfQu\u00e9 sabe c\u00f3mo se reparten los alimentos la Justicia?&#8221; D\u00eda despu\u00e9s de que el Ministerio de Capital Humano acatara la orden de &hellip;<\/p>\n","protected":false},"author":1,"featured_media":6873,"comment_status":"open","ping_status":"open","sticky":false,"template":"","format":"standard","meta":{"content-type":"","_monsterinsights_skip_tracking":false,"_monsterinsights_sitenote_active":false,"_monsterinsights_sitenote_note":"","_monsterinsights_sitenote_category":0,"_jetpack_memberships_contains_paid_content":false,"footnotes":"","jetpack_publicize_message":"","jetpack_publicize_feature_enabled":true,"jetpack_social_post_already_shared":false,"jetpack_social_options":{"image_generator_settings":{"template":"highway","default_image_id":0,"font":"","enabled":false},"version":2}},"categories":[153],"tags":[],"class_list":["post-6872","post","type-post","status-publish","format-standard","has-post-thumbnail","hentry","category-politica"],"yoast_head":"<!-- This site is optimized with the Yoast SEO plugin v27.4 - https:\/\/yoast.com\/product\/yoast-seo-wordpress\/ -->\n<title>Bullrich critic\u00f3 a Casanello por el esc\u00e1ndalo de alimentos: &quot;\u00bfQu\u00e9 sabe c\u00f3mo se reparten los alimentos la Justicia?&quot; | Al Dia Chaco<\/title>\n<meta name=\"robots\" content=\"index, follow, max-snippet:-1, max-image-preview:large, max-video-preview:-1\" \/>\n<link rel=\"canonical\" href=\"https:\/\/aldiachaco.com.ar\/index.php\/2024\/06\/10\/bullrich-critico-a-casanello-por-el-escandalo-de-alimentos-que-sabe-como-se-reparten-los-alimentos-la-justicia\/\" \/>\n<meta property=\"og:locale\" content=\"es_ES\" \/>\n<meta property=\"og:type\" content=\"article\" \/>\n<meta property=\"og:title\" content=\"Bullrich critic\u00f3 a Casanello por el esc\u00e1ndalo de alimentos: &quot;\u00bfQu\u00e9 sabe c\u00f3mo se reparten los alimentos la Justicia?&quot; | Al Dia Chaco\" \/>\n<meta property=\"og:description\" content=\"La ministra de Seguridad sostuvo que &#8220;no hab\u00eda ning\u00fan alimento vencido&#8221; y responsabiliz\u00f3 a los movimientos sociales por &#8220;una contraofensiva para desarmar la l\u00f3gica&#8221;. Bullrich critic\u00f3 a Casanello por el esc\u00e1ndalo de alimentos: &#8220;\u00bfQu\u00e9 sabe c\u00f3mo se reparten los alimentos la Justicia?&#8221; D\u00eda despu\u00e9s de que el Ministerio de Capital Humano acatara la orden de &hellip;\" \/>\n<meta property=\"og:url\" content=\"https:\/\/aldiachaco.com.ar\/index.php\/2024\/06\/10\/bullrich-critico-a-casanello-por-el-escandalo-de-alimentos-que-sabe-como-se-reparten-los-alimentos-la-justicia\/\" \/>\n<meta property=\"og:site_name\" content=\"Al Dia Chaco\" \/>\n<meta property=\"article:published_time\" content=\"2024-06-10T10:20:49+00:00\" \/>\n<meta property=\"og:image\" content=\"https:\/\/aldiachaco.com.ar\/wp-content\/uploads\/2024\/06\/34430-bullrich-cruzo-a-casanello-por-los-alimentos-se-metio-la-justicia-a-hacer-de-almacenero.webp\" \/>\n\t<meta property=\"og:image:width\" content=\"1200\" \/>\n\t<meta property=\"og:image:height\" content=\"900\" \/>\n\t<meta property=\"og:image:type\" content=\"image\/webp\" \/>\n<meta name=\"author\" content=\"aldiachaco.com.ar\" \/>\n<meta name=\"twitter:card\" content=\"summary_large_image\" \/>\n<meta name=\"twitter:label1\" content=\"Escrito por\" \/>\n\t<meta name=\"twitter:data1\" content=\"aldiachaco.com.ar\" \/>\n\t<meta name=\"twitter:label2\" content=\"Tiempo de lectura\" \/>\n\t<meta name=\"twitter:data2\" content=\"3 minutos\" \/>\n<script type=\"application\/ld+json\" class=\"yoast-schema-graph\">{\"@context\":\"https:\\\/\\\/schema.org\",\"@graph\":[{\"@type\":\"Article\",\"@id\":\"https:\\\/\\\/aldiachaco.com.ar\\\/index.php\\\/2024\\\/06\\\/10\\\/bullrich-critico-a-casanello-por-el-escandalo-de-alimentos-que-sabe-como-se-reparten-los-alimentos-la-justicia\\\/#article\",\"isPartOf\":{\"@id\":\"https:\\\/\\\/aldiachaco.com.ar\\\/index.php\\\/2024\\\/06\\\/10\\\/bullrich-critico-a-casanello-por-el-escandalo-de-alimentos-que-sabe-como-se-reparten-los-alimentos-la-justicia\\\/\"},\"author\":{\"name\":\"aldiachaco.com.ar\",\"@id\":\"https:\\\/\\\/aldiachaco.com.ar\\\/#\\\/schema\\\/person\\\/80113835e512ba580e79a945932487f5\"},\"headline\":\"Bullrich critic\u00f3 a Casanello por el esc\u00e1ndalo de alimentos: &#8220;\u00bfQu\u00e9 sabe c\u00f3mo se reparten los alimentos la Justicia?&#8221;\",\"datePublished\":\"2024-06-10T10:20:49+00:00\",\"mainEntityOfPage\":{\"@id\":\"https:\\\/\\\/aldiachaco.com.ar\\\/index.php\\\/2024\\\/06\\\/10\\\/bullrich-critico-a-casanello-por-el-escandalo-de-alimentos-que-sabe-como-se-reparten-los-alimentos-la-justicia\\\/\"},\"wordCount\":523,\"commentCount\":0,\"publisher\":{\"@id\":\"https:\\\/\\\/aldiachaco.com.ar\\\/#organization\"},\"image\":{\"@id\":\"https:\\\/\\\/aldiachaco.com.ar\\\/index.php\\\/2024\\\/06\\\/10\\\/bullrich-critico-a-casanello-por-el-escandalo-de-alimentos-que-sabe-como-se-reparten-los-alimentos-la-justicia\\\/#primaryimage\"},\"thumbnailUrl\":\"https:\\\/\\\/aldiachaco.com.ar\\\/wp-content\\\/uploads\\\/2024\\\/06\\\/34430-bullrich-cruzo-a-casanello-por-los-alimentos-se-metio-la-justicia-a-hacer-de-almacenero.webp\",\"articleSection\":[\"Pol\u00edtica\"],\"inLanguage\":\"es-AR\",\"potentialAction\":[{\"@type\":\"CommentAction\",\"name\":\"Comment\",\"target\":[\"https:\\\/\\\/aldiachaco.com.ar\\\/index.php\\\/2024\\\/06\\\/10\\\/bullrich-critico-a-casanello-por-el-escandalo-de-alimentos-que-sabe-como-se-reparten-los-alimentos-la-justicia\\\/#respond\"]}]},{\"@type\":\"WebPage\",\"@id\":\"https:\\\/\\\/aldiachaco.com.ar\\\/index.php\\\/2024\\\/06\\\/10\\\/bullrich-critico-a-casanello-por-el-escandalo-de-alimentos-que-sabe-como-se-reparten-los-alimentos-la-justicia\\\/\",\"url\":\"https:\\\/\\\/aldiachaco.com.ar\\\/index.php\\\/2024\\\/06\\\/10\\\/bullrich-critico-a-casanello-por-el-escandalo-de-alimentos-que-sabe-como-se-reparten-los-alimentos-la-justicia\\\/\",\"name\":\"Bullrich critic\u00f3 a Casanello por el esc\u00e1ndalo de alimentos: \\\"\u00bfQu\u00e9 sabe c\u00f3mo se reparten los alimentos la Justicia?\\\" | Al Dia Chaco\",\"isPartOf\":{\"@id\":\"https:\\\/\\\/aldiachaco.com.ar\\\/#website\"},\"primaryImageOfPage\":{\"@id\":\"https:\\\/\\\/aldiachaco.com.ar\\\/index.php\\\/2024\\\/06\\\/10\\\/bullrich-critico-a-casanello-por-el-escandalo-de-alimentos-que-sabe-como-se-reparten-los-alimentos-la-justicia\\\/#primaryimage\"},\"image\":{\"@id\":\"https:\\\/\\\/aldiachaco.com.ar\\\/index.php\\\/2024\\\/06\\\/10\\\/bullrich-critico-a-casanello-por-el-escandalo-de-alimentos-que-sabe-como-se-reparten-los-alimentos-la-justicia\\\/#primaryimage\"},\"thumbnailUrl\":\"https:\\\/\\\/aldiachaco.com.ar\\\/wp-content\\\/uploads\\\/2024\\\/06\\\/34430-bullrich-cruzo-a-casanello-por-los-alimentos-se-metio-la-justicia-a-hacer-de-almacenero.webp\",\"datePublished\":\"2024-06-10T10:20:49+00:00\",\"breadcrumb\":{\"@id\":\"https:\\\/\\\/aldiachaco.com.ar\\\/index.php\\\/2024\\\/06\\\/10\\\/bullrich-critico-a-casanello-por-el-escandalo-de-alimentos-que-sabe-como-se-reparten-los-alimentos-la-justicia\\\/#breadcrumb\"},\"inLanguage\":\"es-AR\",\"potentialAction\":[{\"@type\":\"ReadAction\",\"target\":[\"https:\\\/\\\/aldiachaco.com.ar\\\/index.php\\\/2024\\\/06\\\/10\\\/bullrich-critico-a-casanello-por-el-escandalo-de-alimentos-que-sabe-como-se-reparten-los-alimentos-la-justicia\\\/\"]}]},{\"@type\":\"ImageObject\",\"inLanguage\":\"es-AR\",\"@id\":\"https:\\\/\\\/aldiachaco.com.ar\\\/index.php\\\/2024\\\/06\\\/10\\\/bullrich-critico-a-casanello-por-el-escandalo-de-alimentos-que-sabe-como-se-reparten-los-alimentos-la-justicia\\\/#primaryimage\",\"url\":\"https:\\\/\\\/aldiachaco.com.ar\\\/wp-content\\\/uploads\\\/2024\\\/06\\\/34430-bullrich-cruzo-a-casanello-por-los-alimentos-se-metio-la-justicia-a-hacer-de-almacenero.webp\",\"contentUrl\":\"https:\\\/\\\/aldiachaco.com.ar\\\/wp-content\\\/uploads\\\/2024\\\/06\\\/34430-bullrich-cruzo-a-casanello-por-los-alimentos-se-metio-la-justicia-a-hacer-de-almacenero.webp\",\"width\":1200,\"height\":900},{\"@type\":\"BreadcrumbList\",\"@id\":\"https:\\\/\\\/aldiachaco.com.ar\\\/index.php\\\/2024\\\/06\\\/10\\\/bullrich-critico-a-casanello-por-el-escandalo-de-alimentos-que-sabe-como-se-reparten-los-alimentos-la-justicia\\\/#breadcrumb\",\"itemListElement\":[{\"@type\":\"ListItem\",\"position\":1,\"name\":\"Home\",\"item\":\"https:\\\/\\\/aldiachaco.com.ar\\\/\"},{\"@type\":\"ListItem\",\"position\":2,\"name\":\"Bullrich critic\u00f3 a Casanello por el esc\u00e1ndalo de alimentos: &#8220;\u00bfQu\u00e9 sabe c\u00f3mo se reparten los alimentos la Justicia?&#8221;\"}]},{\"@type\":\"WebSite\",\"@id\":\"https:\\\/\\\/aldiachaco.com.ar\\\/#website\",\"url\":\"https:\\\/\\\/aldiachaco.com.ar\\\/\",\"name\":\"Al Dia Chaco\",\"description\":\"Noticias del Chaco y el mundo\",\"publisher\":{\"@id\":\"https:\\\/\\\/aldiachaco.com.ar\\\/#organization\"},\"alternateName\":\"Al D\u00eda Chaco\",\"potentialAction\":[{\"@type\":\"SearchAction\",\"target\":{\"@type\":\"EntryPoint\",\"urlTemplate\":\"https:\\\/\\\/aldiachaco.com.ar\\\/?s={search_term_string}\"},\"query-input\":{\"@type\":\"PropertyValueSpecification\",\"valueRequired\":true,\"valueName\":\"search_term_string\"}}],\"inLanguage\":\"es-AR\"},{\"@type\":\"Organization\",\"@id\":\"https:\\\/\\\/aldiachaco.com.ar\\\/#organization\",\"name\":\"Al Dia Chaco\",\"url\":\"https:\\\/\\\/aldiachaco.com.ar\\\/\",\"logo\":{\"@type\":\"ImageObject\",\"inLanguage\":\"es-AR\",\"@id\":\"https:\\\/\\\/aldiachaco.com.ar\\\/#\\\/schema\\\/logo\\\/image\\\/\",\"url\":\"https:\\\/\\\/aldiachaco.com.ar\\\/wp-content\\\/uploads\\\/2017\\\/11\\\/AL-DIA-CHACO-L@2x.png\",\"contentUrl\":\"https:\\\/\\\/aldiachaco.com.ar\\\/wp-content\\\/uploads\\\/2017\\\/11\\\/AL-DIA-CHACO-L@2x.png\",\"width\":232,\"height\":60,\"caption\":\"Al Dia Chaco\"},\"image\":{\"@id\":\"https:\\\/\\\/aldiachaco.com.ar\\\/#\\\/schema\\\/logo\\\/image\\\/\"}},{\"@type\":\"Person\",\"@id\":\"https:\\\/\\\/aldiachaco.com.ar\\\/#\\\/schema\\\/person\\\/80113835e512ba580e79a945932487f5\",\"name\":\"aldiachaco.com.ar\",\"image\":{\"@type\":\"ImageObject\",\"inLanguage\":\"es-AR\",\"@id\":\"https:\\\/\\\/aldiachaco.com.ar\\\/wp-content\\\/litespeed\\\/avatar\\\/a7c4ebc5454089d3fd4ef6b87fdd073a.jpg?ver=1777471945\",\"url\":\"https:\\\/\\\/aldiachaco.com.ar\\\/wp-content\\\/litespeed\\\/avatar\\\/a7c4ebc5454089d3fd4ef6b87fdd073a.jpg?ver=1777471945\",\"contentUrl\":\"https:\\\/\\\/aldiachaco.com.ar\\\/wp-content\\\/litespeed\\\/avatar\\\/a7c4ebc5454089d3fd4ef6b87fdd073a.jpg?ver=1777471945\",\"caption\":\"aldiachaco.com.ar\"},\"sameAs\":[\"https:\\\/\\\/aldiachaco.com.ar\"],\"url\":\"https:\\\/\\\/aldiachaco.com.ar\\\/index.php\\\/author\\\/lime-camel-884546-hostingersite-com\\\/\"}]}<\/script>\n<!-- \/ Yoast SEO plugin. -->","yoast_head_json":{"title":"Bullrich critic\u00f3 a Casanello por el esc\u00e1ndalo de alimentos: \"\u00bfQu\u00e9 sabe c\u00f3mo se reparten los alimentos la Justicia?\" | Al Dia Chaco","robots":{"index":"index","follow":"follow","max-snippet":"max-snippet:-1","max-image-preview":"max-image-preview:large","max-video-preview":"max-video-preview:-1"},"canonical":"https:\/\/aldiachaco.com.ar\/index.php\/2024\/06\/10\/bullrich-critico-a-casanello-por-el-escandalo-de-alimentos-que-sabe-como-se-reparten-los-alimentos-la-justicia\/","og_locale":"es_ES","og_type":"article","og_title":"Bullrich critic\u00f3 a Casanello por el esc\u00e1ndalo de alimentos: \"\u00bfQu\u00e9 sabe c\u00f3mo se reparten los alimentos la Justicia?\" | Al Dia Chaco","og_description":"La ministra de Seguridad sostuvo que &#8220;no hab\u00eda ning\u00fan alimento vencido&#8221; y responsabiliz\u00f3 a los movimientos sociales por &#8220;una contraofensiva para desarmar la l\u00f3gica&#8221;. Bullrich critic\u00f3 a Casanello por el esc\u00e1ndalo de alimentos: &#8220;\u00bfQu\u00e9 sabe c\u00f3mo se reparten los alimentos la Justicia?&#8221; D\u00eda despu\u00e9s de que el Ministerio de Capital Humano acatara la orden de &hellip;","og_url":"https:\/\/aldiachaco.com.ar\/index.php\/2024\/06\/10\/bullrich-critico-a-casanello-por-el-escandalo-de-alimentos-que-sabe-como-se-reparten-los-alimentos-la-justicia\/","og_site_name":"Al Dia Chaco","article_published_time":"2024-06-10T10:20:49+00:00","og_image":[{"width":1200,"height":900,"url":"https:\/\/aldiachaco.com.ar\/wp-content\/uploads\/2024\/06\/34430-bullrich-cruzo-a-casanello-por-los-alimentos-se-metio-la-justicia-a-hacer-de-almacenero.webp","type":"image\/webp"}],"author":"aldiachaco.com.ar","twitter_card":"summary_large_image","twitter_misc":{"Escrito por":"aldiachaco.com.ar","Tiempo de lectura":"3 minutos"},"schema":{"@context":"https:\/\/schema.org","@graph":[{"@type":"Article","@id":"https:\/\/aldiachaco.com.ar\/index.php\/2024\/06\/10\/bullrich-critico-a-casanello-por-el-escandalo-de-alimentos-que-sabe-como-se-reparten-los-alimentos-la-justicia\/#article","isPartOf":{"@id":"https:\/\/aldiachaco.com.ar\/index.php\/2024\/06\/10\/bullrich-critico-a-casanello-por-el-escandalo-de-alimentos-que-sabe-como-se-reparten-los-alimentos-la-justicia\/"},"author":{"name":"aldiachaco.com.ar","@id":"https:\/\/aldiachaco.com.ar\/#\/schema\/person\/80113835e512ba580e79a945932487f5"},"headline":"Bullrich critic\u00f3 a Casanello por el esc\u00e1ndalo de alimentos: &#8220;\u00bfQu\u00e9 sabe c\u00f3mo se reparten los alimentos la Justicia?&#8221;","datePublished":"2024-06-10T10:20:49+00:00","mainEntityOfPage":{"@id":"https:\/\/aldiachaco.com.ar\/index.php\/2024\/06\/10\/bullrich-critico-a-casanello-por-el-escandalo-de-alimentos-que-sabe-como-se-reparten-los-alimentos-la-justicia\/"},"wordCount":523,"commentCount":0,"publisher":{"@id":"https:\/\/aldiachaco.com.ar\/#organization"},"image":{"@id":"https:\/\/aldiachaco.com.ar\/index.php\/2024\/06\/10\/bullrich-critico-a-casanello-por-el-escandalo-de-alimentos-que-sabe-como-se-reparten-los-alimentos-la-justicia\/#primaryimage"},"thumbnailUrl":"https:\/\/aldiachaco.com.ar\/wp-content\/uploads\/2024\/06\/34430-bullrich-cruzo-a-casanello-por-los-alimentos-se-metio-la-justicia-a-hacer-de-almacenero.webp","articleSection":["Pol\u00edtica"],"inLanguage":"es-AR","potentialAction":[{"@type":"CommentAction","name":"Comment","target":["https:\/\/aldiachaco.com.ar\/index.php\/2024\/06\/10\/bullrich-critico-a-casanello-por-el-escandalo-de-alimentos-que-sabe-como-se-reparten-los-alimentos-la-justicia\/#respond"]}]},{"@type":"WebPage","@id":"https:\/\/aldiachaco.com.ar\/index.php\/2024\/06\/10\/bullrich-critico-a-casanello-por-el-escandalo-de-alimentos-que-sabe-como-se-reparten-los-alimentos-la-justicia\/","url":"https:\/\/aldiachaco.com.ar\/index.php\/2024\/06\/10\/bullrich-critico-a-casanello-por-el-escandalo-de-alimentos-que-sabe-como-se-reparten-los-alimentos-la-justicia\/","name":"Bullrich critic\u00f3 a Casanello por el esc\u00e1ndalo de alimentos: \"\u00bfQu\u00e9 sabe c\u00f3mo se reparten los alimentos la Justicia?\" | Al Dia Chaco","isPartOf":{"@id":"https:\/\/aldiachaco.com.ar\/#website"},"primaryImageOfPage":{"@id":"https:\/\/aldiachaco.com.ar\/index.php\/2024\/06\/10\/bullrich-critico-a-casanello-por-el-escandalo-de-alimentos-que-sabe-como-se-reparten-los-alimentos-la-justicia\/#primaryimage"},"image":{"@id":"https:\/\/aldiachaco.com.ar\/index.php\/2024\/06\/10\/bullrich-critico-a-casanello-por-el-escandalo-de-alimentos-que-sabe-como-se-reparten-los-alimentos-la-justicia\/#primaryimage"},"thumbnailUrl":"https:\/\/aldiachaco.com.ar\/wp-content\/uploads\/2024\/06\/34430-bullrich-cruzo-a-casanello-por-los-alimentos-se-metio-la-justicia-a-hacer-de-almacenero.webp","datePublished":"2024-06-10T10:20:49+00:00","breadcrumb":{"@id":"https:\/\/aldiachaco.com.ar\/index.php\/2024\/06\/10\/bullrich-critico-a-casanello-por-el-escandalo-de-alimentos-que-sabe-como-se-reparten-los-alimentos-la-justicia\/#breadcrumb"},"inLanguage":"es-AR","potentialAction":[{"@type":"ReadAction","target":["https:\/\/aldiachaco.com.ar\/index.php\/2024\/06\/10\/bullrich-critico-a-casanello-por-el-escandalo-de-alimentos-que-sabe-como-se-reparten-los-alimentos-la-justicia\/"]}]},{"@type":"ImageObject","inLanguage":"es-AR","@id":"https:\/\/aldiachaco.com.ar\/index.php\/2024\/06\/10\/bullrich-critico-a-casanello-por-el-escandalo-de-alimentos-que-sabe-como-se-reparten-los-alimentos-la-justicia\/#primaryimage","url":"https:\/\/aldiachaco.com.ar\/wp-content\/uploads\/2024\/06\/34430-bullrich-cruzo-a-casanello-por-los-alimentos-se-metio-la-justicia-a-hacer-de-almacenero.webp","contentUrl":"https:\/\/aldiachaco.com.ar\/wp-content\/uploads\/2024\/06\/34430-bullrich-cruzo-a-casanello-por-los-alimentos-se-metio-la-justicia-a-hacer-de-almacenero.webp","width":1200,"height":900},{"@type":"BreadcrumbList","@id":"https:\/\/aldiachaco.com.ar\/index.php\/2024\/06\/10\/bullrich-critico-a-casanello-por-el-escandalo-de-alimentos-que-sabe-como-se-reparten-los-alimentos-la-justicia\/#breadcrumb","itemListElement":[{"@type":"ListItem","position":1,"name":"Home","item":"https:\/\/aldiachaco.com.ar\/"},{"@type":"ListItem","position":2,"name":"Bullrich critic\u00f3 a Casanello por el esc\u00e1ndalo de alimentos: &#8220;\u00bfQu\u00e9 sabe c\u00f3mo se reparten los alimentos la Justicia?&#8221;"}]},{"@type":"WebSite","@id":"https:\/\/aldiachaco.com.ar\/#website","url":"https:\/\/aldiachaco.com.ar\/","name":"Al Dia Chaco","description":"Noticias del Chaco y el mundo","publisher":{"@id":"https:\/\/aldiachaco.com.ar\/#organization"},"alternateName":"Al D\u00eda Chaco","potentialAction":[{"@type":"SearchAction","target":{"@type":"EntryPoint","urlTemplate":"https:\/\/aldiachaco.com.ar\/?s={search_term_string}"},"query-input":{"@type":"PropertyValueSpecification","valueRequired":true,"valueName":"search_term_string"}}],"inLanguage":"es-AR"},{"@type":"Organization","@id":"https:\/\/aldiachaco.com.ar\/#organization","name":"Al Dia Chaco","url":"https:\/\/aldiachaco.com.ar\/","logo":{"@type":"ImageObject","inLanguage":"es-AR","@id":"https:\/\/aldiachaco.com.ar\/#\/schema\/logo\/image\/","url":"https:\/\/aldiachaco.com.ar\/wp-content\/uploads\/2017\/11\/AL-DIA-CHACO-L@2x.png","contentUrl":"https:\/\/aldiachaco.com.ar\/wp-content\/uploads\/2017\/11\/AL-DIA-CHACO-L@2x.png","width":232,"height":60,"caption":"Al Dia Chaco"},"image":{"@id":"https:\/\/aldiachaco.com.ar\/#\/schema\/logo\/image\/"}},{"@type":"Person","@id":"https:\/\/aldiachaco.com.ar\/#\/schema\/person\/80113835e512ba580e79a945932487f5","name":"aldiachaco.com.ar","image":{"@type":"ImageObject","inLanguage":"es-AR","@id":"https:\/\/aldiachaco.com.ar\/wp-content\/litespeed\/avatar\/a7c4ebc5454089d3fd4ef6b87fdd073a.jpg?ver=1777471945","url":"https:\/\/aldiachaco.com.ar\/wp-content\/litespeed\/avatar\/a7c4ebc5454089d3fd4ef6b87fdd073a.jpg?ver=1777471945","contentUrl":"https:\/\/aldiachaco.com.ar\/wp-content\/litespeed\/avatar\/a7c4ebc5454089d3fd4ef6b87fdd073a.jpg?ver=1777471945","caption":"aldiachaco.com.ar"},"sameAs":["https:\/\/aldiachaco.com.ar"],"url":"https:\/\/aldiachaco.com.ar\/index.php\/author\/lime-camel-884546-hostingersite-com\/"}]}},"jetpack_publicize_connections":[],"jetpack_featured_media_url":"https:\/\/aldiachaco.com.ar\/wp-content\/uploads\/2024\/06\/34430-bullrich-cruzo-a-casanello-por-los-alimentos-se-metio-la-justicia-a-hacer-de-almacenero.webp","jetpack_sharing_enabled":true,"amp_enabled":true,"_links":{"self":[{"href":"https:\/\/aldiachaco.com.ar\/index.php\/wp-json\/wp\/v2\/posts\/6872","targetHints":{"allow":["GET"]}}],"collection":[{"href":"https:\/\/aldiachaco.com.ar\/index.php\/wp-json\/wp\/v2\/posts"}],"about":[{"href":"https:\/\/aldiachaco.com.ar\/index.php\/wp-json\/wp\/v2\/types\/post"}],"author":[{"embeddable":true,"href":"https:\/\/aldiachaco.com.ar\/index.php\/wp-json\/wp\/v2\/users\/1"}],"replies":[{"embeddable":true,"href":"https:\/\/aldiachaco.com.ar\/index.php\/wp-json\/wp\/v2\/comments?post=6872"}],"version-history":[{"count":1,"href":"https:\/\/aldiachaco.com.ar\/index.php\/wp-json\/wp\/v2\/posts\/6872\/revisions"}],"predecessor-version":[{"id":6874,"href":"https:\/\/aldiachaco.com.ar\/index.php\/wp-json\/wp\/v2\/posts\/6872\/revisions\/6874"}],"wp:featuredmedia":[{"embeddable":true,"href":"https:\/\/aldiachaco.com.ar\/index.php\/wp-json\/wp\/v2\/media\/6873"}],"wp:attachment":[{"href":"https:\/\/aldiachaco.com.ar\/index.php\/wp-json\/wp\/v2\/media?parent=6872"}],"wp:term":[{"taxonomy":"category","embeddable":true,"href":"https:\/\/aldiachaco.com.ar\/index.php\/wp-json\/wp\/v2\/categories?post=6872"},{"taxonomy":"post_tag","embeddable":true,"href":"https:\/\/aldiachaco.com.ar\/index.php\/wp-json\/wp\/v2\/tags?post=6872"}],"curies":[{"name":"wp","href":"https:\/\/api.w.org\/{rel}","templated":true}]}}