{"id":6751,"date":"2024-06-06T22:26:10","date_gmt":"2024-06-07T01:26:10","guid":{"rendered":"https:\/\/aldiachaco.com.ar\/?p=6751"},"modified":"2024-06-06T22:27:03","modified_gmt":"2024-06-07T01:27:03","slug":"camioneta-con-historial-criminal-detenida-en-makalle-incautaron-dinero-y-equipos-de-alta-gama-en-makalle-secuestraron-un-vehiculo-robado-en-la-provincia-de-buenos-aires-tambien-incautaron-mas-de-60","status":"publish","type":"post","link":"https:\/\/aldiachaco.com.ar\/index.php\/2024\/06\/06\/camioneta-con-historial-criminal-detenida-en-makalle-incautaron-dinero-y-equipos-de-alta-gama-en-makalle-secuestraron-un-vehiculo-robado-en-la-provincia-de-buenos-aires-tambien-incautaron-mas-de-60\/","title":{"rendered":"Camioneta con historial criminal detenida en Makall\u00e9: Incautaron dinero y equipos de alta gama"},"content":{"rendered":"<p>El operativo ocurri\u00f3 durante la siesta de este jueves, en el puesto de control caminero. All\u00ed, los agentes detuvieron la marcha de una camioneta Volkswagen Amarok, conducida por un joven de 26 a\u00f1os y solicitaron colaboraci\u00f3n del Departamento Policial Inspecci\u00f3n Vehicular.<\/p>\n<p>Los uniformados verificaron el veh\u00edculo y notaron que, a simple vista, el n\u00famero de chasis y motor presentaban grabados con n\u00fameros originales de f\u00e1brica.\u00a0Sin embargo, la patente no presentaba las medidas de seguridad, adem\u00e1s de que no correspond\u00eda al rodado.<\/p>\n<p><img loading=\"lazy\" decoding=\"async\" class=\" wp-image-6753 aligncenter\" src=\"https:\/\/aldiachaco.com.ar\/wp-content\/uploads\/2024\/06\/260-Detenido-300x225.webp\" alt=\"\" width=\"565\" height=\"424\" srcset=\"https:\/\/aldiachaco.com.ar\/wp-content\/uploads\/2024\/06\/260-Detenido-300x225.webp 300w, https:\/\/aldiachaco.com.ar\/wp-content\/uploads\/2024\/06\/260-Detenido-768x576.webp 768w, https:\/\/aldiachaco.com.ar\/wp-content\/uploads\/2024\/06\/260-Detenido-626x470.webp 626w, https:\/\/aldiachaco.com.ar\/wp-content\/uploads\/2024\/06\/260-Detenido-600x450.webp 600w, https:\/\/aldiachaco.com.ar\/wp-content\/uploads\/2024\/06\/260-Detenido.webp 790w\" sizes=\"auto, (max-width: 565px) 100vw, 565px\" \/><\/p>\n<p>Al constatar mediante el sistema DNRPA, descubrieron que\u00a0la camioneta ten\u00eda una denuncia como robada desde Berazategui, provincia de Buenos Aires, del 30 de abril de este a\u00f1o.<\/p>\n<p>Adem\u00e1s, el joven conductor\u00a0entreg\u00f3 una bandolera en la que ten\u00eda varios fajos de billetes por un total de $ 603.300, un celular Samsung A03 y un Iphone 13.\u00a0La Fiscal\u00eda Investigaci\u00f3n Penal N\u00b0 1, a cargo de Ingrid Rita Wenner, dispuso el secuestro del veh\u00edculo y el dinero, adem\u00e1s de que el conductor fue detenido y notificado de la causa &#8220;supuesto encubrimiento&#8221;.<\/p>\n<p>Tras esto, personal de la Divisi\u00f3n Microtr\u00e1fico se present\u00f3 en el lugar con el can detector de sustancias &#8220;Lulu&#8221;, quien realiz\u00f3 una inspecci\u00f3n de la camioneta, que arroj\u00f3 negativo.<\/p>\n<p>Luego, trasladaron lo secuestrado y al conductor detenido a la Comisar\u00eda de Makall\u00e9.<\/p>\n","protected":false},"excerpt":{"rendered":"<p>El operativo ocurri\u00f3 durante la siesta de este jueves, en el puesto de control caminero. All\u00ed, los agentes detuvieron la marcha de una camioneta Volkswagen Amarok, conducida por un joven de 26 a\u00f1os y solicitaron colaboraci\u00f3n del Departamento Policial Inspecci\u00f3n Vehicular. Los uniformados verificaron el veh\u00edculo y notaron que, a simple vista, el n\u00famero de &hellip;<\/p>\n","protected":false},"author":1,"featured_media":6754,"comment_status":"open","ping_status":"open","sticky":false,"template":"","format":"standard","meta":{"content-type":"","_monsterinsights_skip_tracking":false,"_monsterinsights_sitenote_active":false,"_monsterinsights_sitenote_note":"","_monsterinsights_sitenote_category":0,"_jetpack_memberships_contains_paid_content":false,"footnotes":"","jetpack_publicize_message":"","jetpack_publicize_feature_enabled":true,"jetpack_social_post_already_shared":true,"jetpack_social_options":{"image_generator_settings":{"template":"highway","default_image_id":0,"font":"","enabled":false},"version":2}},"categories":[158,86],"tags":[],"class_list":["post-6751","post","type-post","status-publish","format-standard","has-post-thumbnail","hentry","category-interior","category-policiales"],"yoast_head":"<!-- This site is optimized with the Yoast SEO plugin v27.4 - https:\/\/yoast.com\/product\/yoast-seo-wordpress\/ -->\n<title>Camioneta con historial criminal detenida en Makall\u00e9: Incautaron dinero y equipos de alta gama | Al Dia Chaco<\/title>\n<meta name=\"robots\" content=\"index, follow, max-snippet:-1, max-image-preview:large, max-video-preview:-1\" \/>\n<link rel=\"canonical\" href=\"https:\/\/aldiachaco.com.ar\/index.php\/2024\/06\/06\/camioneta-con-historial-criminal-detenida-en-makalle-incautaron-dinero-y-equipos-de-alta-gama-en-makalle-secuestraron-un-vehiculo-robado-en-la-provincia-de-buenos-aires-tambien-incautaron-mas-de-60\/\" \/>\n<meta property=\"og:locale\" content=\"es_ES\" \/>\n<meta property=\"og:type\" content=\"article\" \/>\n<meta property=\"og:title\" content=\"Camioneta con historial criminal detenida en Makall\u00e9: Incautaron dinero y equipos de alta gama | Al Dia Chaco\" \/>\n<meta property=\"og:description\" content=\"El operativo ocurri\u00f3 durante la siesta de este jueves, en el puesto de control caminero. All\u00ed, los agentes detuvieron la marcha de una camioneta Volkswagen Amarok, conducida por un joven de 26 a\u00f1os y solicitaron colaboraci\u00f3n del Departamento Policial Inspecci\u00f3n Vehicular. Los uniformados verificaron el veh\u00edculo y notaron que, a simple vista, el n\u00famero de &hellip;\" \/>\n<meta property=\"og:url\" content=\"https:\/\/aldiachaco.com.ar\/index.php\/2024\/06\/06\/camioneta-con-historial-criminal-detenida-en-makalle-incautaron-dinero-y-equipos-de-alta-gama-en-makalle-secuestraron-un-vehiculo-robado-en-la-provincia-de-buenos-aires-tambien-incautaron-mas-de-60\/\" \/>\n<meta property=\"og:site_name\" content=\"Al Dia Chaco\" \/>\n<meta property=\"article:published_time\" content=\"2024-06-07T01:26:10+00:00\" \/>\n<meta property=\"article:modified_time\" content=\"2024-06-07T01:27:03+00:00\" \/>\n<meta property=\"og:image\" content=\"https:\/\/aldiachaco.com.ar\/wp-content\/uploads\/2024\/06\/259-Detenido.webp\" \/>\n\t<meta property=\"og:image:width\" content=\"790\" \/>\n\t<meta property=\"og:image:height\" content=\"490\" \/>\n\t<meta property=\"og:image:type\" content=\"image\/webp\" \/>\n<meta name=\"author\" content=\"aldiachaco.com.ar\" \/>\n<meta name=\"twitter:card\" content=\"summary_large_image\" \/>\n<meta name=\"twitter:label1\" content=\"Escrito por\" \/>\n\t<meta name=\"twitter:data1\" content=\"aldiachaco.com.ar\" \/>\n\t<meta name=\"twitter:label2\" content=\"Tiempo de lectura\" \/>\n\t<meta name=\"twitter:data2\" content=\"2 minutos\" \/>\n<script type=\"application\/ld+json\" class=\"yoast-schema-graph\">{\"@context\":\"https:\\\/\\\/schema.org\",\"@graph\":[{\"@type\":\"Article\",\"@id\":\"https:\\\/\\\/aldiachaco.com.ar\\\/index.php\\\/2024\\\/06\\\/06\\\/camioneta-con-historial-criminal-detenida-en-makalle-incautaron-dinero-y-equipos-de-alta-gama-en-makalle-secuestraron-un-vehiculo-robado-en-la-provincia-de-buenos-aires-tambien-incautaron-mas-de-60\\\/#article\",\"isPartOf\":{\"@id\":\"https:\\\/\\\/aldiachaco.com.ar\\\/index.php\\\/2024\\\/06\\\/06\\\/camioneta-con-historial-criminal-detenida-en-makalle-incautaron-dinero-y-equipos-de-alta-gama-en-makalle-secuestraron-un-vehiculo-robado-en-la-provincia-de-buenos-aires-tambien-incautaron-mas-de-60\\\/\"},\"author\":{\"name\":\"aldiachaco.com.ar\",\"@id\":\"https:\\\/\\\/aldiachaco.com.ar\\\/#\\\/schema\\\/person\\\/80113835e512ba580e79a945932487f5\"},\"headline\":\"Camioneta con historial criminal detenida en Makall\u00e9: Incautaron dinero y equipos de alta gama\",\"datePublished\":\"2024-06-07T01:26:10+00:00\",\"dateModified\":\"2024-06-07T01:27:03+00:00\",\"mainEntityOfPage\":{\"@id\":\"https:\\\/\\\/aldiachaco.com.ar\\\/index.php\\\/2024\\\/06\\\/06\\\/camioneta-con-historial-criminal-detenida-en-makalle-incautaron-dinero-y-equipos-de-alta-gama-en-makalle-secuestraron-un-vehiculo-robado-en-la-provincia-de-buenos-aires-tambien-incautaron-mas-de-60\\\/\"},\"wordCount\":244,\"commentCount\":0,\"publisher\":{\"@id\":\"https:\\\/\\\/aldiachaco.com.ar\\\/#organization\"},\"image\":{\"@id\":\"https:\\\/\\\/aldiachaco.com.ar\\\/index.php\\\/2024\\\/06\\\/06\\\/camioneta-con-historial-criminal-detenida-en-makalle-incautaron-dinero-y-equipos-de-alta-gama-en-makalle-secuestraron-un-vehiculo-robado-en-la-provincia-de-buenos-aires-tambien-incautaron-mas-de-60\\\/#primaryimage\"},\"thumbnailUrl\":\"https:\\\/\\\/aldiachaco.com.ar\\\/wp-content\\\/uploads\\\/2024\\\/06\\\/259-Detenido.webp\",\"articleSection\":[\"Interior\",\"Policiales\"],\"inLanguage\":\"es-AR\",\"potentialAction\":[{\"@type\":\"CommentAction\",\"name\":\"Comment\",\"target\":[\"https:\\\/\\\/aldiachaco.com.ar\\\/index.php\\\/2024\\\/06\\\/06\\\/camioneta-con-historial-criminal-detenida-en-makalle-incautaron-dinero-y-equipos-de-alta-gama-en-makalle-secuestraron-un-vehiculo-robado-en-la-provincia-de-buenos-aires-tambien-incautaron-mas-de-60\\\/#respond\"]}]},{\"@type\":\"WebPage\",\"@id\":\"https:\\\/\\\/aldiachaco.com.ar\\\/index.php\\\/2024\\\/06\\\/06\\\/camioneta-con-historial-criminal-detenida-en-makalle-incautaron-dinero-y-equipos-de-alta-gama-en-makalle-secuestraron-un-vehiculo-robado-en-la-provincia-de-buenos-aires-tambien-incautaron-mas-de-60\\\/\",\"url\":\"https:\\\/\\\/aldiachaco.com.ar\\\/index.php\\\/2024\\\/06\\\/06\\\/camioneta-con-historial-criminal-detenida-en-makalle-incautaron-dinero-y-equipos-de-alta-gama-en-makalle-secuestraron-un-vehiculo-robado-en-la-provincia-de-buenos-aires-tambien-incautaron-mas-de-60\\\/\",\"name\":\"Camioneta con historial criminal detenida en Makall\u00e9: Incautaron dinero y equipos de alta gama | Al Dia Chaco\",\"isPartOf\":{\"@id\":\"https:\\\/\\\/aldiachaco.com.ar\\\/#website\"},\"primaryImageOfPage\":{\"@id\":\"https:\\\/\\\/aldiachaco.com.ar\\\/index.php\\\/2024\\\/06\\\/06\\\/camioneta-con-historial-criminal-detenida-en-makalle-incautaron-dinero-y-equipos-de-alta-gama-en-makalle-secuestraron-un-vehiculo-robado-en-la-provincia-de-buenos-aires-tambien-incautaron-mas-de-60\\\/#primaryimage\"},\"image\":{\"@id\":\"https:\\\/\\\/aldiachaco.com.ar\\\/index.php\\\/2024\\\/06\\\/06\\\/camioneta-con-historial-criminal-detenida-en-makalle-incautaron-dinero-y-equipos-de-alta-gama-en-makalle-secuestraron-un-vehiculo-robado-en-la-provincia-de-buenos-aires-tambien-incautaron-mas-de-60\\\/#primaryimage\"},\"thumbnailUrl\":\"https:\\\/\\\/aldiachaco.com.ar\\\/wp-content\\\/uploads\\\/2024\\\/06\\\/259-Detenido.webp\",\"datePublished\":\"2024-06-07T01:26:10+00:00\",\"dateModified\":\"2024-06-07T01:27:03+00:00\",\"breadcrumb\":{\"@id\":\"https:\\\/\\\/aldiachaco.com.ar\\\/index.php\\\/2024\\\/06\\\/06\\\/camioneta-con-historial-criminal-detenida-en-makalle-incautaron-dinero-y-equipos-de-alta-gama-en-makalle-secuestraron-un-vehiculo-robado-en-la-provincia-de-buenos-aires-tambien-incautaron-mas-de-60\\\/#breadcrumb\"},\"inLanguage\":\"es-AR\",\"potentialAction\":[{\"@type\":\"ReadAction\",\"target\":[\"https:\\\/\\\/aldiachaco.com.ar\\\/index.php\\\/2024\\\/06\\\/06\\\/camioneta-con-historial-criminal-detenida-en-makalle-incautaron-dinero-y-equipos-de-alta-gama-en-makalle-secuestraron-un-vehiculo-robado-en-la-provincia-de-buenos-aires-tambien-incautaron-mas-de-60\\\/\"]}]},{\"@type\":\"ImageObject\",\"inLanguage\":\"es-AR\",\"@id\":\"https:\\\/\\\/aldiachaco.com.ar\\\/index.php\\\/2024\\\/06\\\/06\\\/camioneta-con-historial-criminal-detenida-en-makalle-incautaron-dinero-y-equipos-de-alta-gama-en-makalle-secuestraron-un-vehiculo-robado-en-la-provincia-de-buenos-aires-tambien-incautaron-mas-de-60\\\/#primaryimage\",\"url\":\"https:\\\/\\\/aldiachaco.com.ar\\\/wp-content\\\/uploads\\\/2024\\\/06\\\/259-Detenido.webp\",\"contentUrl\":\"https:\\\/\\\/aldiachaco.com.ar\\\/wp-content\\\/uploads\\\/2024\\\/06\\\/259-Detenido.webp\",\"width\":790,\"height\":490},{\"@type\":\"BreadcrumbList\",\"@id\":\"https:\\\/\\\/aldiachaco.com.ar\\\/index.php\\\/2024\\\/06\\\/06\\\/camioneta-con-historial-criminal-detenida-en-makalle-incautaron-dinero-y-equipos-de-alta-gama-en-makalle-secuestraron-un-vehiculo-robado-en-la-provincia-de-buenos-aires-tambien-incautaron-mas-de-60\\\/#breadcrumb\",\"itemListElement\":[{\"@type\":\"ListItem\",\"position\":1,\"name\":\"Home\",\"item\":\"https:\\\/\\\/aldiachaco.com.ar\\\/\"},{\"@type\":\"ListItem\",\"position\":2,\"name\":\"Camioneta con historial criminal detenida en Makall\u00e9: Incautaron dinero y equipos de alta gama\"}]},{\"@type\":\"WebSite\",\"@id\":\"https:\\\/\\\/aldiachaco.com.ar\\\/#website\",\"url\":\"https:\\\/\\\/aldiachaco.com.ar\\\/\",\"name\":\"Al Dia Chaco\",\"description\":\"Noticias del Chaco y el mundo\",\"publisher\":{\"@id\":\"https:\\\/\\\/aldiachaco.com.ar\\\/#organization\"},\"alternateName\":\"Al D\u00eda Chaco\",\"potentialAction\":[{\"@type\":\"SearchAction\",\"target\":{\"@type\":\"EntryPoint\",\"urlTemplate\":\"https:\\\/\\\/aldiachaco.com.ar\\\/?s={search_term_string}\"},\"query-input\":{\"@type\":\"PropertyValueSpecification\",\"valueRequired\":true,\"valueName\":\"search_term_string\"}}],\"inLanguage\":\"es-AR\"},{\"@type\":\"Organization\",\"@id\":\"https:\\\/\\\/aldiachaco.com.ar\\\/#organization\",\"name\":\"Al Dia Chaco\",\"url\":\"https:\\\/\\\/aldiachaco.com.ar\\\/\",\"logo\":{\"@type\":\"ImageObject\",\"inLanguage\":\"es-AR\",\"@id\":\"https:\\\/\\\/aldiachaco.com.ar\\\/#\\\/schema\\\/logo\\\/image\\\/\",\"url\":\"https:\\\/\\\/aldiachaco.com.ar\\\/wp-content\\\/uploads\\\/2017\\\/11\\\/AL-DIA-CHACO-L@2x.png\",\"contentUrl\":\"https:\\\/\\\/aldiachaco.com.ar\\\/wp-content\\\/uploads\\\/2017\\\/11\\\/AL-DIA-CHACO-L@2x.png\",\"width\":232,\"height\":60,\"caption\":\"Al Dia Chaco\"},\"image\":{\"@id\":\"https:\\\/\\\/aldiachaco.com.ar\\\/#\\\/schema\\\/logo\\\/image\\\/\"}},{\"@type\":\"Person\",\"@id\":\"https:\\\/\\\/aldiachaco.com.ar\\\/#\\\/schema\\\/person\\\/80113835e512ba580e79a945932487f5\",\"name\":\"aldiachaco.com.ar\",\"image\":{\"@type\":\"ImageObject\",\"inLanguage\":\"es-AR\",\"@id\":\"https:\\\/\\\/aldiachaco.com.ar\\\/wp-content\\\/litespeed\\\/avatar\\\/a7c4ebc5454089d3fd4ef6b87fdd073a.jpg?ver=1777471945\",\"url\":\"https:\\\/\\\/aldiachaco.com.ar\\\/wp-content\\\/litespeed\\\/avatar\\\/a7c4ebc5454089d3fd4ef6b87fdd073a.jpg?ver=1777471945\",\"contentUrl\":\"https:\\\/\\\/aldiachaco.com.ar\\\/wp-content\\\/litespeed\\\/avatar\\\/a7c4ebc5454089d3fd4ef6b87fdd073a.jpg?ver=1777471945\",\"caption\":\"aldiachaco.com.ar\"},\"sameAs\":[\"https:\\\/\\\/aldiachaco.com.ar\"],\"url\":\"https:\\\/\\\/aldiachaco.com.ar\\\/index.php\\\/author\\\/lime-camel-884546-hostingersite-com\\\/\"}]}<\/script>\n<!-- \/ Yoast SEO plugin. -->","yoast_head_json":{"title":"Camioneta con historial criminal detenida en Makall\u00e9: Incautaron dinero y equipos de alta gama | Al Dia Chaco","robots":{"index":"index","follow":"follow","max-snippet":"max-snippet:-1","max-image-preview":"max-image-preview:large","max-video-preview":"max-video-preview:-1"},"canonical":"https:\/\/aldiachaco.com.ar\/index.php\/2024\/06\/06\/camioneta-con-historial-criminal-detenida-en-makalle-incautaron-dinero-y-equipos-de-alta-gama-en-makalle-secuestraron-un-vehiculo-robado-en-la-provincia-de-buenos-aires-tambien-incautaron-mas-de-60\/","og_locale":"es_ES","og_type":"article","og_title":"Camioneta con historial criminal detenida en Makall\u00e9: Incautaron dinero y equipos de alta gama | Al Dia Chaco","og_description":"El operativo ocurri\u00f3 durante la siesta de este jueves, en el puesto de control caminero. All\u00ed, los agentes detuvieron la marcha de una camioneta Volkswagen Amarok, conducida por un joven de 26 a\u00f1os y solicitaron colaboraci\u00f3n del Departamento Policial Inspecci\u00f3n Vehicular. Los uniformados verificaron el veh\u00edculo y notaron que, a simple vista, el n\u00famero de &hellip;","og_url":"https:\/\/aldiachaco.com.ar\/index.php\/2024\/06\/06\/camioneta-con-historial-criminal-detenida-en-makalle-incautaron-dinero-y-equipos-de-alta-gama-en-makalle-secuestraron-un-vehiculo-robado-en-la-provincia-de-buenos-aires-tambien-incautaron-mas-de-60\/","og_site_name":"Al Dia Chaco","article_published_time":"2024-06-07T01:26:10+00:00","article_modified_time":"2024-06-07T01:27:03+00:00","og_image":[{"width":790,"height":490,"url":"https:\/\/aldiachaco.com.ar\/wp-content\/uploads\/2024\/06\/259-Detenido.webp","type":"image\/webp"}],"author":"aldiachaco.com.ar","twitter_card":"summary_large_image","twitter_misc":{"Escrito por":"aldiachaco.com.ar","Tiempo de lectura":"2 minutos"},"schema":{"@context":"https:\/\/schema.org","@graph":[{"@type":"Article","@id":"https:\/\/aldiachaco.com.ar\/index.php\/2024\/06\/06\/camioneta-con-historial-criminal-detenida-en-makalle-incautaron-dinero-y-equipos-de-alta-gama-en-makalle-secuestraron-un-vehiculo-robado-en-la-provincia-de-buenos-aires-tambien-incautaron-mas-de-60\/#article","isPartOf":{"@id":"https:\/\/aldiachaco.com.ar\/index.php\/2024\/06\/06\/camioneta-con-historial-criminal-detenida-en-makalle-incautaron-dinero-y-equipos-de-alta-gama-en-makalle-secuestraron-un-vehiculo-robado-en-la-provincia-de-buenos-aires-tambien-incautaron-mas-de-60\/"},"author":{"name":"aldiachaco.com.ar","@id":"https:\/\/aldiachaco.com.ar\/#\/schema\/person\/80113835e512ba580e79a945932487f5"},"headline":"Camioneta con historial criminal detenida en Makall\u00e9: Incautaron dinero y equipos de alta gama","datePublished":"2024-06-07T01:26:10+00:00","dateModified":"2024-06-07T01:27:03+00:00","mainEntityOfPage":{"@id":"https:\/\/aldiachaco.com.ar\/index.php\/2024\/06\/06\/camioneta-con-historial-criminal-detenida-en-makalle-incautaron-dinero-y-equipos-de-alta-gama-en-makalle-secuestraron-un-vehiculo-robado-en-la-provincia-de-buenos-aires-tambien-incautaron-mas-de-60\/"},"wordCount":244,"commentCount":0,"publisher":{"@id":"https:\/\/aldiachaco.com.ar\/#organization"},"image":{"@id":"https:\/\/aldiachaco.com.ar\/index.php\/2024\/06\/06\/camioneta-con-historial-criminal-detenida-en-makalle-incautaron-dinero-y-equipos-de-alta-gama-en-makalle-secuestraron-un-vehiculo-robado-en-la-provincia-de-buenos-aires-tambien-incautaron-mas-de-60\/#primaryimage"},"thumbnailUrl":"https:\/\/aldiachaco.com.ar\/wp-content\/uploads\/2024\/06\/259-Detenido.webp","articleSection":["Interior","Policiales"],"inLanguage":"es-AR","potentialAction":[{"@type":"CommentAction","name":"Comment","target":["https:\/\/aldiachaco.com.ar\/index.php\/2024\/06\/06\/camioneta-con-historial-criminal-detenida-en-makalle-incautaron-dinero-y-equipos-de-alta-gama-en-makalle-secuestraron-un-vehiculo-robado-en-la-provincia-de-buenos-aires-tambien-incautaron-mas-de-60\/#respond"]}]},{"@type":"WebPage","@id":"https:\/\/aldiachaco.com.ar\/index.php\/2024\/06\/06\/camioneta-con-historial-criminal-detenida-en-makalle-incautaron-dinero-y-equipos-de-alta-gama-en-makalle-secuestraron-un-vehiculo-robado-en-la-provincia-de-buenos-aires-tambien-incautaron-mas-de-60\/","url":"https:\/\/aldiachaco.com.ar\/index.php\/2024\/06\/06\/camioneta-con-historial-criminal-detenida-en-makalle-incautaron-dinero-y-equipos-de-alta-gama-en-makalle-secuestraron-un-vehiculo-robado-en-la-provincia-de-buenos-aires-tambien-incautaron-mas-de-60\/","name":"Camioneta con historial criminal detenida en Makall\u00e9: Incautaron dinero y equipos de alta gama | Al Dia Chaco","isPartOf":{"@id":"https:\/\/aldiachaco.com.ar\/#website"},"primaryImageOfPage":{"@id":"https:\/\/aldiachaco.com.ar\/index.php\/2024\/06\/06\/camioneta-con-historial-criminal-detenida-en-makalle-incautaron-dinero-y-equipos-de-alta-gama-en-makalle-secuestraron-un-vehiculo-robado-en-la-provincia-de-buenos-aires-tambien-incautaron-mas-de-60\/#primaryimage"},"image":{"@id":"https:\/\/aldiachaco.com.ar\/index.php\/2024\/06\/06\/camioneta-con-historial-criminal-detenida-en-makalle-incautaron-dinero-y-equipos-de-alta-gama-en-makalle-secuestraron-un-vehiculo-robado-en-la-provincia-de-buenos-aires-tambien-incautaron-mas-de-60\/#primaryimage"},"thumbnailUrl":"https:\/\/aldiachaco.com.ar\/wp-content\/uploads\/2024\/06\/259-Detenido.webp","datePublished":"2024-06-07T01:26:10+00:00","dateModified":"2024-06-07T01:27:03+00:00","breadcrumb":{"@id":"https:\/\/aldiachaco.com.ar\/index.php\/2024\/06\/06\/camioneta-con-historial-criminal-detenida-en-makalle-incautaron-dinero-y-equipos-de-alta-gama-en-makalle-secuestraron-un-vehiculo-robado-en-la-provincia-de-buenos-aires-tambien-incautaron-mas-de-60\/#breadcrumb"},"inLanguage":"es-AR","potentialAction":[{"@type":"ReadAction","target":["https:\/\/aldiachaco.com.ar\/index.php\/2024\/06\/06\/camioneta-con-historial-criminal-detenida-en-makalle-incautaron-dinero-y-equipos-de-alta-gama-en-makalle-secuestraron-un-vehiculo-robado-en-la-provincia-de-buenos-aires-tambien-incautaron-mas-de-60\/"]}]},{"@type":"ImageObject","inLanguage":"es-AR","@id":"https:\/\/aldiachaco.com.ar\/index.php\/2024\/06\/06\/camioneta-con-historial-criminal-detenida-en-makalle-incautaron-dinero-y-equipos-de-alta-gama-en-makalle-secuestraron-un-vehiculo-robado-en-la-provincia-de-buenos-aires-tambien-incautaron-mas-de-60\/#primaryimage","url":"https:\/\/aldiachaco.com.ar\/wp-content\/uploads\/2024\/06\/259-Detenido.webp","contentUrl":"https:\/\/aldiachaco.com.ar\/wp-content\/uploads\/2024\/06\/259-Detenido.webp","width":790,"height":490},{"@type":"BreadcrumbList","@id":"https:\/\/aldiachaco.com.ar\/index.php\/2024\/06\/06\/camioneta-con-historial-criminal-detenida-en-makalle-incautaron-dinero-y-equipos-de-alta-gama-en-makalle-secuestraron-un-vehiculo-robado-en-la-provincia-de-buenos-aires-tambien-incautaron-mas-de-60\/#breadcrumb","itemListElement":[{"@type":"ListItem","position":1,"name":"Home","item":"https:\/\/aldiachaco.com.ar\/"},{"@type":"ListItem","position":2,"name":"Camioneta con historial criminal detenida en Makall\u00e9: Incautaron dinero y equipos de alta gama"}]},{"@type":"WebSite","@id":"https:\/\/aldiachaco.com.ar\/#website","url":"https:\/\/aldiachaco.com.ar\/","name":"Al Dia Chaco","description":"Noticias del Chaco y el mundo","publisher":{"@id":"https:\/\/aldiachaco.com.ar\/#organization"},"alternateName":"Al D\u00eda Chaco","potentialAction":[{"@type":"SearchAction","target":{"@type":"EntryPoint","urlTemplate":"https:\/\/aldiachaco.com.ar\/?s={search_term_string}"},"query-input":{"@type":"PropertyValueSpecification","valueRequired":true,"valueName":"search_term_string"}}],"inLanguage":"es-AR"},{"@type":"Organization","@id":"https:\/\/aldiachaco.com.ar\/#organization","name":"Al Dia Chaco","url":"https:\/\/aldiachaco.com.ar\/","logo":{"@type":"ImageObject","inLanguage":"es-AR","@id":"https:\/\/aldiachaco.com.ar\/#\/schema\/logo\/image\/","url":"https:\/\/aldiachaco.com.ar\/wp-content\/uploads\/2017\/11\/AL-DIA-CHACO-L@2x.png","contentUrl":"https:\/\/aldiachaco.com.ar\/wp-content\/uploads\/2017\/11\/AL-DIA-CHACO-L@2x.png","width":232,"height":60,"caption":"Al Dia Chaco"},"image":{"@id":"https:\/\/aldiachaco.com.ar\/#\/schema\/logo\/image\/"}},{"@type":"Person","@id":"https:\/\/aldiachaco.com.ar\/#\/schema\/person\/80113835e512ba580e79a945932487f5","name":"aldiachaco.com.ar","image":{"@type":"ImageObject","inLanguage":"es-AR","@id":"https:\/\/aldiachaco.com.ar\/wp-content\/litespeed\/avatar\/a7c4ebc5454089d3fd4ef6b87fdd073a.jpg?ver=1777471945","url":"https:\/\/aldiachaco.com.ar\/wp-content\/litespeed\/avatar\/a7c4ebc5454089d3fd4ef6b87fdd073a.jpg?ver=1777471945","contentUrl":"https:\/\/aldiachaco.com.ar\/wp-content\/litespeed\/avatar\/a7c4ebc5454089d3fd4ef6b87fdd073a.jpg?ver=1777471945","caption":"aldiachaco.com.ar"},"sameAs":["https:\/\/aldiachaco.com.ar"],"url":"https:\/\/aldiachaco.com.ar\/index.php\/author\/lime-camel-884546-hostingersite-com\/"}]}},"jetpack_publicize_connections":[],"jetpack_featured_media_url":"https:\/\/aldiachaco.com.ar\/wp-content\/uploads\/2024\/06\/259-Detenido.webp","jetpack_sharing_enabled":true,"amp_enabled":true,"_links":{"self":[{"href":"https:\/\/aldiachaco.com.ar\/index.php\/wp-json\/wp\/v2\/posts\/6751","targetHints":{"allow":["GET"]}}],"collection":[{"href":"https:\/\/aldiachaco.com.ar\/index.php\/wp-json\/wp\/v2\/posts"}],"about":[{"href":"https:\/\/aldiachaco.com.ar\/index.php\/wp-json\/wp\/v2\/types\/post"}],"author":[{"embeddable":true,"href":"https:\/\/aldiachaco.com.ar\/index.php\/wp-json\/wp\/v2\/users\/1"}],"replies":[{"embeddable":true,"href":"https:\/\/aldiachaco.com.ar\/index.php\/wp-json\/wp\/v2\/comments?post=6751"}],"version-history":[{"count":2,"href":"https:\/\/aldiachaco.com.ar\/index.php\/wp-json\/wp\/v2\/posts\/6751\/revisions"}],"predecessor-version":[{"id":6756,"href":"https:\/\/aldiachaco.com.ar\/index.php\/wp-json\/wp\/v2\/posts\/6751\/revisions\/6756"}],"wp:featuredmedia":[{"embeddable":true,"href":"https:\/\/aldiachaco.com.ar\/index.php\/wp-json\/wp\/v2\/media\/6754"}],"wp:attachment":[{"href":"https:\/\/aldiachaco.com.ar\/index.php\/wp-json\/wp\/v2\/media?parent=6751"}],"wp:term":[{"taxonomy":"category","embeddable":true,"href":"https:\/\/aldiachaco.com.ar\/index.php\/wp-json\/wp\/v2\/categories?post=6751"},{"taxonomy":"post_tag","embeddable":true,"href":"https:\/\/aldiachaco.com.ar\/index.php\/wp-json\/wp\/v2\/tags?post=6751"}],"curies":[{"name":"wp","href":"https:\/\/api.w.org\/{rel}","templated":true}]}}