{"id":6739,"date":"2024-06-06T21:44:53","date_gmt":"2024-06-07T00:44:53","guid":{"rendered":"https:\/\/aldiachaco.com.ar\/?p=6739"},"modified":"2024-06-06T21:44:53","modified_gmt":"2024-06-07T00:44:53","slug":"tarifazo-insostenible-el-gobierno-dispara-los-precios-de-la-energia-y-achica-subsidios","status":"publish","type":"post","link":"https:\/\/aldiachaco.com.ar\/index.php\/2024\/06\/06\/tarifazo-insostenible-el-gobierno-dispara-los-precios-de-la-energia-y-achica-subsidios\/","title":{"rendered":"&#8220;Tarifazo insostenible&#8221;: El Gobierno dispara los precios de la energ\u00eda y achica subsidios"},"content":{"rendered":"<p>Mediante la Resoluci\u00f3n N\u00ba 9024 de la Secretar\u00eda de Energ\u00eda de la Naci\u00f3n, el gobierno nacional dispuso un ajuste de precios de la energ\u00eda el\u00e9ctrica mayorista y una modificaci\u00f3n del esquema de subsidios que tendr\u00e1 un impacto directo en la factura de los clientes chaque\u00f1os.<\/p>\n<p><img loading=\"lazy\" decoding=\"async\" class=\" wp-image-6743 aligncenter\" src=\"https:\/\/aldiachaco.com.ar\/wp-content\/uploads\/2024\/06\/255-Secheep-300x200.webp\" alt=\"\" width=\"482\" height=\"321\" srcset=\"https:\/\/aldiachaco.com.ar\/wp-content\/uploads\/2024\/06\/255-Secheep-300x200.webp 300w, https:\/\/aldiachaco.com.ar\/wp-content\/uploads\/2024\/06\/255-Secheep-768x512.webp 768w, https:\/\/aldiachaco.com.ar\/wp-content\/uploads\/2024\/06\/255-Secheep-705x470.webp 705w, https:\/\/aldiachaco.com.ar\/wp-content\/uploads\/2024\/06\/255-Secheep-600x400.webp 600w, https:\/\/aldiachaco.com.ar\/wp-content\/uploads\/2024\/06\/255-Secheep.webp 790w\" sizes=\"auto, (max-width: 482px) 100vw, 482px\" \/><\/p>\n<p>El presidente de Secheep, Hilario Bistoletti, sostuvo que &#8220;se trata de un tarifazo insostenible, que afectar\u00e1 en forma directa a las familias chaque\u00f1as, ya que adem\u00e1s de aumentar el precio de la energ\u00eda mayorista, establece un esquema de subsidios que impone un tope de consumo en una provincia y una regi\u00f3n que es electro-dependiente, ya que no contamos con la red de gas domiciliaria&#8221;.<\/p>\n<p>Bistoletti remarc\u00f3 que este nuevo esquema de precios de la energ\u00eda mayorista y la modificaci\u00f3n del esquema de subsidios que\u00a0entra en vigencia en forma inmediata, desde el consumo de junio, &#8220;afectar\u00e1, principalmente, a los clientes de ingresos bajos y a los clientes de ingresos medios,\u00a0e impactar\u00e1 en las facturas que lleguen en los meses de septiembre y octubre&#8221;.<\/p>\n<h2>C\u00f3mo impacta la medida<\/h2>\n<p>Este cambio afecta principalmente a dos segmentos de la poblaci\u00f3n:<\/p>\n<ol>\n<li><strong>Segmento N2 (Bajos Ingresos):<\/strong><\/li>\n<\/ol>\n<ul>\n<li>Anteriormente, este segmento ten\u00eda un subsidio del 98% en el consumo de energ\u00eda sin l\u00edmite de uso.<\/li>\n<li>Con la nueva resoluci\u00f3n, se establece un l\u00edmite de consumo de 350 kWh por mes.<\/li>\n<li>El consumo que exceda los 350 kWh se pagar\u00e1 sin subsidio.<\/li>\n<li>El consumo dentro del l\u00edmite de 350 kWh tendr\u00e1 un subsidio reducido al 72%.<\/li>\n<\/ul>\n<ol start=\"2\">\n<li><strong>Segmento N3 (Ingresos Medios):<\/strong><\/li>\n<\/ol>\n<ul>\n<li>Antes de la resoluci\u00f3n, se subsidiaba el consumo hasta 400 kWh por mes.<\/li>\n<li>Ahora, el nuevo l\u00edmite de consumo subsidiado es de 250 kWh por mes.<\/li>\n<li>El consumo dentro de este nuevo l\u00edmite tendr\u00e1 un subsidio del 56%.<\/li>\n<li>Cualquier consumo que exceda los 250 kWh se pagar\u00e1 a tarifa plena, sin subsidios.<\/li>\n<\/ul>\n<p><img loading=\"lazy\" decoding=\"async\" class=\" wp-image-6742 aligncenter\" src=\"https:\/\/aldiachaco.com.ar\/wp-content\/uploads\/2024\/06\/256-Secheep-300x300.webp\" alt=\"\" width=\"498\" height=\"498\" srcset=\"https:\/\/aldiachaco.com.ar\/wp-content\/uploads\/2024\/06\/256-Secheep-300x300.webp 300w, https:\/\/aldiachaco.com.ar\/wp-content\/uploads\/2024\/06\/256-Secheep-150x150.webp 150w, https:\/\/aldiachaco.com.ar\/wp-content\/uploads\/2024\/06\/256-Secheep-768x768.webp 768w, https:\/\/aldiachaco.com.ar\/wp-content\/uploads\/2024\/06\/256-Secheep-470x470.webp 470w, https:\/\/aldiachaco.com.ar\/wp-content\/uploads\/2024\/06\/256-Secheep-600x600.webp 600w, https:\/\/aldiachaco.com.ar\/wp-content\/uploads\/2024\/06\/256-Secheep-100x100.webp 100w, https:\/\/aldiachaco.com.ar\/wp-content\/uploads\/2024\/06\/256-Secheep.webp 790w\" sizes=\"auto, (max-width: 498px) 100vw, 498px\" \/><\/p>\n<p>En ese marco, desde Secheep \u2013empresa distribuidora de energ\u00eda, que le compra la electricidad a Cammesa\u2013, recuerdan a sus clientes que los nuevos aumentos son determinados por la Secretar\u00eda de Energ\u00eda y afectan el precio de la energ\u00eda que cobra en sus facturas. Este tipo de ajuste se conoce com\u00fanmente como &#8220;Passthrough&#8221;, ya que el aumento de costos se transfiere directamente al consumidor final.<\/p>\n<p>&#8220;Es importante que los consumidores est\u00e9n al tanto de estos cambios para poder gestionar su consumo de energ\u00eda de manera eficiente y evitar sorpresas en sus facturas&#8221;, puntualiz\u00f3 Bistoletti.<\/p>\n<p>Adem\u00e1s, Secheep recomienda a los usuarios exploren opciones para mejorar la eficiencia energ\u00e9tica en sus hogares o negocios, lo que puede ayudar a mitigar el impacto de los aumentos en las tarifas de energ\u00eda.<\/p>\n","protected":false},"excerpt":{"rendered":"<p>Mediante la Resoluci\u00f3n N\u00ba 9024 de la Secretar\u00eda de Energ\u00eda de la Naci\u00f3n, el gobierno nacional dispuso un ajuste de precios de la energ\u00eda el\u00e9ctrica mayorista y una modificaci\u00f3n del esquema de subsidios que tendr\u00e1 un impacto directo en la factura de los clientes chaque\u00f1os. El presidente de Secheep, Hilario Bistoletti, sostuvo que &#8220;se trata &hellip;<\/p>\n","protected":false},"author":1,"featured_media":6741,"comment_status":"open","ping_status":"open","sticky":false,"template":"","format":"standard","meta":{"content-type":"","_monsterinsights_skip_tracking":false,"_monsterinsights_sitenote_active":false,"_monsterinsights_sitenote_note":"","_monsterinsights_sitenote_category":0,"_jetpack_memberships_contains_paid_content":false,"footnotes":"","jetpack_publicize_message":"","jetpack_publicize_feature_enabled":true,"jetpack_social_post_already_shared":true,"jetpack_social_options":{"image_generator_settings":{"template":"highway","default_image_id":0,"font":"","enabled":false},"version":2}},"categories":[67,65],"tags":[200],"class_list":["post-6739","post","type-post","status-publish","format-standard","has-post-thumbnail","hentry","category-chaco","category-economia","tag-destacada"],"yoast_head":"<!-- This site is optimized with the Yoast SEO plugin v27.4 - https:\/\/yoast.com\/product\/yoast-seo-wordpress\/ -->\n<title>&quot;Tarifazo insostenible&quot;: El Gobierno dispara los precios de la energ\u00eda y achica subsidios | Al Dia Chaco<\/title>\n<meta name=\"robots\" content=\"index, follow, max-snippet:-1, max-image-preview:large, max-video-preview:-1\" \/>\n<link rel=\"canonical\" href=\"https:\/\/aldiachaco.com.ar\/index.php\/2024\/06\/06\/tarifazo-insostenible-el-gobierno-dispara-los-precios-de-la-energia-y-achica-subsidios\/\" \/>\n<meta property=\"og:locale\" content=\"es_ES\" \/>\n<meta property=\"og:type\" content=\"article\" \/>\n<meta property=\"og:title\" content=\"&quot;Tarifazo insostenible&quot;: El Gobierno dispara los precios de la energ\u00eda y achica subsidios | Al Dia Chaco\" \/>\n<meta property=\"og:description\" content=\"Mediante la Resoluci\u00f3n N\u00ba 9024 de la Secretar\u00eda de Energ\u00eda de la Naci\u00f3n, el gobierno nacional dispuso un ajuste de precios de la energ\u00eda el\u00e9ctrica mayorista y una modificaci\u00f3n del esquema de subsidios que tendr\u00e1 un impacto directo en la factura de los clientes chaque\u00f1os. El presidente de Secheep, Hilario Bistoletti, sostuvo que &#8220;se trata &hellip;\" \/>\n<meta property=\"og:url\" content=\"https:\/\/aldiachaco.com.ar\/index.php\/2024\/06\/06\/tarifazo-insostenible-el-gobierno-dispara-los-precios-de-la-energia-y-achica-subsidios\/\" \/>\n<meta property=\"og:site_name\" content=\"Al Dia Chaco\" \/>\n<meta property=\"article:published_time\" content=\"2024-06-07T00:44:53+00:00\" \/>\n<meta property=\"og:image\" content=\"https:\/\/aldiachaco.com.ar\/wp-content\/uploads\/2024\/06\/257-Secheep.webp\" \/>\n\t<meta property=\"og:image:width\" content=\"1200\" \/>\n\t<meta property=\"og:image:height\" content=\"675\" \/>\n\t<meta property=\"og:image:type\" content=\"image\/webp\" \/>\n<meta name=\"author\" content=\"aldiachaco.com.ar\" \/>\n<meta name=\"twitter:card\" content=\"summary_large_image\" \/>\n<meta name=\"twitter:label1\" content=\"Escrito por\" \/>\n\t<meta name=\"twitter:data1\" content=\"aldiachaco.com.ar\" \/>\n\t<meta name=\"twitter:label2\" content=\"Tiempo de lectura\" \/>\n\t<meta name=\"twitter:data2\" content=\"3 minutos\" \/>\n<script type=\"application\/ld+json\" class=\"yoast-schema-graph\">{\"@context\":\"https:\\\/\\\/schema.org\",\"@graph\":[{\"@type\":\"Article\",\"@id\":\"https:\\\/\\\/aldiachaco.com.ar\\\/index.php\\\/2024\\\/06\\\/06\\\/tarifazo-insostenible-el-gobierno-dispara-los-precios-de-la-energia-y-achica-subsidios\\\/#article\",\"isPartOf\":{\"@id\":\"https:\\\/\\\/aldiachaco.com.ar\\\/index.php\\\/2024\\\/06\\\/06\\\/tarifazo-insostenible-el-gobierno-dispara-los-precios-de-la-energia-y-achica-subsidios\\\/\"},\"author\":{\"name\":\"aldiachaco.com.ar\",\"@id\":\"https:\\\/\\\/aldiachaco.com.ar\\\/#\\\/schema\\\/person\\\/80113835e512ba580e79a945932487f5\"},\"headline\":\"&#8220;Tarifazo insostenible&#8221;: El Gobierno dispara los precios de la energ\u00eda y achica subsidios\",\"datePublished\":\"2024-06-07T00:44:53+00:00\",\"mainEntityOfPage\":{\"@id\":\"https:\\\/\\\/aldiachaco.com.ar\\\/index.php\\\/2024\\\/06\\\/06\\\/tarifazo-insostenible-el-gobierno-dispara-los-precios-de-la-energia-y-achica-subsidios\\\/\"},\"wordCount\":466,\"commentCount\":0,\"publisher\":{\"@id\":\"https:\\\/\\\/aldiachaco.com.ar\\\/#organization\"},\"image\":{\"@id\":\"https:\\\/\\\/aldiachaco.com.ar\\\/index.php\\\/2024\\\/06\\\/06\\\/tarifazo-insostenible-el-gobierno-dispara-los-precios-de-la-energia-y-achica-subsidios\\\/#primaryimage\"},\"thumbnailUrl\":\"https:\\\/\\\/aldiachaco.com.ar\\\/wp-content\\\/uploads\\\/2024\\\/06\\\/257-Secheep.webp\",\"keywords\":[\"Destacada\"],\"articleSection\":[\"Chaco\",\"Econom\u00eda\"],\"inLanguage\":\"es-AR\",\"potentialAction\":[{\"@type\":\"CommentAction\",\"name\":\"Comment\",\"target\":[\"https:\\\/\\\/aldiachaco.com.ar\\\/index.php\\\/2024\\\/06\\\/06\\\/tarifazo-insostenible-el-gobierno-dispara-los-precios-de-la-energia-y-achica-subsidios\\\/#respond\"]}]},{\"@type\":\"WebPage\",\"@id\":\"https:\\\/\\\/aldiachaco.com.ar\\\/index.php\\\/2024\\\/06\\\/06\\\/tarifazo-insostenible-el-gobierno-dispara-los-precios-de-la-energia-y-achica-subsidios\\\/\",\"url\":\"https:\\\/\\\/aldiachaco.com.ar\\\/index.php\\\/2024\\\/06\\\/06\\\/tarifazo-insostenible-el-gobierno-dispara-los-precios-de-la-energia-y-achica-subsidios\\\/\",\"name\":\"\\\"Tarifazo insostenible\\\": El Gobierno dispara los precios de la energ\u00eda y achica subsidios | Al Dia Chaco\",\"isPartOf\":{\"@id\":\"https:\\\/\\\/aldiachaco.com.ar\\\/#website\"},\"primaryImageOfPage\":{\"@id\":\"https:\\\/\\\/aldiachaco.com.ar\\\/index.php\\\/2024\\\/06\\\/06\\\/tarifazo-insostenible-el-gobierno-dispara-los-precios-de-la-energia-y-achica-subsidios\\\/#primaryimage\"},\"image\":{\"@id\":\"https:\\\/\\\/aldiachaco.com.ar\\\/index.php\\\/2024\\\/06\\\/06\\\/tarifazo-insostenible-el-gobierno-dispara-los-precios-de-la-energia-y-achica-subsidios\\\/#primaryimage\"},\"thumbnailUrl\":\"https:\\\/\\\/aldiachaco.com.ar\\\/wp-content\\\/uploads\\\/2024\\\/06\\\/257-Secheep.webp\",\"datePublished\":\"2024-06-07T00:44:53+00:00\",\"breadcrumb\":{\"@id\":\"https:\\\/\\\/aldiachaco.com.ar\\\/index.php\\\/2024\\\/06\\\/06\\\/tarifazo-insostenible-el-gobierno-dispara-los-precios-de-la-energia-y-achica-subsidios\\\/#breadcrumb\"},\"inLanguage\":\"es-AR\",\"potentialAction\":[{\"@type\":\"ReadAction\",\"target\":[\"https:\\\/\\\/aldiachaco.com.ar\\\/index.php\\\/2024\\\/06\\\/06\\\/tarifazo-insostenible-el-gobierno-dispara-los-precios-de-la-energia-y-achica-subsidios\\\/\"]}]},{\"@type\":\"ImageObject\",\"inLanguage\":\"es-AR\",\"@id\":\"https:\\\/\\\/aldiachaco.com.ar\\\/index.php\\\/2024\\\/06\\\/06\\\/tarifazo-insostenible-el-gobierno-dispara-los-precios-de-la-energia-y-achica-subsidios\\\/#primaryimage\",\"url\":\"https:\\\/\\\/aldiachaco.com.ar\\\/wp-content\\\/uploads\\\/2024\\\/06\\\/257-Secheep.webp\",\"contentUrl\":\"https:\\\/\\\/aldiachaco.com.ar\\\/wp-content\\\/uploads\\\/2024\\\/06\\\/257-Secheep.webp\",\"width\":1200,\"height\":675},{\"@type\":\"BreadcrumbList\",\"@id\":\"https:\\\/\\\/aldiachaco.com.ar\\\/index.php\\\/2024\\\/06\\\/06\\\/tarifazo-insostenible-el-gobierno-dispara-los-precios-de-la-energia-y-achica-subsidios\\\/#breadcrumb\",\"itemListElement\":[{\"@type\":\"ListItem\",\"position\":1,\"name\":\"Home\",\"item\":\"https:\\\/\\\/aldiachaco.com.ar\\\/\"},{\"@type\":\"ListItem\",\"position\":2,\"name\":\"&#8220;Tarifazo insostenible&#8221;: El Gobierno dispara los precios de la energ\u00eda y achica subsidios\"}]},{\"@type\":\"WebSite\",\"@id\":\"https:\\\/\\\/aldiachaco.com.ar\\\/#website\",\"url\":\"https:\\\/\\\/aldiachaco.com.ar\\\/\",\"name\":\"Al Dia Chaco\",\"description\":\"Noticias del Chaco y el mundo\",\"publisher\":{\"@id\":\"https:\\\/\\\/aldiachaco.com.ar\\\/#organization\"},\"alternateName\":\"Al D\u00eda Chaco\",\"potentialAction\":[{\"@type\":\"SearchAction\",\"target\":{\"@type\":\"EntryPoint\",\"urlTemplate\":\"https:\\\/\\\/aldiachaco.com.ar\\\/?s={search_term_string}\"},\"query-input\":{\"@type\":\"PropertyValueSpecification\",\"valueRequired\":true,\"valueName\":\"search_term_string\"}}],\"inLanguage\":\"es-AR\"},{\"@type\":\"Organization\",\"@id\":\"https:\\\/\\\/aldiachaco.com.ar\\\/#organization\",\"name\":\"Al Dia Chaco\",\"url\":\"https:\\\/\\\/aldiachaco.com.ar\\\/\",\"logo\":{\"@type\":\"ImageObject\",\"inLanguage\":\"es-AR\",\"@id\":\"https:\\\/\\\/aldiachaco.com.ar\\\/#\\\/schema\\\/logo\\\/image\\\/\",\"url\":\"https:\\\/\\\/aldiachaco.com.ar\\\/wp-content\\\/uploads\\\/2017\\\/11\\\/AL-DIA-CHACO-L@2x.png\",\"contentUrl\":\"https:\\\/\\\/aldiachaco.com.ar\\\/wp-content\\\/uploads\\\/2017\\\/11\\\/AL-DIA-CHACO-L@2x.png\",\"width\":232,\"height\":60,\"caption\":\"Al Dia Chaco\"},\"image\":{\"@id\":\"https:\\\/\\\/aldiachaco.com.ar\\\/#\\\/schema\\\/logo\\\/image\\\/\"}},{\"@type\":\"Person\",\"@id\":\"https:\\\/\\\/aldiachaco.com.ar\\\/#\\\/schema\\\/person\\\/80113835e512ba580e79a945932487f5\",\"name\":\"aldiachaco.com.ar\",\"image\":{\"@type\":\"ImageObject\",\"inLanguage\":\"es-AR\",\"@id\":\"https:\\\/\\\/aldiachaco.com.ar\\\/wp-content\\\/litespeed\\\/avatar\\\/a7c4ebc5454089d3fd4ef6b87fdd073a.jpg?ver=1776867047\",\"url\":\"https:\\\/\\\/aldiachaco.com.ar\\\/wp-content\\\/litespeed\\\/avatar\\\/a7c4ebc5454089d3fd4ef6b87fdd073a.jpg?ver=1776867047\",\"contentUrl\":\"https:\\\/\\\/aldiachaco.com.ar\\\/wp-content\\\/litespeed\\\/avatar\\\/a7c4ebc5454089d3fd4ef6b87fdd073a.jpg?ver=1776867047\",\"caption\":\"aldiachaco.com.ar\"},\"sameAs\":[\"https:\\\/\\\/aldiachaco.com.ar\"],\"url\":\"https:\\\/\\\/aldiachaco.com.ar\\\/index.php\\\/author\\\/lime-camel-884546-hostingersite-com\\\/\"}]}<\/script>\n<!-- \/ Yoast SEO plugin. -->","yoast_head_json":{"title":"\"Tarifazo insostenible\": El Gobierno dispara los precios de la energ\u00eda y achica subsidios | Al Dia Chaco","robots":{"index":"index","follow":"follow","max-snippet":"max-snippet:-1","max-image-preview":"max-image-preview:large","max-video-preview":"max-video-preview:-1"},"canonical":"https:\/\/aldiachaco.com.ar\/index.php\/2024\/06\/06\/tarifazo-insostenible-el-gobierno-dispara-los-precios-de-la-energia-y-achica-subsidios\/","og_locale":"es_ES","og_type":"article","og_title":"\"Tarifazo insostenible\": El Gobierno dispara los precios de la energ\u00eda y achica subsidios | Al Dia Chaco","og_description":"Mediante la Resoluci\u00f3n N\u00ba 9024 de la Secretar\u00eda de Energ\u00eda de la Naci\u00f3n, el gobierno nacional dispuso un ajuste de precios de la energ\u00eda el\u00e9ctrica mayorista y una modificaci\u00f3n del esquema de subsidios que tendr\u00e1 un impacto directo en la factura de los clientes chaque\u00f1os. El presidente de Secheep, Hilario Bistoletti, sostuvo que &#8220;se trata &hellip;","og_url":"https:\/\/aldiachaco.com.ar\/index.php\/2024\/06\/06\/tarifazo-insostenible-el-gobierno-dispara-los-precios-de-la-energia-y-achica-subsidios\/","og_site_name":"Al Dia Chaco","article_published_time":"2024-06-07T00:44:53+00:00","og_image":[{"width":1200,"height":675,"url":"https:\/\/aldiachaco.com.ar\/wp-content\/uploads\/2024\/06\/257-Secheep.webp","type":"image\/webp"}],"author":"aldiachaco.com.ar","twitter_card":"summary_large_image","twitter_misc":{"Escrito por":"aldiachaco.com.ar","Tiempo de lectura":"3 minutos"},"schema":{"@context":"https:\/\/schema.org","@graph":[{"@type":"Article","@id":"https:\/\/aldiachaco.com.ar\/index.php\/2024\/06\/06\/tarifazo-insostenible-el-gobierno-dispara-los-precios-de-la-energia-y-achica-subsidios\/#article","isPartOf":{"@id":"https:\/\/aldiachaco.com.ar\/index.php\/2024\/06\/06\/tarifazo-insostenible-el-gobierno-dispara-los-precios-de-la-energia-y-achica-subsidios\/"},"author":{"name":"aldiachaco.com.ar","@id":"https:\/\/aldiachaco.com.ar\/#\/schema\/person\/80113835e512ba580e79a945932487f5"},"headline":"&#8220;Tarifazo insostenible&#8221;: El Gobierno dispara los precios de la energ\u00eda y achica subsidios","datePublished":"2024-06-07T00:44:53+00:00","mainEntityOfPage":{"@id":"https:\/\/aldiachaco.com.ar\/index.php\/2024\/06\/06\/tarifazo-insostenible-el-gobierno-dispara-los-precios-de-la-energia-y-achica-subsidios\/"},"wordCount":466,"commentCount":0,"publisher":{"@id":"https:\/\/aldiachaco.com.ar\/#organization"},"image":{"@id":"https:\/\/aldiachaco.com.ar\/index.php\/2024\/06\/06\/tarifazo-insostenible-el-gobierno-dispara-los-precios-de-la-energia-y-achica-subsidios\/#primaryimage"},"thumbnailUrl":"https:\/\/aldiachaco.com.ar\/wp-content\/uploads\/2024\/06\/257-Secheep.webp","keywords":["Destacada"],"articleSection":["Chaco","Econom\u00eda"],"inLanguage":"es-AR","potentialAction":[{"@type":"CommentAction","name":"Comment","target":["https:\/\/aldiachaco.com.ar\/index.php\/2024\/06\/06\/tarifazo-insostenible-el-gobierno-dispara-los-precios-de-la-energia-y-achica-subsidios\/#respond"]}]},{"@type":"WebPage","@id":"https:\/\/aldiachaco.com.ar\/index.php\/2024\/06\/06\/tarifazo-insostenible-el-gobierno-dispara-los-precios-de-la-energia-y-achica-subsidios\/","url":"https:\/\/aldiachaco.com.ar\/index.php\/2024\/06\/06\/tarifazo-insostenible-el-gobierno-dispara-los-precios-de-la-energia-y-achica-subsidios\/","name":"\"Tarifazo insostenible\": El Gobierno dispara los precios de la energ\u00eda y achica subsidios | Al Dia Chaco","isPartOf":{"@id":"https:\/\/aldiachaco.com.ar\/#website"},"primaryImageOfPage":{"@id":"https:\/\/aldiachaco.com.ar\/index.php\/2024\/06\/06\/tarifazo-insostenible-el-gobierno-dispara-los-precios-de-la-energia-y-achica-subsidios\/#primaryimage"},"image":{"@id":"https:\/\/aldiachaco.com.ar\/index.php\/2024\/06\/06\/tarifazo-insostenible-el-gobierno-dispara-los-precios-de-la-energia-y-achica-subsidios\/#primaryimage"},"thumbnailUrl":"https:\/\/aldiachaco.com.ar\/wp-content\/uploads\/2024\/06\/257-Secheep.webp","datePublished":"2024-06-07T00:44:53+00:00","breadcrumb":{"@id":"https:\/\/aldiachaco.com.ar\/index.php\/2024\/06\/06\/tarifazo-insostenible-el-gobierno-dispara-los-precios-de-la-energia-y-achica-subsidios\/#breadcrumb"},"inLanguage":"es-AR","potentialAction":[{"@type":"ReadAction","target":["https:\/\/aldiachaco.com.ar\/index.php\/2024\/06\/06\/tarifazo-insostenible-el-gobierno-dispara-los-precios-de-la-energia-y-achica-subsidios\/"]}]},{"@type":"ImageObject","inLanguage":"es-AR","@id":"https:\/\/aldiachaco.com.ar\/index.php\/2024\/06\/06\/tarifazo-insostenible-el-gobierno-dispara-los-precios-de-la-energia-y-achica-subsidios\/#primaryimage","url":"https:\/\/aldiachaco.com.ar\/wp-content\/uploads\/2024\/06\/257-Secheep.webp","contentUrl":"https:\/\/aldiachaco.com.ar\/wp-content\/uploads\/2024\/06\/257-Secheep.webp","width":1200,"height":675},{"@type":"BreadcrumbList","@id":"https:\/\/aldiachaco.com.ar\/index.php\/2024\/06\/06\/tarifazo-insostenible-el-gobierno-dispara-los-precios-de-la-energia-y-achica-subsidios\/#breadcrumb","itemListElement":[{"@type":"ListItem","position":1,"name":"Home","item":"https:\/\/aldiachaco.com.ar\/"},{"@type":"ListItem","position":2,"name":"&#8220;Tarifazo insostenible&#8221;: El Gobierno dispara los precios de la energ\u00eda y achica subsidios"}]},{"@type":"WebSite","@id":"https:\/\/aldiachaco.com.ar\/#website","url":"https:\/\/aldiachaco.com.ar\/","name":"Al Dia Chaco","description":"Noticias del Chaco y el mundo","publisher":{"@id":"https:\/\/aldiachaco.com.ar\/#organization"},"alternateName":"Al D\u00eda Chaco","potentialAction":[{"@type":"SearchAction","target":{"@type":"EntryPoint","urlTemplate":"https:\/\/aldiachaco.com.ar\/?s={search_term_string}"},"query-input":{"@type":"PropertyValueSpecification","valueRequired":true,"valueName":"search_term_string"}}],"inLanguage":"es-AR"},{"@type":"Organization","@id":"https:\/\/aldiachaco.com.ar\/#organization","name":"Al Dia Chaco","url":"https:\/\/aldiachaco.com.ar\/","logo":{"@type":"ImageObject","inLanguage":"es-AR","@id":"https:\/\/aldiachaco.com.ar\/#\/schema\/logo\/image\/","url":"https:\/\/aldiachaco.com.ar\/wp-content\/uploads\/2017\/11\/AL-DIA-CHACO-L@2x.png","contentUrl":"https:\/\/aldiachaco.com.ar\/wp-content\/uploads\/2017\/11\/AL-DIA-CHACO-L@2x.png","width":232,"height":60,"caption":"Al Dia Chaco"},"image":{"@id":"https:\/\/aldiachaco.com.ar\/#\/schema\/logo\/image\/"}},{"@type":"Person","@id":"https:\/\/aldiachaco.com.ar\/#\/schema\/person\/80113835e512ba580e79a945932487f5","name":"aldiachaco.com.ar","image":{"@type":"ImageObject","inLanguage":"es-AR","@id":"https:\/\/aldiachaco.com.ar\/wp-content\/litespeed\/avatar\/a7c4ebc5454089d3fd4ef6b87fdd073a.jpg?ver=1776867047","url":"https:\/\/aldiachaco.com.ar\/wp-content\/litespeed\/avatar\/a7c4ebc5454089d3fd4ef6b87fdd073a.jpg?ver=1776867047","contentUrl":"https:\/\/aldiachaco.com.ar\/wp-content\/litespeed\/avatar\/a7c4ebc5454089d3fd4ef6b87fdd073a.jpg?ver=1776867047","caption":"aldiachaco.com.ar"},"sameAs":["https:\/\/aldiachaco.com.ar"],"url":"https:\/\/aldiachaco.com.ar\/index.php\/author\/lime-camel-884546-hostingersite-com\/"}]}},"jetpack_publicize_connections":[],"jetpack_featured_media_url":"https:\/\/aldiachaco.com.ar\/wp-content\/uploads\/2024\/06\/257-Secheep.webp","jetpack_sharing_enabled":true,"amp_enabled":true,"_links":{"self":[{"href":"https:\/\/aldiachaco.com.ar\/index.php\/wp-json\/wp\/v2\/posts\/6739","targetHints":{"allow":["GET"]}}],"collection":[{"href":"https:\/\/aldiachaco.com.ar\/index.php\/wp-json\/wp\/v2\/posts"}],"about":[{"href":"https:\/\/aldiachaco.com.ar\/index.php\/wp-json\/wp\/v2\/types\/post"}],"author":[{"embeddable":true,"href":"https:\/\/aldiachaco.com.ar\/index.php\/wp-json\/wp\/v2\/users\/1"}],"replies":[{"embeddable":true,"href":"https:\/\/aldiachaco.com.ar\/index.php\/wp-json\/wp\/v2\/comments?post=6739"}],"version-history":[{"count":1,"href":"https:\/\/aldiachaco.com.ar\/index.php\/wp-json\/wp\/v2\/posts\/6739\/revisions"}],"predecessor-version":[{"id":6744,"href":"https:\/\/aldiachaco.com.ar\/index.php\/wp-json\/wp\/v2\/posts\/6739\/revisions\/6744"}],"wp:featuredmedia":[{"embeddable":true,"href":"https:\/\/aldiachaco.com.ar\/index.php\/wp-json\/wp\/v2\/media\/6741"}],"wp:attachment":[{"href":"https:\/\/aldiachaco.com.ar\/index.php\/wp-json\/wp\/v2\/media?parent=6739"}],"wp:term":[{"taxonomy":"category","embeddable":true,"href":"https:\/\/aldiachaco.com.ar\/index.php\/wp-json\/wp\/v2\/categories?post=6739"},{"taxonomy":"post_tag","embeddable":true,"href":"https:\/\/aldiachaco.com.ar\/index.php\/wp-json\/wp\/v2\/tags?post=6739"}],"curies":[{"name":"wp","href":"https:\/\/api.w.org\/{rel}","templated":true}]}}