{"id":6711,"date":"2024-06-06T15:30:57","date_gmt":"2024-06-06T18:30:57","guid":{"rendered":"https:\/\/aldiachaco.com.ar\/?p=6711"},"modified":"2024-06-06T15:30:57","modified_gmt":"2024-06-06T18:30:57","slug":"alerta-en-casa-rosada-una-encuesta-muestra-una-caida-de-javier-milei-en-chaco-y-otras-13-provincias","status":"publish","type":"post","link":"https:\/\/aldiachaco.com.ar\/index.php\/2024\/06\/06\/alerta-en-casa-rosada-una-encuesta-muestra-una-caida-de-javier-milei-en-chaco-y-otras-13-provincias\/","title":{"rendered":"Alerta en Casa Rosada: Una encuesta muestra una ca\u00edda de Javier Milei en Chaco y otras 13 provincias"},"content":{"rendered":"<p>El impacto econ\u00f3mico del ajuste y el desgaste pol\u00edtico por llevar seis meses sin ninguna ley aprobada en el Congreso parecen haberle pegado a la\u00a0imagen de Javier Milei. As\u00ed al menos lo refleja la \u00faltima encuesta de\u00a0CB Consultora Opini\u00f3n P\u00fablica, que\u00a0evalu\u00f3 al presidente en las 24 provincias\u00a0y mostr\u00f3\u00a0ca\u00eddas en 14.<\/p>\n<p>El relevamiento de la firma que conduce el analista\u00a0Cristian Butti\u00e9\u00a0incluy\u00f3\u00a0entre 620 y 1.285 entrevistas por distrito, entre el 1 y el 4 de junio, con un margen de error de 3% a 4%. Pese a las bajas, Milei tiene un consuelo:\u00a0el balance general de su imagen nacional a\u00fan es bueno.<\/p>\n<p>\u00bfPor qu\u00e9? Porque el libertario todav\u00eda conserva m\u00e1s apoyos que rechazos en 19 de las 24 provincias, un saldo que no tiene ning\u00fan otro dirigente en el pa\u00eds. Los \u00fanicas 5 donde suma m\u00e1s negativa que positiva son Santiago del Estero, Buenos Aires, Formosa, Tierra del Fuego y Chaco.<\/p>\n<p>Los\u00a0mejores n\u00fameros, el presidente los sigue manteniendo en los dos distritos m\u00e1s anti K del pa\u00eds:\u00a0Mendoza y C\u00f3rdoba, las \u00fanicas donde supera los 60 puntos a favor.<\/p>\n<h2>Las 14 provincias donde cay\u00f3 Milei<\/h2>\n<p><img loading=\"lazy\" decoding=\"async\" class=\"wp-image-6714 aligncenter\" src=\"https:\/\/aldiachaco.com.ar\/wp-content\/uploads\/2024\/06\/250-Milei-300x298.webp\" alt=\"\" width=\"491\" height=\"488\" srcset=\"https:\/\/aldiachaco.com.ar\/wp-content\/uploads\/2024\/06\/250-Milei-300x298.webp 300w, https:\/\/aldiachaco.com.ar\/wp-content\/uploads\/2024\/06\/250-Milei-150x150.webp 150w, https:\/\/aldiachaco.com.ar\/wp-content\/uploads\/2024\/06\/250-Milei-768x763.webp 768w, https:\/\/aldiachaco.com.ar\/wp-content\/uploads\/2024\/06\/250-Milei-473x470.webp 473w, https:\/\/aldiachaco.com.ar\/wp-content\/uploads\/2024\/06\/250-Milei-600x596.webp 600w, https:\/\/aldiachaco.com.ar\/wp-content\/uploads\/2024\/06\/250-Milei-100x100.webp 100w, https:\/\/aldiachaco.com.ar\/wp-content\/uploads\/2024\/06\/250-Milei.webp 790w\" sizes=\"auto, (max-width: 491px) 100vw, 491px\" \/><\/p>\n<p>La radiograf\u00eda de las ca\u00eddas en la imagen del mandatario muestra un\u00a0fen\u00f3meno transversal, en lo geogr\u00e1fico y lo pol\u00edtico.\u00a0Baj\u00f3 en provincias donde le va muy bien y otras no tanto, algunas gobernadas por el peronismo y otras por dirigentes de Juntos por el Cambio.<\/p>\n<p>Cay\u00f3, por ejemplo, en 5 de las 8 provincias donde mejor mide:\u00a0San Luis, La Rioja, Corrientes, Salta y Neuqu\u00e9n. All\u00ed qued\u00f3 con estos n\u00fameros:<\/p>\n<ul>\n<li>San Luis:\u00a059,5 positiva\u00a0\/ 4,9% ns-nc \/ 35,6% negativa.<\/li>\n<li>La Rioja:\u00a0+ 56,8%\u00a0\/ 3,8% ns-nc \/ &#8211; 39,4%.<\/li>\n<li>Corrientes:\u00a0+ 55,2%\u00a0\/ 4,5% ns-nc \/ &#8211; 40,3%.<\/li>\n<li>Salta:\u00a0+ 54,7%\u00a0\/ 3,7% ns-nc \/ &#8211; 41,6%.<\/li>\n<li>Neuqu\u00e9n:\u00a0+ 54,3%\u00a0\/ 4,7% ns-nc \/ &#8211; 41%.<\/li>\n<\/ul>\n<p>En la otra punta, tambi\u00e9n empeor\u00f3 en 4 de las 8 donde peor le fue en junio:\u00a0Santa Cruz, Chaco, Tierra del Fuego y Buenos Aires. Acaso el dato que m\u00e1s deba preocuparle a Milei es la ca\u00edda en territorio bonaerense, el m\u00e1s populoso del pa\u00eds. Es el segundo distrito donde peor le fue, solo arriba de Santiago del Estero.<\/p>\n<ul>\n<li>Santa Cruz:\u00a0+ 48,5%\u00a0\/ 4,9% ns-nc \/ &#8211; 46,6%.<\/li>\n<li>Chaco:\u00a0+ 45,9%\u00a0\/ 4,2% ns-nc \/ &#8211; 49,9%.<\/li>\n<li>Tierra del Fuego:\u00a0+ 44,3%\u00a0\/ 3,6% ns-nc \/ &#8211; 52,1%.<\/li>\n<li>Buenos Aires:\u00a0+ 41,7%\u00a0\/ 4,3% ns-nc \/ &#8211; 54%.<\/li>\n<\/ul>\n<p>Por \u00faltimo, tambi\u00e9n baj\u00f3 su imagen en 5 provincias &#8220;intermedias&#8221;:\u00a0Catamarca, Tucum\u00e1n, Entre R\u00edos, Jujuy y Misiones. En todas, a favor del presidente, mantiene diferencial a favor.<\/p>\n<ul>\n<li>Catamarca:\u00a0+ 53,8%\u00a0\/ 4% ns-nc \/ &#8211; 42,2%.<\/li>\n<li>Tucum\u00e1n:\u00a0+ 53,6%\u00a0\/ 5% ns-nc \/ &#8211; 41,4%.<\/li>\n<li>Entre R\u00edos:\u00a0+ 50,8%\u00a0\/ 4,5% ns-nc \/ &#8211; 44,7%.<\/li>\n<li>Jujuy:\u00a0+ 50,4%\u00a0\/ 4,7% ns-nc \/ &#8211; 44,9%.<\/li>\n<li>Misiones:\u00a0+ 49,7%\u00a0\/ 4,6% ns-nc \/ &#8211; 45,7%.<\/li>\n<\/ul>\n<h2>Las 10 provincias donde subi\u00f3 Milei<\/h2>\n<p><img loading=\"lazy\" decoding=\"async\" class=\" wp-image-6713 aligncenter\" src=\"https:\/\/aldiachaco.com.ar\/wp-content\/uploads\/2024\/06\/251-Milei-300x231.webp\" alt=\"\" width=\"536\" height=\"413\" srcset=\"https:\/\/aldiachaco.com.ar\/wp-content\/uploads\/2024\/06\/251-Milei-300x231.webp 300w, https:\/\/aldiachaco.com.ar\/wp-content\/uploads\/2024\/06\/251-Milei-768x590.webp 768w, https:\/\/aldiachaco.com.ar\/wp-content\/uploads\/2024\/06\/251-Milei-612x470.webp 612w, https:\/\/aldiachaco.com.ar\/wp-content\/uploads\/2024\/06\/251-Milei-600x461.webp 600w, https:\/\/aldiachaco.com.ar\/wp-content\/uploads\/2024\/06\/251-Milei.webp 790w\" sizes=\"auto, (max-width: 536px) 100vw, 536px\" \/><\/p>\n<p>El lado agradable para el presidente viene con\u00a010 provincias en las que repunt\u00f3 su imagen. En ambos casos, tanto en las ca\u00eddas como en las mejoras, las oscilaciones mensuales no suelen ser muy bruscas: van de algunas d\u00e9cimas a unos tres puntos, como m\u00e1ximo.<\/p>\n<p>El rubro mejoras tambi\u00e9n fue relativamente transversal e incluye, a favor del presidente, la mayor\u00eda de los\u00a0distritos m\u00e1s poblados luego de Buenos Aires, como C\u00f3rdoba, CABA, Santa Fe y Mendoza.<\/p>\n<ul>\n<li>C\u00f3rdoba:\u00a0+ 64,8%\u00a0\/ 3,5% ns-nc \/ &#8211; 31,7%.<\/li>\n<li>Mendoza:\u00a0+ 64,1%\u00a0\/ 3% ns-nc \/- 32,9%.<\/li>\n<li>San Juan:\u00a0+ 55,4%\u00a0\/ 4% ns-nc \/ &#8211; 40,6%.<\/li>\n<li>La Pampa:\u00a0+ 51,7%\u00a0\/ 4,9% ns-nc \/ &#8211; 43,4%.<\/li>\n<li>Santa Fe:\u00a0+ 51,5%\u00a0\/ 3,9% ns-nc \/ &#8211; 44,6%.<\/li>\n<li>R\u00edo Negro:\u00a0+ 49,2%\u00a0\/ 4% ns-nc \/ &#8211; 46,8%.<\/li>\n<li>Chubut:\u00a0+ 48,9%\u00a0\/ 4,9% ns-nc \/ &#8211; 46,2%.<\/li>\n<li>CABA:\u00a0+ 48,3%\u00a0\/ 4,3% ns-nc \/ &#8211; 47,4%.<\/li>\n<li>Formosa:\u00a0+ 43,7%\u00a0\/ 3,1% ns-nc \/ &#8211; 53,2%.<\/li>\n<li>Santiago del Estero:\u00a0+ 41,5%\u00a0\/ 3,7% ns-nc \/ &#8211; 54,8%.<\/li>\n<\/ul>\n","protected":false},"excerpt":{"rendered":"<p>El impacto econ\u00f3mico del ajuste y el desgaste pol\u00edtico por llevar seis meses sin ninguna ley aprobada en el Congreso parecen haberle pegado a la\u00a0imagen de Javier Milei. As\u00ed al menos lo refleja la \u00faltima encuesta de\u00a0CB Consultora Opini\u00f3n P\u00fablica, que\u00a0evalu\u00f3 al presidente en las 24 provincias\u00a0y mostr\u00f3\u00a0ca\u00eddas en 14. El relevamiento de la firma &hellip;<\/p>\n","protected":false},"author":1,"featured_media":6715,"comment_status":"open","ping_status":"open","sticky":false,"template":"","format":"standard","meta":{"content-type":"","_monsterinsights_skip_tracking":false,"_monsterinsights_sitenote_active":false,"_monsterinsights_sitenote_note":"","_monsterinsights_sitenote_category":0,"_jetpack_memberships_contains_paid_content":false,"footnotes":"","jetpack_publicize_message":"","jetpack_publicize_feature_enabled":true,"jetpack_social_post_already_shared":true,"jetpack_social_options":{"image_generator_settings":{"template":"highway","default_image_id":0,"font":"","enabled":false},"version":2}},"categories":[94,153],"tags":[200],"class_list":["post-6711","post","type-post","status-publish","format-standard","has-post-thumbnail","hentry","category-nacionales","category-politica","tag-destacada"],"yoast_head":"<!-- This site is optimized with the Yoast SEO plugin v27.4 - https:\/\/yoast.com\/product\/yoast-seo-wordpress\/ -->\n<title>Alerta en Casa Rosada: Una encuesta muestra una ca\u00edda de Javier Milei en Chaco y otras 13 provincias | Al Dia Chaco<\/title>\n<meta name=\"robots\" content=\"index, follow, max-snippet:-1, max-image-preview:large, max-video-preview:-1\" \/>\n<link rel=\"canonical\" href=\"https:\/\/aldiachaco.com.ar\/index.php\/2024\/06\/06\/alerta-en-casa-rosada-una-encuesta-muestra-una-caida-de-javier-milei-en-chaco-y-otras-13-provincias\/\" \/>\n<meta property=\"og:locale\" content=\"es_ES\" \/>\n<meta property=\"og:type\" content=\"article\" \/>\n<meta property=\"og:title\" content=\"Alerta en Casa Rosada: Una encuesta muestra una ca\u00edda de Javier Milei en Chaco y otras 13 provincias | Al Dia Chaco\" \/>\n<meta property=\"og:description\" content=\"El impacto econ\u00f3mico del ajuste y el desgaste pol\u00edtico por llevar seis meses sin ninguna ley aprobada en el Congreso parecen haberle pegado a la\u00a0imagen de Javier Milei. As\u00ed al menos lo refleja la \u00faltima encuesta de\u00a0CB Consultora Opini\u00f3n P\u00fablica, que\u00a0evalu\u00f3 al presidente en las 24 provincias\u00a0y mostr\u00f3\u00a0ca\u00eddas en 14. El relevamiento de la firma &hellip;\" \/>\n<meta property=\"og:url\" content=\"https:\/\/aldiachaco.com.ar\/index.php\/2024\/06\/06\/alerta-en-casa-rosada-una-encuesta-muestra-una-caida-de-javier-milei-en-chaco-y-otras-13-provincias\/\" \/>\n<meta property=\"og:site_name\" content=\"Al Dia Chaco\" \/>\n<meta property=\"article:published_time\" content=\"2024-06-06T18:30:57+00:00\" \/>\n<meta property=\"og:image\" content=\"https:\/\/aldiachaco.com.ar\/wp-content\/uploads\/2024\/06\/249-Milei.webp\" \/>\n\t<meta property=\"og:image:width\" content=\"760\" \/>\n\t<meta property=\"og:image:height\" content=\"522\" \/>\n\t<meta property=\"og:image:type\" content=\"image\/webp\" \/>\n<meta name=\"author\" content=\"aldiachaco.com.ar\" \/>\n<meta name=\"twitter:card\" content=\"summary_large_image\" \/>\n<meta name=\"twitter:label1\" content=\"Escrito por\" \/>\n\t<meta name=\"twitter:data1\" content=\"aldiachaco.com.ar\" \/>\n\t<meta name=\"twitter:label2\" content=\"Tiempo de lectura\" \/>\n\t<meta name=\"twitter:data2\" content=\"4 minutos\" \/>\n<script type=\"application\/ld+json\" class=\"yoast-schema-graph\">{\"@context\":\"https:\\\/\\\/schema.org\",\"@graph\":[{\"@type\":\"Article\",\"@id\":\"https:\\\/\\\/aldiachaco.com.ar\\\/index.php\\\/2024\\\/06\\\/06\\\/alerta-en-casa-rosada-una-encuesta-muestra-una-caida-de-javier-milei-en-chaco-y-otras-13-provincias\\\/#article\",\"isPartOf\":{\"@id\":\"https:\\\/\\\/aldiachaco.com.ar\\\/index.php\\\/2024\\\/06\\\/06\\\/alerta-en-casa-rosada-una-encuesta-muestra-una-caida-de-javier-milei-en-chaco-y-otras-13-provincias\\\/\"},\"author\":{\"name\":\"aldiachaco.com.ar\",\"@id\":\"https:\\\/\\\/aldiachaco.com.ar\\\/#\\\/schema\\\/person\\\/80113835e512ba580e79a945932487f5\"},\"headline\":\"Alerta en Casa Rosada: Una encuesta muestra una ca\u00edda de Javier Milei en Chaco y otras 13 provincias\",\"datePublished\":\"2024-06-06T18:30:57+00:00\",\"mainEntityOfPage\":{\"@id\":\"https:\\\/\\\/aldiachaco.com.ar\\\/index.php\\\/2024\\\/06\\\/06\\\/alerta-en-casa-rosada-una-encuesta-muestra-una-caida-de-javier-milei-en-chaco-y-otras-13-provincias\\\/\"},\"wordCount\":559,\"commentCount\":0,\"publisher\":{\"@id\":\"https:\\\/\\\/aldiachaco.com.ar\\\/#organization\"},\"image\":{\"@id\":\"https:\\\/\\\/aldiachaco.com.ar\\\/index.php\\\/2024\\\/06\\\/06\\\/alerta-en-casa-rosada-una-encuesta-muestra-una-caida-de-javier-milei-en-chaco-y-otras-13-provincias\\\/#primaryimage\"},\"thumbnailUrl\":\"https:\\\/\\\/aldiachaco.com.ar\\\/wp-content\\\/uploads\\\/2024\\\/06\\\/249-Milei.webp\",\"keywords\":[\"Destacada\"],\"articleSection\":[\"Nacionales\",\"Pol\u00edtica\"],\"inLanguage\":\"es-AR\",\"potentialAction\":[{\"@type\":\"CommentAction\",\"name\":\"Comment\",\"target\":[\"https:\\\/\\\/aldiachaco.com.ar\\\/index.php\\\/2024\\\/06\\\/06\\\/alerta-en-casa-rosada-una-encuesta-muestra-una-caida-de-javier-milei-en-chaco-y-otras-13-provincias\\\/#respond\"]}]},{\"@type\":\"WebPage\",\"@id\":\"https:\\\/\\\/aldiachaco.com.ar\\\/index.php\\\/2024\\\/06\\\/06\\\/alerta-en-casa-rosada-una-encuesta-muestra-una-caida-de-javier-milei-en-chaco-y-otras-13-provincias\\\/\",\"url\":\"https:\\\/\\\/aldiachaco.com.ar\\\/index.php\\\/2024\\\/06\\\/06\\\/alerta-en-casa-rosada-una-encuesta-muestra-una-caida-de-javier-milei-en-chaco-y-otras-13-provincias\\\/\",\"name\":\"Alerta en Casa Rosada: Una encuesta muestra una ca\u00edda de Javier Milei en Chaco y otras 13 provincias | Al Dia Chaco\",\"isPartOf\":{\"@id\":\"https:\\\/\\\/aldiachaco.com.ar\\\/#website\"},\"primaryImageOfPage\":{\"@id\":\"https:\\\/\\\/aldiachaco.com.ar\\\/index.php\\\/2024\\\/06\\\/06\\\/alerta-en-casa-rosada-una-encuesta-muestra-una-caida-de-javier-milei-en-chaco-y-otras-13-provincias\\\/#primaryimage\"},\"image\":{\"@id\":\"https:\\\/\\\/aldiachaco.com.ar\\\/index.php\\\/2024\\\/06\\\/06\\\/alerta-en-casa-rosada-una-encuesta-muestra-una-caida-de-javier-milei-en-chaco-y-otras-13-provincias\\\/#primaryimage\"},\"thumbnailUrl\":\"https:\\\/\\\/aldiachaco.com.ar\\\/wp-content\\\/uploads\\\/2024\\\/06\\\/249-Milei.webp\",\"datePublished\":\"2024-06-06T18:30:57+00:00\",\"breadcrumb\":{\"@id\":\"https:\\\/\\\/aldiachaco.com.ar\\\/index.php\\\/2024\\\/06\\\/06\\\/alerta-en-casa-rosada-una-encuesta-muestra-una-caida-de-javier-milei-en-chaco-y-otras-13-provincias\\\/#breadcrumb\"},\"inLanguage\":\"es-AR\",\"potentialAction\":[{\"@type\":\"ReadAction\",\"target\":[\"https:\\\/\\\/aldiachaco.com.ar\\\/index.php\\\/2024\\\/06\\\/06\\\/alerta-en-casa-rosada-una-encuesta-muestra-una-caida-de-javier-milei-en-chaco-y-otras-13-provincias\\\/\"]}]},{\"@type\":\"ImageObject\",\"inLanguage\":\"es-AR\",\"@id\":\"https:\\\/\\\/aldiachaco.com.ar\\\/index.php\\\/2024\\\/06\\\/06\\\/alerta-en-casa-rosada-una-encuesta-muestra-una-caida-de-javier-milei-en-chaco-y-otras-13-provincias\\\/#primaryimage\",\"url\":\"https:\\\/\\\/aldiachaco.com.ar\\\/wp-content\\\/uploads\\\/2024\\\/06\\\/249-Milei.webp\",\"contentUrl\":\"https:\\\/\\\/aldiachaco.com.ar\\\/wp-content\\\/uploads\\\/2024\\\/06\\\/249-Milei.webp\",\"width\":760,\"height\":522},{\"@type\":\"BreadcrumbList\",\"@id\":\"https:\\\/\\\/aldiachaco.com.ar\\\/index.php\\\/2024\\\/06\\\/06\\\/alerta-en-casa-rosada-una-encuesta-muestra-una-caida-de-javier-milei-en-chaco-y-otras-13-provincias\\\/#breadcrumb\",\"itemListElement\":[{\"@type\":\"ListItem\",\"position\":1,\"name\":\"Home\",\"item\":\"https:\\\/\\\/aldiachaco.com.ar\\\/\"},{\"@type\":\"ListItem\",\"position\":2,\"name\":\"Alerta en Casa Rosada: Una encuesta muestra una ca\u00edda de Javier Milei en Chaco y otras 13 provincias\"}]},{\"@type\":\"WebSite\",\"@id\":\"https:\\\/\\\/aldiachaco.com.ar\\\/#website\",\"url\":\"https:\\\/\\\/aldiachaco.com.ar\\\/\",\"name\":\"Al Dia Chaco\",\"description\":\"Noticias del Chaco y el mundo\",\"publisher\":{\"@id\":\"https:\\\/\\\/aldiachaco.com.ar\\\/#organization\"},\"alternateName\":\"Al D\u00eda Chaco\",\"potentialAction\":[{\"@type\":\"SearchAction\",\"target\":{\"@type\":\"EntryPoint\",\"urlTemplate\":\"https:\\\/\\\/aldiachaco.com.ar\\\/?s={search_term_string}\"},\"query-input\":{\"@type\":\"PropertyValueSpecification\",\"valueRequired\":true,\"valueName\":\"search_term_string\"}}],\"inLanguage\":\"es-AR\"},{\"@type\":\"Organization\",\"@id\":\"https:\\\/\\\/aldiachaco.com.ar\\\/#organization\",\"name\":\"Al Dia Chaco\",\"url\":\"https:\\\/\\\/aldiachaco.com.ar\\\/\",\"logo\":{\"@type\":\"ImageObject\",\"inLanguage\":\"es-AR\",\"@id\":\"https:\\\/\\\/aldiachaco.com.ar\\\/#\\\/schema\\\/logo\\\/image\\\/\",\"url\":\"https:\\\/\\\/aldiachaco.com.ar\\\/wp-content\\\/uploads\\\/2017\\\/11\\\/AL-DIA-CHACO-L@2x.png\",\"contentUrl\":\"https:\\\/\\\/aldiachaco.com.ar\\\/wp-content\\\/uploads\\\/2017\\\/11\\\/AL-DIA-CHACO-L@2x.png\",\"width\":232,\"height\":60,\"caption\":\"Al Dia Chaco\"},\"image\":{\"@id\":\"https:\\\/\\\/aldiachaco.com.ar\\\/#\\\/schema\\\/logo\\\/image\\\/\"}},{\"@type\":\"Person\",\"@id\":\"https:\\\/\\\/aldiachaco.com.ar\\\/#\\\/schema\\\/person\\\/80113835e512ba580e79a945932487f5\",\"name\":\"aldiachaco.com.ar\",\"image\":{\"@type\":\"ImageObject\",\"inLanguage\":\"es-AR\",\"@id\":\"https:\\\/\\\/aldiachaco.com.ar\\\/wp-content\\\/litespeed\\\/avatar\\\/a7c4ebc5454089d3fd4ef6b87fdd073a.jpg?ver=1777471945\",\"url\":\"https:\\\/\\\/aldiachaco.com.ar\\\/wp-content\\\/litespeed\\\/avatar\\\/a7c4ebc5454089d3fd4ef6b87fdd073a.jpg?ver=1777471945\",\"contentUrl\":\"https:\\\/\\\/aldiachaco.com.ar\\\/wp-content\\\/litespeed\\\/avatar\\\/a7c4ebc5454089d3fd4ef6b87fdd073a.jpg?ver=1777471945\",\"caption\":\"aldiachaco.com.ar\"},\"sameAs\":[\"https:\\\/\\\/aldiachaco.com.ar\"],\"url\":\"https:\\\/\\\/aldiachaco.com.ar\\\/index.php\\\/author\\\/lime-camel-884546-hostingersite-com\\\/\"}]}<\/script>\n<!-- \/ Yoast SEO plugin. -->","yoast_head_json":{"title":"Alerta en Casa Rosada: Una encuesta muestra una ca\u00edda de Javier Milei en Chaco y otras 13 provincias | Al Dia Chaco","robots":{"index":"index","follow":"follow","max-snippet":"max-snippet:-1","max-image-preview":"max-image-preview:large","max-video-preview":"max-video-preview:-1"},"canonical":"https:\/\/aldiachaco.com.ar\/index.php\/2024\/06\/06\/alerta-en-casa-rosada-una-encuesta-muestra-una-caida-de-javier-milei-en-chaco-y-otras-13-provincias\/","og_locale":"es_ES","og_type":"article","og_title":"Alerta en Casa Rosada: Una encuesta muestra una ca\u00edda de Javier Milei en Chaco y otras 13 provincias | Al Dia Chaco","og_description":"El impacto econ\u00f3mico del ajuste y el desgaste pol\u00edtico por llevar seis meses sin ninguna ley aprobada en el Congreso parecen haberle pegado a la\u00a0imagen de Javier Milei. As\u00ed al menos lo refleja la \u00faltima encuesta de\u00a0CB Consultora Opini\u00f3n P\u00fablica, que\u00a0evalu\u00f3 al presidente en las 24 provincias\u00a0y mostr\u00f3\u00a0ca\u00eddas en 14. El relevamiento de la firma &hellip;","og_url":"https:\/\/aldiachaco.com.ar\/index.php\/2024\/06\/06\/alerta-en-casa-rosada-una-encuesta-muestra-una-caida-de-javier-milei-en-chaco-y-otras-13-provincias\/","og_site_name":"Al Dia Chaco","article_published_time":"2024-06-06T18:30:57+00:00","og_image":[{"width":760,"height":522,"url":"https:\/\/aldiachaco.com.ar\/wp-content\/uploads\/2024\/06\/249-Milei.webp","type":"image\/webp"}],"author":"aldiachaco.com.ar","twitter_card":"summary_large_image","twitter_misc":{"Escrito por":"aldiachaco.com.ar","Tiempo de lectura":"4 minutos"},"schema":{"@context":"https:\/\/schema.org","@graph":[{"@type":"Article","@id":"https:\/\/aldiachaco.com.ar\/index.php\/2024\/06\/06\/alerta-en-casa-rosada-una-encuesta-muestra-una-caida-de-javier-milei-en-chaco-y-otras-13-provincias\/#article","isPartOf":{"@id":"https:\/\/aldiachaco.com.ar\/index.php\/2024\/06\/06\/alerta-en-casa-rosada-una-encuesta-muestra-una-caida-de-javier-milei-en-chaco-y-otras-13-provincias\/"},"author":{"name":"aldiachaco.com.ar","@id":"https:\/\/aldiachaco.com.ar\/#\/schema\/person\/80113835e512ba580e79a945932487f5"},"headline":"Alerta en Casa Rosada: Una encuesta muestra una ca\u00edda de Javier Milei en Chaco y otras 13 provincias","datePublished":"2024-06-06T18:30:57+00:00","mainEntityOfPage":{"@id":"https:\/\/aldiachaco.com.ar\/index.php\/2024\/06\/06\/alerta-en-casa-rosada-una-encuesta-muestra-una-caida-de-javier-milei-en-chaco-y-otras-13-provincias\/"},"wordCount":559,"commentCount":0,"publisher":{"@id":"https:\/\/aldiachaco.com.ar\/#organization"},"image":{"@id":"https:\/\/aldiachaco.com.ar\/index.php\/2024\/06\/06\/alerta-en-casa-rosada-una-encuesta-muestra-una-caida-de-javier-milei-en-chaco-y-otras-13-provincias\/#primaryimage"},"thumbnailUrl":"https:\/\/aldiachaco.com.ar\/wp-content\/uploads\/2024\/06\/249-Milei.webp","keywords":["Destacada"],"articleSection":["Nacionales","Pol\u00edtica"],"inLanguage":"es-AR","potentialAction":[{"@type":"CommentAction","name":"Comment","target":["https:\/\/aldiachaco.com.ar\/index.php\/2024\/06\/06\/alerta-en-casa-rosada-una-encuesta-muestra-una-caida-de-javier-milei-en-chaco-y-otras-13-provincias\/#respond"]}]},{"@type":"WebPage","@id":"https:\/\/aldiachaco.com.ar\/index.php\/2024\/06\/06\/alerta-en-casa-rosada-una-encuesta-muestra-una-caida-de-javier-milei-en-chaco-y-otras-13-provincias\/","url":"https:\/\/aldiachaco.com.ar\/index.php\/2024\/06\/06\/alerta-en-casa-rosada-una-encuesta-muestra-una-caida-de-javier-milei-en-chaco-y-otras-13-provincias\/","name":"Alerta en Casa Rosada: Una encuesta muestra una ca\u00edda de Javier Milei en Chaco y otras 13 provincias | Al Dia Chaco","isPartOf":{"@id":"https:\/\/aldiachaco.com.ar\/#website"},"primaryImageOfPage":{"@id":"https:\/\/aldiachaco.com.ar\/index.php\/2024\/06\/06\/alerta-en-casa-rosada-una-encuesta-muestra-una-caida-de-javier-milei-en-chaco-y-otras-13-provincias\/#primaryimage"},"image":{"@id":"https:\/\/aldiachaco.com.ar\/index.php\/2024\/06\/06\/alerta-en-casa-rosada-una-encuesta-muestra-una-caida-de-javier-milei-en-chaco-y-otras-13-provincias\/#primaryimage"},"thumbnailUrl":"https:\/\/aldiachaco.com.ar\/wp-content\/uploads\/2024\/06\/249-Milei.webp","datePublished":"2024-06-06T18:30:57+00:00","breadcrumb":{"@id":"https:\/\/aldiachaco.com.ar\/index.php\/2024\/06\/06\/alerta-en-casa-rosada-una-encuesta-muestra-una-caida-de-javier-milei-en-chaco-y-otras-13-provincias\/#breadcrumb"},"inLanguage":"es-AR","potentialAction":[{"@type":"ReadAction","target":["https:\/\/aldiachaco.com.ar\/index.php\/2024\/06\/06\/alerta-en-casa-rosada-una-encuesta-muestra-una-caida-de-javier-milei-en-chaco-y-otras-13-provincias\/"]}]},{"@type":"ImageObject","inLanguage":"es-AR","@id":"https:\/\/aldiachaco.com.ar\/index.php\/2024\/06\/06\/alerta-en-casa-rosada-una-encuesta-muestra-una-caida-de-javier-milei-en-chaco-y-otras-13-provincias\/#primaryimage","url":"https:\/\/aldiachaco.com.ar\/wp-content\/uploads\/2024\/06\/249-Milei.webp","contentUrl":"https:\/\/aldiachaco.com.ar\/wp-content\/uploads\/2024\/06\/249-Milei.webp","width":760,"height":522},{"@type":"BreadcrumbList","@id":"https:\/\/aldiachaco.com.ar\/index.php\/2024\/06\/06\/alerta-en-casa-rosada-una-encuesta-muestra-una-caida-de-javier-milei-en-chaco-y-otras-13-provincias\/#breadcrumb","itemListElement":[{"@type":"ListItem","position":1,"name":"Home","item":"https:\/\/aldiachaco.com.ar\/"},{"@type":"ListItem","position":2,"name":"Alerta en Casa Rosada: Una encuesta muestra una ca\u00edda de Javier Milei en Chaco y otras 13 provincias"}]},{"@type":"WebSite","@id":"https:\/\/aldiachaco.com.ar\/#website","url":"https:\/\/aldiachaco.com.ar\/","name":"Al Dia Chaco","description":"Noticias del Chaco y el mundo","publisher":{"@id":"https:\/\/aldiachaco.com.ar\/#organization"},"alternateName":"Al D\u00eda Chaco","potentialAction":[{"@type":"SearchAction","target":{"@type":"EntryPoint","urlTemplate":"https:\/\/aldiachaco.com.ar\/?s={search_term_string}"},"query-input":{"@type":"PropertyValueSpecification","valueRequired":true,"valueName":"search_term_string"}}],"inLanguage":"es-AR"},{"@type":"Organization","@id":"https:\/\/aldiachaco.com.ar\/#organization","name":"Al Dia Chaco","url":"https:\/\/aldiachaco.com.ar\/","logo":{"@type":"ImageObject","inLanguage":"es-AR","@id":"https:\/\/aldiachaco.com.ar\/#\/schema\/logo\/image\/","url":"https:\/\/aldiachaco.com.ar\/wp-content\/uploads\/2017\/11\/AL-DIA-CHACO-L@2x.png","contentUrl":"https:\/\/aldiachaco.com.ar\/wp-content\/uploads\/2017\/11\/AL-DIA-CHACO-L@2x.png","width":232,"height":60,"caption":"Al Dia Chaco"},"image":{"@id":"https:\/\/aldiachaco.com.ar\/#\/schema\/logo\/image\/"}},{"@type":"Person","@id":"https:\/\/aldiachaco.com.ar\/#\/schema\/person\/80113835e512ba580e79a945932487f5","name":"aldiachaco.com.ar","image":{"@type":"ImageObject","inLanguage":"es-AR","@id":"https:\/\/aldiachaco.com.ar\/wp-content\/litespeed\/avatar\/a7c4ebc5454089d3fd4ef6b87fdd073a.jpg?ver=1777471945","url":"https:\/\/aldiachaco.com.ar\/wp-content\/litespeed\/avatar\/a7c4ebc5454089d3fd4ef6b87fdd073a.jpg?ver=1777471945","contentUrl":"https:\/\/aldiachaco.com.ar\/wp-content\/litespeed\/avatar\/a7c4ebc5454089d3fd4ef6b87fdd073a.jpg?ver=1777471945","caption":"aldiachaco.com.ar"},"sameAs":["https:\/\/aldiachaco.com.ar"],"url":"https:\/\/aldiachaco.com.ar\/index.php\/author\/lime-camel-884546-hostingersite-com\/"}]}},"jetpack_publicize_connections":[],"jetpack_featured_media_url":"https:\/\/aldiachaco.com.ar\/wp-content\/uploads\/2024\/06\/249-Milei.webp","jetpack_sharing_enabled":true,"amp_enabled":true,"_links":{"self":[{"href":"https:\/\/aldiachaco.com.ar\/index.php\/wp-json\/wp\/v2\/posts\/6711","targetHints":{"allow":["GET"]}}],"collection":[{"href":"https:\/\/aldiachaco.com.ar\/index.php\/wp-json\/wp\/v2\/posts"}],"about":[{"href":"https:\/\/aldiachaco.com.ar\/index.php\/wp-json\/wp\/v2\/types\/post"}],"author":[{"embeddable":true,"href":"https:\/\/aldiachaco.com.ar\/index.php\/wp-json\/wp\/v2\/users\/1"}],"replies":[{"embeddable":true,"href":"https:\/\/aldiachaco.com.ar\/index.php\/wp-json\/wp\/v2\/comments?post=6711"}],"version-history":[{"count":1,"href":"https:\/\/aldiachaco.com.ar\/index.php\/wp-json\/wp\/v2\/posts\/6711\/revisions"}],"predecessor-version":[{"id":6716,"href":"https:\/\/aldiachaco.com.ar\/index.php\/wp-json\/wp\/v2\/posts\/6711\/revisions\/6716"}],"wp:featuredmedia":[{"embeddable":true,"href":"https:\/\/aldiachaco.com.ar\/index.php\/wp-json\/wp\/v2\/media\/6715"}],"wp:attachment":[{"href":"https:\/\/aldiachaco.com.ar\/index.php\/wp-json\/wp\/v2\/media?parent=6711"}],"wp:term":[{"taxonomy":"category","embeddable":true,"href":"https:\/\/aldiachaco.com.ar\/index.php\/wp-json\/wp\/v2\/categories?post=6711"},{"taxonomy":"post_tag","embeddable":true,"href":"https:\/\/aldiachaco.com.ar\/index.php\/wp-json\/wp\/v2\/tags?post=6711"}],"curies":[{"name":"wp","href":"https:\/\/api.w.org\/{rel}","templated":true}]}}