{"id":6690,"date":"2024-06-06T09:53:07","date_gmt":"2024-06-06T12:53:07","guid":{"rendered":"https:\/\/aldiachaco.com.ar\/?p=6690"},"modified":"2024-06-06T09:53:07","modified_gmt":"2024-06-06T12:53:07","slug":"duracell-un-ministro-de-salta-realizo-gestos-llamativos-y-se-viralizo","status":"publish","type":"post","link":"https:\/\/aldiachaco.com.ar\/index.php\/2024\/06\/06\/duracell-un-ministro-de-salta-realizo-gestos-llamativos-y-se-viralizo\/","title":{"rendered":"Duracell: un ministro de Salta realiz\u00f3 gestos llamativos y se viraliz\u00f3"},"content":{"rendered":"<p>En las \u00faltimas horas se viraliz\u00f3 un video en las redes sociales que tiene como protagonista al ministro de Turismo de Salta,\u00a0Mario Pe\u00f1a, donde se lo observaba con\u00a0ojos desorbitados y movimientos incesantes, mientras examinaba su entorno, lo que gener\u00f3 diversas preocupaciones y especulaciones.<\/p>\n<p>Los usuarios en internet no tardaron en realizar conjeturas, algunos buscaron ir por el lado c\u00f3mico y mientras que otros se\u00f1alaron que se trataba de un filtro.<\/p>\n<p>&#8220;M\u00e1s duro que sanguche de escombro&#8221;, se\u00f1al\u00f3 un internauta; &#8220;Fuaaaaaaa lo duracell q estamos lokooooo&#8221;, indic\u00f3 otra persona; &#8220;El se\u00f1or de lentes cuando lo enfocan tambi\u00e9n se le saltaron los ojos, es un filtro&#8221;, precis\u00f3 usuario.<\/p>\n<h2>La palabra del ministro<\/h2>\n<p>Luego de la situaci\u00f3n de p\u00fablico conocimiento, el funcionario salte\u00f1o dialog\u00f3 con un medio local y dio su versi\u00f3n de los hechos.<\/p>\n<p>&#8220;De alguna forma, hay una edici\u00f3n de una situaci\u00f3n que estaba pasando en la sala&#8221;, mencion\u00f3 Pe\u00f1a en comunicaci\u00f3n con\u00a0Datasa Salta.<\/p>\n<p>En ese contexto, agreg\u00f3: &#8220;Yo miraba mucho para arriba, para quien no conoce el lugar, en la sala de conferencia donde est\u00e1bamos,\u00a0hay un ca\u00f1\u00f3n (de luz) y ve\u00eda que se estaba cayendo; dije \u2018\u00a1no vaya a ser que se le caiga a uno de los periodistas!\u2019&#8221;.<\/p>\n<p>Para finalizar, volvi\u00f3 a hacer foco en que hubo edici\u00f3n en el video: &#8220;Hay una edici\u00f3n en el tema de la velocidad, de la repetici\u00f3n, se me agrandan los ojos, aduce a algo personal&#8230; son los gajes del oficio lamentablemente&#8221;.<\/p>\n","protected":false},"excerpt":{"rendered":"<p>En las \u00faltimas horas se viraliz\u00f3 un video en las redes sociales que tiene como protagonista al ministro de Turismo de Salta,\u00a0Mario Pe\u00f1a, donde se lo observaba con\u00a0ojos desorbitados y movimientos incesantes, mientras examinaba su entorno, lo que gener\u00f3 diversas preocupaciones y especulaciones. Los usuarios en internet no tardaron en realizar conjeturas, algunos buscaron ir &hellip;<\/p>\n","protected":false},"author":1,"featured_media":6691,"comment_status":"open","ping_status":"open","sticky":false,"template":"","format":"standard","meta":{"content-type":"","_monsterinsights_skip_tracking":false,"_monsterinsights_sitenote_active":false,"_monsterinsights_sitenote_note":"","_monsterinsights_sitenote_category":0,"_jetpack_memberships_contains_paid_content":false,"footnotes":"","jetpack_publicize_message":"","jetpack_publicize_feature_enabled":true,"jetpack_social_post_already_shared":true,"jetpack_social_options":{"image_generator_settings":{"template":"highway","default_image_id":0,"font":"","enabled":false},"version":2}},"categories":[94,153],"tags":[],"class_list":["post-6690","post","type-post","status-publish","format-standard","has-post-thumbnail","hentry","category-nacionales","category-politica"],"yoast_head":"<!-- This site is optimized with the Yoast SEO plugin v27.4 - https:\/\/yoast.com\/product\/yoast-seo-wordpress\/ -->\n<title>Duracell: un ministro de Salta realiz\u00f3 gestos llamativos y se viraliz\u00f3 | Al Dia Chaco<\/title>\n<meta name=\"robots\" content=\"index, follow, max-snippet:-1, max-image-preview:large, max-video-preview:-1\" \/>\n<link rel=\"canonical\" href=\"https:\/\/aldiachaco.com.ar\/index.php\/2024\/06\/06\/duracell-un-ministro-de-salta-realizo-gestos-llamativos-y-se-viralizo\/\" \/>\n<meta property=\"og:locale\" content=\"es_ES\" \/>\n<meta property=\"og:type\" content=\"article\" \/>\n<meta property=\"og:title\" content=\"Duracell: un ministro de Salta realiz\u00f3 gestos llamativos y se viraliz\u00f3 | Al Dia Chaco\" \/>\n<meta property=\"og:description\" content=\"En las \u00faltimas horas se viraliz\u00f3 un video en las redes sociales que tiene como protagonista al ministro de Turismo de Salta,\u00a0Mario Pe\u00f1a, donde se lo observaba con\u00a0ojos desorbitados y movimientos incesantes, mientras examinaba su entorno, lo que gener\u00f3 diversas preocupaciones y especulaciones. Los usuarios en internet no tardaron en realizar conjeturas, algunos buscaron ir &hellip;\" \/>\n<meta property=\"og:url\" content=\"https:\/\/aldiachaco.com.ar\/index.php\/2024\/06\/06\/duracell-un-ministro-de-salta-realizo-gestos-llamativos-y-se-viralizo\/\" \/>\n<meta property=\"og:site_name\" content=\"Al Dia Chaco\" \/>\n<meta property=\"article:published_time\" content=\"2024-06-06T12:53:07+00:00\" \/>\n<meta property=\"og:image\" content=\"https:\/\/aldiachaco.com.ar\/wp-content\/uploads\/2024\/06\/266251w850h427c.jpg.webp\" \/>\n\t<meta property=\"og:image:width\" content=\"850\" \/>\n\t<meta property=\"og:image:height\" content=\"427\" \/>\n\t<meta property=\"og:image:type\" content=\"image\/webp\" \/>\n<meta name=\"author\" content=\"aldiachaco.com.ar\" \/>\n<meta name=\"twitter:card\" content=\"summary_large_image\" \/>\n<meta name=\"twitter:label1\" content=\"Escrito por\" \/>\n\t<meta name=\"twitter:data1\" content=\"aldiachaco.com.ar\" \/>\n\t<meta name=\"twitter:label2\" content=\"Tiempo de lectura\" \/>\n\t<meta name=\"twitter:data2\" content=\"2 minutos\" \/>\n<script type=\"application\/ld+json\" class=\"yoast-schema-graph\">{\"@context\":\"https:\\\/\\\/schema.org\",\"@graph\":[{\"@type\":\"Article\",\"@id\":\"https:\\\/\\\/aldiachaco.com.ar\\\/index.php\\\/2024\\\/06\\\/06\\\/duracell-un-ministro-de-salta-realizo-gestos-llamativos-y-se-viralizo\\\/#article\",\"isPartOf\":{\"@id\":\"https:\\\/\\\/aldiachaco.com.ar\\\/index.php\\\/2024\\\/06\\\/06\\\/duracell-un-ministro-de-salta-realizo-gestos-llamativos-y-se-viralizo\\\/\"},\"author\":{\"name\":\"aldiachaco.com.ar\",\"@id\":\"https:\\\/\\\/aldiachaco.com.ar\\\/#\\\/schema\\\/person\\\/80113835e512ba580e79a945932487f5\"},\"headline\":\"Duracell: un ministro de Salta realiz\u00f3 gestos llamativos y se viraliz\u00f3\",\"datePublished\":\"2024-06-06T12:53:07+00:00\",\"mainEntityOfPage\":{\"@id\":\"https:\\\/\\\/aldiachaco.com.ar\\\/index.php\\\/2024\\\/06\\\/06\\\/duracell-un-ministro-de-salta-realizo-gestos-llamativos-y-se-viralizo\\\/\"},\"wordCount\":275,\"commentCount\":0,\"publisher\":{\"@id\":\"https:\\\/\\\/aldiachaco.com.ar\\\/#organization\"},\"image\":{\"@id\":\"https:\\\/\\\/aldiachaco.com.ar\\\/index.php\\\/2024\\\/06\\\/06\\\/duracell-un-ministro-de-salta-realizo-gestos-llamativos-y-se-viralizo\\\/#primaryimage\"},\"thumbnailUrl\":\"https:\\\/\\\/aldiachaco.com.ar\\\/wp-content\\\/uploads\\\/2024\\\/06\\\/266251w850h427c.jpg.webp\",\"articleSection\":[\"Nacionales\",\"Pol\u00edtica\"],\"inLanguage\":\"es-AR\",\"potentialAction\":[{\"@type\":\"CommentAction\",\"name\":\"Comment\",\"target\":[\"https:\\\/\\\/aldiachaco.com.ar\\\/index.php\\\/2024\\\/06\\\/06\\\/duracell-un-ministro-de-salta-realizo-gestos-llamativos-y-se-viralizo\\\/#respond\"]}]},{\"@type\":\"WebPage\",\"@id\":\"https:\\\/\\\/aldiachaco.com.ar\\\/index.php\\\/2024\\\/06\\\/06\\\/duracell-un-ministro-de-salta-realizo-gestos-llamativos-y-se-viralizo\\\/\",\"url\":\"https:\\\/\\\/aldiachaco.com.ar\\\/index.php\\\/2024\\\/06\\\/06\\\/duracell-un-ministro-de-salta-realizo-gestos-llamativos-y-se-viralizo\\\/\",\"name\":\"Duracell: un ministro de Salta realiz\u00f3 gestos llamativos y se viraliz\u00f3 | Al Dia Chaco\",\"isPartOf\":{\"@id\":\"https:\\\/\\\/aldiachaco.com.ar\\\/#website\"},\"primaryImageOfPage\":{\"@id\":\"https:\\\/\\\/aldiachaco.com.ar\\\/index.php\\\/2024\\\/06\\\/06\\\/duracell-un-ministro-de-salta-realizo-gestos-llamativos-y-se-viralizo\\\/#primaryimage\"},\"image\":{\"@id\":\"https:\\\/\\\/aldiachaco.com.ar\\\/index.php\\\/2024\\\/06\\\/06\\\/duracell-un-ministro-de-salta-realizo-gestos-llamativos-y-se-viralizo\\\/#primaryimage\"},\"thumbnailUrl\":\"https:\\\/\\\/aldiachaco.com.ar\\\/wp-content\\\/uploads\\\/2024\\\/06\\\/266251w850h427c.jpg.webp\",\"datePublished\":\"2024-06-06T12:53:07+00:00\",\"breadcrumb\":{\"@id\":\"https:\\\/\\\/aldiachaco.com.ar\\\/index.php\\\/2024\\\/06\\\/06\\\/duracell-un-ministro-de-salta-realizo-gestos-llamativos-y-se-viralizo\\\/#breadcrumb\"},\"inLanguage\":\"es-AR\",\"potentialAction\":[{\"@type\":\"ReadAction\",\"target\":[\"https:\\\/\\\/aldiachaco.com.ar\\\/index.php\\\/2024\\\/06\\\/06\\\/duracell-un-ministro-de-salta-realizo-gestos-llamativos-y-se-viralizo\\\/\"]}]},{\"@type\":\"ImageObject\",\"inLanguage\":\"es-AR\",\"@id\":\"https:\\\/\\\/aldiachaco.com.ar\\\/index.php\\\/2024\\\/06\\\/06\\\/duracell-un-ministro-de-salta-realizo-gestos-llamativos-y-se-viralizo\\\/#primaryimage\",\"url\":\"https:\\\/\\\/aldiachaco.com.ar\\\/wp-content\\\/uploads\\\/2024\\\/06\\\/266251w850h427c.jpg.webp\",\"contentUrl\":\"https:\\\/\\\/aldiachaco.com.ar\\\/wp-content\\\/uploads\\\/2024\\\/06\\\/266251w850h427c.jpg.webp\",\"width\":850,\"height\":427},{\"@type\":\"BreadcrumbList\",\"@id\":\"https:\\\/\\\/aldiachaco.com.ar\\\/index.php\\\/2024\\\/06\\\/06\\\/duracell-un-ministro-de-salta-realizo-gestos-llamativos-y-se-viralizo\\\/#breadcrumb\",\"itemListElement\":[{\"@type\":\"ListItem\",\"position\":1,\"name\":\"Home\",\"item\":\"https:\\\/\\\/aldiachaco.com.ar\\\/\"},{\"@type\":\"ListItem\",\"position\":2,\"name\":\"Duracell: un ministro de Salta realiz\u00f3 gestos llamativos y se viraliz\u00f3\"}]},{\"@type\":\"WebSite\",\"@id\":\"https:\\\/\\\/aldiachaco.com.ar\\\/#website\",\"url\":\"https:\\\/\\\/aldiachaco.com.ar\\\/\",\"name\":\"Al Dia Chaco\",\"description\":\"Noticias del Chaco y el mundo\",\"publisher\":{\"@id\":\"https:\\\/\\\/aldiachaco.com.ar\\\/#organization\"},\"alternateName\":\"Al D\u00eda Chaco\",\"potentialAction\":[{\"@type\":\"SearchAction\",\"target\":{\"@type\":\"EntryPoint\",\"urlTemplate\":\"https:\\\/\\\/aldiachaco.com.ar\\\/?s={search_term_string}\"},\"query-input\":{\"@type\":\"PropertyValueSpecification\",\"valueRequired\":true,\"valueName\":\"search_term_string\"}}],\"inLanguage\":\"es-AR\"},{\"@type\":\"Organization\",\"@id\":\"https:\\\/\\\/aldiachaco.com.ar\\\/#organization\",\"name\":\"Al Dia Chaco\",\"url\":\"https:\\\/\\\/aldiachaco.com.ar\\\/\",\"logo\":{\"@type\":\"ImageObject\",\"inLanguage\":\"es-AR\",\"@id\":\"https:\\\/\\\/aldiachaco.com.ar\\\/#\\\/schema\\\/logo\\\/image\\\/\",\"url\":\"https:\\\/\\\/aldiachaco.com.ar\\\/wp-content\\\/uploads\\\/2017\\\/11\\\/AL-DIA-CHACO-L@2x.png\",\"contentUrl\":\"https:\\\/\\\/aldiachaco.com.ar\\\/wp-content\\\/uploads\\\/2017\\\/11\\\/AL-DIA-CHACO-L@2x.png\",\"width\":232,\"height\":60,\"caption\":\"Al Dia Chaco\"},\"image\":{\"@id\":\"https:\\\/\\\/aldiachaco.com.ar\\\/#\\\/schema\\\/logo\\\/image\\\/\"}},{\"@type\":\"Person\",\"@id\":\"https:\\\/\\\/aldiachaco.com.ar\\\/#\\\/schema\\\/person\\\/80113835e512ba580e79a945932487f5\",\"name\":\"aldiachaco.com.ar\",\"image\":{\"@type\":\"ImageObject\",\"inLanguage\":\"es-AR\",\"@id\":\"https:\\\/\\\/aldiachaco.com.ar\\\/wp-content\\\/litespeed\\\/avatar\\\/a7c4ebc5454089d3fd4ef6b87fdd073a.jpg?ver=1777471945\",\"url\":\"https:\\\/\\\/aldiachaco.com.ar\\\/wp-content\\\/litespeed\\\/avatar\\\/a7c4ebc5454089d3fd4ef6b87fdd073a.jpg?ver=1777471945\",\"contentUrl\":\"https:\\\/\\\/aldiachaco.com.ar\\\/wp-content\\\/litespeed\\\/avatar\\\/a7c4ebc5454089d3fd4ef6b87fdd073a.jpg?ver=1777471945\",\"caption\":\"aldiachaco.com.ar\"},\"sameAs\":[\"https:\\\/\\\/aldiachaco.com.ar\"],\"url\":\"https:\\\/\\\/aldiachaco.com.ar\\\/index.php\\\/author\\\/lime-camel-884546-hostingersite-com\\\/\"}]}<\/script>\n<!-- \/ Yoast SEO plugin. -->","yoast_head_json":{"title":"Duracell: un ministro de Salta realiz\u00f3 gestos llamativos y se viraliz\u00f3 | Al Dia Chaco","robots":{"index":"index","follow":"follow","max-snippet":"max-snippet:-1","max-image-preview":"max-image-preview:large","max-video-preview":"max-video-preview:-1"},"canonical":"https:\/\/aldiachaco.com.ar\/index.php\/2024\/06\/06\/duracell-un-ministro-de-salta-realizo-gestos-llamativos-y-se-viralizo\/","og_locale":"es_ES","og_type":"article","og_title":"Duracell: un ministro de Salta realiz\u00f3 gestos llamativos y se viraliz\u00f3 | Al Dia Chaco","og_description":"En las \u00faltimas horas se viraliz\u00f3 un video en las redes sociales que tiene como protagonista al ministro de Turismo de Salta,\u00a0Mario Pe\u00f1a, donde se lo observaba con\u00a0ojos desorbitados y movimientos incesantes, mientras examinaba su entorno, lo que gener\u00f3 diversas preocupaciones y especulaciones. Los usuarios en internet no tardaron en realizar conjeturas, algunos buscaron ir &hellip;","og_url":"https:\/\/aldiachaco.com.ar\/index.php\/2024\/06\/06\/duracell-un-ministro-de-salta-realizo-gestos-llamativos-y-se-viralizo\/","og_site_name":"Al Dia Chaco","article_published_time":"2024-06-06T12:53:07+00:00","og_image":[{"width":850,"height":427,"url":"https:\/\/aldiachaco.com.ar\/wp-content\/uploads\/2024\/06\/266251w850h427c.jpg.webp","type":"image\/webp"}],"author":"aldiachaco.com.ar","twitter_card":"summary_large_image","twitter_misc":{"Escrito por":"aldiachaco.com.ar","Tiempo de lectura":"2 minutos"},"schema":{"@context":"https:\/\/schema.org","@graph":[{"@type":"Article","@id":"https:\/\/aldiachaco.com.ar\/index.php\/2024\/06\/06\/duracell-un-ministro-de-salta-realizo-gestos-llamativos-y-se-viralizo\/#article","isPartOf":{"@id":"https:\/\/aldiachaco.com.ar\/index.php\/2024\/06\/06\/duracell-un-ministro-de-salta-realizo-gestos-llamativos-y-se-viralizo\/"},"author":{"name":"aldiachaco.com.ar","@id":"https:\/\/aldiachaco.com.ar\/#\/schema\/person\/80113835e512ba580e79a945932487f5"},"headline":"Duracell: un ministro de Salta realiz\u00f3 gestos llamativos y se viraliz\u00f3","datePublished":"2024-06-06T12:53:07+00:00","mainEntityOfPage":{"@id":"https:\/\/aldiachaco.com.ar\/index.php\/2024\/06\/06\/duracell-un-ministro-de-salta-realizo-gestos-llamativos-y-se-viralizo\/"},"wordCount":275,"commentCount":0,"publisher":{"@id":"https:\/\/aldiachaco.com.ar\/#organization"},"image":{"@id":"https:\/\/aldiachaco.com.ar\/index.php\/2024\/06\/06\/duracell-un-ministro-de-salta-realizo-gestos-llamativos-y-se-viralizo\/#primaryimage"},"thumbnailUrl":"https:\/\/aldiachaco.com.ar\/wp-content\/uploads\/2024\/06\/266251w850h427c.jpg.webp","articleSection":["Nacionales","Pol\u00edtica"],"inLanguage":"es-AR","potentialAction":[{"@type":"CommentAction","name":"Comment","target":["https:\/\/aldiachaco.com.ar\/index.php\/2024\/06\/06\/duracell-un-ministro-de-salta-realizo-gestos-llamativos-y-se-viralizo\/#respond"]}]},{"@type":"WebPage","@id":"https:\/\/aldiachaco.com.ar\/index.php\/2024\/06\/06\/duracell-un-ministro-de-salta-realizo-gestos-llamativos-y-se-viralizo\/","url":"https:\/\/aldiachaco.com.ar\/index.php\/2024\/06\/06\/duracell-un-ministro-de-salta-realizo-gestos-llamativos-y-se-viralizo\/","name":"Duracell: un ministro de Salta realiz\u00f3 gestos llamativos y se viraliz\u00f3 | Al Dia Chaco","isPartOf":{"@id":"https:\/\/aldiachaco.com.ar\/#website"},"primaryImageOfPage":{"@id":"https:\/\/aldiachaco.com.ar\/index.php\/2024\/06\/06\/duracell-un-ministro-de-salta-realizo-gestos-llamativos-y-se-viralizo\/#primaryimage"},"image":{"@id":"https:\/\/aldiachaco.com.ar\/index.php\/2024\/06\/06\/duracell-un-ministro-de-salta-realizo-gestos-llamativos-y-se-viralizo\/#primaryimage"},"thumbnailUrl":"https:\/\/aldiachaco.com.ar\/wp-content\/uploads\/2024\/06\/266251w850h427c.jpg.webp","datePublished":"2024-06-06T12:53:07+00:00","breadcrumb":{"@id":"https:\/\/aldiachaco.com.ar\/index.php\/2024\/06\/06\/duracell-un-ministro-de-salta-realizo-gestos-llamativos-y-se-viralizo\/#breadcrumb"},"inLanguage":"es-AR","potentialAction":[{"@type":"ReadAction","target":["https:\/\/aldiachaco.com.ar\/index.php\/2024\/06\/06\/duracell-un-ministro-de-salta-realizo-gestos-llamativos-y-se-viralizo\/"]}]},{"@type":"ImageObject","inLanguage":"es-AR","@id":"https:\/\/aldiachaco.com.ar\/index.php\/2024\/06\/06\/duracell-un-ministro-de-salta-realizo-gestos-llamativos-y-se-viralizo\/#primaryimage","url":"https:\/\/aldiachaco.com.ar\/wp-content\/uploads\/2024\/06\/266251w850h427c.jpg.webp","contentUrl":"https:\/\/aldiachaco.com.ar\/wp-content\/uploads\/2024\/06\/266251w850h427c.jpg.webp","width":850,"height":427},{"@type":"BreadcrumbList","@id":"https:\/\/aldiachaco.com.ar\/index.php\/2024\/06\/06\/duracell-un-ministro-de-salta-realizo-gestos-llamativos-y-se-viralizo\/#breadcrumb","itemListElement":[{"@type":"ListItem","position":1,"name":"Home","item":"https:\/\/aldiachaco.com.ar\/"},{"@type":"ListItem","position":2,"name":"Duracell: un ministro de Salta realiz\u00f3 gestos llamativos y se viraliz\u00f3"}]},{"@type":"WebSite","@id":"https:\/\/aldiachaco.com.ar\/#website","url":"https:\/\/aldiachaco.com.ar\/","name":"Al Dia Chaco","description":"Noticias del Chaco y el mundo","publisher":{"@id":"https:\/\/aldiachaco.com.ar\/#organization"},"alternateName":"Al D\u00eda Chaco","potentialAction":[{"@type":"SearchAction","target":{"@type":"EntryPoint","urlTemplate":"https:\/\/aldiachaco.com.ar\/?s={search_term_string}"},"query-input":{"@type":"PropertyValueSpecification","valueRequired":true,"valueName":"search_term_string"}}],"inLanguage":"es-AR"},{"@type":"Organization","@id":"https:\/\/aldiachaco.com.ar\/#organization","name":"Al Dia Chaco","url":"https:\/\/aldiachaco.com.ar\/","logo":{"@type":"ImageObject","inLanguage":"es-AR","@id":"https:\/\/aldiachaco.com.ar\/#\/schema\/logo\/image\/","url":"https:\/\/aldiachaco.com.ar\/wp-content\/uploads\/2017\/11\/AL-DIA-CHACO-L@2x.png","contentUrl":"https:\/\/aldiachaco.com.ar\/wp-content\/uploads\/2017\/11\/AL-DIA-CHACO-L@2x.png","width":232,"height":60,"caption":"Al Dia Chaco"},"image":{"@id":"https:\/\/aldiachaco.com.ar\/#\/schema\/logo\/image\/"}},{"@type":"Person","@id":"https:\/\/aldiachaco.com.ar\/#\/schema\/person\/80113835e512ba580e79a945932487f5","name":"aldiachaco.com.ar","image":{"@type":"ImageObject","inLanguage":"es-AR","@id":"https:\/\/aldiachaco.com.ar\/wp-content\/litespeed\/avatar\/a7c4ebc5454089d3fd4ef6b87fdd073a.jpg?ver=1777471945","url":"https:\/\/aldiachaco.com.ar\/wp-content\/litespeed\/avatar\/a7c4ebc5454089d3fd4ef6b87fdd073a.jpg?ver=1777471945","contentUrl":"https:\/\/aldiachaco.com.ar\/wp-content\/litespeed\/avatar\/a7c4ebc5454089d3fd4ef6b87fdd073a.jpg?ver=1777471945","caption":"aldiachaco.com.ar"},"sameAs":["https:\/\/aldiachaco.com.ar"],"url":"https:\/\/aldiachaco.com.ar\/index.php\/author\/lime-camel-884546-hostingersite-com\/"}]}},"jetpack_publicize_connections":[],"jetpack_featured_media_url":"https:\/\/aldiachaco.com.ar\/wp-content\/uploads\/2024\/06\/266251w850h427c.jpg.webp","jetpack_sharing_enabled":true,"amp_enabled":true,"_links":{"self":[{"href":"https:\/\/aldiachaco.com.ar\/index.php\/wp-json\/wp\/v2\/posts\/6690","targetHints":{"allow":["GET"]}}],"collection":[{"href":"https:\/\/aldiachaco.com.ar\/index.php\/wp-json\/wp\/v2\/posts"}],"about":[{"href":"https:\/\/aldiachaco.com.ar\/index.php\/wp-json\/wp\/v2\/types\/post"}],"author":[{"embeddable":true,"href":"https:\/\/aldiachaco.com.ar\/index.php\/wp-json\/wp\/v2\/users\/1"}],"replies":[{"embeddable":true,"href":"https:\/\/aldiachaco.com.ar\/index.php\/wp-json\/wp\/v2\/comments?post=6690"}],"version-history":[{"count":1,"href":"https:\/\/aldiachaco.com.ar\/index.php\/wp-json\/wp\/v2\/posts\/6690\/revisions"}],"predecessor-version":[{"id":6692,"href":"https:\/\/aldiachaco.com.ar\/index.php\/wp-json\/wp\/v2\/posts\/6690\/revisions\/6692"}],"wp:featuredmedia":[{"embeddable":true,"href":"https:\/\/aldiachaco.com.ar\/index.php\/wp-json\/wp\/v2\/media\/6691"}],"wp:attachment":[{"href":"https:\/\/aldiachaco.com.ar\/index.php\/wp-json\/wp\/v2\/media?parent=6690"}],"wp:term":[{"taxonomy":"category","embeddable":true,"href":"https:\/\/aldiachaco.com.ar\/index.php\/wp-json\/wp\/v2\/categories?post=6690"},{"taxonomy":"post_tag","embeddable":true,"href":"https:\/\/aldiachaco.com.ar\/index.php\/wp-json\/wp\/v2\/tags?post=6690"}],"curies":[{"name":"wp","href":"https:\/\/api.w.org\/{rel}","templated":true}]}}