{"id":6337,"date":"2024-05-29T20:23:43","date_gmt":"2024-05-29T23:23:43","guid":{"rendered":"https:\/\/aldiachaco.com.ar\/?p=6337"},"modified":"2024-05-29T20:23:43","modified_gmt":"2024-05-29T23:23:43","slug":"atlet-222-logro-el-ascenso","status":"publish","type":"post","link":"https:\/\/aldiachaco.com.ar\/index.php\/2024\/05\/29\/atlet-222-logro-el-ascenso\/","title":{"rendered":"\u00a1Atlet 222 logr\u00f3 el ascenso!"},"content":{"rendered":"<p id=\"docs-internal-guid-67228ad4-7fff-bf32-daf6-89e9922b19d4\" dir=\"ltr\" style=\"line-height: 1.3800000000000001; text-align: justify; margin-top: 0.0pt; margin-bottom: 10.0pt;\"><span style=\"font-size: 11pt; font-family: Calibri, sans-serif; color: #000000; background-color: transparent; font-variant-numeric: normal; font-variant-east-asian: normal; font-variant-alternates: normal; font-variant-position: normal; vertical-align: baseline; white-space-collapse: preserve;\">Domingo feliz result\u00f3 ser el 26 de mayo en el Torneo Apertura de la Liga Futsal Metropolitana del Chaco (Liga Fu.Me.Ch), pues en la decimotercera jornada de la fase regular se conocieron los dos primeros ascensos de la temporada en las categor\u00edas \u201cA\u201d y \u201cB\u201d de dicha Liga.<\/span><\/p>\n<p dir=\"ltr\"><img loading=\"lazy\" decoding=\"async\" class=\"alignnone size-medium wp-image-6339\" src=\"https:\/\/aldiachaco.com.ar\/wp-content\/uploads\/2024\/05\/IMG-20240529-WA0044-300x242.jpg\" alt=\"\" width=\"300\" height=\"242\" srcset=\"https:\/\/aldiachaco.com.ar\/wp-content\/uploads\/2024\/05\/IMG-20240529-WA0044-300x242.jpg 300w, https:\/\/aldiachaco.com.ar\/wp-content\/uploads\/2024\/05\/IMG-20240529-WA0044-1024x827.jpg 1024w, https:\/\/aldiachaco.com.ar\/wp-content\/uploads\/2024\/05\/IMG-20240529-WA0044-768x620.jpg 768w, https:\/\/aldiachaco.com.ar\/wp-content\/uploads\/2024\/05\/IMG-20240529-WA0044-582x470.jpg 582w, https:\/\/aldiachaco.com.ar\/wp-content\/uploads\/2024\/05\/IMG-20240529-WA0044-600x485.jpg 600w, https:\/\/aldiachaco.com.ar\/wp-content\/uploads\/2024\/05\/IMG-20240529-WA0044.jpg 1440w\" sizes=\"auto, (max-width: 300px) 100vw, 300px\" \/><\/p>\n<p dir=\"ltr\" style=\"line-height: 1.3800000000000001; text-align: justify; margin-top: 0.0pt; margin-bottom: 10.0pt;\"><span style=\"font-size: 11pt; font-family: Calibri, sans-serif; color: #000000; background-color: transparent; font-variant-numeric: normal; font-variant-east-asian: normal; font-variant-alternates: normal; font-variant-position: normal; vertical-align: baseline; white-space-collapse: preserve;\">En la categor\u00eda \u201cB\u201d, a las 18hs ATLETIC 222 se jugaba el pasaje a la final y primer ascenso frente a SOL NACIENTE, el partido promet\u00eda ser entretenido y cumpli\u00f3 su promesa. R\u00e1pidamente se puso en ventaja el conjunto de Fontana con el gol a los 5 minutos de GONZ\u00c1LEZ CARLOS y en una r\u00e1faga de segundos estir\u00f3 su ventaja, ya que a los 13 minutos marc\u00f3 el goleador del equipo, GUAGNI ALEXIS, el 2 a 0 y segundos despu\u00e9s volvi\u00f3 a marcar GONZ\u00c1LEZ CARLOS el 3 a 0. Todo parec\u00edan estar encaminado para la alegr\u00eda de ATLETIC, sin embargo a 3 minutos del final del primer tiempo, apareci\u00f3 G\u00d3MEZ FERNANDO en SOL NACIENTE, para descontar y mandar el resultado parcial por 3 a 1 al entretiempo.<\/span><\/p>\n<p dir=\"ltr\" style=\"line-height: 1.3800000000000001; text-align: justify; margin-top: 0.0pt; margin-bottom: 10.0pt;\"><span style=\"font-size: 11pt; font-family: Calibri, sans-serif; color: #000000; background-color: transparent; font-variant-numeric: normal; font-variant-east-asian: normal; font-variant-alternates: normal; font-variant-position: normal; vertical-align: baseline; white-space-collapse: preserve;\">El segundo tiempo arranc\u00f3 con la misma intensidad que el primero con ATLETIC 222 manejando siempre el ritmo del partido y la pelota. SOL NACIENTE no se qued\u00f3 atr\u00e1s y gener\u00f3 sus chances, pero nada pudo hacer contra la ilusi\u00f3n de un ascenso. Los chicos de la 222 cerraron el partido y pudieron mantener el resultado favorable durante todo el complemento, siendo el resultado final 3 a 1. Esta victoria le permiti\u00f3 al equipo de ATLETIC 222 clasificar a la gran final y obtener el ascenso a la Divisional \u201cA\u201d.<\/span><\/p>\n<p dir=\"ltr\" style=\"line-height: 1.3800000000000001; text-align: justify; margin-top: 0.0pt; margin-bottom: 10.0pt;\"><span style=\"font-size: 11pt; font-family: Calibri, sans-serif; color: #000000; background-color: transparent; font-variant-numeric: normal; font-variant-east-asian: normal; font-variant-alternates: normal; font-variant-position: normal; vertical-align: baseline; white-space-collapse: preserve;\">Hace mucho tiempo que ATLETIC 222 viene jugando este deporte, siempre aport\u00f3 grandes equipos y jugadores y si bien, retorn\u00f3 reci\u00e9n este a\u00f1o, en solo seis meses demostr\u00f3 que la categor\u00eda \u201cB\u201d le queda chica. Perdi\u00f3 en su debut, pero desde all\u00ed se encarg\u00f3 de demostrar el buen juego y el hambre de gloria. Deber\u00e1 esperar a su rival para la Gran Final.<\/span><\/p>\n","protected":false},"excerpt":{"rendered":"<p>Domingo feliz result\u00f3 ser el 26 de mayo en el Torneo Apertura de la Liga Futsal Metropolitana del Chaco (Liga Fu.Me.Ch), pues en la decimotercera jornada de la fase regular se conocieron los dos primeros ascensos de la temporada en las categor\u00edas \u201cA\u201d y \u201cB\u201d de dicha Liga. En la categor\u00eda \u201cB\u201d, a las 18hs &hellip;<\/p>\n","protected":false},"author":1,"featured_media":6338,"comment_status":"open","ping_status":"open","sticky":false,"template":"","format":"standard","meta":{"content-type":"","_monsterinsights_skip_tracking":false,"_monsterinsights_sitenote_active":false,"_monsterinsights_sitenote_note":"","_monsterinsights_sitenote_category":0,"_jetpack_memberships_contains_paid_content":false,"footnotes":"","jetpack_publicize_message":"","jetpack_publicize_feature_enabled":true,"jetpack_social_post_already_shared":true,"jetpack_social_options":{"image_generator_settings":{"template":"highway","default_image_id":0,"font":"","enabled":false},"version":2}},"categories":[72],"tags":[],"class_list":["post-6337","post","type-post","status-publish","format-standard","has-post-thumbnail","hentry","category-deportes"],"yoast_head":"<!-- This site is optimized with the Yoast SEO plugin v27.4 - https:\/\/yoast.com\/product\/yoast-seo-wordpress\/ -->\n<title>\u00a1Atlet 222 logr\u00f3 el ascenso! | Al Dia Chaco<\/title>\n<meta name=\"robots\" content=\"index, follow, max-snippet:-1, max-image-preview:large, max-video-preview:-1\" \/>\n<link rel=\"canonical\" href=\"https:\/\/aldiachaco.com.ar\/index.php\/2024\/05\/29\/atlet-222-logro-el-ascenso\/\" \/>\n<meta property=\"og:locale\" content=\"es_ES\" \/>\n<meta property=\"og:type\" content=\"article\" \/>\n<meta property=\"og:title\" content=\"\u00a1Atlet 222 logr\u00f3 el ascenso! | Al Dia Chaco\" \/>\n<meta property=\"og:description\" content=\"Domingo feliz result\u00f3 ser el 26 de mayo en el Torneo Apertura de la Liga Futsal Metropolitana del Chaco (Liga Fu.Me.Ch), pues en la decimotercera jornada de la fase regular se conocieron los dos primeros ascensos de la temporada en las categor\u00edas \u201cA\u201d y \u201cB\u201d de dicha Liga. En la categor\u00eda \u201cB\u201d, a las 18hs &hellip;\" \/>\n<meta property=\"og:url\" content=\"https:\/\/aldiachaco.com.ar\/index.php\/2024\/05\/29\/atlet-222-logro-el-ascenso\/\" \/>\n<meta property=\"og:site_name\" content=\"Al Dia Chaco\" \/>\n<meta property=\"article:published_time\" content=\"2024-05-29T23:23:43+00:00\" \/>\n<meta property=\"og:image\" content=\"https:\/\/aldiachaco.com.ar\/wp-content\/uploads\/2024\/05\/IMG-20240529-WA0041.jpg\" \/>\n\t<meta property=\"og:image:width\" content=\"1600\" \/>\n\t<meta property=\"og:image:height\" content=\"1276\" \/>\n\t<meta property=\"og:image:type\" content=\"image\/jpeg\" \/>\n<meta name=\"author\" content=\"aldiachaco.com.ar\" \/>\n<meta name=\"twitter:card\" content=\"summary_large_image\" \/>\n<meta name=\"twitter:label1\" content=\"Escrito por\" \/>\n\t<meta name=\"twitter:data1\" content=\"aldiachaco.com.ar\" \/>\n\t<meta name=\"twitter:label2\" content=\"Tiempo de lectura\" \/>\n\t<meta name=\"twitter:data2\" content=\"2 minutos\" \/>\n<script type=\"application\/ld+json\" class=\"yoast-schema-graph\">{\"@context\":\"https:\\\/\\\/schema.org\",\"@graph\":[{\"@type\":\"Article\",\"@id\":\"https:\\\/\\\/aldiachaco.com.ar\\\/index.php\\\/2024\\\/05\\\/29\\\/atlet-222-logro-el-ascenso\\\/#article\",\"isPartOf\":{\"@id\":\"https:\\\/\\\/aldiachaco.com.ar\\\/index.php\\\/2024\\\/05\\\/29\\\/atlet-222-logro-el-ascenso\\\/\"},\"author\":{\"name\":\"aldiachaco.com.ar\",\"@id\":\"https:\\\/\\\/aldiachaco.com.ar\\\/#\\\/schema\\\/person\\\/80113835e512ba580e79a945932487f5\"},\"headline\":\"\u00a1Atlet 222 logr\u00f3 el ascenso!\",\"datePublished\":\"2024-05-29T23:23:43+00:00\",\"mainEntityOfPage\":{\"@id\":\"https:\\\/\\\/aldiachaco.com.ar\\\/index.php\\\/2024\\\/05\\\/29\\\/atlet-222-logro-el-ascenso\\\/\"},\"wordCount\":333,\"commentCount\":0,\"publisher\":{\"@id\":\"https:\\\/\\\/aldiachaco.com.ar\\\/#organization\"},\"image\":{\"@id\":\"https:\\\/\\\/aldiachaco.com.ar\\\/index.php\\\/2024\\\/05\\\/29\\\/atlet-222-logro-el-ascenso\\\/#primaryimage\"},\"thumbnailUrl\":\"https:\\\/\\\/aldiachaco.com.ar\\\/wp-content\\\/uploads\\\/2024\\\/05\\\/IMG-20240529-WA0041.jpg\",\"articleSection\":[\"Deportes\"],\"inLanguage\":\"es-AR\",\"potentialAction\":[{\"@type\":\"CommentAction\",\"name\":\"Comment\",\"target\":[\"https:\\\/\\\/aldiachaco.com.ar\\\/index.php\\\/2024\\\/05\\\/29\\\/atlet-222-logro-el-ascenso\\\/#respond\"]}]},{\"@type\":\"WebPage\",\"@id\":\"https:\\\/\\\/aldiachaco.com.ar\\\/index.php\\\/2024\\\/05\\\/29\\\/atlet-222-logro-el-ascenso\\\/\",\"url\":\"https:\\\/\\\/aldiachaco.com.ar\\\/index.php\\\/2024\\\/05\\\/29\\\/atlet-222-logro-el-ascenso\\\/\",\"name\":\"\u00a1Atlet 222 logr\u00f3 el ascenso! | Al Dia Chaco\",\"isPartOf\":{\"@id\":\"https:\\\/\\\/aldiachaco.com.ar\\\/#website\"},\"primaryImageOfPage\":{\"@id\":\"https:\\\/\\\/aldiachaco.com.ar\\\/index.php\\\/2024\\\/05\\\/29\\\/atlet-222-logro-el-ascenso\\\/#primaryimage\"},\"image\":{\"@id\":\"https:\\\/\\\/aldiachaco.com.ar\\\/index.php\\\/2024\\\/05\\\/29\\\/atlet-222-logro-el-ascenso\\\/#primaryimage\"},\"thumbnailUrl\":\"https:\\\/\\\/aldiachaco.com.ar\\\/wp-content\\\/uploads\\\/2024\\\/05\\\/IMG-20240529-WA0041.jpg\",\"datePublished\":\"2024-05-29T23:23:43+00:00\",\"breadcrumb\":{\"@id\":\"https:\\\/\\\/aldiachaco.com.ar\\\/index.php\\\/2024\\\/05\\\/29\\\/atlet-222-logro-el-ascenso\\\/#breadcrumb\"},\"inLanguage\":\"es-AR\",\"potentialAction\":[{\"@type\":\"ReadAction\",\"target\":[\"https:\\\/\\\/aldiachaco.com.ar\\\/index.php\\\/2024\\\/05\\\/29\\\/atlet-222-logro-el-ascenso\\\/\"]}]},{\"@type\":\"ImageObject\",\"inLanguage\":\"es-AR\",\"@id\":\"https:\\\/\\\/aldiachaco.com.ar\\\/index.php\\\/2024\\\/05\\\/29\\\/atlet-222-logro-el-ascenso\\\/#primaryimage\",\"url\":\"https:\\\/\\\/aldiachaco.com.ar\\\/wp-content\\\/uploads\\\/2024\\\/05\\\/IMG-20240529-WA0041.jpg\",\"contentUrl\":\"https:\\\/\\\/aldiachaco.com.ar\\\/wp-content\\\/uploads\\\/2024\\\/05\\\/IMG-20240529-WA0041.jpg\",\"width\":1600,\"height\":1276},{\"@type\":\"BreadcrumbList\",\"@id\":\"https:\\\/\\\/aldiachaco.com.ar\\\/index.php\\\/2024\\\/05\\\/29\\\/atlet-222-logro-el-ascenso\\\/#breadcrumb\",\"itemListElement\":[{\"@type\":\"ListItem\",\"position\":1,\"name\":\"Home\",\"item\":\"https:\\\/\\\/aldiachaco.com.ar\\\/\"},{\"@type\":\"ListItem\",\"position\":2,\"name\":\"\u00a1Atlet 222 logr\u00f3 el ascenso!\"}]},{\"@type\":\"WebSite\",\"@id\":\"https:\\\/\\\/aldiachaco.com.ar\\\/#website\",\"url\":\"https:\\\/\\\/aldiachaco.com.ar\\\/\",\"name\":\"Al Dia Chaco\",\"description\":\"Noticias del Chaco y el mundo\",\"publisher\":{\"@id\":\"https:\\\/\\\/aldiachaco.com.ar\\\/#organization\"},\"alternateName\":\"Al D\u00eda Chaco\",\"potentialAction\":[{\"@type\":\"SearchAction\",\"target\":{\"@type\":\"EntryPoint\",\"urlTemplate\":\"https:\\\/\\\/aldiachaco.com.ar\\\/?s={search_term_string}\"},\"query-input\":{\"@type\":\"PropertyValueSpecification\",\"valueRequired\":true,\"valueName\":\"search_term_string\"}}],\"inLanguage\":\"es-AR\"},{\"@type\":\"Organization\",\"@id\":\"https:\\\/\\\/aldiachaco.com.ar\\\/#organization\",\"name\":\"Al Dia Chaco\",\"url\":\"https:\\\/\\\/aldiachaco.com.ar\\\/\",\"logo\":{\"@type\":\"ImageObject\",\"inLanguage\":\"es-AR\",\"@id\":\"https:\\\/\\\/aldiachaco.com.ar\\\/#\\\/schema\\\/logo\\\/image\\\/\",\"url\":\"https:\\\/\\\/aldiachaco.com.ar\\\/wp-content\\\/uploads\\\/2017\\\/11\\\/AL-DIA-CHACO-L@2x.png\",\"contentUrl\":\"https:\\\/\\\/aldiachaco.com.ar\\\/wp-content\\\/uploads\\\/2017\\\/11\\\/AL-DIA-CHACO-L@2x.png\",\"width\":232,\"height\":60,\"caption\":\"Al Dia Chaco\"},\"image\":{\"@id\":\"https:\\\/\\\/aldiachaco.com.ar\\\/#\\\/schema\\\/logo\\\/image\\\/\"}},{\"@type\":\"Person\",\"@id\":\"https:\\\/\\\/aldiachaco.com.ar\\\/#\\\/schema\\\/person\\\/80113835e512ba580e79a945932487f5\",\"name\":\"aldiachaco.com.ar\",\"image\":{\"@type\":\"ImageObject\",\"inLanguage\":\"es-AR\",\"@id\":\"https:\\\/\\\/aldiachaco.com.ar\\\/wp-content\\\/litespeed\\\/avatar\\\/a7c4ebc5454089d3fd4ef6b87fdd073a.jpg?ver=1777471945\",\"url\":\"https:\\\/\\\/aldiachaco.com.ar\\\/wp-content\\\/litespeed\\\/avatar\\\/a7c4ebc5454089d3fd4ef6b87fdd073a.jpg?ver=1777471945\",\"contentUrl\":\"https:\\\/\\\/aldiachaco.com.ar\\\/wp-content\\\/litespeed\\\/avatar\\\/a7c4ebc5454089d3fd4ef6b87fdd073a.jpg?ver=1777471945\",\"caption\":\"aldiachaco.com.ar\"},\"sameAs\":[\"https:\\\/\\\/aldiachaco.com.ar\"],\"url\":\"https:\\\/\\\/aldiachaco.com.ar\\\/index.php\\\/author\\\/lime-camel-884546-hostingersite-com\\\/\"}]}<\/script>\n<!-- \/ Yoast SEO plugin. -->","yoast_head_json":{"title":"\u00a1Atlet 222 logr\u00f3 el ascenso! | Al Dia Chaco","robots":{"index":"index","follow":"follow","max-snippet":"max-snippet:-1","max-image-preview":"max-image-preview:large","max-video-preview":"max-video-preview:-1"},"canonical":"https:\/\/aldiachaco.com.ar\/index.php\/2024\/05\/29\/atlet-222-logro-el-ascenso\/","og_locale":"es_ES","og_type":"article","og_title":"\u00a1Atlet 222 logr\u00f3 el ascenso! | Al Dia Chaco","og_description":"Domingo feliz result\u00f3 ser el 26 de mayo en el Torneo Apertura de la Liga Futsal Metropolitana del Chaco (Liga Fu.Me.Ch), pues en la decimotercera jornada de la fase regular se conocieron los dos primeros ascensos de la temporada en las categor\u00edas \u201cA\u201d y \u201cB\u201d de dicha Liga. En la categor\u00eda \u201cB\u201d, a las 18hs &hellip;","og_url":"https:\/\/aldiachaco.com.ar\/index.php\/2024\/05\/29\/atlet-222-logro-el-ascenso\/","og_site_name":"Al Dia Chaco","article_published_time":"2024-05-29T23:23:43+00:00","og_image":[{"width":1600,"height":1276,"url":"https:\/\/aldiachaco.com.ar\/wp-content\/uploads\/2024\/05\/IMG-20240529-WA0041.jpg","type":"image\/jpeg"}],"author":"aldiachaco.com.ar","twitter_card":"summary_large_image","twitter_misc":{"Escrito por":"aldiachaco.com.ar","Tiempo de lectura":"2 minutos"},"schema":{"@context":"https:\/\/schema.org","@graph":[{"@type":"Article","@id":"https:\/\/aldiachaco.com.ar\/index.php\/2024\/05\/29\/atlet-222-logro-el-ascenso\/#article","isPartOf":{"@id":"https:\/\/aldiachaco.com.ar\/index.php\/2024\/05\/29\/atlet-222-logro-el-ascenso\/"},"author":{"name":"aldiachaco.com.ar","@id":"https:\/\/aldiachaco.com.ar\/#\/schema\/person\/80113835e512ba580e79a945932487f5"},"headline":"\u00a1Atlet 222 logr\u00f3 el ascenso!","datePublished":"2024-05-29T23:23:43+00:00","mainEntityOfPage":{"@id":"https:\/\/aldiachaco.com.ar\/index.php\/2024\/05\/29\/atlet-222-logro-el-ascenso\/"},"wordCount":333,"commentCount":0,"publisher":{"@id":"https:\/\/aldiachaco.com.ar\/#organization"},"image":{"@id":"https:\/\/aldiachaco.com.ar\/index.php\/2024\/05\/29\/atlet-222-logro-el-ascenso\/#primaryimage"},"thumbnailUrl":"https:\/\/aldiachaco.com.ar\/wp-content\/uploads\/2024\/05\/IMG-20240529-WA0041.jpg","articleSection":["Deportes"],"inLanguage":"es-AR","potentialAction":[{"@type":"CommentAction","name":"Comment","target":["https:\/\/aldiachaco.com.ar\/index.php\/2024\/05\/29\/atlet-222-logro-el-ascenso\/#respond"]}]},{"@type":"WebPage","@id":"https:\/\/aldiachaco.com.ar\/index.php\/2024\/05\/29\/atlet-222-logro-el-ascenso\/","url":"https:\/\/aldiachaco.com.ar\/index.php\/2024\/05\/29\/atlet-222-logro-el-ascenso\/","name":"\u00a1Atlet 222 logr\u00f3 el ascenso! | Al Dia Chaco","isPartOf":{"@id":"https:\/\/aldiachaco.com.ar\/#website"},"primaryImageOfPage":{"@id":"https:\/\/aldiachaco.com.ar\/index.php\/2024\/05\/29\/atlet-222-logro-el-ascenso\/#primaryimage"},"image":{"@id":"https:\/\/aldiachaco.com.ar\/index.php\/2024\/05\/29\/atlet-222-logro-el-ascenso\/#primaryimage"},"thumbnailUrl":"https:\/\/aldiachaco.com.ar\/wp-content\/uploads\/2024\/05\/IMG-20240529-WA0041.jpg","datePublished":"2024-05-29T23:23:43+00:00","breadcrumb":{"@id":"https:\/\/aldiachaco.com.ar\/index.php\/2024\/05\/29\/atlet-222-logro-el-ascenso\/#breadcrumb"},"inLanguage":"es-AR","potentialAction":[{"@type":"ReadAction","target":["https:\/\/aldiachaco.com.ar\/index.php\/2024\/05\/29\/atlet-222-logro-el-ascenso\/"]}]},{"@type":"ImageObject","inLanguage":"es-AR","@id":"https:\/\/aldiachaco.com.ar\/index.php\/2024\/05\/29\/atlet-222-logro-el-ascenso\/#primaryimage","url":"https:\/\/aldiachaco.com.ar\/wp-content\/uploads\/2024\/05\/IMG-20240529-WA0041.jpg","contentUrl":"https:\/\/aldiachaco.com.ar\/wp-content\/uploads\/2024\/05\/IMG-20240529-WA0041.jpg","width":1600,"height":1276},{"@type":"BreadcrumbList","@id":"https:\/\/aldiachaco.com.ar\/index.php\/2024\/05\/29\/atlet-222-logro-el-ascenso\/#breadcrumb","itemListElement":[{"@type":"ListItem","position":1,"name":"Home","item":"https:\/\/aldiachaco.com.ar\/"},{"@type":"ListItem","position":2,"name":"\u00a1Atlet 222 logr\u00f3 el ascenso!"}]},{"@type":"WebSite","@id":"https:\/\/aldiachaco.com.ar\/#website","url":"https:\/\/aldiachaco.com.ar\/","name":"Al Dia Chaco","description":"Noticias del Chaco y el mundo","publisher":{"@id":"https:\/\/aldiachaco.com.ar\/#organization"},"alternateName":"Al D\u00eda Chaco","potentialAction":[{"@type":"SearchAction","target":{"@type":"EntryPoint","urlTemplate":"https:\/\/aldiachaco.com.ar\/?s={search_term_string}"},"query-input":{"@type":"PropertyValueSpecification","valueRequired":true,"valueName":"search_term_string"}}],"inLanguage":"es-AR"},{"@type":"Organization","@id":"https:\/\/aldiachaco.com.ar\/#organization","name":"Al Dia Chaco","url":"https:\/\/aldiachaco.com.ar\/","logo":{"@type":"ImageObject","inLanguage":"es-AR","@id":"https:\/\/aldiachaco.com.ar\/#\/schema\/logo\/image\/","url":"https:\/\/aldiachaco.com.ar\/wp-content\/uploads\/2017\/11\/AL-DIA-CHACO-L@2x.png","contentUrl":"https:\/\/aldiachaco.com.ar\/wp-content\/uploads\/2017\/11\/AL-DIA-CHACO-L@2x.png","width":232,"height":60,"caption":"Al Dia Chaco"},"image":{"@id":"https:\/\/aldiachaco.com.ar\/#\/schema\/logo\/image\/"}},{"@type":"Person","@id":"https:\/\/aldiachaco.com.ar\/#\/schema\/person\/80113835e512ba580e79a945932487f5","name":"aldiachaco.com.ar","image":{"@type":"ImageObject","inLanguage":"es-AR","@id":"https:\/\/aldiachaco.com.ar\/wp-content\/litespeed\/avatar\/a7c4ebc5454089d3fd4ef6b87fdd073a.jpg?ver=1777471945","url":"https:\/\/aldiachaco.com.ar\/wp-content\/litespeed\/avatar\/a7c4ebc5454089d3fd4ef6b87fdd073a.jpg?ver=1777471945","contentUrl":"https:\/\/aldiachaco.com.ar\/wp-content\/litespeed\/avatar\/a7c4ebc5454089d3fd4ef6b87fdd073a.jpg?ver=1777471945","caption":"aldiachaco.com.ar"},"sameAs":["https:\/\/aldiachaco.com.ar"],"url":"https:\/\/aldiachaco.com.ar\/index.php\/author\/lime-camel-884546-hostingersite-com\/"}]}},"jetpack_publicize_connections":[],"jetpack_featured_media_url":"https:\/\/aldiachaco.com.ar\/wp-content\/uploads\/2024\/05\/IMG-20240529-WA0041.jpg","jetpack_sharing_enabled":true,"amp_enabled":true,"_links":{"self":[{"href":"https:\/\/aldiachaco.com.ar\/index.php\/wp-json\/wp\/v2\/posts\/6337","targetHints":{"allow":["GET"]}}],"collection":[{"href":"https:\/\/aldiachaco.com.ar\/index.php\/wp-json\/wp\/v2\/posts"}],"about":[{"href":"https:\/\/aldiachaco.com.ar\/index.php\/wp-json\/wp\/v2\/types\/post"}],"author":[{"embeddable":true,"href":"https:\/\/aldiachaco.com.ar\/index.php\/wp-json\/wp\/v2\/users\/1"}],"replies":[{"embeddable":true,"href":"https:\/\/aldiachaco.com.ar\/index.php\/wp-json\/wp\/v2\/comments?post=6337"}],"version-history":[{"count":1,"href":"https:\/\/aldiachaco.com.ar\/index.php\/wp-json\/wp\/v2\/posts\/6337\/revisions"}],"predecessor-version":[{"id":6340,"href":"https:\/\/aldiachaco.com.ar\/index.php\/wp-json\/wp\/v2\/posts\/6337\/revisions\/6340"}],"wp:featuredmedia":[{"embeddable":true,"href":"https:\/\/aldiachaco.com.ar\/index.php\/wp-json\/wp\/v2\/media\/6338"}],"wp:attachment":[{"href":"https:\/\/aldiachaco.com.ar\/index.php\/wp-json\/wp\/v2\/media?parent=6337"}],"wp:term":[{"taxonomy":"category","embeddable":true,"href":"https:\/\/aldiachaco.com.ar\/index.php\/wp-json\/wp\/v2\/categories?post=6337"},{"taxonomy":"post_tag","embeddable":true,"href":"https:\/\/aldiachaco.com.ar\/index.php\/wp-json\/wp\/v2\/tags?post=6337"}],"curies":[{"name":"wp","href":"https:\/\/api.w.org\/{rel}","templated":true}]}}