{"id":6223,"date":"2024-05-27T20:42:22","date_gmt":"2024-05-27T23:42:22","guid":{"rendered":"https:\/\/aldiachaco.com.ar\/?p=6223"},"modified":"2024-05-27T20:42:22","modified_gmt":"2024-05-27T23:42:22","slug":"casanello-ordeno-a-capital-humano-que-arme-un-plan-para-distribuir-los-alimentos","status":"publish","type":"post","link":"https:\/\/aldiachaco.com.ar\/index.php\/2024\/05\/27\/casanello-ordeno-a-capital-humano-que-arme-un-plan-para-distribuir-los-alimentos\/","title":{"rendered":"Casanello orden\u00f3 a Capital Humano que arme un plan para distribuir los alimentos"},"content":{"rendered":"<p>El juez federal Sebasti\u00e1n Casanello orden\u00f3 al Ministerio de Capital Humano, a cargo de Sandra Pettovello, que, en 72 horas, informe la cantidad de productos alimenticios que tiene stockeados y, de acuerdo a la fecha de vencimiento y tipo de producto, establezca &#8220;de inmediato&#8221; un plan de distribuci\u00f3n. La respuesta de Casanello respondi\u00f3 a un planteo formulado por el dirigente social Juan Grabois, al que se adhirieron comedores populares que denuncian la falta de provisi\u00f3n de alimentos. En paralelo, se dio a conocer el cronograma de indagatorias para los dirigentes de comedores populares denunciado por el Ejecutivo.<\/p>\n<p><img loading=\"lazy\" decoding=\"async\" class=\"alignnone size-medium wp-image-6225\" src=\"https:\/\/aldiachaco.com.ar\/wp-content\/uploads\/2024\/05\/20240527_203417-300x168.jpg\" alt=\"\" width=\"300\" height=\"168\" srcset=\"https:\/\/aldiachaco.com.ar\/wp-content\/uploads\/2024\/05\/20240527_203417-300x168.jpg 300w, https:\/\/aldiachaco.com.ar\/wp-content\/uploads\/2024\/05\/20240527_203417-768x431.jpg 768w, https:\/\/aldiachaco.com.ar\/wp-content\/uploads\/2024\/05\/20240527_203417-390x220.jpg 390w, https:\/\/aldiachaco.com.ar\/wp-content\/uploads\/2024\/05\/20240527_203417-780x438.jpg 780w, https:\/\/aldiachaco.com.ar\/wp-content\/uploads\/2024\/05\/20240527_203417-600x337.jpg 600w, https:\/\/aldiachaco.com.ar\/wp-content\/uploads\/2024\/05\/20240527_203417.jpg 1010w\" sizes=\"auto, (max-width: 300px) 100vw, 300px\" \/><\/p>\n<p><strong>Los alimentos en los galpones<\/strong><\/p>\n<p>Grabois dio a conocer la existencia de 5 mil toneladas de alimentos que el Ministerio de Capital Humano ten\u00eda guardado en dos galpones, uno en la localidad bonaerense de Villa Martelli y otro en Taf\u00ed del Valle, Tucum\u00e1n. Ante ese dato, publicado por el sitio El Destape, el Gobierno sali\u00f3 a defenderse diciendo que no entregaba los alimentos a los comedores populares por algunas irregularidades que est\u00e1n bajo investigaci\u00f3n del propio Casanello; hasta que el secretario de Ni\u00f1ez y Familia, Pablo de la Torre, sali\u00f3 a decir que el alimentos guardado era para &#8220;casos de emergencia&#8221;<\/p>\n<p>&#8220;Dado que las existencias fueron reconocidas por todas las partes&#8221;, indic\u00f3 Casanello en su resoluci\u00f3n para exigirle al Ministerio de Capital Humano que &#8220;en el marco de sus competencias&#8221; elabore un plan de distribuci\u00f3n de dichos alimentos. El plazo para relevar los alimentos a disposici\u00f3n de la cartera conducida por Pettovello y la presentaci\u00f3n de un plan de distribuci\u00f3n es de 72 horas.<\/p>\n<p>Para hacer efectiva la medida, el juez federal orden\u00f3 que sea notificada esta ma\u00f1ana por personal del Departamento Unidad Investigativa contra la Corrupci\u00f3n de la Polic\u00eda Federal Argentina ante la secretar\u00eda que dirige De La Torre. &#8220;La seguridad alimentaria, la reducci\u00f3n de la pobreza, el desarrollo de igualdad de oportunidades para los sectores m\u00e1s vulnerables&#8221;, record\u00f3 Casanello a los funcionarios de Ministerio de Capital Humanos sobre las funciones que deben ejercer.<\/p>\n<p>El juez reclam\u00f3 que se le informe el tipo de alimento, y las fechas de adquisici\u00f3n y expiraci\u00f3n de la mercader\u00eda que est\u00e1 guardada en los galpones de Villa Martelli y Taf\u00ed del Valle; para poder cotejarlo con el plan de distribuci\u00f3n &#8220;en atenci\u00f3n a su tipo, cantidad, fecha de vencimiento y grupo de destino&#8221;. Adem\u00e1s, solicit\u00f3 los registros de ingreso y egreso de mercader\u00eda desde diciembre de 2023 hasta la fecha.<\/p>\n<p>De esta manera, el juez pretende avanzar en la distribuci\u00f3n de los alimentos que estuvieron en el debate p\u00fablico desde el jueves pasado, cuando Grabois denunci\u00f3 la situaci\u00f3n, y que De La Torre asegur\u00f3 ten\u00edan otro destino. &#8220;La comida est\u00e1 en perfecto estado, no est\u00e1 vencida y no se est\u00e1 pudriendo. Se utilizan en casos de emergencia. En la Argentina hay una cat\u00e1strofe cada 10 o 15 d\u00edas que asistir&#8221;, sostuvo el secretario de Ni\u00f1ez y Familia durante el fin de semana, algo que deber\u00e1 cotejarse con los ingresos y egresos de mercader\u00eda.<\/p>\n","protected":false},"excerpt":{"rendered":"<p>El juez federal Sebasti\u00e1n Casanello orden\u00f3 al Ministerio de Capital Humano, a cargo de Sandra Pettovello, que, en 72 horas, informe la cantidad de productos alimenticios que tiene stockeados y, de acuerdo a la fecha de vencimiento y tipo de producto, establezca &#8220;de inmediato&#8221; un plan de distribuci\u00f3n. La respuesta de Casanello respondi\u00f3 a un &hellip;<\/p>\n","protected":false},"author":1,"featured_media":6224,"comment_status":"open","ping_status":"open","sticky":false,"template":"","format":"standard","meta":{"content-type":"","_monsterinsights_skip_tracking":false,"_monsterinsights_sitenote_active":false,"_monsterinsights_sitenote_note":"","_monsterinsights_sitenote_category":0,"_jetpack_memberships_contains_paid_content":false,"footnotes":"","jetpack_publicize_message":"","jetpack_publicize_feature_enabled":true,"jetpack_social_post_already_shared":true,"jetpack_social_options":{"image_generator_settings":{"template":"highway","default_image_id":0,"font":"","enabled":false},"version":2}},"categories":[153],"tags":[],"class_list":["post-6223","post","type-post","status-publish","format-standard","has-post-thumbnail","hentry","category-politica"],"yoast_head":"<!-- This site is optimized with the Yoast SEO plugin v27.4 - https:\/\/yoast.com\/product\/yoast-seo-wordpress\/ -->\n<title>Casanello orden\u00f3 a Capital Humano que arme un plan para distribuir los alimentos | Al Dia Chaco<\/title>\n<meta name=\"robots\" content=\"index, follow, max-snippet:-1, max-image-preview:large, max-video-preview:-1\" \/>\n<link rel=\"canonical\" href=\"https:\/\/aldiachaco.com.ar\/index.php\/2024\/05\/27\/casanello-ordeno-a-capital-humano-que-arme-un-plan-para-distribuir-los-alimentos\/\" \/>\n<meta property=\"og:locale\" content=\"es_ES\" \/>\n<meta property=\"og:type\" content=\"article\" \/>\n<meta property=\"og:title\" content=\"Casanello orden\u00f3 a Capital Humano que arme un plan para distribuir los alimentos | Al Dia Chaco\" \/>\n<meta property=\"og:description\" content=\"El juez federal Sebasti\u00e1n Casanello orden\u00f3 al Ministerio de Capital Humano, a cargo de Sandra Pettovello, que, en 72 horas, informe la cantidad de productos alimenticios que tiene stockeados y, de acuerdo a la fecha de vencimiento y tipo de producto, establezca &#8220;de inmediato&#8221; un plan de distribuci\u00f3n. La respuesta de Casanello respondi\u00f3 a un &hellip;\" \/>\n<meta property=\"og:url\" content=\"https:\/\/aldiachaco.com.ar\/index.php\/2024\/05\/27\/casanello-ordeno-a-capital-humano-que-arme-un-plan-para-distribuir-los-alimentos\/\" \/>\n<meta property=\"og:site_name\" content=\"Al Dia Chaco\" \/>\n<meta property=\"article:published_time\" content=\"2024-05-27T23:42:22+00:00\" \/>\n<meta property=\"og:image\" content=\"https:\/\/aldiachaco.com.ar\/wp-content\/uploads\/2024\/05\/20240527_203532.jpg\" \/>\n\t<meta property=\"og:image:width\" content=\"760\" \/>\n\t<meta property=\"og:image:height\" content=\"469\" \/>\n\t<meta property=\"og:image:type\" content=\"image\/jpeg\" \/>\n<meta name=\"author\" content=\"aldiachaco.com.ar\" \/>\n<meta name=\"twitter:card\" content=\"summary_large_image\" \/>\n<meta name=\"twitter:label1\" content=\"Escrito por\" \/>\n\t<meta name=\"twitter:data1\" content=\"aldiachaco.com.ar\" \/>\n\t<meta name=\"twitter:label2\" content=\"Tiempo de lectura\" \/>\n\t<meta name=\"twitter:data2\" content=\"3 minutos\" \/>\n<script type=\"application\/ld+json\" class=\"yoast-schema-graph\">{\"@context\":\"https:\\\/\\\/schema.org\",\"@graph\":[{\"@type\":\"Article\",\"@id\":\"https:\\\/\\\/aldiachaco.com.ar\\\/index.php\\\/2024\\\/05\\\/27\\\/casanello-ordeno-a-capital-humano-que-arme-un-plan-para-distribuir-los-alimentos\\\/#article\",\"isPartOf\":{\"@id\":\"https:\\\/\\\/aldiachaco.com.ar\\\/index.php\\\/2024\\\/05\\\/27\\\/casanello-ordeno-a-capital-humano-que-arme-un-plan-para-distribuir-los-alimentos\\\/\"},\"author\":{\"name\":\"aldiachaco.com.ar\",\"@id\":\"https:\\\/\\\/aldiachaco.com.ar\\\/#\\\/schema\\\/person\\\/80113835e512ba580e79a945932487f5\"},\"headline\":\"Casanello orden\u00f3 a Capital Humano que arme un plan para distribuir los alimentos\",\"datePublished\":\"2024-05-27T23:42:22+00:00\",\"mainEntityOfPage\":{\"@id\":\"https:\\\/\\\/aldiachaco.com.ar\\\/index.php\\\/2024\\\/05\\\/27\\\/casanello-ordeno-a-capital-humano-que-arme-un-plan-para-distribuir-los-alimentos\\\/\"},\"wordCount\":538,\"commentCount\":0,\"publisher\":{\"@id\":\"https:\\\/\\\/aldiachaco.com.ar\\\/#organization\"},\"image\":{\"@id\":\"https:\\\/\\\/aldiachaco.com.ar\\\/index.php\\\/2024\\\/05\\\/27\\\/casanello-ordeno-a-capital-humano-que-arme-un-plan-para-distribuir-los-alimentos\\\/#primaryimage\"},\"thumbnailUrl\":\"https:\\\/\\\/aldiachaco.com.ar\\\/wp-content\\\/uploads\\\/2024\\\/05\\\/20240527_203532.jpg\",\"articleSection\":[\"Pol\u00edtica\"],\"inLanguage\":\"es-AR\",\"potentialAction\":[{\"@type\":\"CommentAction\",\"name\":\"Comment\",\"target\":[\"https:\\\/\\\/aldiachaco.com.ar\\\/index.php\\\/2024\\\/05\\\/27\\\/casanello-ordeno-a-capital-humano-que-arme-un-plan-para-distribuir-los-alimentos\\\/#respond\"]}]},{\"@type\":\"WebPage\",\"@id\":\"https:\\\/\\\/aldiachaco.com.ar\\\/index.php\\\/2024\\\/05\\\/27\\\/casanello-ordeno-a-capital-humano-que-arme-un-plan-para-distribuir-los-alimentos\\\/\",\"url\":\"https:\\\/\\\/aldiachaco.com.ar\\\/index.php\\\/2024\\\/05\\\/27\\\/casanello-ordeno-a-capital-humano-que-arme-un-plan-para-distribuir-los-alimentos\\\/\",\"name\":\"Casanello orden\u00f3 a Capital Humano que arme un plan para distribuir los alimentos | Al Dia Chaco\",\"isPartOf\":{\"@id\":\"https:\\\/\\\/aldiachaco.com.ar\\\/#website\"},\"primaryImageOfPage\":{\"@id\":\"https:\\\/\\\/aldiachaco.com.ar\\\/index.php\\\/2024\\\/05\\\/27\\\/casanello-ordeno-a-capital-humano-que-arme-un-plan-para-distribuir-los-alimentos\\\/#primaryimage\"},\"image\":{\"@id\":\"https:\\\/\\\/aldiachaco.com.ar\\\/index.php\\\/2024\\\/05\\\/27\\\/casanello-ordeno-a-capital-humano-que-arme-un-plan-para-distribuir-los-alimentos\\\/#primaryimage\"},\"thumbnailUrl\":\"https:\\\/\\\/aldiachaco.com.ar\\\/wp-content\\\/uploads\\\/2024\\\/05\\\/20240527_203532.jpg\",\"datePublished\":\"2024-05-27T23:42:22+00:00\",\"breadcrumb\":{\"@id\":\"https:\\\/\\\/aldiachaco.com.ar\\\/index.php\\\/2024\\\/05\\\/27\\\/casanello-ordeno-a-capital-humano-que-arme-un-plan-para-distribuir-los-alimentos\\\/#breadcrumb\"},\"inLanguage\":\"es-AR\",\"potentialAction\":[{\"@type\":\"ReadAction\",\"target\":[\"https:\\\/\\\/aldiachaco.com.ar\\\/index.php\\\/2024\\\/05\\\/27\\\/casanello-ordeno-a-capital-humano-que-arme-un-plan-para-distribuir-los-alimentos\\\/\"]}]},{\"@type\":\"ImageObject\",\"inLanguage\":\"es-AR\",\"@id\":\"https:\\\/\\\/aldiachaco.com.ar\\\/index.php\\\/2024\\\/05\\\/27\\\/casanello-ordeno-a-capital-humano-que-arme-un-plan-para-distribuir-los-alimentos\\\/#primaryimage\",\"url\":\"https:\\\/\\\/aldiachaco.com.ar\\\/wp-content\\\/uploads\\\/2024\\\/05\\\/20240527_203532.jpg\",\"contentUrl\":\"https:\\\/\\\/aldiachaco.com.ar\\\/wp-content\\\/uploads\\\/2024\\\/05\\\/20240527_203532.jpg\",\"width\":760,\"height\":469},{\"@type\":\"BreadcrumbList\",\"@id\":\"https:\\\/\\\/aldiachaco.com.ar\\\/index.php\\\/2024\\\/05\\\/27\\\/casanello-ordeno-a-capital-humano-que-arme-un-plan-para-distribuir-los-alimentos\\\/#breadcrumb\",\"itemListElement\":[{\"@type\":\"ListItem\",\"position\":1,\"name\":\"Home\",\"item\":\"https:\\\/\\\/aldiachaco.com.ar\\\/\"},{\"@type\":\"ListItem\",\"position\":2,\"name\":\"Casanello orden\u00f3 a Capital Humano que arme un plan para distribuir los alimentos\"}]},{\"@type\":\"WebSite\",\"@id\":\"https:\\\/\\\/aldiachaco.com.ar\\\/#website\",\"url\":\"https:\\\/\\\/aldiachaco.com.ar\\\/\",\"name\":\"Al Dia Chaco\",\"description\":\"Noticias del Chaco y el mundo\",\"publisher\":{\"@id\":\"https:\\\/\\\/aldiachaco.com.ar\\\/#organization\"},\"alternateName\":\"Al D\u00eda Chaco\",\"potentialAction\":[{\"@type\":\"SearchAction\",\"target\":{\"@type\":\"EntryPoint\",\"urlTemplate\":\"https:\\\/\\\/aldiachaco.com.ar\\\/?s={search_term_string}\"},\"query-input\":{\"@type\":\"PropertyValueSpecification\",\"valueRequired\":true,\"valueName\":\"search_term_string\"}}],\"inLanguage\":\"es-AR\"},{\"@type\":\"Organization\",\"@id\":\"https:\\\/\\\/aldiachaco.com.ar\\\/#organization\",\"name\":\"Al Dia Chaco\",\"url\":\"https:\\\/\\\/aldiachaco.com.ar\\\/\",\"logo\":{\"@type\":\"ImageObject\",\"inLanguage\":\"es-AR\",\"@id\":\"https:\\\/\\\/aldiachaco.com.ar\\\/#\\\/schema\\\/logo\\\/image\\\/\",\"url\":\"https:\\\/\\\/aldiachaco.com.ar\\\/wp-content\\\/uploads\\\/2017\\\/11\\\/AL-DIA-CHACO-L@2x.png\",\"contentUrl\":\"https:\\\/\\\/aldiachaco.com.ar\\\/wp-content\\\/uploads\\\/2017\\\/11\\\/AL-DIA-CHACO-L@2x.png\",\"width\":232,\"height\":60,\"caption\":\"Al Dia Chaco\"},\"image\":{\"@id\":\"https:\\\/\\\/aldiachaco.com.ar\\\/#\\\/schema\\\/logo\\\/image\\\/\"}},{\"@type\":\"Person\",\"@id\":\"https:\\\/\\\/aldiachaco.com.ar\\\/#\\\/schema\\\/person\\\/80113835e512ba580e79a945932487f5\",\"name\":\"aldiachaco.com.ar\",\"image\":{\"@type\":\"ImageObject\",\"inLanguage\":\"es-AR\",\"@id\":\"https:\\\/\\\/aldiachaco.com.ar\\\/wp-content\\\/litespeed\\\/avatar\\\/a7c4ebc5454089d3fd4ef6b87fdd073a.jpg?ver=1777471945\",\"url\":\"https:\\\/\\\/aldiachaco.com.ar\\\/wp-content\\\/litespeed\\\/avatar\\\/a7c4ebc5454089d3fd4ef6b87fdd073a.jpg?ver=1777471945\",\"contentUrl\":\"https:\\\/\\\/aldiachaco.com.ar\\\/wp-content\\\/litespeed\\\/avatar\\\/a7c4ebc5454089d3fd4ef6b87fdd073a.jpg?ver=1777471945\",\"caption\":\"aldiachaco.com.ar\"},\"sameAs\":[\"https:\\\/\\\/aldiachaco.com.ar\"],\"url\":\"https:\\\/\\\/aldiachaco.com.ar\\\/index.php\\\/author\\\/lime-camel-884546-hostingersite-com\\\/\"}]}<\/script>\n<!-- \/ Yoast SEO plugin. -->","yoast_head_json":{"title":"Casanello orden\u00f3 a Capital Humano que arme un plan para distribuir los alimentos | Al Dia Chaco","robots":{"index":"index","follow":"follow","max-snippet":"max-snippet:-1","max-image-preview":"max-image-preview:large","max-video-preview":"max-video-preview:-1"},"canonical":"https:\/\/aldiachaco.com.ar\/index.php\/2024\/05\/27\/casanello-ordeno-a-capital-humano-que-arme-un-plan-para-distribuir-los-alimentos\/","og_locale":"es_ES","og_type":"article","og_title":"Casanello orden\u00f3 a Capital Humano que arme un plan para distribuir los alimentos | Al Dia Chaco","og_description":"El juez federal Sebasti\u00e1n Casanello orden\u00f3 al Ministerio de Capital Humano, a cargo de Sandra Pettovello, que, en 72 horas, informe la cantidad de productos alimenticios que tiene stockeados y, de acuerdo a la fecha de vencimiento y tipo de producto, establezca &#8220;de inmediato&#8221; un plan de distribuci\u00f3n. La respuesta de Casanello respondi\u00f3 a un &hellip;","og_url":"https:\/\/aldiachaco.com.ar\/index.php\/2024\/05\/27\/casanello-ordeno-a-capital-humano-que-arme-un-plan-para-distribuir-los-alimentos\/","og_site_name":"Al Dia Chaco","article_published_time":"2024-05-27T23:42:22+00:00","og_image":[{"width":760,"height":469,"url":"https:\/\/aldiachaco.com.ar\/wp-content\/uploads\/2024\/05\/20240527_203532.jpg","type":"image\/jpeg"}],"author":"aldiachaco.com.ar","twitter_card":"summary_large_image","twitter_misc":{"Escrito por":"aldiachaco.com.ar","Tiempo de lectura":"3 minutos"},"schema":{"@context":"https:\/\/schema.org","@graph":[{"@type":"Article","@id":"https:\/\/aldiachaco.com.ar\/index.php\/2024\/05\/27\/casanello-ordeno-a-capital-humano-que-arme-un-plan-para-distribuir-los-alimentos\/#article","isPartOf":{"@id":"https:\/\/aldiachaco.com.ar\/index.php\/2024\/05\/27\/casanello-ordeno-a-capital-humano-que-arme-un-plan-para-distribuir-los-alimentos\/"},"author":{"name":"aldiachaco.com.ar","@id":"https:\/\/aldiachaco.com.ar\/#\/schema\/person\/80113835e512ba580e79a945932487f5"},"headline":"Casanello orden\u00f3 a Capital Humano que arme un plan para distribuir los alimentos","datePublished":"2024-05-27T23:42:22+00:00","mainEntityOfPage":{"@id":"https:\/\/aldiachaco.com.ar\/index.php\/2024\/05\/27\/casanello-ordeno-a-capital-humano-que-arme-un-plan-para-distribuir-los-alimentos\/"},"wordCount":538,"commentCount":0,"publisher":{"@id":"https:\/\/aldiachaco.com.ar\/#organization"},"image":{"@id":"https:\/\/aldiachaco.com.ar\/index.php\/2024\/05\/27\/casanello-ordeno-a-capital-humano-que-arme-un-plan-para-distribuir-los-alimentos\/#primaryimage"},"thumbnailUrl":"https:\/\/aldiachaco.com.ar\/wp-content\/uploads\/2024\/05\/20240527_203532.jpg","articleSection":["Pol\u00edtica"],"inLanguage":"es-AR","potentialAction":[{"@type":"CommentAction","name":"Comment","target":["https:\/\/aldiachaco.com.ar\/index.php\/2024\/05\/27\/casanello-ordeno-a-capital-humano-que-arme-un-plan-para-distribuir-los-alimentos\/#respond"]}]},{"@type":"WebPage","@id":"https:\/\/aldiachaco.com.ar\/index.php\/2024\/05\/27\/casanello-ordeno-a-capital-humano-que-arme-un-plan-para-distribuir-los-alimentos\/","url":"https:\/\/aldiachaco.com.ar\/index.php\/2024\/05\/27\/casanello-ordeno-a-capital-humano-que-arme-un-plan-para-distribuir-los-alimentos\/","name":"Casanello orden\u00f3 a Capital Humano que arme un plan para distribuir los alimentos | Al Dia Chaco","isPartOf":{"@id":"https:\/\/aldiachaco.com.ar\/#website"},"primaryImageOfPage":{"@id":"https:\/\/aldiachaco.com.ar\/index.php\/2024\/05\/27\/casanello-ordeno-a-capital-humano-que-arme-un-plan-para-distribuir-los-alimentos\/#primaryimage"},"image":{"@id":"https:\/\/aldiachaco.com.ar\/index.php\/2024\/05\/27\/casanello-ordeno-a-capital-humano-que-arme-un-plan-para-distribuir-los-alimentos\/#primaryimage"},"thumbnailUrl":"https:\/\/aldiachaco.com.ar\/wp-content\/uploads\/2024\/05\/20240527_203532.jpg","datePublished":"2024-05-27T23:42:22+00:00","breadcrumb":{"@id":"https:\/\/aldiachaco.com.ar\/index.php\/2024\/05\/27\/casanello-ordeno-a-capital-humano-que-arme-un-plan-para-distribuir-los-alimentos\/#breadcrumb"},"inLanguage":"es-AR","potentialAction":[{"@type":"ReadAction","target":["https:\/\/aldiachaco.com.ar\/index.php\/2024\/05\/27\/casanello-ordeno-a-capital-humano-que-arme-un-plan-para-distribuir-los-alimentos\/"]}]},{"@type":"ImageObject","inLanguage":"es-AR","@id":"https:\/\/aldiachaco.com.ar\/index.php\/2024\/05\/27\/casanello-ordeno-a-capital-humano-que-arme-un-plan-para-distribuir-los-alimentos\/#primaryimage","url":"https:\/\/aldiachaco.com.ar\/wp-content\/uploads\/2024\/05\/20240527_203532.jpg","contentUrl":"https:\/\/aldiachaco.com.ar\/wp-content\/uploads\/2024\/05\/20240527_203532.jpg","width":760,"height":469},{"@type":"BreadcrumbList","@id":"https:\/\/aldiachaco.com.ar\/index.php\/2024\/05\/27\/casanello-ordeno-a-capital-humano-que-arme-un-plan-para-distribuir-los-alimentos\/#breadcrumb","itemListElement":[{"@type":"ListItem","position":1,"name":"Home","item":"https:\/\/aldiachaco.com.ar\/"},{"@type":"ListItem","position":2,"name":"Casanello orden\u00f3 a Capital Humano que arme un plan para distribuir los alimentos"}]},{"@type":"WebSite","@id":"https:\/\/aldiachaco.com.ar\/#website","url":"https:\/\/aldiachaco.com.ar\/","name":"Al Dia Chaco","description":"Noticias del Chaco y el mundo","publisher":{"@id":"https:\/\/aldiachaco.com.ar\/#organization"},"alternateName":"Al D\u00eda Chaco","potentialAction":[{"@type":"SearchAction","target":{"@type":"EntryPoint","urlTemplate":"https:\/\/aldiachaco.com.ar\/?s={search_term_string}"},"query-input":{"@type":"PropertyValueSpecification","valueRequired":true,"valueName":"search_term_string"}}],"inLanguage":"es-AR"},{"@type":"Organization","@id":"https:\/\/aldiachaco.com.ar\/#organization","name":"Al Dia Chaco","url":"https:\/\/aldiachaco.com.ar\/","logo":{"@type":"ImageObject","inLanguage":"es-AR","@id":"https:\/\/aldiachaco.com.ar\/#\/schema\/logo\/image\/","url":"https:\/\/aldiachaco.com.ar\/wp-content\/uploads\/2017\/11\/AL-DIA-CHACO-L@2x.png","contentUrl":"https:\/\/aldiachaco.com.ar\/wp-content\/uploads\/2017\/11\/AL-DIA-CHACO-L@2x.png","width":232,"height":60,"caption":"Al Dia Chaco"},"image":{"@id":"https:\/\/aldiachaco.com.ar\/#\/schema\/logo\/image\/"}},{"@type":"Person","@id":"https:\/\/aldiachaco.com.ar\/#\/schema\/person\/80113835e512ba580e79a945932487f5","name":"aldiachaco.com.ar","image":{"@type":"ImageObject","inLanguage":"es-AR","@id":"https:\/\/aldiachaco.com.ar\/wp-content\/litespeed\/avatar\/a7c4ebc5454089d3fd4ef6b87fdd073a.jpg?ver=1777471945","url":"https:\/\/aldiachaco.com.ar\/wp-content\/litespeed\/avatar\/a7c4ebc5454089d3fd4ef6b87fdd073a.jpg?ver=1777471945","contentUrl":"https:\/\/aldiachaco.com.ar\/wp-content\/litespeed\/avatar\/a7c4ebc5454089d3fd4ef6b87fdd073a.jpg?ver=1777471945","caption":"aldiachaco.com.ar"},"sameAs":["https:\/\/aldiachaco.com.ar"],"url":"https:\/\/aldiachaco.com.ar\/index.php\/author\/lime-camel-884546-hostingersite-com\/"}]}},"jetpack_publicize_connections":[],"jetpack_featured_media_url":"https:\/\/aldiachaco.com.ar\/wp-content\/uploads\/2024\/05\/20240527_203532.jpg","jetpack_sharing_enabled":true,"amp_enabled":true,"_links":{"self":[{"href":"https:\/\/aldiachaco.com.ar\/index.php\/wp-json\/wp\/v2\/posts\/6223","targetHints":{"allow":["GET"]}}],"collection":[{"href":"https:\/\/aldiachaco.com.ar\/index.php\/wp-json\/wp\/v2\/posts"}],"about":[{"href":"https:\/\/aldiachaco.com.ar\/index.php\/wp-json\/wp\/v2\/types\/post"}],"author":[{"embeddable":true,"href":"https:\/\/aldiachaco.com.ar\/index.php\/wp-json\/wp\/v2\/users\/1"}],"replies":[{"embeddable":true,"href":"https:\/\/aldiachaco.com.ar\/index.php\/wp-json\/wp\/v2\/comments?post=6223"}],"version-history":[{"count":1,"href":"https:\/\/aldiachaco.com.ar\/index.php\/wp-json\/wp\/v2\/posts\/6223\/revisions"}],"predecessor-version":[{"id":6226,"href":"https:\/\/aldiachaco.com.ar\/index.php\/wp-json\/wp\/v2\/posts\/6223\/revisions\/6226"}],"wp:featuredmedia":[{"embeddable":true,"href":"https:\/\/aldiachaco.com.ar\/index.php\/wp-json\/wp\/v2\/media\/6224"}],"wp:attachment":[{"href":"https:\/\/aldiachaco.com.ar\/index.php\/wp-json\/wp\/v2\/media?parent=6223"}],"wp:term":[{"taxonomy":"category","embeddable":true,"href":"https:\/\/aldiachaco.com.ar\/index.php\/wp-json\/wp\/v2\/categories?post=6223"},{"taxonomy":"post_tag","embeddable":true,"href":"https:\/\/aldiachaco.com.ar\/index.php\/wp-json\/wp\/v2\/tags?post=6223"}],"curies":[{"name":"wp","href":"https:\/\/api.w.org\/{rel}","templated":true}]}}