{"id":5834,"date":"2024-05-17T06:50:20","date_gmt":"2024-05-17T09:50:20","guid":{"rendered":"https:\/\/aldiachaco.com.ar\/?p=5834"},"modified":"2024-05-17T06:51:33","modified_gmt":"2024-05-17T09:51:33","slug":"docentes-rechazan-que-hayan-incorporado-el-dia-sabado-como-laborable","status":"publish","type":"post","link":"https:\/\/aldiachaco.com.ar\/index.php\/2024\/05\/17\/docentes-rechazan-que-hayan-incorporado-el-dia-sabado-como-laborable\/","title":{"rendered":"Docentes rechazan que hayan incorporado el d\u00eda s\u00e1bado como laborable"},"content":{"rendered":"<h2 class=\"entry-sub-title\"><\/h2>\n<p>El Frente Gremial Docente, ATECH &#8211; UTRE CTERA &#8211; SADP`-, rechaz\u00f3 la resoluci\u00f3n N\u00ba 1363\/24 del Ministerio de Educaci\u00f3n , expresaron que &#8220;se modifica el calendario escolar del a\u00f1o, incorporando de manera totalmente arbitraria e ilegal, los d\u00edas s\u00e1sbados, como laborales para los trabajadores docentes, exigiendo sea dejada\u00a0 sin efecto de manera inmediata&#8221;.<\/p>\n<p>\u201cLa Resoluci\u00f3n 1363\/24 evidencia un desconocimiento manifiesto del r\u00e9gimen laboral docente que tiene su origen en la Ley del Estatuto del Docente- de rango constitucional, comprometiendo la integridad misma de los educadores chaque\u00f1os al intentar imponerles un jornada laboral m\u00e1s, transformando el s\u00e1bado no laborable hasta ac\u00e1, en laborable, al capricho de la gesti\u00f3n de turno\u201d.<\/p>\n<p>\u201cDenunciamos expresamente esta decisi\u00f3n unilateral, totalmente inconsulta, decidida por la conducci\u00f3n educativa al margen de la ley, desconociendo a la comisi\u00f3n misma de pol\u00edtica salarial y condiciones de trabajo, a la que evita convocar de manera permanente, incurriendo decididamente en el incumplimiento de los deberes de funcionario p\u00fablico\u201d. En la resoluci\u00f3n que se rechaza, se establece \u00b4por ejemplo, en su Anexo I \u2026tareas para los docentes los d\u00edas s\u00e1bados como atenci\u00f3n de alumnos en riesgo pedag\u00f3gico\u201d, \u201creuni\u00f3n de personal\u201d \u2026entre tantas otras actividades. Ni el DNU del Presidente Milei pudo resistir la recalcitrante \u201creforma laboral\u201d incorporada en \u00e9l con el objetivo de liquidar derechos adquiridos de los trabajadores\u201d indicaron<\/p>\n<p>\u201cEl Frente Gremial reclama al Ministerio de Educaci\u00f3n la inmediata derogaci\u00f3n de la resoluci\u00f3n 1363 de fecha 13 de mayo del corriente a\u00f1o, a fin de evitar un conflicto laboral con la docencia chaque\u00f1a, que acaba de ser activado por la propia conducci\u00f3n ministerial con dicho instrumento\u201d.<\/p>\n","protected":false},"excerpt":{"rendered":"<p>El Frente Gremial Docente, ATECH &#8211; UTRE CTERA &#8211; SADP`-, rechaz\u00f3 la resoluci\u00f3n N\u00ba 1363\/24 del Ministerio de Educaci\u00f3n , expresaron que &#8220;se modifica el calendario escolar del a\u00f1o, incorporando de manera totalmente arbitraria e ilegal, los d\u00edas s\u00e1sbados, como laborales para los trabajadores docentes, exigiendo sea dejada\u00a0 sin efecto de manera inmediata&#8221;. \u201cLa Resoluci\u00f3n &hellip;<\/p>\n","protected":false},"author":1,"featured_media":5837,"comment_status":"open","ping_status":"open","sticky":false,"template":"","format":"standard","meta":{"content-type":"","_monsterinsights_skip_tracking":false,"_monsterinsights_sitenote_active":false,"_monsterinsights_sitenote_note":"","_monsterinsights_sitenote_category":0,"_jetpack_memberships_contains_paid_content":false,"footnotes":"","jetpack_publicize_message":"","jetpack_publicize_feature_enabled":true,"jetpack_social_post_already_shared":true,"jetpack_social_options":{"image_generator_settings":{"template":"highway","default_image_id":0,"font":"","enabled":false},"version":2}},"categories":[155],"tags":[],"class_list":["post-5834","post","type-post","status-publish","format-standard","has-post-thumbnail","hentry","category-educacion"],"yoast_head":"<!-- This site is optimized with the Yoast SEO plugin v27.4 - https:\/\/yoast.com\/product\/yoast-seo-wordpress\/ -->\n<title>Docentes rechazan que hayan incorporado el d\u00eda s\u00e1bado como laborable | Al Dia Chaco<\/title>\n<meta name=\"robots\" content=\"index, follow, max-snippet:-1, max-image-preview:large, max-video-preview:-1\" \/>\n<link rel=\"canonical\" href=\"https:\/\/aldiachaco.com.ar\/index.php\/2024\/05\/17\/docentes-rechazan-que-hayan-incorporado-el-dia-sabado-como-laborable\/\" \/>\n<meta property=\"og:locale\" content=\"es_ES\" \/>\n<meta property=\"og:type\" content=\"article\" \/>\n<meta property=\"og:title\" content=\"Docentes rechazan que hayan incorporado el d\u00eda s\u00e1bado como laborable | Al Dia Chaco\" \/>\n<meta property=\"og:description\" content=\"El Frente Gremial Docente, ATECH &#8211; UTRE CTERA &#8211; SADP`-, rechaz\u00f3 la resoluci\u00f3n N\u00ba 1363\/24 del Ministerio de Educaci\u00f3n , expresaron que &#8220;se modifica el calendario escolar del a\u00f1o, incorporando de manera totalmente arbitraria e ilegal, los d\u00edas s\u00e1sbados, como laborales para los trabajadores docentes, exigiendo sea dejada\u00a0 sin efecto de manera inmediata&#8221;. \u201cLa Resoluci\u00f3n &hellip;\" \/>\n<meta property=\"og:url\" content=\"https:\/\/aldiachaco.com.ar\/index.php\/2024\/05\/17\/docentes-rechazan-que-hayan-incorporado-el-dia-sabado-como-laborable\/\" \/>\n<meta property=\"og:site_name\" content=\"Al Dia Chaco\" \/>\n<meta property=\"article:published_time\" content=\"2024-05-17T09:50:20+00:00\" \/>\n<meta property=\"article:modified_time\" content=\"2024-05-17T09:51:33+00:00\" \/>\n<meta property=\"og:image\" content=\"https:\/\/aldiachaco.com.ar\/wp-content\/uploads\/2024\/05\/Gremios-docentes-acusan-al-Gobierno-de-Chaco-de-no-cumplir-con-sus-promesas.jpg\" \/>\n\t<meta property=\"og:image:width\" content=\"750\" \/>\n\t<meta property=\"og:image:height\" content=\"422\" \/>\n\t<meta property=\"og:image:type\" content=\"image\/jpeg\" \/>\n<meta name=\"author\" content=\"aldiachaco.com.ar\" \/>\n<meta name=\"twitter:card\" content=\"summary_large_image\" \/>\n<meta name=\"twitter:label1\" content=\"Escrito por\" \/>\n\t<meta name=\"twitter:data1\" content=\"aldiachaco.com.ar\" \/>\n\t<meta name=\"twitter:label2\" content=\"Tiempo de lectura\" \/>\n\t<meta name=\"twitter:data2\" content=\"1 minuto\" \/>\n<script type=\"application\/ld+json\" class=\"yoast-schema-graph\">{\"@context\":\"https:\\\/\\\/schema.org\",\"@graph\":[{\"@type\":\"Article\",\"@id\":\"https:\\\/\\\/aldiachaco.com.ar\\\/index.php\\\/2024\\\/05\\\/17\\\/docentes-rechazan-que-hayan-incorporado-el-dia-sabado-como-laborable\\\/#article\",\"isPartOf\":{\"@id\":\"https:\\\/\\\/aldiachaco.com.ar\\\/index.php\\\/2024\\\/05\\\/17\\\/docentes-rechazan-que-hayan-incorporado-el-dia-sabado-como-laborable\\\/\"},\"author\":{\"name\":\"aldiachaco.com.ar\",\"@id\":\"https:\\\/\\\/aldiachaco.com.ar\\\/#\\\/schema\\\/person\\\/80113835e512ba580e79a945932487f5\"},\"headline\":\"Docentes rechazan que hayan incorporado el d\u00eda s\u00e1bado como laborable\",\"datePublished\":\"2024-05-17T09:50:20+00:00\",\"dateModified\":\"2024-05-17T09:51:33+00:00\",\"mainEntityOfPage\":{\"@id\":\"https:\\\/\\\/aldiachaco.com.ar\\\/index.php\\\/2024\\\/05\\\/17\\\/docentes-rechazan-que-hayan-incorporado-el-dia-sabado-como-laborable\\\/\"},\"wordCount\":301,\"commentCount\":0,\"publisher\":{\"@id\":\"https:\\\/\\\/aldiachaco.com.ar\\\/#organization\"},\"image\":{\"@id\":\"https:\\\/\\\/aldiachaco.com.ar\\\/index.php\\\/2024\\\/05\\\/17\\\/docentes-rechazan-que-hayan-incorporado-el-dia-sabado-como-laborable\\\/#primaryimage\"},\"thumbnailUrl\":\"https:\\\/\\\/aldiachaco.com.ar\\\/wp-content\\\/uploads\\\/2024\\\/05\\\/Gremios-docentes-acusan-al-Gobierno-de-Chaco-de-no-cumplir-con-sus-promesas.jpg\",\"articleSection\":[\"Educaci\u00f3n\"],\"inLanguage\":\"es-AR\",\"potentialAction\":[{\"@type\":\"CommentAction\",\"name\":\"Comment\",\"target\":[\"https:\\\/\\\/aldiachaco.com.ar\\\/index.php\\\/2024\\\/05\\\/17\\\/docentes-rechazan-que-hayan-incorporado-el-dia-sabado-como-laborable\\\/#respond\"]}]},{\"@type\":\"WebPage\",\"@id\":\"https:\\\/\\\/aldiachaco.com.ar\\\/index.php\\\/2024\\\/05\\\/17\\\/docentes-rechazan-que-hayan-incorporado-el-dia-sabado-como-laborable\\\/\",\"url\":\"https:\\\/\\\/aldiachaco.com.ar\\\/index.php\\\/2024\\\/05\\\/17\\\/docentes-rechazan-que-hayan-incorporado-el-dia-sabado-como-laborable\\\/\",\"name\":\"Docentes rechazan que hayan incorporado el d\u00eda s\u00e1bado como laborable | Al Dia Chaco\",\"isPartOf\":{\"@id\":\"https:\\\/\\\/aldiachaco.com.ar\\\/#website\"},\"primaryImageOfPage\":{\"@id\":\"https:\\\/\\\/aldiachaco.com.ar\\\/index.php\\\/2024\\\/05\\\/17\\\/docentes-rechazan-que-hayan-incorporado-el-dia-sabado-como-laborable\\\/#primaryimage\"},\"image\":{\"@id\":\"https:\\\/\\\/aldiachaco.com.ar\\\/index.php\\\/2024\\\/05\\\/17\\\/docentes-rechazan-que-hayan-incorporado-el-dia-sabado-como-laborable\\\/#primaryimage\"},\"thumbnailUrl\":\"https:\\\/\\\/aldiachaco.com.ar\\\/wp-content\\\/uploads\\\/2024\\\/05\\\/Gremios-docentes-acusan-al-Gobierno-de-Chaco-de-no-cumplir-con-sus-promesas.jpg\",\"datePublished\":\"2024-05-17T09:50:20+00:00\",\"dateModified\":\"2024-05-17T09:51:33+00:00\",\"breadcrumb\":{\"@id\":\"https:\\\/\\\/aldiachaco.com.ar\\\/index.php\\\/2024\\\/05\\\/17\\\/docentes-rechazan-que-hayan-incorporado-el-dia-sabado-como-laborable\\\/#breadcrumb\"},\"inLanguage\":\"es-AR\",\"potentialAction\":[{\"@type\":\"ReadAction\",\"target\":[\"https:\\\/\\\/aldiachaco.com.ar\\\/index.php\\\/2024\\\/05\\\/17\\\/docentes-rechazan-que-hayan-incorporado-el-dia-sabado-como-laborable\\\/\"]}]},{\"@type\":\"ImageObject\",\"inLanguage\":\"es-AR\",\"@id\":\"https:\\\/\\\/aldiachaco.com.ar\\\/index.php\\\/2024\\\/05\\\/17\\\/docentes-rechazan-que-hayan-incorporado-el-dia-sabado-como-laborable\\\/#primaryimage\",\"url\":\"https:\\\/\\\/aldiachaco.com.ar\\\/wp-content\\\/uploads\\\/2024\\\/05\\\/Gremios-docentes-acusan-al-Gobierno-de-Chaco-de-no-cumplir-con-sus-promesas.jpg\",\"contentUrl\":\"https:\\\/\\\/aldiachaco.com.ar\\\/wp-content\\\/uploads\\\/2024\\\/05\\\/Gremios-docentes-acusan-al-Gobierno-de-Chaco-de-no-cumplir-con-sus-promesas.jpg\",\"width\":750,\"height\":422},{\"@type\":\"BreadcrumbList\",\"@id\":\"https:\\\/\\\/aldiachaco.com.ar\\\/index.php\\\/2024\\\/05\\\/17\\\/docentes-rechazan-que-hayan-incorporado-el-dia-sabado-como-laborable\\\/#breadcrumb\",\"itemListElement\":[{\"@type\":\"ListItem\",\"position\":1,\"name\":\"Home\",\"item\":\"https:\\\/\\\/aldiachaco.com.ar\\\/\"},{\"@type\":\"ListItem\",\"position\":2,\"name\":\"Docentes rechazan que hayan incorporado el d\u00eda s\u00e1bado como laborable\"}]},{\"@type\":\"WebSite\",\"@id\":\"https:\\\/\\\/aldiachaco.com.ar\\\/#website\",\"url\":\"https:\\\/\\\/aldiachaco.com.ar\\\/\",\"name\":\"Al Dia Chaco\",\"description\":\"Noticias del Chaco y el mundo\",\"publisher\":{\"@id\":\"https:\\\/\\\/aldiachaco.com.ar\\\/#organization\"},\"alternateName\":\"Al D\u00eda Chaco\",\"potentialAction\":[{\"@type\":\"SearchAction\",\"target\":{\"@type\":\"EntryPoint\",\"urlTemplate\":\"https:\\\/\\\/aldiachaco.com.ar\\\/?s={search_term_string}\"},\"query-input\":{\"@type\":\"PropertyValueSpecification\",\"valueRequired\":true,\"valueName\":\"search_term_string\"}}],\"inLanguage\":\"es-AR\"},{\"@type\":\"Organization\",\"@id\":\"https:\\\/\\\/aldiachaco.com.ar\\\/#organization\",\"name\":\"Al Dia Chaco\",\"url\":\"https:\\\/\\\/aldiachaco.com.ar\\\/\",\"logo\":{\"@type\":\"ImageObject\",\"inLanguage\":\"es-AR\",\"@id\":\"https:\\\/\\\/aldiachaco.com.ar\\\/#\\\/schema\\\/logo\\\/image\\\/\",\"url\":\"https:\\\/\\\/aldiachaco.com.ar\\\/wp-content\\\/uploads\\\/2017\\\/11\\\/AL-DIA-CHACO-L@2x.png\",\"contentUrl\":\"https:\\\/\\\/aldiachaco.com.ar\\\/wp-content\\\/uploads\\\/2017\\\/11\\\/AL-DIA-CHACO-L@2x.png\",\"width\":232,\"height\":60,\"caption\":\"Al Dia Chaco\"},\"image\":{\"@id\":\"https:\\\/\\\/aldiachaco.com.ar\\\/#\\\/schema\\\/logo\\\/image\\\/\"}},{\"@type\":\"Person\",\"@id\":\"https:\\\/\\\/aldiachaco.com.ar\\\/#\\\/schema\\\/person\\\/80113835e512ba580e79a945932487f5\",\"name\":\"aldiachaco.com.ar\",\"image\":{\"@type\":\"ImageObject\",\"inLanguage\":\"es-AR\",\"@id\":\"https:\\\/\\\/aldiachaco.com.ar\\\/wp-content\\\/litespeed\\\/avatar\\\/a7c4ebc5454089d3fd4ef6b87fdd073a.jpg?ver=1777471945\",\"url\":\"https:\\\/\\\/aldiachaco.com.ar\\\/wp-content\\\/litespeed\\\/avatar\\\/a7c4ebc5454089d3fd4ef6b87fdd073a.jpg?ver=1777471945\",\"contentUrl\":\"https:\\\/\\\/aldiachaco.com.ar\\\/wp-content\\\/litespeed\\\/avatar\\\/a7c4ebc5454089d3fd4ef6b87fdd073a.jpg?ver=1777471945\",\"caption\":\"aldiachaco.com.ar\"},\"sameAs\":[\"https:\\\/\\\/aldiachaco.com.ar\"],\"url\":\"https:\\\/\\\/aldiachaco.com.ar\\\/index.php\\\/author\\\/lime-camel-884546-hostingersite-com\\\/\"}]}<\/script>\n<!-- \/ Yoast SEO plugin. -->","yoast_head_json":{"title":"Docentes rechazan que hayan incorporado el d\u00eda s\u00e1bado como laborable | Al Dia Chaco","robots":{"index":"index","follow":"follow","max-snippet":"max-snippet:-1","max-image-preview":"max-image-preview:large","max-video-preview":"max-video-preview:-1"},"canonical":"https:\/\/aldiachaco.com.ar\/index.php\/2024\/05\/17\/docentes-rechazan-que-hayan-incorporado-el-dia-sabado-como-laborable\/","og_locale":"es_ES","og_type":"article","og_title":"Docentes rechazan que hayan incorporado el d\u00eda s\u00e1bado como laborable | Al Dia Chaco","og_description":"El Frente Gremial Docente, ATECH &#8211; UTRE CTERA &#8211; SADP`-, rechaz\u00f3 la resoluci\u00f3n N\u00ba 1363\/24 del Ministerio de Educaci\u00f3n , expresaron que &#8220;se modifica el calendario escolar del a\u00f1o, incorporando de manera totalmente arbitraria e ilegal, los d\u00edas s\u00e1sbados, como laborales para los trabajadores docentes, exigiendo sea dejada\u00a0 sin efecto de manera inmediata&#8221;. \u201cLa Resoluci\u00f3n &hellip;","og_url":"https:\/\/aldiachaco.com.ar\/index.php\/2024\/05\/17\/docentes-rechazan-que-hayan-incorporado-el-dia-sabado-como-laborable\/","og_site_name":"Al Dia Chaco","article_published_time":"2024-05-17T09:50:20+00:00","article_modified_time":"2024-05-17T09:51:33+00:00","og_image":[{"width":750,"height":422,"url":"https:\/\/aldiachaco.com.ar\/wp-content\/uploads\/2024\/05\/Gremios-docentes-acusan-al-Gobierno-de-Chaco-de-no-cumplir-con-sus-promesas.jpg","type":"image\/jpeg"}],"author":"aldiachaco.com.ar","twitter_card":"summary_large_image","twitter_misc":{"Escrito por":"aldiachaco.com.ar","Tiempo de lectura":"1 minuto"},"schema":{"@context":"https:\/\/schema.org","@graph":[{"@type":"Article","@id":"https:\/\/aldiachaco.com.ar\/index.php\/2024\/05\/17\/docentes-rechazan-que-hayan-incorporado-el-dia-sabado-como-laborable\/#article","isPartOf":{"@id":"https:\/\/aldiachaco.com.ar\/index.php\/2024\/05\/17\/docentes-rechazan-que-hayan-incorporado-el-dia-sabado-como-laborable\/"},"author":{"name":"aldiachaco.com.ar","@id":"https:\/\/aldiachaco.com.ar\/#\/schema\/person\/80113835e512ba580e79a945932487f5"},"headline":"Docentes rechazan que hayan incorporado el d\u00eda s\u00e1bado como laborable","datePublished":"2024-05-17T09:50:20+00:00","dateModified":"2024-05-17T09:51:33+00:00","mainEntityOfPage":{"@id":"https:\/\/aldiachaco.com.ar\/index.php\/2024\/05\/17\/docentes-rechazan-que-hayan-incorporado-el-dia-sabado-como-laborable\/"},"wordCount":301,"commentCount":0,"publisher":{"@id":"https:\/\/aldiachaco.com.ar\/#organization"},"image":{"@id":"https:\/\/aldiachaco.com.ar\/index.php\/2024\/05\/17\/docentes-rechazan-que-hayan-incorporado-el-dia-sabado-como-laborable\/#primaryimage"},"thumbnailUrl":"https:\/\/aldiachaco.com.ar\/wp-content\/uploads\/2024\/05\/Gremios-docentes-acusan-al-Gobierno-de-Chaco-de-no-cumplir-con-sus-promesas.jpg","articleSection":["Educaci\u00f3n"],"inLanguage":"es-AR","potentialAction":[{"@type":"CommentAction","name":"Comment","target":["https:\/\/aldiachaco.com.ar\/index.php\/2024\/05\/17\/docentes-rechazan-que-hayan-incorporado-el-dia-sabado-como-laborable\/#respond"]}]},{"@type":"WebPage","@id":"https:\/\/aldiachaco.com.ar\/index.php\/2024\/05\/17\/docentes-rechazan-que-hayan-incorporado-el-dia-sabado-como-laborable\/","url":"https:\/\/aldiachaco.com.ar\/index.php\/2024\/05\/17\/docentes-rechazan-que-hayan-incorporado-el-dia-sabado-como-laborable\/","name":"Docentes rechazan que hayan incorporado el d\u00eda s\u00e1bado como laborable | Al Dia Chaco","isPartOf":{"@id":"https:\/\/aldiachaco.com.ar\/#website"},"primaryImageOfPage":{"@id":"https:\/\/aldiachaco.com.ar\/index.php\/2024\/05\/17\/docentes-rechazan-que-hayan-incorporado-el-dia-sabado-como-laborable\/#primaryimage"},"image":{"@id":"https:\/\/aldiachaco.com.ar\/index.php\/2024\/05\/17\/docentes-rechazan-que-hayan-incorporado-el-dia-sabado-como-laborable\/#primaryimage"},"thumbnailUrl":"https:\/\/aldiachaco.com.ar\/wp-content\/uploads\/2024\/05\/Gremios-docentes-acusan-al-Gobierno-de-Chaco-de-no-cumplir-con-sus-promesas.jpg","datePublished":"2024-05-17T09:50:20+00:00","dateModified":"2024-05-17T09:51:33+00:00","breadcrumb":{"@id":"https:\/\/aldiachaco.com.ar\/index.php\/2024\/05\/17\/docentes-rechazan-que-hayan-incorporado-el-dia-sabado-como-laborable\/#breadcrumb"},"inLanguage":"es-AR","potentialAction":[{"@type":"ReadAction","target":["https:\/\/aldiachaco.com.ar\/index.php\/2024\/05\/17\/docentes-rechazan-que-hayan-incorporado-el-dia-sabado-como-laborable\/"]}]},{"@type":"ImageObject","inLanguage":"es-AR","@id":"https:\/\/aldiachaco.com.ar\/index.php\/2024\/05\/17\/docentes-rechazan-que-hayan-incorporado-el-dia-sabado-como-laborable\/#primaryimage","url":"https:\/\/aldiachaco.com.ar\/wp-content\/uploads\/2024\/05\/Gremios-docentes-acusan-al-Gobierno-de-Chaco-de-no-cumplir-con-sus-promesas.jpg","contentUrl":"https:\/\/aldiachaco.com.ar\/wp-content\/uploads\/2024\/05\/Gremios-docentes-acusan-al-Gobierno-de-Chaco-de-no-cumplir-con-sus-promesas.jpg","width":750,"height":422},{"@type":"BreadcrumbList","@id":"https:\/\/aldiachaco.com.ar\/index.php\/2024\/05\/17\/docentes-rechazan-que-hayan-incorporado-el-dia-sabado-como-laborable\/#breadcrumb","itemListElement":[{"@type":"ListItem","position":1,"name":"Home","item":"https:\/\/aldiachaco.com.ar\/"},{"@type":"ListItem","position":2,"name":"Docentes rechazan que hayan incorporado el d\u00eda s\u00e1bado como laborable"}]},{"@type":"WebSite","@id":"https:\/\/aldiachaco.com.ar\/#website","url":"https:\/\/aldiachaco.com.ar\/","name":"Al Dia Chaco","description":"Noticias del Chaco y el mundo","publisher":{"@id":"https:\/\/aldiachaco.com.ar\/#organization"},"alternateName":"Al D\u00eda Chaco","potentialAction":[{"@type":"SearchAction","target":{"@type":"EntryPoint","urlTemplate":"https:\/\/aldiachaco.com.ar\/?s={search_term_string}"},"query-input":{"@type":"PropertyValueSpecification","valueRequired":true,"valueName":"search_term_string"}}],"inLanguage":"es-AR"},{"@type":"Organization","@id":"https:\/\/aldiachaco.com.ar\/#organization","name":"Al Dia Chaco","url":"https:\/\/aldiachaco.com.ar\/","logo":{"@type":"ImageObject","inLanguage":"es-AR","@id":"https:\/\/aldiachaco.com.ar\/#\/schema\/logo\/image\/","url":"https:\/\/aldiachaco.com.ar\/wp-content\/uploads\/2017\/11\/AL-DIA-CHACO-L@2x.png","contentUrl":"https:\/\/aldiachaco.com.ar\/wp-content\/uploads\/2017\/11\/AL-DIA-CHACO-L@2x.png","width":232,"height":60,"caption":"Al Dia Chaco"},"image":{"@id":"https:\/\/aldiachaco.com.ar\/#\/schema\/logo\/image\/"}},{"@type":"Person","@id":"https:\/\/aldiachaco.com.ar\/#\/schema\/person\/80113835e512ba580e79a945932487f5","name":"aldiachaco.com.ar","image":{"@type":"ImageObject","inLanguage":"es-AR","@id":"https:\/\/aldiachaco.com.ar\/wp-content\/litespeed\/avatar\/a7c4ebc5454089d3fd4ef6b87fdd073a.jpg?ver=1777471945","url":"https:\/\/aldiachaco.com.ar\/wp-content\/litespeed\/avatar\/a7c4ebc5454089d3fd4ef6b87fdd073a.jpg?ver=1777471945","contentUrl":"https:\/\/aldiachaco.com.ar\/wp-content\/litespeed\/avatar\/a7c4ebc5454089d3fd4ef6b87fdd073a.jpg?ver=1777471945","caption":"aldiachaco.com.ar"},"sameAs":["https:\/\/aldiachaco.com.ar"],"url":"https:\/\/aldiachaco.com.ar\/index.php\/author\/lime-camel-884546-hostingersite-com\/"}]}},"jetpack_publicize_connections":[],"jetpack_featured_media_url":"https:\/\/aldiachaco.com.ar\/wp-content\/uploads\/2024\/05\/Gremios-docentes-acusan-al-Gobierno-de-Chaco-de-no-cumplir-con-sus-promesas.jpg","jetpack_sharing_enabled":true,"amp_enabled":true,"_links":{"self":[{"href":"https:\/\/aldiachaco.com.ar\/index.php\/wp-json\/wp\/v2\/posts\/5834","targetHints":{"allow":["GET"]}}],"collection":[{"href":"https:\/\/aldiachaco.com.ar\/index.php\/wp-json\/wp\/v2\/posts"}],"about":[{"href":"https:\/\/aldiachaco.com.ar\/index.php\/wp-json\/wp\/v2\/types\/post"}],"author":[{"embeddable":true,"href":"https:\/\/aldiachaco.com.ar\/index.php\/wp-json\/wp\/v2\/users\/1"}],"replies":[{"embeddable":true,"href":"https:\/\/aldiachaco.com.ar\/index.php\/wp-json\/wp\/v2\/comments?post=5834"}],"version-history":[{"count":0,"href":"https:\/\/aldiachaco.com.ar\/index.php\/wp-json\/wp\/v2\/posts\/5834\/revisions"}],"wp:featuredmedia":[{"embeddable":true,"href":"https:\/\/aldiachaco.com.ar\/index.php\/wp-json\/wp\/v2\/media\/5837"}],"wp:attachment":[{"href":"https:\/\/aldiachaco.com.ar\/index.php\/wp-json\/wp\/v2\/media?parent=5834"}],"wp:term":[{"taxonomy":"category","embeddable":true,"href":"https:\/\/aldiachaco.com.ar\/index.php\/wp-json\/wp\/v2\/categories?post=5834"},{"taxonomy":"post_tag","embeddable":true,"href":"https:\/\/aldiachaco.com.ar\/index.php\/wp-json\/wp\/v2\/tags?post=5834"}],"curies":[{"name":"wp","href":"https:\/\/api.w.org\/{rel}","templated":true}]}}