{"id":5673,"date":"2024-05-14T19:58:45","date_gmt":"2024-05-14T22:58:45","guid":{"rendered":"https:\/\/aldiachaco.com.ar\/?p=5673"},"modified":"2024-05-14T19:58:45","modified_gmt":"2024-05-14T22:58:45","slug":"un-guardia-mato-de-una-trompada-a-un-hombre-que-no-queria-salir-de-la-estacion-del-tren","status":"publish","type":"post","link":"https:\/\/aldiachaco.com.ar\/index.php\/2024\/05\/14\/un-guardia-mato-de-una-trompada-a-un-hombre-que-no-queria-salir-de-la-estacion-del-tren\/","title":{"rendered":"Un guardia mat\u00f3 de una trompada a un hombre que no quer\u00eda salir de la estaci\u00f3n del tren"},"content":{"rendered":"<p>Familiares y amigos de\u00a0Miguel \u00c1ngel Morinigo, un alba\u00f1il de nacionalidad paraguaya que muri\u00f3 despu\u00e9s de recibir una\u00a0brutal trompada\u00a0en el rostro por parte de un guardia de seguridad, en la estaci\u00f3n de Villa\u00a0Lugano\u00a0del tren Belgrano Sur, reclaman justicia a m\u00e1s de cinco meses del hecho. El agresor, por entonces empleado de una empresa privada,\u00a0contin\u00faa libre\u00a0a pesar de las im\u00e1genes de una c\u00e1mara de seguridad que muestran el momento de la agresi\u00f3n.<\/p>\n<p style=\"text-align: center;\"><div style=\"width: 1080px;\" class=\"wp-video\"><video class=\"wp-video-shortcode\" id=\"video-5673-1\" width=\"1080\" height=\"590\" preload=\"metadata\" controls=\"controls\"><source type=\"video\/mp4\" src=\"https:\/\/aldiachaco.com.ar\/wp-content\/uploads\/2024\/05\/ssstwitter.com_1715727103235.mp4?_=1\" \/><a href=\"https:\/\/aldiachaco.com.ar\/wp-content\/uploads\/2024\/05\/ssstwitter.com_1715727103235.mp4\">https:\/\/aldiachaco.com.ar\/wp-content\/uploads\/2024\/05\/ssstwitter.com_1715727103235.mp4<\/a><\/video><\/div>\n<p>Fuentes de Trenes Argentinos\u00a0precisaron que la agresi\u00f3n que sufri\u00f3\u00a0Morinigo, de 46 a\u00f1os,\u00a0ocurri\u00f3 el 2 de diciembre pasado a las 23.45, cuando aguardaba el arribo de una formaci\u00f3n de la l\u00ednea Belgrano Sur en uno de los andenes para regresar a su casa.<\/p>\n<p>La v\u00edctima fue derivada de urgencia al hospital Santojanni, donde muri\u00f3 dos d\u00edas despu\u00e9s. El guardia, de 34 a\u00f1os, fue imputado por \u201chomicidio preterintencional\u201d.<\/p>\n<p>Fuente: Infobae<\/p>\n","protected":false},"excerpt":{"rendered":"<p>Familiares y amigos de\u00a0Miguel \u00c1ngel Morinigo, un alba\u00f1il de nacionalidad paraguaya que muri\u00f3 despu\u00e9s de recibir una\u00a0brutal trompada\u00a0en el rostro por parte de un guardia de seguridad, en la estaci\u00f3n de Villa\u00a0Lugano\u00a0del tren Belgrano Sur, reclaman justicia a m\u00e1s de cinco meses del hecho. El agresor, por entonces empleado de una empresa privada,\u00a0contin\u00faa libre\u00a0a pesar &hellip;<\/p>\n","protected":false},"author":1,"featured_media":5675,"comment_status":"open","ping_status":"open","sticky":false,"template":"","format":"standard","meta":{"content-type":"","_monsterinsights_skip_tracking":false,"_monsterinsights_sitenote_active":false,"_monsterinsights_sitenote_note":"","_monsterinsights_sitenote_category":0,"_jetpack_memberships_contains_paid_content":false,"footnotes":"","jetpack_publicize_message":"","jetpack_publicize_feature_enabled":true,"jetpack_social_post_already_shared":true,"jetpack_social_options":{"image_generator_settings":{"template":"highway","default_image_id":0,"font":"","enabled":false},"version":2}},"categories":[86],"tags":[],"class_list":["post-5673","post","type-post","status-publish","format-standard","has-post-thumbnail","hentry","category-policiales"],"yoast_head":"<!-- This site is optimized with the Yoast SEO plugin v27.4 - https:\/\/yoast.com\/product\/yoast-seo-wordpress\/ -->\n<title>Un guardia mat\u00f3 de una trompada a un hombre que no quer\u00eda salir de la estaci\u00f3n del tren | Al Dia Chaco<\/title>\n<meta name=\"robots\" content=\"index, follow, max-snippet:-1, max-image-preview:large, max-video-preview:-1\" \/>\n<link rel=\"canonical\" href=\"https:\/\/aldiachaco.com.ar\/index.php\/2024\/05\/14\/un-guardia-mato-de-una-trompada-a-un-hombre-que-no-queria-salir-de-la-estacion-del-tren\/\" \/>\n<meta property=\"og:locale\" content=\"es_ES\" \/>\n<meta property=\"og:type\" content=\"article\" \/>\n<meta property=\"og:title\" content=\"Un guardia mat\u00f3 de una trompada a un hombre que no quer\u00eda salir de la estaci\u00f3n del tren | Al Dia Chaco\" \/>\n<meta property=\"og:description\" content=\"Familiares y amigos de\u00a0Miguel \u00c1ngel Morinigo, un alba\u00f1il de nacionalidad paraguaya que muri\u00f3 despu\u00e9s de recibir una\u00a0brutal trompada\u00a0en el rostro por parte de un guardia de seguridad, en la estaci\u00f3n de Villa\u00a0Lugano\u00a0del tren Belgrano Sur, reclaman justicia a m\u00e1s de cinco meses del hecho. El agresor, por entonces empleado de una empresa privada,\u00a0contin\u00faa libre\u00a0a pesar &hellip;\" \/>\n<meta property=\"og:url\" content=\"https:\/\/aldiachaco.com.ar\/index.php\/2024\/05\/14\/un-guardia-mato-de-una-trompada-a-un-hombre-que-no-queria-salir-de-la-estacion-del-tren\/\" \/>\n<meta property=\"og:site_name\" content=\"Al Dia Chaco\" \/>\n<meta property=\"article:published_time\" content=\"2024-05-14T22:58:45+00:00\" \/>\n<meta name=\"author\" content=\"aldiachaco.com.ar\" \/>\n<meta name=\"twitter:card\" content=\"summary_large_image\" \/>\n<meta name=\"twitter:label1\" content=\"Escrito por\" \/>\n\t<meta name=\"twitter:data1\" content=\"aldiachaco.com.ar\" \/>\n\t<meta name=\"twitter:label2\" content=\"Tiempo de lectura\" \/>\n\t<meta name=\"twitter:data2\" content=\"1 minuto\" \/>\n<script type=\"application\/ld+json\" class=\"yoast-schema-graph\">{\"@context\":\"https:\\\/\\\/schema.org\",\"@graph\":[{\"@type\":\"Article\",\"@id\":\"https:\\\/\\\/aldiachaco.com.ar\\\/index.php\\\/2024\\\/05\\\/14\\\/un-guardia-mato-de-una-trompada-a-un-hombre-que-no-queria-salir-de-la-estacion-del-tren\\\/#article\",\"isPartOf\":{\"@id\":\"https:\\\/\\\/aldiachaco.com.ar\\\/index.php\\\/2024\\\/05\\\/14\\\/un-guardia-mato-de-una-trompada-a-un-hombre-que-no-queria-salir-de-la-estacion-del-tren\\\/\"},\"author\":{\"name\":\"aldiachaco.com.ar\",\"@id\":\"https:\\\/\\\/aldiachaco.com.ar\\\/#\\\/schema\\\/person\\\/80113835e512ba580e79a945932487f5\"},\"headline\":\"Un guardia mat\u00f3 de una trompada a un hombre que no quer\u00eda salir de la estaci\u00f3n del tren\",\"datePublished\":\"2024-05-14T22:58:45+00:00\",\"mainEntityOfPage\":{\"@id\":\"https:\\\/\\\/aldiachaco.com.ar\\\/index.php\\\/2024\\\/05\\\/14\\\/un-guardia-mato-de-una-trompada-a-un-hombre-que-no-queria-salir-de-la-estacion-del-tren\\\/\"},\"wordCount\":194,\"commentCount\":0,\"publisher\":{\"@id\":\"https:\\\/\\\/aldiachaco.com.ar\\\/#organization\"},\"image\":{\"@id\":\"https:\\\/\\\/aldiachaco.com.ar\\\/index.php\\\/2024\\\/05\\\/14\\\/un-guardia-mato-de-una-trompada-a-un-hombre-que-no-queria-salir-de-la-estacion-del-tren\\\/#primaryimage\"},\"thumbnailUrl\":\"https:\\\/\\\/aldiachaco.com.ar\\\/wp-content\\\/uploads\\\/2024\\\/05\\\/56-Pina.avif\",\"articleSection\":[\"Policiales\"],\"inLanguage\":\"es-AR\",\"potentialAction\":[{\"@type\":\"CommentAction\",\"name\":\"Comment\",\"target\":[\"https:\\\/\\\/aldiachaco.com.ar\\\/index.php\\\/2024\\\/05\\\/14\\\/un-guardia-mato-de-una-trompada-a-un-hombre-que-no-queria-salir-de-la-estacion-del-tren\\\/#respond\"]}]},{\"@type\":\"WebPage\",\"@id\":\"https:\\\/\\\/aldiachaco.com.ar\\\/index.php\\\/2024\\\/05\\\/14\\\/un-guardia-mato-de-una-trompada-a-un-hombre-que-no-queria-salir-de-la-estacion-del-tren\\\/\",\"url\":\"https:\\\/\\\/aldiachaco.com.ar\\\/index.php\\\/2024\\\/05\\\/14\\\/un-guardia-mato-de-una-trompada-a-un-hombre-que-no-queria-salir-de-la-estacion-del-tren\\\/\",\"name\":\"Un guardia mat\u00f3 de una trompada a un hombre que no quer\u00eda salir de la estaci\u00f3n del tren | Al Dia Chaco\",\"isPartOf\":{\"@id\":\"https:\\\/\\\/aldiachaco.com.ar\\\/#website\"},\"primaryImageOfPage\":{\"@id\":\"https:\\\/\\\/aldiachaco.com.ar\\\/index.php\\\/2024\\\/05\\\/14\\\/un-guardia-mato-de-una-trompada-a-un-hombre-que-no-queria-salir-de-la-estacion-del-tren\\\/#primaryimage\"},\"image\":{\"@id\":\"https:\\\/\\\/aldiachaco.com.ar\\\/index.php\\\/2024\\\/05\\\/14\\\/un-guardia-mato-de-una-trompada-a-un-hombre-que-no-queria-salir-de-la-estacion-del-tren\\\/#primaryimage\"},\"thumbnailUrl\":\"https:\\\/\\\/aldiachaco.com.ar\\\/wp-content\\\/uploads\\\/2024\\\/05\\\/56-Pina.avif\",\"datePublished\":\"2024-05-14T22:58:45+00:00\",\"breadcrumb\":{\"@id\":\"https:\\\/\\\/aldiachaco.com.ar\\\/index.php\\\/2024\\\/05\\\/14\\\/un-guardia-mato-de-una-trompada-a-un-hombre-que-no-queria-salir-de-la-estacion-del-tren\\\/#breadcrumb\"},\"inLanguage\":\"es-AR\",\"potentialAction\":[{\"@type\":\"ReadAction\",\"target\":[\"https:\\\/\\\/aldiachaco.com.ar\\\/index.php\\\/2024\\\/05\\\/14\\\/un-guardia-mato-de-una-trompada-a-un-hombre-que-no-queria-salir-de-la-estacion-del-tren\\\/\"]}]},{\"@type\":\"ImageObject\",\"inLanguage\":\"es-AR\",\"@id\":\"https:\\\/\\\/aldiachaco.com.ar\\\/index.php\\\/2024\\\/05\\\/14\\\/un-guardia-mato-de-una-trompada-a-un-hombre-que-no-queria-salir-de-la-estacion-del-tren\\\/#primaryimage\",\"url\":\"https:\\\/\\\/aldiachaco.com.ar\\\/wp-content\\\/uploads\\\/2024\\\/05\\\/56-Pina.avif\",\"contentUrl\":\"https:\\\/\\\/aldiachaco.com.ar\\\/wp-content\\\/uploads\\\/2024\\\/05\\\/56-Pina.avif\",\"width\":1023,\"height\":573},{\"@type\":\"BreadcrumbList\",\"@id\":\"https:\\\/\\\/aldiachaco.com.ar\\\/index.php\\\/2024\\\/05\\\/14\\\/un-guardia-mato-de-una-trompada-a-un-hombre-que-no-queria-salir-de-la-estacion-del-tren\\\/#breadcrumb\",\"itemListElement\":[{\"@type\":\"ListItem\",\"position\":1,\"name\":\"Home\",\"item\":\"https:\\\/\\\/aldiachaco.com.ar\\\/\"},{\"@type\":\"ListItem\",\"position\":2,\"name\":\"Un guardia mat\u00f3 de una trompada a un hombre que no quer\u00eda salir de la estaci\u00f3n del tren\"}]},{\"@type\":\"WebSite\",\"@id\":\"https:\\\/\\\/aldiachaco.com.ar\\\/#website\",\"url\":\"https:\\\/\\\/aldiachaco.com.ar\\\/\",\"name\":\"Al Dia Chaco\",\"description\":\"Noticias del Chaco y el mundo\",\"publisher\":{\"@id\":\"https:\\\/\\\/aldiachaco.com.ar\\\/#organization\"},\"alternateName\":\"Al D\u00eda Chaco\",\"potentialAction\":[{\"@type\":\"SearchAction\",\"target\":{\"@type\":\"EntryPoint\",\"urlTemplate\":\"https:\\\/\\\/aldiachaco.com.ar\\\/?s={search_term_string}\"},\"query-input\":{\"@type\":\"PropertyValueSpecification\",\"valueRequired\":true,\"valueName\":\"search_term_string\"}}],\"inLanguage\":\"es-AR\"},{\"@type\":\"Organization\",\"@id\":\"https:\\\/\\\/aldiachaco.com.ar\\\/#organization\",\"name\":\"Al Dia Chaco\",\"url\":\"https:\\\/\\\/aldiachaco.com.ar\\\/\",\"logo\":{\"@type\":\"ImageObject\",\"inLanguage\":\"es-AR\",\"@id\":\"https:\\\/\\\/aldiachaco.com.ar\\\/#\\\/schema\\\/logo\\\/image\\\/\",\"url\":\"https:\\\/\\\/aldiachaco.com.ar\\\/wp-content\\\/uploads\\\/2017\\\/11\\\/AL-DIA-CHACO-L@2x.png\",\"contentUrl\":\"https:\\\/\\\/aldiachaco.com.ar\\\/wp-content\\\/uploads\\\/2017\\\/11\\\/AL-DIA-CHACO-L@2x.png\",\"width\":232,\"height\":60,\"caption\":\"Al Dia Chaco\"},\"image\":{\"@id\":\"https:\\\/\\\/aldiachaco.com.ar\\\/#\\\/schema\\\/logo\\\/image\\\/\"}},{\"@type\":\"Person\",\"@id\":\"https:\\\/\\\/aldiachaco.com.ar\\\/#\\\/schema\\\/person\\\/80113835e512ba580e79a945932487f5\",\"name\":\"aldiachaco.com.ar\",\"image\":{\"@type\":\"ImageObject\",\"inLanguage\":\"es-AR\",\"@id\":\"https:\\\/\\\/aldiachaco.com.ar\\\/wp-content\\\/litespeed\\\/avatar\\\/a7c4ebc5454089d3fd4ef6b87fdd073a.jpg?ver=1777471945\",\"url\":\"https:\\\/\\\/aldiachaco.com.ar\\\/wp-content\\\/litespeed\\\/avatar\\\/a7c4ebc5454089d3fd4ef6b87fdd073a.jpg?ver=1777471945\",\"contentUrl\":\"https:\\\/\\\/aldiachaco.com.ar\\\/wp-content\\\/litespeed\\\/avatar\\\/a7c4ebc5454089d3fd4ef6b87fdd073a.jpg?ver=1777471945\",\"caption\":\"aldiachaco.com.ar\"},\"sameAs\":[\"https:\\\/\\\/aldiachaco.com.ar\"],\"url\":\"https:\\\/\\\/aldiachaco.com.ar\\\/index.php\\\/author\\\/lime-camel-884546-hostingersite-com\\\/\"}]}<\/script>\n<!-- \/ Yoast SEO plugin. -->","yoast_head_json":{"title":"Un guardia mat\u00f3 de una trompada a un hombre que no quer\u00eda salir de la estaci\u00f3n del tren | Al Dia Chaco","robots":{"index":"index","follow":"follow","max-snippet":"max-snippet:-1","max-image-preview":"max-image-preview:large","max-video-preview":"max-video-preview:-1"},"canonical":"https:\/\/aldiachaco.com.ar\/index.php\/2024\/05\/14\/un-guardia-mato-de-una-trompada-a-un-hombre-que-no-queria-salir-de-la-estacion-del-tren\/","og_locale":"es_ES","og_type":"article","og_title":"Un guardia mat\u00f3 de una trompada a un hombre que no quer\u00eda salir de la estaci\u00f3n del tren | Al Dia Chaco","og_description":"Familiares y amigos de\u00a0Miguel \u00c1ngel Morinigo, un alba\u00f1il de nacionalidad paraguaya que muri\u00f3 despu\u00e9s de recibir una\u00a0brutal trompada\u00a0en el rostro por parte de un guardia de seguridad, en la estaci\u00f3n de Villa\u00a0Lugano\u00a0del tren Belgrano Sur, reclaman justicia a m\u00e1s de cinco meses del hecho. El agresor, por entonces empleado de una empresa privada,\u00a0contin\u00faa libre\u00a0a pesar &hellip;","og_url":"https:\/\/aldiachaco.com.ar\/index.php\/2024\/05\/14\/un-guardia-mato-de-una-trompada-a-un-hombre-que-no-queria-salir-de-la-estacion-del-tren\/","og_site_name":"Al Dia Chaco","article_published_time":"2024-05-14T22:58:45+00:00","author":"aldiachaco.com.ar","twitter_card":"summary_large_image","twitter_misc":{"Escrito por":"aldiachaco.com.ar","Tiempo de lectura":"1 minuto"},"schema":{"@context":"https:\/\/schema.org","@graph":[{"@type":"Article","@id":"https:\/\/aldiachaco.com.ar\/index.php\/2024\/05\/14\/un-guardia-mato-de-una-trompada-a-un-hombre-que-no-queria-salir-de-la-estacion-del-tren\/#article","isPartOf":{"@id":"https:\/\/aldiachaco.com.ar\/index.php\/2024\/05\/14\/un-guardia-mato-de-una-trompada-a-un-hombre-que-no-queria-salir-de-la-estacion-del-tren\/"},"author":{"name":"aldiachaco.com.ar","@id":"https:\/\/aldiachaco.com.ar\/#\/schema\/person\/80113835e512ba580e79a945932487f5"},"headline":"Un guardia mat\u00f3 de una trompada a un hombre que no quer\u00eda salir de la estaci\u00f3n del tren","datePublished":"2024-05-14T22:58:45+00:00","mainEntityOfPage":{"@id":"https:\/\/aldiachaco.com.ar\/index.php\/2024\/05\/14\/un-guardia-mato-de-una-trompada-a-un-hombre-que-no-queria-salir-de-la-estacion-del-tren\/"},"wordCount":194,"commentCount":0,"publisher":{"@id":"https:\/\/aldiachaco.com.ar\/#organization"},"image":{"@id":"https:\/\/aldiachaco.com.ar\/index.php\/2024\/05\/14\/un-guardia-mato-de-una-trompada-a-un-hombre-que-no-queria-salir-de-la-estacion-del-tren\/#primaryimage"},"thumbnailUrl":"https:\/\/aldiachaco.com.ar\/wp-content\/uploads\/2024\/05\/56-Pina.avif","articleSection":["Policiales"],"inLanguage":"es-AR","potentialAction":[{"@type":"CommentAction","name":"Comment","target":["https:\/\/aldiachaco.com.ar\/index.php\/2024\/05\/14\/un-guardia-mato-de-una-trompada-a-un-hombre-que-no-queria-salir-de-la-estacion-del-tren\/#respond"]}]},{"@type":"WebPage","@id":"https:\/\/aldiachaco.com.ar\/index.php\/2024\/05\/14\/un-guardia-mato-de-una-trompada-a-un-hombre-que-no-queria-salir-de-la-estacion-del-tren\/","url":"https:\/\/aldiachaco.com.ar\/index.php\/2024\/05\/14\/un-guardia-mato-de-una-trompada-a-un-hombre-que-no-queria-salir-de-la-estacion-del-tren\/","name":"Un guardia mat\u00f3 de una trompada a un hombre que no quer\u00eda salir de la estaci\u00f3n del tren | Al Dia Chaco","isPartOf":{"@id":"https:\/\/aldiachaco.com.ar\/#website"},"primaryImageOfPage":{"@id":"https:\/\/aldiachaco.com.ar\/index.php\/2024\/05\/14\/un-guardia-mato-de-una-trompada-a-un-hombre-que-no-queria-salir-de-la-estacion-del-tren\/#primaryimage"},"image":{"@id":"https:\/\/aldiachaco.com.ar\/index.php\/2024\/05\/14\/un-guardia-mato-de-una-trompada-a-un-hombre-que-no-queria-salir-de-la-estacion-del-tren\/#primaryimage"},"thumbnailUrl":"https:\/\/aldiachaco.com.ar\/wp-content\/uploads\/2024\/05\/56-Pina.avif","datePublished":"2024-05-14T22:58:45+00:00","breadcrumb":{"@id":"https:\/\/aldiachaco.com.ar\/index.php\/2024\/05\/14\/un-guardia-mato-de-una-trompada-a-un-hombre-que-no-queria-salir-de-la-estacion-del-tren\/#breadcrumb"},"inLanguage":"es-AR","potentialAction":[{"@type":"ReadAction","target":["https:\/\/aldiachaco.com.ar\/index.php\/2024\/05\/14\/un-guardia-mato-de-una-trompada-a-un-hombre-que-no-queria-salir-de-la-estacion-del-tren\/"]}]},{"@type":"ImageObject","inLanguage":"es-AR","@id":"https:\/\/aldiachaco.com.ar\/index.php\/2024\/05\/14\/un-guardia-mato-de-una-trompada-a-un-hombre-que-no-queria-salir-de-la-estacion-del-tren\/#primaryimage","url":"https:\/\/aldiachaco.com.ar\/wp-content\/uploads\/2024\/05\/56-Pina.avif","contentUrl":"https:\/\/aldiachaco.com.ar\/wp-content\/uploads\/2024\/05\/56-Pina.avif","width":1023,"height":573},{"@type":"BreadcrumbList","@id":"https:\/\/aldiachaco.com.ar\/index.php\/2024\/05\/14\/un-guardia-mato-de-una-trompada-a-un-hombre-que-no-queria-salir-de-la-estacion-del-tren\/#breadcrumb","itemListElement":[{"@type":"ListItem","position":1,"name":"Home","item":"https:\/\/aldiachaco.com.ar\/"},{"@type":"ListItem","position":2,"name":"Un guardia mat\u00f3 de una trompada a un hombre que no quer\u00eda salir de la estaci\u00f3n del tren"}]},{"@type":"WebSite","@id":"https:\/\/aldiachaco.com.ar\/#website","url":"https:\/\/aldiachaco.com.ar\/","name":"Al Dia Chaco","description":"Noticias del Chaco y el mundo","publisher":{"@id":"https:\/\/aldiachaco.com.ar\/#organization"},"alternateName":"Al D\u00eda Chaco","potentialAction":[{"@type":"SearchAction","target":{"@type":"EntryPoint","urlTemplate":"https:\/\/aldiachaco.com.ar\/?s={search_term_string}"},"query-input":{"@type":"PropertyValueSpecification","valueRequired":true,"valueName":"search_term_string"}}],"inLanguage":"es-AR"},{"@type":"Organization","@id":"https:\/\/aldiachaco.com.ar\/#organization","name":"Al Dia Chaco","url":"https:\/\/aldiachaco.com.ar\/","logo":{"@type":"ImageObject","inLanguage":"es-AR","@id":"https:\/\/aldiachaco.com.ar\/#\/schema\/logo\/image\/","url":"https:\/\/aldiachaco.com.ar\/wp-content\/uploads\/2017\/11\/AL-DIA-CHACO-L@2x.png","contentUrl":"https:\/\/aldiachaco.com.ar\/wp-content\/uploads\/2017\/11\/AL-DIA-CHACO-L@2x.png","width":232,"height":60,"caption":"Al Dia Chaco"},"image":{"@id":"https:\/\/aldiachaco.com.ar\/#\/schema\/logo\/image\/"}},{"@type":"Person","@id":"https:\/\/aldiachaco.com.ar\/#\/schema\/person\/80113835e512ba580e79a945932487f5","name":"aldiachaco.com.ar","image":{"@type":"ImageObject","inLanguage":"es-AR","@id":"https:\/\/aldiachaco.com.ar\/wp-content\/litespeed\/avatar\/a7c4ebc5454089d3fd4ef6b87fdd073a.jpg?ver=1777471945","url":"https:\/\/aldiachaco.com.ar\/wp-content\/litespeed\/avatar\/a7c4ebc5454089d3fd4ef6b87fdd073a.jpg?ver=1777471945","contentUrl":"https:\/\/aldiachaco.com.ar\/wp-content\/litespeed\/avatar\/a7c4ebc5454089d3fd4ef6b87fdd073a.jpg?ver=1777471945","caption":"aldiachaco.com.ar"},"sameAs":["https:\/\/aldiachaco.com.ar"],"url":"https:\/\/aldiachaco.com.ar\/index.php\/author\/lime-camel-884546-hostingersite-com\/"}]}},"jetpack_publicize_connections":[],"jetpack_featured_media_url":"https:\/\/aldiachaco.com.ar\/wp-content\/uploads\/2024\/05\/56-Pina.avif","jetpack_sharing_enabled":true,"amp_enabled":true,"_links":{"self":[{"href":"https:\/\/aldiachaco.com.ar\/index.php\/wp-json\/wp\/v2\/posts\/5673","targetHints":{"allow":["GET"]}}],"collection":[{"href":"https:\/\/aldiachaco.com.ar\/index.php\/wp-json\/wp\/v2\/posts"}],"about":[{"href":"https:\/\/aldiachaco.com.ar\/index.php\/wp-json\/wp\/v2\/types\/post"}],"author":[{"embeddable":true,"href":"https:\/\/aldiachaco.com.ar\/index.php\/wp-json\/wp\/v2\/users\/1"}],"replies":[{"embeddable":true,"href":"https:\/\/aldiachaco.com.ar\/index.php\/wp-json\/wp\/v2\/comments?post=5673"}],"version-history":[{"count":0,"href":"https:\/\/aldiachaco.com.ar\/index.php\/wp-json\/wp\/v2\/posts\/5673\/revisions"}],"wp:featuredmedia":[{"embeddable":true,"href":"https:\/\/aldiachaco.com.ar\/index.php\/wp-json\/wp\/v2\/media\/5675"}],"wp:attachment":[{"href":"https:\/\/aldiachaco.com.ar\/index.php\/wp-json\/wp\/v2\/media?parent=5673"}],"wp:term":[{"taxonomy":"category","embeddable":true,"href":"https:\/\/aldiachaco.com.ar\/index.php\/wp-json\/wp\/v2\/categories?post=5673"},{"taxonomy":"post_tag","embeddable":true,"href":"https:\/\/aldiachaco.com.ar\/index.php\/wp-json\/wp\/v2\/tags?post=5673"}],"curies":[{"name":"wp","href":"https:\/\/api.w.org\/{rel}","templated":true}]}}