{"id":5637,"date":"2024-05-14T14:55:43","date_gmt":"2024-05-14T17:55:43","guid":{"rendered":"https:\/\/aldiachaco.com.ar\/?p=5637"},"modified":"2024-05-14T14:55:43","modified_gmt":"2024-05-14T17:55:43","slug":"encontraron-a-un-bebe-de-un-ano-gateando-solo-en-plena-madrugada","status":"publish","type":"post","link":"https:\/\/aldiachaco.com.ar\/index.php\/2024\/05\/14\/encontraron-a-un-bebe-de-un-ano-gateando-solo-en-plena-madrugada\/","title":{"rendered":"Encontraron a un beb\u00e9 de un a\u00f1o gateando solo en plena madrugada"},"content":{"rendered":"<p>Este martes por la\u00a0madrugada\u00a0ocurri\u00f3 un episodio ins\u00f3lito en Villa La Lonja, un barrio popular ubicado en la zona sur de C\u00f3rdoba Capital. Los polic\u00edas que se encontraban en un puesto de control hallaron a un beb\u00e9 de un a\u00f1o gateando en una calle de tierra, completamente solo.<\/p>\n<p>Los efectivos -que se encontraban patrullando la zona- tomaron al beb\u00e9 en sus brazos, lo abrigaron con una manta y lo pusieron al resguardo. Luego, on la colaboraci\u00f3n de los vecinos, lograron localizar a la madre para entregarlo. Se trata de una joven de 24 a\u00f1os que vive en la zona.<\/p>\n<p style=\"text-align: center;\"><div style=\"width: 1280px;\" class=\"wp-video\"><video class=\"wp-video-shortcode\" id=\"video-5637-1\" width=\"1280\" height=\"720\" preload=\"metadata\" controls=\"controls\"><source type=\"video\/mp4\" src=\"https:\/\/aldiachaco.com.ar\/wp-content\/uploads\/2024\/05\/INCREIBLE-SUCEDIO-EN-CORDOBA-LAS-CAMARAS-DEL-911-CAPTARON-A-UN-PEQUENO-EN-PLENA-MADRUGADA-El-nino-de-un-ano-de-vida-se-encontraba-gateando-en-horas-de-la-madrugada-en-calles-Manuel-Astrada-y.mp4?_=1\" \/><a href=\"https:\/\/aldiachaco.com.ar\/wp-content\/uploads\/2024\/05\/INCREIBLE-SUCEDIO-EN-CORDOBA-LAS-CAMARAS-DEL-911-CAPTARON-A-UN-PEQUENO-EN-PLENA-MADRUGADA-El-nino-de-un-ano-de-vida-se-encontraba-gateando-en-horas-de-la-madrugada-en-calles-Manuel-Astrada-y.mp4\">https:\/\/aldiachaco.com.ar\/wp-content\/uploads\/2024\/05\/INCREIBLE-SUCEDIO-EN-CORDOBA-LAS-CAMARAS-DEL-911-CAPTARON-A-UN-PEQUENO-EN-PLENA-MADRUGADA-El-nino-de-un-ano-de-vida-se-encontraba-gateando-en-horas-de-la-madrugada-en-calles-Manuel-Astrada-y.mp4<\/a><\/video><\/div>\n<p>El episodio, ocurrido cerca de las 03:30, se registr\u00f3 en la intersecci\u00f3n de las calles Manuel Astrada y R\u00edo Negro. Seg\u00fan inform\u00f3 la Polic\u00eda de C\u00f3rdoba, participaron operadores de c\u00e1maras de vigilancia del 911 y efectivos del CAP.<\/p>\n<p>Esta ma\u00f1ana las autoridades de la provincia difundieron el video de las c\u00e1maras de seguridad, en donde se puede observar el momento en el que los efectivos detectan al ni\u00f1o, as\u00ed como su restituci\u00f3n a la familia. En la grabaci\u00f3n tambi\u00e9n se puede observar c\u00f3mo\u00a0un perro, la mascota de la casa del ni\u00f1o, lo acompa\u00f1a en todo momento.<\/p>\n<p>Fuente: Infobae<\/p>\n","protected":false},"excerpt":{"rendered":"<p>Este martes por la\u00a0madrugada\u00a0ocurri\u00f3 un episodio ins\u00f3lito en Villa La Lonja, un barrio popular ubicado en la zona sur de C\u00f3rdoba Capital. Los polic\u00edas que se encontraban en un puesto de control hallaron a un beb\u00e9 de un a\u00f1o gateando en una calle de tierra, completamente solo. Los efectivos -que se encontraban patrullando la zona- &hellip;<\/p>\n","protected":false},"author":1,"featured_media":5639,"comment_status":"open","ping_status":"open","sticky":false,"template":"","format":"standard","meta":{"content-type":"","_monsterinsights_skip_tracking":false,"_monsterinsights_sitenote_active":false,"_monsterinsights_sitenote_note":"","_monsterinsights_sitenote_category":0,"_jetpack_memberships_contains_paid_content":false,"footnotes":"","jetpack_publicize_message":"Ocurri\u00f3 en la provincia de C\u00f3rdoba. Tras ponerlo en resguardo, los oficiales lograron localizar a su madre.","jetpack_publicize_feature_enabled":true,"jetpack_social_post_already_shared":true,"jetpack_social_options":{"image_generator_settings":{"template":"highway","default_image_id":0,"font":"","enabled":false},"version":2}},"categories":[86],"tags":[],"class_list":["post-5637","post","type-post","status-publish","format-standard","has-post-thumbnail","hentry","category-policiales"],"yoast_head":"<!-- This site is optimized with the Yoast SEO plugin v27.4 - https:\/\/yoast.com\/product\/yoast-seo-wordpress\/ -->\n<title>Encontraron a un beb\u00e9 de un a\u00f1o gateando solo en plena madrugada | Al Dia Chaco<\/title>\n<meta name=\"robots\" content=\"index, follow, max-snippet:-1, max-image-preview:large, max-video-preview:-1\" \/>\n<link rel=\"canonical\" href=\"https:\/\/aldiachaco.com.ar\/index.php\/2024\/05\/14\/encontraron-a-un-bebe-de-un-ano-gateando-solo-en-plena-madrugada\/\" \/>\n<meta property=\"og:locale\" content=\"es_ES\" \/>\n<meta property=\"og:type\" content=\"article\" \/>\n<meta property=\"og:title\" content=\"Encontraron a un beb\u00e9 de un a\u00f1o gateando solo en plena madrugada | Al Dia Chaco\" \/>\n<meta property=\"og:description\" content=\"Este martes por la\u00a0madrugada\u00a0ocurri\u00f3 un episodio ins\u00f3lito en Villa La Lonja, un barrio popular ubicado en la zona sur de C\u00f3rdoba Capital. Los polic\u00edas que se encontraban en un puesto de control hallaron a un beb\u00e9 de un a\u00f1o gateando en una calle de tierra, completamente solo. Los efectivos -que se encontraban patrullando la zona- &hellip;\" \/>\n<meta property=\"og:url\" content=\"https:\/\/aldiachaco.com.ar\/index.php\/2024\/05\/14\/encontraron-a-un-bebe-de-un-ano-gateando-solo-en-plena-madrugada\/\" \/>\n<meta property=\"og:site_name\" content=\"Al Dia Chaco\" \/>\n<meta property=\"article:published_time\" content=\"2024-05-14T17:55:43+00:00\" \/>\n<meta name=\"author\" content=\"aldiachaco.com.ar\" \/>\n<meta name=\"twitter:card\" content=\"summary_large_image\" \/>\n<meta name=\"twitter:label1\" content=\"Escrito por\" \/>\n\t<meta name=\"twitter:data1\" content=\"aldiachaco.com.ar\" \/>\n\t<meta name=\"twitter:label2\" content=\"Tiempo de lectura\" \/>\n\t<meta name=\"twitter:data2\" content=\"1 minuto\" \/>\n<script type=\"application\/ld+json\" class=\"yoast-schema-graph\">{\"@context\":\"https:\\\/\\\/schema.org\",\"@graph\":[{\"@type\":\"Article\",\"@id\":\"https:\\\/\\\/aldiachaco.com.ar\\\/index.php\\\/2024\\\/05\\\/14\\\/encontraron-a-un-bebe-de-un-ano-gateando-solo-en-plena-madrugada\\\/#article\",\"isPartOf\":{\"@id\":\"https:\\\/\\\/aldiachaco.com.ar\\\/index.php\\\/2024\\\/05\\\/14\\\/encontraron-a-un-bebe-de-un-ano-gateando-solo-en-plena-madrugada\\\/\"},\"author\":{\"name\":\"aldiachaco.com.ar\",\"@id\":\"https:\\\/\\\/aldiachaco.com.ar\\\/#\\\/schema\\\/person\\\/80113835e512ba580e79a945932487f5\"},\"headline\":\"Encontraron a un beb\u00e9 de un a\u00f1o gateando solo en plena madrugada\",\"datePublished\":\"2024-05-14T17:55:43+00:00\",\"mainEntityOfPage\":{\"@id\":\"https:\\\/\\\/aldiachaco.com.ar\\\/index.php\\\/2024\\\/05\\\/14\\\/encontraron-a-un-bebe-de-un-ano-gateando-solo-en-plena-madrugada\\\/\"},\"wordCount\":244,\"commentCount\":0,\"publisher\":{\"@id\":\"https:\\\/\\\/aldiachaco.com.ar\\\/#organization\"},\"image\":{\"@id\":\"https:\\\/\\\/aldiachaco.com.ar\\\/index.php\\\/2024\\\/05\\\/14\\\/encontraron-a-un-bebe-de-un-ano-gateando-solo-en-plena-madrugada\\\/#primaryimage\"},\"thumbnailUrl\":\"https:\\\/\\\/aldiachaco.com.ar\\\/wp-content\\\/uploads\\\/2024\\\/05\\\/46-Bebe.avif\",\"articleSection\":[\"Policiales\"],\"inLanguage\":\"es-AR\",\"potentialAction\":[{\"@type\":\"CommentAction\",\"name\":\"Comment\",\"target\":[\"https:\\\/\\\/aldiachaco.com.ar\\\/index.php\\\/2024\\\/05\\\/14\\\/encontraron-a-un-bebe-de-un-ano-gateando-solo-en-plena-madrugada\\\/#respond\"]}]},{\"@type\":\"WebPage\",\"@id\":\"https:\\\/\\\/aldiachaco.com.ar\\\/index.php\\\/2024\\\/05\\\/14\\\/encontraron-a-un-bebe-de-un-ano-gateando-solo-en-plena-madrugada\\\/\",\"url\":\"https:\\\/\\\/aldiachaco.com.ar\\\/index.php\\\/2024\\\/05\\\/14\\\/encontraron-a-un-bebe-de-un-ano-gateando-solo-en-plena-madrugada\\\/\",\"name\":\"Encontraron a un beb\u00e9 de un a\u00f1o gateando solo en plena madrugada | Al Dia Chaco\",\"isPartOf\":{\"@id\":\"https:\\\/\\\/aldiachaco.com.ar\\\/#website\"},\"primaryImageOfPage\":{\"@id\":\"https:\\\/\\\/aldiachaco.com.ar\\\/index.php\\\/2024\\\/05\\\/14\\\/encontraron-a-un-bebe-de-un-ano-gateando-solo-en-plena-madrugada\\\/#primaryimage\"},\"image\":{\"@id\":\"https:\\\/\\\/aldiachaco.com.ar\\\/index.php\\\/2024\\\/05\\\/14\\\/encontraron-a-un-bebe-de-un-ano-gateando-solo-en-plena-madrugada\\\/#primaryimage\"},\"thumbnailUrl\":\"https:\\\/\\\/aldiachaco.com.ar\\\/wp-content\\\/uploads\\\/2024\\\/05\\\/46-Bebe.avif\",\"datePublished\":\"2024-05-14T17:55:43+00:00\",\"breadcrumb\":{\"@id\":\"https:\\\/\\\/aldiachaco.com.ar\\\/index.php\\\/2024\\\/05\\\/14\\\/encontraron-a-un-bebe-de-un-ano-gateando-solo-en-plena-madrugada\\\/#breadcrumb\"},\"inLanguage\":\"es-AR\",\"potentialAction\":[{\"@type\":\"ReadAction\",\"target\":[\"https:\\\/\\\/aldiachaco.com.ar\\\/index.php\\\/2024\\\/05\\\/14\\\/encontraron-a-un-bebe-de-un-ano-gateando-solo-en-plena-madrugada\\\/\"]}]},{\"@type\":\"ImageObject\",\"inLanguage\":\"es-AR\",\"@id\":\"https:\\\/\\\/aldiachaco.com.ar\\\/index.php\\\/2024\\\/05\\\/14\\\/encontraron-a-un-bebe-de-un-ano-gateando-solo-en-plena-madrugada\\\/#primaryimage\",\"url\":\"https:\\\/\\\/aldiachaco.com.ar\\\/wp-content\\\/uploads\\\/2024\\\/05\\\/46-Bebe.avif\",\"contentUrl\":\"https:\\\/\\\/aldiachaco.com.ar\\\/wp-content\\\/uploads\\\/2024\\\/05\\\/46-Bebe.avif\",\"width\":992,\"height\":558},{\"@type\":\"BreadcrumbList\",\"@id\":\"https:\\\/\\\/aldiachaco.com.ar\\\/index.php\\\/2024\\\/05\\\/14\\\/encontraron-a-un-bebe-de-un-ano-gateando-solo-en-plena-madrugada\\\/#breadcrumb\",\"itemListElement\":[{\"@type\":\"ListItem\",\"position\":1,\"name\":\"Home\",\"item\":\"https:\\\/\\\/aldiachaco.com.ar\\\/\"},{\"@type\":\"ListItem\",\"position\":2,\"name\":\"Encontraron a un beb\u00e9 de un a\u00f1o gateando solo en plena madrugada\"}]},{\"@type\":\"WebSite\",\"@id\":\"https:\\\/\\\/aldiachaco.com.ar\\\/#website\",\"url\":\"https:\\\/\\\/aldiachaco.com.ar\\\/\",\"name\":\"Al Dia Chaco\",\"description\":\"Noticias del Chaco y el mundo\",\"publisher\":{\"@id\":\"https:\\\/\\\/aldiachaco.com.ar\\\/#organization\"},\"alternateName\":\"Al D\u00eda Chaco\",\"potentialAction\":[{\"@type\":\"SearchAction\",\"target\":{\"@type\":\"EntryPoint\",\"urlTemplate\":\"https:\\\/\\\/aldiachaco.com.ar\\\/?s={search_term_string}\"},\"query-input\":{\"@type\":\"PropertyValueSpecification\",\"valueRequired\":true,\"valueName\":\"search_term_string\"}}],\"inLanguage\":\"es-AR\"},{\"@type\":\"Organization\",\"@id\":\"https:\\\/\\\/aldiachaco.com.ar\\\/#organization\",\"name\":\"Al Dia Chaco\",\"url\":\"https:\\\/\\\/aldiachaco.com.ar\\\/\",\"logo\":{\"@type\":\"ImageObject\",\"inLanguage\":\"es-AR\",\"@id\":\"https:\\\/\\\/aldiachaco.com.ar\\\/#\\\/schema\\\/logo\\\/image\\\/\",\"url\":\"https:\\\/\\\/aldiachaco.com.ar\\\/wp-content\\\/uploads\\\/2017\\\/11\\\/AL-DIA-CHACO-L@2x.png\",\"contentUrl\":\"https:\\\/\\\/aldiachaco.com.ar\\\/wp-content\\\/uploads\\\/2017\\\/11\\\/AL-DIA-CHACO-L@2x.png\",\"width\":232,\"height\":60,\"caption\":\"Al Dia Chaco\"},\"image\":{\"@id\":\"https:\\\/\\\/aldiachaco.com.ar\\\/#\\\/schema\\\/logo\\\/image\\\/\"}},{\"@type\":\"Person\",\"@id\":\"https:\\\/\\\/aldiachaco.com.ar\\\/#\\\/schema\\\/person\\\/80113835e512ba580e79a945932487f5\",\"name\":\"aldiachaco.com.ar\",\"image\":{\"@type\":\"ImageObject\",\"inLanguage\":\"es-AR\",\"@id\":\"https:\\\/\\\/aldiachaco.com.ar\\\/wp-content\\\/litespeed\\\/avatar\\\/a7c4ebc5454089d3fd4ef6b87fdd073a.jpg?ver=1777471945\",\"url\":\"https:\\\/\\\/aldiachaco.com.ar\\\/wp-content\\\/litespeed\\\/avatar\\\/a7c4ebc5454089d3fd4ef6b87fdd073a.jpg?ver=1777471945\",\"contentUrl\":\"https:\\\/\\\/aldiachaco.com.ar\\\/wp-content\\\/litespeed\\\/avatar\\\/a7c4ebc5454089d3fd4ef6b87fdd073a.jpg?ver=1777471945\",\"caption\":\"aldiachaco.com.ar\"},\"sameAs\":[\"https:\\\/\\\/aldiachaco.com.ar\"],\"url\":\"https:\\\/\\\/aldiachaco.com.ar\\\/index.php\\\/author\\\/lime-camel-884546-hostingersite-com\\\/\"}]}<\/script>\n<!-- \/ Yoast SEO plugin. -->","yoast_head_json":{"title":"Encontraron a un beb\u00e9 de un a\u00f1o gateando solo en plena madrugada | Al Dia Chaco","robots":{"index":"index","follow":"follow","max-snippet":"max-snippet:-1","max-image-preview":"max-image-preview:large","max-video-preview":"max-video-preview:-1"},"canonical":"https:\/\/aldiachaco.com.ar\/index.php\/2024\/05\/14\/encontraron-a-un-bebe-de-un-ano-gateando-solo-en-plena-madrugada\/","og_locale":"es_ES","og_type":"article","og_title":"Encontraron a un beb\u00e9 de un a\u00f1o gateando solo en plena madrugada | Al Dia Chaco","og_description":"Este martes por la\u00a0madrugada\u00a0ocurri\u00f3 un episodio ins\u00f3lito en Villa La Lonja, un barrio popular ubicado en la zona sur de C\u00f3rdoba Capital. Los polic\u00edas que se encontraban en un puesto de control hallaron a un beb\u00e9 de un a\u00f1o gateando en una calle de tierra, completamente solo. Los efectivos -que se encontraban patrullando la zona- &hellip;","og_url":"https:\/\/aldiachaco.com.ar\/index.php\/2024\/05\/14\/encontraron-a-un-bebe-de-un-ano-gateando-solo-en-plena-madrugada\/","og_site_name":"Al Dia Chaco","article_published_time":"2024-05-14T17:55:43+00:00","author":"aldiachaco.com.ar","twitter_card":"summary_large_image","twitter_misc":{"Escrito por":"aldiachaco.com.ar","Tiempo de lectura":"1 minuto"},"schema":{"@context":"https:\/\/schema.org","@graph":[{"@type":"Article","@id":"https:\/\/aldiachaco.com.ar\/index.php\/2024\/05\/14\/encontraron-a-un-bebe-de-un-ano-gateando-solo-en-plena-madrugada\/#article","isPartOf":{"@id":"https:\/\/aldiachaco.com.ar\/index.php\/2024\/05\/14\/encontraron-a-un-bebe-de-un-ano-gateando-solo-en-plena-madrugada\/"},"author":{"name":"aldiachaco.com.ar","@id":"https:\/\/aldiachaco.com.ar\/#\/schema\/person\/80113835e512ba580e79a945932487f5"},"headline":"Encontraron a un beb\u00e9 de un a\u00f1o gateando solo en plena madrugada","datePublished":"2024-05-14T17:55:43+00:00","mainEntityOfPage":{"@id":"https:\/\/aldiachaco.com.ar\/index.php\/2024\/05\/14\/encontraron-a-un-bebe-de-un-ano-gateando-solo-en-plena-madrugada\/"},"wordCount":244,"commentCount":0,"publisher":{"@id":"https:\/\/aldiachaco.com.ar\/#organization"},"image":{"@id":"https:\/\/aldiachaco.com.ar\/index.php\/2024\/05\/14\/encontraron-a-un-bebe-de-un-ano-gateando-solo-en-plena-madrugada\/#primaryimage"},"thumbnailUrl":"https:\/\/aldiachaco.com.ar\/wp-content\/uploads\/2024\/05\/46-Bebe.avif","articleSection":["Policiales"],"inLanguage":"es-AR","potentialAction":[{"@type":"CommentAction","name":"Comment","target":["https:\/\/aldiachaco.com.ar\/index.php\/2024\/05\/14\/encontraron-a-un-bebe-de-un-ano-gateando-solo-en-plena-madrugada\/#respond"]}]},{"@type":"WebPage","@id":"https:\/\/aldiachaco.com.ar\/index.php\/2024\/05\/14\/encontraron-a-un-bebe-de-un-ano-gateando-solo-en-plena-madrugada\/","url":"https:\/\/aldiachaco.com.ar\/index.php\/2024\/05\/14\/encontraron-a-un-bebe-de-un-ano-gateando-solo-en-plena-madrugada\/","name":"Encontraron a un beb\u00e9 de un a\u00f1o gateando solo en plena madrugada | Al Dia Chaco","isPartOf":{"@id":"https:\/\/aldiachaco.com.ar\/#website"},"primaryImageOfPage":{"@id":"https:\/\/aldiachaco.com.ar\/index.php\/2024\/05\/14\/encontraron-a-un-bebe-de-un-ano-gateando-solo-en-plena-madrugada\/#primaryimage"},"image":{"@id":"https:\/\/aldiachaco.com.ar\/index.php\/2024\/05\/14\/encontraron-a-un-bebe-de-un-ano-gateando-solo-en-plena-madrugada\/#primaryimage"},"thumbnailUrl":"https:\/\/aldiachaco.com.ar\/wp-content\/uploads\/2024\/05\/46-Bebe.avif","datePublished":"2024-05-14T17:55:43+00:00","breadcrumb":{"@id":"https:\/\/aldiachaco.com.ar\/index.php\/2024\/05\/14\/encontraron-a-un-bebe-de-un-ano-gateando-solo-en-plena-madrugada\/#breadcrumb"},"inLanguage":"es-AR","potentialAction":[{"@type":"ReadAction","target":["https:\/\/aldiachaco.com.ar\/index.php\/2024\/05\/14\/encontraron-a-un-bebe-de-un-ano-gateando-solo-en-plena-madrugada\/"]}]},{"@type":"ImageObject","inLanguage":"es-AR","@id":"https:\/\/aldiachaco.com.ar\/index.php\/2024\/05\/14\/encontraron-a-un-bebe-de-un-ano-gateando-solo-en-plena-madrugada\/#primaryimage","url":"https:\/\/aldiachaco.com.ar\/wp-content\/uploads\/2024\/05\/46-Bebe.avif","contentUrl":"https:\/\/aldiachaco.com.ar\/wp-content\/uploads\/2024\/05\/46-Bebe.avif","width":992,"height":558},{"@type":"BreadcrumbList","@id":"https:\/\/aldiachaco.com.ar\/index.php\/2024\/05\/14\/encontraron-a-un-bebe-de-un-ano-gateando-solo-en-plena-madrugada\/#breadcrumb","itemListElement":[{"@type":"ListItem","position":1,"name":"Home","item":"https:\/\/aldiachaco.com.ar\/"},{"@type":"ListItem","position":2,"name":"Encontraron a un beb\u00e9 de un a\u00f1o gateando solo en plena madrugada"}]},{"@type":"WebSite","@id":"https:\/\/aldiachaco.com.ar\/#website","url":"https:\/\/aldiachaco.com.ar\/","name":"Al Dia Chaco","description":"Noticias del Chaco y el mundo","publisher":{"@id":"https:\/\/aldiachaco.com.ar\/#organization"},"alternateName":"Al D\u00eda Chaco","potentialAction":[{"@type":"SearchAction","target":{"@type":"EntryPoint","urlTemplate":"https:\/\/aldiachaco.com.ar\/?s={search_term_string}"},"query-input":{"@type":"PropertyValueSpecification","valueRequired":true,"valueName":"search_term_string"}}],"inLanguage":"es-AR"},{"@type":"Organization","@id":"https:\/\/aldiachaco.com.ar\/#organization","name":"Al Dia Chaco","url":"https:\/\/aldiachaco.com.ar\/","logo":{"@type":"ImageObject","inLanguage":"es-AR","@id":"https:\/\/aldiachaco.com.ar\/#\/schema\/logo\/image\/","url":"https:\/\/aldiachaco.com.ar\/wp-content\/uploads\/2017\/11\/AL-DIA-CHACO-L@2x.png","contentUrl":"https:\/\/aldiachaco.com.ar\/wp-content\/uploads\/2017\/11\/AL-DIA-CHACO-L@2x.png","width":232,"height":60,"caption":"Al Dia Chaco"},"image":{"@id":"https:\/\/aldiachaco.com.ar\/#\/schema\/logo\/image\/"}},{"@type":"Person","@id":"https:\/\/aldiachaco.com.ar\/#\/schema\/person\/80113835e512ba580e79a945932487f5","name":"aldiachaco.com.ar","image":{"@type":"ImageObject","inLanguage":"es-AR","@id":"https:\/\/aldiachaco.com.ar\/wp-content\/litespeed\/avatar\/a7c4ebc5454089d3fd4ef6b87fdd073a.jpg?ver=1777471945","url":"https:\/\/aldiachaco.com.ar\/wp-content\/litespeed\/avatar\/a7c4ebc5454089d3fd4ef6b87fdd073a.jpg?ver=1777471945","contentUrl":"https:\/\/aldiachaco.com.ar\/wp-content\/litespeed\/avatar\/a7c4ebc5454089d3fd4ef6b87fdd073a.jpg?ver=1777471945","caption":"aldiachaco.com.ar"},"sameAs":["https:\/\/aldiachaco.com.ar"],"url":"https:\/\/aldiachaco.com.ar\/index.php\/author\/lime-camel-884546-hostingersite-com\/"}]}},"jetpack_publicize_connections":[],"jetpack_featured_media_url":"https:\/\/aldiachaco.com.ar\/wp-content\/uploads\/2024\/05\/46-Bebe.avif","jetpack_sharing_enabled":true,"amp_enabled":true,"_links":{"self":[{"href":"https:\/\/aldiachaco.com.ar\/index.php\/wp-json\/wp\/v2\/posts\/5637","targetHints":{"allow":["GET"]}}],"collection":[{"href":"https:\/\/aldiachaco.com.ar\/index.php\/wp-json\/wp\/v2\/posts"}],"about":[{"href":"https:\/\/aldiachaco.com.ar\/index.php\/wp-json\/wp\/v2\/types\/post"}],"author":[{"embeddable":true,"href":"https:\/\/aldiachaco.com.ar\/index.php\/wp-json\/wp\/v2\/users\/1"}],"replies":[{"embeddable":true,"href":"https:\/\/aldiachaco.com.ar\/index.php\/wp-json\/wp\/v2\/comments?post=5637"}],"version-history":[{"count":0,"href":"https:\/\/aldiachaco.com.ar\/index.php\/wp-json\/wp\/v2\/posts\/5637\/revisions"}],"wp:featuredmedia":[{"embeddable":true,"href":"https:\/\/aldiachaco.com.ar\/index.php\/wp-json\/wp\/v2\/media\/5639"}],"wp:attachment":[{"href":"https:\/\/aldiachaco.com.ar\/index.php\/wp-json\/wp\/v2\/media?parent=5637"}],"wp:term":[{"taxonomy":"category","embeddable":true,"href":"https:\/\/aldiachaco.com.ar\/index.php\/wp-json\/wp\/v2\/categories?post=5637"},{"taxonomy":"post_tag","embeddable":true,"href":"https:\/\/aldiachaco.com.ar\/index.php\/wp-json\/wp\/v2\/tags?post=5637"}],"curies":[{"name":"wp","href":"https:\/\/api.w.org\/{rel}","templated":true}]}}