{"id":5588,"date":"2024-05-13T19:18:02","date_gmt":"2024-05-13T22:18:02","guid":{"rendered":"https:\/\/aldiachaco.com.ar\/?p=5588"},"modified":"2024-05-13T19:18:02","modified_gmt":"2024-05-13T22:18:02","slug":"dejo-de-regir-la-cedula-azul-que-documentos-son-necesarios-para-conducir","status":"publish","type":"post","link":"https:\/\/aldiachaco.com.ar\/index.php\/2024\/05\/13\/dejo-de-regir-la-cedula-azul-que-documentos-son-necesarios-para-conducir\/","title":{"rendered":"Dej\u00f3 de regir la c\u00e9dula azul: \u00bfQu\u00e9 documentos son necesarios para conducir?"},"content":{"rendered":"<p>El Gobierno, a trav\u00e9s del Ministerio de Justicia,\u00a0oficializ\u00f3 la derogaci\u00f3n de la c\u00e9dula azul para la conducci\u00f3n de cualquier veh\u00edculo en la Rep\u00fablica Argentina.\u00a0La informaci\u00f3n, publicada en la\u00a0Disposici\u00f3n 29\/2024\u00a0en el Bolet\u00edn Oficial,\u00a0les permite a los usuarios circular \u00fanicamente con c\u00e9dula verde\u00a0en su versi\u00f3n digital y\/o f\u00edsica a partir de ahora. A diferencia de lo que ocurr\u00eda previo a esta resoluci\u00f3n,\u00a0la documentaci\u00f3n presentada a trav\u00e9s de Mi Argentina tendr\u00e1 validez.\u00a0Antes, serv\u00eda como complemento del documento en su versi\u00f3n f\u00edsica, que era exigido en todas las circunstancias.<\/p>\n<p>La comunicaci\u00f3n explica tambi\u00e9n que\u00a0la c\u00e9dula verde podr\u00e1 solicitarla \u00fanicamente el titular registral\u00a0(el due\u00f1o del veh\u00edculo) y hacer el pedido para que\u00a0\u201csu propia c\u00e9dula digital sea visualizada en el perfil digital del ciudadano de la aplicaci\u00f3n \u2018Mi Argentina\u2019 de uno o m\u00e1s terceros determinados\u201d\u00a0para su correspondiente autorizaci\u00f3n a usar la unidad en cuesti\u00f3n.<\/p>\n<p>Por otro lado, se estableci\u00f3\u00a0que las c\u00e9dulas de identificaci\u00f3n del automotor no caducar\u00e1n hasta tanto no haya cambios en la titularidad del veh\u00edculo.\u00a0Esa misma regla regir\u00e1 para los duplicados de la documentaci\u00f3n, los cuales podr\u00e1n ser solicitados de manera \u00edntegramente digital.<\/p>\n<p>En tanto, las\u00a0c\u00e9dulas azules y verdes emitidas con anterioridad seguir\u00e1n estando vigentes\u00a0hasta que el solicitante las revoque. En ese sentido, la Agencia Nacional de Seguridad Vial (ANSV) se pronunci\u00f3 a horas de emitida la publicaci\u00f3n en el Bolet\u00edn Oficial\u00a0rectificando cu\u00e1les ser\u00e1n los documentos obligatorios para circular de ahora en m\u00e1s.<\/p>\n<ul>\n<li>Documento Nacional de Identidad (DNI).<\/li>\n<li>Licencia Nacional de Conducir.<\/li>\n<li>C\u00e9dula verde (o C\u00e9dula azul vigente y autorizada por el titular en caso de no contar con la C\u00e9dula verde).<\/li>\n<li>Comprobante de seguro vigente.<\/li>\n<li>Constancia de Revisi\u00f3n T\u00e9cnica Obligatoria (RTO) o Verificaci\u00f3n T\u00e9cnica Vehicular (VTV).<\/li>\n<li>Chapas patentes colocadas visibles, sin alteraciones y en buen estado.<\/li>\n<li>Matafuegos con fecha vigente y balizas triangulares.<\/li>\n<\/ul>\n<p>La eliminaci\u00f3n de la c\u00e9dula azul como documento v\u00e1lido para circular es\u00a0una de las medidas que tom\u00f3 el Ministerio de Justicia el 3 de mayo \u00faltimo,\u00a0junto con el anuncio del cierre del 40% de los Registros del Automotor\u00a0en todo el pa\u00eds y el mencionado fin del vencimiento de las c\u00e9dulas verdes. Hasta el momento, las c\u00e9dulas verdes caducaban al a\u00f1o de su emisi\u00f3n, pero el titular del veh\u00edculo pod\u00eda circular con ellas (para que un tercero autorizado pueda manejar el auto en cuesti\u00f3n, se requer\u00eda la c\u00e9dula azul correspondiente).<\/p>\n<p>Otra de las medidas que dispuso el Ministerio ser\u00e1 la digitalizaci\u00f3n de\u00a0\u201cla totalidad de los legajos de los veh\u00edculos, en todos sus tipos, para constituir un registro digital \u00fanico y completo, permitiendo la eliminaci\u00f3n de los legajos f\u00edsicos\u201d.<\/p>\n<p>Las medidas de la cartera que conduce Mariano C\u00faneo Libarona figuraban en el\u00a0Decreto de Necesidad y Urgencia (DNU) que emiti\u00f3 el presidente Javier Milei el 22 de diciembre \u00faltimo, donde 14 art\u00edculos de la norma estaban dedicados a los registros automotores. La digitalizaci\u00f3n de los registros para que todos los tr\u00e1mites de inscripci\u00f3n y transferencia de un veh\u00edculo puedan hacerse en forma virtual es el coraz\u00f3n de la reforma que impulsa el Gobierno. El decreto de diciembre hab\u00eda establecido en su art\u00edculo 364 que la Direcci\u00f3n Nacional del Registro de la Propiedad Automotor (DNRPA) deb\u00eda poner en marcha su \u201cregistro remoto, abierto, estandarizado y accesible\u201d para el 2 de mayo de este a\u00f1o a m\u00e1s tardar.<\/p>\n<p>Fuente: La Naci\u00f3n<\/p>\n","protected":false},"excerpt":{"rendered":"<p>El Gobierno, a trav\u00e9s del Ministerio de Justicia,\u00a0oficializ\u00f3 la derogaci\u00f3n de la c\u00e9dula azul para la conducci\u00f3n de cualquier veh\u00edculo en la Rep\u00fablica Argentina.\u00a0La informaci\u00f3n, publicada en la\u00a0Disposici\u00f3n 29\/2024\u00a0en el Bolet\u00edn Oficial,\u00a0les permite a los usuarios circular \u00fanicamente con c\u00e9dula verde\u00a0en su versi\u00f3n digital y\/o f\u00edsica a partir de ahora. A diferencia de lo que &hellip;<\/p>\n","protected":false},"author":1,"featured_media":5590,"comment_status":"open","ping_status":"open","sticky":false,"template":"","format":"standard","meta":{"content-type":"","_monsterinsights_skip_tracking":false,"_monsterinsights_sitenote_active":false,"_monsterinsights_sitenote_note":"","_monsterinsights_sitenote_category":0,"_jetpack_memberships_contains_paid_content":false,"footnotes":"","jetpack_publicize_message":"","jetpack_publicize_feature_enabled":true,"jetpack_social_post_already_shared":true,"jetpack_social_options":{"image_generator_settings":{"template":"highway","default_image_id":0,"font":"","enabled":false},"version":2}},"categories":[93],"tags":[],"class_list":["post-5588","post","type-post","status-publish","format-standard","has-post-thumbnail","hentry","category-autos"],"yoast_head":"<!-- This site is optimized with the Yoast SEO plugin v27.4 - https:\/\/yoast.com\/product\/yoast-seo-wordpress\/ -->\n<title>Dej\u00f3 de regir la c\u00e9dula azul: \u00bfQu\u00e9 documentos son necesarios para conducir? | Al Dia Chaco<\/title>\n<meta name=\"robots\" content=\"index, follow, max-snippet:-1, max-image-preview:large, max-video-preview:-1\" \/>\n<link rel=\"canonical\" href=\"https:\/\/aldiachaco.com.ar\/index.php\/2024\/05\/13\/dejo-de-regir-la-cedula-azul-que-documentos-son-necesarios-para-conducir\/\" \/>\n<meta property=\"og:locale\" content=\"es_ES\" \/>\n<meta property=\"og:type\" content=\"article\" \/>\n<meta property=\"og:title\" content=\"Dej\u00f3 de regir la c\u00e9dula azul: \u00bfQu\u00e9 documentos son necesarios para conducir? | Al Dia Chaco\" \/>\n<meta property=\"og:description\" content=\"El Gobierno, a trav\u00e9s del Ministerio de Justicia,\u00a0oficializ\u00f3 la derogaci\u00f3n de la c\u00e9dula azul para la conducci\u00f3n de cualquier veh\u00edculo en la Rep\u00fablica Argentina.\u00a0La informaci\u00f3n, publicada en la\u00a0Disposici\u00f3n 29\/2024\u00a0en el Bolet\u00edn Oficial,\u00a0les permite a los usuarios circular \u00fanicamente con c\u00e9dula verde\u00a0en su versi\u00f3n digital y\/o f\u00edsica a partir de ahora. A diferencia de lo que &hellip;\" \/>\n<meta property=\"og:url\" content=\"https:\/\/aldiachaco.com.ar\/index.php\/2024\/05\/13\/dejo-de-regir-la-cedula-azul-que-documentos-son-necesarios-para-conducir\/\" \/>\n<meta property=\"og:site_name\" content=\"Al Dia Chaco\" \/>\n<meta property=\"article:published_time\" content=\"2024-05-13T22:18:02+00:00\" \/>\n<meta name=\"author\" content=\"aldiachaco.com.ar\" \/>\n<meta name=\"twitter:card\" content=\"summary_large_image\" \/>\n<meta name=\"twitter:label1\" content=\"Escrito por\" \/>\n\t<meta name=\"twitter:data1\" content=\"aldiachaco.com.ar\" \/>\n\t<meta name=\"twitter:label2\" content=\"Tiempo de lectura\" \/>\n\t<meta name=\"twitter:data2\" content=\"3 minutos\" \/>\n<script type=\"application\/ld+json\" class=\"yoast-schema-graph\">{\"@context\":\"https:\\\/\\\/schema.org\",\"@graph\":[{\"@type\":\"Article\",\"@id\":\"https:\\\/\\\/aldiachaco.com.ar\\\/index.php\\\/2024\\\/05\\\/13\\\/dejo-de-regir-la-cedula-azul-que-documentos-son-necesarios-para-conducir\\\/#article\",\"isPartOf\":{\"@id\":\"https:\\\/\\\/aldiachaco.com.ar\\\/index.php\\\/2024\\\/05\\\/13\\\/dejo-de-regir-la-cedula-azul-que-documentos-son-necesarios-para-conducir\\\/\"},\"author\":{\"name\":\"aldiachaco.com.ar\",\"@id\":\"https:\\\/\\\/aldiachaco.com.ar\\\/#\\\/schema\\\/person\\\/80113835e512ba580e79a945932487f5\"},\"headline\":\"Dej\u00f3 de regir la c\u00e9dula azul: \u00bfQu\u00e9 documentos son necesarios para conducir?\",\"datePublished\":\"2024-05-13T22:18:02+00:00\",\"mainEntityOfPage\":{\"@id\":\"https:\\\/\\\/aldiachaco.com.ar\\\/index.php\\\/2024\\\/05\\\/13\\\/dejo-de-regir-la-cedula-azul-que-documentos-son-necesarios-para-conducir\\\/\"},\"wordCount\":645,\"commentCount\":0,\"publisher\":{\"@id\":\"https:\\\/\\\/aldiachaco.com.ar\\\/#organization\"},\"image\":{\"@id\":\"https:\\\/\\\/aldiachaco.com.ar\\\/index.php\\\/2024\\\/05\\\/13\\\/dejo-de-regir-la-cedula-azul-que-documentos-son-necesarios-para-conducir\\\/#primaryimage\"},\"thumbnailUrl\":\"https:\\\/\\\/aldiachaco.com.ar\\\/wp-content\\\/uploads\\\/2024\\\/05\\\/42-Cedula.avif\",\"articleSection\":[\"Autos\"],\"inLanguage\":\"es-AR\",\"potentialAction\":[{\"@type\":\"CommentAction\",\"name\":\"Comment\",\"target\":[\"https:\\\/\\\/aldiachaco.com.ar\\\/index.php\\\/2024\\\/05\\\/13\\\/dejo-de-regir-la-cedula-azul-que-documentos-son-necesarios-para-conducir\\\/#respond\"]}]},{\"@type\":\"WebPage\",\"@id\":\"https:\\\/\\\/aldiachaco.com.ar\\\/index.php\\\/2024\\\/05\\\/13\\\/dejo-de-regir-la-cedula-azul-que-documentos-son-necesarios-para-conducir\\\/\",\"url\":\"https:\\\/\\\/aldiachaco.com.ar\\\/index.php\\\/2024\\\/05\\\/13\\\/dejo-de-regir-la-cedula-azul-que-documentos-son-necesarios-para-conducir\\\/\",\"name\":\"Dej\u00f3 de regir la c\u00e9dula azul: \u00bfQu\u00e9 documentos son necesarios para conducir? | Al Dia Chaco\",\"isPartOf\":{\"@id\":\"https:\\\/\\\/aldiachaco.com.ar\\\/#website\"},\"primaryImageOfPage\":{\"@id\":\"https:\\\/\\\/aldiachaco.com.ar\\\/index.php\\\/2024\\\/05\\\/13\\\/dejo-de-regir-la-cedula-azul-que-documentos-son-necesarios-para-conducir\\\/#primaryimage\"},\"image\":{\"@id\":\"https:\\\/\\\/aldiachaco.com.ar\\\/index.php\\\/2024\\\/05\\\/13\\\/dejo-de-regir-la-cedula-azul-que-documentos-son-necesarios-para-conducir\\\/#primaryimage\"},\"thumbnailUrl\":\"https:\\\/\\\/aldiachaco.com.ar\\\/wp-content\\\/uploads\\\/2024\\\/05\\\/42-Cedula.avif\",\"datePublished\":\"2024-05-13T22:18:02+00:00\",\"breadcrumb\":{\"@id\":\"https:\\\/\\\/aldiachaco.com.ar\\\/index.php\\\/2024\\\/05\\\/13\\\/dejo-de-regir-la-cedula-azul-que-documentos-son-necesarios-para-conducir\\\/#breadcrumb\"},\"inLanguage\":\"es-AR\",\"potentialAction\":[{\"@type\":\"ReadAction\",\"target\":[\"https:\\\/\\\/aldiachaco.com.ar\\\/index.php\\\/2024\\\/05\\\/13\\\/dejo-de-regir-la-cedula-azul-que-documentos-son-necesarios-para-conducir\\\/\"]}]},{\"@type\":\"ImageObject\",\"inLanguage\":\"es-AR\",\"@id\":\"https:\\\/\\\/aldiachaco.com.ar\\\/index.php\\\/2024\\\/05\\\/13\\\/dejo-de-regir-la-cedula-azul-que-documentos-son-necesarios-para-conducir\\\/#primaryimage\",\"url\":\"https:\\\/\\\/aldiachaco.com.ar\\\/wp-content\\\/uploads\\\/2024\\\/05\\\/42-Cedula.avif\",\"contentUrl\":\"https:\\\/\\\/aldiachaco.com.ar\\\/wp-content\\\/uploads\\\/2024\\\/05\\\/42-Cedula.avif\",\"width\":880,\"height\":586},{\"@type\":\"BreadcrumbList\",\"@id\":\"https:\\\/\\\/aldiachaco.com.ar\\\/index.php\\\/2024\\\/05\\\/13\\\/dejo-de-regir-la-cedula-azul-que-documentos-son-necesarios-para-conducir\\\/#breadcrumb\",\"itemListElement\":[{\"@type\":\"ListItem\",\"position\":1,\"name\":\"Home\",\"item\":\"https:\\\/\\\/aldiachaco.com.ar\\\/\"},{\"@type\":\"ListItem\",\"position\":2,\"name\":\"Dej\u00f3 de regir la c\u00e9dula azul: \u00bfQu\u00e9 documentos son necesarios para conducir?\"}]},{\"@type\":\"WebSite\",\"@id\":\"https:\\\/\\\/aldiachaco.com.ar\\\/#website\",\"url\":\"https:\\\/\\\/aldiachaco.com.ar\\\/\",\"name\":\"Al Dia Chaco\",\"description\":\"Noticias del Chaco y el mundo\",\"publisher\":{\"@id\":\"https:\\\/\\\/aldiachaco.com.ar\\\/#organization\"},\"alternateName\":\"Al D\u00eda Chaco\",\"potentialAction\":[{\"@type\":\"SearchAction\",\"target\":{\"@type\":\"EntryPoint\",\"urlTemplate\":\"https:\\\/\\\/aldiachaco.com.ar\\\/?s={search_term_string}\"},\"query-input\":{\"@type\":\"PropertyValueSpecification\",\"valueRequired\":true,\"valueName\":\"search_term_string\"}}],\"inLanguage\":\"es-AR\"},{\"@type\":\"Organization\",\"@id\":\"https:\\\/\\\/aldiachaco.com.ar\\\/#organization\",\"name\":\"Al Dia Chaco\",\"url\":\"https:\\\/\\\/aldiachaco.com.ar\\\/\",\"logo\":{\"@type\":\"ImageObject\",\"inLanguage\":\"es-AR\",\"@id\":\"https:\\\/\\\/aldiachaco.com.ar\\\/#\\\/schema\\\/logo\\\/image\\\/\",\"url\":\"https:\\\/\\\/aldiachaco.com.ar\\\/wp-content\\\/uploads\\\/2017\\\/11\\\/AL-DIA-CHACO-L@2x.png\",\"contentUrl\":\"https:\\\/\\\/aldiachaco.com.ar\\\/wp-content\\\/uploads\\\/2017\\\/11\\\/AL-DIA-CHACO-L@2x.png\",\"width\":232,\"height\":60,\"caption\":\"Al Dia Chaco\"},\"image\":{\"@id\":\"https:\\\/\\\/aldiachaco.com.ar\\\/#\\\/schema\\\/logo\\\/image\\\/\"}},{\"@type\":\"Person\",\"@id\":\"https:\\\/\\\/aldiachaco.com.ar\\\/#\\\/schema\\\/person\\\/80113835e512ba580e79a945932487f5\",\"name\":\"aldiachaco.com.ar\",\"image\":{\"@type\":\"ImageObject\",\"inLanguage\":\"es-AR\",\"@id\":\"https:\\\/\\\/aldiachaco.com.ar\\\/wp-content\\\/litespeed\\\/avatar\\\/a7c4ebc5454089d3fd4ef6b87fdd073a.jpg?ver=1777471945\",\"url\":\"https:\\\/\\\/aldiachaco.com.ar\\\/wp-content\\\/litespeed\\\/avatar\\\/a7c4ebc5454089d3fd4ef6b87fdd073a.jpg?ver=1777471945\",\"contentUrl\":\"https:\\\/\\\/aldiachaco.com.ar\\\/wp-content\\\/litespeed\\\/avatar\\\/a7c4ebc5454089d3fd4ef6b87fdd073a.jpg?ver=1777471945\",\"caption\":\"aldiachaco.com.ar\"},\"sameAs\":[\"https:\\\/\\\/aldiachaco.com.ar\"],\"url\":\"https:\\\/\\\/aldiachaco.com.ar\\\/index.php\\\/author\\\/lime-camel-884546-hostingersite-com\\\/\"}]}<\/script>\n<!-- \/ Yoast SEO plugin. -->","yoast_head_json":{"title":"Dej\u00f3 de regir la c\u00e9dula azul: \u00bfQu\u00e9 documentos son necesarios para conducir? | Al Dia Chaco","robots":{"index":"index","follow":"follow","max-snippet":"max-snippet:-1","max-image-preview":"max-image-preview:large","max-video-preview":"max-video-preview:-1"},"canonical":"https:\/\/aldiachaco.com.ar\/index.php\/2024\/05\/13\/dejo-de-regir-la-cedula-azul-que-documentos-son-necesarios-para-conducir\/","og_locale":"es_ES","og_type":"article","og_title":"Dej\u00f3 de regir la c\u00e9dula azul: \u00bfQu\u00e9 documentos son necesarios para conducir? | Al Dia Chaco","og_description":"El Gobierno, a trav\u00e9s del Ministerio de Justicia,\u00a0oficializ\u00f3 la derogaci\u00f3n de la c\u00e9dula azul para la conducci\u00f3n de cualquier veh\u00edculo en la Rep\u00fablica Argentina.\u00a0La informaci\u00f3n, publicada en la\u00a0Disposici\u00f3n 29\/2024\u00a0en el Bolet\u00edn Oficial,\u00a0les permite a los usuarios circular \u00fanicamente con c\u00e9dula verde\u00a0en su versi\u00f3n digital y\/o f\u00edsica a partir de ahora. A diferencia de lo que &hellip;","og_url":"https:\/\/aldiachaco.com.ar\/index.php\/2024\/05\/13\/dejo-de-regir-la-cedula-azul-que-documentos-son-necesarios-para-conducir\/","og_site_name":"Al Dia Chaco","article_published_time":"2024-05-13T22:18:02+00:00","author":"aldiachaco.com.ar","twitter_card":"summary_large_image","twitter_misc":{"Escrito por":"aldiachaco.com.ar","Tiempo de lectura":"3 minutos"},"schema":{"@context":"https:\/\/schema.org","@graph":[{"@type":"Article","@id":"https:\/\/aldiachaco.com.ar\/index.php\/2024\/05\/13\/dejo-de-regir-la-cedula-azul-que-documentos-son-necesarios-para-conducir\/#article","isPartOf":{"@id":"https:\/\/aldiachaco.com.ar\/index.php\/2024\/05\/13\/dejo-de-regir-la-cedula-azul-que-documentos-son-necesarios-para-conducir\/"},"author":{"name":"aldiachaco.com.ar","@id":"https:\/\/aldiachaco.com.ar\/#\/schema\/person\/80113835e512ba580e79a945932487f5"},"headline":"Dej\u00f3 de regir la c\u00e9dula azul: \u00bfQu\u00e9 documentos son necesarios para conducir?","datePublished":"2024-05-13T22:18:02+00:00","mainEntityOfPage":{"@id":"https:\/\/aldiachaco.com.ar\/index.php\/2024\/05\/13\/dejo-de-regir-la-cedula-azul-que-documentos-son-necesarios-para-conducir\/"},"wordCount":645,"commentCount":0,"publisher":{"@id":"https:\/\/aldiachaco.com.ar\/#organization"},"image":{"@id":"https:\/\/aldiachaco.com.ar\/index.php\/2024\/05\/13\/dejo-de-regir-la-cedula-azul-que-documentos-son-necesarios-para-conducir\/#primaryimage"},"thumbnailUrl":"https:\/\/aldiachaco.com.ar\/wp-content\/uploads\/2024\/05\/42-Cedula.avif","articleSection":["Autos"],"inLanguage":"es-AR","potentialAction":[{"@type":"CommentAction","name":"Comment","target":["https:\/\/aldiachaco.com.ar\/index.php\/2024\/05\/13\/dejo-de-regir-la-cedula-azul-que-documentos-son-necesarios-para-conducir\/#respond"]}]},{"@type":"WebPage","@id":"https:\/\/aldiachaco.com.ar\/index.php\/2024\/05\/13\/dejo-de-regir-la-cedula-azul-que-documentos-son-necesarios-para-conducir\/","url":"https:\/\/aldiachaco.com.ar\/index.php\/2024\/05\/13\/dejo-de-regir-la-cedula-azul-que-documentos-son-necesarios-para-conducir\/","name":"Dej\u00f3 de regir la c\u00e9dula azul: \u00bfQu\u00e9 documentos son necesarios para conducir? | Al Dia Chaco","isPartOf":{"@id":"https:\/\/aldiachaco.com.ar\/#website"},"primaryImageOfPage":{"@id":"https:\/\/aldiachaco.com.ar\/index.php\/2024\/05\/13\/dejo-de-regir-la-cedula-azul-que-documentos-son-necesarios-para-conducir\/#primaryimage"},"image":{"@id":"https:\/\/aldiachaco.com.ar\/index.php\/2024\/05\/13\/dejo-de-regir-la-cedula-azul-que-documentos-son-necesarios-para-conducir\/#primaryimage"},"thumbnailUrl":"https:\/\/aldiachaco.com.ar\/wp-content\/uploads\/2024\/05\/42-Cedula.avif","datePublished":"2024-05-13T22:18:02+00:00","breadcrumb":{"@id":"https:\/\/aldiachaco.com.ar\/index.php\/2024\/05\/13\/dejo-de-regir-la-cedula-azul-que-documentos-son-necesarios-para-conducir\/#breadcrumb"},"inLanguage":"es-AR","potentialAction":[{"@type":"ReadAction","target":["https:\/\/aldiachaco.com.ar\/index.php\/2024\/05\/13\/dejo-de-regir-la-cedula-azul-que-documentos-son-necesarios-para-conducir\/"]}]},{"@type":"ImageObject","inLanguage":"es-AR","@id":"https:\/\/aldiachaco.com.ar\/index.php\/2024\/05\/13\/dejo-de-regir-la-cedula-azul-que-documentos-son-necesarios-para-conducir\/#primaryimage","url":"https:\/\/aldiachaco.com.ar\/wp-content\/uploads\/2024\/05\/42-Cedula.avif","contentUrl":"https:\/\/aldiachaco.com.ar\/wp-content\/uploads\/2024\/05\/42-Cedula.avif","width":880,"height":586},{"@type":"BreadcrumbList","@id":"https:\/\/aldiachaco.com.ar\/index.php\/2024\/05\/13\/dejo-de-regir-la-cedula-azul-que-documentos-son-necesarios-para-conducir\/#breadcrumb","itemListElement":[{"@type":"ListItem","position":1,"name":"Home","item":"https:\/\/aldiachaco.com.ar\/"},{"@type":"ListItem","position":2,"name":"Dej\u00f3 de regir la c\u00e9dula azul: \u00bfQu\u00e9 documentos son necesarios para conducir?"}]},{"@type":"WebSite","@id":"https:\/\/aldiachaco.com.ar\/#website","url":"https:\/\/aldiachaco.com.ar\/","name":"Al Dia Chaco","description":"Noticias del Chaco y el mundo","publisher":{"@id":"https:\/\/aldiachaco.com.ar\/#organization"},"alternateName":"Al D\u00eda Chaco","potentialAction":[{"@type":"SearchAction","target":{"@type":"EntryPoint","urlTemplate":"https:\/\/aldiachaco.com.ar\/?s={search_term_string}"},"query-input":{"@type":"PropertyValueSpecification","valueRequired":true,"valueName":"search_term_string"}}],"inLanguage":"es-AR"},{"@type":"Organization","@id":"https:\/\/aldiachaco.com.ar\/#organization","name":"Al Dia Chaco","url":"https:\/\/aldiachaco.com.ar\/","logo":{"@type":"ImageObject","inLanguage":"es-AR","@id":"https:\/\/aldiachaco.com.ar\/#\/schema\/logo\/image\/","url":"https:\/\/aldiachaco.com.ar\/wp-content\/uploads\/2017\/11\/AL-DIA-CHACO-L@2x.png","contentUrl":"https:\/\/aldiachaco.com.ar\/wp-content\/uploads\/2017\/11\/AL-DIA-CHACO-L@2x.png","width":232,"height":60,"caption":"Al Dia Chaco"},"image":{"@id":"https:\/\/aldiachaco.com.ar\/#\/schema\/logo\/image\/"}},{"@type":"Person","@id":"https:\/\/aldiachaco.com.ar\/#\/schema\/person\/80113835e512ba580e79a945932487f5","name":"aldiachaco.com.ar","image":{"@type":"ImageObject","inLanguage":"es-AR","@id":"https:\/\/aldiachaco.com.ar\/wp-content\/litespeed\/avatar\/a7c4ebc5454089d3fd4ef6b87fdd073a.jpg?ver=1777471945","url":"https:\/\/aldiachaco.com.ar\/wp-content\/litespeed\/avatar\/a7c4ebc5454089d3fd4ef6b87fdd073a.jpg?ver=1777471945","contentUrl":"https:\/\/aldiachaco.com.ar\/wp-content\/litespeed\/avatar\/a7c4ebc5454089d3fd4ef6b87fdd073a.jpg?ver=1777471945","caption":"aldiachaco.com.ar"},"sameAs":["https:\/\/aldiachaco.com.ar"],"url":"https:\/\/aldiachaco.com.ar\/index.php\/author\/lime-camel-884546-hostingersite-com\/"}]}},"jetpack_publicize_connections":[],"jetpack_featured_media_url":"https:\/\/aldiachaco.com.ar\/wp-content\/uploads\/2024\/05\/42-Cedula.avif","jetpack_sharing_enabled":true,"amp_enabled":true,"_links":{"self":[{"href":"https:\/\/aldiachaco.com.ar\/index.php\/wp-json\/wp\/v2\/posts\/5588","targetHints":{"allow":["GET"]}}],"collection":[{"href":"https:\/\/aldiachaco.com.ar\/index.php\/wp-json\/wp\/v2\/posts"}],"about":[{"href":"https:\/\/aldiachaco.com.ar\/index.php\/wp-json\/wp\/v2\/types\/post"}],"author":[{"embeddable":true,"href":"https:\/\/aldiachaco.com.ar\/index.php\/wp-json\/wp\/v2\/users\/1"}],"replies":[{"embeddable":true,"href":"https:\/\/aldiachaco.com.ar\/index.php\/wp-json\/wp\/v2\/comments?post=5588"}],"version-history":[{"count":0,"href":"https:\/\/aldiachaco.com.ar\/index.php\/wp-json\/wp\/v2\/posts\/5588\/revisions"}],"wp:featuredmedia":[{"embeddable":true,"href":"https:\/\/aldiachaco.com.ar\/index.php\/wp-json\/wp\/v2\/media\/5590"}],"wp:attachment":[{"href":"https:\/\/aldiachaco.com.ar\/index.php\/wp-json\/wp\/v2\/media?parent=5588"}],"wp:term":[{"taxonomy":"category","embeddable":true,"href":"https:\/\/aldiachaco.com.ar\/index.php\/wp-json\/wp\/v2\/categories?post=5588"},{"taxonomy":"post_tag","embeddable":true,"href":"https:\/\/aldiachaco.com.ar\/index.php\/wp-json\/wp\/v2\/tags?post=5588"}],"curies":[{"name":"wp","href":"https:\/\/api.w.org\/{rel}","templated":true}]}}