{"id":5546,"date":"2024-05-11T21:33:26","date_gmt":"2024-05-12T00:33:26","guid":{"rendered":"https:\/\/aldiachaco.com.ar\/?p=5546"},"modified":"2024-05-11T21:33:26","modified_gmt":"2024-05-12T00:33:26","slug":"cristina-kirchner-volvio-a-apuntar-contra-el-gobierno-no-mandan-dinero-a-los-comedores-para-comprar-alimentos","status":"publish","type":"post","link":"https:\/\/aldiachaco.com.ar\/index.php\/2024\/05\/11\/cristina-kirchner-volvio-a-apuntar-contra-el-gobierno-no-mandan-dinero-a-los-comedores-para-comprar-alimentos\/","title":{"rendered":"Cristina Kirchner volvi\u00f3 a apuntar contra el Gobierno: &#8220;No mandan dinero a los comedores para comprar alimentos&#8221;"},"content":{"rendered":"<p>La ex presidenta Cristina Fern\u00e1ndez de Kirchner volvi\u00f3 a criticar al gobierno de Javier Milei y esta vez lo hizo desde el Instituto Patria, donde encabez\u00f3 un acto junto al Grupo de Curas en Opci\u00f3n Preferencial por los Pobres.<\/p>\n<p>Se trata de una agrupaci\u00f3n con la que tiene un v\u00ednculo muy cercano, y a la que hab\u00eda elegido para que la acompa\u00f1ara el a\u00f1o pasado, en el Senado de la Naci\u00f3n, para hablar por primera vez luego del intento de asesinato que sufri\u00f3 en la puerta de su departamento en Recoleta, consign\u00f3 Infobae.<\/p>\n<p>Ese grupo de religiosos, que incluye a sacerdotes militantes, como Juan Carlos Molina, Eduardo de la Serna y Francisco \u201cPaco\u201d Oliveira, es muy cr\u00edtico del impacto social de las pol\u00edticas econ\u00f3micas del actual Gobierno. Junto con ellos, la ex mandataria denunci\u00f3 que &#8220;a diario no mandan a los comedores dinero para comprar alimentos&#8221; y que la &#8220;gente come una o dos veces por d\u00eda&#8221;.<\/p>\n<p>El motivo oficial del acto fue la la entronizaci\u00f3n de una imagen de la Virgen de Luj\u00e1n en el edificio partidario que tom\u00f3 como sede principal de sus operaciones pol\u00edticas la ex presidenta.<\/p>\n<p>Adem\u00e1s, ma\u00f1ana se cumplen 50 a\u00f1os del asesinato del padre Carlos Mugica, y en los \u00faltimos d\u00edas hubo distintas expresiones callejeras y en iglesias. Por ejemplo, frente a la Catedral Metropolitana hubo una muestra con carteles y banderas esta semana.<\/p>\n<p>&#8220;Lo peor que nos puede pasar es agachar la cabeza ante lo que est\u00e1 pasando, ah\u00ed s\u00ed estaremos vencidos&#8221;, advirti\u00f3 Cristina. Y pidi\u00f3: &#8220;Quiero decirles a todos y a todas que tenemos que seguir trabajando muy fuerte. En todos los frentes, en las universidades, en los barrios, en las iglesias. Necesitamos adem\u00e1s sacerdotes que hagan lo que hac\u00eda Carlos. Que sal\u00eda a la calle a hablar, a organizar, a interpelar&#8221;.<\/p>\n<p>Fern\u00e1ndez de Kirchner hab\u00eda hablado por primera vez en p\u00fablico y en vivo desde el inicio del gobierno de Milei hace dos semanas, en Quilmes, junto a la intendenta Mayra Mendoza. Ese d\u00eda lanz\u00f3 fuertes cr\u00edticas a la administraci\u00f3n libertaria y algunos mensajes en clave de interna para pedir que sus dirigentes dejen de pelearse.<\/p>\n<p>Despu\u00e9s, encabez\u00f3 un homenaje a Eva Per\u00f3n en un nuevo aniversario de su nacimiento con la inauguraci\u00f3n -tambi\u00e9n en el Instituto Patria- de un \u201cSal\u00f3n de las Mujeres del Bicentenario\u201d. El acto en s\u00ed mismo fue una cr\u00edtica a Milei, que a trav\u00e9s de su hermana, Karina Milei, le cambi\u00f3 el nombre al Sal\u00f3n de las Mujeres de la Casa Rosada por el de Sal\u00f3n de los Pr\u00f3ceres y descolg\u00f3 todos los cuadros de personajes hist\u00f3ricos de g\u00e9nero femenino para reemplazarlos por figuras masculinas.<\/p>\n","protected":false},"excerpt":{"rendered":"<p>La ex presidenta Cristina Fern\u00e1ndez de Kirchner volvi\u00f3 a criticar al gobierno de Javier Milei y esta vez lo hizo desde el Instituto Patria, donde encabez\u00f3 un acto junto al Grupo de Curas en Opci\u00f3n Preferencial por los Pobres. Se trata de una agrupaci\u00f3n con la que tiene un v\u00ednculo muy cercano, y a la &hellip;<\/p>\n","protected":false},"author":1,"featured_media":5547,"comment_status":"open","ping_status":"open","sticky":false,"template":"","format":"standard","meta":{"content-type":"","_monsterinsights_skip_tracking":false,"_monsterinsights_sitenote_active":false,"_monsterinsights_sitenote_note":"","_monsterinsights_sitenote_category":0,"_jetpack_memberships_contains_paid_content":false,"footnotes":"","jetpack_publicize_message":"","jetpack_publicize_feature_enabled":true,"jetpack_social_post_already_shared":true,"jetpack_social_options":{"image_generator_settings":{"template":"highway","default_image_id":0,"font":"","enabled":false},"version":2}},"categories":[153],"tags":[],"class_list":["post-5546","post","type-post","status-publish","format-standard","has-post-thumbnail","hentry","category-politica"],"yoast_head":"<!-- This site is optimized with the Yoast SEO plugin v27.4 - https:\/\/yoast.com\/product\/yoast-seo-wordpress\/ -->\n<title>Cristina Kirchner volvi\u00f3 a apuntar contra el Gobierno: &quot;No mandan dinero a los comedores para comprar alimentos&quot; | Al Dia Chaco<\/title>\n<meta name=\"robots\" content=\"index, follow, max-snippet:-1, max-image-preview:large, max-video-preview:-1\" \/>\n<link rel=\"canonical\" href=\"https:\/\/aldiachaco.com.ar\/index.php\/2024\/05\/11\/cristina-kirchner-volvio-a-apuntar-contra-el-gobierno-no-mandan-dinero-a-los-comedores-para-comprar-alimentos\/\" \/>\n<meta property=\"og:locale\" content=\"es_ES\" \/>\n<meta property=\"og:type\" content=\"article\" \/>\n<meta property=\"og:title\" content=\"Cristina Kirchner volvi\u00f3 a apuntar contra el Gobierno: &quot;No mandan dinero a los comedores para comprar alimentos&quot; | Al Dia Chaco\" \/>\n<meta property=\"og:description\" content=\"La ex presidenta Cristina Fern\u00e1ndez de Kirchner volvi\u00f3 a criticar al gobierno de Javier Milei y esta vez lo hizo desde el Instituto Patria, donde encabez\u00f3 un acto junto al Grupo de Curas en Opci\u00f3n Preferencial por los Pobres. Se trata de una agrupaci\u00f3n con la que tiene un v\u00ednculo muy cercano, y a la &hellip;\" \/>\n<meta property=\"og:url\" content=\"https:\/\/aldiachaco.com.ar\/index.php\/2024\/05\/11\/cristina-kirchner-volvio-a-apuntar-contra-el-gobierno-no-mandan-dinero-a-los-comedores-para-comprar-alimentos\/\" \/>\n<meta property=\"og:site_name\" content=\"Al Dia Chaco\" \/>\n<meta property=\"article:published_time\" content=\"2024-05-12T00:33:26+00:00\" \/>\n<meta property=\"og:image\" content=\"https:\/\/aldiachaco.com.ar\/wp-content\/uploads\/2024\/05\/1715473678053.jpg\" \/>\n\t<meta property=\"og:image:width\" content=\"1080\" \/>\n\t<meta property=\"og:image:height\" content=\"720\" \/>\n\t<meta property=\"og:image:type\" content=\"image\/jpeg\" \/>\n<meta name=\"author\" content=\"aldiachaco.com.ar\" \/>\n<meta name=\"twitter:card\" content=\"summary_large_image\" \/>\n<meta name=\"twitter:label1\" content=\"Escrito por\" \/>\n\t<meta name=\"twitter:data1\" content=\"aldiachaco.com.ar\" \/>\n\t<meta name=\"twitter:label2\" content=\"Tiempo de lectura\" \/>\n\t<meta name=\"twitter:data2\" content=\"2 minutos\" \/>\n<script type=\"application\/ld+json\" class=\"yoast-schema-graph\">{\"@context\":\"https:\\\/\\\/schema.org\",\"@graph\":[{\"@type\":\"Article\",\"@id\":\"https:\\\/\\\/aldiachaco.com.ar\\\/index.php\\\/2024\\\/05\\\/11\\\/cristina-kirchner-volvio-a-apuntar-contra-el-gobierno-no-mandan-dinero-a-los-comedores-para-comprar-alimentos\\\/#article\",\"isPartOf\":{\"@id\":\"https:\\\/\\\/aldiachaco.com.ar\\\/index.php\\\/2024\\\/05\\\/11\\\/cristina-kirchner-volvio-a-apuntar-contra-el-gobierno-no-mandan-dinero-a-los-comedores-para-comprar-alimentos\\\/\"},\"author\":{\"name\":\"aldiachaco.com.ar\",\"@id\":\"https:\\\/\\\/aldiachaco.com.ar\\\/#\\\/schema\\\/person\\\/80113835e512ba580e79a945932487f5\"},\"headline\":\"Cristina Kirchner volvi\u00f3 a apuntar contra el Gobierno: &#8220;No mandan dinero a los comedores para comprar alimentos&#8221;\",\"datePublished\":\"2024-05-12T00:33:26+00:00\",\"mainEntityOfPage\":{\"@id\":\"https:\\\/\\\/aldiachaco.com.ar\\\/index.php\\\/2024\\\/05\\\/11\\\/cristina-kirchner-volvio-a-apuntar-contra-el-gobierno-no-mandan-dinero-a-los-comedores-para-comprar-alimentos\\\/\"},\"wordCount\":495,\"commentCount\":0,\"publisher\":{\"@id\":\"https:\\\/\\\/aldiachaco.com.ar\\\/#organization\"},\"image\":{\"@id\":\"https:\\\/\\\/aldiachaco.com.ar\\\/index.php\\\/2024\\\/05\\\/11\\\/cristina-kirchner-volvio-a-apuntar-contra-el-gobierno-no-mandan-dinero-a-los-comedores-para-comprar-alimentos\\\/#primaryimage\"},\"thumbnailUrl\":\"https:\\\/\\\/aldiachaco.com.ar\\\/wp-content\\\/uploads\\\/2024\\\/05\\\/1715473678053.jpg\",\"articleSection\":[\"Pol\u00edtica\"],\"inLanguage\":\"es-AR\",\"potentialAction\":[{\"@type\":\"CommentAction\",\"name\":\"Comment\",\"target\":[\"https:\\\/\\\/aldiachaco.com.ar\\\/index.php\\\/2024\\\/05\\\/11\\\/cristina-kirchner-volvio-a-apuntar-contra-el-gobierno-no-mandan-dinero-a-los-comedores-para-comprar-alimentos\\\/#respond\"]}]},{\"@type\":\"WebPage\",\"@id\":\"https:\\\/\\\/aldiachaco.com.ar\\\/index.php\\\/2024\\\/05\\\/11\\\/cristina-kirchner-volvio-a-apuntar-contra-el-gobierno-no-mandan-dinero-a-los-comedores-para-comprar-alimentos\\\/\",\"url\":\"https:\\\/\\\/aldiachaco.com.ar\\\/index.php\\\/2024\\\/05\\\/11\\\/cristina-kirchner-volvio-a-apuntar-contra-el-gobierno-no-mandan-dinero-a-los-comedores-para-comprar-alimentos\\\/\",\"name\":\"Cristina Kirchner volvi\u00f3 a apuntar contra el Gobierno: \\\"No mandan dinero a los comedores para comprar alimentos\\\" | Al Dia Chaco\",\"isPartOf\":{\"@id\":\"https:\\\/\\\/aldiachaco.com.ar\\\/#website\"},\"primaryImageOfPage\":{\"@id\":\"https:\\\/\\\/aldiachaco.com.ar\\\/index.php\\\/2024\\\/05\\\/11\\\/cristina-kirchner-volvio-a-apuntar-contra-el-gobierno-no-mandan-dinero-a-los-comedores-para-comprar-alimentos\\\/#primaryimage\"},\"image\":{\"@id\":\"https:\\\/\\\/aldiachaco.com.ar\\\/index.php\\\/2024\\\/05\\\/11\\\/cristina-kirchner-volvio-a-apuntar-contra-el-gobierno-no-mandan-dinero-a-los-comedores-para-comprar-alimentos\\\/#primaryimage\"},\"thumbnailUrl\":\"https:\\\/\\\/aldiachaco.com.ar\\\/wp-content\\\/uploads\\\/2024\\\/05\\\/1715473678053.jpg\",\"datePublished\":\"2024-05-12T00:33:26+00:00\",\"breadcrumb\":{\"@id\":\"https:\\\/\\\/aldiachaco.com.ar\\\/index.php\\\/2024\\\/05\\\/11\\\/cristina-kirchner-volvio-a-apuntar-contra-el-gobierno-no-mandan-dinero-a-los-comedores-para-comprar-alimentos\\\/#breadcrumb\"},\"inLanguage\":\"es-AR\",\"potentialAction\":[{\"@type\":\"ReadAction\",\"target\":[\"https:\\\/\\\/aldiachaco.com.ar\\\/index.php\\\/2024\\\/05\\\/11\\\/cristina-kirchner-volvio-a-apuntar-contra-el-gobierno-no-mandan-dinero-a-los-comedores-para-comprar-alimentos\\\/\"]}]},{\"@type\":\"ImageObject\",\"inLanguage\":\"es-AR\",\"@id\":\"https:\\\/\\\/aldiachaco.com.ar\\\/index.php\\\/2024\\\/05\\\/11\\\/cristina-kirchner-volvio-a-apuntar-contra-el-gobierno-no-mandan-dinero-a-los-comedores-para-comprar-alimentos\\\/#primaryimage\",\"url\":\"https:\\\/\\\/aldiachaco.com.ar\\\/wp-content\\\/uploads\\\/2024\\\/05\\\/1715473678053.jpg\",\"contentUrl\":\"https:\\\/\\\/aldiachaco.com.ar\\\/wp-content\\\/uploads\\\/2024\\\/05\\\/1715473678053.jpg\",\"width\":1080,\"height\":720},{\"@type\":\"BreadcrumbList\",\"@id\":\"https:\\\/\\\/aldiachaco.com.ar\\\/index.php\\\/2024\\\/05\\\/11\\\/cristina-kirchner-volvio-a-apuntar-contra-el-gobierno-no-mandan-dinero-a-los-comedores-para-comprar-alimentos\\\/#breadcrumb\",\"itemListElement\":[{\"@type\":\"ListItem\",\"position\":1,\"name\":\"Home\",\"item\":\"https:\\\/\\\/aldiachaco.com.ar\\\/\"},{\"@type\":\"ListItem\",\"position\":2,\"name\":\"Cristina Kirchner volvi\u00f3 a apuntar contra el Gobierno: &#8220;No mandan dinero a los comedores para comprar alimentos&#8221;\"}]},{\"@type\":\"WebSite\",\"@id\":\"https:\\\/\\\/aldiachaco.com.ar\\\/#website\",\"url\":\"https:\\\/\\\/aldiachaco.com.ar\\\/\",\"name\":\"Al Dia Chaco\",\"description\":\"Noticias del Chaco y el mundo\",\"publisher\":{\"@id\":\"https:\\\/\\\/aldiachaco.com.ar\\\/#organization\"},\"alternateName\":\"Al D\u00eda Chaco\",\"potentialAction\":[{\"@type\":\"SearchAction\",\"target\":{\"@type\":\"EntryPoint\",\"urlTemplate\":\"https:\\\/\\\/aldiachaco.com.ar\\\/?s={search_term_string}\"},\"query-input\":{\"@type\":\"PropertyValueSpecification\",\"valueRequired\":true,\"valueName\":\"search_term_string\"}}],\"inLanguage\":\"es-AR\"},{\"@type\":\"Organization\",\"@id\":\"https:\\\/\\\/aldiachaco.com.ar\\\/#organization\",\"name\":\"Al Dia Chaco\",\"url\":\"https:\\\/\\\/aldiachaco.com.ar\\\/\",\"logo\":{\"@type\":\"ImageObject\",\"inLanguage\":\"es-AR\",\"@id\":\"https:\\\/\\\/aldiachaco.com.ar\\\/#\\\/schema\\\/logo\\\/image\\\/\",\"url\":\"https:\\\/\\\/aldiachaco.com.ar\\\/wp-content\\\/uploads\\\/2017\\\/11\\\/AL-DIA-CHACO-L@2x.png\",\"contentUrl\":\"https:\\\/\\\/aldiachaco.com.ar\\\/wp-content\\\/uploads\\\/2017\\\/11\\\/AL-DIA-CHACO-L@2x.png\",\"width\":232,\"height\":60,\"caption\":\"Al Dia Chaco\"},\"image\":{\"@id\":\"https:\\\/\\\/aldiachaco.com.ar\\\/#\\\/schema\\\/logo\\\/image\\\/\"}},{\"@type\":\"Person\",\"@id\":\"https:\\\/\\\/aldiachaco.com.ar\\\/#\\\/schema\\\/person\\\/80113835e512ba580e79a945932487f5\",\"name\":\"aldiachaco.com.ar\",\"image\":{\"@type\":\"ImageObject\",\"inLanguage\":\"es-AR\",\"@id\":\"https:\\\/\\\/aldiachaco.com.ar\\\/wp-content\\\/litespeed\\\/avatar\\\/a7c4ebc5454089d3fd4ef6b87fdd073a.jpg?ver=1777471945\",\"url\":\"https:\\\/\\\/aldiachaco.com.ar\\\/wp-content\\\/litespeed\\\/avatar\\\/a7c4ebc5454089d3fd4ef6b87fdd073a.jpg?ver=1777471945\",\"contentUrl\":\"https:\\\/\\\/aldiachaco.com.ar\\\/wp-content\\\/litespeed\\\/avatar\\\/a7c4ebc5454089d3fd4ef6b87fdd073a.jpg?ver=1777471945\",\"caption\":\"aldiachaco.com.ar\"},\"sameAs\":[\"https:\\\/\\\/aldiachaco.com.ar\"],\"url\":\"https:\\\/\\\/aldiachaco.com.ar\\\/index.php\\\/author\\\/lime-camel-884546-hostingersite-com\\\/\"}]}<\/script>\n<!-- \/ Yoast SEO plugin. -->","yoast_head_json":{"title":"Cristina Kirchner volvi\u00f3 a apuntar contra el Gobierno: \"No mandan dinero a los comedores para comprar alimentos\" | Al Dia Chaco","robots":{"index":"index","follow":"follow","max-snippet":"max-snippet:-1","max-image-preview":"max-image-preview:large","max-video-preview":"max-video-preview:-1"},"canonical":"https:\/\/aldiachaco.com.ar\/index.php\/2024\/05\/11\/cristina-kirchner-volvio-a-apuntar-contra-el-gobierno-no-mandan-dinero-a-los-comedores-para-comprar-alimentos\/","og_locale":"es_ES","og_type":"article","og_title":"Cristina Kirchner volvi\u00f3 a apuntar contra el Gobierno: \"No mandan dinero a los comedores para comprar alimentos\" | Al Dia Chaco","og_description":"La ex presidenta Cristina Fern\u00e1ndez de Kirchner volvi\u00f3 a criticar al gobierno de Javier Milei y esta vez lo hizo desde el Instituto Patria, donde encabez\u00f3 un acto junto al Grupo de Curas en Opci\u00f3n Preferencial por los Pobres. Se trata de una agrupaci\u00f3n con la que tiene un v\u00ednculo muy cercano, y a la &hellip;","og_url":"https:\/\/aldiachaco.com.ar\/index.php\/2024\/05\/11\/cristina-kirchner-volvio-a-apuntar-contra-el-gobierno-no-mandan-dinero-a-los-comedores-para-comprar-alimentos\/","og_site_name":"Al Dia Chaco","article_published_time":"2024-05-12T00:33:26+00:00","og_image":[{"width":1080,"height":720,"url":"https:\/\/aldiachaco.com.ar\/wp-content\/uploads\/2024\/05\/1715473678053.jpg","type":"image\/jpeg"}],"author":"aldiachaco.com.ar","twitter_card":"summary_large_image","twitter_misc":{"Escrito por":"aldiachaco.com.ar","Tiempo de lectura":"2 minutos"},"schema":{"@context":"https:\/\/schema.org","@graph":[{"@type":"Article","@id":"https:\/\/aldiachaco.com.ar\/index.php\/2024\/05\/11\/cristina-kirchner-volvio-a-apuntar-contra-el-gobierno-no-mandan-dinero-a-los-comedores-para-comprar-alimentos\/#article","isPartOf":{"@id":"https:\/\/aldiachaco.com.ar\/index.php\/2024\/05\/11\/cristina-kirchner-volvio-a-apuntar-contra-el-gobierno-no-mandan-dinero-a-los-comedores-para-comprar-alimentos\/"},"author":{"name":"aldiachaco.com.ar","@id":"https:\/\/aldiachaco.com.ar\/#\/schema\/person\/80113835e512ba580e79a945932487f5"},"headline":"Cristina Kirchner volvi\u00f3 a apuntar contra el Gobierno: &#8220;No mandan dinero a los comedores para comprar alimentos&#8221;","datePublished":"2024-05-12T00:33:26+00:00","mainEntityOfPage":{"@id":"https:\/\/aldiachaco.com.ar\/index.php\/2024\/05\/11\/cristina-kirchner-volvio-a-apuntar-contra-el-gobierno-no-mandan-dinero-a-los-comedores-para-comprar-alimentos\/"},"wordCount":495,"commentCount":0,"publisher":{"@id":"https:\/\/aldiachaco.com.ar\/#organization"},"image":{"@id":"https:\/\/aldiachaco.com.ar\/index.php\/2024\/05\/11\/cristina-kirchner-volvio-a-apuntar-contra-el-gobierno-no-mandan-dinero-a-los-comedores-para-comprar-alimentos\/#primaryimage"},"thumbnailUrl":"https:\/\/aldiachaco.com.ar\/wp-content\/uploads\/2024\/05\/1715473678053.jpg","articleSection":["Pol\u00edtica"],"inLanguage":"es-AR","potentialAction":[{"@type":"CommentAction","name":"Comment","target":["https:\/\/aldiachaco.com.ar\/index.php\/2024\/05\/11\/cristina-kirchner-volvio-a-apuntar-contra-el-gobierno-no-mandan-dinero-a-los-comedores-para-comprar-alimentos\/#respond"]}]},{"@type":"WebPage","@id":"https:\/\/aldiachaco.com.ar\/index.php\/2024\/05\/11\/cristina-kirchner-volvio-a-apuntar-contra-el-gobierno-no-mandan-dinero-a-los-comedores-para-comprar-alimentos\/","url":"https:\/\/aldiachaco.com.ar\/index.php\/2024\/05\/11\/cristina-kirchner-volvio-a-apuntar-contra-el-gobierno-no-mandan-dinero-a-los-comedores-para-comprar-alimentos\/","name":"Cristina Kirchner volvi\u00f3 a apuntar contra el Gobierno: \"No mandan dinero a los comedores para comprar alimentos\" | Al Dia Chaco","isPartOf":{"@id":"https:\/\/aldiachaco.com.ar\/#website"},"primaryImageOfPage":{"@id":"https:\/\/aldiachaco.com.ar\/index.php\/2024\/05\/11\/cristina-kirchner-volvio-a-apuntar-contra-el-gobierno-no-mandan-dinero-a-los-comedores-para-comprar-alimentos\/#primaryimage"},"image":{"@id":"https:\/\/aldiachaco.com.ar\/index.php\/2024\/05\/11\/cristina-kirchner-volvio-a-apuntar-contra-el-gobierno-no-mandan-dinero-a-los-comedores-para-comprar-alimentos\/#primaryimage"},"thumbnailUrl":"https:\/\/aldiachaco.com.ar\/wp-content\/uploads\/2024\/05\/1715473678053.jpg","datePublished":"2024-05-12T00:33:26+00:00","breadcrumb":{"@id":"https:\/\/aldiachaco.com.ar\/index.php\/2024\/05\/11\/cristina-kirchner-volvio-a-apuntar-contra-el-gobierno-no-mandan-dinero-a-los-comedores-para-comprar-alimentos\/#breadcrumb"},"inLanguage":"es-AR","potentialAction":[{"@type":"ReadAction","target":["https:\/\/aldiachaco.com.ar\/index.php\/2024\/05\/11\/cristina-kirchner-volvio-a-apuntar-contra-el-gobierno-no-mandan-dinero-a-los-comedores-para-comprar-alimentos\/"]}]},{"@type":"ImageObject","inLanguage":"es-AR","@id":"https:\/\/aldiachaco.com.ar\/index.php\/2024\/05\/11\/cristina-kirchner-volvio-a-apuntar-contra-el-gobierno-no-mandan-dinero-a-los-comedores-para-comprar-alimentos\/#primaryimage","url":"https:\/\/aldiachaco.com.ar\/wp-content\/uploads\/2024\/05\/1715473678053.jpg","contentUrl":"https:\/\/aldiachaco.com.ar\/wp-content\/uploads\/2024\/05\/1715473678053.jpg","width":1080,"height":720},{"@type":"BreadcrumbList","@id":"https:\/\/aldiachaco.com.ar\/index.php\/2024\/05\/11\/cristina-kirchner-volvio-a-apuntar-contra-el-gobierno-no-mandan-dinero-a-los-comedores-para-comprar-alimentos\/#breadcrumb","itemListElement":[{"@type":"ListItem","position":1,"name":"Home","item":"https:\/\/aldiachaco.com.ar\/"},{"@type":"ListItem","position":2,"name":"Cristina Kirchner volvi\u00f3 a apuntar contra el Gobierno: &#8220;No mandan dinero a los comedores para comprar alimentos&#8221;"}]},{"@type":"WebSite","@id":"https:\/\/aldiachaco.com.ar\/#website","url":"https:\/\/aldiachaco.com.ar\/","name":"Al Dia Chaco","description":"Noticias del Chaco y el mundo","publisher":{"@id":"https:\/\/aldiachaco.com.ar\/#organization"},"alternateName":"Al D\u00eda Chaco","potentialAction":[{"@type":"SearchAction","target":{"@type":"EntryPoint","urlTemplate":"https:\/\/aldiachaco.com.ar\/?s={search_term_string}"},"query-input":{"@type":"PropertyValueSpecification","valueRequired":true,"valueName":"search_term_string"}}],"inLanguage":"es-AR"},{"@type":"Organization","@id":"https:\/\/aldiachaco.com.ar\/#organization","name":"Al Dia Chaco","url":"https:\/\/aldiachaco.com.ar\/","logo":{"@type":"ImageObject","inLanguage":"es-AR","@id":"https:\/\/aldiachaco.com.ar\/#\/schema\/logo\/image\/","url":"https:\/\/aldiachaco.com.ar\/wp-content\/uploads\/2017\/11\/AL-DIA-CHACO-L@2x.png","contentUrl":"https:\/\/aldiachaco.com.ar\/wp-content\/uploads\/2017\/11\/AL-DIA-CHACO-L@2x.png","width":232,"height":60,"caption":"Al Dia Chaco"},"image":{"@id":"https:\/\/aldiachaco.com.ar\/#\/schema\/logo\/image\/"}},{"@type":"Person","@id":"https:\/\/aldiachaco.com.ar\/#\/schema\/person\/80113835e512ba580e79a945932487f5","name":"aldiachaco.com.ar","image":{"@type":"ImageObject","inLanguage":"es-AR","@id":"https:\/\/aldiachaco.com.ar\/wp-content\/litespeed\/avatar\/a7c4ebc5454089d3fd4ef6b87fdd073a.jpg?ver=1777471945","url":"https:\/\/aldiachaco.com.ar\/wp-content\/litespeed\/avatar\/a7c4ebc5454089d3fd4ef6b87fdd073a.jpg?ver=1777471945","contentUrl":"https:\/\/aldiachaco.com.ar\/wp-content\/litespeed\/avatar\/a7c4ebc5454089d3fd4ef6b87fdd073a.jpg?ver=1777471945","caption":"aldiachaco.com.ar"},"sameAs":["https:\/\/aldiachaco.com.ar"],"url":"https:\/\/aldiachaco.com.ar\/index.php\/author\/lime-camel-884546-hostingersite-com\/"}]}},"jetpack_publicize_connections":[],"jetpack_featured_media_url":"https:\/\/aldiachaco.com.ar\/wp-content\/uploads\/2024\/05\/1715473678053.jpg","jetpack_sharing_enabled":true,"amp_enabled":true,"_links":{"self":[{"href":"https:\/\/aldiachaco.com.ar\/index.php\/wp-json\/wp\/v2\/posts\/5546","targetHints":{"allow":["GET"]}}],"collection":[{"href":"https:\/\/aldiachaco.com.ar\/index.php\/wp-json\/wp\/v2\/posts"}],"about":[{"href":"https:\/\/aldiachaco.com.ar\/index.php\/wp-json\/wp\/v2\/types\/post"}],"author":[{"embeddable":true,"href":"https:\/\/aldiachaco.com.ar\/index.php\/wp-json\/wp\/v2\/users\/1"}],"replies":[{"embeddable":true,"href":"https:\/\/aldiachaco.com.ar\/index.php\/wp-json\/wp\/v2\/comments?post=5546"}],"version-history":[{"count":0,"href":"https:\/\/aldiachaco.com.ar\/index.php\/wp-json\/wp\/v2\/posts\/5546\/revisions"}],"wp:featuredmedia":[{"embeddable":true,"href":"https:\/\/aldiachaco.com.ar\/index.php\/wp-json\/wp\/v2\/media\/5547"}],"wp:attachment":[{"href":"https:\/\/aldiachaco.com.ar\/index.php\/wp-json\/wp\/v2\/media?parent=5546"}],"wp:term":[{"taxonomy":"category","embeddable":true,"href":"https:\/\/aldiachaco.com.ar\/index.php\/wp-json\/wp\/v2\/categories?post=5546"},{"taxonomy":"post_tag","embeddable":true,"href":"https:\/\/aldiachaco.com.ar\/index.php\/wp-json\/wp\/v2\/tags?post=5546"}],"curies":[{"name":"wp","href":"https:\/\/api.w.org\/{rel}","templated":true}]}}