{"id":5463,"date":"2024-05-08T07:37:16","date_gmt":"2024-05-08T10:37:16","guid":{"rendered":"https:\/\/aldiachaco.com.ar\/?p=5463"},"modified":"2024-05-08T07:37:16","modified_gmt":"2024-05-08T10:37:16","slug":"barranqueras-continuan-los-operativos-de-la-muni-en-tu-barrio","status":"publish","type":"post","link":"https:\/\/aldiachaco.com.ar\/index.php\/2024\/05\/08\/barranqueras-continuan-los-operativos-de-la-muni-en-tu-barrio\/","title":{"rendered":"Barranqueras: contin\u00faan los operativos de &#8220;La Muni en tu Barrio&#8221;"},"content":{"rendered":"<p>Con el objetivo de acercar las \u00e1reas de la Municipalidad de Barranqueras a la comunidad, la intendente Magda Ayala, inform\u00f3 que durante el mes de mayo se continuar\u00e1n ejecutando los operativos integrales del programa \u201cLa Muni en tu Barrio\u201d<\/p>\n<p>Se desarrollar\u00e1n en distintos puntos de la localidad. Los vecinos podr\u00e1n realizar consultas, tramites, vacunaci\u00f3n,\u00a0 trabajos territorial de servicios y alumbrado entre otros.<\/p>\n<p>Este martes 7 de mayo, el programa se llev\u00f3 a cabo en el Barrio Ucal. Durante la jornada de 9 a 12 \u00a0 y los vecinos pudieron\u00a0 acceder a\u00a0 gestiones, tr\u00e1mites y consultas de todas las Secretarias y \u00e1reas\u00a0 de la Municipalidad.<\/p>\n<p>En este sentido, la Secretar\u00eda de Servicios P\u00fablicos realiz\u00f3 trabajos de poda de \u00e1rboles y desmalezamiento. Por otro lado, la Secretar\u00eda de Obras realiz\u00f3 la colocaci\u00f3n de luminarias, principal reclamo de los vecinos a lo que se solicita la colaboraci\u00f3n de la comunidad para su cuidado. Tambi\u00e9n el \u00e1rea de Riego y Mantenimiento de Calles realiz\u00f3 enripiado en las calles internas del barrio.<\/p>\n<p>El \u00e1rea de Salud asisti\u00f3 con las vacunas de Covid19, antigripal 2024 y calendario completo, tambi\u00e9n las \u00e1reas de Diversidad, G\u00e9neros y Cultura, realizaron asesoramiento, la Guardia Ambiental llev\u00f3 adelante trabajo de desamlezamiento\u00a0 en toda la zona y Desarrollo Local sustentable estuvo\u00a0 presentes con el\u00a0 intercambio de materiales reciclables por plantines o semillas<\/p>\n<p style=\"font-style: inherit; font-weight: inherit;\">A trav\u00e9s del \u00e1rea de Bromatolog\u00eda se aplicaron m\u00e1s de 60 dosis de vacunas antirr\u00e1bica a perros y gatos. En este sentido, la m\u00e9dica veterinaria, directora del \u00e1rea, Besil Elizabeth, inform\u00f3 que el jueves 9 de mayo, continuar\u00e1 con el operativo de vacunaci\u00f3n a animales en las calles Alem y San Juan.<\/p>\n<p style=\"font-style: inherit; font-weight: inherit;\">El objetivo principal es el acercamiento al vecino y resolver sus pedidos, dar a conocer los servicios de la Municipalidad y atender las necesidades de la comunidad.<\/p>\n","protected":false},"excerpt":{"rendered":"<p>Con el objetivo de acercar las \u00e1reas de la Municipalidad de Barranqueras a la comunidad, la intendente Magda Ayala, inform\u00f3 que durante el mes de mayo se continuar\u00e1n ejecutando los operativos integrales del programa \u201cLa Muni en tu Barrio\u201d Se desarrollar\u00e1n en distintos puntos de la localidad. Los vecinos podr\u00e1n realizar consultas, tramites, vacunaci\u00f3n,\u00a0 trabajos &hellip;<\/p>\n","protected":false},"author":1,"featured_media":5464,"comment_status":"open","ping_status":"open","sticky":false,"template":"","format":"standard","meta":{"content-type":"","_monsterinsights_skip_tracking":false,"_monsterinsights_sitenote_active":false,"_monsterinsights_sitenote_note":"","_monsterinsights_sitenote_category":0,"_jetpack_memberships_contains_paid_content":false,"footnotes":"","jetpack_publicize_message":"","jetpack_publicize_feature_enabled":true,"jetpack_social_post_already_shared":false,"jetpack_social_options":{"image_generator_settings":{"template":"highway","default_image_id":0,"font":"","enabled":false},"version":2}},"categories":[1],"tags":[],"class_list":["post-5463","post","type-post","status-publish","format-standard","has-post-thumbnail","hentry","category-aplicaciones"],"yoast_head":"<!-- This site is optimized with the Yoast SEO plugin v27.4 - https:\/\/yoast.com\/product\/yoast-seo-wordpress\/ -->\n<title>Barranqueras: contin\u00faan los operativos de &quot;La Muni en tu Barrio&quot; | Al Dia Chaco<\/title>\n<meta name=\"robots\" content=\"index, follow, max-snippet:-1, max-image-preview:large, max-video-preview:-1\" \/>\n<link rel=\"canonical\" href=\"https:\/\/aldiachaco.com.ar\/index.php\/2024\/05\/08\/barranqueras-continuan-los-operativos-de-la-muni-en-tu-barrio\/\" \/>\n<meta property=\"og:locale\" content=\"es_ES\" \/>\n<meta property=\"og:type\" content=\"article\" \/>\n<meta property=\"og:title\" content=\"Barranqueras: contin\u00faan los operativos de &quot;La Muni en tu Barrio&quot; | Al Dia Chaco\" \/>\n<meta property=\"og:description\" content=\"Con el objetivo de acercar las \u00e1reas de la Municipalidad de Barranqueras a la comunidad, la intendente Magda Ayala, inform\u00f3 que durante el mes de mayo se continuar\u00e1n ejecutando los operativos integrales del programa \u201cLa Muni en tu Barrio\u201d Se desarrollar\u00e1n en distintos puntos de la localidad. Los vecinos podr\u00e1n realizar consultas, tramites, vacunaci\u00f3n,\u00a0 trabajos &hellip;\" \/>\n<meta property=\"og:url\" content=\"https:\/\/aldiachaco.com.ar\/index.php\/2024\/05\/08\/barranqueras-continuan-los-operativos-de-la-muni-en-tu-barrio\/\" \/>\n<meta property=\"og:site_name\" content=\"Al Dia Chaco\" \/>\n<meta property=\"article:published_time\" content=\"2024-05-08T10:37:16+00:00\" \/>\n<meta property=\"og:image\" content=\"https:\/\/aldiachaco.com.ar\/wp-content\/uploads\/2024\/05\/magda-operativo-en-tu-barrio1.jpg\" \/>\n\t<meta property=\"og:image:width\" content=\"808\" \/>\n\t<meta property=\"og:image:height\" content=\"538\" \/>\n\t<meta property=\"og:image:type\" content=\"image\/jpeg\" \/>\n<meta name=\"author\" content=\"aldiachaco.com.ar\" \/>\n<meta name=\"twitter:card\" content=\"summary_large_image\" \/>\n<meta name=\"twitter:label1\" content=\"Escrito por\" \/>\n\t<meta name=\"twitter:data1\" content=\"aldiachaco.com.ar\" \/>\n\t<meta name=\"twitter:label2\" content=\"Tiempo de lectura\" \/>\n\t<meta name=\"twitter:data2\" content=\"2 minutos\" \/>\n<script type=\"application\/ld+json\" class=\"yoast-schema-graph\">{\"@context\":\"https:\\\/\\\/schema.org\",\"@graph\":[{\"@type\":\"Article\",\"@id\":\"https:\\\/\\\/aldiachaco.com.ar\\\/index.php\\\/2024\\\/05\\\/08\\\/barranqueras-continuan-los-operativos-de-la-muni-en-tu-barrio\\\/#article\",\"isPartOf\":{\"@id\":\"https:\\\/\\\/aldiachaco.com.ar\\\/index.php\\\/2024\\\/05\\\/08\\\/barranqueras-continuan-los-operativos-de-la-muni-en-tu-barrio\\\/\"},\"author\":{\"name\":\"aldiachaco.com.ar\",\"@id\":\"https:\\\/\\\/aldiachaco.com.ar\\\/#\\\/schema\\\/person\\\/80113835e512ba580e79a945932487f5\"},\"headline\":\"Barranqueras: contin\u00faan los operativos de &#8220;La Muni en tu Barrio&#8221;\",\"datePublished\":\"2024-05-08T10:37:16+00:00\",\"mainEntityOfPage\":{\"@id\":\"https:\\\/\\\/aldiachaco.com.ar\\\/index.php\\\/2024\\\/05\\\/08\\\/barranqueras-continuan-los-operativos-de-la-muni-en-tu-barrio\\\/\"},\"wordCount\":322,\"commentCount\":0,\"publisher\":{\"@id\":\"https:\\\/\\\/aldiachaco.com.ar\\\/#organization\"},\"image\":{\"@id\":\"https:\\\/\\\/aldiachaco.com.ar\\\/index.php\\\/2024\\\/05\\\/08\\\/barranqueras-continuan-los-operativos-de-la-muni-en-tu-barrio\\\/#primaryimage\"},\"thumbnailUrl\":\"https:\\\/\\\/aldiachaco.com.ar\\\/wp-content\\\/uploads\\\/2024\\\/05\\\/magda-operativo-en-tu-barrio1.jpg\",\"articleSection\":[\"Aplicaciones\"],\"inLanguage\":\"es-AR\",\"potentialAction\":[{\"@type\":\"CommentAction\",\"name\":\"Comment\",\"target\":[\"https:\\\/\\\/aldiachaco.com.ar\\\/index.php\\\/2024\\\/05\\\/08\\\/barranqueras-continuan-los-operativos-de-la-muni-en-tu-barrio\\\/#respond\"]}]},{\"@type\":\"WebPage\",\"@id\":\"https:\\\/\\\/aldiachaco.com.ar\\\/index.php\\\/2024\\\/05\\\/08\\\/barranqueras-continuan-los-operativos-de-la-muni-en-tu-barrio\\\/\",\"url\":\"https:\\\/\\\/aldiachaco.com.ar\\\/index.php\\\/2024\\\/05\\\/08\\\/barranqueras-continuan-los-operativos-de-la-muni-en-tu-barrio\\\/\",\"name\":\"Barranqueras: contin\u00faan los operativos de \\\"La Muni en tu Barrio\\\" | Al Dia Chaco\",\"isPartOf\":{\"@id\":\"https:\\\/\\\/aldiachaco.com.ar\\\/#website\"},\"primaryImageOfPage\":{\"@id\":\"https:\\\/\\\/aldiachaco.com.ar\\\/index.php\\\/2024\\\/05\\\/08\\\/barranqueras-continuan-los-operativos-de-la-muni-en-tu-barrio\\\/#primaryimage\"},\"image\":{\"@id\":\"https:\\\/\\\/aldiachaco.com.ar\\\/index.php\\\/2024\\\/05\\\/08\\\/barranqueras-continuan-los-operativos-de-la-muni-en-tu-barrio\\\/#primaryimage\"},\"thumbnailUrl\":\"https:\\\/\\\/aldiachaco.com.ar\\\/wp-content\\\/uploads\\\/2024\\\/05\\\/magda-operativo-en-tu-barrio1.jpg\",\"datePublished\":\"2024-05-08T10:37:16+00:00\",\"breadcrumb\":{\"@id\":\"https:\\\/\\\/aldiachaco.com.ar\\\/index.php\\\/2024\\\/05\\\/08\\\/barranqueras-continuan-los-operativos-de-la-muni-en-tu-barrio\\\/#breadcrumb\"},\"inLanguage\":\"es-AR\",\"potentialAction\":[{\"@type\":\"ReadAction\",\"target\":[\"https:\\\/\\\/aldiachaco.com.ar\\\/index.php\\\/2024\\\/05\\\/08\\\/barranqueras-continuan-los-operativos-de-la-muni-en-tu-barrio\\\/\"]}]},{\"@type\":\"ImageObject\",\"inLanguage\":\"es-AR\",\"@id\":\"https:\\\/\\\/aldiachaco.com.ar\\\/index.php\\\/2024\\\/05\\\/08\\\/barranqueras-continuan-los-operativos-de-la-muni-en-tu-barrio\\\/#primaryimage\",\"url\":\"https:\\\/\\\/aldiachaco.com.ar\\\/wp-content\\\/uploads\\\/2024\\\/05\\\/magda-operativo-en-tu-barrio1.jpg\",\"contentUrl\":\"https:\\\/\\\/aldiachaco.com.ar\\\/wp-content\\\/uploads\\\/2024\\\/05\\\/magda-operativo-en-tu-barrio1.jpg\",\"width\":808,\"height\":538},{\"@type\":\"BreadcrumbList\",\"@id\":\"https:\\\/\\\/aldiachaco.com.ar\\\/index.php\\\/2024\\\/05\\\/08\\\/barranqueras-continuan-los-operativos-de-la-muni-en-tu-barrio\\\/#breadcrumb\",\"itemListElement\":[{\"@type\":\"ListItem\",\"position\":1,\"name\":\"Home\",\"item\":\"https:\\\/\\\/aldiachaco.com.ar\\\/\"},{\"@type\":\"ListItem\",\"position\":2,\"name\":\"Barranqueras: contin\u00faan los operativos de &#8220;La Muni en tu Barrio&#8221;\"}]},{\"@type\":\"WebSite\",\"@id\":\"https:\\\/\\\/aldiachaco.com.ar\\\/#website\",\"url\":\"https:\\\/\\\/aldiachaco.com.ar\\\/\",\"name\":\"Al Dia Chaco\",\"description\":\"Noticias del Chaco y el mundo\",\"publisher\":{\"@id\":\"https:\\\/\\\/aldiachaco.com.ar\\\/#organization\"},\"alternateName\":\"Al D\u00eda Chaco\",\"potentialAction\":[{\"@type\":\"SearchAction\",\"target\":{\"@type\":\"EntryPoint\",\"urlTemplate\":\"https:\\\/\\\/aldiachaco.com.ar\\\/?s={search_term_string}\"},\"query-input\":{\"@type\":\"PropertyValueSpecification\",\"valueRequired\":true,\"valueName\":\"search_term_string\"}}],\"inLanguage\":\"es-AR\"},{\"@type\":\"Organization\",\"@id\":\"https:\\\/\\\/aldiachaco.com.ar\\\/#organization\",\"name\":\"Al Dia Chaco\",\"url\":\"https:\\\/\\\/aldiachaco.com.ar\\\/\",\"logo\":{\"@type\":\"ImageObject\",\"inLanguage\":\"es-AR\",\"@id\":\"https:\\\/\\\/aldiachaco.com.ar\\\/#\\\/schema\\\/logo\\\/image\\\/\",\"url\":\"https:\\\/\\\/aldiachaco.com.ar\\\/wp-content\\\/uploads\\\/2017\\\/11\\\/AL-DIA-CHACO-L@2x.png\",\"contentUrl\":\"https:\\\/\\\/aldiachaco.com.ar\\\/wp-content\\\/uploads\\\/2017\\\/11\\\/AL-DIA-CHACO-L@2x.png\",\"width\":232,\"height\":60,\"caption\":\"Al Dia Chaco\"},\"image\":{\"@id\":\"https:\\\/\\\/aldiachaco.com.ar\\\/#\\\/schema\\\/logo\\\/image\\\/\"}},{\"@type\":\"Person\",\"@id\":\"https:\\\/\\\/aldiachaco.com.ar\\\/#\\\/schema\\\/person\\\/80113835e512ba580e79a945932487f5\",\"name\":\"aldiachaco.com.ar\",\"image\":{\"@type\":\"ImageObject\",\"inLanguage\":\"es-AR\",\"@id\":\"https:\\\/\\\/aldiachaco.com.ar\\\/wp-content\\\/litespeed\\\/avatar\\\/a7c4ebc5454089d3fd4ef6b87fdd073a.jpg?ver=1777471945\",\"url\":\"https:\\\/\\\/aldiachaco.com.ar\\\/wp-content\\\/litespeed\\\/avatar\\\/a7c4ebc5454089d3fd4ef6b87fdd073a.jpg?ver=1777471945\",\"contentUrl\":\"https:\\\/\\\/aldiachaco.com.ar\\\/wp-content\\\/litespeed\\\/avatar\\\/a7c4ebc5454089d3fd4ef6b87fdd073a.jpg?ver=1777471945\",\"caption\":\"aldiachaco.com.ar\"},\"sameAs\":[\"https:\\\/\\\/aldiachaco.com.ar\"],\"url\":\"https:\\\/\\\/aldiachaco.com.ar\\\/index.php\\\/author\\\/lime-camel-884546-hostingersite-com\\\/\"}]}<\/script>\n<!-- \/ Yoast SEO plugin. -->","yoast_head_json":{"title":"Barranqueras: contin\u00faan los operativos de \"La Muni en tu Barrio\" | Al Dia Chaco","robots":{"index":"index","follow":"follow","max-snippet":"max-snippet:-1","max-image-preview":"max-image-preview:large","max-video-preview":"max-video-preview:-1"},"canonical":"https:\/\/aldiachaco.com.ar\/index.php\/2024\/05\/08\/barranqueras-continuan-los-operativos-de-la-muni-en-tu-barrio\/","og_locale":"es_ES","og_type":"article","og_title":"Barranqueras: contin\u00faan los operativos de \"La Muni en tu Barrio\" | Al Dia Chaco","og_description":"Con el objetivo de acercar las \u00e1reas de la Municipalidad de Barranqueras a la comunidad, la intendente Magda Ayala, inform\u00f3 que durante el mes de mayo se continuar\u00e1n ejecutando los operativos integrales del programa \u201cLa Muni en tu Barrio\u201d Se desarrollar\u00e1n en distintos puntos de la localidad. Los vecinos podr\u00e1n realizar consultas, tramites, vacunaci\u00f3n,\u00a0 trabajos &hellip;","og_url":"https:\/\/aldiachaco.com.ar\/index.php\/2024\/05\/08\/barranqueras-continuan-los-operativos-de-la-muni-en-tu-barrio\/","og_site_name":"Al Dia Chaco","article_published_time":"2024-05-08T10:37:16+00:00","og_image":[{"width":808,"height":538,"url":"https:\/\/aldiachaco.com.ar\/wp-content\/uploads\/2024\/05\/magda-operativo-en-tu-barrio1.jpg","type":"image\/jpeg"}],"author":"aldiachaco.com.ar","twitter_card":"summary_large_image","twitter_misc":{"Escrito por":"aldiachaco.com.ar","Tiempo de lectura":"2 minutos"},"schema":{"@context":"https:\/\/schema.org","@graph":[{"@type":"Article","@id":"https:\/\/aldiachaco.com.ar\/index.php\/2024\/05\/08\/barranqueras-continuan-los-operativos-de-la-muni-en-tu-barrio\/#article","isPartOf":{"@id":"https:\/\/aldiachaco.com.ar\/index.php\/2024\/05\/08\/barranqueras-continuan-los-operativos-de-la-muni-en-tu-barrio\/"},"author":{"name":"aldiachaco.com.ar","@id":"https:\/\/aldiachaco.com.ar\/#\/schema\/person\/80113835e512ba580e79a945932487f5"},"headline":"Barranqueras: contin\u00faan los operativos de &#8220;La Muni en tu Barrio&#8221;","datePublished":"2024-05-08T10:37:16+00:00","mainEntityOfPage":{"@id":"https:\/\/aldiachaco.com.ar\/index.php\/2024\/05\/08\/barranqueras-continuan-los-operativos-de-la-muni-en-tu-barrio\/"},"wordCount":322,"commentCount":0,"publisher":{"@id":"https:\/\/aldiachaco.com.ar\/#organization"},"image":{"@id":"https:\/\/aldiachaco.com.ar\/index.php\/2024\/05\/08\/barranqueras-continuan-los-operativos-de-la-muni-en-tu-barrio\/#primaryimage"},"thumbnailUrl":"https:\/\/aldiachaco.com.ar\/wp-content\/uploads\/2024\/05\/magda-operativo-en-tu-barrio1.jpg","articleSection":["Aplicaciones"],"inLanguage":"es-AR","potentialAction":[{"@type":"CommentAction","name":"Comment","target":["https:\/\/aldiachaco.com.ar\/index.php\/2024\/05\/08\/barranqueras-continuan-los-operativos-de-la-muni-en-tu-barrio\/#respond"]}]},{"@type":"WebPage","@id":"https:\/\/aldiachaco.com.ar\/index.php\/2024\/05\/08\/barranqueras-continuan-los-operativos-de-la-muni-en-tu-barrio\/","url":"https:\/\/aldiachaco.com.ar\/index.php\/2024\/05\/08\/barranqueras-continuan-los-operativos-de-la-muni-en-tu-barrio\/","name":"Barranqueras: contin\u00faan los operativos de \"La Muni en tu Barrio\" | Al Dia Chaco","isPartOf":{"@id":"https:\/\/aldiachaco.com.ar\/#website"},"primaryImageOfPage":{"@id":"https:\/\/aldiachaco.com.ar\/index.php\/2024\/05\/08\/barranqueras-continuan-los-operativos-de-la-muni-en-tu-barrio\/#primaryimage"},"image":{"@id":"https:\/\/aldiachaco.com.ar\/index.php\/2024\/05\/08\/barranqueras-continuan-los-operativos-de-la-muni-en-tu-barrio\/#primaryimage"},"thumbnailUrl":"https:\/\/aldiachaco.com.ar\/wp-content\/uploads\/2024\/05\/magda-operativo-en-tu-barrio1.jpg","datePublished":"2024-05-08T10:37:16+00:00","breadcrumb":{"@id":"https:\/\/aldiachaco.com.ar\/index.php\/2024\/05\/08\/barranqueras-continuan-los-operativos-de-la-muni-en-tu-barrio\/#breadcrumb"},"inLanguage":"es-AR","potentialAction":[{"@type":"ReadAction","target":["https:\/\/aldiachaco.com.ar\/index.php\/2024\/05\/08\/barranqueras-continuan-los-operativos-de-la-muni-en-tu-barrio\/"]}]},{"@type":"ImageObject","inLanguage":"es-AR","@id":"https:\/\/aldiachaco.com.ar\/index.php\/2024\/05\/08\/barranqueras-continuan-los-operativos-de-la-muni-en-tu-barrio\/#primaryimage","url":"https:\/\/aldiachaco.com.ar\/wp-content\/uploads\/2024\/05\/magda-operativo-en-tu-barrio1.jpg","contentUrl":"https:\/\/aldiachaco.com.ar\/wp-content\/uploads\/2024\/05\/magda-operativo-en-tu-barrio1.jpg","width":808,"height":538},{"@type":"BreadcrumbList","@id":"https:\/\/aldiachaco.com.ar\/index.php\/2024\/05\/08\/barranqueras-continuan-los-operativos-de-la-muni-en-tu-barrio\/#breadcrumb","itemListElement":[{"@type":"ListItem","position":1,"name":"Home","item":"https:\/\/aldiachaco.com.ar\/"},{"@type":"ListItem","position":2,"name":"Barranqueras: contin\u00faan los operativos de &#8220;La Muni en tu Barrio&#8221;"}]},{"@type":"WebSite","@id":"https:\/\/aldiachaco.com.ar\/#website","url":"https:\/\/aldiachaco.com.ar\/","name":"Al Dia Chaco","description":"Noticias del Chaco y el mundo","publisher":{"@id":"https:\/\/aldiachaco.com.ar\/#organization"},"alternateName":"Al D\u00eda Chaco","potentialAction":[{"@type":"SearchAction","target":{"@type":"EntryPoint","urlTemplate":"https:\/\/aldiachaco.com.ar\/?s={search_term_string}"},"query-input":{"@type":"PropertyValueSpecification","valueRequired":true,"valueName":"search_term_string"}}],"inLanguage":"es-AR"},{"@type":"Organization","@id":"https:\/\/aldiachaco.com.ar\/#organization","name":"Al Dia Chaco","url":"https:\/\/aldiachaco.com.ar\/","logo":{"@type":"ImageObject","inLanguage":"es-AR","@id":"https:\/\/aldiachaco.com.ar\/#\/schema\/logo\/image\/","url":"https:\/\/aldiachaco.com.ar\/wp-content\/uploads\/2017\/11\/AL-DIA-CHACO-L@2x.png","contentUrl":"https:\/\/aldiachaco.com.ar\/wp-content\/uploads\/2017\/11\/AL-DIA-CHACO-L@2x.png","width":232,"height":60,"caption":"Al Dia Chaco"},"image":{"@id":"https:\/\/aldiachaco.com.ar\/#\/schema\/logo\/image\/"}},{"@type":"Person","@id":"https:\/\/aldiachaco.com.ar\/#\/schema\/person\/80113835e512ba580e79a945932487f5","name":"aldiachaco.com.ar","image":{"@type":"ImageObject","inLanguage":"es-AR","@id":"https:\/\/aldiachaco.com.ar\/wp-content\/litespeed\/avatar\/a7c4ebc5454089d3fd4ef6b87fdd073a.jpg?ver=1777471945","url":"https:\/\/aldiachaco.com.ar\/wp-content\/litespeed\/avatar\/a7c4ebc5454089d3fd4ef6b87fdd073a.jpg?ver=1777471945","contentUrl":"https:\/\/aldiachaco.com.ar\/wp-content\/litespeed\/avatar\/a7c4ebc5454089d3fd4ef6b87fdd073a.jpg?ver=1777471945","caption":"aldiachaco.com.ar"},"sameAs":["https:\/\/aldiachaco.com.ar"],"url":"https:\/\/aldiachaco.com.ar\/index.php\/author\/lime-camel-884546-hostingersite-com\/"}]}},"jetpack_publicize_connections":[],"jetpack_featured_media_url":"https:\/\/aldiachaco.com.ar\/wp-content\/uploads\/2024\/05\/magda-operativo-en-tu-barrio1.jpg","jetpack_sharing_enabled":true,"amp_enabled":true,"_links":{"self":[{"href":"https:\/\/aldiachaco.com.ar\/index.php\/wp-json\/wp\/v2\/posts\/5463","targetHints":{"allow":["GET"]}}],"collection":[{"href":"https:\/\/aldiachaco.com.ar\/index.php\/wp-json\/wp\/v2\/posts"}],"about":[{"href":"https:\/\/aldiachaco.com.ar\/index.php\/wp-json\/wp\/v2\/types\/post"}],"author":[{"embeddable":true,"href":"https:\/\/aldiachaco.com.ar\/index.php\/wp-json\/wp\/v2\/users\/1"}],"replies":[{"embeddable":true,"href":"https:\/\/aldiachaco.com.ar\/index.php\/wp-json\/wp\/v2\/comments?post=5463"}],"version-history":[{"count":0,"href":"https:\/\/aldiachaco.com.ar\/index.php\/wp-json\/wp\/v2\/posts\/5463\/revisions"}],"wp:featuredmedia":[{"embeddable":true,"href":"https:\/\/aldiachaco.com.ar\/index.php\/wp-json\/wp\/v2\/media\/5464"}],"wp:attachment":[{"href":"https:\/\/aldiachaco.com.ar\/index.php\/wp-json\/wp\/v2\/media?parent=5463"}],"wp:term":[{"taxonomy":"category","embeddable":true,"href":"https:\/\/aldiachaco.com.ar\/index.php\/wp-json\/wp\/v2\/categories?post=5463"},{"taxonomy":"post_tag","embeddable":true,"href":"https:\/\/aldiachaco.com.ar\/index.php\/wp-json\/wp\/v2\/tags?post=5463"}],"curies":[{"name":"wp","href":"https:\/\/api.w.org\/{rel}","templated":true}]}}