{"id":4644,"date":"2024-04-23T09:05:49","date_gmt":"2024-04-23T12:05:49","guid":{"rendered":"https:\/\/aldiachaco.com.ar\/?p=4644"},"modified":"2024-04-23T09:11:37","modified_gmt":"2024-04-23T12:11:37","slug":"javier-milei-dio-detalles-en-cadena-nacional-del-superavit-fiscal-en-el-primer-trimestre-del-ano","status":"publish","type":"post","link":"https:\/\/aldiachaco.com.ar\/index.php\/2024\/04\/23\/javier-milei-dio-detalles-en-cadena-nacional-del-superavit-fiscal-en-el-primer-trimestre-del-ano\/","title":{"rendered":"Javier Milei dio detalles en cadena nacional del super\u00e1vit fiscal en el primer trimestre del a\u00f1o"},"content":{"rendered":"<div class=\"styles_section-container-title__q8BDD\">\n<div class=\"orig-container\">\n<p>&nbsp;<\/p>\n<\/div>\n<\/div>\n<div class=\"styles_container-article-image__hbOp_\">En cadena nacional, el Presidente defendi\u00f3 su programa econ\u00f3mico. Destac\u00f3 la acumulaci\u00f3n de reservas en el Banco Central y afirm\u00f3: \u201cEl d\u00e9ficit cero no es una consigna de marketing para este Gobierno, es un mandamiento\u201d<\/div>\n<div><\/div>\n<div>El presidente\u00a0<b>Javier Milei<\/b>\u00a0hizo una defensa de la pol\u00edtica econ\u00f3mica de su gobierno, a poco m\u00e1s de cuatro meses de iniciada su gesti\u00f3n, y anunci\u00f3 en cadena nacional que el Gobierno termin\u00f3 el\u00a0<b>primer trimestre con super\u00e1vit fiscal del 0,2% del PBI<\/b>, por lo que cumpli\u00f3 con margen la meta fijada con el Fondo Monetario Internacional.<\/div>\n<div><\/div>\n<div>\n<div class=\"custom-text text-content styles_paragraph-detail__iq2ji styles_lila-links__fmg8W styles_note-styles__iXm81\">\n<p>\u201cEl d\u00e9ficit cero no es una consigna de marketing para este Gobierno, es un mandamiento\u201d, insisti\u00f3 Milei durante la cadena grabada a la tarde en el Sal\u00f3n Blanco de Casa Rosada y emitida a las 21, acompa\u00f1ado por el ministro de Econom\u00eda, <strong>Luis Caputo;\u00a0<\/strong>el secretario de Finanzas, Pablo Quirno; el presidente del Banco Central, <strong>Santiago Bausili; <\/strong>y el vicepresidente del Banco Central, Vladimir Werning.<\/p>\n<\/div>\n<div class=\"custom-text text-content styles_paragraph-detail__iq2ji styles_lila-links__fmg8W styles_note-styles__iXm81\">\n<p>&#8220;Es el \u00faltimo tramo de un esfuerzo heroico&#8221;, subray\u00f3 Milei. &#8220;Ya hemos recorrido m\u00e1s de la mitad del camino&#8221;, agreg\u00f3 el mandatario nacional.<\/p>\n<\/div>\n<div class=\"custom-text text-content styles_paragraph-detail__iq2ji styles_lila-links__fmg8W styles_note-styles__iXm81\">\n<p>Milei utiliz\u00f3 la tercera cadena nacional de su gesti\u00f3n para destacar el \u201cmilagro\u201d que realiz\u00f3 en este primer trimestre \u201cen contra de los pron\u00f3sticos de la mayor\u00eda de los dirigente pol\u00edticos, los economistas profesionales, televisivos y petardistas tribuneros\u201d.<\/p>\n<\/div>\n<div class=\"custom-text text-content styles_paragraph-detail__iq2ji styles_lila-links__fmg8W styles_note-styles__iXm81\">\n<p>&#8220;Quiero anunciar que el sector p\u00fablico nacional registr\u00f3 un super\u00e1vit financiero de m\u00e1s de 275 mil millones de pesos. Es el 0,2% del PBI. Es el primero desde el a\u00f1o 2008. No es ni m\u00e1s ni menos que el \u00fanico punto de partida para terminar con el infierno inflacionario. Es lisa llanamente una haza\u00f1a de nivel mundial\u201d, se\u00f1al\u00f3 el jefe de Estado.<\/p>\n<\/div>\n<div class=\"custom-text text-content styles_paragraph-detail__iq2ji styles_lila-links__fmg8W styles_note-styles__iXm81\">\n<p>\u201cEl super\u00e1vit fiscal es la piedra angular desde la cual construiremos la nueva era de prosperidad de la Argentina. Haber logrado ese super\u00e1vit en argentina, que ha tenido d\u00e9ficit 113 de los \u00faltimos 123 a\u00f1os, habiendo recibido este gobierno un d\u00e9ficit consolidado de m\u00e1s de 15 puntos del producto entre d\u00e9ficit del tesoro y d\u00e9ficit del banco central; y haber ajustado 13 puntos de esos 15 en tan solo tres meses de gobierno, es lisa y llanamente una haza\u00f1a de proporciones hist\u00f3ricas a nivel mundial\u201d, destac\u00f3.<\/p>\n<\/div>\n<div class=\"custom-text text-content styles_paragraph-detail__iq2ji styles_lila-links__fmg8W styles_note-styles__iXm81\">\n<p>\u201cEste milagro econ\u00f3mico que ha sido lograr super\u00e1vit financiero trimestral luego de casi 20 a\u00f1os, habiendo recibido la herencia que recibimos, responde a lo que suelen afirmar los que quieren el fracaso de este gobierno, en enorme medida a lo que durante la campa\u00f1a llamamos motosierra, y no como dicen algunos a la licuaci\u00f3n del gasto p\u00fablico, m\u00e9todo que hist\u00f3ricamente se ha utilizado en nuestro pa\u00eds\u201d, subray\u00f3.<\/p>\n<p>\u201cEstamos haciendo posible lo imposible, con la mayor\u00eda de la pol\u00edtica, sindicatos, periodistas y actores econ\u00f3micos en contra. La inflaci\u00f3n se est\u00e1 desplomando y es todos los meses m\u00e1s bajo que lo esperado. El requisito es garantizar un orden econ\u00f3mico s\u00f3lido y estable. Para que los argentinos se asocien, comercien libremente y lleven adelante su proyecto de vida. Precios libres y se\u00f1ales claras para poder planificar e invertir. Esa es la tarea del estado, generar las condiciones b\u00e1sicas\u201d, continu\u00f3 el jefe de Estado.<\/p>\n<\/div>\n<p class=\"paragraph\" data-mrf-recirculation=\"Links inline\">Mencion\u00f3 que para quienes esperan que el Gobierno en alg\u00fan momento aumente el gasto, \u201ceso nunca va a ocurrir en nuestro Gobierno\u201d. \u201c<b>La inflaci\u00f3n es un robo.<\/b>\u00a0El d\u00e9ficit cero es un mandamiento. Esto quiere decir que cada peso ser\u00e1 devuelto a trav\u00e9s de reducciones de impuestos. Ahorro y reducci\u00f3n de impuestos hasta tener un nivel de gasto acorde al de un pa\u00eds que necesita crecer\u201d, postul\u00f3.<\/p>\n<p class=\"paragraph\" data-mrf-recirculation=\"Links inline\">\u201c<b>No esperen la salida de la mano del gasto p\u00fablico<\/b>. Nunca m\u00e1s vamos a volvera eso. La salida es de la mano del sector privado y el cr\u00e9dito financiado con el ahorro. Un estado que vela por la vida, la libertad y propiedad de los individuos\u201d, mencion\u00f3 Milei.<\/p>\n<p class=\"paragraph\" data-mrf-recirculation=\"Links inline\">As\u00ed, el Poder Ejecutivo sobrecumpli\u00f3<b>\u00a0la meta fijada<\/b>\u00a0con el Fondo Monetario Internacional mientras el Gobierno a\u00fan apunta a conseguir un acuerdo nuevo con el organismo. El equilibrio fiscal fue alcanzado por una combinaci\u00f3n de recortes en partidas presupuestarias (obra p\u00fablica, transferencias a provincias) o licuaci\u00f3n de otras en comparaci\u00f3n de la inflaci\u00f3n (salarios p\u00fablico o jubilaciones). Un resultado fiscal positivo acumulado al t\u00e9rmino de marzo no se registraba desde 2008, seg\u00fan dijo el jefe de Estado.<\/p>\n<div class=\"headline-wrapper\">\n<h2 class=\"header headline-class-h2\">Los n\u00fameros del ajuste detr\u00e1s del super\u00e1vit fiscal<\/h2>\n<\/div>\n<p class=\"paragraph\" data-mrf-recirculation=\"Links inline\">Seg\u00fan public\u00f3 el Ministerio de Econom\u00eda tras el discurso presidencial, en marzo el super\u00e1vit primario fue de<b>\u00a0$625.034 millones\u00a0<\/b>y, al agregar el pago de intereses de deuda, tuvo un excedente financiero de<b>\u00a0$276.638 millones<\/b>.<\/p>\n<p class=\"paragraph\" data-mrf-recirculation=\"Links inline\">\u201cEl sector p\u00fablico nacional registr\u00f3 tres meses consecutivos de excedente financiero por primera vez desde el 2008, acumulando un super\u00e1vit luego de intereses equivalente a aproximadamente\u00a0<b>0,2% del PIB\u00a0<\/b>en el primer trimestre del 2024 (super\u00e1vit primario de aproximadamente\u00a0<b>0,6% del PIB<\/b>). De esta forma se contin\u00faa consolidando la prudencia fiscal,\u00a0<b>sobrecumpliendo incluso la meta fiscal\u00a0<\/b>acordada con el FMI en el Acuerdo de Facilidades Extendidas para el primer trimestre\u201d, plante\u00f3 el Palacio de Hacienda.<\/p>\n<p class=\"paragraph\" data-mrf-recirculation=\"Links inline\">\u201cDurante el primer trimestre del a\u00f1o, los\u00a0<b>ingresos totales cayeron un 4,5% real,<\/b>\u00a0mientras que\u00a0<b>el gasto primario descendi\u00f3 un 35% interanual real<\/b>. Cabe destacar que esta variaci\u00f3n real del gasto primario result\u00f3 ser la mayor variaci\u00f3n interanual real de los \u00faltimos 30 a\u00f1os para un trimestre, como puede observarse en el Gr\u00e1fico 1. Como resultado, el super\u00e1vit primario asciende a\u00a0<b>$3.868.000 millones<\/b>, lo que equivaldr\u00eda a un 0,6% del PIB. El super\u00e1vit fiscal asciende a\u00a0<b>$1.133.000 millones<\/b>, lo que equivaldr\u00eda a un 0,2% del PIB\u201d, estim\u00f3 el economista del Instituto Argentino de An\u00e1lisis Fiscal (Iaraf)<b>\u00a0Nadin Arga\u00f1araz<\/b>.<\/p>\n<p class=\"paragraph\" data-mrf-recirculation=\"Links inline\">Datos oficiales anticipados del primer trimestre a los que tuvo acceso<b>\u00a0Infobae<\/b>\u00a0sobre el<b>\u00a0resultado fiscal del Tesoro<\/b>\u00a0\u2013el dato que publica la Secretar\u00eda de Hacienda y que anunciar\u00e1 el jefe de Estado\u00a0<b>involucran tambi\u00e9n a otras \u00e1reas\u00a0<\/b>de la administraci\u00f3n p\u00fablica nacional\u2013 ya mostraban que las partidas del gasto que tuvieron los ajustes m\u00e1s marcados fueron los gastos de capital (<b>obra p\u00fablica<\/b>) que en t\u00e9rminos nominales\u00a0<b>cayeron 68 por ciento<\/b>.<\/p>\n<p class=\"paragraph\" data-mrf-recirculation=\"Links inline\">Otros, por su parte, subieron pero muy<b>\u00a0por debajo de la inflaci\u00f3n<\/b>, como las Transferencias al sector privado -t\u00edpicamente subsidios- que subieron<b>\u00a098%<\/b>, universidades\u00a0<b>(180%<\/b>), transferencias a provincias (solo<b>\u00a02,7%<\/b>) y salarios p\u00fablicos (<b>195 por ciento<\/b>). Solo el Tesoro, que es uno de los componentes del sector p\u00fablico nacional -que es lo mide el Ministerio de Econom\u00eda para calcular su resultado fiscal- termin\u00f3 el primer trimestre con<b>\u00a01,9 billones de pesos\u00a0<\/b>de\u00a0<b>super\u00e1vit primario<\/b>, aunque un\u00a0<b>d\u00e9ficit financiero<\/b>\u00a0de\u00a0<b>967.000 millones de pesos<\/b>\u00a0al agregar en la cuenta el pago de intereses de deuda, que en el primer trimestre fueron de\u00a0<b>2,9 billones de pesos<\/b>.<\/p>\n<p class=\"paragraph\" data-mrf-recirculation=\"Links inline\">El resultado superavitario que anunci\u00f3 Milei tiene cifras distintas ya que esa contabilidad final incluye, adem\u00e1s del Tesoro,\u00a0<b>organismos descentralizados, institutos de Seguridad Social (Anses), PAMI y fondos fiduciarios<\/b>, entre otras \u00e1reas de la administraci\u00f3n p\u00fablica.<\/p>\n<\/div>\n<p data-mrf-recirculation=\"Links inline\">Fuente: Infobae<\/p>\n<div><\/div>\n","protected":false},"excerpt":{"rendered":"<p>&nbsp; En cadena nacional, el Presidente defendi\u00f3 su programa econ\u00f3mico. Destac\u00f3 la acumulaci\u00f3n de reservas en el Banco Central y afirm\u00f3: \u201cEl d\u00e9ficit cero no es una consigna de marketing para este Gobierno, es un mandamiento\u201d El presidente\u00a0Javier Milei\u00a0hizo una defensa de la pol\u00edtica econ\u00f3mica de su gobierno, a poco m\u00e1s de cuatro meses de &hellip;<\/p>\n","protected":false},"author":1,"featured_media":4645,"comment_status":"open","ping_status":"open","sticky":false,"template":"","format":"standard","meta":{"content-type":"","_monsterinsights_skip_tracking":false,"_monsterinsights_sitenote_active":false,"_monsterinsights_sitenote_note":"","_monsterinsights_sitenote_category":0,"_jetpack_memberships_contains_paid_content":false,"footnotes":"","jetpack_publicize_message":"","jetpack_publicize_feature_enabled":true,"jetpack_social_post_already_shared":false,"jetpack_social_options":{"image_generator_settings":{"template":"highway","default_image_id":0,"font":"","enabled":false},"version":2}},"categories":[153],"tags":[],"class_list":["post-4644","post","type-post","status-publish","format-standard","has-post-thumbnail","hentry","category-politica"],"yoast_head":"<!-- This site is optimized with the Yoast SEO plugin v27.4 - https:\/\/yoast.com\/product\/yoast-seo-wordpress\/ -->\n<title>Javier Milei dio detalles en cadena nacional del super\u00e1vit fiscal en el primer trimestre del a\u00f1o | Al Dia Chaco<\/title>\n<meta name=\"robots\" content=\"index, follow, max-snippet:-1, max-image-preview:large, max-video-preview:-1\" \/>\n<link rel=\"canonical\" href=\"https:\/\/aldiachaco.com.ar\/index.php\/2024\/04\/23\/javier-milei-dio-detalles-en-cadena-nacional-del-superavit-fiscal-en-el-primer-trimestre-del-ano\/\" \/>\n<meta property=\"og:locale\" content=\"es_ES\" \/>\n<meta property=\"og:type\" content=\"article\" \/>\n<meta property=\"og:title\" content=\"Javier Milei dio detalles en cadena nacional del super\u00e1vit fiscal en el primer trimestre del a\u00f1o | Al Dia Chaco\" \/>\n<meta property=\"og:description\" content=\"&nbsp; En cadena nacional, el Presidente defendi\u00f3 su programa econ\u00f3mico. Destac\u00f3 la acumulaci\u00f3n de reservas en el Banco Central y afirm\u00f3: \u201cEl d\u00e9ficit cero no es una consigna de marketing para este Gobierno, es un mandamiento\u201d El presidente\u00a0Javier Milei\u00a0hizo una defensa de la pol\u00edtica econ\u00f3mica de su gobierno, a poco m\u00e1s de cuatro meses de &hellip;\" \/>\n<meta property=\"og:url\" content=\"https:\/\/aldiachaco.com.ar\/index.php\/2024\/04\/23\/javier-milei-dio-detalles-en-cadena-nacional-del-superavit-fiscal-en-el-primer-trimestre-del-ano\/\" \/>\n<meta property=\"og:site_name\" content=\"Al Dia Chaco\" \/>\n<meta property=\"article:published_time\" content=\"2024-04-23T12:05:49+00:00\" \/>\n<meta property=\"article:modified_time\" content=\"2024-04-23T12:11:37+00:00\" \/>\n<meta property=\"og:image\" content=\"https:\/\/aldiachaco.com.ar\/wp-content\/uploads\/2024\/04\/lg.webp\" \/>\n\t<meta property=\"og:image:width\" content=\"1200\" \/>\n\t<meta property=\"og:image:height\" content=\"817\" \/>\n\t<meta property=\"og:image:type\" content=\"image\/webp\" \/>\n<meta name=\"author\" content=\"aldiachaco.com.ar\" \/>\n<meta name=\"twitter:card\" content=\"summary_large_image\" \/>\n<meta name=\"twitter:label1\" content=\"Escrito por\" \/>\n\t<meta name=\"twitter:data1\" content=\"aldiachaco.com.ar\" \/>\n\t<meta name=\"twitter:label2\" content=\"Tiempo de lectura\" \/>\n\t<meta name=\"twitter:data2\" content=\"6 minutos\" \/>\n<script type=\"application\/ld+json\" class=\"yoast-schema-graph\">{\"@context\":\"https:\\\/\\\/schema.org\",\"@graph\":[{\"@type\":\"Article\",\"@id\":\"https:\\\/\\\/aldiachaco.com.ar\\\/index.php\\\/2024\\\/04\\\/23\\\/javier-milei-dio-detalles-en-cadena-nacional-del-superavit-fiscal-en-el-primer-trimestre-del-ano\\\/#article\",\"isPartOf\":{\"@id\":\"https:\\\/\\\/aldiachaco.com.ar\\\/index.php\\\/2024\\\/04\\\/23\\\/javier-milei-dio-detalles-en-cadena-nacional-del-superavit-fiscal-en-el-primer-trimestre-del-ano\\\/\"},\"author\":{\"name\":\"aldiachaco.com.ar\",\"@id\":\"https:\\\/\\\/aldiachaco.com.ar\\\/#\\\/schema\\\/person\\\/80113835e512ba580e79a945932487f5\"},\"headline\":\"Javier Milei dio detalles en cadena nacional del super\u00e1vit fiscal en el primer trimestre del a\u00f1o\",\"datePublished\":\"2024-04-23T12:05:49+00:00\",\"dateModified\":\"2024-04-23T12:11:37+00:00\",\"mainEntityOfPage\":{\"@id\":\"https:\\\/\\\/aldiachaco.com.ar\\\/index.php\\\/2024\\\/04\\\/23\\\/javier-milei-dio-detalles-en-cadena-nacional-del-superavit-fiscal-en-el-primer-trimestre-del-ano\\\/\"},\"wordCount\":1231,\"commentCount\":0,\"publisher\":{\"@id\":\"https:\\\/\\\/aldiachaco.com.ar\\\/#organization\"},\"image\":{\"@id\":\"https:\\\/\\\/aldiachaco.com.ar\\\/index.php\\\/2024\\\/04\\\/23\\\/javier-milei-dio-detalles-en-cadena-nacional-del-superavit-fiscal-en-el-primer-trimestre-del-ano\\\/#primaryimage\"},\"thumbnailUrl\":\"https:\\\/\\\/aldiachaco.com.ar\\\/wp-content\\\/uploads\\\/2024\\\/04\\\/lg.webp\",\"articleSection\":[\"Pol\u00edtica\"],\"inLanguage\":\"es-AR\",\"potentialAction\":[{\"@type\":\"CommentAction\",\"name\":\"Comment\",\"target\":[\"https:\\\/\\\/aldiachaco.com.ar\\\/index.php\\\/2024\\\/04\\\/23\\\/javier-milei-dio-detalles-en-cadena-nacional-del-superavit-fiscal-en-el-primer-trimestre-del-ano\\\/#respond\"]}]},{\"@type\":\"WebPage\",\"@id\":\"https:\\\/\\\/aldiachaco.com.ar\\\/index.php\\\/2024\\\/04\\\/23\\\/javier-milei-dio-detalles-en-cadena-nacional-del-superavit-fiscal-en-el-primer-trimestre-del-ano\\\/\",\"url\":\"https:\\\/\\\/aldiachaco.com.ar\\\/index.php\\\/2024\\\/04\\\/23\\\/javier-milei-dio-detalles-en-cadena-nacional-del-superavit-fiscal-en-el-primer-trimestre-del-ano\\\/\",\"name\":\"Javier Milei dio detalles en cadena nacional del super\u00e1vit fiscal en el primer trimestre del a\u00f1o | Al Dia Chaco\",\"isPartOf\":{\"@id\":\"https:\\\/\\\/aldiachaco.com.ar\\\/#website\"},\"primaryImageOfPage\":{\"@id\":\"https:\\\/\\\/aldiachaco.com.ar\\\/index.php\\\/2024\\\/04\\\/23\\\/javier-milei-dio-detalles-en-cadena-nacional-del-superavit-fiscal-en-el-primer-trimestre-del-ano\\\/#primaryimage\"},\"image\":{\"@id\":\"https:\\\/\\\/aldiachaco.com.ar\\\/index.php\\\/2024\\\/04\\\/23\\\/javier-milei-dio-detalles-en-cadena-nacional-del-superavit-fiscal-en-el-primer-trimestre-del-ano\\\/#primaryimage\"},\"thumbnailUrl\":\"https:\\\/\\\/aldiachaco.com.ar\\\/wp-content\\\/uploads\\\/2024\\\/04\\\/lg.webp\",\"datePublished\":\"2024-04-23T12:05:49+00:00\",\"dateModified\":\"2024-04-23T12:11:37+00:00\",\"breadcrumb\":{\"@id\":\"https:\\\/\\\/aldiachaco.com.ar\\\/index.php\\\/2024\\\/04\\\/23\\\/javier-milei-dio-detalles-en-cadena-nacional-del-superavit-fiscal-en-el-primer-trimestre-del-ano\\\/#breadcrumb\"},\"inLanguage\":\"es-AR\",\"potentialAction\":[{\"@type\":\"ReadAction\",\"target\":[\"https:\\\/\\\/aldiachaco.com.ar\\\/index.php\\\/2024\\\/04\\\/23\\\/javier-milei-dio-detalles-en-cadena-nacional-del-superavit-fiscal-en-el-primer-trimestre-del-ano\\\/\"]}]},{\"@type\":\"ImageObject\",\"inLanguage\":\"es-AR\",\"@id\":\"https:\\\/\\\/aldiachaco.com.ar\\\/index.php\\\/2024\\\/04\\\/23\\\/javier-milei-dio-detalles-en-cadena-nacional-del-superavit-fiscal-en-el-primer-trimestre-del-ano\\\/#primaryimage\",\"url\":\"https:\\\/\\\/aldiachaco.com.ar\\\/wp-content\\\/uploads\\\/2024\\\/04\\\/lg.webp\",\"contentUrl\":\"https:\\\/\\\/aldiachaco.com.ar\\\/wp-content\\\/uploads\\\/2024\\\/04\\\/lg.webp\",\"width\":1200,\"height\":817},{\"@type\":\"BreadcrumbList\",\"@id\":\"https:\\\/\\\/aldiachaco.com.ar\\\/index.php\\\/2024\\\/04\\\/23\\\/javier-milei-dio-detalles-en-cadena-nacional-del-superavit-fiscal-en-el-primer-trimestre-del-ano\\\/#breadcrumb\",\"itemListElement\":[{\"@type\":\"ListItem\",\"position\":1,\"name\":\"Home\",\"item\":\"https:\\\/\\\/aldiachaco.com.ar\\\/\"},{\"@type\":\"ListItem\",\"position\":2,\"name\":\"Javier Milei dio detalles en cadena nacional del super\u00e1vit fiscal en el primer trimestre del a\u00f1o\"}]},{\"@type\":\"WebSite\",\"@id\":\"https:\\\/\\\/aldiachaco.com.ar\\\/#website\",\"url\":\"https:\\\/\\\/aldiachaco.com.ar\\\/\",\"name\":\"Al Dia Chaco\",\"description\":\"Noticias del Chaco y el mundo\",\"publisher\":{\"@id\":\"https:\\\/\\\/aldiachaco.com.ar\\\/#organization\"},\"alternateName\":\"Al D\u00eda Chaco\",\"potentialAction\":[{\"@type\":\"SearchAction\",\"target\":{\"@type\":\"EntryPoint\",\"urlTemplate\":\"https:\\\/\\\/aldiachaco.com.ar\\\/?s={search_term_string}\"},\"query-input\":{\"@type\":\"PropertyValueSpecification\",\"valueRequired\":true,\"valueName\":\"search_term_string\"}}],\"inLanguage\":\"es-AR\"},{\"@type\":\"Organization\",\"@id\":\"https:\\\/\\\/aldiachaco.com.ar\\\/#organization\",\"name\":\"Al Dia Chaco\",\"url\":\"https:\\\/\\\/aldiachaco.com.ar\\\/\",\"logo\":{\"@type\":\"ImageObject\",\"inLanguage\":\"es-AR\",\"@id\":\"https:\\\/\\\/aldiachaco.com.ar\\\/#\\\/schema\\\/logo\\\/image\\\/\",\"url\":\"https:\\\/\\\/aldiachaco.com.ar\\\/wp-content\\\/uploads\\\/2017\\\/11\\\/AL-DIA-CHACO-L@2x.png\",\"contentUrl\":\"https:\\\/\\\/aldiachaco.com.ar\\\/wp-content\\\/uploads\\\/2017\\\/11\\\/AL-DIA-CHACO-L@2x.png\",\"width\":232,\"height\":60,\"caption\":\"Al Dia Chaco\"},\"image\":{\"@id\":\"https:\\\/\\\/aldiachaco.com.ar\\\/#\\\/schema\\\/logo\\\/image\\\/\"}},{\"@type\":\"Person\",\"@id\":\"https:\\\/\\\/aldiachaco.com.ar\\\/#\\\/schema\\\/person\\\/80113835e512ba580e79a945932487f5\",\"name\":\"aldiachaco.com.ar\",\"image\":{\"@type\":\"ImageObject\",\"inLanguage\":\"es-AR\",\"@id\":\"https:\\\/\\\/aldiachaco.com.ar\\\/wp-content\\\/litespeed\\\/avatar\\\/a7c4ebc5454089d3fd4ef6b87fdd073a.jpg?ver=1777471945\",\"url\":\"https:\\\/\\\/aldiachaco.com.ar\\\/wp-content\\\/litespeed\\\/avatar\\\/a7c4ebc5454089d3fd4ef6b87fdd073a.jpg?ver=1777471945\",\"contentUrl\":\"https:\\\/\\\/aldiachaco.com.ar\\\/wp-content\\\/litespeed\\\/avatar\\\/a7c4ebc5454089d3fd4ef6b87fdd073a.jpg?ver=1777471945\",\"caption\":\"aldiachaco.com.ar\"},\"sameAs\":[\"https:\\\/\\\/aldiachaco.com.ar\"],\"url\":\"https:\\\/\\\/aldiachaco.com.ar\\\/index.php\\\/author\\\/lime-camel-884546-hostingersite-com\\\/\"}]}<\/script>\n<!-- \/ Yoast SEO plugin. -->","yoast_head_json":{"title":"Javier Milei dio detalles en cadena nacional del super\u00e1vit fiscal en el primer trimestre del a\u00f1o | Al Dia Chaco","robots":{"index":"index","follow":"follow","max-snippet":"max-snippet:-1","max-image-preview":"max-image-preview:large","max-video-preview":"max-video-preview:-1"},"canonical":"https:\/\/aldiachaco.com.ar\/index.php\/2024\/04\/23\/javier-milei-dio-detalles-en-cadena-nacional-del-superavit-fiscal-en-el-primer-trimestre-del-ano\/","og_locale":"es_ES","og_type":"article","og_title":"Javier Milei dio detalles en cadena nacional del super\u00e1vit fiscal en el primer trimestre del a\u00f1o | Al Dia Chaco","og_description":"&nbsp; En cadena nacional, el Presidente defendi\u00f3 su programa econ\u00f3mico. Destac\u00f3 la acumulaci\u00f3n de reservas en el Banco Central y afirm\u00f3: \u201cEl d\u00e9ficit cero no es una consigna de marketing para este Gobierno, es un mandamiento\u201d El presidente\u00a0Javier Milei\u00a0hizo una defensa de la pol\u00edtica econ\u00f3mica de su gobierno, a poco m\u00e1s de cuatro meses de &hellip;","og_url":"https:\/\/aldiachaco.com.ar\/index.php\/2024\/04\/23\/javier-milei-dio-detalles-en-cadena-nacional-del-superavit-fiscal-en-el-primer-trimestre-del-ano\/","og_site_name":"Al Dia Chaco","article_published_time":"2024-04-23T12:05:49+00:00","article_modified_time":"2024-04-23T12:11:37+00:00","og_image":[{"width":1200,"height":817,"url":"https:\/\/aldiachaco.com.ar\/wp-content\/uploads\/2024\/04\/lg.webp","type":"image\/webp"}],"author":"aldiachaco.com.ar","twitter_card":"summary_large_image","twitter_misc":{"Escrito por":"aldiachaco.com.ar","Tiempo de lectura":"6 minutos"},"schema":{"@context":"https:\/\/schema.org","@graph":[{"@type":"Article","@id":"https:\/\/aldiachaco.com.ar\/index.php\/2024\/04\/23\/javier-milei-dio-detalles-en-cadena-nacional-del-superavit-fiscal-en-el-primer-trimestre-del-ano\/#article","isPartOf":{"@id":"https:\/\/aldiachaco.com.ar\/index.php\/2024\/04\/23\/javier-milei-dio-detalles-en-cadena-nacional-del-superavit-fiscal-en-el-primer-trimestre-del-ano\/"},"author":{"name":"aldiachaco.com.ar","@id":"https:\/\/aldiachaco.com.ar\/#\/schema\/person\/80113835e512ba580e79a945932487f5"},"headline":"Javier Milei dio detalles en cadena nacional del super\u00e1vit fiscal en el primer trimestre del a\u00f1o","datePublished":"2024-04-23T12:05:49+00:00","dateModified":"2024-04-23T12:11:37+00:00","mainEntityOfPage":{"@id":"https:\/\/aldiachaco.com.ar\/index.php\/2024\/04\/23\/javier-milei-dio-detalles-en-cadena-nacional-del-superavit-fiscal-en-el-primer-trimestre-del-ano\/"},"wordCount":1231,"commentCount":0,"publisher":{"@id":"https:\/\/aldiachaco.com.ar\/#organization"},"image":{"@id":"https:\/\/aldiachaco.com.ar\/index.php\/2024\/04\/23\/javier-milei-dio-detalles-en-cadena-nacional-del-superavit-fiscal-en-el-primer-trimestre-del-ano\/#primaryimage"},"thumbnailUrl":"https:\/\/aldiachaco.com.ar\/wp-content\/uploads\/2024\/04\/lg.webp","articleSection":["Pol\u00edtica"],"inLanguage":"es-AR","potentialAction":[{"@type":"CommentAction","name":"Comment","target":["https:\/\/aldiachaco.com.ar\/index.php\/2024\/04\/23\/javier-milei-dio-detalles-en-cadena-nacional-del-superavit-fiscal-en-el-primer-trimestre-del-ano\/#respond"]}]},{"@type":"WebPage","@id":"https:\/\/aldiachaco.com.ar\/index.php\/2024\/04\/23\/javier-milei-dio-detalles-en-cadena-nacional-del-superavit-fiscal-en-el-primer-trimestre-del-ano\/","url":"https:\/\/aldiachaco.com.ar\/index.php\/2024\/04\/23\/javier-milei-dio-detalles-en-cadena-nacional-del-superavit-fiscal-en-el-primer-trimestre-del-ano\/","name":"Javier Milei dio detalles en cadena nacional del super\u00e1vit fiscal en el primer trimestre del a\u00f1o | Al Dia Chaco","isPartOf":{"@id":"https:\/\/aldiachaco.com.ar\/#website"},"primaryImageOfPage":{"@id":"https:\/\/aldiachaco.com.ar\/index.php\/2024\/04\/23\/javier-milei-dio-detalles-en-cadena-nacional-del-superavit-fiscal-en-el-primer-trimestre-del-ano\/#primaryimage"},"image":{"@id":"https:\/\/aldiachaco.com.ar\/index.php\/2024\/04\/23\/javier-milei-dio-detalles-en-cadena-nacional-del-superavit-fiscal-en-el-primer-trimestre-del-ano\/#primaryimage"},"thumbnailUrl":"https:\/\/aldiachaco.com.ar\/wp-content\/uploads\/2024\/04\/lg.webp","datePublished":"2024-04-23T12:05:49+00:00","dateModified":"2024-04-23T12:11:37+00:00","breadcrumb":{"@id":"https:\/\/aldiachaco.com.ar\/index.php\/2024\/04\/23\/javier-milei-dio-detalles-en-cadena-nacional-del-superavit-fiscal-en-el-primer-trimestre-del-ano\/#breadcrumb"},"inLanguage":"es-AR","potentialAction":[{"@type":"ReadAction","target":["https:\/\/aldiachaco.com.ar\/index.php\/2024\/04\/23\/javier-milei-dio-detalles-en-cadena-nacional-del-superavit-fiscal-en-el-primer-trimestre-del-ano\/"]}]},{"@type":"ImageObject","inLanguage":"es-AR","@id":"https:\/\/aldiachaco.com.ar\/index.php\/2024\/04\/23\/javier-milei-dio-detalles-en-cadena-nacional-del-superavit-fiscal-en-el-primer-trimestre-del-ano\/#primaryimage","url":"https:\/\/aldiachaco.com.ar\/wp-content\/uploads\/2024\/04\/lg.webp","contentUrl":"https:\/\/aldiachaco.com.ar\/wp-content\/uploads\/2024\/04\/lg.webp","width":1200,"height":817},{"@type":"BreadcrumbList","@id":"https:\/\/aldiachaco.com.ar\/index.php\/2024\/04\/23\/javier-milei-dio-detalles-en-cadena-nacional-del-superavit-fiscal-en-el-primer-trimestre-del-ano\/#breadcrumb","itemListElement":[{"@type":"ListItem","position":1,"name":"Home","item":"https:\/\/aldiachaco.com.ar\/"},{"@type":"ListItem","position":2,"name":"Javier Milei dio detalles en cadena nacional del super\u00e1vit fiscal en el primer trimestre del a\u00f1o"}]},{"@type":"WebSite","@id":"https:\/\/aldiachaco.com.ar\/#website","url":"https:\/\/aldiachaco.com.ar\/","name":"Al Dia Chaco","description":"Noticias del Chaco y el mundo","publisher":{"@id":"https:\/\/aldiachaco.com.ar\/#organization"},"alternateName":"Al D\u00eda Chaco","potentialAction":[{"@type":"SearchAction","target":{"@type":"EntryPoint","urlTemplate":"https:\/\/aldiachaco.com.ar\/?s={search_term_string}"},"query-input":{"@type":"PropertyValueSpecification","valueRequired":true,"valueName":"search_term_string"}}],"inLanguage":"es-AR"},{"@type":"Organization","@id":"https:\/\/aldiachaco.com.ar\/#organization","name":"Al Dia Chaco","url":"https:\/\/aldiachaco.com.ar\/","logo":{"@type":"ImageObject","inLanguage":"es-AR","@id":"https:\/\/aldiachaco.com.ar\/#\/schema\/logo\/image\/","url":"https:\/\/aldiachaco.com.ar\/wp-content\/uploads\/2017\/11\/AL-DIA-CHACO-L@2x.png","contentUrl":"https:\/\/aldiachaco.com.ar\/wp-content\/uploads\/2017\/11\/AL-DIA-CHACO-L@2x.png","width":232,"height":60,"caption":"Al Dia Chaco"},"image":{"@id":"https:\/\/aldiachaco.com.ar\/#\/schema\/logo\/image\/"}},{"@type":"Person","@id":"https:\/\/aldiachaco.com.ar\/#\/schema\/person\/80113835e512ba580e79a945932487f5","name":"aldiachaco.com.ar","image":{"@type":"ImageObject","inLanguage":"es-AR","@id":"https:\/\/aldiachaco.com.ar\/wp-content\/litespeed\/avatar\/a7c4ebc5454089d3fd4ef6b87fdd073a.jpg?ver=1777471945","url":"https:\/\/aldiachaco.com.ar\/wp-content\/litespeed\/avatar\/a7c4ebc5454089d3fd4ef6b87fdd073a.jpg?ver=1777471945","contentUrl":"https:\/\/aldiachaco.com.ar\/wp-content\/litespeed\/avatar\/a7c4ebc5454089d3fd4ef6b87fdd073a.jpg?ver=1777471945","caption":"aldiachaco.com.ar"},"sameAs":["https:\/\/aldiachaco.com.ar"],"url":"https:\/\/aldiachaco.com.ar\/index.php\/author\/lime-camel-884546-hostingersite-com\/"}]}},"jetpack_publicize_connections":[],"jetpack_featured_media_url":"https:\/\/aldiachaco.com.ar\/wp-content\/uploads\/2024\/04\/lg.webp","jetpack_sharing_enabled":true,"amp_enabled":true,"_links":{"self":[{"href":"https:\/\/aldiachaco.com.ar\/index.php\/wp-json\/wp\/v2\/posts\/4644","targetHints":{"allow":["GET"]}}],"collection":[{"href":"https:\/\/aldiachaco.com.ar\/index.php\/wp-json\/wp\/v2\/posts"}],"about":[{"href":"https:\/\/aldiachaco.com.ar\/index.php\/wp-json\/wp\/v2\/types\/post"}],"author":[{"embeddable":true,"href":"https:\/\/aldiachaco.com.ar\/index.php\/wp-json\/wp\/v2\/users\/1"}],"replies":[{"embeddable":true,"href":"https:\/\/aldiachaco.com.ar\/index.php\/wp-json\/wp\/v2\/comments?post=4644"}],"version-history":[{"count":0,"href":"https:\/\/aldiachaco.com.ar\/index.php\/wp-json\/wp\/v2\/posts\/4644\/revisions"}],"wp:featuredmedia":[{"embeddable":true,"href":"https:\/\/aldiachaco.com.ar\/index.php\/wp-json\/wp\/v2\/media\/4645"}],"wp:attachment":[{"href":"https:\/\/aldiachaco.com.ar\/index.php\/wp-json\/wp\/v2\/media?parent=4644"}],"wp:term":[{"taxonomy":"category","embeddable":true,"href":"https:\/\/aldiachaco.com.ar\/index.php\/wp-json\/wp\/v2\/categories?post=4644"},{"taxonomy":"post_tag","embeddable":true,"href":"https:\/\/aldiachaco.com.ar\/index.php\/wp-json\/wp\/v2\/tags?post=4644"}],"curies":[{"name":"wp","href":"https:\/\/api.w.org\/{rel}","templated":true}]}}