{"id":12337,"date":"2026-01-19T19:51:46","date_gmt":"2026-01-19T22:51:46","guid":{"rendered":"https:\/\/aldiachaco.com.ar\/?p=12337"},"modified":"2026-01-19T19:51:46","modified_gmt":"2026-01-19T22:51:46","slug":"dejo-sus-huellas-en-un-robo-y-esto-ayudo-a-atraparlo","status":"publish","type":"post","link":"https:\/\/aldiachaco.com.ar\/index.php\/2026\/01\/19\/dejo-sus-huellas-en-un-robo-y-esto-ayudo-a-atraparlo\/","title":{"rendered":"DEJO SUS HUELLAS EN UN ROBO Y ESTO AYUDO A ATRAPARLO"},"content":{"rendered":"<p>El levantamiento de la Secci\u00f3n Rastros fue vital para dar con el autor de un robo cometido el 04\/01\/2026 en Ameghino al 1700 aproximadamente.<br \/>\nCon esta informaci\u00f3n, personal de la Divisi\u00f3n Delitos Contra la Propiedad en la jornada de hoy, pudo dar con el sujeto de 33 a\u00f1os.<br \/>\nLo capturaron minutos despu\u00e9s del mediod\u00eda en avenida Chaco y Pasaje Franklin. Ahora est\u00e1 alojado en las celdas del Departamento Investigaciones Complejas, bajo la causa de \u201cSupuesto Robo\u201d, que damnifica a una ciudadana de 31 a\u00f1os.<br \/>\nLas investigaciones contin\u00faan para dar con los bienes sustra\u00eddos en el hecho.-<\/p>\n<p><img loading=\"lazy\" decoding=\"async\" class=\"alignnone size-medium wp-image-12338\" src=\"https:\/\/aldiachaco.com.ar\/wp-content\/uploads\/2026\/01\/WhatsApp-Image-2026-01-19-at-17.33.05-1-289x300.jpeg\" alt=\"\" width=\"289\" height=\"300\" srcset=\"https:\/\/aldiachaco.com.ar\/wp-content\/uploads\/2026\/01\/WhatsApp-Image-2026-01-19-at-17.33.05-1-289x300.jpeg 289w, https:\/\/aldiachaco.com.ar\/wp-content\/uploads\/2026\/01\/WhatsApp-Image-2026-01-19-at-17.33.05-1-768x796.jpeg 768w, https:\/\/aldiachaco.com.ar\/wp-content\/uploads\/2026\/01\/WhatsApp-Image-2026-01-19-at-17.33.05-1-453x470.jpeg 453w, https:\/\/aldiachaco.com.ar\/wp-content\/uploads\/2026\/01\/WhatsApp-Image-2026-01-19-at-17.33.05-1-600x622.jpeg 600w, https:\/\/aldiachaco.com.ar\/wp-content\/uploads\/2026\/01\/WhatsApp-Image-2026-01-19-at-17.33.05-1.jpeg 954w\" sizes=\"auto, (max-width: 289px) 100vw, 289px\" \/><\/p>\n","protected":false},"excerpt":{"rendered":"<p>El levantamiento de la Secci\u00f3n Rastros fue vital para dar con el autor de un robo cometido el 04\/01\/2026 en Ameghino al 1700 aproximadamente. Con esta informaci\u00f3n, personal de la Divisi\u00f3n Delitos Contra la Propiedad en la jornada de hoy, pudo dar con el sujeto de 33 a\u00f1os. Lo capturaron minutos despu\u00e9s del mediod\u00eda en &hellip;<\/p>\n","protected":false},"author":9,"featured_media":12339,"comment_status":"open","ping_status":"open","sticky":false,"template":"","format":"standard","meta":{"content-type":"","_monsterinsights_skip_tracking":false,"_monsterinsights_sitenote_active":false,"_monsterinsights_sitenote_note":"","_monsterinsights_sitenote_category":0,"_jetpack_memberships_contains_paid_content":false,"footnotes":"","jetpack_publicize_message":"","jetpack_publicize_feature_enabled":true,"jetpack_social_post_already_shared":true,"jetpack_social_options":{"image_generator_settings":{"template":"highway","default_image_id":0,"font":"","enabled":false},"version":2}},"categories":[86],"tags":[],"class_list":["post-12337","post","type-post","status-publish","format-standard","has-post-thumbnail","hentry","category-policiales"],"yoast_head":"<!-- This site is optimized with the Yoast SEO plugin v27.4 - https:\/\/yoast.com\/product\/yoast-seo-wordpress\/ -->\n<title>DEJO SUS HUELLAS EN UN ROBO Y ESTO AYUDO A ATRAPARLO | Al Dia Chaco<\/title>\n<meta name=\"robots\" content=\"index, follow, max-snippet:-1, max-image-preview:large, max-video-preview:-1\" \/>\n<link rel=\"canonical\" href=\"https:\/\/aldiachaco.com.ar\/index.php\/2026\/01\/19\/dejo-sus-huellas-en-un-robo-y-esto-ayudo-a-atraparlo\/\" \/>\n<meta property=\"og:locale\" content=\"es_ES\" \/>\n<meta property=\"og:type\" content=\"article\" \/>\n<meta property=\"og:title\" content=\"DEJO SUS HUELLAS EN UN ROBO Y ESTO AYUDO A ATRAPARLO | Al Dia Chaco\" \/>\n<meta property=\"og:description\" content=\"El levantamiento de la Secci\u00f3n Rastros fue vital para dar con el autor de un robo cometido el 04\/01\/2026 en Ameghino al 1700 aproximadamente. Con esta informaci\u00f3n, personal de la Divisi\u00f3n Delitos Contra la Propiedad en la jornada de hoy, pudo dar con el sujeto de 33 a\u00f1os. Lo capturaron minutos despu\u00e9s del mediod\u00eda en &hellip;\" \/>\n<meta property=\"og:url\" content=\"https:\/\/aldiachaco.com.ar\/index.php\/2026\/01\/19\/dejo-sus-huellas-en-un-robo-y-esto-ayudo-a-atraparlo\/\" \/>\n<meta property=\"og:site_name\" content=\"Al Dia Chaco\" \/>\n<meta property=\"article:published_time\" content=\"2026-01-19T22:51:46+00:00\" \/>\n<meta property=\"og:image\" content=\"https:\/\/aldiachaco.com.ar\/wp-content\/uploads\/2026\/01\/WhatsApp-Image-2026-01-19-at-17.33.05-2.jpeg\" \/>\n\t<meta property=\"og:image:width\" content=\"900\" \/>\n\t<meta property=\"og:image:height\" content=\"1308\" \/>\n\t<meta property=\"og:image:type\" content=\"image\/jpeg\" \/>\n<meta name=\"author\" content=\"RedaccionRM\" \/>\n<meta name=\"twitter:card\" content=\"summary_large_image\" \/>\n<meta name=\"twitter:label1\" content=\"Escrito por\" \/>\n\t<meta name=\"twitter:data1\" content=\"RedaccionRM\" \/>\n\t<meta name=\"twitter:label2\" content=\"Tiempo de lectura\" \/>\n\t<meta name=\"twitter:data2\" content=\"1 minuto\" \/>\n<script type=\"application\/ld+json\" class=\"yoast-schema-graph\">{\"@context\":\"https:\\\/\\\/schema.org\",\"@graph\":[{\"@type\":\"Article\",\"@id\":\"https:\\\/\\\/aldiachaco.com.ar\\\/index.php\\\/2026\\\/01\\\/19\\\/dejo-sus-huellas-en-un-robo-y-esto-ayudo-a-atraparlo\\\/#article\",\"isPartOf\":{\"@id\":\"https:\\\/\\\/aldiachaco.com.ar\\\/index.php\\\/2026\\\/01\\\/19\\\/dejo-sus-huellas-en-un-robo-y-esto-ayudo-a-atraparlo\\\/\"},\"author\":{\"name\":\"RedaccionRM\",\"@id\":\"https:\\\/\\\/aldiachaco.com.ar\\\/#\\\/schema\\\/person\\\/b24e975af8022082f5889a7a7299e962\"},\"headline\":\"DEJO SUS HUELLAS EN UN ROBO Y ESTO AYUDO A ATRAPARLO\",\"datePublished\":\"2026-01-19T22:51:46+00:00\",\"mainEntityOfPage\":{\"@id\":\"https:\\\/\\\/aldiachaco.com.ar\\\/index.php\\\/2026\\\/01\\\/19\\\/dejo-sus-huellas-en-un-robo-y-esto-ayudo-a-atraparlo\\\/\"},\"wordCount\":112,\"commentCount\":0,\"publisher\":{\"@id\":\"https:\\\/\\\/aldiachaco.com.ar\\\/#organization\"},\"image\":{\"@id\":\"https:\\\/\\\/aldiachaco.com.ar\\\/index.php\\\/2026\\\/01\\\/19\\\/dejo-sus-huellas-en-un-robo-y-esto-ayudo-a-atraparlo\\\/#primaryimage\"},\"thumbnailUrl\":\"https:\\\/\\\/aldiachaco.com.ar\\\/wp-content\\\/uploads\\\/2026\\\/01\\\/WhatsApp-Image-2026-01-19-at-17.33.05-2.jpeg\",\"articleSection\":[\"Policiales\"],\"inLanguage\":\"es-AR\",\"potentialAction\":[{\"@type\":\"CommentAction\",\"name\":\"Comment\",\"target\":[\"https:\\\/\\\/aldiachaco.com.ar\\\/index.php\\\/2026\\\/01\\\/19\\\/dejo-sus-huellas-en-un-robo-y-esto-ayudo-a-atraparlo\\\/#respond\"]}]},{\"@type\":\"WebPage\",\"@id\":\"https:\\\/\\\/aldiachaco.com.ar\\\/index.php\\\/2026\\\/01\\\/19\\\/dejo-sus-huellas-en-un-robo-y-esto-ayudo-a-atraparlo\\\/\",\"url\":\"https:\\\/\\\/aldiachaco.com.ar\\\/index.php\\\/2026\\\/01\\\/19\\\/dejo-sus-huellas-en-un-robo-y-esto-ayudo-a-atraparlo\\\/\",\"name\":\"DEJO SUS HUELLAS EN UN ROBO Y ESTO AYUDO A ATRAPARLO | Al Dia Chaco\",\"isPartOf\":{\"@id\":\"https:\\\/\\\/aldiachaco.com.ar\\\/#website\"},\"primaryImageOfPage\":{\"@id\":\"https:\\\/\\\/aldiachaco.com.ar\\\/index.php\\\/2026\\\/01\\\/19\\\/dejo-sus-huellas-en-un-robo-y-esto-ayudo-a-atraparlo\\\/#primaryimage\"},\"image\":{\"@id\":\"https:\\\/\\\/aldiachaco.com.ar\\\/index.php\\\/2026\\\/01\\\/19\\\/dejo-sus-huellas-en-un-robo-y-esto-ayudo-a-atraparlo\\\/#primaryimage\"},\"thumbnailUrl\":\"https:\\\/\\\/aldiachaco.com.ar\\\/wp-content\\\/uploads\\\/2026\\\/01\\\/WhatsApp-Image-2026-01-19-at-17.33.05-2.jpeg\",\"datePublished\":\"2026-01-19T22:51:46+00:00\",\"breadcrumb\":{\"@id\":\"https:\\\/\\\/aldiachaco.com.ar\\\/index.php\\\/2026\\\/01\\\/19\\\/dejo-sus-huellas-en-un-robo-y-esto-ayudo-a-atraparlo\\\/#breadcrumb\"},\"inLanguage\":\"es-AR\",\"potentialAction\":[{\"@type\":\"ReadAction\",\"target\":[\"https:\\\/\\\/aldiachaco.com.ar\\\/index.php\\\/2026\\\/01\\\/19\\\/dejo-sus-huellas-en-un-robo-y-esto-ayudo-a-atraparlo\\\/\"]}]},{\"@type\":\"ImageObject\",\"inLanguage\":\"es-AR\",\"@id\":\"https:\\\/\\\/aldiachaco.com.ar\\\/index.php\\\/2026\\\/01\\\/19\\\/dejo-sus-huellas-en-un-robo-y-esto-ayudo-a-atraparlo\\\/#primaryimage\",\"url\":\"https:\\\/\\\/aldiachaco.com.ar\\\/wp-content\\\/uploads\\\/2026\\\/01\\\/WhatsApp-Image-2026-01-19-at-17.33.05-2.jpeg\",\"contentUrl\":\"https:\\\/\\\/aldiachaco.com.ar\\\/wp-content\\\/uploads\\\/2026\\\/01\\\/WhatsApp-Image-2026-01-19-at-17.33.05-2.jpeg\",\"width\":900,\"height\":1308},{\"@type\":\"BreadcrumbList\",\"@id\":\"https:\\\/\\\/aldiachaco.com.ar\\\/index.php\\\/2026\\\/01\\\/19\\\/dejo-sus-huellas-en-un-robo-y-esto-ayudo-a-atraparlo\\\/#breadcrumb\",\"itemListElement\":[{\"@type\":\"ListItem\",\"position\":1,\"name\":\"Home\",\"item\":\"https:\\\/\\\/aldiachaco.com.ar\\\/\"},{\"@type\":\"ListItem\",\"position\":2,\"name\":\"DEJO SUS HUELLAS EN UN ROBO Y ESTO AYUDO A ATRAPARLO\"}]},{\"@type\":\"WebSite\",\"@id\":\"https:\\\/\\\/aldiachaco.com.ar\\\/#website\",\"url\":\"https:\\\/\\\/aldiachaco.com.ar\\\/\",\"name\":\"Al Dia Chaco\",\"description\":\"Noticias del Chaco y el mundo\",\"publisher\":{\"@id\":\"https:\\\/\\\/aldiachaco.com.ar\\\/#organization\"},\"alternateName\":\"Al D\u00eda Chaco\",\"potentialAction\":[{\"@type\":\"SearchAction\",\"target\":{\"@type\":\"EntryPoint\",\"urlTemplate\":\"https:\\\/\\\/aldiachaco.com.ar\\\/?s={search_term_string}\"},\"query-input\":{\"@type\":\"PropertyValueSpecification\",\"valueRequired\":true,\"valueName\":\"search_term_string\"}}],\"inLanguage\":\"es-AR\"},{\"@type\":\"Organization\",\"@id\":\"https:\\\/\\\/aldiachaco.com.ar\\\/#organization\",\"name\":\"Al Dia Chaco\",\"url\":\"https:\\\/\\\/aldiachaco.com.ar\\\/\",\"logo\":{\"@type\":\"ImageObject\",\"inLanguage\":\"es-AR\",\"@id\":\"https:\\\/\\\/aldiachaco.com.ar\\\/#\\\/schema\\\/logo\\\/image\\\/\",\"url\":\"https:\\\/\\\/aldiachaco.com.ar\\\/wp-content\\\/uploads\\\/2017\\\/11\\\/AL-DIA-CHACO-L@2x.png\",\"contentUrl\":\"https:\\\/\\\/aldiachaco.com.ar\\\/wp-content\\\/uploads\\\/2017\\\/11\\\/AL-DIA-CHACO-L@2x.png\",\"width\":232,\"height\":60,\"caption\":\"Al Dia Chaco\"},\"image\":{\"@id\":\"https:\\\/\\\/aldiachaco.com.ar\\\/#\\\/schema\\\/logo\\\/image\\\/\"}},{\"@type\":\"Person\",\"@id\":\"https:\\\/\\\/aldiachaco.com.ar\\\/#\\\/schema\\\/person\\\/b24e975af8022082f5889a7a7299e962\",\"name\":\"RedaccionRM\",\"image\":{\"@type\":\"ImageObject\",\"inLanguage\":\"es-AR\",\"@id\":\"https:\\\/\\\/aldiachaco.com.ar\\\/wp-content\\\/litespeed\\\/avatar\\\/a30118fcb7a6295303f1c91164c6aba1.jpg?ver=1776734264\",\"url\":\"https:\\\/\\\/aldiachaco.com.ar\\\/wp-content\\\/litespeed\\\/avatar\\\/a30118fcb7a6295303f1c91164c6aba1.jpg?ver=1776734264\",\"contentUrl\":\"https:\\\/\\\/aldiachaco.com.ar\\\/wp-content\\\/litespeed\\\/avatar\\\/a30118fcb7a6295303f1c91164c6aba1.jpg?ver=1776734264\",\"caption\":\"RedaccionRM\"},\"url\":\"https:\\\/\\\/aldiachaco.com.ar\\\/index.php\\\/author\\\/redaccionrm\\\/\"}]}<\/script>\n<!-- \/ Yoast SEO plugin. -->","yoast_head_json":{"title":"DEJO SUS HUELLAS EN UN ROBO Y ESTO AYUDO A ATRAPARLO | Al Dia Chaco","robots":{"index":"index","follow":"follow","max-snippet":"max-snippet:-1","max-image-preview":"max-image-preview:large","max-video-preview":"max-video-preview:-1"},"canonical":"https:\/\/aldiachaco.com.ar\/index.php\/2026\/01\/19\/dejo-sus-huellas-en-un-robo-y-esto-ayudo-a-atraparlo\/","og_locale":"es_ES","og_type":"article","og_title":"DEJO SUS HUELLAS EN UN ROBO Y ESTO AYUDO A ATRAPARLO | Al Dia Chaco","og_description":"El levantamiento de la Secci\u00f3n Rastros fue vital para dar con el autor de un robo cometido el 04\/01\/2026 en Ameghino al 1700 aproximadamente. Con esta informaci\u00f3n, personal de la Divisi\u00f3n Delitos Contra la Propiedad en la jornada de hoy, pudo dar con el sujeto de 33 a\u00f1os. Lo capturaron minutos despu\u00e9s del mediod\u00eda en &hellip;","og_url":"https:\/\/aldiachaco.com.ar\/index.php\/2026\/01\/19\/dejo-sus-huellas-en-un-robo-y-esto-ayudo-a-atraparlo\/","og_site_name":"Al Dia Chaco","article_published_time":"2026-01-19T22:51:46+00:00","og_image":[{"width":900,"height":1308,"url":"https:\/\/aldiachaco.com.ar\/wp-content\/uploads\/2026\/01\/WhatsApp-Image-2026-01-19-at-17.33.05-2.jpeg","type":"image\/jpeg"}],"author":"RedaccionRM","twitter_card":"summary_large_image","twitter_misc":{"Escrito por":"RedaccionRM","Tiempo de lectura":"1 minuto"},"schema":{"@context":"https:\/\/schema.org","@graph":[{"@type":"Article","@id":"https:\/\/aldiachaco.com.ar\/index.php\/2026\/01\/19\/dejo-sus-huellas-en-un-robo-y-esto-ayudo-a-atraparlo\/#article","isPartOf":{"@id":"https:\/\/aldiachaco.com.ar\/index.php\/2026\/01\/19\/dejo-sus-huellas-en-un-robo-y-esto-ayudo-a-atraparlo\/"},"author":{"name":"RedaccionRM","@id":"https:\/\/aldiachaco.com.ar\/#\/schema\/person\/b24e975af8022082f5889a7a7299e962"},"headline":"DEJO SUS HUELLAS EN UN ROBO Y ESTO AYUDO A ATRAPARLO","datePublished":"2026-01-19T22:51:46+00:00","mainEntityOfPage":{"@id":"https:\/\/aldiachaco.com.ar\/index.php\/2026\/01\/19\/dejo-sus-huellas-en-un-robo-y-esto-ayudo-a-atraparlo\/"},"wordCount":112,"commentCount":0,"publisher":{"@id":"https:\/\/aldiachaco.com.ar\/#organization"},"image":{"@id":"https:\/\/aldiachaco.com.ar\/index.php\/2026\/01\/19\/dejo-sus-huellas-en-un-robo-y-esto-ayudo-a-atraparlo\/#primaryimage"},"thumbnailUrl":"https:\/\/aldiachaco.com.ar\/wp-content\/uploads\/2026\/01\/WhatsApp-Image-2026-01-19-at-17.33.05-2.jpeg","articleSection":["Policiales"],"inLanguage":"es-AR","potentialAction":[{"@type":"CommentAction","name":"Comment","target":["https:\/\/aldiachaco.com.ar\/index.php\/2026\/01\/19\/dejo-sus-huellas-en-un-robo-y-esto-ayudo-a-atraparlo\/#respond"]}]},{"@type":"WebPage","@id":"https:\/\/aldiachaco.com.ar\/index.php\/2026\/01\/19\/dejo-sus-huellas-en-un-robo-y-esto-ayudo-a-atraparlo\/","url":"https:\/\/aldiachaco.com.ar\/index.php\/2026\/01\/19\/dejo-sus-huellas-en-un-robo-y-esto-ayudo-a-atraparlo\/","name":"DEJO SUS HUELLAS EN UN ROBO Y ESTO AYUDO A ATRAPARLO | Al Dia Chaco","isPartOf":{"@id":"https:\/\/aldiachaco.com.ar\/#website"},"primaryImageOfPage":{"@id":"https:\/\/aldiachaco.com.ar\/index.php\/2026\/01\/19\/dejo-sus-huellas-en-un-robo-y-esto-ayudo-a-atraparlo\/#primaryimage"},"image":{"@id":"https:\/\/aldiachaco.com.ar\/index.php\/2026\/01\/19\/dejo-sus-huellas-en-un-robo-y-esto-ayudo-a-atraparlo\/#primaryimage"},"thumbnailUrl":"https:\/\/aldiachaco.com.ar\/wp-content\/uploads\/2026\/01\/WhatsApp-Image-2026-01-19-at-17.33.05-2.jpeg","datePublished":"2026-01-19T22:51:46+00:00","breadcrumb":{"@id":"https:\/\/aldiachaco.com.ar\/index.php\/2026\/01\/19\/dejo-sus-huellas-en-un-robo-y-esto-ayudo-a-atraparlo\/#breadcrumb"},"inLanguage":"es-AR","potentialAction":[{"@type":"ReadAction","target":["https:\/\/aldiachaco.com.ar\/index.php\/2026\/01\/19\/dejo-sus-huellas-en-un-robo-y-esto-ayudo-a-atraparlo\/"]}]},{"@type":"ImageObject","inLanguage":"es-AR","@id":"https:\/\/aldiachaco.com.ar\/index.php\/2026\/01\/19\/dejo-sus-huellas-en-un-robo-y-esto-ayudo-a-atraparlo\/#primaryimage","url":"https:\/\/aldiachaco.com.ar\/wp-content\/uploads\/2026\/01\/WhatsApp-Image-2026-01-19-at-17.33.05-2.jpeg","contentUrl":"https:\/\/aldiachaco.com.ar\/wp-content\/uploads\/2026\/01\/WhatsApp-Image-2026-01-19-at-17.33.05-2.jpeg","width":900,"height":1308},{"@type":"BreadcrumbList","@id":"https:\/\/aldiachaco.com.ar\/index.php\/2026\/01\/19\/dejo-sus-huellas-en-un-robo-y-esto-ayudo-a-atraparlo\/#breadcrumb","itemListElement":[{"@type":"ListItem","position":1,"name":"Home","item":"https:\/\/aldiachaco.com.ar\/"},{"@type":"ListItem","position":2,"name":"DEJO SUS HUELLAS EN UN ROBO Y ESTO AYUDO A ATRAPARLO"}]},{"@type":"WebSite","@id":"https:\/\/aldiachaco.com.ar\/#website","url":"https:\/\/aldiachaco.com.ar\/","name":"Al Dia Chaco","description":"Noticias del Chaco y el mundo","publisher":{"@id":"https:\/\/aldiachaco.com.ar\/#organization"},"alternateName":"Al D\u00eda Chaco","potentialAction":[{"@type":"SearchAction","target":{"@type":"EntryPoint","urlTemplate":"https:\/\/aldiachaco.com.ar\/?s={search_term_string}"},"query-input":{"@type":"PropertyValueSpecification","valueRequired":true,"valueName":"search_term_string"}}],"inLanguage":"es-AR"},{"@type":"Organization","@id":"https:\/\/aldiachaco.com.ar\/#organization","name":"Al Dia Chaco","url":"https:\/\/aldiachaco.com.ar\/","logo":{"@type":"ImageObject","inLanguage":"es-AR","@id":"https:\/\/aldiachaco.com.ar\/#\/schema\/logo\/image\/","url":"https:\/\/aldiachaco.com.ar\/wp-content\/uploads\/2017\/11\/AL-DIA-CHACO-L@2x.png","contentUrl":"https:\/\/aldiachaco.com.ar\/wp-content\/uploads\/2017\/11\/AL-DIA-CHACO-L@2x.png","width":232,"height":60,"caption":"Al Dia Chaco"},"image":{"@id":"https:\/\/aldiachaco.com.ar\/#\/schema\/logo\/image\/"}},{"@type":"Person","@id":"https:\/\/aldiachaco.com.ar\/#\/schema\/person\/b24e975af8022082f5889a7a7299e962","name":"RedaccionRM","image":{"@type":"ImageObject","inLanguage":"es-AR","@id":"https:\/\/aldiachaco.com.ar\/wp-content\/litespeed\/avatar\/a30118fcb7a6295303f1c91164c6aba1.jpg?ver=1776734264","url":"https:\/\/aldiachaco.com.ar\/wp-content\/litespeed\/avatar\/a30118fcb7a6295303f1c91164c6aba1.jpg?ver=1776734264","contentUrl":"https:\/\/aldiachaco.com.ar\/wp-content\/litespeed\/avatar\/a30118fcb7a6295303f1c91164c6aba1.jpg?ver=1776734264","caption":"RedaccionRM"},"url":"https:\/\/aldiachaco.com.ar\/index.php\/author\/redaccionrm\/"}]}},"jetpack_publicize_connections":[],"jetpack_featured_media_url":"https:\/\/aldiachaco.com.ar\/wp-content\/uploads\/2026\/01\/WhatsApp-Image-2026-01-19-at-17.33.05-2.jpeg","jetpack_sharing_enabled":true,"amp_enabled":true,"_links":{"self":[{"href":"https:\/\/aldiachaco.com.ar\/index.php\/wp-json\/wp\/v2\/posts\/12337","targetHints":{"allow":["GET"]}}],"collection":[{"href":"https:\/\/aldiachaco.com.ar\/index.php\/wp-json\/wp\/v2\/posts"}],"about":[{"href":"https:\/\/aldiachaco.com.ar\/index.php\/wp-json\/wp\/v2\/types\/post"}],"author":[{"embeddable":true,"href":"https:\/\/aldiachaco.com.ar\/index.php\/wp-json\/wp\/v2\/users\/9"}],"replies":[{"embeddable":true,"href":"https:\/\/aldiachaco.com.ar\/index.php\/wp-json\/wp\/v2\/comments?post=12337"}],"version-history":[{"count":1,"href":"https:\/\/aldiachaco.com.ar\/index.php\/wp-json\/wp\/v2\/posts\/12337\/revisions"}],"predecessor-version":[{"id":12340,"href":"https:\/\/aldiachaco.com.ar\/index.php\/wp-json\/wp\/v2\/posts\/12337\/revisions\/12340"}],"wp:featuredmedia":[{"embeddable":true,"href":"https:\/\/aldiachaco.com.ar\/index.php\/wp-json\/wp\/v2\/media\/12339"}],"wp:attachment":[{"href":"https:\/\/aldiachaco.com.ar\/index.php\/wp-json\/wp\/v2\/media?parent=12337"}],"wp:term":[{"taxonomy":"category","embeddable":true,"href":"https:\/\/aldiachaco.com.ar\/index.php\/wp-json\/wp\/v2\/categories?post=12337"},{"taxonomy":"post_tag","embeddable":true,"href":"https:\/\/aldiachaco.com.ar\/index.php\/wp-json\/wp\/v2\/tags?post=12337"}],"curies":[{"name":"wp","href":"https:\/\/api.w.org\/{rel}","templated":true}]}}