{"id":11992,"date":"2025-10-28T17:41:49","date_gmt":"2025-10-28T20:41:49","guid":{"rendered":"https:\/\/aldiachaco.com.ar\/?p=11992"},"modified":"2025-10-28T17:41:49","modified_gmt":"2025-10-28T20:41:49","slug":"ausencia-en-las-elecciones-2025-las-consecuencias-para-el-pasaporte-y-los-tramites-publicos","status":"publish","type":"post","link":"https:\/\/aldiachaco.com.ar\/index.php\/2025\/10\/28\/ausencia-en-las-elecciones-2025-las-consecuencias-para-el-pasaporte-y-los-tramites-publicos\/","title":{"rendered":"Ausencia en las elecciones 2025: las consecuencias para el pasaporte y los tr\u00e1mites p\u00fablicos"},"content":{"rendered":"<p class=\"ds-markdown-paragraph\">Los ciudadanos que no sufragaron en los comicios de 2025 y no justificaron su inasistencia ante la C\u00e1mara Nacional Electoral enfrentan una serie de restricciones administrativas, adem\u00e1s de la obligaci\u00f3n de abonar una multa. Quienes no cumplieron con el deber c\u00edvico ser\u00e1n incorporados al Registro de Infractores.<\/p>\n<p class=\"ds-markdown-paragraph\">Entre las consecuencias m\u00e1s directas se encuentra la imposibilidad de obtener o renovar el pasaporte. Esta restricci\u00f3n se mantendr\u00e1 de forma permanente hasta que se regularice la situaci\u00f3n mediante el pago de la multa correspondiente y se presente la justificaci\u00f3n de la ausencia.<\/p>\n<p class=\"ds-markdown-paragraph\">Las sanciones no se limitan al \u00e1mbito documental. Los infractores tambi\u00e9n quedar\u00e1n inhabilitados para acceder a cargos p\u00fablicos por un per\u00edodo de tres a\u00f1os y encontrar\u00e1n dificultades para la obtenci\u00f3n de certificados de antecedentes penales. Estas limitaciones pueden afectar tr\u00e1mites administrativos y la posibilidad de salir del pa\u00eds.<\/p>\n<p class=\"ds-markdown-paragraph\">El marco legal de estas sanciones se encuentra en el Art\u00edculo 125 del C\u00f3digo Electoral Nacional y la Acordada 13\/2013 de la C\u00e1mara Nacional Electoral. Para regularizar la situaci\u00f3n, los ciudadanos deben ingresar al Sistema de Consulta del Registro de Infractores (<a href=\"http:\/\/infractores.padron.gov.ar\/\" target=\"_blank\" rel=\"noopener noreferrer\">http:\/\/infractores.padron.gov.ar<\/a>), donde dispondr\u00e1n de dos alternativas de pago.<\/p>\n<p class=\"ds-markdown-paragraph\">La primera opci\u00f3n es mediante el &#8220;Banco Naci\u00f3n&#8221;, que genera una boleta para imprimir y abonar en cualquier sucursal. El sistema se actualiza dentro de las 48 horas posteriores al pago, por lo que se recomienda conservar el comprobante. La segunda alternativa es &#8220;Otros medios de pago&#8221;, que permite cancelar la deuda con tarjeta de cr\u00e9dito, transferencia bancaria o en efectivo, siguiendo el mismo procedimiento digital.<\/p>\n","protected":false},"excerpt":{"rendered":"<p>Los ciudadanos que no sufragaron en los comicios de 2025 y no justificaron su inasistencia ante la C\u00e1mara Nacional Electoral enfrentan una serie de restricciones administrativas, adem\u00e1s de la obligaci\u00f3n de abonar una multa. Quienes no cumplieron con el deber c\u00edvico ser\u00e1n incorporados al Registro de Infractores. Entre las consecuencias m\u00e1s directas se encuentra la &hellip;<\/p>\n","protected":false},"author":1,"featured_media":11993,"comment_status":"open","ping_status":"open","sticky":false,"template":"","format":"standard","meta":{"content-type":"","_monsterinsights_skip_tracking":false,"_monsterinsights_sitenote_active":false,"_monsterinsights_sitenote_note":"","_monsterinsights_sitenote_category":0,"_jetpack_memberships_contains_paid_content":false,"footnotes":"","jetpack_publicize_message":"","jetpack_publicize_feature_enabled":true,"jetpack_social_post_already_shared":true,"jetpack_social_options":{"image_generator_settings":{"template":"highway","default_image_id":0,"font":"","enabled":false},"version":2}},"categories":[198,156,207],"tags":[],"class_list":["post-11992","post","type-post","status-publish","format-standard","has-post-thumbnail","hentry","category-actualidad","category-turismo","category-viral"],"yoast_head":"<!-- This site is optimized with the Yoast SEO plugin v27.4 - https:\/\/yoast.com\/product\/yoast-seo-wordpress\/ -->\n<title>Ausencia en las elecciones 2025: las consecuencias para el pasaporte y los tr\u00e1mites p\u00fablicos | Al Dia Chaco<\/title>\n<meta name=\"robots\" content=\"index, follow, max-snippet:-1, max-image-preview:large, max-video-preview:-1\" \/>\n<link rel=\"canonical\" href=\"https:\/\/aldiachaco.com.ar\/index.php\/2025\/10\/28\/ausencia-en-las-elecciones-2025-las-consecuencias-para-el-pasaporte-y-los-tramites-publicos\/\" \/>\n<meta property=\"og:locale\" content=\"es_ES\" \/>\n<meta property=\"og:type\" content=\"article\" \/>\n<meta property=\"og:title\" content=\"Ausencia en las elecciones 2025: las consecuencias para el pasaporte y los tr\u00e1mites p\u00fablicos | Al Dia Chaco\" \/>\n<meta property=\"og:description\" content=\"Los ciudadanos que no sufragaron en los comicios de 2025 y no justificaron su inasistencia ante la C\u00e1mara Nacional Electoral enfrentan una serie de restricciones administrativas, adem\u00e1s de la obligaci\u00f3n de abonar una multa. Quienes no cumplieron con el deber c\u00edvico ser\u00e1n incorporados al Registro de Infractores. Entre las consecuencias m\u00e1s directas se encuentra la &hellip;\" \/>\n<meta property=\"og:url\" content=\"https:\/\/aldiachaco.com.ar\/index.php\/2025\/10\/28\/ausencia-en-las-elecciones-2025-las-consecuencias-para-el-pasaporte-y-los-tramites-publicos\/\" \/>\n<meta property=\"og:site_name\" content=\"Al Dia Chaco\" \/>\n<meta property=\"article:published_time\" content=\"2025-10-28T20:41:49+00:00\" \/>\n<meta property=\"og:image\" content=\"https:\/\/aldiachaco.com.ar\/wp-content\/uploads\/2025\/10\/WhatsApp-Image-2025-10-28-at-12.14.49.jpeg\" \/>\n\t<meta property=\"og:image:width\" content=\"1440\" \/>\n\t<meta property=\"og:image:height\" content=\"806\" \/>\n\t<meta property=\"og:image:type\" content=\"image\/jpeg\" \/>\n<meta name=\"author\" content=\"aldiachaco.com.ar\" \/>\n<meta name=\"twitter:card\" content=\"summary_large_image\" \/>\n<meta name=\"twitter:label1\" content=\"Escrito por\" \/>\n\t<meta name=\"twitter:data1\" content=\"aldiachaco.com.ar\" \/>\n\t<meta name=\"twitter:label2\" content=\"Tiempo de lectura\" \/>\n\t<meta name=\"twitter:data2\" content=\"2 minutos\" \/>\n<script type=\"application\/ld+json\" class=\"yoast-schema-graph\">{\"@context\":\"https:\\\/\\\/schema.org\",\"@graph\":[{\"@type\":\"Article\",\"@id\":\"https:\\\/\\\/aldiachaco.com.ar\\\/index.php\\\/2025\\\/10\\\/28\\\/ausencia-en-las-elecciones-2025-las-consecuencias-para-el-pasaporte-y-los-tramites-publicos\\\/#article\",\"isPartOf\":{\"@id\":\"https:\\\/\\\/aldiachaco.com.ar\\\/index.php\\\/2025\\\/10\\\/28\\\/ausencia-en-las-elecciones-2025-las-consecuencias-para-el-pasaporte-y-los-tramites-publicos\\\/\"},\"author\":{\"name\":\"aldiachaco.com.ar\",\"@id\":\"https:\\\/\\\/aldiachaco.com.ar\\\/#\\\/schema\\\/person\\\/80113835e512ba580e79a945932487f5\"},\"headline\":\"Ausencia en las elecciones 2025: las consecuencias para el pasaporte y los tr\u00e1mites p\u00fablicos\",\"datePublished\":\"2025-10-28T20:41:49+00:00\",\"mainEntityOfPage\":{\"@id\":\"https:\\\/\\\/aldiachaco.com.ar\\\/index.php\\\/2025\\\/10\\\/28\\\/ausencia-en-las-elecciones-2025-las-consecuencias-para-el-pasaporte-y-los-tramites-publicos\\\/\"},\"wordCount\":294,\"commentCount\":0,\"publisher\":{\"@id\":\"https:\\\/\\\/aldiachaco.com.ar\\\/#organization\"},\"image\":{\"@id\":\"https:\\\/\\\/aldiachaco.com.ar\\\/index.php\\\/2025\\\/10\\\/28\\\/ausencia-en-las-elecciones-2025-las-consecuencias-para-el-pasaporte-y-los-tramites-publicos\\\/#primaryimage\"},\"thumbnailUrl\":\"https:\\\/\\\/aldiachaco.com.ar\\\/wp-content\\\/uploads\\\/2025\\\/10\\\/WhatsApp-Image-2025-10-28-at-12.14.49.jpeg\",\"articleSection\":[\"Actualidad\",\"Turismo\",\"Viral\"],\"inLanguage\":\"es-AR\",\"potentialAction\":[{\"@type\":\"CommentAction\",\"name\":\"Comment\",\"target\":[\"https:\\\/\\\/aldiachaco.com.ar\\\/index.php\\\/2025\\\/10\\\/28\\\/ausencia-en-las-elecciones-2025-las-consecuencias-para-el-pasaporte-y-los-tramites-publicos\\\/#respond\"]}]},{\"@type\":\"WebPage\",\"@id\":\"https:\\\/\\\/aldiachaco.com.ar\\\/index.php\\\/2025\\\/10\\\/28\\\/ausencia-en-las-elecciones-2025-las-consecuencias-para-el-pasaporte-y-los-tramites-publicos\\\/\",\"url\":\"https:\\\/\\\/aldiachaco.com.ar\\\/index.php\\\/2025\\\/10\\\/28\\\/ausencia-en-las-elecciones-2025-las-consecuencias-para-el-pasaporte-y-los-tramites-publicos\\\/\",\"name\":\"Ausencia en las elecciones 2025: las consecuencias para el pasaporte y los tr\u00e1mites p\u00fablicos | Al Dia Chaco\",\"isPartOf\":{\"@id\":\"https:\\\/\\\/aldiachaco.com.ar\\\/#website\"},\"primaryImageOfPage\":{\"@id\":\"https:\\\/\\\/aldiachaco.com.ar\\\/index.php\\\/2025\\\/10\\\/28\\\/ausencia-en-las-elecciones-2025-las-consecuencias-para-el-pasaporte-y-los-tramites-publicos\\\/#primaryimage\"},\"image\":{\"@id\":\"https:\\\/\\\/aldiachaco.com.ar\\\/index.php\\\/2025\\\/10\\\/28\\\/ausencia-en-las-elecciones-2025-las-consecuencias-para-el-pasaporte-y-los-tramites-publicos\\\/#primaryimage\"},\"thumbnailUrl\":\"https:\\\/\\\/aldiachaco.com.ar\\\/wp-content\\\/uploads\\\/2025\\\/10\\\/WhatsApp-Image-2025-10-28-at-12.14.49.jpeg\",\"datePublished\":\"2025-10-28T20:41:49+00:00\",\"breadcrumb\":{\"@id\":\"https:\\\/\\\/aldiachaco.com.ar\\\/index.php\\\/2025\\\/10\\\/28\\\/ausencia-en-las-elecciones-2025-las-consecuencias-para-el-pasaporte-y-los-tramites-publicos\\\/#breadcrumb\"},\"inLanguage\":\"es-AR\",\"potentialAction\":[{\"@type\":\"ReadAction\",\"target\":[\"https:\\\/\\\/aldiachaco.com.ar\\\/index.php\\\/2025\\\/10\\\/28\\\/ausencia-en-las-elecciones-2025-las-consecuencias-para-el-pasaporte-y-los-tramites-publicos\\\/\"]}]},{\"@type\":\"ImageObject\",\"inLanguage\":\"es-AR\",\"@id\":\"https:\\\/\\\/aldiachaco.com.ar\\\/index.php\\\/2025\\\/10\\\/28\\\/ausencia-en-las-elecciones-2025-las-consecuencias-para-el-pasaporte-y-los-tramites-publicos\\\/#primaryimage\",\"url\":\"https:\\\/\\\/aldiachaco.com.ar\\\/wp-content\\\/uploads\\\/2025\\\/10\\\/WhatsApp-Image-2025-10-28-at-12.14.49.jpeg\",\"contentUrl\":\"https:\\\/\\\/aldiachaco.com.ar\\\/wp-content\\\/uploads\\\/2025\\\/10\\\/WhatsApp-Image-2025-10-28-at-12.14.49.jpeg\",\"width\":1440,\"height\":806},{\"@type\":\"BreadcrumbList\",\"@id\":\"https:\\\/\\\/aldiachaco.com.ar\\\/index.php\\\/2025\\\/10\\\/28\\\/ausencia-en-las-elecciones-2025-las-consecuencias-para-el-pasaporte-y-los-tramites-publicos\\\/#breadcrumb\",\"itemListElement\":[{\"@type\":\"ListItem\",\"position\":1,\"name\":\"Home\",\"item\":\"https:\\\/\\\/aldiachaco.com.ar\\\/\"},{\"@type\":\"ListItem\",\"position\":2,\"name\":\"Ausencia en las elecciones 2025: las consecuencias para el pasaporte y los tr\u00e1mites p\u00fablicos\"}]},{\"@type\":\"WebSite\",\"@id\":\"https:\\\/\\\/aldiachaco.com.ar\\\/#website\",\"url\":\"https:\\\/\\\/aldiachaco.com.ar\\\/\",\"name\":\"Al Dia Chaco\",\"description\":\"Noticias del Chaco y el mundo\",\"publisher\":{\"@id\":\"https:\\\/\\\/aldiachaco.com.ar\\\/#organization\"},\"alternateName\":\"Al D\u00eda Chaco\",\"potentialAction\":[{\"@type\":\"SearchAction\",\"target\":{\"@type\":\"EntryPoint\",\"urlTemplate\":\"https:\\\/\\\/aldiachaco.com.ar\\\/?s={search_term_string}\"},\"query-input\":{\"@type\":\"PropertyValueSpecification\",\"valueRequired\":true,\"valueName\":\"search_term_string\"}}],\"inLanguage\":\"es-AR\"},{\"@type\":\"Organization\",\"@id\":\"https:\\\/\\\/aldiachaco.com.ar\\\/#organization\",\"name\":\"Al Dia Chaco\",\"url\":\"https:\\\/\\\/aldiachaco.com.ar\\\/\",\"logo\":{\"@type\":\"ImageObject\",\"inLanguage\":\"es-AR\",\"@id\":\"https:\\\/\\\/aldiachaco.com.ar\\\/#\\\/schema\\\/logo\\\/image\\\/\",\"url\":\"https:\\\/\\\/aldiachaco.com.ar\\\/wp-content\\\/uploads\\\/2017\\\/11\\\/AL-DIA-CHACO-L@2x.png\",\"contentUrl\":\"https:\\\/\\\/aldiachaco.com.ar\\\/wp-content\\\/uploads\\\/2017\\\/11\\\/AL-DIA-CHACO-L@2x.png\",\"width\":232,\"height\":60,\"caption\":\"Al Dia Chaco\"},\"image\":{\"@id\":\"https:\\\/\\\/aldiachaco.com.ar\\\/#\\\/schema\\\/logo\\\/image\\\/\"}},{\"@type\":\"Person\",\"@id\":\"https:\\\/\\\/aldiachaco.com.ar\\\/#\\\/schema\\\/person\\\/80113835e512ba580e79a945932487f5\",\"name\":\"aldiachaco.com.ar\",\"image\":{\"@type\":\"ImageObject\",\"inLanguage\":\"es-AR\",\"@id\":\"https:\\\/\\\/aldiachaco.com.ar\\\/wp-content\\\/litespeed\\\/avatar\\\/a7c4ebc5454089d3fd4ef6b87fdd073a.jpg?ver=1777471945\",\"url\":\"https:\\\/\\\/aldiachaco.com.ar\\\/wp-content\\\/litespeed\\\/avatar\\\/a7c4ebc5454089d3fd4ef6b87fdd073a.jpg?ver=1777471945\",\"contentUrl\":\"https:\\\/\\\/aldiachaco.com.ar\\\/wp-content\\\/litespeed\\\/avatar\\\/a7c4ebc5454089d3fd4ef6b87fdd073a.jpg?ver=1777471945\",\"caption\":\"aldiachaco.com.ar\"},\"sameAs\":[\"https:\\\/\\\/aldiachaco.com.ar\"],\"url\":\"https:\\\/\\\/aldiachaco.com.ar\\\/index.php\\\/author\\\/lime-camel-884546-hostingersite-com\\\/\"}]}<\/script>\n<!-- \/ Yoast SEO plugin. -->","yoast_head_json":{"title":"Ausencia en las elecciones 2025: las consecuencias para el pasaporte y los tr\u00e1mites p\u00fablicos | Al Dia Chaco","robots":{"index":"index","follow":"follow","max-snippet":"max-snippet:-1","max-image-preview":"max-image-preview:large","max-video-preview":"max-video-preview:-1"},"canonical":"https:\/\/aldiachaco.com.ar\/index.php\/2025\/10\/28\/ausencia-en-las-elecciones-2025-las-consecuencias-para-el-pasaporte-y-los-tramites-publicos\/","og_locale":"es_ES","og_type":"article","og_title":"Ausencia en las elecciones 2025: las consecuencias para el pasaporte y los tr\u00e1mites p\u00fablicos | Al Dia Chaco","og_description":"Los ciudadanos que no sufragaron en los comicios de 2025 y no justificaron su inasistencia ante la C\u00e1mara Nacional Electoral enfrentan una serie de restricciones administrativas, adem\u00e1s de la obligaci\u00f3n de abonar una multa. Quienes no cumplieron con el deber c\u00edvico ser\u00e1n incorporados al Registro de Infractores. Entre las consecuencias m\u00e1s directas se encuentra la &hellip;","og_url":"https:\/\/aldiachaco.com.ar\/index.php\/2025\/10\/28\/ausencia-en-las-elecciones-2025-las-consecuencias-para-el-pasaporte-y-los-tramites-publicos\/","og_site_name":"Al Dia Chaco","article_published_time":"2025-10-28T20:41:49+00:00","og_image":[{"width":1440,"height":806,"url":"https:\/\/aldiachaco.com.ar\/wp-content\/uploads\/2025\/10\/WhatsApp-Image-2025-10-28-at-12.14.49.jpeg","type":"image\/jpeg"}],"author":"aldiachaco.com.ar","twitter_card":"summary_large_image","twitter_misc":{"Escrito por":"aldiachaco.com.ar","Tiempo de lectura":"2 minutos"},"schema":{"@context":"https:\/\/schema.org","@graph":[{"@type":"Article","@id":"https:\/\/aldiachaco.com.ar\/index.php\/2025\/10\/28\/ausencia-en-las-elecciones-2025-las-consecuencias-para-el-pasaporte-y-los-tramites-publicos\/#article","isPartOf":{"@id":"https:\/\/aldiachaco.com.ar\/index.php\/2025\/10\/28\/ausencia-en-las-elecciones-2025-las-consecuencias-para-el-pasaporte-y-los-tramites-publicos\/"},"author":{"name":"aldiachaco.com.ar","@id":"https:\/\/aldiachaco.com.ar\/#\/schema\/person\/80113835e512ba580e79a945932487f5"},"headline":"Ausencia en las elecciones 2025: las consecuencias para el pasaporte y los tr\u00e1mites p\u00fablicos","datePublished":"2025-10-28T20:41:49+00:00","mainEntityOfPage":{"@id":"https:\/\/aldiachaco.com.ar\/index.php\/2025\/10\/28\/ausencia-en-las-elecciones-2025-las-consecuencias-para-el-pasaporte-y-los-tramites-publicos\/"},"wordCount":294,"commentCount":0,"publisher":{"@id":"https:\/\/aldiachaco.com.ar\/#organization"},"image":{"@id":"https:\/\/aldiachaco.com.ar\/index.php\/2025\/10\/28\/ausencia-en-las-elecciones-2025-las-consecuencias-para-el-pasaporte-y-los-tramites-publicos\/#primaryimage"},"thumbnailUrl":"https:\/\/aldiachaco.com.ar\/wp-content\/uploads\/2025\/10\/WhatsApp-Image-2025-10-28-at-12.14.49.jpeg","articleSection":["Actualidad","Turismo","Viral"],"inLanguage":"es-AR","potentialAction":[{"@type":"CommentAction","name":"Comment","target":["https:\/\/aldiachaco.com.ar\/index.php\/2025\/10\/28\/ausencia-en-las-elecciones-2025-las-consecuencias-para-el-pasaporte-y-los-tramites-publicos\/#respond"]}]},{"@type":"WebPage","@id":"https:\/\/aldiachaco.com.ar\/index.php\/2025\/10\/28\/ausencia-en-las-elecciones-2025-las-consecuencias-para-el-pasaporte-y-los-tramites-publicos\/","url":"https:\/\/aldiachaco.com.ar\/index.php\/2025\/10\/28\/ausencia-en-las-elecciones-2025-las-consecuencias-para-el-pasaporte-y-los-tramites-publicos\/","name":"Ausencia en las elecciones 2025: las consecuencias para el pasaporte y los tr\u00e1mites p\u00fablicos | Al Dia Chaco","isPartOf":{"@id":"https:\/\/aldiachaco.com.ar\/#website"},"primaryImageOfPage":{"@id":"https:\/\/aldiachaco.com.ar\/index.php\/2025\/10\/28\/ausencia-en-las-elecciones-2025-las-consecuencias-para-el-pasaporte-y-los-tramites-publicos\/#primaryimage"},"image":{"@id":"https:\/\/aldiachaco.com.ar\/index.php\/2025\/10\/28\/ausencia-en-las-elecciones-2025-las-consecuencias-para-el-pasaporte-y-los-tramites-publicos\/#primaryimage"},"thumbnailUrl":"https:\/\/aldiachaco.com.ar\/wp-content\/uploads\/2025\/10\/WhatsApp-Image-2025-10-28-at-12.14.49.jpeg","datePublished":"2025-10-28T20:41:49+00:00","breadcrumb":{"@id":"https:\/\/aldiachaco.com.ar\/index.php\/2025\/10\/28\/ausencia-en-las-elecciones-2025-las-consecuencias-para-el-pasaporte-y-los-tramites-publicos\/#breadcrumb"},"inLanguage":"es-AR","potentialAction":[{"@type":"ReadAction","target":["https:\/\/aldiachaco.com.ar\/index.php\/2025\/10\/28\/ausencia-en-las-elecciones-2025-las-consecuencias-para-el-pasaporte-y-los-tramites-publicos\/"]}]},{"@type":"ImageObject","inLanguage":"es-AR","@id":"https:\/\/aldiachaco.com.ar\/index.php\/2025\/10\/28\/ausencia-en-las-elecciones-2025-las-consecuencias-para-el-pasaporte-y-los-tramites-publicos\/#primaryimage","url":"https:\/\/aldiachaco.com.ar\/wp-content\/uploads\/2025\/10\/WhatsApp-Image-2025-10-28-at-12.14.49.jpeg","contentUrl":"https:\/\/aldiachaco.com.ar\/wp-content\/uploads\/2025\/10\/WhatsApp-Image-2025-10-28-at-12.14.49.jpeg","width":1440,"height":806},{"@type":"BreadcrumbList","@id":"https:\/\/aldiachaco.com.ar\/index.php\/2025\/10\/28\/ausencia-en-las-elecciones-2025-las-consecuencias-para-el-pasaporte-y-los-tramites-publicos\/#breadcrumb","itemListElement":[{"@type":"ListItem","position":1,"name":"Home","item":"https:\/\/aldiachaco.com.ar\/"},{"@type":"ListItem","position":2,"name":"Ausencia en las elecciones 2025: las consecuencias para el pasaporte y los tr\u00e1mites p\u00fablicos"}]},{"@type":"WebSite","@id":"https:\/\/aldiachaco.com.ar\/#website","url":"https:\/\/aldiachaco.com.ar\/","name":"Al Dia Chaco","description":"Noticias del Chaco y el mundo","publisher":{"@id":"https:\/\/aldiachaco.com.ar\/#organization"},"alternateName":"Al D\u00eda Chaco","potentialAction":[{"@type":"SearchAction","target":{"@type":"EntryPoint","urlTemplate":"https:\/\/aldiachaco.com.ar\/?s={search_term_string}"},"query-input":{"@type":"PropertyValueSpecification","valueRequired":true,"valueName":"search_term_string"}}],"inLanguage":"es-AR"},{"@type":"Organization","@id":"https:\/\/aldiachaco.com.ar\/#organization","name":"Al Dia Chaco","url":"https:\/\/aldiachaco.com.ar\/","logo":{"@type":"ImageObject","inLanguage":"es-AR","@id":"https:\/\/aldiachaco.com.ar\/#\/schema\/logo\/image\/","url":"https:\/\/aldiachaco.com.ar\/wp-content\/uploads\/2017\/11\/AL-DIA-CHACO-L@2x.png","contentUrl":"https:\/\/aldiachaco.com.ar\/wp-content\/uploads\/2017\/11\/AL-DIA-CHACO-L@2x.png","width":232,"height":60,"caption":"Al Dia Chaco"},"image":{"@id":"https:\/\/aldiachaco.com.ar\/#\/schema\/logo\/image\/"}},{"@type":"Person","@id":"https:\/\/aldiachaco.com.ar\/#\/schema\/person\/80113835e512ba580e79a945932487f5","name":"aldiachaco.com.ar","image":{"@type":"ImageObject","inLanguage":"es-AR","@id":"https:\/\/aldiachaco.com.ar\/wp-content\/litespeed\/avatar\/a7c4ebc5454089d3fd4ef6b87fdd073a.jpg?ver=1777471945","url":"https:\/\/aldiachaco.com.ar\/wp-content\/litespeed\/avatar\/a7c4ebc5454089d3fd4ef6b87fdd073a.jpg?ver=1777471945","contentUrl":"https:\/\/aldiachaco.com.ar\/wp-content\/litespeed\/avatar\/a7c4ebc5454089d3fd4ef6b87fdd073a.jpg?ver=1777471945","caption":"aldiachaco.com.ar"},"sameAs":["https:\/\/aldiachaco.com.ar"],"url":"https:\/\/aldiachaco.com.ar\/index.php\/author\/lime-camel-884546-hostingersite-com\/"}]}},"jetpack_publicize_connections":[],"jetpack_featured_media_url":"https:\/\/aldiachaco.com.ar\/wp-content\/uploads\/2025\/10\/WhatsApp-Image-2025-10-28-at-12.14.49.jpeg","jetpack_sharing_enabled":true,"amp_enabled":true,"_links":{"self":[{"href":"https:\/\/aldiachaco.com.ar\/index.php\/wp-json\/wp\/v2\/posts\/11992","targetHints":{"allow":["GET"]}}],"collection":[{"href":"https:\/\/aldiachaco.com.ar\/index.php\/wp-json\/wp\/v2\/posts"}],"about":[{"href":"https:\/\/aldiachaco.com.ar\/index.php\/wp-json\/wp\/v2\/types\/post"}],"author":[{"embeddable":true,"href":"https:\/\/aldiachaco.com.ar\/index.php\/wp-json\/wp\/v2\/users\/1"}],"replies":[{"embeddable":true,"href":"https:\/\/aldiachaco.com.ar\/index.php\/wp-json\/wp\/v2\/comments?post=11992"}],"version-history":[{"count":1,"href":"https:\/\/aldiachaco.com.ar\/index.php\/wp-json\/wp\/v2\/posts\/11992\/revisions"}],"predecessor-version":[{"id":11994,"href":"https:\/\/aldiachaco.com.ar\/index.php\/wp-json\/wp\/v2\/posts\/11992\/revisions\/11994"}],"wp:featuredmedia":[{"embeddable":true,"href":"https:\/\/aldiachaco.com.ar\/index.php\/wp-json\/wp\/v2\/media\/11993"}],"wp:attachment":[{"href":"https:\/\/aldiachaco.com.ar\/index.php\/wp-json\/wp\/v2\/media?parent=11992"}],"wp:term":[{"taxonomy":"category","embeddable":true,"href":"https:\/\/aldiachaco.com.ar\/index.php\/wp-json\/wp\/v2\/categories?post=11992"},{"taxonomy":"post_tag","embeddable":true,"href":"https:\/\/aldiachaco.com.ar\/index.php\/wp-json\/wp\/v2\/tags?post=11992"}],"curies":[{"name":"wp","href":"https:\/\/api.w.org\/{rel}","templated":true}]}}