{"id":118357,"date":"2026-05-01T13:28:46","date_gmt":"2026-05-01T16:28:46","guid":{"rendered":"https:\/\/aldiachaco.com.ar\/?p=118357"},"modified":"2026-05-01T13:28:46","modified_gmt":"2026-05-01T16:28:46","slug":"charata-mujer-fallecio-tras-ser-embestida-por-un-camion","status":"publish","type":"post","link":"https:\/\/aldiachaco.com.ar\/index.php\/2026\/05\/01\/charata-mujer-fallecio-tras-ser-embestida-por-un-camion\/","title":{"rendered":"Charata: mujer falleci\u00f3 tras ser embestida por un cami\u00f3n"},"content":{"rendered":"<p>Un accidente fatal se registr\u00f3 este viernes alrededor de las 7:45 en el kil\u00f3metro 253 de la Ruta Nacional 89, en la ciudad de Charata. Al llegar los agentes, observaron un cami\u00f3n Mercedes Benz tipo jaula, conducido por un hombre de 45 a\u00f1os, el cual choc\u00f3 a una mujer que se encontraba al costado de la ruta.<\/p>\n<p>&nbsp;<\/p>\n<p>El impacto provoc\u00f3 el deceso inmediato de la v\u00edctima, constatado por personal m\u00e9dico del nosocomio local que arrib\u00f3 en ambulancia. El fiscal en turno, doctor Gabriel Omar del Balzo, dispuso la preservaci\u00f3n del lugar para la llegada de peritos del Poder Judicial. Los agentes trabajan para esclarecer las circunstancias del hecho y determinar la identidad de la v\u00edctima.<\/p>\n","protected":false},"excerpt":{"rendered":"<p>Un accidente fatal se registr\u00f3 este viernes alrededor de las 7:45 en el kil\u00f3metro 253 de la Ruta Nacional 89, en la ciudad de Charata. Al llegar los agentes, observaron un cami\u00f3n Mercedes Benz tipo jaula, conducido por un hombre de 45 a\u00f1os, el cual choc\u00f3 a una mujer que se encontraba al costado de &hellip;<\/p>\n","protected":false},"author":9,"featured_media":118358,"comment_status":"open","ping_status":"open","sticky":false,"template":"","format":"standard","meta":{"content-type":"","_monsterinsights_skip_tracking":false,"_monsterinsights_sitenote_active":false,"_monsterinsights_sitenote_note":"","_monsterinsights_sitenote_category":0,"_jetpack_memberships_contains_paid_content":false,"footnotes":"","jetpack_publicize_message":"","jetpack_publicize_feature_enabled":true,"jetpack_social_post_already_shared":true,"jetpack_social_options":{"image_generator_settings":{"template":"highway","default_image_id":0,"font":"","enabled":false},"version":2}},"categories":[86],"tags":[],"class_list":["post-118357","post","type-post","status-publish","format-standard","has-post-thumbnail","hentry","category-policiales"],"yoast_head":"<!-- This site is optimized with the Yoast SEO plugin v27.4 - https:\/\/yoast.com\/product\/yoast-seo-wordpress\/ -->\n<title>Charata: mujer falleci\u00f3 tras ser embestida por un cami\u00f3n | Al Dia Chaco<\/title>\n<meta name=\"robots\" content=\"index, follow, max-snippet:-1, max-image-preview:large, max-video-preview:-1\" \/>\n<link rel=\"canonical\" href=\"https:\/\/aldiachaco.com.ar\/index.php\/2026\/05\/01\/charata-mujer-fallecio-tras-ser-embestida-por-un-camion\/\" \/>\n<meta property=\"og:locale\" content=\"es_ES\" \/>\n<meta property=\"og:type\" content=\"article\" \/>\n<meta property=\"og:title\" content=\"Charata: mujer falleci\u00f3 tras ser embestida por un cami\u00f3n | Al Dia Chaco\" \/>\n<meta property=\"og:description\" content=\"Un accidente fatal se registr\u00f3 este viernes alrededor de las 7:45 en el kil\u00f3metro 253 de la Ruta Nacional 89, en la ciudad de Charata. Al llegar los agentes, observaron un cami\u00f3n Mercedes Benz tipo jaula, conducido por un hombre de 45 a\u00f1os, el cual choc\u00f3 a una mujer que se encontraba al costado de &hellip;\" \/>\n<meta property=\"og:url\" content=\"https:\/\/aldiachaco.com.ar\/index.php\/2026\/05\/01\/charata-mujer-fallecio-tras-ser-embestida-por-un-camion\/\" \/>\n<meta property=\"og:site_name\" content=\"Al Dia Chaco\" \/>\n<meta property=\"article:published_time\" content=\"2026-05-01T16:28:46+00:00\" \/>\n<meta property=\"og:image\" content=\"https:\/\/aldiachaco.com.ar\/wp-content\/uploads\/2026\/05\/IMG-20260501-WA0061.jpg\" \/>\n\t<meta property=\"og:image:width\" content=\"1200\" \/>\n\t<meta property=\"og:image:height\" content=\"1600\" \/>\n\t<meta property=\"og:image:type\" content=\"image\/jpeg\" \/>\n<meta name=\"author\" content=\"RedaccionRM\" \/>\n<meta name=\"twitter:card\" content=\"summary_large_image\" \/>\n<meta name=\"twitter:label1\" content=\"Escrito por\" \/>\n\t<meta name=\"twitter:data1\" content=\"RedaccionRM\" \/>\n\t<meta name=\"twitter:label2\" content=\"Tiempo de lectura\" \/>\n\t<meta name=\"twitter:data2\" content=\"1 minuto\" \/>\n<script type=\"application\/ld+json\" class=\"yoast-schema-graph\">{\"@context\":\"https:\\\/\\\/schema.org\",\"@graph\":[{\"@type\":\"Article\",\"@id\":\"https:\\\/\\\/aldiachaco.com.ar\\\/index.php\\\/2026\\\/05\\\/01\\\/charata-mujer-fallecio-tras-ser-embestida-por-un-camion\\\/#article\",\"isPartOf\":{\"@id\":\"https:\\\/\\\/aldiachaco.com.ar\\\/index.php\\\/2026\\\/05\\\/01\\\/charata-mujer-fallecio-tras-ser-embestida-por-un-camion\\\/\"},\"author\":{\"name\":\"RedaccionRM\",\"@id\":\"https:\\\/\\\/aldiachaco.com.ar\\\/#\\\/schema\\\/person\\\/b24e975af8022082f5889a7a7299e962\"},\"headline\":\"Charata: mujer falleci\u00f3 tras ser embestida por un cami\u00f3n\",\"datePublished\":\"2026-05-01T16:28:46+00:00\",\"mainEntityOfPage\":{\"@id\":\"https:\\\/\\\/aldiachaco.com.ar\\\/index.php\\\/2026\\\/05\\\/01\\\/charata-mujer-fallecio-tras-ser-embestida-por-un-camion\\\/\"},\"wordCount\":129,\"commentCount\":0,\"publisher\":{\"@id\":\"https:\\\/\\\/aldiachaco.com.ar\\\/#organization\"},\"image\":{\"@id\":\"https:\\\/\\\/aldiachaco.com.ar\\\/index.php\\\/2026\\\/05\\\/01\\\/charata-mujer-fallecio-tras-ser-embestida-por-un-camion\\\/#primaryimage\"},\"thumbnailUrl\":\"https:\\\/\\\/aldiachaco.com.ar\\\/wp-content\\\/uploads\\\/2026\\\/05\\\/IMG-20260501-WA0061.jpg\",\"articleSection\":[\"Policiales\"],\"inLanguage\":\"es-AR\",\"potentialAction\":[{\"@type\":\"CommentAction\",\"name\":\"Comment\",\"target\":[\"https:\\\/\\\/aldiachaco.com.ar\\\/index.php\\\/2026\\\/05\\\/01\\\/charata-mujer-fallecio-tras-ser-embestida-por-un-camion\\\/#respond\"]}]},{\"@type\":\"WebPage\",\"@id\":\"https:\\\/\\\/aldiachaco.com.ar\\\/index.php\\\/2026\\\/05\\\/01\\\/charata-mujer-fallecio-tras-ser-embestida-por-un-camion\\\/\",\"url\":\"https:\\\/\\\/aldiachaco.com.ar\\\/index.php\\\/2026\\\/05\\\/01\\\/charata-mujer-fallecio-tras-ser-embestida-por-un-camion\\\/\",\"name\":\"Charata: mujer falleci\u00f3 tras ser embestida por un cami\u00f3n | Al Dia Chaco\",\"isPartOf\":{\"@id\":\"https:\\\/\\\/aldiachaco.com.ar\\\/#website\"},\"primaryImageOfPage\":{\"@id\":\"https:\\\/\\\/aldiachaco.com.ar\\\/index.php\\\/2026\\\/05\\\/01\\\/charata-mujer-fallecio-tras-ser-embestida-por-un-camion\\\/#primaryimage\"},\"image\":{\"@id\":\"https:\\\/\\\/aldiachaco.com.ar\\\/index.php\\\/2026\\\/05\\\/01\\\/charata-mujer-fallecio-tras-ser-embestida-por-un-camion\\\/#primaryimage\"},\"thumbnailUrl\":\"https:\\\/\\\/aldiachaco.com.ar\\\/wp-content\\\/uploads\\\/2026\\\/05\\\/IMG-20260501-WA0061.jpg\",\"datePublished\":\"2026-05-01T16:28:46+00:00\",\"breadcrumb\":{\"@id\":\"https:\\\/\\\/aldiachaco.com.ar\\\/index.php\\\/2026\\\/05\\\/01\\\/charata-mujer-fallecio-tras-ser-embestida-por-un-camion\\\/#breadcrumb\"},\"inLanguage\":\"es-AR\",\"potentialAction\":[{\"@type\":\"ReadAction\",\"target\":[\"https:\\\/\\\/aldiachaco.com.ar\\\/index.php\\\/2026\\\/05\\\/01\\\/charata-mujer-fallecio-tras-ser-embestida-por-un-camion\\\/\"]}]},{\"@type\":\"ImageObject\",\"inLanguage\":\"es-AR\",\"@id\":\"https:\\\/\\\/aldiachaco.com.ar\\\/index.php\\\/2026\\\/05\\\/01\\\/charata-mujer-fallecio-tras-ser-embestida-por-un-camion\\\/#primaryimage\",\"url\":\"https:\\\/\\\/aldiachaco.com.ar\\\/wp-content\\\/uploads\\\/2026\\\/05\\\/IMG-20260501-WA0061.jpg\",\"contentUrl\":\"https:\\\/\\\/aldiachaco.com.ar\\\/wp-content\\\/uploads\\\/2026\\\/05\\\/IMG-20260501-WA0061.jpg\",\"width\":1200,\"height\":1600},{\"@type\":\"BreadcrumbList\",\"@id\":\"https:\\\/\\\/aldiachaco.com.ar\\\/index.php\\\/2026\\\/05\\\/01\\\/charata-mujer-fallecio-tras-ser-embestida-por-un-camion\\\/#breadcrumb\",\"itemListElement\":[{\"@type\":\"ListItem\",\"position\":1,\"name\":\"Home\",\"item\":\"https:\\\/\\\/aldiachaco.com.ar\\\/\"},{\"@type\":\"ListItem\",\"position\":2,\"name\":\"Charata: mujer falleci\u00f3 tras ser embestida por un cami\u00f3n\"}]},{\"@type\":\"WebSite\",\"@id\":\"https:\\\/\\\/aldiachaco.com.ar\\\/#website\",\"url\":\"https:\\\/\\\/aldiachaco.com.ar\\\/\",\"name\":\"Al Dia Chaco\",\"description\":\"Noticias del Chaco y el mundo\",\"publisher\":{\"@id\":\"https:\\\/\\\/aldiachaco.com.ar\\\/#organization\"},\"alternateName\":\"Al D\u00eda Chaco\",\"potentialAction\":[{\"@type\":\"SearchAction\",\"target\":{\"@type\":\"EntryPoint\",\"urlTemplate\":\"https:\\\/\\\/aldiachaco.com.ar\\\/?s={search_term_string}\"},\"query-input\":{\"@type\":\"PropertyValueSpecification\",\"valueRequired\":true,\"valueName\":\"search_term_string\"}}],\"inLanguage\":\"es-AR\"},{\"@type\":\"Organization\",\"@id\":\"https:\\\/\\\/aldiachaco.com.ar\\\/#organization\",\"name\":\"Al Dia Chaco\",\"url\":\"https:\\\/\\\/aldiachaco.com.ar\\\/\",\"logo\":{\"@type\":\"ImageObject\",\"inLanguage\":\"es-AR\",\"@id\":\"https:\\\/\\\/aldiachaco.com.ar\\\/#\\\/schema\\\/logo\\\/image\\\/\",\"url\":\"https:\\\/\\\/aldiachaco.com.ar\\\/wp-content\\\/uploads\\\/2017\\\/11\\\/AL-DIA-CHACO-L@2x.png\",\"contentUrl\":\"https:\\\/\\\/aldiachaco.com.ar\\\/wp-content\\\/uploads\\\/2017\\\/11\\\/AL-DIA-CHACO-L@2x.png\",\"width\":232,\"height\":60,\"caption\":\"Al Dia Chaco\"},\"image\":{\"@id\":\"https:\\\/\\\/aldiachaco.com.ar\\\/#\\\/schema\\\/logo\\\/image\\\/\"}},{\"@type\":\"Person\",\"@id\":\"https:\\\/\\\/aldiachaco.com.ar\\\/#\\\/schema\\\/person\\\/b24e975af8022082f5889a7a7299e962\",\"name\":\"RedaccionRM\",\"image\":{\"@type\":\"ImageObject\",\"inLanguage\":\"es-AR\",\"@id\":\"https:\\\/\\\/aldiachaco.com.ar\\\/wp-content\\\/litespeed\\\/avatar\\\/a30118fcb7a6295303f1c91164c6aba1.jpg?ver=1777339088\",\"url\":\"https:\\\/\\\/aldiachaco.com.ar\\\/wp-content\\\/litespeed\\\/avatar\\\/a30118fcb7a6295303f1c91164c6aba1.jpg?ver=1777339088\",\"contentUrl\":\"https:\\\/\\\/aldiachaco.com.ar\\\/wp-content\\\/litespeed\\\/avatar\\\/a30118fcb7a6295303f1c91164c6aba1.jpg?ver=1777339088\",\"caption\":\"RedaccionRM\"},\"url\":\"https:\\\/\\\/aldiachaco.com.ar\\\/index.php\\\/author\\\/redaccionrm\\\/\"}]}<\/script>\n<!-- \/ Yoast SEO plugin. -->","yoast_head_json":{"title":"Charata: mujer falleci\u00f3 tras ser embestida por un cami\u00f3n | Al Dia Chaco","robots":{"index":"index","follow":"follow","max-snippet":"max-snippet:-1","max-image-preview":"max-image-preview:large","max-video-preview":"max-video-preview:-1"},"canonical":"https:\/\/aldiachaco.com.ar\/index.php\/2026\/05\/01\/charata-mujer-fallecio-tras-ser-embestida-por-un-camion\/","og_locale":"es_ES","og_type":"article","og_title":"Charata: mujer falleci\u00f3 tras ser embestida por un cami\u00f3n | Al Dia Chaco","og_description":"Un accidente fatal se registr\u00f3 este viernes alrededor de las 7:45 en el kil\u00f3metro 253 de la Ruta Nacional 89, en la ciudad de Charata. Al llegar los agentes, observaron un cami\u00f3n Mercedes Benz tipo jaula, conducido por un hombre de 45 a\u00f1os, el cual choc\u00f3 a una mujer que se encontraba al costado de &hellip;","og_url":"https:\/\/aldiachaco.com.ar\/index.php\/2026\/05\/01\/charata-mujer-fallecio-tras-ser-embestida-por-un-camion\/","og_site_name":"Al Dia Chaco","article_published_time":"2026-05-01T16:28:46+00:00","og_image":[{"width":1200,"height":1600,"url":"https:\/\/aldiachaco.com.ar\/wp-content\/uploads\/2026\/05\/IMG-20260501-WA0061.jpg","type":"image\/jpeg"}],"author":"RedaccionRM","twitter_card":"summary_large_image","twitter_misc":{"Escrito por":"RedaccionRM","Tiempo de lectura":"1 minuto"},"schema":{"@context":"https:\/\/schema.org","@graph":[{"@type":"Article","@id":"https:\/\/aldiachaco.com.ar\/index.php\/2026\/05\/01\/charata-mujer-fallecio-tras-ser-embestida-por-un-camion\/#article","isPartOf":{"@id":"https:\/\/aldiachaco.com.ar\/index.php\/2026\/05\/01\/charata-mujer-fallecio-tras-ser-embestida-por-un-camion\/"},"author":{"name":"RedaccionRM","@id":"https:\/\/aldiachaco.com.ar\/#\/schema\/person\/b24e975af8022082f5889a7a7299e962"},"headline":"Charata: mujer falleci\u00f3 tras ser embestida por un cami\u00f3n","datePublished":"2026-05-01T16:28:46+00:00","mainEntityOfPage":{"@id":"https:\/\/aldiachaco.com.ar\/index.php\/2026\/05\/01\/charata-mujer-fallecio-tras-ser-embestida-por-un-camion\/"},"wordCount":129,"commentCount":0,"publisher":{"@id":"https:\/\/aldiachaco.com.ar\/#organization"},"image":{"@id":"https:\/\/aldiachaco.com.ar\/index.php\/2026\/05\/01\/charata-mujer-fallecio-tras-ser-embestida-por-un-camion\/#primaryimage"},"thumbnailUrl":"https:\/\/aldiachaco.com.ar\/wp-content\/uploads\/2026\/05\/IMG-20260501-WA0061.jpg","articleSection":["Policiales"],"inLanguage":"es-AR","potentialAction":[{"@type":"CommentAction","name":"Comment","target":["https:\/\/aldiachaco.com.ar\/index.php\/2026\/05\/01\/charata-mujer-fallecio-tras-ser-embestida-por-un-camion\/#respond"]}]},{"@type":"WebPage","@id":"https:\/\/aldiachaco.com.ar\/index.php\/2026\/05\/01\/charata-mujer-fallecio-tras-ser-embestida-por-un-camion\/","url":"https:\/\/aldiachaco.com.ar\/index.php\/2026\/05\/01\/charata-mujer-fallecio-tras-ser-embestida-por-un-camion\/","name":"Charata: mujer falleci\u00f3 tras ser embestida por un cami\u00f3n | Al Dia Chaco","isPartOf":{"@id":"https:\/\/aldiachaco.com.ar\/#website"},"primaryImageOfPage":{"@id":"https:\/\/aldiachaco.com.ar\/index.php\/2026\/05\/01\/charata-mujer-fallecio-tras-ser-embestida-por-un-camion\/#primaryimage"},"image":{"@id":"https:\/\/aldiachaco.com.ar\/index.php\/2026\/05\/01\/charata-mujer-fallecio-tras-ser-embestida-por-un-camion\/#primaryimage"},"thumbnailUrl":"https:\/\/aldiachaco.com.ar\/wp-content\/uploads\/2026\/05\/IMG-20260501-WA0061.jpg","datePublished":"2026-05-01T16:28:46+00:00","breadcrumb":{"@id":"https:\/\/aldiachaco.com.ar\/index.php\/2026\/05\/01\/charata-mujer-fallecio-tras-ser-embestida-por-un-camion\/#breadcrumb"},"inLanguage":"es-AR","potentialAction":[{"@type":"ReadAction","target":["https:\/\/aldiachaco.com.ar\/index.php\/2026\/05\/01\/charata-mujer-fallecio-tras-ser-embestida-por-un-camion\/"]}]},{"@type":"ImageObject","inLanguage":"es-AR","@id":"https:\/\/aldiachaco.com.ar\/index.php\/2026\/05\/01\/charata-mujer-fallecio-tras-ser-embestida-por-un-camion\/#primaryimage","url":"https:\/\/aldiachaco.com.ar\/wp-content\/uploads\/2026\/05\/IMG-20260501-WA0061.jpg","contentUrl":"https:\/\/aldiachaco.com.ar\/wp-content\/uploads\/2026\/05\/IMG-20260501-WA0061.jpg","width":1200,"height":1600},{"@type":"BreadcrumbList","@id":"https:\/\/aldiachaco.com.ar\/index.php\/2026\/05\/01\/charata-mujer-fallecio-tras-ser-embestida-por-un-camion\/#breadcrumb","itemListElement":[{"@type":"ListItem","position":1,"name":"Home","item":"https:\/\/aldiachaco.com.ar\/"},{"@type":"ListItem","position":2,"name":"Charata: mujer falleci\u00f3 tras ser embestida por un cami\u00f3n"}]},{"@type":"WebSite","@id":"https:\/\/aldiachaco.com.ar\/#website","url":"https:\/\/aldiachaco.com.ar\/","name":"Al Dia Chaco","description":"Noticias del Chaco y el mundo","publisher":{"@id":"https:\/\/aldiachaco.com.ar\/#organization"},"alternateName":"Al D\u00eda Chaco","potentialAction":[{"@type":"SearchAction","target":{"@type":"EntryPoint","urlTemplate":"https:\/\/aldiachaco.com.ar\/?s={search_term_string}"},"query-input":{"@type":"PropertyValueSpecification","valueRequired":true,"valueName":"search_term_string"}}],"inLanguage":"es-AR"},{"@type":"Organization","@id":"https:\/\/aldiachaco.com.ar\/#organization","name":"Al Dia Chaco","url":"https:\/\/aldiachaco.com.ar\/","logo":{"@type":"ImageObject","inLanguage":"es-AR","@id":"https:\/\/aldiachaco.com.ar\/#\/schema\/logo\/image\/","url":"https:\/\/aldiachaco.com.ar\/wp-content\/uploads\/2017\/11\/AL-DIA-CHACO-L@2x.png","contentUrl":"https:\/\/aldiachaco.com.ar\/wp-content\/uploads\/2017\/11\/AL-DIA-CHACO-L@2x.png","width":232,"height":60,"caption":"Al Dia Chaco"},"image":{"@id":"https:\/\/aldiachaco.com.ar\/#\/schema\/logo\/image\/"}},{"@type":"Person","@id":"https:\/\/aldiachaco.com.ar\/#\/schema\/person\/b24e975af8022082f5889a7a7299e962","name":"RedaccionRM","image":{"@type":"ImageObject","inLanguage":"es-AR","@id":"https:\/\/aldiachaco.com.ar\/wp-content\/litespeed\/avatar\/a30118fcb7a6295303f1c91164c6aba1.jpg?ver=1777339088","url":"https:\/\/aldiachaco.com.ar\/wp-content\/litespeed\/avatar\/a30118fcb7a6295303f1c91164c6aba1.jpg?ver=1777339088","contentUrl":"https:\/\/aldiachaco.com.ar\/wp-content\/litespeed\/avatar\/a30118fcb7a6295303f1c91164c6aba1.jpg?ver=1777339088","caption":"RedaccionRM"},"url":"https:\/\/aldiachaco.com.ar\/index.php\/author\/redaccionrm\/"}]}},"jetpack_publicize_connections":[],"jetpack_featured_media_url":"https:\/\/aldiachaco.com.ar\/wp-content\/uploads\/2026\/05\/IMG-20260501-WA0061.jpg","jetpack_sharing_enabled":true,"amp_enabled":true,"_links":{"self":[{"href":"https:\/\/aldiachaco.com.ar\/index.php\/wp-json\/wp\/v2\/posts\/118357","targetHints":{"allow":["GET"]}}],"collection":[{"href":"https:\/\/aldiachaco.com.ar\/index.php\/wp-json\/wp\/v2\/posts"}],"about":[{"href":"https:\/\/aldiachaco.com.ar\/index.php\/wp-json\/wp\/v2\/types\/post"}],"author":[{"embeddable":true,"href":"https:\/\/aldiachaco.com.ar\/index.php\/wp-json\/wp\/v2\/users\/9"}],"replies":[{"embeddable":true,"href":"https:\/\/aldiachaco.com.ar\/index.php\/wp-json\/wp\/v2\/comments?post=118357"}],"version-history":[{"count":1,"href":"https:\/\/aldiachaco.com.ar\/index.php\/wp-json\/wp\/v2\/posts\/118357\/revisions"}],"predecessor-version":[{"id":118359,"href":"https:\/\/aldiachaco.com.ar\/index.php\/wp-json\/wp\/v2\/posts\/118357\/revisions\/118359"}],"wp:featuredmedia":[{"embeddable":true,"href":"https:\/\/aldiachaco.com.ar\/index.php\/wp-json\/wp\/v2\/media\/118358"}],"wp:attachment":[{"href":"https:\/\/aldiachaco.com.ar\/index.php\/wp-json\/wp\/v2\/media?parent=118357"}],"wp:term":[{"taxonomy":"category","embeddable":true,"href":"https:\/\/aldiachaco.com.ar\/index.php\/wp-json\/wp\/v2\/categories?post=118357"},{"taxonomy":"post_tag","embeddable":true,"href":"https:\/\/aldiachaco.com.ar\/index.php\/wp-json\/wp\/v2\/tags?post=118357"}],"curies":[{"name":"wp","href":"https:\/\/api.w.org\/{rel}","templated":true}]}}