{"id":118354,"date":"2026-05-01T13:21:59","date_gmt":"2026-05-01T16:21:59","guid":{"rendered":"https:\/\/aldiachaco.com.ar\/?p=118354"},"modified":"2026-05-01T13:21:59","modified_gmt":"2026-05-01T16:21:59","slug":"liga-argentina-lanus-lo-remonto-y-golpeo-primero","status":"publish","type":"post","link":"https:\/\/aldiachaco.com.ar\/index.php\/2026\/05\/01\/liga-argentina-lanus-lo-remonto-y-golpeo-primero\/","title":{"rendered":"Liga Argentina: Lan\u00fas lo remont\u00f3 y golpe\u00f3 primero"},"content":{"rendered":"<p>Lan\u00fas sac\u00f3 a relucir temple y capacidad de reacci\u00f3n en el momento justo para quedarse con un triunfo trabajado y valioso ante Villa San Mart\u00edn por 72-65, en el inicio de la serie de cuartos de final de la Liga Argentina. En el estadio Antonio Rotili, el equipo de Manu Angles debi\u00f3 lidiar durante gran parte del encuentro con su propia irregularidad ofensiva y con la f\u00e9rrea defensa propuesta por el conjunto chaque\u00f1o, pero termin\u00f3 resolviendo la historia con autoridad en el tramo decisivo.<\/p>\n<p>&nbsp;<\/p>\n<p>El desarrollo del juego mostr\u00f3 desde el comienzo un duelo f\u00edsico, t\u00edpico de instancias eliminatorias. Lan\u00fas insinu\u00f3 un arranque prometedor con una ventaja inicial de 10-4, pero r\u00e1pidemente Villa San Mart\u00edn respondi\u00f3 con intensidad defensiva, presi\u00f3n sobre las l\u00edneas de pase y solidez en la pintura. Con un parcial de 10-2, el conjunto visitante revirti\u00f3 el marcador y equilibr\u00f3 el tr\u00e1mite. El primer cuarto cerr\u00f3 18-18, reflejando la paridad y el tono \u00e1spero del encuentro.<\/p>\n<p>&nbsp;<\/p>\n<p>En el segundo segmento, el Granate profundiz\u00f3 uno de sus principales problemas de la noche: la falta de eficacia desde el per\u00edmetro. El 0\/5 en triples condicion\u00f3 su ofensiva y facilit\u00f3 la tarea defensiva del rival. Del otro lado, Villa San Mart\u00edn encontr\u00f3 respuestas en Gago y Mart\u00edn, quienes asumieron protagonismo en la generaci\u00f3n de juego y en la anotaci\u00f3n. Con mayor fluidez y mejores decisiones, el Tricolor se fue al descanso largo en ventaja por 37-32.<\/p>\n<p>&nbsp;<\/p>\n<p>Tras el entretiempo, el equipo de Resistencia consolid\u00f3 su dominio. Florito se volvi\u00f3 indescifrable para la defensa local, sumando puntos clave, mientras que V\u00edctor P\u00e9rez aport\u00f3 presencia y consistencia. A eso se sum\u00f3 la eficacia de Saturno desde larga distancia, un factor determinante para que la visita lograra una diferencia de nueve puntos (51-42) a falta de poco m\u00e1s de tres minutos para el cierre del tercer cuarto. Lan\u00fas, inc\u00f3modo y atrapado en la mara\u00f1a defensiva rival, apenas logr\u00f3 sostenerse gracias a acciones aisladas de Whitfield y Johnson, para cerrar ese periodo abajo 55-49.<\/p>\n<p>&nbsp;<\/p>\n<p>Pero el b\u00e1squet, y especialmente los playoffs, suelen reservar giros inesperados. En el \u00faltimo cuarto emergi\u00f3 la mejor versi\u00f3n de Lan\u00fas. El equipo ajust\u00f3 su circulaci\u00f3n ofensiva, encontr\u00f3 mejores tiros y, sobre todo, recuper\u00f3 confianza desde el per\u00edmetro. Con un notable 5\/9 en triples en ese segmento, el Granate desarm\u00f3 la estructura defensiva visitante y cambi\u00f3 el pulso del partido.<\/p>\n<p>&nbsp;<\/p>\n<p>Lan\u00fas logr\u00f3 pasar al frente reci\u00e9n a falta de 3:45 minutos, despu\u00e9s de haber corrido desde atr\u00e1s durante gran parte del encuentro. Ese quiebre no solo modific\u00f3 el marcador, sino tambi\u00e9n el aspecto emocional del juego. Con el envi\u00f3n an\u00edmico a su favor y una defensa m\u00e1s firme, el local supo administrar la ventaja en los minutos finales y cerrar el partido con inteligencia. El resultado final fue de 72 a 65.<\/p>\n<p>&nbsp;<\/p>\n<p>En Villa San Mart\u00edn, V\u00edctor P\u00e9rez fue el m\u00e1ximo referente ofensivo con 15 puntos, acompa\u00f1ado por tramos positivos de Florito y Fern\u00e1ndez Gago. Sin embargo, el equipo no logr\u00f3 sostener su intensidad ni su eficacia en el cierre, y termin\u00f3 cediendo ante la reacci\u00f3n del Granate.<\/p>\n<p>&nbsp;<\/p>\n<p>De esta manera, Lan\u00fas se queda con el primer punto de la serie y env\u00eda un mensaje claro: aun en noches adversas, tiene herramientas para competir y revertir escenarios complejos. La historia continuar\u00e1 este s\u00e1bado 2 de mayo a las 21 horas, nuevamente en cancha de Lan\u00fas, con el segundo cap\u00edtulo de una serie que promete mantener la misma intensidad y tensi\u00f3n propias de los playoffs.<\/p>\n<p>&nbsp;<\/p>\n<p>S\u00edntesis<\/p>\n<p>&nbsp;<\/p>\n<p>\u00b7 Lan\u00fas (72): Ferreyra; Whitfield 12; D\u00edaz Gim\u00e9nez 2; Reinaudi 16 (4\/6 en triples); Varoni; Franchino 18; Noblega 2; Merchant 2; Sacchi; Johnson 13; Prome y Henry 7. DT: Juan Anglese.<\/p>\n<p>\u00b7 Villa San Mart\u00edn (65): Mart\u00edn 7; Fern\u00e1ndez Gago 12; P\u00e9rez Barrios 15; Camisasca; Vieta 4; Florito 12; Bar\u00faa; Gusmao 8; Centeno 7 (13 rebotes). DT: Eduardo Japez.<\/p>\n<p>\u00b7 \u00c1rbitros: Oscar Br\u00edtez, Guillermo Di Lernia y Florencia Benzer.<\/p>\n<p>\u00b7 Estadio: Antonio Rotili.<\/p>\n<p>\u00b7 Serie: 1-0 Lan\u00fas.<\/p>\n<p>\u00b7 Pr\u00f3ximo partido: S\u00e1bado 2 de mayo a las 21 en cancha de Lan\u00fas.<\/p>\n<p>Gentileza Prensa : Santiago Waissmann<\/p>\n","protected":false},"excerpt":{"rendered":"<p>Lan\u00fas sac\u00f3 a relucir temple y capacidad de reacci\u00f3n en el momento justo para quedarse con un triunfo trabajado y valioso ante Villa San Mart\u00edn por 72-65, en el inicio de la serie de cuartos de final de la Liga Argentina. En el estadio Antonio Rotili, el equipo de Manu Angles debi\u00f3 lidiar durante gran &hellip;<\/p>\n","protected":false},"author":9,"featured_media":118355,"comment_status":"open","ping_status":"open","sticky":false,"template":"","format":"standard","meta":{"content-type":"","_monsterinsights_skip_tracking":false,"_monsterinsights_sitenote_active":false,"_monsterinsights_sitenote_note":"","_monsterinsights_sitenote_category":0,"_jetpack_memberships_contains_paid_content":false,"footnotes":"","jetpack_publicize_message":"","jetpack_publicize_feature_enabled":true,"jetpack_social_post_already_shared":true,"jetpack_social_options":{"image_generator_settings":{"template":"highway","default_image_id":0,"font":"","enabled":false},"version":2}},"categories":[72],"tags":[],"class_list":["post-118354","post","type-post","status-publish","format-standard","has-post-thumbnail","hentry","category-deportes"],"yoast_head":"<!-- This site is optimized with the Yoast SEO plugin v27.4 - https:\/\/yoast.com\/product\/yoast-seo-wordpress\/ -->\n<title>Liga Argentina: Lan\u00fas lo remont\u00f3 y golpe\u00f3 primero | Al Dia Chaco<\/title>\n<meta name=\"robots\" content=\"index, follow, max-snippet:-1, max-image-preview:large, max-video-preview:-1\" \/>\n<link rel=\"canonical\" href=\"https:\/\/aldiachaco.com.ar\/index.php\/2026\/05\/01\/liga-argentina-lanus-lo-remonto-y-golpeo-primero\/\" \/>\n<meta property=\"og:locale\" content=\"es_ES\" \/>\n<meta property=\"og:type\" content=\"article\" \/>\n<meta property=\"og:title\" content=\"Liga Argentina: Lan\u00fas lo remont\u00f3 y golpe\u00f3 primero | Al Dia Chaco\" \/>\n<meta property=\"og:description\" content=\"Lan\u00fas sac\u00f3 a relucir temple y capacidad de reacci\u00f3n en el momento justo para quedarse con un triunfo trabajado y valioso ante Villa San Mart\u00edn por 72-65, en el inicio de la serie de cuartos de final de la Liga Argentina. En el estadio Antonio Rotili, el equipo de Manu Angles debi\u00f3 lidiar durante gran &hellip;\" \/>\n<meta property=\"og:url\" content=\"https:\/\/aldiachaco.com.ar\/index.php\/2026\/05\/01\/liga-argentina-lanus-lo-remonto-y-golpeo-primero\/\" \/>\n<meta property=\"og:site_name\" content=\"Al Dia Chaco\" \/>\n<meta property=\"article:published_time\" content=\"2026-05-01T16:21:59+00:00\" \/>\n<meta property=\"og:image\" content=\"https:\/\/aldiachaco.com.ar\/wp-content\/uploads\/2026\/05\/Foto-de-Juan.jpg\" \/>\n\t<meta property=\"og:image:width\" content=\"853\" \/>\n\t<meta property=\"og:image:height\" content=\"1280\" \/>\n\t<meta property=\"og:image:type\" content=\"image\/jpeg\" \/>\n<meta name=\"author\" content=\"RedaccionRM\" \/>\n<meta name=\"twitter:card\" content=\"summary_large_image\" \/>\n<meta name=\"twitter:label1\" content=\"Escrito por\" \/>\n\t<meta name=\"twitter:data1\" content=\"RedaccionRM\" \/>\n\t<meta name=\"twitter:label2\" content=\"Tiempo de lectura\" \/>\n\t<meta name=\"twitter:data2\" content=\"4 minutos\" \/>\n<script type=\"application\/ld+json\" class=\"yoast-schema-graph\">{\"@context\":\"https:\\\/\\\/schema.org\",\"@graph\":[{\"@type\":\"Article\",\"@id\":\"https:\\\/\\\/aldiachaco.com.ar\\\/index.php\\\/2026\\\/05\\\/01\\\/liga-argentina-lanus-lo-remonto-y-golpeo-primero\\\/#article\",\"isPartOf\":{\"@id\":\"https:\\\/\\\/aldiachaco.com.ar\\\/index.php\\\/2026\\\/05\\\/01\\\/liga-argentina-lanus-lo-remonto-y-golpeo-primero\\\/\"},\"author\":{\"name\":\"RedaccionRM\",\"@id\":\"https:\\\/\\\/aldiachaco.com.ar\\\/#\\\/schema\\\/person\\\/b24e975af8022082f5889a7a7299e962\"},\"headline\":\"Liga Argentina: Lan\u00fas lo remont\u00f3 y golpe\u00f3 primero\",\"datePublished\":\"2026-05-01T16:21:59+00:00\",\"mainEntityOfPage\":{\"@id\":\"https:\\\/\\\/aldiachaco.com.ar\\\/index.php\\\/2026\\\/05\\\/01\\\/liga-argentina-lanus-lo-remonto-y-golpeo-primero\\\/\"},\"wordCount\":717,\"commentCount\":0,\"publisher\":{\"@id\":\"https:\\\/\\\/aldiachaco.com.ar\\\/#organization\"},\"image\":{\"@id\":\"https:\\\/\\\/aldiachaco.com.ar\\\/index.php\\\/2026\\\/05\\\/01\\\/liga-argentina-lanus-lo-remonto-y-golpeo-primero\\\/#primaryimage\"},\"thumbnailUrl\":\"https:\\\/\\\/aldiachaco.com.ar\\\/wp-content\\\/uploads\\\/2026\\\/05\\\/Foto-de-Juan.jpg\",\"articleSection\":[\"Deportes\"],\"inLanguage\":\"es-AR\",\"potentialAction\":[{\"@type\":\"CommentAction\",\"name\":\"Comment\",\"target\":[\"https:\\\/\\\/aldiachaco.com.ar\\\/index.php\\\/2026\\\/05\\\/01\\\/liga-argentina-lanus-lo-remonto-y-golpeo-primero\\\/#respond\"]}]},{\"@type\":\"WebPage\",\"@id\":\"https:\\\/\\\/aldiachaco.com.ar\\\/index.php\\\/2026\\\/05\\\/01\\\/liga-argentina-lanus-lo-remonto-y-golpeo-primero\\\/\",\"url\":\"https:\\\/\\\/aldiachaco.com.ar\\\/index.php\\\/2026\\\/05\\\/01\\\/liga-argentina-lanus-lo-remonto-y-golpeo-primero\\\/\",\"name\":\"Liga Argentina: Lan\u00fas lo remont\u00f3 y golpe\u00f3 primero | Al Dia Chaco\",\"isPartOf\":{\"@id\":\"https:\\\/\\\/aldiachaco.com.ar\\\/#website\"},\"primaryImageOfPage\":{\"@id\":\"https:\\\/\\\/aldiachaco.com.ar\\\/index.php\\\/2026\\\/05\\\/01\\\/liga-argentina-lanus-lo-remonto-y-golpeo-primero\\\/#primaryimage\"},\"image\":{\"@id\":\"https:\\\/\\\/aldiachaco.com.ar\\\/index.php\\\/2026\\\/05\\\/01\\\/liga-argentina-lanus-lo-remonto-y-golpeo-primero\\\/#primaryimage\"},\"thumbnailUrl\":\"https:\\\/\\\/aldiachaco.com.ar\\\/wp-content\\\/uploads\\\/2026\\\/05\\\/Foto-de-Juan.jpg\",\"datePublished\":\"2026-05-01T16:21:59+00:00\",\"breadcrumb\":{\"@id\":\"https:\\\/\\\/aldiachaco.com.ar\\\/index.php\\\/2026\\\/05\\\/01\\\/liga-argentina-lanus-lo-remonto-y-golpeo-primero\\\/#breadcrumb\"},\"inLanguage\":\"es-AR\",\"potentialAction\":[{\"@type\":\"ReadAction\",\"target\":[\"https:\\\/\\\/aldiachaco.com.ar\\\/index.php\\\/2026\\\/05\\\/01\\\/liga-argentina-lanus-lo-remonto-y-golpeo-primero\\\/\"]}]},{\"@type\":\"ImageObject\",\"inLanguage\":\"es-AR\",\"@id\":\"https:\\\/\\\/aldiachaco.com.ar\\\/index.php\\\/2026\\\/05\\\/01\\\/liga-argentina-lanus-lo-remonto-y-golpeo-primero\\\/#primaryimage\",\"url\":\"https:\\\/\\\/aldiachaco.com.ar\\\/wp-content\\\/uploads\\\/2026\\\/05\\\/Foto-de-Juan.jpg\",\"contentUrl\":\"https:\\\/\\\/aldiachaco.com.ar\\\/wp-content\\\/uploads\\\/2026\\\/05\\\/Foto-de-Juan.jpg\",\"width\":853,\"height\":1280},{\"@type\":\"BreadcrumbList\",\"@id\":\"https:\\\/\\\/aldiachaco.com.ar\\\/index.php\\\/2026\\\/05\\\/01\\\/liga-argentina-lanus-lo-remonto-y-golpeo-primero\\\/#breadcrumb\",\"itemListElement\":[{\"@type\":\"ListItem\",\"position\":1,\"name\":\"Home\",\"item\":\"https:\\\/\\\/aldiachaco.com.ar\\\/\"},{\"@type\":\"ListItem\",\"position\":2,\"name\":\"Liga Argentina: Lan\u00fas lo remont\u00f3 y golpe\u00f3 primero\"}]},{\"@type\":\"WebSite\",\"@id\":\"https:\\\/\\\/aldiachaco.com.ar\\\/#website\",\"url\":\"https:\\\/\\\/aldiachaco.com.ar\\\/\",\"name\":\"Al Dia Chaco\",\"description\":\"Noticias del Chaco y el mundo\",\"publisher\":{\"@id\":\"https:\\\/\\\/aldiachaco.com.ar\\\/#organization\"},\"alternateName\":\"Al D\u00eda Chaco\",\"potentialAction\":[{\"@type\":\"SearchAction\",\"target\":{\"@type\":\"EntryPoint\",\"urlTemplate\":\"https:\\\/\\\/aldiachaco.com.ar\\\/?s={search_term_string}\"},\"query-input\":{\"@type\":\"PropertyValueSpecification\",\"valueRequired\":true,\"valueName\":\"search_term_string\"}}],\"inLanguage\":\"es-AR\"},{\"@type\":\"Organization\",\"@id\":\"https:\\\/\\\/aldiachaco.com.ar\\\/#organization\",\"name\":\"Al Dia Chaco\",\"url\":\"https:\\\/\\\/aldiachaco.com.ar\\\/\",\"logo\":{\"@type\":\"ImageObject\",\"inLanguage\":\"es-AR\",\"@id\":\"https:\\\/\\\/aldiachaco.com.ar\\\/#\\\/schema\\\/logo\\\/image\\\/\",\"url\":\"https:\\\/\\\/aldiachaco.com.ar\\\/wp-content\\\/uploads\\\/2017\\\/11\\\/AL-DIA-CHACO-L@2x.png\",\"contentUrl\":\"https:\\\/\\\/aldiachaco.com.ar\\\/wp-content\\\/uploads\\\/2017\\\/11\\\/AL-DIA-CHACO-L@2x.png\",\"width\":232,\"height\":60,\"caption\":\"Al Dia Chaco\"},\"image\":{\"@id\":\"https:\\\/\\\/aldiachaco.com.ar\\\/#\\\/schema\\\/logo\\\/image\\\/\"}},{\"@type\":\"Person\",\"@id\":\"https:\\\/\\\/aldiachaco.com.ar\\\/#\\\/schema\\\/person\\\/b24e975af8022082f5889a7a7299e962\",\"name\":\"RedaccionRM\",\"image\":{\"@type\":\"ImageObject\",\"inLanguage\":\"es-AR\",\"@id\":\"https:\\\/\\\/aldiachaco.com.ar\\\/wp-content\\\/litespeed\\\/avatar\\\/a30118fcb7a6295303f1c91164c6aba1.jpg?ver=1777339088\",\"url\":\"https:\\\/\\\/aldiachaco.com.ar\\\/wp-content\\\/litespeed\\\/avatar\\\/a30118fcb7a6295303f1c91164c6aba1.jpg?ver=1777339088\",\"contentUrl\":\"https:\\\/\\\/aldiachaco.com.ar\\\/wp-content\\\/litespeed\\\/avatar\\\/a30118fcb7a6295303f1c91164c6aba1.jpg?ver=1777339088\",\"caption\":\"RedaccionRM\"},\"url\":\"https:\\\/\\\/aldiachaco.com.ar\\\/index.php\\\/author\\\/redaccionrm\\\/\"}]}<\/script>\n<!-- \/ Yoast SEO plugin. -->","yoast_head_json":{"title":"Liga Argentina: Lan\u00fas lo remont\u00f3 y golpe\u00f3 primero | Al Dia Chaco","robots":{"index":"index","follow":"follow","max-snippet":"max-snippet:-1","max-image-preview":"max-image-preview:large","max-video-preview":"max-video-preview:-1"},"canonical":"https:\/\/aldiachaco.com.ar\/index.php\/2026\/05\/01\/liga-argentina-lanus-lo-remonto-y-golpeo-primero\/","og_locale":"es_ES","og_type":"article","og_title":"Liga Argentina: Lan\u00fas lo remont\u00f3 y golpe\u00f3 primero | Al Dia Chaco","og_description":"Lan\u00fas sac\u00f3 a relucir temple y capacidad de reacci\u00f3n en el momento justo para quedarse con un triunfo trabajado y valioso ante Villa San Mart\u00edn por 72-65, en el inicio de la serie de cuartos de final de la Liga Argentina. En el estadio Antonio Rotili, el equipo de Manu Angles debi\u00f3 lidiar durante gran &hellip;","og_url":"https:\/\/aldiachaco.com.ar\/index.php\/2026\/05\/01\/liga-argentina-lanus-lo-remonto-y-golpeo-primero\/","og_site_name":"Al Dia Chaco","article_published_time":"2026-05-01T16:21:59+00:00","og_image":[{"width":853,"height":1280,"url":"https:\/\/aldiachaco.com.ar\/wp-content\/uploads\/2026\/05\/Foto-de-Juan.jpg","type":"image\/jpeg"}],"author":"RedaccionRM","twitter_card":"summary_large_image","twitter_misc":{"Escrito por":"RedaccionRM","Tiempo de lectura":"4 minutos"},"schema":{"@context":"https:\/\/schema.org","@graph":[{"@type":"Article","@id":"https:\/\/aldiachaco.com.ar\/index.php\/2026\/05\/01\/liga-argentina-lanus-lo-remonto-y-golpeo-primero\/#article","isPartOf":{"@id":"https:\/\/aldiachaco.com.ar\/index.php\/2026\/05\/01\/liga-argentina-lanus-lo-remonto-y-golpeo-primero\/"},"author":{"name":"RedaccionRM","@id":"https:\/\/aldiachaco.com.ar\/#\/schema\/person\/b24e975af8022082f5889a7a7299e962"},"headline":"Liga Argentina: Lan\u00fas lo remont\u00f3 y golpe\u00f3 primero","datePublished":"2026-05-01T16:21:59+00:00","mainEntityOfPage":{"@id":"https:\/\/aldiachaco.com.ar\/index.php\/2026\/05\/01\/liga-argentina-lanus-lo-remonto-y-golpeo-primero\/"},"wordCount":717,"commentCount":0,"publisher":{"@id":"https:\/\/aldiachaco.com.ar\/#organization"},"image":{"@id":"https:\/\/aldiachaco.com.ar\/index.php\/2026\/05\/01\/liga-argentina-lanus-lo-remonto-y-golpeo-primero\/#primaryimage"},"thumbnailUrl":"https:\/\/aldiachaco.com.ar\/wp-content\/uploads\/2026\/05\/Foto-de-Juan.jpg","articleSection":["Deportes"],"inLanguage":"es-AR","potentialAction":[{"@type":"CommentAction","name":"Comment","target":["https:\/\/aldiachaco.com.ar\/index.php\/2026\/05\/01\/liga-argentina-lanus-lo-remonto-y-golpeo-primero\/#respond"]}]},{"@type":"WebPage","@id":"https:\/\/aldiachaco.com.ar\/index.php\/2026\/05\/01\/liga-argentina-lanus-lo-remonto-y-golpeo-primero\/","url":"https:\/\/aldiachaco.com.ar\/index.php\/2026\/05\/01\/liga-argentina-lanus-lo-remonto-y-golpeo-primero\/","name":"Liga Argentina: Lan\u00fas lo remont\u00f3 y golpe\u00f3 primero | Al Dia Chaco","isPartOf":{"@id":"https:\/\/aldiachaco.com.ar\/#website"},"primaryImageOfPage":{"@id":"https:\/\/aldiachaco.com.ar\/index.php\/2026\/05\/01\/liga-argentina-lanus-lo-remonto-y-golpeo-primero\/#primaryimage"},"image":{"@id":"https:\/\/aldiachaco.com.ar\/index.php\/2026\/05\/01\/liga-argentina-lanus-lo-remonto-y-golpeo-primero\/#primaryimage"},"thumbnailUrl":"https:\/\/aldiachaco.com.ar\/wp-content\/uploads\/2026\/05\/Foto-de-Juan.jpg","datePublished":"2026-05-01T16:21:59+00:00","breadcrumb":{"@id":"https:\/\/aldiachaco.com.ar\/index.php\/2026\/05\/01\/liga-argentina-lanus-lo-remonto-y-golpeo-primero\/#breadcrumb"},"inLanguage":"es-AR","potentialAction":[{"@type":"ReadAction","target":["https:\/\/aldiachaco.com.ar\/index.php\/2026\/05\/01\/liga-argentina-lanus-lo-remonto-y-golpeo-primero\/"]}]},{"@type":"ImageObject","inLanguage":"es-AR","@id":"https:\/\/aldiachaco.com.ar\/index.php\/2026\/05\/01\/liga-argentina-lanus-lo-remonto-y-golpeo-primero\/#primaryimage","url":"https:\/\/aldiachaco.com.ar\/wp-content\/uploads\/2026\/05\/Foto-de-Juan.jpg","contentUrl":"https:\/\/aldiachaco.com.ar\/wp-content\/uploads\/2026\/05\/Foto-de-Juan.jpg","width":853,"height":1280},{"@type":"BreadcrumbList","@id":"https:\/\/aldiachaco.com.ar\/index.php\/2026\/05\/01\/liga-argentina-lanus-lo-remonto-y-golpeo-primero\/#breadcrumb","itemListElement":[{"@type":"ListItem","position":1,"name":"Home","item":"https:\/\/aldiachaco.com.ar\/"},{"@type":"ListItem","position":2,"name":"Liga Argentina: Lan\u00fas lo remont\u00f3 y golpe\u00f3 primero"}]},{"@type":"WebSite","@id":"https:\/\/aldiachaco.com.ar\/#website","url":"https:\/\/aldiachaco.com.ar\/","name":"Al Dia Chaco","description":"Noticias del Chaco y el mundo","publisher":{"@id":"https:\/\/aldiachaco.com.ar\/#organization"},"alternateName":"Al D\u00eda Chaco","potentialAction":[{"@type":"SearchAction","target":{"@type":"EntryPoint","urlTemplate":"https:\/\/aldiachaco.com.ar\/?s={search_term_string}"},"query-input":{"@type":"PropertyValueSpecification","valueRequired":true,"valueName":"search_term_string"}}],"inLanguage":"es-AR"},{"@type":"Organization","@id":"https:\/\/aldiachaco.com.ar\/#organization","name":"Al Dia Chaco","url":"https:\/\/aldiachaco.com.ar\/","logo":{"@type":"ImageObject","inLanguage":"es-AR","@id":"https:\/\/aldiachaco.com.ar\/#\/schema\/logo\/image\/","url":"https:\/\/aldiachaco.com.ar\/wp-content\/uploads\/2017\/11\/AL-DIA-CHACO-L@2x.png","contentUrl":"https:\/\/aldiachaco.com.ar\/wp-content\/uploads\/2017\/11\/AL-DIA-CHACO-L@2x.png","width":232,"height":60,"caption":"Al Dia Chaco"},"image":{"@id":"https:\/\/aldiachaco.com.ar\/#\/schema\/logo\/image\/"}},{"@type":"Person","@id":"https:\/\/aldiachaco.com.ar\/#\/schema\/person\/b24e975af8022082f5889a7a7299e962","name":"RedaccionRM","image":{"@type":"ImageObject","inLanguage":"es-AR","@id":"https:\/\/aldiachaco.com.ar\/wp-content\/litespeed\/avatar\/a30118fcb7a6295303f1c91164c6aba1.jpg?ver=1777339088","url":"https:\/\/aldiachaco.com.ar\/wp-content\/litespeed\/avatar\/a30118fcb7a6295303f1c91164c6aba1.jpg?ver=1777339088","contentUrl":"https:\/\/aldiachaco.com.ar\/wp-content\/litespeed\/avatar\/a30118fcb7a6295303f1c91164c6aba1.jpg?ver=1777339088","caption":"RedaccionRM"},"url":"https:\/\/aldiachaco.com.ar\/index.php\/author\/redaccionrm\/"}]}},"jetpack_publicize_connections":[],"jetpack_featured_media_url":"https:\/\/aldiachaco.com.ar\/wp-content\/uploads\/2026\/05\/Foto-de-Juan.jpg","jetpack_sharing_enabled":true,"amp_enabled":true,"_links":{"self":[{"href":"https:\/\/aldiachaco.com.ar\/index.php\/wp-json\/wp\/v2\/posts\/118354","targetHints":{"allow":["GET"]}}],"collection":[{"href":"https:\/\/aldiachaco.com.ar\/index.php\/wp-json\/wp\/v2\/posts"}],"about":[{"href":"https:\/\/aldiachaco.com.ar\/index.php\/wp-json\/wp\/v2\/types\/post"}],"author":[{"embeddable":true,"href":"https:\/\/aldiachaco.com.ar\/index.php\/wp-json\/wp\/v2\/users\/9"}],"replies":[{"embeddable":true,"href":"https:\/\/aldiachaco.com.ar\/index.php\/wp-json\/wp\/v2\/comments?post=118354"}],"version-history":[{"count":1,"href":"https:\/\/aldiachaco.com.ar\/index.php\/wp-json\/wp\/v2\/posts\/118354\/revisions"}],"predecessor-version":[{"id":118356,"href":"https:\/\/aldiachaco.com.ar\/index.php\/wp-json\/wp\/v2\/posts\/118354\/revisions\/118356"}],"wp:featuredmedia":[{"embeddable":true,"href":"https:\/\/aldiachaco.com.ar\/index.php\/wp-json\/wp\/v2\/media\/118355"}],"wp:attachment":[{"href":"https:\/\/aldiachaco.com.ar\/index.php\/wp-json\/wp\/v2\/media?parent=118354"}],"wp:term":[{"taxonomy":"category","embeddable":true,"href":"https:\/\/aldiachaco.com.ar\/index.php\/wp-json\/wp\/v2\/categories?post=118354"},{"taxonomy":"post_tag","embeddable":true,"href":"https:\/\/aldiachaco.com.ar\/index.php\/wp-json\/wp\/v2\/tags?post=118354"}],"curies":[{"name":"wp","href":"https:\/\/api.w.org\/{rel}","templated":true}]}}