{"id":118351,"date":"2026-05-01T13:10:00","date_gmt":"2026-05-01T16:10:00","guid":{"rendered":"https:\/\/aldiachaco.com.ar\/?p=118351"},"modified":"2026-05-01T13:10:00","modified_gmt":"2026-05-01T16:10:00","slug":"f1-los-horarios-y-el-cronograma-del-gp-de-miami","status":"publish","type":"post","link":"https:\/\/aldiachaco.com.ar\/index.php\/2026\/05\/01\/f1-los-horarios-y-el-cronograma-del-gp-de-miami\/","title":{"rendered":"F1: los horarios y el cronograma del GP de Miami"},"content":{"rendered":"<p>El Campeonato del Mundo de la F\u00f3rmula 1 volver\u00e1 a ver acci\u00f3n tras la suspensi\u00f3n de los Grandes Premios de abril por la guerra en Medio Oriente. Despu\u00e9s del triunfo de Kimi Antonelli en Jap\u00f3n (donde Franco Colapinto finaliz\u00f3 16\u00b0), la M\u00e1xima regresa este fin de semana con el GP de Miami, que adem\u00e1s contar\u00e1 con carrera sprint.<\/p>\n<p>&nbsp;<\/p>\n<p>Horarios y cronograma completo del GP de Miami<\/p>\n<p>&nbsp;<\/p>\n<p>Viernes 1 de mayo<\/p>\n<p>&nbsp;<\/p>\n<p>\u00b7 Pr\u00e1cticas libres: 13 a 14:30<\/p>\n<p>\u00b7 Clasificaci\u00f3n sprint: 17:30 a 18:15<\/p>\n<p>&nbsp;<\/p>\n<p>S\u00e1bado 2 de mayo<\/p>\n<p>&nbsp;<\/p>\n<p>\u00b7 Carrera Sprint: 13 a 14<\/p>\n<p>\u00b7 Clasificaci\u00f3n: 17 a 18<\/p>\n<p>&nbsp;<\/p>\n<p>Domingo 3 de mayo<\/p>\n<p>&nbsp;<\/p>\n<p>\u00b7 Carrera: 17:00<\/p>\n<p>&nbsp;<\/p>\n<p>Los tiempos corresponden al huso horario de Argentina.<\/p>\n<p>&nbsp;<\/p>\n<p>El Circuito Internacional de Miami es una pista temporal ubicada en el predio del Hard Rock Stadium, con un dise\u00f1o urbano de 19 curvas. Fue incorporado al calendario de la M\u00e1xima en 2022.<\/p>\n<p>&nbsp;<\/p>\n<p>\u00b7 N\u00famero de vueltas: 57<\/p>\n<p>\u00b7 Longitud del circuito: 5,412 kil\u00f3metros<\/p>\n<p>\u00b7 Distancia de carrera: 308,326 kil\u00f3metros<\/p>\n<p>\u00b7 Vuelta r\u00e9cord: Max Verstappen (2023) 1:29.708<\/p>\n<p>&nbsp;<\/p>\n<p>&nbsp;<\/p>\n<p>La carrera se podr\u00e1 ver en vivo en Argentina a trav\u00e9s de Fox Sports. Tambi\u00e9n se podr\u00e1 seguir online a trav\u00e9s de Disney+ (plataforma digital de ESPN) y el streaming de TyC Sports.<\/p>\n<p>&nbsp;<\/p>\n","protected":false},"excerpt":{"rendered":"<p>El Campeonato del Mundo de la F\u00f3rmula 1 volver\u00e1 a ver acci\u00f3n tras la suspensi\u00f3n de los Grandes Premios de abril por la guerra en Medio Oriente. Despu\u00e9s del triunfo de Kimi Antonelli en Jap\u00f3n (donde Franco Colapinto finaliz\u00f3 16\u00b0), la M\u00e1xima regresa este fin de semana con el GP de Miami, que adem\u00e1s contar\u00e1 &hellip;<\/p>\n","protected":false},"author":9,"featured_media":118352,"comment_status":"open","ping_status":"open","sticky":false,"template":"","format":"standard","meta":{"content-type":"","_monsterinsights_skip_tracking":false,"_monsterinsights_sitenote_active":false,"_monsterinsights_sitenote_note":"","_monsterinsights_sitenote_category":0,"_jetpack_memberships_contains_paid_content":false,"footnotes":"","jetpack_publicize_message":"","jetpack_publicize_feature_enabled":true,"jetpack_social_post_already_shared":true,"jetpack_social_options":{"image_generator_settings":{"template":"highway","default_image_id":0,"font":"","enabled":false},"version":2}},"categories":[72,73],"tags":[],"class_list":["post-118351","post","type-post","status-publish","format-standard","has-post-thumbnail","hentry","category-deportes","category-internacionales"],"yoast_head":"<!-- This site is optimized with the Yoast SEO plugin v27.4 - https:\/\/yoast.com\/product\/yoast-seo-wordpress\/ -->\n<title>F1: los horarios y el cronograma del GP de Miami | Al Dia Chaco<\/title>\n<meta name=\"robots\" content=\"index, follow, max-snippet:-1, max-image-preview:large, max-video-preview:-1\" \/>\n<link rel=\"canonical\" href=\"https:\/\/aldiachaco.com.ar\/index.php\/2026\/05\/01\/f1-los-horarios-y-el-cronograma-del-gp-de-miami\/\" \/>\n<meta property=\"og:locale\" content=\"es_ES\" \/>\n<meta property=\"og:type\" content=\"article\" \/>\n<meta property=\"og:title\" content=\"F1: los horarios y el cronograma del GP de Miami | Al Dia Chaco\" \/>\n<meta property=\"og:description\" content=\"El Campeonato del Mundo de la F\u00f3rmula 1 volver\u00e1 a ver acci\u00f3n tras la suspensi\u00f3n de los Grandes Premios de abril por la guerra en Medio Oriente. Despu\u00e9s del triunfo de Kimi Antonelli en Jap\u00f3n (donde Franco Colapinto finaliz\u00f3 16\u00b0), la M\u00e1xima regresa este fin de semana con el GP de Miami, que adem\u00e1s contar\u00e1 &hellip;\" \/>\n<meta property=\"og:url\" content=\"https:\/\/aldiachaco.com.ar\/index.php\/2026\/05\/01\/f1-los-horarios-y-el-cronograma-del-gp-de-miami\/\" \/>\n<meta property=\"og:site_name\" content=\"Al Dia Chaco\" \/>\n<meta property=\"article:published_time\" content=\"2026-05-01T16:10:00+00:00\" \/>\n<meta property=\"og:image\" content=\"https:\/\/aldiachaco.com.ar\/wp-content\/uploads\/2026\/05\/franco-colapinto_862x485.webp\" \/>\n\t<meta property=\"og:image:width\" content=\"862\" \/>\n\t<meta property=\"og:image:height\" content=\"485\" \/>\n\t<meta property=\"og:image:type\" content=\"image\/webp\" \/>\n<meta name=\"author\" content=\"RedaccionRM\" \/>\n<meta name=\"twitter:card\" content=\"summary_large_image\" \/>\n<meta name=\"twitter:label1\" content=\"Escrito por\" \/>\n\t<meta name=\"twitter:data1\" content=\"RedaccionRM\" \/>\n\t<meta name=\"twitter:label2\" content=\"Tiempo de lectura\" \/>\n\t<meta name=\"twitter:data2\" content=\"2 minutos\" \/>\n<script type=\"application\/ld+json\" class=\"yoast-schema-graph\">{\"@context\":\"https:\\\/\\\/schema.org\",\"@graph\":[{\"@type\":\"Article\",\"@id\":\"https:\\\/\\\/aldiachaco.com.ar\\\/index.php\\\/2026\\\/05\\\/01\\\/f1-los-horarios-y-el-cronograma-del-gp-de-miami\\\/#article\",\"isPartOf\":{\"@id\":\"https:\\\/\\\/aldiachaco.com.ar\\\/index.php\\\/2026\\\/05\\\/01\\\/f1-los-horarios-y-el-cronograma-del-gp-de-miami\\\/\"},\"author\":{\"name\":\"RedaccionRM\",\"@id\":\"https:\\\/\\\/aldiachaco.com.ar\\\/#\\\/schema\\\/person\\\/b24e975af8022082f5889a7a7299e962\"},\"headline\":\"F1: los horarios y el cronograma del GP de Miami\",\"datePublished\":\"2026-05-01T16:10:00+00:00\",\"mainEntityOfPage\":{\"@id\":\"https:\\\/\\\/aldiachaco.com.ar\\\/index.php\\\/2026\\\/05\\\/01\\\/f1-los-horarios-y-el-cronograma-del-gp-de-miami\\\/\"},\"wordCount\":215,\"commentCount\":0,\"publisher\":{\"@id\":\"https:\\\/\\\/aldiachaco.com.ar\\\/#organization\"},\"image\":{\"@id\":\"https:\\\/\\\/aldiachaco.com.ar\\\/index.php\\\/2026\\\/05\\\/01\\\/f1-los-horarios-y-el-cronograma-del-gp-de-miami\\\/#primaryimage\"},\"thumbnailUrl\":\"https:\\\/\\\/aldiachaco.com.ar\\\/wp-content\\\/uploads\\\/2026\\\/05\\\/franco-colapinto_862x485.webp\",\"articleSection\":[\"Deportes\",\"Internacionales\"],\"inLanguage\":\"es-AR\",\"potentialAction\":[{\"@type\":\"CommentAction\",\"name\":\"Comment\",\"target\":[\"https:\\\/\\\/aldiachaco.com.ar\\\/index.php\\\/2026\\\/05\\\/01\\\/f1-los-horarios-y-el-cronograma-del-gp-de-miami\\\/#respond\"]}]},{\"@type\":\"WebPage\",\"@id\":\"https:\\\/\\\/aldiachaco.com.ar\\\/index.php\\\/2026\\\/05\\\/01\\\/f1-los-horarios-y-el-cronograma-del-gp-de-miami\\\/\",\"url\":\"https:\\\/\\\/aldiachaco.com.ar\\\/index.php\\\/2026\\\/05\\\/01\\\/f1-los-horarios-y-el-cronograma-del-gp-de-miami\\\/\",\"name\":\"F1: los horarios y el cronograma del GP de Miami | Al Dia Chaco\",\"isPartOf\":{\"@id\":\"https:\\\/\\\/aldiachaco.com.ar\\\/#website\"},\"primaryImageOfPage\":{\"@id\":\"https:\\\/\\\/aldiachaco.com.ar\\\/index.php\\\/2026\\\/05\\\/01\\\/f1-los-horarios-y-el-cronograma-del-gp-de-miami\\\/#primaryimage\"},\"image\":{\"@id\":\"https:\\\/\\\/aldiachaco.com.ar\\\/index.php\\\/2026\\\/05\\\/01\\\/f1-los-horarios-y-el-cronograma-del-gp-de-miami\\\/#primaryimage\"},\"thumbnailUrl\":\"https:\\\/\\\/aldiachaco.com.ar\\\/wp-content\\\/uploads\\\/2026\\\/05\\\/franco-colapinto_862x485.webp\",\"datePublished\":\"2026-05-01T16:10:00+00:00\",\"breadcrumb\":{\"@id\":\"https:\\\/\\\/aldiachaco.com.ar\\\/index.php\\\/2026\\\/05\\\/01\\\/f1-los-horarios-y-el-cronograma-del-gp-de-miami\\\/#breadcrumb\"},\"inLanguage\":\"es-AR\",\"potentialAction\":[{\"@type\":\"ReadAction\",\"target\":[\"https:\\\/\\\/aldiachaco.com.ar\\\/index.php\\\/2026\\\/05\\\/01\\\/f1-los-horarios-y-el-cronograma-del-gp-de-miami\\\/\"]}]},{\"@type\":\"ImageObject\",\"inLanguage\":\"es-AR\",\"@id\":\"https:\\\/\\\/aldiachaco.com.ar\\\/index.php\\\/2026\\\/05\\\/01\\\/f1-los-horarios-y-el-cronograma-del-gp-de-miami\\\/#primaryimage\",\"url\":\"https:\\\/\\\/aldiachaco.com.ar\\\/wp-content\\\/uploads\\\/2026\\\/05\\\/franco-colapinto_862x485.webp\",\"contentUrl\":\"https:\\\/\\\/aldiachaco.com.ar\\\/wp-content\\\/uploads\\\/2026\\\/05\\\/franco-colapinto_862x485.webp\",\"width\":862,\"height\":485},{\"@type\":\"BreadcrumbList\",\"@id\":\"https:\\\/\\\/aldiachaco.com.ar\\\/index.php\\\/2026\\\/05\\\/01\\\/f1-los-horarios-y-el-cronograma-del-gp-de-miami\\\/#breadcrumb\",\"itemListElement\":[{\"@type\":\"ListItem\",\"position\":1,\"name\":\"Home\",\"item\":\"https:\\\/\\\/aldiachaco.com.ar\\\/\"},{\"@type\":\"ListItem\",\"position\":2,\"name\":\"F1: los horarios y el cronograma del GP de Miami\"}]},{\"@type\":\"WebSite\",\"@id\":\"https:\\\/\\\/aldiachaco.com.ar\\\/#website\",\"url\":\"https:\\\/\\\/aldiachaco.com.ar\\\/\",\"name\":\"Al Dia Chaco\",\"description\":\"Noticias del Chaco y el mundo\",\"publisher\":{\"@id\":\"https:\\\/\\\/aldiachaco.com.ar\\\/#organization\"},\"alternateName\":\"Al D\u00eda Chaco\",\"potentialAction\":[{\"@type\":\"SearchAction\",\"target\":{\"@type\":\"EntryPoint\",\"urlTemplate\":\"https:\\\/\\\/aldiachaco.com.ar\\\/?s={search_term_string}\"},\"query-input\":{\"@type\":\"PropertyValueSpecification\",\"valueRequired\":true,\"valueName\":\"search_term_string\"}}],\"inLanguage\":\"es-AR\"},{\"@type\":\"Organization\",\"@id\":\"https:\\\/\\\/aldiachaco.com.ar\\\/#organization\",\"name\":\"Al Dia Chaco\",\"url\":\"https:\\\/\\\/aldiachaco.com.ar\\\/\",\"logo\":{\"@type\":\"ImageObject\",\"inLanguage\":\"es-AR\",\"@id\":\"https:\\\/\\\/aldiachaco.com.ar\\\/#\\\/schema\\\/logo\\\/image\\\/\",\"url\":\"https:\\\/\\\/aldiachaco.com.ar\\\/wp-content\\\/uploads\\\/2017\\\/11\\\/AL-DIA-CHACO-L@2x.png\",\"contentUrl\":\"https:\\\/\\\/aldiachaco.com.ar\\\/wp-content\\\/uploads\\\/2017\\\/11\\\/AL-DIA-CHACO-L@2x.png\",\"width\":232,\"height\":60,\"caption\":\"Al Dia Chaco\"},\"image\":{\"@id\":\"https:\\\/\\\/aldiachaco.com.ar\\\/#\\\/schema\\\/logo\\\/image\\\/\"}},{\"@type\":\"Person\",\"@id\":\"https:\\\/\\\/aldiachaco.com.ar\\\/#\\\/schema\\\/person\\\/b24e975af8022082f5889a7a7299e962\",\"name\":\"RedaccionRM\",\"image\":{\"@type\":\"ImageObject\",\"inLanguage\":\"es-AR\",\"@id\":\"https:\\\/\\\/aldiachaco.com.ar\\\/wp-content\\\/litespeed\\\/avatar\\\/a30118fcb7a6295303f1c91164c6aba1.jpg?ver=1777339088\",\"url\":\"https:\\\/\\\/aldiachaco.com.ar\\\/wp-content\\\/litespeed\\\/avatar\\\/a30118fcb7a6295303f1c91164c6aba1.jpg?ver=1777339088\",\"contentUrl\":\"https:\\\/\\\/aldiachaco.com.ar\\\/wp-content\\\/litespeed\\\/avatar\\\/a30118fcb7a6295303f1c91164c6aba1.jpg?ver=1777339088\",\"caption\":\"RedaccionRM\"},\"url\":\"https:\\\/\\\/aldiachaco.com.ar\\\/index.php\\\/author\\\/redaccionrm\\\/\"}]}<\/script>\n<!-- \/ Yoast SEO plugin. -->","yoast_head_json":{"title":"F1: los horarios y el cronograma del GP de Miami | Al Dia Chaco","robots":{"index":"index","follow":"follow","max-snippet":"max-snippet:-1","max-image-preview":"max-image-preview:large","max-video-preview":"max-video-preview:-1"},"canonical":"https:\/\/aldiachaco.com.ar\/index.php\/2026\/05\/01\/f1-los-horarios-y-el-cronograma-del-gp-de-miami\/","og_locale":"es_ES","og_type":"article","og_title":"F1: los horarios y el cronograma del GP de Miami | Al Dia Chaco","og_description":"El Campeonato del Mundo de la F\u00f3rmula 1 volver\u00e1 a ver acci\u00f3n tras la suspensi\u00f3n de los Grandes Premios de abril por la guerra en Medio Oriente. Despu\u00e9s del triunfo de Kimi Antonelli en Jap\u00f3n (donde Franco Colapinto finaliz\u00f3 16\u00b0), la M\u00e1xima regresa este fin de semana con el GP de Miami, que adem\u00e1s contar\u00e1 &hellip;","og_url":"https:\/\/aldiachaco.com.ar\/index.php\/2026\/05\/01\/f1-los-horarios-y-el-cronograma-del-gp-de-miami\/","og_site_name":"Al Dia Chaco","article_published_time":"2026-05-01T16:10:00+00:00","og_image":[{"width":862,"height":485,"url":"https:\/\/aldiachaco.com.ar\/wp-content\/uploads\/2026\/05\/franco-colapinto_862x485.webp","type":"image\/webp"}],"author":"RedaccionRM","twitter_card":"summary_large_image","twitter_misc":{"Escrito por":"RedaccionRM","Tiempo de lectura":"2 minutos"},"schema":{"@context":"https:\/\/schema.org","@graph":[{"@type":"Article","@id":"https:\/\/aldiachaco.com.ar\/index.php\/2026\/05\/01\/f1-los-horarios-y-el-cronograma-del-gp-de-miami\/#article","isPartOf":{"@id":"https:\/\/aldiachaco.com.ar\/index.php\/2026\/05\/01\/f1-los-horarios-y-el-cronograma-del-gp-de-miami\/"},"author":{"name":"RedaccionRM","@id":"https:\/\/aldiachaco.com.ar\/#\/schema\/person\/b24e975af8022082f5889a7a7299e962"},"headline":"F1: los horarios y el cronograma del GP de Miami","datePublished":"2026-05-01T16:10:00+00:00","mainEntityOfPage":{"@id":"https:\/\/aldiachaco.com.ar\/index.php\/2026\/05\/01\/f1-los-horarios-y-el-cronograma-del-gp-de-miami\/"},"wordCount":215,"commentCount":0,"publisher":{"@id":"https:\/\/aldiachaco.com.ar\/#organization"},"image":{"@id":"https:\/\/aldiachaco.com.ar\/index.php\/2026\/05\/01\/f1-los-horarios-y-el-cronograma-del-gp-de-miami\/#primaryimage"},"thumbnailUrl":"https:\/\/aldiachaco.com.ar\/wp-content\/uploads\/2026\/05\/franco-colapinto_862x485.webp","articleSection":["Deportes","Internacionales"],"inLanguage":"es-AR","potentialAction":[{"@type":"CommentAction","name":"Comment","target":["https:\/\/aldiachaco.com.ar\/index.php\/2026\/05\/01\/f1-los-horarios-y-el-cronograma-del-gp-de-miami\/#respond"]}]},{"@type":"WebPage","@id":"https:\/\/aldiachaco.com.ar\/index.php\/2026\/05\/01\/f1-los-horarios-y-el-cronograma-del-gp-de-miami\/","url":"https:\/\/aldiachaco.com.ar\/index.php\/2026\/05\/01\/f1-los-horarios-y-el-cronograma-del-gp-de-miami\/","name":"F1: los horarios y el cronograma del GP de Miami | Al Dia Chaco","isPartOf":{"@id":"https:\/\/aldiachaco.com.ar\/#website"},"primaryImageOfPage":{"@id":"https:\/\/aldiachaco.com.ar\/index.php\/2026\/05\/01\/f1-los-horarios-y-el-cronograma-del-gp-de-miami\/#primaryimage"},"image":{"@id":"https:\/\/aldiachaco.com.ar\/index.php\/2026\/05\/01\/f1-los-horarios-y-el-cronograma-del-gp-de-miami\/#primaryimage"},"thumbnailUrl":"https:\/\/aldiachaco.com.ar\/wp-content\/uploads\/2026\/05\/franco-colapinto_862x485.webp","datePublished":"2026-05-01T16:10:00+00:00","breadcrumb":{"@id":"https:\/\/aldiachaco.com.ar\/index.php\/2026\/05\/01\/f1-los-horarios-y-el-cronograma-del-gp-de-miami\/#breadcrumb"},"inLanguage":"es-AR","potentialAction":[{"@type":"ReadAction","target":["https:\/\/aldiachaco.com.ar\/index.php\/2026\/05\/01\/f1-los-horarios-y-el-cronograma-del-gp-de-miami\/"]}]},{"@type":"ImageObject","inLanguage":"es-AR","@id":"https:\/\/aldiachaco.com.ar\/index.php\/2026\/05\/01\/f1-los-horarios-y-el-cronograma-del-gp-de-miami\/#primaryimage","url":"https:\/\/aldiachaco.com.ar\/wp-content\/uploads\/2026\/05\/franco-colapinto_862x485.webp","contentUrl":"https:\/\/aldiachaco.com.ar\/wp-content\/uploads\/2026\/05\/franco-colapinto_862x485.webp","width":862,"height":485},{"@type":"BreadcrumbList","@id":"https:\/\/aldiachaco.com.ar\/index.php\/2026\/05\/01\/f1-los-horarios-y-el-cronograma-del-gp-de-miami\/#breadcrumb","itemListElement":[{"@type":"ListItem","position":1,"name":"Home","item":"https:\/\/aldiachaco.com.ar\/"},{"@type":"ListItem","position":2,"name":"F1: los horarios y el cronograma del GP de Miami"}]},{"@type":"WebSite","@id":"https:\/\/aldiachaco.com.ar\/#website","url":"https:\/\/aldiachaco.com.ar\/","name":"Al Dia Chaco","description":"Noticias del Chaco y el mundo","publisher":{"@id":"https:\/\/aldiachaco.com.ar\/#organization"},"alternateName":"Al D\u00eda Chaco","potentialAction":[{"@type":"SearchAction","target":{"@type":"EntryPoint","urlTemplate":"https:\/\/aldiachaco.com.ar\/?s={search_term_string}"},"query-input":{"@type":"PropertyValueSpecification","valueRequired":true,"valueName":"search_term_string"}}],"inLanguage":"es-AR"},{"@type":"Organization","@id":"https:\/\/aldiachaco.com.ar\/#organization","name":"Al Dia Chaco","url":"https:\/\/aldiachaco.com.ar\/","logo":{"@type":"ImageObject","inLanguage":"es-AR","@id":"https:\/\/aldiachaco.com.ar\/#\/schema\/logo\/image\/","url":"https:\/\/aldiachaco.com.ar\/wp-content\/uploads\/2017\/11\/AL-DIA-CHACO-L@2x.png","contentUrl":"https:\/\/aldiachaco.com.ar\/wp-content\/uploads\/2017\/11\/AL-DIA-CHACO-L@2x.png","width":232,"height":60,"caption":"Al Dia Chaco"},"image":{"@id":"https:\/\/aldiachaco.com.ar\/#\/schema\/logo\/image\/"}},{"@type":"Person","@id":"https:\/\/aldiachaco.com.ar\/#\/schema\/person\/b24e975af8022082f5889a7a7299e962","name":"RedaccionRM","image":{"@type":"ImageObject","inLanguage":"es-AR","@id":"https:\/\/aldiachaco.com.ar\/wp-content\/litespeed\/avatar\/a30118fcb7a6295303f1c91164c6aba1.jpg?ver=1777339088","url":"https:\/\/aldiachaco.com.ar\/wp-content\/litespeed\/avatar\/a30118fcb7a6295303f1c91164c6aba1.jpg?ver=1777339088","contentUrl":"https:\/\/aldiachaco.com.ar\/wp-content\/litespeed\/avatar\/a30118fcb7a6295303f1c91164c6aba1.jpg?ver=1777339088","caption":"RedaccionRM"},"url":"https:\/\/aldiachaco.com.ar\/index.php\/author\/redaccionrm\/"}]}},"jetpack_publicize_connections":[],"jetpack_featured_media_url":"https:\/\/aldiachaco.com.ar\/wp-content\/uploads\/2026\/05\/franco-colapinto_862x485.webp","jetpack_sharing_enabled":true,"amp_enabled":true,"_links":{"self":[{"href":"https:\/\/aldiachaco.com.ar\/index.php\/wp-json\/wp\/v2\/posts\/118351","targetHints":{"allow":["GET"]}}],"collection":[{"href":"https:\/\/aldiachaco.com.ar\/index.php\/wp-json\/wp\/v2\/posts"}],"about":[{"href":"https:\/\/aldiachaco.com.ar\/index.php\/wp-json\/wp\/v2\/types\/post"}],"author":[{"embeddable":true,"href":"https:\/\/aldiachaco.com.ar\/index.php\/wp-json\/wp\/v2\/users\/9"}],"replies":[{"embeddable":true,"href":"https:\/\/aldiachaco.com.ar\/index.php\/wp-json\/wp\/v2\/comments?post=118351"}],"version-history":[{"count":1,"href":"https:\/\/aldiachaco.com.ar\/index.php\/wp-json\/wp\/v2\/posts\/118351\/revisions"}],"predecessor-version":[{"id":118353,"href":"https:\/\/aldiachaco.com.ar\/index.php\/wp-json\/wp\/v2\/posts\/118351\/revisions\/118353"}],"wp:featuredmedia":[{"embeddable":true,"href":"https:\/\/aldiachaco.com.ar\/index.php\/wp-json\/wp\/v2\/media\/118352"}],"wp:attachment":[{"href":"https:\/\/aldiachaco.com.ar\/index.php\/wp-json\/wp\/v2\/media?parent=118351"}],"wp:term":[{"taxonomy":"category","embeddable":true,"href":"https:\/\/aldiachaco.com.ar\/index.php\/wp-json\/wp\/v2\/categories?post=118351"},{"taxonomy":"post_tag","embeddable":true,"href":"https:\/\/aldiachaco.com.ar\/index.php\/wp-json\/wp\/v2\/tags?post=118351"}],"curies":[{"name":"wp","href":"https:\/\/api.w.org\/{rel}","templated":true}]}}