{"id":118347,"date":"2026-05-01T12:13:43","date_gmt":"2026-05-01T15:13:43","guid":{"rendered":"https:\/\/aldiachaco.com.ar\/?p=118347"},"modified":"2026-05-01T12:18:20","modified_gmt":"2026-05-01T15:18:20","slug":"suben-las-facturas-de-luz-en-chaco","status":"publish","type":"post","link":"https:\/\/aldiachaco.com.ar\/index.php\/2026\/05\/01\/suben-las-facturas-de-luz-en-chaco\/","title":{"rendered":"Suben las facturas de luz en Chaco"},"content":{"rendered":"<p>El Gobierno del Chaco dispuso un nuevo esquema de aumentos en la tarifa el\u00e9ctrica de la empresa Secheep, con aplicaci\u00f3n desde mayo y subas escalonadas durante los pr\u00f3ximos doce meses. La medida qued\u00f3 oficializada a trav\u00e9s de una resoluci\u00f3n del Ministerio de Infraestructura, Obras y Servicios P\u00fablicos, tras la audiencia p\u00fablica realizada en febrero de 2026. El objetivo es actualizar los valores de la tarifa, que hasta ahora se calculaban con costos de diciembre de 2023.<\/p>\n<p>&nbsp;<\/p>\n<p>El ajuste se centra en el Valor Agregado de Distribuci\u00f3n (VAD), el componente que financia el funcionamiento del sistema el\u00e9ctrico, incluyendo mantenimiento, operaci\u00f3n y prestaci\u00f3n del servicio. Seg\u00fan el diagn\u00f3stico oficial, ese \u00edtem qued\u00f3 rezagado frente al impacto de la inflaci\u00f3n acumulada en 2024 y 2025.<\/p>\n<p>&nbsp;<\/p>\n<p>A diferencia de otros incrementos, la suba no se trasladar\u00e1 de manera inmediata en un solo tramo. El esquema prev\u00e9 ajustes mensuales progresivos que se extender\u00e1n hasta completar un a\u00f1o, con impacto directo en las facturas correspondientes a los consumos desde el 1 de mayo.<\/p>\n<p>&nbsp;<\/p>\n<p>El nuevo cuadro tarifario tambi\u00e9n contempla el costo de abastecimiento de energ\u00eda, fijado a nivel nacional, junto con los costos propios de distribuci\u00f3n. A esto se suma un mecanismo de seguimiento mensual que habilita futuras correcciones en caso de nuevas variaciones econ\u00f3micas. En paralelo, se introducir\u00e1n cambios en la forma de facturar la potencia para ciertos usuarios, en l\u00ednea con criterios establecidos por la Secretar\u00eda de Energ\u00eda de la Naci\u00f3n.<\/p>\n<p>&nbsp;<\/p>\n<p>La actualizaci\u00f3n busca recomponer los ingresos de la empresa estatal y sostener la prestaci\u00f3n del servicio en un contexto de fuerte presi\u00f3n sobre los costos operativos.<\/p>\n<p>&nbsp;<\/p>\n","protected":false},"excerpt":{"rendered":"<p>El Gobierno del Chaco dispuso un nuevo esquema de aumentos en la tarifa el\u00e9ctrica de la empresa Secheep, con aplicaci\u00f3n desde mayo y subas escalonadas durante los pr\u00f3ximos doce meses. La medida qued\u00f3 oficializada a trav\u00e9s de una resoluci\u00f3n del Ministerio de Infraestructura, Obras y Servicios P\u00fablicos, tras la audiencia p\u00fablica realizada en febrero de &hellip;<\/p>\n","protected":false},"author":9,"featured_media":118350,"comment_status":"open","ping_status":"open","sticky":false,"template":"","format":"standard","meta":{"content-type":"","_monsterinsights_skip_tracking":false,"_monsterinsights_sitenote_active":false,"_monsterinsights_sitenote_note":"","_monsterinsights_sitenote_category":0,"_jetpack_memberships_contains_paid_content":false,"footnotes":"","jetpack_publicize_message":"","jetpack_publicize_feature_enabled":true,"jetpack_social_post_already_shared":true,"jetpack_social_options":{"image_generator_settings":{"template":"highway","default_image_id":0,"font":"","enabled":false},"version":2}},"categories":[67],"tags":[],"class_list":["post-118347","post","type-post","status-publish","format-standard","has-post-thumbnail","hentry","category-chaco"],"yoast_head":"<!-- This site is optimized with the Yoast SEO plugin v27.4 - https:\/\/yoast.com\/product\/yoast-seo-wordpress\/ -->\n<title>Suben las facturas de luz en Chaco | Al Dia Chaco<\/title>\n<meta name=\"robots\" content=\"index, follow, max-snippet:-1, max-image-preview:large, max-video-preview:-1\" \/>\n<link rel=\"canonical\" href=\"https:\/\/aldiachaco.com.ar\/index.php\/2026\/05\/01\/suben-las-facturas-de-luz-en-chaco\/\" \/>\n<meta property=\"og:locale\" content=\"es_ES\" \/>\n<meta property=\"og:type\" content=\"article\" \/>\n<meta property=\"og:title\" content=\"Suben las facturas de luz en Chaco | Al Dia Chaco\" \/>\n<meta property=\"og:description\" content=\"El Gobierno del Chaco dispuso un nuevo esquema de aumentos en la tarifa el\u00e9ctrica de la empresa Secheep, con aplicaci\u00f3n desde mayo y subas escalonadas durante los pr\u00f3ximos doce meses. La medida qued\u00f3 oficializada a trav\u00e9s de una resoluci\u00f3n del Ministerio de Infraestructura, Obras y Servicios P\u00fablicos, tras la audiencia p\u00fablica realizada en febrero de &hellip;\" \/>\n<meta property=\"og:url\" content=\"https:\/\/aldiachaco.com.ar\/index.php\/2026\/05\/01\/suben-las-facturas-de-luz-en-chaco\/\" \/>\n<meta property=\"og:site_name\" content=\"Al Dia Chaco\" \/>\n<meta property=\"article:published_time\" content=\"2026-05-01T15:13:43+00:00\" \/>\n<meta property=\"article:modified_time\" content=\"2026-05-01T15:18:20+00:00\" \/>\n<meta property=\"og:image\" content=\"https:\/\/aldiachaco.com.ar\/wp-content\/uploads\/2026\/05\/images-12.jpeg\" \/>\n\t<meta property=\"og:image:width\" content=\"525\" \/>\n\t<meta property=\"og:image:height\" content=\"380\" \/>\n\t<meta property=\"og:image:type\" content=\"image\/jpeg\" \/>\n<meta name=\"author\" content=\"RedaccionRM\" \/>\n<meta name=\"twitter:card\" content=\"summary_large_image\" \/>\n<meta name=\"twitter:label1\" content=\"Escrito por\" \/>\n\t<meta name=\"twitter:data1\" content=\"RedaccionRM\" \/>\n\t<meta name=\"twitter:label2\" content=\"Tiempo de lectura\" \/>\n\t<meta name=\"twitter:data2\" content=\"2 minutos\" \/>\n<script type=\"application\/ld+json\" class=\"yoast-schema-graph\">{\"@context\":\"https:\\\/\\\/schema.org\",\"@graph\":[{\"@type\":\"Article\",\"@id\":\"https:\\\/\\\/aldiachaco.com.ar\\\/index.php\\\/2026\\\/05\\\/01\\\/suben-las-facturas-de-luz-en-chaco\\\/#article\",\"isPartOf\":{\"@id\":\"https:\\\/\\\/aldiachaco.com.ar\\\/index.php\\\/2026\\\/05\\\/01\\\/suben-las-facturas-de-luz-en-chaco\\\/\"},\"author\":{\"name\":\"RedaccionRM\",\"@id\":\"https:\\\/\\\/aldiachaco.com.ar\\\/#\\\/schema\\\/person\\\/b24e975af8022082f5889a7a7299e962\"},\"headline\":\"Suben las facturas de luz en Chaco\",\"datePublished\":\"2026-05-01T15:13:43+00:00\",\"dateModified\":\"2026-05-01T15:18:20+00:00\",\"mainEntityOfPage\":{\"@id\":\"https:\\\/\\\/aldiachaco.com.ar\\\/index.php\\\/2026\\\/05\\\/01\\\/suben-las-facturas-de-luz-en-chaco\\\/\"},\"wordCount\":298,\"commentCount\":0,\"publisher\":{\"@id\":\"https:\\\/\\\/aldiachaco.com.ar\\\/#organization\"},\"image\":{\"@id\":\"https:\\\/\\\/aldiachaco.com.ar\\\/index.php\\\/2026\\\/05\\\/01\\\/suben-las-facturas-de-luz-en-chaco\\\/#primaryimage\"},\"thumbnailUrl\":\"https:\\\/\\\/aldiachaco.com.ar\\\/wp-content\\\/uploads\\\/2026\\\/05\\\/images-12.jpeg\",\"articleSection\":[\"Chaco\"],\"inLanguage\":\"es-AR\",\"potentialAction\":[{\"@type\":\"CommentAction\",\"name\":\"Comment\",\"target\":[\"https:\\\/\\\/aldiachaco.com.ar\\\/index.php\\\/2026\\\/05\\\/01\\\/suben-las-facturas-de-luz-en-chaco\\\/#respond\"]}]},{\"@type\":\"WebPage\",\"@id\":\"https:\\\/\\\/aldiachaco.com.ar\\\/index.php\\\/2026\\\/05\\\/01\\\/suben-las-facturas-de-luz-en-chaco\\\/\",\"url\":\"https:\\\/\\\/aldiachaco.com.ar\\\/index.php\\\/2026\\\/05\\\/01\\\/suben-las-facturas-de-luz-en-chaco\\\/\",\"name\":\"Suben las facturas de luz en Chaco | Al Dia Chaco\",\"isPartOf\":{\"@id\":\"https:\\\/\\\/aldiachaco.com.ar\\\/#website\"},\"primaryImageOfPage\":{\"@id\":\"https:\\\/\\\/aldiachaco.com.ar\\\/index.php\\\/2026\\\/05\\\/01\\\/suben-las-facturas-de-luz-en-chaco\\\/#primaryimage\"},\"image\":{\"@id\":\"https:\\\/\\\/aldiachaco.com.ar\\\/index.php\\\/2026\\\/05\\\/01\\\/suben-las-facturas-de-luz-en-chaco\\\/#primaryimage\"},\"thumbnailUrl\":\"https:\\\/\\\/aldiachaco.com.ar\\\/wp-content\\\/uploads\\\/2026\\\/05\\\/images-12.jpeg\",\"datePublished\":\"2026-05-01T15:13:43+00:00\",\"dateModified\":\"2026-05-01T15:18:20+00:00\",\"breadcrumb\":{\"@id\":\"https:\\\/\\\/aldiachaco.com.ar\\\/index.php\\\/2026\\\/05\\\/01\\\/suben-las-facturas-de-luz-en-chaco\\\/#breadcrumb\"},\"inLanguage\":\"es-AR\",\"potentialAction\":[{\"@type\":\"ReadAction\",\"target\":[\"https:\\\/\\\/aldiachaco.com.ar\\\/index.php\\\/2026\\\/05\\\/01\\\/suben-las-facturas-de-luz-en-chaco\\\/\"]}]},{\"@type\":\"ImageObject\",\"inLanguage\":\"es-AR\",\"@id\":\"https:\\\/\\\/aldiachaco.com.ar\\\/index.php\\\/2026\\\/05\\\/01\\\/suben-las-facturas-de-luz-en-chaco\\\/#primaryimage\",\"url\":\"https:\\\/\\\/aldiachaco.com.ar\\\/wp-content\\\/uploads\\\/2026\\\/05\\\/images-12.jpeg\",\"contentUrl\":\"https:\\\/\\\/aldiachaco.com.ar\\\/wp-content\\\/uploads\\\/2026\\\/05\\\/images-12.jpeg\",\"width\":525,\"height\":380},{\"@type\":\"BreadcrumbList\",\"@id\":\"https:\\\/\\\/aldiachaco.com.ar\\\/index.php\\\/2026\\\/05\\\/01\\\/suben-las-facturas-de-luz-en-chaco\\\/#breadcrumb\",\"itemListElement\":[{\"@type\":\"ListItem\",\"position\":1,\"name\":\"Home\",\"item\":\"https:\\\/\\\/aldiachaco.com.ar\\\/\"},{\"@type\":\"ListItem\",\"position\":2,\"name\":\"Suben las facturas de luz en Chaco\"}]},{\"@type\":\"WebSite\",\"@id\":\"https:\\\/\\\/aldiachaco.com.ar\\\/#website\",\"url\":\"https:\\\/\\\/aldiachaco.com.ar\\\/\",\"name\":\"Al Dia Chaco\",\"description\":\"Noticias del Chaco y el mundo\",\"publisher\":{\"@id\":\"https:\\\/\\\/aldiachaco.com.ar\\\/#organization\"},\"alternateName\":\"Al D\u00eda Chaco\",\"potentialAction\":[{\"@type\":\"SearchAction\",\"target\":{\"@type\":\"EntryPoint\",\"urlTemplate\":\"https:\\\/\\\/aldiachaco.com.ar\\\/?s={search_term_string}\"},\"query-input\":{\"@type\":\"PropertyValueSpecification\",\"valueRequired\":true,\"valueName\":\"search_term_string\"}}],\"inLanguage\":\"es-AR\"},{\"@type\":\"Organization\",\"@id\":\"https:\\\/\\\/aldiachaco.com.ar\\\/#organization\",\"name\":\"Al Dia Chaco\",\"url\":\"https:\\\/\\\/aldiachaco.com.ar\\\/\",\"logo\":{\"@type\":\"ImageObject\",\"inLanguage\":\"es-AR\",\"@id\":\"https:\\\/\\\/aldiachaco.com.ar\\\/#\\\/schema\\\/logo\\\/image\\\/\",\"url\":\"https:\\\/\\\/aldiachaco.com.ar\\\/wp-content\\\/uploads\\\/2017\\\/11\\\/AL-DIA-CHACO-L@2x.png\",\"contentUrl\":\"https:\\\/\\\/aldiachaco.com.ar\\\/wp-content\\\/uploads\\\/2017\\\/11\\\/AL-DIA-CHACO-L@2x.png\",\"width\":232,\"height\":60,\"caption\":\"Al Dia Chaco\"},\"image\":{\"@id\":\"https:\\\/\\\/aldiachaco.com.ar\\\/#\\\/schema\\\/logo\\\/image\\\/\"}},{\"@type\":\"Person\",\"@id\":\"https:\\\/\\\/aldiachaco.com.ar\\\/#\\\/schema\\\/person\\\/b24e975af8022082f5889a7a7299e962\",\"name\":\"RedaccionRM\",\"image\":{\"@type\":\"ImageObject\",\"inLanguage\":\"es-AR\",\"@id\":\"https:\\\/\\\/aldiachaco.com.ar\\\/wp-content\\\/litespeed\\\/avatar\\\/a30118fcb7a6295303f1c91164c6aba1.jpg?ver=1777339088\",\"url\":\"https:\\\/\\\/aldiachaco.com.ar\\\/wp-content\\\/litespeed\\\/avatar\\\/a30118fcb7a6295303f1c91164c6aba1.jpg?ver=1777339088\",\"contentUrl\":\"https:\\\/\\\/aldiachaco.com.ar\\\/wp-content\\\/litespeed\\\/avatar\\\/a30118fcb7a6295303f1c91164c6aba1.jpg?ver=1777339088\",\"caption\":\"RedaccionRM\"},\"url\":\"https:\\\/\\\/aldiachaco.com.ar\\\/index.php\\\/author\\\/redaccionrm\\\/\"}]}<\/script>\n<!-- \/ Yoast SEO plugin. -->","yoast_head_json":{"title":"Suben las facturas de luz en Chaco | Al Dia Chaco","robots":{"index":"index","follow":"follow","max-snippet":"max-snippet:-1","max-image-preview":"max-image-preview:large","max-video-preview":"max-video-preview:-1"},"canonical":"https:\/\/aldiachaco.com.ar\/index.php\/2026\/05\/01\/suben-las-facturas-de-luz-en-chaco\/","og_locale":"es_ES","og_type":"article","og_title":"Suben las facturas de luz en Chaco | Al Dia Chaco","og_description":"El Gobierno del Chaco dispuso un nuevo esquema de aumentos en la tarifa el\u00e9ctrica de la empresa Secheep, con aplicaci\u00f3n desde mayo y subas escalonadas durante los pr\u00f3ximos doce meses. La medida qued\u00f3 oficializada a trav\u00e9s de una resoluci\u00f3n del Ministerio de Infraestructura, Obras y Servicios P\u00fablicos, tras la audiencia p\u00fablica realizada en febrero de &hellip;","og_url":"https:\/\/aldiachaco.com.ar\/index.php\/2026\/05\/01\/suben-las-facturas-de-luz-en-chaco\/","og_site_name":"Al Dia Chaco","article_published_time":"2026-05-01T15:13:43+00:00","article_modified_time":"2026-05-01T15:18:20+00:00","og_image":[{"width":525,"height":380,"url":"https:\/\/aldiachaco.com.ar\/wp-content\/uploads\/2026\/05\/images-12.jpeg","type":"image\/jpeg"}],"author":"RedaccionRM","twitter_card":"summary_large_image","twitter_misc":{"Escrito por":"RedaccionRM","Tiempo de lectura":"2 minutos"},"schema":{"@context":"https:\/\/schema.org","@graph":[{"@type":"Article","@id":"https:\/\/aldiachaco.com.ar\/index.php\/2026\/05\/01\/suben-las-facturas-de-luz-en-chaco\/#article","isPartOf":{"@id":"https:\/\/aldiachaco.com.ar\/index.php\/2026\/05\/01\/suben-las-facturas-de-luz-en-chaco\/"},"author":{"name":"RedaccionRM","@id":"https:\/\/aldiachaco.com.ar\/#\/schema\/person\/b24e975af8022082f5889a7a7299e962"},"headline":"Suben las facturas de luz en Chaco","datePublished":"2026-05-01T15:13:43+00:00","dateModified":"2026-05-01T15:18:20+00:00","mainEntityOfPage":{"@id":"https:\/\/aldiachaco.com.ar\/index.php\/2026\/05\/01\/suben-las-facturas-de-luz-en-chaco\/"},"wordCount":298,"commentCount":0,"publisher":{"@id":"https:\/\/aldiachaco.com.ar\/#organization"},"image":{"@id":"https:\/\/aldiachaco.com.ar\/index.php\/2026\/05\/01\/suben-las-facturas-de-luz-en-chaco\/#primaryimage"},"thumbnailUrl":"https:\/\/aldiachaco.com.ar\/wp-content\/uploads\/2026\/05\/images-12.jpeg","articleSection":["Chaco"],"inLanguage":"es-AR","potentialAction":[{"@type":"CommentAction","name":"Comment","target":["https:\/\/aldiachaco.com.ar\/index.php\/2026\/05\/01\/suben-las-facturas-de-luz-en-chaco\/#respond"]}]},{"@type":"WebPage","@id":"https:\/\/aldiachaco.com.ar\/index.php\/2026\/05\/01\/suben-las-facturas-de-luz-en-chaco\/","url":"https:\/\/aldiachaco.com.ar\/index.php\/2026\/05\/01\/suben-las-facturas-de-luz-en-chaco\/","name":"Suben las facturas de luz en Chaco | Al Dia Chaco","isPartOf":{"@id":"https:\/\/aldiachaco.com.ar\/#website"},"primaryImageOfPage":{"@id":"https:\/\/aldiachaco.com.ar\/index.php\/2026\/05\/01\/suben-las-facturas-de-luz-en-chaco\/#primaryimage"},"image":{"@id":"https:\/\/aldiachaco.com.ar\/index.php\/2026\/05\/01\/suben-las-facturas-de-luz-en-chaco\/#primaryimage"},"thumbnailUrl":"https:\/\/aldiachaco.com.ar\/wp-content\/uploads\/2026\/05\/images-12.jpeg","datePublished":"2026-05-01T15:13:43+00:00","dateModified":"2026-05-01T15:18:20+00:00","breadcrumb":{"@id":"https:\/\/aldiachaco.com.ar\/index.php\/2026\/05\/01\/suben-las-facturas-de-luz-en-chaco\/#breadcrumb"},"inLanguage":"es-AR","potentialAction":[{"@type":"ReadAction","target":["https:\/\/aldiachaco.com.ar\/index.php\/2026\/05\/01\/suben-las-facturas-de-luz-en-chaco\/"]}]},{"@type":"ImageObject","inLanguage":"es-AR","@id":"https:\/\/aldiachaco.com.ar\/index.php\/2026\/05\/01\/suben-las-facturas-de-luz-en-chaco\/#primaryimage","url":"https:\/\/aldiachaco.com.ar\/wp-content\/uploads\/2026\/05\/images-12.jpeg","contentUrl":"https:\/\/aldiachaco.com.ar\/wp-content\/uploads\/2026\/05\/images-12.jpeg","width":525,"height":380},{"@type":"BreadcrumbList","@id":"https:\/\/aldiachaco.com.ar\/index.php\/2026\/05\/01\/suben-las-facturas-de-luz-en-chaco\/#breadcrumb","itemListElement":[{"@type":"ListItem","position":1,"name":"Home","item":"https:\/\/aldiachaco.com.ar\/"},{"@type":"ListItem","position":2,"name":"Suben las facturas de luz en Chaco"}]},{"@type":"WebSite","@id":"https:\/\/aldiachaco.com.ar\/#website","url":"https:\/\/aldiachaco.com.ar\/","name":"Al Dia Chaco","description":"Noticias del Chaco y el mundo","publisher":{"@id":"https:\/\/aldiachaco.com.ar\/#organization"},"alternateName":"Al D\u00eda Chaco","potentialAction":[{"@type":"SearchAction","target":{"@type":"EntryPoint","urlTemplate":"https:\/\/aldiachaco.com.ar\/?s={search_term_string}"},"query-input":{"@type":"PropertyValueSpecification","valueRequired":true,"valueName":"search_term_string"}}],"inLanguage":"es-AR"},{"@type":"Organization","@id":"https:\/\/aldiachaco.com.ar\/#organization","name":"Al Dia Chaco","url":"https:\/\/aldiachaco.com.ar\/","logo":{"@type":"ImageObject","inLanguage":"es-AR","@id":"https:\/\/aldiachaco.com.ar\/#\/schema\/logo\/image\/","url":"https:\/\/aldiachaco.com.ar\/wp-content\/uploads\/2017\/11\/AL-DIA-CHACO-L@2x.png","contentUrl":"https:\/\/aldiachaco.com.ar\/wp-content\/uploads\/2017\/11\/AL-DIA-CHACO-L@2x.png","width":232,"height":60,"caption":"Al Dia Chaco"},"image":{"@id":"https:\/\/aldiachaco.com.ar\/#\/schema\/logo\/image\/"}},{"@type":"Person","@id":"https:\/\/aldiachaco.com.ar\/#\/schema\/person\/b24e975af8022082f5889a7a7299e962","name":"RedaccionRM","image":{"@type":"ImageObject","inLanguage":"es-AR","@id":"https:\/\/aldiachaco.com.ar\/wp-content\/litespeed\/avatar\/a30118fcb7a6295303f1c91164c6aba1.jpg?ver=1777339088","url":"https:\/\/aldiachaco.com.ar\/wp-content\/litespeed\/avatar\/a30118fcb7a6295303f1c91164c6aba1.jpg?ver=1777339088","contentUrl":"https:\/\/aldiachaco.com.ar\/wp-content\/litespeed\/avatar\/a30118fcb7a6295303f1c91164c6aba1.jpg?ver=1777339088","caption":"RedaccionRM"},"url":"https:\/\/aldiachaco.com.ar\/index.php\/author\/redaccionrm\/"}]}},"jetpack_publicize_connections":[],"jetpack_featured_media_url":"https:\/\/aldiachaco.com.ar\/wp-content\/uploads\/2026\/05\/images-12.jpeg","jetpack_sharing_enabled":true,"amp_enabled":true,"_links":{"self":[{"href":"https:\/\/aldiachaco.com.ar\/index.php\/wp-json\/wp\/v2\/posts\/118347","targetHints":{"allow":["GET"]}}],"collection":[{"href":"https:\/\/aldiachaco.com.ar\/index.php\/wp-json\/wp\/v2\/posts"}],"about":[{"href":"https:\/\/aldiachaco.com.ar\/index.php\/wp-json\/wp\/v2\/types\/post"}],"author":[{"embeddable":true,"href":"https:\/\/aldiachaco.com.ar\/index.php\/wp-json\/wp\/v2\/users\/9"}],"replies":[{"embeddable":true,"href":"https:\/\/aldiachaco.com.ar\/index.php\/wp-json\/wp\/v2\/comments?post=118347"}],"version-history":[{"count":1,"href":"https:\/\/aldiachaco.com.ar\/index.php\/wp-json\/wp\/v2\/posts\/118347\/revisions"}],"predecessor-version":[{"id":118349,"href":"https:\/\/aldiachaco.com.ar\/index.php\/wp-json\/wp\/v2\/posts\/118347\/revisions\/118349"}],"wp:featuredmedia":[{"embeddable":true,"href":"https:\/\/aldiachaco.com.ar\/index.php\/wp-json\/wp\/v2\/media\/118350"}],"wp:attachment":[{"href":"https:\/\/aldiachaco.com.ar\/index.php\/wp-json\/wp\/v2\/media?parent=118347"}],"wp:term":[{"taxonomy":"category","embeddable":true,"href":"https:\/\/aldiachaco.com.ar\/index.php\/wp-json\/wp\/v2\/categories?post=118347"},{"taxonomy":"post_tag","embeddable":true,"href":"https:\/\/aldiachaco.com.ar\/index.php\/wp-json\/wp\/v2\/tags?post=118347"}],"curies":[{"name":"wp","href":"https:\/\/api.w.org\/{rel}","templated":true}]}}