{"id":118341,"date":"2026-04-30T13:32:31","date_gmt":"2026-04-30T16:32:31","guid":{"rendered":"https:\/\/aldiachaco.com.ar\/?p=118341"},"modified":"2026-04-30T13:32:31","modified_gmt":"2026-04-30T16:32:31","slug":"piden-la-interpelacion-del-ministro-de-salud-por-el-escandalo-de-la-falsa-medica","status":"publish","type":"post","link":"https:\/\/aldiachaco.com.ar\/index.php\/2026\/04\/30\/piden-la-interpelacion-del-ministro-de-salud-por-el-escandalo-de-la-falsa-medica\/","title":{"rendered":"Piden la interpelaci\u00f3n del ministro de Salud por el esc\u00e1ndalo de la falsa m\u00e9dica"},"content":{"rendered":"<p>La oposici\u00f3n formaliz\u00f3 el pedido de interpelaci\u00f3n al titular de la cartera sanitaria, Sergio Rodr\u00edguez, para que explique c\u00f3mo Lidia Mabel Ojeda pudo burlar los protocolos de seguridad y distintos controles sin que nadie lo notara; si ya exist\u00edan denuncias y qu\u00e9 medidas se adoptaron para proteger a los pacientes.<\/p>\n<p>&nbsp;<\/p>\n<p>&#8220;Una persona se infiltr\u00f3 en el sistema p\u00fablico de salud usando una matr\u00edcula ajena, oper\u00f3 durante meses en las guardias de los hospitales de Quitilipi y Presidencia de la Plaza, firm\u00f3 diez certificados de defunci\u00f3n, atendi\u00f3 a personas que luego fallecieron&#8221;, detall\u00f3 el diputado Sebasti\u00e1n Ben\u00edtez Molas, uno de los firmantes del pedido de interpelaci\u00f3n. &#8220;No estamos hablando de simples irregularidades administrativas&#8221;.<\/p>\n<p>&nbsp;<\/p>\n<p>En ese sentido, asegur\u00f3 que el ministro &#8220;tiene mucho que explicar&#8221;, porque el funcionario que ventil\u00f3 el esc\u00e1ndalo, el Director de la Regi\u00f3n Sanitaria 2, doctor Orlando Di Nubila, &#8220;dijo ayer en la prensa que &#8216;la doctora tiene un cementerio privado'&#8221; ,en alusi\u00f3n a las personas fallecidas durante sus guardias&#8221; y que esto es &#8216;mucho m\u00e1s grave&#8217; que el caso Cecilia&#8221;.<\/p>\n<p>&nbsp;<\/p>\n<p>&#8220;Estas declaraciones nos producen enorme preocupaci\u00f3n&#8221;, abund\u00f3 Ben\u00edtez Molas, &#8220;sobre todo porque despu\u00e9s de dar a conocer lo que hab\u00eda pasado, este profesional fue despedido del Ministerio. Es un esc\u00e1ndalo pol\u00edtico que llega hasta el gobernador Zdero&#8221;.<\/p>\n<p>&nbsp;<\/p>\n<p>El legislador record\u00f3 que Di Nubila fue concejal de Machagai y candidato a intendente por el actual partido de gobierno: &#8220;Se hab\u00eda ganado el cargo de director de la Regi\u00f3n 2 por tener una trayectoria intachable en la salud p\u00fablica, pero tambi\u00e9n era un dirigente del espacio pol\u00edtico de Zdero, y en una entrevista revel\u00f3 que cuando se notific\u00f3 de su despido, a pie de p\u00e1gina escribi\u00f3: &#8216;Leandro, me traicionaste'&#8221;.<\/p>\n<p>&nbsp;<\/p>\n<p>&#8220;No sabemos si su despido fue un ajuste de cuentas entre ellos, pero s\u00ed que hay enorme responsabilidad pol\u00edtica en todo lo que pas\u00f3, porque mientras la sociedad se enfrenta a un caso penal de consecuencias todav\u00eda insospechadas, el gobierno est\u00e1 queriendo barrer la basura abajo de la alfombra. Por eso es imperativo que el ministro se presente en esta Legislatura&#8221;, concluy\u00f3.<\/p>\n<p>&nbsp;<\/p>\n","protected":false},"excerpt":{"rendered":"<p>La oposici\u00f3n formaliz\u00f3 el pedido de interpelaci\u00f3n al titular de la cartera sanitaria, Sergio Rodr\u00edguez, para que explique c\u00f3mo Lidia Mabel Ojeda pudo burlar los protocolos de seguridad y distintos controles sin que nadie lo notara; si ya exist\u00edan denuncias y qu\u00e9 medidas se adoptaron para proteger a los pacientes. &nbsp; &#8220;Una persona se infiltr\u00f3 &hellip;<\/p>\n","protected":false},"author":9,"featured_media":118342,"comment_status":"open","ping_status":"open","sticky":false,"template":"","format":"standard","meta":{"content-type":"","_monsterinsights_skip_tracking":false,"_monsterinsights_sitenote_active":false,"_monsterinsights_sitenote_note":"","_monsterinsights_sitenote_category":0,"_jetpack_memberships_contains_paid_content":false,"footnotes":"","jetpack_publicize_message":"","jetpack_publicize_feature_enabled":true,"jetpack_social_post_already_shared":true,"jetpack_social_options":{"image_generator_settings":{"template":"highway","default_image_id":0,"font":"","enabled":false},"version":2}},"categories":[153],"tags":[],"class_list":["post-118341","post","type-post","status-publish","format-standard","has-post-thumbnail","hentry","category-politica"],"yoast_head":"<!-- This site is optimized with the Yoast SEO plugin v27.4 - https:\/\/yoast.com\/product\/yoast-seo-wordpress\/ -->\n<title>Piden la interpelaci\u00f3n del ministro de Salud por el esc\u00e1ndalo de la falsa m\u00e9dica | Al Dia Chaco<\/title>\n<meta name=\"robots\" content=\"index, follow, max-snippet:-1, max-image-preview:large, max-video-preview:-1\" \/>\n<link rel=\"canonical\" href=\"https:\/\/aldiachaco.com.ar\/index.php\/2026\/04\/30\/piden-la-interpelacion-del-ministro-de-salud-por-el-escandalo-de-la-falsa-medica\/\" \/>\n<meta property=\"og:locale\" content=\"es_ES\" \/>\n<meta property=\"og:type\" content=\"article\" \/>\n<meta property=\"og:title\" content=\"Piden la interpelaci\u00f3n del ministro de Salud por el esc\u00e1ndalo de la falsa m\u00e9dica | Al Dia Chaco\" \/>\n<meta property=\"og:description\" content=\"La oposici\u00f3n formaliz\u00f3 el pedido de interpelaci\u00f3n al titular de la cartera sanitaria, Sergio Rodr\u00edguez, para que explique c\u00f3mo Lidia Mabel Ojeda pudo burlar los protocolos de seguridad y distintos controles sin que nadie lo notara; si ya exist\u00edan denuncias y qu\u00e9 medidas se adoptaron para proteger a los pacientes. &nbsp; &#8220;Una persona se infiltr\u00f3 &hellip;\" \/>\n<meta property=\"og:url\" content=\"https:\/\/aldiachaco.com.ar\/index.php\/2026\/04\/30\/piden-la-interpelacion-del-ministro-de-salud-por-el-escandalo-de-la-falsa-medica\/\" \/>\n<meta property=\"og:site_name\" content=\"Al Dia Chaco\" \/>\n<meta property=\"article:published_time\" content=\"2026-04-30T16:32:31+00:00\" \/>\n<meta property=\"og:image\" content=\"https:\/\/aldiachaco.com.ar\/wp-content\/uploads\/2026\/04\/IMG-20260430-WA0082.jpg\" \/>\n\t<meta property=\"og:image:width\" content=\"1280\" \/>\n\t<meta property=\"og:image:height\" content=\"847\" \/>\n\t<meta property=\"og:image:type\" content=\"image\/jpeg\" \/>\n<meta name=\"author\" content=\"RedaccionRM\" \/>\n<meta name=\"twitter:card\" content=\"summary_large_image\" \/>\n<meta name=\"twitter:label1\" content=\"Escrito por\" \/>\n\t<meta name=\"twitter:data1\" content=\"RedaccionRM\" \/>\n\t<meta name=\"twitter:label2\" content=\"Tiempo de lectura\" \/>\n\t<meta name=\"twitter:data2\" content=\"2 minutos\" \/>\n<script type=\"application\/ld+json\" class=\"yoast-schema-graph\">{\"@context\":\"https:\\\/\\\/schema.org\",\"@graph\":[{\"@type\":\"Article\",\"@id\":\"https:\\\/\\\/aldiachaco.com.ar\\\/index.php\\\/2026\\\/04\\\/30\\\/piden-la-interpelacion-del-ministro-de-salud-por-el-escandalo-de-la-falsa-medica\\\/#article\",\"isPartOf\":{\"@id\":\"https:\\\/\\\/aldiachaco.com.ar\\\/index.php\\\/2026\\\/04\\\/30\\\/piden-la-interpelacion-del-ministro-de-salud-por-el-escandalo-de-la-falsa-medica\\\/\"},\"author\":{\"name\":\"RedaccionRM\",\"@id\":\"https:\\\/\\\/aldiachaco.com.ar\\\/#\\\/schema\\\/person\\\/b24e975af8022082f5889a7a7299e962\"},\"headline\":\"Piden la interpelaci\u00f3n del ministro de Salud por el esc\u00e1ndalo de la falsa m\u00e9dica\",\"datePublished\":\"2026-04-30T16:32:31+00:00\",\"mainEntityOfPage\":{\"@id\":\"https:\\\/\\\/aldiachaco.com.ar\\\/index.php\\\/2026\\\/04\\\/30\\\/piden-la-interpelacion-del-ministro-de-salud-por-el-escandalo-de-la-falsa-medica\\\/\"},\"wordCount\":392,\"commentCount\":0,\"publisher\":{\"@id\":\"https:\\\/\\\/aldiachaco.com.ar\\\/#organization\"},\"image\":{\"@id\":\"https:\\\/\\\/aldiachaco.com.ar\\\/index.php\\\/2026\\\/04\\\/30\\\/piden-la-interpelacion-del-ministro-de-salud-por-el-escandalo-de-la-falsa-medica\\\/#primaryimage\"},\"thumbnailUrl\":\"https:\\\/\\\/aldiachaco.com.ar\\\/wp-content\\\/uploads\\\/2026\\\/04\\\/IMG-20260430-WA0082.jpg\",\"articleSection\":[\"Pol\u00edtica\"],\"inLanguage\":\"es-AR\",\"potentialAction\":[{\"@type\":\"CommentAction\",\"name\":\"Comment\",\"target\":[\"https:\\\/\\\/aldiachaco.com.ar\\\/index.php\\\/2026\\\/04\\\/30\\\/piden-la-interpelacion-del-ministro-de-salud-por-el-escandalo-de-la-falsa-medica\\\/#respond\"]}]},{\"@type\":\"WebPage\",\"@id\":\"https:\\\/\\\/aldiachaco.com.ar\\\/index.php\\\/2026\\\/04\\\/30\\\/piden-la-interpelacion-del-ministro-de-salud-por-el-escandalo-de-la-falsa-medica\\\/\",\"url\":\"https:\\\/\\\/aldiachaco.com.ar\\\/index.php\\\/2026\\\/04\\\/30\\\/piden-la-interpelacion-del-ministro-de-salud-por-el-escandalo-de-la-falsa-medica\\\/\",\"name\":\"Piden la interpelaci\u00f3n del ministro de Salud por el esc\u00e1ndalo de la falsa m\u00e9dica | Al Dia Chaco\",\"isPartOf\":{\"@id\":\"https:\\\/\\\/aldiachaco.com.ar\\\/#website\"},\"primaryImageOfPage\":{\"@id\":\"https:\\\/\\\/aldiachaco.com.ar\\\/index.php\\\/2026\\\/04\\\/30\\\/piden-la-interpelacion-del-ministro-de-salud-por-el-escandalo-de-la-falsa-medica\\\/#primaryimage\"},\"image\":{\"@id\":\"https:\\\/\\\/aldiachaco.com.ar\\\/index.php\\\/2026\\\/04\\\/30\\\/piden-la-interpelacion-del-ministro-de-salud-por-el-escandalo-de-la-falsa-medica\\\/#primaryimage\"},\"thumbnailUrl\":\"https:\\\/\\\/aldiachaco.com.ar\\\/wp-content\\\/uploads\\\/2026\\\/04\\\/IMG-20260430-WA0082.jpg\",\"datePublished\":\"2026-04-30T16:32:31+00:00\",\"breadcrumb\":{\"@id\":\"https:\\\/\\\/aldiachaco.com.ar\\\/index.php\\\/2026\\\/04\\\/30\\\/piden-la-interpelacion-del-ministro-de-salud-por-el-escandalo-de-la-falsa-medica\\\/#breadcrumb\"},\"inLanguage\":\"es-AR\",\"potentialAction\":[{\"@type\":\"ReadAction\",\"target\":[\"https:\\\/\\\/aldiachaco.com.ar\\\/index.php\\\/2026\\\/04\\\/30\\\/piden-la-interpelacion-del-ministro-de-salud-por-el-escandalo-de-la-falsa-medica\\\/\"]}]},{\"@type\":\"ImageObject\",\"inLanguage\":\"es-AR\",\"@id\":\"https:\\\/\\\/aldiachaco.com.ar\\\/index.php\\\/2026\\\/04\\\/30\\\/piden-la-interpelacion-del-ministro-de-salud-por-el-escandalo-de-la-falsa-medica\\\/#primaryimage\",\"url\":\"https:\\\/\\\/aldiachaco.com.ar\\\/wp-content\\\/uploads\\\/2026\\\/04\\\/IMG-20260430-WA0082.jpg\",\"contentUrl\":\"https:\\\/\\\/aldiachaco.com.ar\\\/wp-content\\\/uploads\\\/2026\\\/04\\\/IMG-20260430-WA0082.jpg\",\"width\":1280,\"height\":847},{\"@type\":\"BreadcrumbList\",\"@id\":\"https:\\\/\\\/aldiachaco.com.ar\\\/index.php\\\/2026\\\/04\\\/30\\\/piden-la-interpelacion-del-ministro-de-salud-por-el-escandalo-de-la-falsa-medica\\\/#breadcrumb\",\"itemListElement\":[{\"@type\":\"ListItem\",\"position\":1,\"name\":\"Home\",\"item\":\"https:\\\/\\\/aldiachaco.com.ar\\\/\"},{\"@type\":\"ListItem\",\"position\":2,\"name\":\"Piden la interpelaci\u00f3n del ministro de Salud por el esc\u00e1ndalo de la falsa m\u00e9dica\"}]},{\"@type\":\"WebSite\",\"@id\":\"https:\\\/\\\/aldiachaco.com.ar\\\/#website\",\"url\":\"https:\\\/\\\/aldiachaco.com.ar\\\/\",\"name\":\"Al Dia Chaco\",\"description\":\"Noticias del Chaco y el mundo\",\"publisher\":{\"@id\":\"https:\\\/\\\/aldiachaco.com.ar\\\/#organization\"},\"alternateName\":\"Al D\u00eda Chaco\",\"potentialAction\":[{\"@type\":\"SearchAction\",\"target\":{\"@type\":\"EntryPoint\",\"urlTemplate\":\"https:\\\/\\\/aldiachaco.com.ar\\\/?s={search_term_string}\"},\"query-input\":{\"@type\":\"PropertyValueSpecification\",\"valueRequired\":true,\"valueName\":\"search_term_string\"}}],\"inLanguage\":\"es-AR\"},{\"@type\":\"Organization\",\"@id\":\"https:\\\/\\\/aldiachaco.com.ar\\\/#organization\",\"name\":\"Al Dia Chaco\",\"url\":\"https:\\\/\\\/aldiachaco.com.ar\\\/\",\"logo\":{\"@type\":\"ImageObject\",\"inLanguage\":\"es-AR\",\"@id\":\"https:\\\/\\\/aldiachaco.com.ar\\\/#\\\/schema\\\/logo\\\/image\\\/\",\"url\":\"https:\\\/\\\/aldiachaco.com.ar\\\/wp-content\\\/uploads\\\/2017\\\/11\\\/AL-DIA-CHACO-L@2x.png\",\"contentUrl\":\"https:\\\/\\\/aldiachaco.com.ar\\\/wp-content\\\/uploads\\\/2017\\\/11\\\/AL-DIA-CHACO-L@2x.png\",\"width\":232,\"height\":60,\"caption\":\"Al Dia Chaco\"},\"image\":{\"@id\":\"https:\\\/\\\/aldiachaco.com.ar\\\/#\\\/schema\\\/logo\\\/image\\\/\"}},{\"@type\":\"Person\",\"@id\":\"https:\\\/\\\/aldiachaco.com.ar\\\/#\\\/schema\\\/person\\\/b24e975af8022082f5889a7a7299e962\",\"name\":\"RedaccionRM\",\"image\":{\"@type\":\"ImageObject\",\"inLanguage\":\"es-AR\",\"@id\":\"https:\\\/\\\/aldiachaco.com.ar\\\/wp-content\\\/litespeed\\\/avatar\\\/a30118fcb7a6295303f1c91164c6aba1.jpg?ver=1777339088\",\"url\":\"https:\\\/\\\/aldiachaco.com.ar\\\/wp-content\\\/litespeed\\\/avatar\\\/a30118fcb7a6295303f1c91164c6aba1.jpg?ver=1777339088\",\"contentUrl\":\"https:\\\/\\\/aldiachaco.com.ar\\\/wp-content\\\/litespeed\\\/avatar\\\/a30118fcb7a6295303f1c91164c6aba1.jpg?ver=1777339088\",\"caption\":\"RedaccionRM\"},\"url\":\"https:\\\/\\\/aldiachaco.com.ar\\\/index.php\\\/author\\\/redaccionrm\\\/\"}]}<\/script>\n<!-- \/ Yoast SEO plugin. -->","yoast_head_json":{"title":"Piden la interpelaci\u00f3n del ministro de Salud por el esc\u00e1ndalo de la falsa m\u00e9dica | Al Dia Chaco","robots":{"index":"index","follow":"follow","max-snippet":"max-snippet:-1","max-image-preview":"max-image-preview:large","max-video-preview":"max-video-preview:-1"},"canonical":"https:\/\/aldiachaco.com.ar\/index.php\/2026\/04\/30\/piden-la-interpelacion-del-ministro-de-salud-por-el-escandalo-de-la-falsa-medica\/","og_locale":"es_ES","og_type":"article","og_title":"Piden la interpelaci\u00f3n del ministro de Salud por el esc\u00e1ndalo de la falsa m\u00e9dica | Al Dia Chaco","og_description":"La oposici\u00f3n formaliz\u00f3 el pedido de interpelaci\u00f3n al titular de la cartera sanitaria, Sergio Rodr\u00edguez, para que explique c\u00f3mo Lidia Mabel Ojeda pudo burlar los protocolos de seguridad y distintos controles sin que nadie lo notara; si ya exist\u00edan denuncias y qu\u00e9 medidas se adoptaron para proteger a los pacientes. &nbsp; &#8220;Una persona se infiltr\u00f3 &hellip;","og_url":"https:\/\/aldiachaco.com.ar\/index.php\/2026\/04\/30\/piden-la-interpelacion-del-ministro-de-salud-por-el-escandalo-de-la-falsa-medica\/","og_site_name":"Al Dia Chaco","article_published_time":"2026-04-30T16:32:31+00:00","og_image":[{"width":1280,"height":847,"url":"https:\/\/aldiachaco.com.ar\/wp-content\/uploads\/2026\/04\/IMG-20260430-WA0082.jpg","type":"image\/jpeg"}],"author":"RedaccionRM","twitter_card":"summary_large_image","twitter_misc":{"Escrito por":"RedaccionRM","Tiempo de lectura":"2 minutos"},"schema":{"@context":"https:\/\/schema.org","@graph":[{"@type":"Article","@id":"https:\/\/aldiachaco.com.ar\/index.php\/2026\/04\/30\/piden-la-interpelacion-del-ministro-de-salud-por-el-escandalo-de-la-falsa-medica\/#article","isPartOf":{"@id":"https:\/\/aldiachaco.com.ar\/index.php\/2026\/04\/30\/piden-la-interpelacion-del-ministro-de-salud-por-el-escandalo-de-la-falsa-medica\/"},"author":{"name":"RedaccionRM","@id":"https:\/\/aldiachaco.com.ar\/#\/schema\/person\/b24e975af8022082f5889a7a7299e962"},"headline":"Piden la interpelaci\u00f3n del ministro de Salud por el esc\u00e1ndalo de la falsa m\u00e9dica","datePublished":"2026-04-30T16:32:31+00:00","mainEntityOfPage":{"@id":"https:\/\/aldiachaco.com.ar\/index.php\/2026\/04\/30\/piden-la-interpelacion-del-ministro-de-salud-por-el-escandalo-de-la-falsa-medica\/"},"wordCount":392,"commentCount":0,"publisher":{"@id":"https:\/\/aldiachaco.com.ar\/#organization"},"image":{"@id":"https:\/\/aldiachaco.com.ar\/index.php\/2026\/04\/30\/piden-la-interpelacion-del-ministro-de-salud-por-el-escandalo-de-la-falsa-medica\/#primaryimage"},"thumbnailUrl":"https:\/\/aldiachaco.com.ar\/wp-content\/uploads\/2026\/04\/IMG-20260430-WA0082.jpg","articleSection":["Pol\u00edtica"],"inLanguage":"es-AR","potentialAction":[{"@type":"CommentAction","name":"Comment","target":["https:\/\/aldiachaco.com.ar\/index.php\/2026\/04\/30\/piden-la-interpelacion-del-ministro-de-salud-por-el-escandalo-de-la-falsa-medica\/#respond"]}]},{"@type":"WebPage","@id":"https:\/\/aldiachaco.com.ar\/index.php\/2026\/04\/30\/piden-la-interpelacion-del-ministro-de-salud-por-el-escandalo-de-la-falsa-medica\/","url":"https:\/\/aldiachaco.com.ar\/index.php\/2026\/04\/30\/piden-la-interpelacion-del-ministro-de-salud-por-el-escandalo-de-la-falsa-medica\/","name":"Piden la interpelaci\u00f3n del ministro de Salud por el esc\u00e1ndalo de la falsa m\u00e9dica | Al Dia Chaco","isPartOf":{"@id":"https:\/\/aldiachaco.com.ar\/#website"},"primaryImageOfPage":{"@id":"https:\/\/aldiachaco.com.ar\/index.php\/2026\/04\/30\/piden-la-interpelacion-del-ministro-de-salud-por-el-escandalo-de-la-falsa-medica\/#primaryimage"},"image":{"@id":"https:\/\/aldiachaco.com.ar\/index.php\/2026\/04\/30\/piden-la-interpelacion-del-ministro-de-salud-por-el-escandalo-de-la-falsa-medica\/#primaryimage"},"thumbnailUrl":"https:\/\/aldiachaco.com.ar\/wp-content\/uploads\/2026\/04\/IMG-20260430-WA0082.jpg","datePublished":"2026-04-30T16:32:31+00:00","breadcrumb":{"@id":"https:\/\/aldiachaco.com.ar\/index.php\/2026\/04\/30\/piden-la-interpelacion-del-ministro-de-salud-por-el-escandalo-de-la-falsa-medica\/#breadcrumb"},"inLanguage":"es-AR","potentialAction":[{"@type":"ReadAction","target":["https:\/\/aldiachaco.com.ar\/index.php\/2026\/04\/30\/piden-la-interpelacion-del-ministro-de-salud-por-el-escandalo-de-la-falsa-medica\/"]}]},{"@type":"ImageObject","inLanguage":"es-AR","@id":"https:\/\/aldiachaco.com.ar\/index.php\/2026\/04\/30\/piden-la-interpelacion-del-ministro-de-salud-por-el-escandalo-de-la-falsa-medica\/#primaryimage","url":"https:\/\/aldiachaco.com.ar\/wp-content\/uploads\/2026\/04\/IMG-20260430-WA0082.jpg","contentUrl":"https:\/\/aldiachaco.com.ar\/wp-content\/uploads\/2026\/04\/IMG-20260430-WA0082.jpg","width":1280,"height":847},{"@type":"BreadcrumbList","@id":"https:\/\/aldiachaco.com.ar\/index.php\/2026\/04\/30\/piden-la-interpelacion-del-ministro-de-salud-por-el-escandalo-de-la-falsa-medica\/#breadcrumb","itemListElement":[{"@type":"ListItem","position":1,"name":"Home","item":"https:\/\/aldiachaco.com.ar\/"},{"@type":"ListItem","position":2,"name":"Piden la interpelaci\u00f3n del ministro de Salud por el esc\u00e1ndalo de la falsa m\u00e9dica"}]},{"@type":"WebSite","@id":"https:\/\/aldiachaco.com.ar\/#website","url":"https:\/\/aldiachaco.com.ar\/","name":"Al Dia Chaco","description":"Noticias del Chaco y el mundo","publisher":{"@id":"https:\/\/aldiachaco.com.ar\/#organization"},"alternateName":"Al D\u00eda Chaco","potentialAction":[{"@type":"SearchAction","target":{"@type":"EntryPoint","urlTemplate":"https:\/\/aldiachaco.com.ar\/?s={search_term_string}"},"query-input":{"@type":"PropertyValueSpecification","valueRequired":true,"valueName":"search_term_string"}}],"inLanguage":"es-AR"},{"@type":"Organization","@id":"https:\/\/aldiachaco.com.ar\/#organization","name":"Al Dia Chaco","url":"https:\/\/aldiachaco.com.ar\/","logo":{"@type":"ImageObject","inLanguage":"es-AR","@id":"https:\/\/aldiachaco.com.ar\/#\/schema\/logo\/image\/","url":"https:\/\/aldiachaco.com.ar\/wp-content\/uploads\/2017\/11\/AL-DIA-CHACO-L@2x.png","contentUrl":"https:\/\/aldiachaco.com.ar\/wp-content\/uploads\/2017\/11\/AL-DIA-CHACO-L@2x.png","width":232,"height":60,"caption":"Al Dia Chaco"},"image":{"@id":"https:\/\/aldiachaco.com.ar\/#\/schema\/logo\/image\/"}},{"@type":"Person","@id":"https:\/\/aldiachaco.com.ar\/#\/schema\/person\/b24e975af8022082f5889a7a7299e962","name":"RedaccionRM","image":{"@type":"ImageObject","inLanguage":"es-AR","@id":"https:\/\/aldiachaco.com.ar\/wp-content\/litespeed\/avatar\/a30118fcb7a6295303f1c91164c6aba1.jpg?ver=1777339088","url":"https:\/\/aldiachaco.com.ar\/wp-content\/litespeed\/avatar\/a30118fcb7a6295303f1c91164c6aba1.jpg?ver=1777339088","contentUrl":"https:\/\/aldiachaco.com.ar\/wp-content\/litespeed\/avatar\/a30118fcb7a6295303f1c91164c6aba1.jpg?ver=1777339088","caption":"RedaccionRM"},"url":"https:\/\/aldiachaco.com.ar\/index.php\/author\/redaccionrm\/"}]}},"jetpack_publicize_connections":[],"jetpack_featured_media_url":"https:\/\/aldiachaco.com.ar\/wp-content\/uploads\/2026\/04\/IMG-20260430-WA0082.jpg","jetpack_sharing_enabled":true,"amp_enabled":true,"_links":{"self":[{"href":"https:\/\/aldiachaco.com.ar\/index.php\/wp-json\/wp\/v2\/posts\/118341","targetHints":{"allow":["GET"]}}],"collection":[{"href":"https:\/\/aldiachaco.com.ar\/index.php\/wp-json\/wp\/v2\/posts"}],"about":[{"href":"https:\/\/aldiachaco.com.ar\/index.php\/wp-json\/wp\/v2\/types\/post"}],"author":[{"embeddable":true,"href":"https:\/\/aldiachaco.com.ar\/index.php\/wp-json\/wp\/v2\/users\/9"}],"replies":[{"embeddable":true,"href":"https:\/\/aldiachaco.com.ar\/index.php\/wp-json\/wp\/v2\/comments?post=118341"}],"version-history":[{"count":1,"href":"https:\/\/aldiachaco.com.ar\/index.php\/wp-json\/wp\/v2\/posts\/118341\/revisions"}],"predecessor-version":[{"id":118343,"href":"https:\/\/aldiachaco.com.ar\/index.php\/wp-json\/wp\/v2\/posts\/118341\/revisions\/118343"}],"wp:featuredmedia":[{"embeddable":true,"href":"https:\/\/aldiachaco.com.ar\/index.php\/wp-json\/wp\/v2\/media\/118342"}],"wp:attachment":[{"href":"https:\/\/aldiachaco.com.ar\/index.php\/wp-json\/wp\/v2\/media?parent=118341"}],"wp:term":[{"taxonomy":"category","embeddable":true,"href":"https:\/\/aldiachaco.com.ar\/index.php\/wp-json\/wp\/v2\/categories?post=118341"},{"taxonomy":"post_tag","embeddable":true,"href":"https:\/\/aldiachaco.com.ar\/index.php\/wp-json\/wp\/v2\/tags?post=118341"}],"curies":[{"name":"wp","href":"https:\/\/api.w.org\/{rel}","templated":true}]}}