{"id":118323,"date":"2026-04-29T14:32:04","date_gmt":"2026-04-29T17:32:04","guid":{"rendered":"https:\/\/aldiachaco.com.ar\/?p=118323"},"modified":"2026-04-29T14:32:04","modified_gmt":"2026-04-29T17:32:04","slug":"faltazo-del-titular-del-insssep-a-la-interpelacion","status":"publish","type":"post","link":"https:\/\/aldiachaco.com.ar\/index.php\/2026\/04\/29\/faltazo-del-titular-del-insssep-a-la-interpelacion\/","title":{"rendered":"Faltazo del titular del Insssep a la interpelaci\u00f3n"},"content":{"rendered":"<p>Este mi\u00e9rcoles estaba prevista la interpelaci\u00f3n del presidente del Insssep, Rafael Meneses, en la Legislatura provincial, pero los diputados del oficialismo la bloquearon abandonando el recinto. De todos modos, el funcionario no se present\u00f3.<\/p>\n<p>&nbsp;<\/p>\n<p>&#8220;Vimos movimientos extra\u00f1os durante toda la ma\u00f1ana, y cuando lleg\u00f3 el momento de citar al funcionario, los legisladores radicales se levantaron de sus bancas y dejaron la sesi\u00f3n sin qu\u00f3rum&#8221;, relat\u00f3 el diputado peronista Sebasti\u00e1n Ben\u00edtez Molas.<\/p>\n<p>&nbsp;<\/p>\n<p>&#8220;Para ellos es un chiste, pero el Insssep ya lleva m\u00e1s de dos a\u00f1os en ca\u00edda libre. No hay medicamentos ni cobertura, y los afiliados tienen que recurrir a la Justicia para que les cubran los tratamientos; muchas veces son cuestiones de vida o muerte&#8221;, agreg\u00f3 el legislador.<\/p>\n<p>&nbsp;<\/p>\n<p>El pedido de interpelaci\u00f3n buscaba echar luz sobre el sistema de prestaciones, tanto b\u00e1sicas como de alta complejidad. La falta de medicamentos y coberturas, que produjo una in\u00e9dita judicializaci\u00f3n del organismo, est\u00e1 en el centro del debate. De all\u00ed el reclamo de la oposici\u00f3n por la decisi\u00f3n del bloque oficialista de dejar la sesi\u00f3n sin qu\u00f3rum, y por la ausencia del funcionario.<\/p>\n<p>&nbsp;<\/p>\n<p>&#8220;La provincia hace rato toc\u00f3 fondo; el gobierno de Zdero tiene uno o dos esc\u00e1ndalos por semana, uno m\u00e1s grave que el otro, y cuando tienen que darle explicaciones a la sociedad a trav\u00e9s de un mecanismo Constitucional, se esconden. A este paso, el d\u00eda que se vayan no van a quedar ni los cimientos&#8221;, evalu\u00f3 Ben\u00edtez Molas.<\/p>\n","protected":false},"excerpt":{"rendered":"<p>Este mi\u00e9rcoles estaba prevista la interpelaci\u00f3n del presidente del Insssep, Rafael Meneses, en la Legislatura provincial, pero los diputados del oficialismo la bloquearon abandonando el recinto. De todos modos, el funcionario no se present\u00f3. &nbsp; &#8220;Vimos movimientos extra\u00f1os durante toda la ma\u00f1ana, y cuando lleg\u00f3 el momento de citar al funcionario, los legisladores radicales se &hellip;<\/p>\n","protected":false},"author":9,"featured_media":118324,"comment_status":"open","ping_status":"open","sticky":false,"template":"","format":"standard","meta":{"content-type":"","_monsterinsights_skip_tracking":false,"_monsterinsights_sitenote_active":false,"_monsterinsights_sitenote_note":"","_monsterinsights_sitenote_category":0,"_jetpack_memberships_contains_paid_content":false,"footnotes":"","jetpack_publicize_message":"","jetpack_publicize_feature_enabled":true,"jetpack_social_post_already_shared":true,"jetpack_social_options":{"image_generator_settings":{"template":"highway","default_image_id":0,"font":"","enabled":false},"version":2}},"categories":[153],"tags":[],"class_list":["post-118323","post","type-post","status-publish","format-standard","has-post-thumbnail","hentry","category-politica"],"yoast_head":"<!-- This site is optimized with the Yoast SEO plugin v27.4 - https:\/\/yoast.com\/product\/yoast-seo-wordpress\/ -->\n<title>Faltazo del titular del Insssep a la interpelaci\u00f3n | Al Dia Chaco<\/title>\n<meta name=\"robots\" content=\"index, follow, max-snippet:-1, max-image-preview:large, max-video-preview:-1\" \/>\n<link rel=\"canonical\" href=\"https:\/\/aldiachaco.com.ar\/index.php\/2026\/04\/29\/faltazo-del-titular-del-insssep-a-la-interpelacion\/\" \/>\n<meta property=\"og:locale\" content=\"es_ES\" \/>\n<meta property=\"og:type\" content=\"article\" \/>\n<meta property=\"og:title\" content=\"Faltazo del titular del Insssep a la interpelaci\u00f3n | Al Dia Chaco\" \/>\n<meta property=\"og:description\" content=\"Este mi\u00e9rcoles estaba prevista la interpelaci\u00f3n del presidente del Insssep, Rafael Meneses, en la Legislatura provincial, pero los diputados del oficialismo la bloquearon abandonando el recinto. De todos modos, el funcionario no se present\u00f3. &nbsp; &#8220;Vimos movimientos extra\u00f1os durante toda la ma\u00f1ana, y cuando lleg\u00f3 el momento de citar al funcionario, los legisladores radicales se &hellip;\" \/>\n<meta property=\"og:url\" content=\"https:\/\/aldiachaco.com.ar\/index.php\/2026\/04\/29\/faltazo-del-titular-del-insssep-a-la-interpelacion\/\" \/>\n<meta property=\"og:site_name\" content=\"Al Dia Chaco\" \/>\n<meta property=\"article:published_time\" content=\"2026-04-29T17:32:04+00:00\" \/>\n<meta property=\"og:image\" content=\"https:\/\/aldiachaco.com.ar\/wp-content\/uploads\/2026\/04\/IMG-20260429-WA0068.jpg\" \/>\n\t<meta property=\"og:image:width\" content=\"987\" \/>\n\t<meta property=\"og:image:height\" content=\"1064\" \/>\n\t<meta property=\"og:image:type\" content=\"image\/jpeg\" \/>\n<meta name=\"author\" content=\"RedaccionRM\" \/>\n<meta name=\"twitter:card\" content=\"summary_large_image\" \/>\n<meta name=\"twitter:label1\" content=\"Escrito por\" \/>\n\t<meta name=\"twitter:data1\" content=\"RedaccionRM\" \/>\n\t<meta name=\"twitter:label2\" content=\"Tiempo de lectura\" \/>\n\t<meta name=\"twitter:data2\" content=\"2 minutos\" \/>\n<script type=\"application\/ld+json\" class=\"yoast-schema-graph\">{\"@context\":\"https:\\\/\\\/schema.org\",\"@graph\":[{\"@type\":\"Article\",\"@id\":\"https:\\\/\\\/aldiachaco.com.ar\\\/index.php\\\/2026\\\/04\\\/29\\\/faltazo-del-titular-del-insssep-a-la-interpelacion\\\/#article\",\"isPartOf\":{\"@id\":\"https:\\\/\\\/aldiachaco.com.ar\\\/index.php\\\/2026\\\/04\\\/29\\\/faltazo-del-titular-del-insssep-a-la-interpelacion\\\/\"},\"author\":{\"name\":\"RedaccionRM\",\"@id\":\"https:\\\/\\\/aldiachaco.com.ar\\\/#\\\/schema\\\/person\\\/b24e975af8022082f5889a7a7299e962\"},\"headline\":\"Faltazo del titular del Insssep a la interpelaci\u00f3n\",\"datePublished\":\"2026-04-29T17:32:04+00:00\",\"mainEntityOfPage\":{\"@id\":\"https:\\\/\\\/aldiachaco.com.ar\\\/index.php\\\/2026\\\/04\\\/29\\\/faltazo-del-titular-del-insssep-a-la-interpelacion\\\/\"},\"wordCount\":276,\"commentCount\":0,\"publisher\":{\"@id\":\"https:\\\/\\\/aldiachaco.com.ar\\\/#organization\"},\"image\":{\"@id\":\"https:\\\/\\\/aldiachaco.com.ar\\\/index.php\\\/2026\\\/04\\\/29\\\/faltazo-del-titular-del-insssep-a-la-interpelacion\\\/#primaryimage\"},\"thumbnailUrl\":\"https:\\\/\\\/aldiachaco.com.ar\\\/wp-content\\\/uploads\\\/2026\\\/04\\\/IMG-20260429-WA0068.jpg\",\"articleSection\":[\"Pol\u00edtica\"],\"inLanguage\":\"es-AR\",\"potentialAction\":[{\"@type\":\"CommentAction\",\"name\":\"Comment\",\"target\":[\"https:\\\/\\\/aldiachaco.com.ar\\\/index.php\\\/2026\\\/04\\\/29\\\/faltazo-del-titular-del-insssep-a-la-interpelacion\\\/#respond\"]}]},{\"@type\":\"WebPage\",\"@id\":\"https:\\\/\\\/aldiachaco.com.ar\\\/index.php\\\/2026\\\/04\\\/29\\\/faltazo-del-titular-del-insssep-a-la-interpelacion\\\/\",\"url\":\"https:\\\/\\\/aldiachaco.com.ar\\\/index.php\\\/2026\\\/04\\\/29\\\/faltazo-del-titular-del-insssep-a-la-interpelacion\\\/\",\"name\":\"Faltazo del titular del Insssep a la interpelaci\u00f3n | Al Dia Chaco\",\"isPartOf\":{\"@id\":\"https:\\\/\\\/aldiachaco.com.ar\\\/#website\"},\"primaryImageOfPage\":{\"@id\":\"https:\\\/\\\/aldiachaco.com.ar\\\/index.php\\\/2026\\\/04\\\/29\\\/faltazo-del-titular-del-insssep-a-la-interpelacion\\\/#primaryimage\"},\"image\":{\"@id\":\"https:\\\/\\\/aldiachaco.com.ar\\\/index.php\\\/2026\\\/04\\\/29\\\/faltazo-del-titular-del-insssep-a-la-interpelacion\\\/#primaryimage\"},\"thumbnailUrl\":\"https:\\\/\\\/aldiachaco.com.ar\\\/wp-content\\\/uploads\\\/2026\\\/04\\\/IMG-20260429-WA0068.jpg\",\"datePublished\":\"2026-04-29T17:32:04+00:00\",\"breadcrumb\":{\"@id\":\"https:\\\/\\\/aldiachaco.com.ar\\\/index.php\\\/2026\\\/04\\\/29\\\/faltazo-del-titular-del-insssep-a-la-interpelacion\\\/#breadcrumb\"},\"inLanguage\":\"es-AR\",\"potentialAction\":[{\"@type\":\"ReadAction\",\"target\":[\"https:\\\/\\\/aldiachaco.com.ar\\\/index.php\\\/2026\\\/04\\\/29\\\/faltazo-del-titular-del-insssep-a-la-interpelacion\\\/\"]}]},{\"@type\":\"ImageObject\",\"inLanguage\":\"es-AR\",\"@id\":\"https:\\\/\\\/aldiachaco.com.ar\\\/index.php\\\/2026\\\/04\\\/29\\\/faltazo-del-titular-del-insssep-a-la-interpelacion\\\/#primaryimage\",\"url\":\"https:\\\/\\\/aldiachaco.com.ar\\\/wp-content\\\/uploads\\\/2026\\\/04\\\/IMG-20260429-WA0068.jpg\",\"contentUrl\":\"https:\\\/\\\/aldiachaco.com.ar\\\/wp-content\\\/uploads\\\/2026\\\/04\\\/IMG-20260429-WA0068.jpg\",\"width\":987,\"height\":1064},{\"@type\":\"BreadcrumbList\",\"@id\":\"https:\\\/\\\/aldiachaco.com.ar\\\/index.php\\\/2026\\\/04\\\/29\\\/faltazo-del-titular-del-insssep-a-la-interpelacion\\\/#breadcrumb\",\"itemListElement\":[{\"@type\":\"ListItem\",\"position\":1,\"name\":\"Home\",\"item\":\"https:\\\/\\\/aldiachaco.com.ar\\\/\"},{\"@type\":\"ListItem\",\"position\":2,\"name\":\"Faltazo del titular del Insssep a la interpelaci\u00f3n\"}]},{\"@type\":\"WebSite\",\"@id\":\"https:\\\/\\\/aldiachaco.com.ar\\\/#website\",\"url\":\"https:\\\/\\\/aldiachaco.com.ar\\\/\",\"name\":\"Al Dia Chaco\",\"description\":\"Noticias del Chaco y el mundo\",\"publisher\":{\"@id\":\"https:\\\/\\\/aldiachaco.com.ar\\\/#organization\"},\"alternateName\":\"Al D\u00eda Chaco\",\"potentialAction\":[{\"@type\":\"SearchAction\",\"target\":{\"@type\":\"EntryPoint\",\"urlTemplate\":\"https:\\\/\\\/aldiachaco.com.ar\\\/?s={search_term_string}\"},\"query-input\":{\"@type\":\"PropertyValueSpecification\",\"valueRequired\":true,\"valueName\":\"search_term_string\"}}],\"inLanguage\":\"es-AR\"},{\"@type\":\"Organization\",\"@id\":\"https:\\\/\\\/aldiachaco.com.ar\\\/#organization\",\"name\":\"Al Dia Chaco\",\"url\":\"https:\\\/\\\/aldiachaco.com.ar\\\/\",\"logo\":{\"@type\":\"ImageObject\",\"inLanguage\":\"es-AR\",\"@id\":\"https:\\\/\\\/aldiachaco.com.ar\\\/#\\\/schema\\\/logo\\\/image\\\/\",\"url\":\"https:\\\/\\\/aldiachaco.com.ar\\\/wp-content\\\/uploads\\\/2017\\\/11\\\/AL-DIA-CHACO-L@2x.png\",\"contentUrl\":\"https:\\\/\\\/aldiachaco.com.ar\\\/wp-content\\\/uploads\\\/2017\\\/11\\\/AL-DIA-CHACO-L@2x.png\",\"width\":232,\"height\":60,\"caption\":\"Al Dia Chaco\"},\"image\":{\"@id\":\"https:\\\/\\\/aldiachaco.com.ar\\\/#\\\/schema\\\/logo\\\/image\\\/\"}},{\"@type\":\"Person\",\"@id\":\"https:\\\/\\\/aldiachaco.com.ar\\\/#\\\/schema\\\/person\\\/b24e975af8022082f5889a7a7299e962\",\"name\":\"RedaccionRM\",\"image\":{\"@type\":\"ImageObject\",\"inLanguage\":\"es-AR\",\"@id\":\"https:\\\/\\\/aldiachaco.com.ar\\\/wp-content\\\/litespeed\\\/avatar\\\/a30118fcb7a6295303f1c91164c6aba1.jpg?ver=1777339088\",\"url\":\"https:\\\/\\\/aldiachaco.com.ar\\\/wp-content\\\/litespeed\\\/avatar\\\/a30118fcb7a6295303f1c91164c6aba1.jpg?ver=1777339088\",\"contentUrl\":\"https:\\\/\\\/aldiachaco.com.ar\\\/wp-content\\\/litespeed\\\/avatar\\\/a30118fcb7a6295303f1c91164c6aba1.jpg?ver=1777339088\",\"caption\":\"RedaccionRM\"},\"url\":\"https:\\\/\\\/aldiachaco.com.ar\\\/index.php\\\/author\\\/redaccionrm\\\/\"}]}<\/script>\n<!-- \/ Yoast SEO plugin. -->","yoast_head_json":{"title":"Faltazo del titular del Insssep a la interpelaci\u00f3n | Al Dia Chaco","robots":{"index":"index","follow":"follow","max-snippet":"max-snippet:-1","max-image-preview":"max-image-preview:large","max-video-preview":"max-video-preview:-1"},"canonical":"https:\/\/aldiachaco.com.ar\/index.php\/2026\/04\/29\/faltazo-del-titular-del-insssep-a-la-interpelacion\/","og_locale":"es_ES","og_type":"article","og_title":"Faltazo del titular del Insssep a la interpelaci\u00f3n | Al Dia Chaco","og_description":"Este mi\u00e9rcoles estaba prevista la interpelaci\u00f3n del presidente del Insssep, Rafael Meneses, en la Legislatura provincial, pero los diputados del oficialismo la bloquearon abandonando el recinto. De todos modos, el funcionario no se present\u00f3. &nbsp; &#8220;Vimos movimientos extra\u00f1os durante toda la ma\u00f1ana, y cuando lleg\u00f3 el momento de citar al funcionario, los legisladores radicales se &hellip;","og_url":"https:\/\/aldiachaco.com.ar\/index.php\/2026\/04\/29\/faltazo-del-titular-del-insssep-a-la-interpelacion\/","og_site_name":"Al Dia Chaco","article_published_time":"2026-04-29T17:32:04+00:00","og_image":[{"width":987,"height":1064,"url":"https:\/\/aldiachaco.com.ar\/wp-content\/uploads\/2026\/04\/IMG-20260429-WA0068.jpg","type":"image\/jpeg"}],"author":"RedaccionRM","twitter_card":"summary_large_image","twitter_misc":{"Escrito por":"RedaccionRM","Tiempo de lectura":"2 minutos"},"schema":{"@context":"https:\/\/schema.org","@graph":[{"@type":"Article","@id":"https:\/\/aldiachaco.com.ar\/index.php\/2026\/04\/29\/faltazo-del-titular-del-insssep-a-la-interpelacion\/#article","isPartOf":{"@id":"https:\/\/aldiachaco.com.ar\/index.php\/2026\/04\/29\/faltazo-del-titular-del-insssep-a-la-interpelacion\/"},"author":{"name":"RedaccionRM","@id":"https:\/\/aldiachaco.com.ar\/#\/schema\/person\/b24e975af8022082f5889a7a7299e962"},"headline":"Faltazo del titular del Insssep a la interpelaci\u00f3n","datePublished":"2026-04-29T17:32:04+00:00","mainEntityOfPage":{"@id":"https:\/\/aldiachaco.com.ar\/index.php\/2026\/04\/29\/faltazo-del-titular-del-insssep-a-la-interpelacion\/"},"wordCount":276,"commentCount":0,"publisher":{"@id":"https:\/\/aldiachaco.com.ar\/#organization"},"image":{"@id":"https:\/\/aldiachaco.com.ar\/index.php\/2026\/04\/29\/faltazo-del-titular-del-insssep-a-la-interpelacion\/#primaryimage"},"thumbnailUrl":"https:\/\/aldiachaco.com.ar\/wp-content\/uploads\/2026\/04\/IMG-20260429-WA0068.jpg","articleSection":["Pol\u00edtica"],"inLanguage":"es-AR","potentialAction":[{"@type":"CommentAction","name":"Comment","target":["https:\/\/aldiachaco.com.ar\/index.php\/2026\/04\/29\/faltazo-del-titular-del-insssep-a-la-interpelacion\/#respond"]}]},{"@type":"WebPage","@id":"https:\/\/aldiachaco.com.ar\/index.php\/2026\/04\/29\/faltazo-del-titular-del-insssep-a-la-interpelacion\/","url":"https:\/\/aldiachaco.com.ar\/index.php\/2026\/04\/29\/faltazo-del-titular-del-insssep-a-la-interpelacion\/","name":"Faltazo del titular del Insssep a la interpelaci\u00f3n | Al Dia Chaco","isPartOf":{"@id":"https:\/\/aldiachaco.com.ar\/#website"},"primaryImageOfPage":{"@id":"https:\/\/aldiachaco.com.ar\/index.php\/2026\/04\/29\/faltazo-del-titular-del-insssep-a-la-interpelacion\/#primaryimage"},"image":{"@id":"https:\/\/aldiachaco.com.ar\/index.php\/2026\/04\/29\/faltazo-del-titular-del-insssep-a-la-interpelacion\/#primaryimage"},"thumbnailUrl":"https:\/\/aldiachaco.com.ar\/wp-content\/uploads\/2026\/04\/IMG-20260429-WA0068.jpg","datePublished":"2026-04-29T17:32:04+00:00","breadcrumb":{"@id":"https:\/\/aldiachaco.com.ar\/index.php\/2026\/04\/29\/faltazo-del-titular-del-insssep-a-la-interpelacion\/#breadcrumb"},"inLanguage":"es-AR","potentialAction":[{"@type":"ReadAction","target":["https:\/\/aldiachaco.com.ar\/index.php\/2026\/04\/29\/faltazo-del-titular-del-insssep-a-la-interpelacion\/"]}]},{"@type":"ImageObject","inLanguage":"es-AR","@id":"https:\/\/aldiachaco.com.ar\/index.php\/2026\/04\/29\/faltazo-del-titular-del-insssep-a-la-interpelacion\/#primaryimage","url":"https:\/\/aldiachaco.com.ar\/wp-content\/uploads\/2026\/04\/IMG-20260429-WA0068.jpg","contentUrl":"https:\/\/aldiachaco.com.ar\/wp-content\/uploads\/2026\/04\/IMG-20260429-WA0068.jpg","width":987,"height":1064},{"@type":"BreadcrumbList","@id":"https:\/\/aldiachaco.com.ar\/index.php\/2026\/04\/29\/faltazo-del-titular-del-insssep-a-la-interpelacion\/#breadcrumb","itemListElement":[{"@type":"ListItem","position":1,"name":"Home","item":"https:\/\/aldiachaco.com.ar\/"},{"@type":"ListItem","position":2,"name":"Faltazo del titular del Insssep a la interpelaci\u00f3n"}]},{"@type":"WebSite","@id":"https:\/\/aldiachaco.com.ar\/#website","url":"https:\/\/aldiachaco.com.ar\/","name":"Al Dia Chaco","description":"Noticias del Chaco y el mundo","publisher":{"@id":"https:\/\/aldiachaco.com.ar\/#organization"},"alternateName":"Al D\u00eda Chaco","potentialAction":[{"@type":"SearchAction","target":{"@type":"EntryPoint","urlTemplate":"https:\/\/aldiachaco.com.ar\/?s={search_term_string}"},"query-input":{"@type":"PropertyValueSpecification","valueRequired":true,"valueName":"search_term_string"}}],"inLanguage":"es-AR"},{"@type":"Organization","@id":"https:\/\/aldiachaco.com.ar\/#organization","name":"Al Dia Chaco","url":"https:\/\/aldiachaco.com.ar\/","logo":{"@type":"ImageObject","inLanguage":"es-AR","@id":"https:\/\/aldiachaco.com.ar\/#\/schema\/logo\/image\/","url":"https:\/\/aldiachaco.com.ar\/wp-content\/uploads\/2017\/11\/AL-DIA-CHACO-L@2x.png","contentUrl":"https:\/\/aldiachaco.com.ar\/wp-content\/uploads\/2017\/11\/AL-DIA-CHACO-L@2x.png","width":232,"height":60,"caption":"Al Dia Chaco"},"image":{"@id":"https:\/\/aldiachaco.com.ar\/#\/schema\/logo\/image\/"}},{"@type":"Person","@id":"https:\/\/aldiachaco.com.ar\/#\/schema\/person\/b24e975af8022082f5889a7a7299e962","name":"RedaccionRM","image":{"@type":"ImageObject","inLanguage":"es-AR","@id":"https:\/\/aldiachaco.com.ar\/wp-content\/litespeed\/avatar\/a30118fcb7a6295303f1c91164c6aba1.jpg?ver=1777339088","url":"https:\/\/aldiachaco.com.ar\/wp-content\/litespeed\/avatar\/a30118fcb7a6295303f1c91164c6aba1.jpg?ver=1777339088","contentUrl":"https:\/\/aldiachaco.com.ar\/wp-content\/litespeed\/avatar\/a30118fcb7a6295303f1c91164c6aba1.jpg?ver=1777339088","caption":"RedaccionRM"},"url":"https:\/\/aldiachaco.com.ar\/index.php\/author\/redaccionrm\/"}]}},"jetpack_publicize_connections":[],"jetpack_featured_media_url":"https:\/\/aldiachaco.com.ar\/wp-content\/uploads\/2026\/04\/IMG-20260429-WA0068.jpg","jetpack_sharing_enabled":true,"amp_enabled":true,"_links":{"self":[{"href":"https:\/\/aldiachaco.com.ar\/index.php\/wp-json\/wp\/v2\/posts\/118323","targetHints":{"allow":["GET"]}}],"collection":[{"href":"https:\/\/aldiachaco.com.ar\/index.php\/wp-json\/wp\/v2\/posts"}],"about":[{"href":"https:\/\/aldiachaco.com.ar\/index.php\/wp-json\/wp\/v2\/types\/post"}],"author":[{"embeddable":true,"href":"https:\/\/aldiachaco.com.ar\/index.php\/wp-json\/wp\/v2\/users\/9"}],"replies":[{"embeddable":true,"href":"https:\/\/aldiachaco.com.ar\/index.php\/wp-json\/wp\/v2\/comments?post=118323"}],"version-history":[{"count":1,"href":"https:\/\/aldiachaco.com.ar\/index.php\/wp-json\/wp\/v2\/posts\/118323\/revisions"}],"predecessor-version":[{"id":118325,"href":"https:\/\/aldiachaco.com.ar\/index.php\/wp-json\/wp\/v2\/posts\/118323\/revisions\/118325"}],"wp:featuredmedia":[{"embeddable":true,"href":"https:\/\/aldiachaco.com.ar\/index.php\/wp-json\/wp\/v2\/media\/118324"}],"wp:attachment":[{"href":"https:\/\/aldiachaco.com.ar\/index.php\/wp-json\/wp\/v2\/media?parent=118323"}],"wp:term":[{"taxonomy":"category","embeddable":true,"href":"https:\/\/aldiachaco.com.ar\/index.php\/wp-json\/wp\/v2\/categories?post=118323"},{"taxonomy":"post_tag","embeddable":true,"href":"https:\/\/aldiachaco.com.ar\/index.php\/wp-json\/wp\/v2\/tags?post=118323"}],"curies":[{"name":"wp","href":"https:\/\/api.w.org\/{rel}","templated":true}]}}