{"id":118320,"date":"2026-04-29T10:43:40","date_gmt":"2026-04-29T13:43:40","guid":{"rendered":"https:\/\/aldiachaco.com.ar\/?p=118320"},"modified":"2026-04-29T10:43:40","modified_gmt":"2026-04-29T13:43:40","slug":"tras-el-escandalo-de-la-falsa-medica-apartan-al-director-de-la-region-sanitaria-ii","status":"publish","type":"post","link":"https:\/\/aldiachaco.com.ar\/index.php\/2026\/04\/29\/tras-el-escandalo-de-la-falsa-medica-apartan-al-director-de-la-region-sanitaria-ii\/","title":{"rendered":"Tras el esc\u00e1ndalo de la falsa m\u00e9dica, apartan al director de la Regi\u00f3n Sanitaria II"},"content":{"rendered":"<p>En medio del esc\u00e1ndalo por la falsa m\u00e9dica que ejerc\u00eda en hospitales de Quitilipi y Presidencia de la Plaza, el Gobierno provincial resolvi\u00f3 dejar sin efecto la designaci\u00f3n de Orlando Di N\u00f3bila al frente de la Direcci\u00f3n de Regi\u00f3n Sanitaria N\u00b0 2 \u2013 Centro Chaque\u00f1a. La medida se oficializ\u00f3 a partir del 29 de abril de 2026 mediante una resoluci\u00f3n del Ministerio de Salud.<\/p>\n<p>&nbsp;<\/p>\n<p>La decisi\u00f3n se enmarca en los hechos que generaron fuerte repercusi\u00f3n en el sistema de salud provincial, tras detectarse que una mujer se hac\u00eda pasar por m\u00e9dica profesional, realizando indicaciones, derivaciones y hasta firmando certificados de defunci\u00f3n.<\/p>\n<p>&nbsp;<\/p>\n<p>De acuerdo al documento, en reemplazo fue designado David Oscar Pagano, quien asumir\u00e1 el cargo con car\u00e1cter transitorio. La normativa aclara que el nuevo director continuar\u00e1 adem\u00e1s desempe\u00f1ando funciones en la Direcci\u00f3n General de Regiones Sanitarias. Este cambio apunta a garantizar la continuidad operativa del \u00e1rea.<\/p>\n<p>&nbsp;<\/p>\n<p>El desplazamiento se produce tras la pol\u00e9mica generada por el caso de la falsa profesional, que dej\u00f3 al descubierto irregularidades en los controles sanitarios. Si bien no se detallaron responsabilidades directas en la resoluci\u00f3n, la medida busca reordenar la estructura del sistema. El caso contin\u00faa bajo an\u00e1lisis y se esperan nuevas definiciones en los pr\u00f3ximos d\u00edas.<\/p>\n<p>&nbsp;<\/p>\n","protected":false},"excerpt":{"rendered":"<p>En medio del esc\u00e1ndalo por la falsa m\u00e9dica que ejerc\u00eda en hospitales de Quitilipi y Presidencia de la Plaza, el Gobierno provincial resolvi\u00f3 dejar sin efecto la designaci\u00f3n de Orlando Di N\u00f3bila al frente de la Direcci\u00f3n de Regi\u00f3n Sanitaria N\u00b0 2 \u2013 Centro Chaque\u00f1a. La medida se oficializ\u00f3 a partir del 29 de abril &hellip;<\/p>\n","protected":false},"author":9,"featured_media":118321,"comment_status":"open","ping_status":"open","sticky":false,"template":"","format":"standard","meta":{"content-type":"","_monsterinsights_skip_tracking":false,"_monsterinsights_sitenote_active":false,"_monsterinsights_sitenote_note":"","_monsterinsights_sitenote_category":0,"_jetpack_memberships_contains_paid_content":false,"footnotes":"","jetpack_publicize_message":"","jetpack_publicize_feature_enabled":true,"jetpack_social_post_already_shared":true,"jetpack_social_options":{"image_generator_settings":{"template":"highway","default_image_id":0,"font":"","enabled":false},"version":2}},"categories":[70],"tags":[],"class_list":["post-118320","post","type-post","status-publish","format-standard","has-post-thumbnail","hentry","category-salud"],"yoast_head":"<!-- This site is optimized with the Yoast SEO plugin v27.4 - https:\/\/yoast.com\/product\/yoast-seo-wordpress\/ -->\n<title>Tras el esc\u00e1ndalo de la falsa m\u00e9dica, apartan al director de la Regi\u00f3n Sanitaria II | Al Dia Chaco<\/title>\n<meta name=\"robots\" content=\"index, follow, max-snippet:-1, max-image-preview:large, max-video-preview:-1\" \/>\n<link rel=\"canonical\" href=\"https:\/\/aldiachaco.com.ar\/index.php\/2026\/04\/29\/tras-el-escandalo-de-la-falsa-medica-apartan-al-director-de-la-region-sanitaria-ii\/\" \/>\n<meta property=\"og:locale\" content=\"es_ES\" \/>\n<meta property=\"og:type\" content=\"article\" \/>\n<meta property=\"og:title\" content=\"Tras el esc\u00e1ndalo de la falsa m\u00e9dica, apartan al director de la Regi\u00f3n Sanitaria II | Al Dia Chaco\" \/>\n<meta property=\"og:description\" content=\"En medio del esc\u00e1ndalo por la falsa m\u00e9dica que ejerc\u00eda en hospitales de Quitilipi y Presidencia de la Plaza, el Gobierno provincial resolvi\u00f3 dejar sin efecto la designaci\u00f3n de Orlando Di N\u00f3bila al frente de la Direcci\u00f3n de Regi\u00f3n Sanitaria N\u00b0 2 \u2013 Centro Chaque\u00f1a. La medida se oficializ\u00f3 a partir del 29 de abril &hellip;\" \/>\n<meta property=\"og:url\" content=\"https:\/\/aldiachaco.com.ar\/index.php\/2026\/04\/29\/tras-el-escandalo-de-la-falsa-medica-apartan-al-director-de-la-region-sanitaria-ii\/\" \/>\n<meta property=\"og:site_name\" content=\"Al Dia Chaco\" \/>\n<meta property=\"article:published_time\" content=\"2026-04-29T13:43:40+00:00\" \/>\n<meta property=\"og:image\" content=\"https:\/\/aldiachaco.com.ar\/wp-content\/uploads\/2026\/04\/Screenshot_20260429_104144_Gallery.jpg\" \/>\n\t<meta property=\"og:image:width\" content=\"1080\" \/>\n\t<meta property=\"og:image:height\" content=\"1087\" \/>\n\t<meta property=\"og:image:type\" content=\"image\/jpeg\" \/>\n<meta name=\"author\" content=\"RedaccionRM\" \/>\n<meta name=\"twitter:card\" content=\"summary_large_image\" \/>\n<meta name=\"twitter:label1\" content=\"Escrito por\" \/>\n\t<meta name=\"twitter:data1\" content=\"RedaccionRM\" \/>\n\t<meta name=\"twitter:label2\" content=\"Tiempo de lectura\" \/>\n\t<meta name=\"twitter:data2\" content=\"2 minutos\" \/>\n<script type=\"application\/ld+json\" class=\"yoast-schema-graph\">{\"@context\":\"https:\\\/\\\/schema.org\",\"@graph\":[{\"@type\":\"Article\",\"@id\":\"https:\\\/\\\/aldiachaco.com.ar\\\/index.php\\\/2026\\\/04\\\/29\\\/tras-el-escandalo-de-la-falsa-medica-apartan-al-director-de-la-region-sanitaria-ii\\\/#article\",\"isPartOf\":{\"@id\":\"https:\\\/\\\/aldiachaco.com.ar\\\/index.php\\\/2026\\\/04\\\/29\\\/tras-el-escandalo-de-la-falsa-medica-apartan-al-director-de-la-region-sanitaria-ii\\\/\"},\"author\":{\"name\":\"RedaccionRM\",\"@id\":\"https:\\\/\\\/aldiachaco.com.ar\\\/#\\\/schema\\\/person\\\/b24e975af8022082f5889a7a7299e962\"},\"headline\":\"Tras el esc\u00e1ndalo de la falsa m\u00e9dica, apartan al director de la Regi\u00f3n Sanitaria II\",\"datePublished\":\"2026-04-29T13:43:40+00:00\",\"mainEntityOfPage\":{\"@id\":\"https:\\\/\\\/aldiachaco.com.ar\\\/index.php\\\/2026\\\/04\\\/29\\\/tras-el-escandalo-de-la-falsa-medica-apartan-al-director-de-la-region-sanitaria-ii\\\/\"},\"wordCount\":245,\"commentCount\":0,\"publisher\":{\"@id\":\"https:\\\/\\\/aldiachaco.com.ar\\\/#organization\"},\"image\":{\"@id\":\"https:\\\/\\\/aldiachaco.com.ar\\\/index.php\\\/2026\\\/04\\\/29\\\/tras-el-escandalo-de-la-falsa-medica-apartan-al-director-de-la-region-sanitaria-ii\\\/#primaryimage\"},\"thumbnailUrl\":\"https:\\\/\\\/aldiachaco.com.ar\\\/wp-content\\\/uploads\\\/2026\\\/04\\\/Screenshot_20260429_104144_Gallery.jpg\",\"articleSection\":[\"Salud\"],\"inLanguage\":\"es-AR\",\"potentialAction\":[{\"@type\":\"CommentAction\",\"name\":\"Comment\",\"target\":[\"https:\\\/\\\/aldiachaco.com.ar\\\/index.php\\\/2026\\\/04\\\/29\\\/tras-el-escandalo-de-la-falsa-medica-apartan-al-director-de-la-region-sanitaria-ii\\\/#respond\"]}]},{\"@type\":\"WebPage\",\"@id\":\"https:\\\/\\\/aldiachaco.com.ar\\\/index.php\\\/2026\\\/04\\\/29\\\/tras-el-escandalo-de-la-falsa-medica-apartan-al-director-de-la-region-sanitaria-ii\\\/\",\"url\":\"https:\\\/\\\/aldiachaco.com.ar\\\/index.php\\\/2026\\\/04\\\/29\\\/tras-el-escandalo-de-la-falsa-medica-apartan-al-director-de-la-region-sanitaria-ii\\\/\",\"name\":\"Tras el esc\u00e1ndalo de la falsa m\u00e9dica, apartan al director de la Regi\u00f3n Sanitaria II | Al Dia Chaco\",\"isPartOf\":{\"@id\":\"https:\\\/\\\/aldiachaco.com.ar\\\/#website\"},\"primaryImageOfPage\":{\"@id\":\"https:\\\/\\\/aldiachaco.com.ar\\\/index.php\\\/2026\\\/04\\\/29\\\/tras-el-escandalo-de-la-falsa-medica-apartan-al-director-de-la-region-sanitaria-ii\\\/#primaryimage\"},\"image\":{\"@id\":\"https:\\\/\\\/aldiachaco.com.ar\\\/index.php\\\/2026\\\/04\\\/29\\\/tras-el-escandalo-de-la-falsa-medica-apartan-al-director-de-la-region-sanitaria-ii\\\/#primaryimage\"},\"thumbnailUrl\":\"https:\\\/\\\/aldiachaco.com.ar\\\/wp-content\\\/uploads\\\/2026\\\/04\\\/Screenshot_20260429_104144_Gallery.jpg\",\"datePublished\":\"2026-04-29T13:43:40+00:00\",\"breadcrumb\":{\"@id\":\"https:\\\/\\\/aldiachaco.com.ar\\\/index.php\\\/2026\\\/04\\\/29\\\/tras-el-escandalo-de-la-falsa-medica-apartan-al-director-de-la-region-sanitaria-ii\\\/#breadcrumb\"},\"inLanguage\":\"es-AR\",\"potentialAction\":[{\"@type\":\"ReadAction\",\"target\":[\"https:\\\/\\\/aldiachaco.com.ar\\\/index.php\\\/2026\\\/04\\\/29\\\/tras-el-escandalo-de-la-falsa-medica-apartan-al-director-de-la-region-sanitaria-ii\\\/\"]}]},{\"@type\":\"ImageObject\",\"inLanguage\":\"es-AR\",\"@id\":\"https:\\\/\\\/aldiachaco.com.ar\\\/index.php\\\/2026\\\/04\\\/29\\\/tras-el-escandalo-de-la-falsa-medica-apartan-al-director-de-la-region-sanitaria-ii\\\/#primaryimage\",\"url\":\"https:\\\/\\\/aldiachaco.com.ar\\\/wp-content\\\/uploads\\\/2026\\\/04\\\/Screenshot_20260429_104144_Gallery.jpg\",\"contentUrl\":\"https:\\\/\\\/aldiachaco.com.ar\\\/wp-content\\\/uploads\\\/2026\\\/04\\\/Screenshot_20260429_104144_Gallery.jpg\",\"width\":1080,\"height\":1087},{\"@type\":\"BreadcrumbList\",\"@id\":\"https:\\\/\\\/aldiachaco.com.ar\\\/index.php\\\/2026\\\/04\\\/29\\\/tras-el-escandalo-de-la-falsa-medica-apartan-al-director-de-la-region-sanitaria-ii\\\/#breadcrumb\",\"itemListElement\":[{\"@type\":\"ListItem\",\"position\":1,\"name\":\"Home\",\"item\":\"https:\\\/\\\/aldiachaco.com.ar\\\/\"},{\"@type\":\"ListItem\",\"position\":2,\"name\":\"Tras el esc\u00e1ndalo de la falsa m\u00e9dica, apartan al director de la Regi\u00f3n Sanitaria II\"}]},{\"@type\":\"WebSite\",\"@id\":\"https:\\\/\\\/aldiachaco.com.ar\\\/#website\",\"url\":\"https:\\\/\\\/aldiachaco.com.ar\\\/\",\"name\":\"Al Dia Chaco\",\"description\":\"Noticias del Chaco y el mundo\",\"publisher\":{\"@id\":\"https:\\\/\\\/aldiachaco.com.ar\\\/#organization\"},\"alternateName\":\"Al D\u00eda Chaco\",\"potentialAction\":[{\"@type\":\"SearchAction\",\"target\":{\"@type\":\"EntryPoint\",\"urlTemplate\":\"https:\\\/\\\/aldiachaco.com.ar\\\/?s={search_term_string}\"},\"query-input\":{\"@type\":\"PropertyValueSpecification\",\"valueRequired\":true,\"valueName\":\"search_term_string\"}}],\"inLanguage\":\"es-AR\"},{\"@type\":\"Organization\",\"@id\":\"https:\\\/\\\/aldiachaco.com.ar\\\/#organization\",\"name\":\"Al Dia Chaco\",\"url\":\"https:\\\/\\\/aldiachaco.com.ar\\\/\",\"logo\":{\"@type\":\"ImageObject\",\"inLanguage\":\"es-AR\",\"@id\":\"https:\\\/\\\/aldiachaco.com.ar\\\/#\\\/schema\\\/logo\\\/image\\\/\",\"url\":\"https:\\\/\\\/aldiachaco.com.ar\\\/wp-content\\\/uploads\\\/2017\\\/11\\\/AL-DIA-CHACO-L@2x.png\",\"contentUrl\":\"https:\\\/\\\/aldiachaco.com.ar\\\/wp-content\\\/uploads\\\/2017\\\/11\\\/AL-DIA-CHACO-L@2x.png\",\"width\":232,\"height\":60,\"caption\":\"Al Dia Chaco\"},\"image\":{\"@id\":\"https:\\\/\\\/aldiachaco.com.ar\\\/#\\\/schema\\\/logo\\\/image\\\/\"}},{\"@type\":\"Person\",\"@id\":\"https:\\\/\\\/aldiachaco.com.ar\\\/#\\\/schema\\\/person\\\/b24e975af8022082f5889a7a7299e962\",\"name\":\"RedaccionRM\",\"image\":{\"@type\":\"ImageObject\",\"inLanguage\":\"es-AR\",\"@id\":\"https:\\\/\\\/aldiachaco.com.ar\\\/wp-content\\\/litespeed\\\/avatar\\\/a30118fcb7a6295303f1c91164c6aba1.jpg?ver=1777339088\",\"url\":\"https:\\\/\\\/aldiachaco.com.ar\\\/wp-content\\\/litespeed\\\/avatar\\\/a30118fcb7a6295303f1c91164c6aba1.jpg?ver=1777339088\",\"contentUrl\":\"https:\\\/\\\/aldiachaco.com.ar\\\/wp-content\\\/litespeed\\\/avatar\\\/a30118fcb7a6295303f1c91164c6aba1.jpg?ver=1777339088\",\"caption\":\"RedaccionRM\"},\"url\":\"https:\\\/\\\/aldiachaco.com.ar\\\/index.php\\\/author\\\/redaccionrm\\\/\"}]}<\/script>\n<!-- \/ Yoast SEO plugin. -->","yoast_head_json":{"title":"Tras el esc\u00e1ndalo de la falsa m\u00e9dica, apartan al director de la Regi\u00f3n Sanitaria II | Al Dia Chaco","robots":{"index":"index","follow":"follow","max-snippet":"max-snippet:-1","max-image-preview":"max-image-preview:large","max-video-preview":"max-video-preview:-1"},"canonical":"https:\/\/aldiachaco.com.ar\/index.php\/2026\/04\/29\/tras-el-escandalo-de-la-falsa-medica-apartan-al-director-de-la-region-sanitaria-ii\/","og_locale":"es_ES","og_type":"article","og_title":"Tras el esc\u00e1ndalo de la falsa m\u00e9dica, apartan al director de la Regi\u00f3n Sanitaria II | Al Dia Chaco","og_description":"En medio del esc\u00e1ndalo por la falsa m\u00e9dica que ejerc\u00eda en hospitales de Quitilipi y Presidencia de la Plaza, el Gobierno provincial resolvi\u00f3 dejar sin efecto la designaci\u00f3n de Orlando Di N\u00f3bila al frente de la Direcci\u00f3n de Regi\u00f3n Sanitaria N\u00b0 2 \u2013 Centro Chaque\u00f1a. La medida se oficializ\u00f3 a partir del 29 de abril &hellip;","og_url":"https:\/\/aldiachaco.com.ar\/index.php\/2026\/04\/29\/tras-el-escandalo-de-la-falsa-medica-apartan-al-director-de-la-region-sanitaria-ii\/","og_site_name":"Al Dia Chaco","article_published_time":"2026-04-29T13:43:40+00:00","og_image":[{"width":1080,"height":1087,"url":"https:\/\/aldiachaco.com.ar\/wp-content\/uploads\/2026\/04\/Screenshot_20260429_104144_Gallery.jpg","type":"image\/jpeg"}],"author":"RedaccionRM","twitter_card":"summary_large_image","twitter_misc":{"Escrito por":"RedaccionRM","Tiempo de lectura":"2 minutos"},"schema":{"@context":"https:\/\/schema.org","@graph":[{"@type":"Article","@id":"https:\/\/aldiachaco.com.ar\/index.php\/2026\/04\/29\/tras-el-escandalo-de-la-falsa-medica-apartan-al-director-de-la-region-sanitaria-ii\/#article","isPartOf":{"@id":"https:\/\/aldiachaco.com.ar\/index.php\/2026\/04\/29\/tras-el-escandalo-de-la-falsa-medica-apartan-al-director-de-la-region-sanitaria-ii\/"},"author":{"name":"RedaccionRM","@id":"https:\/\/aldiachaco.com.ar\/#\/schema\/person\/b24e975af8022082f5889a7a7299e962"},"headline":"Tras el esc\u00e1ndalo de la falsa m\u00e9dica, apartan al director de la Regi\u00f3n Sanitaria II","datePublished":"2026-04-29T13:43:40+00:00","mainEntityOfPage":{"@id":"https:\/\/aldiachaco.com.ar\/index.php\/2026\/04\/29\/tras-el-escandalo-de-la-falsa-medica-apartan-al-director-de-la-region-sanitaria-ii\/"},"wordCount":245,"commentCount":0,"publisher":{"@id":"https:\/\/aldiachaco.com.ar\/#organization"},"image":{"@id":"https:\/\/aldiachaco.com.ar\/index.php\/2026\/04\/29\/tras-el-escandalo-de-la-falsa-medica-apartan-al-director-de-la-region-sanitaria-ii\/#primaryimage"},"thumbnailUrl":"https:\/\/aldiachaco.com.ar\/wp-content\/uploads\/2026\/04\/Screenshot_20260429_104144_Gallery.jpg","articleSection":["Salud"],"inLanguage":"es-AR","potentialAction":[{"@type":"CommentAction","name":"Comment","target":["https:\/\/aldiachaco.com.ar\/index.php\/2026\/04\/29\/tras-el-escandalo-de-la-falsa-medica-apartan-al-director-de-la-region-sanitaria-ii\/#respond"]}]},{"@type":"WebPage","@id":"https:\/\/aldiachaco.com.ar\/index.php\/2026\/04\/29\/tras-el-escandalo-de-la-falsa-medica-apartan-al-director-de-la-region-sanitaria-ii\/","url":"https:\/\/aldiachaco.com.ar\/index.php\/2026\/04\/29\/tras-el-escandalo-de-la-falsa-medica-apartan-al-director-de-la-region-sanitaria-ii\/","name":"Tras el esc\u00e1ndalo de la falsa m\u00e9dica, apartan al director de la Regi\u00f3n Sanitaria II | Al Dia Chaco","isPartOf":{"@id":"https:\/\/aldiachaco.com.ar\/#website"},"primaryImageOfPage":{"@id":"https:\/\/aldiachaco.com.ar\/index.php\/2026\/04\/29\/tras-el-escandalo-de-la-falsa-medica-apartan-al-director-de-la-region-sanitaria-ii\/#primaryimage"},"image":{"@id":"https:\/\/aldiachaco.com.ar\/index.php\/2026\/04\/29\/tras-el-escandalo-de-la-falsa-medica-apartan-al-director-de-la-region-sanitaria-ii\/#primaryimage"},"thumbnailUrl":"https:\/\/aldiachaco.com.ar\/wp-content\/uploads\/2026\/04\/Screenshot_20260429_104144_Gallery.jpg","datePublished":"2026-04-29T13:43:40+00:00","breadcrumb":{"@id":"https:\/\/aldiachaco.com.ar\/index.php\/2026\/04\/29\/tras-el-escandalo-de-la-falsa-medica-apartan-al-director-de-la-region-sanitaria-ii\/#breadcrumb"},"inLanguage":"es-AR","potentialAction":[{"@type":"ReadAction","target":["https:\/\/aldiachaco.com.ar\/index.php\/2026\/04\/29\/tras-el-escandalo-de-la-falsa-medica-apartan-al-director-de-la-region-sanitaria-ii\/"]}]},{"@type":"ImageObject","inLanguage":"es-AR","@id":"https:\/\/aldiachaco.com.ar\/index.php\/2026\/04\/29\/tras-el-escandalo-de-la-falsa-medica-apartan-al-director-de-la-region-sanitaria-ii\/#primaryimage","url":"https:\/\/aldiachaco.com.ar\/wp-content\/uploads\/2026\/04\/Screenshot_20260429_104144_Gallery.jpg","contentUrl":"https:\/\/aldiachaco.com.ar\/wp-content\/uploads\/2026\/04\/Screenshot_20260429_104144_Gallery.jpg","width":1080,"height":1087},{"@type":"BreadcrumbList","@id":"https:\/\/aldiachaco.com.ar\/index.php\/2026\/04\/29\/tras-el-escandalo-de-la-falsa-medica-apartan-al-director-de-la-region-sanitaria-ii\/#breadcrumb","itemListElement":[{"@type":"ListItem","position":1,"name":"Home","item":"https:\/\/aldiachaco.com.ar\/"},{"@type":"ListItem","position":2,"name":"Tras el esc\u00e1ndalo de la falsa m\u00e9dica, apartan al director de la Regi\u00f3n Sanitaria II"}]},{"@type":"WebSite","@id":"https:\/\/aldiachaco.com.ar\/#website","url":"https:\/\/aldiachaco.com.ar\/","name":"Al Dia Chaco","description":"Noticias del Chaco y el mundo","publisher":{"@id":"https:\/\/aldiachaco.com.ar\/#organization"},"alternateName":"Al D\u00eda Chaco","potentialAction":[{"@type":"SearchAction","target":{"@type":"EntryPoint","urlTemplate":"https:\/\/aldiachaco.com.ar\/?s={search_term_string}"},"query-input":{"@type":"PropertyValueSpecification","valueRequired":true,"valueName":"search_term_string"}}],"inLanguage":"es-AR"},{"@type":"Organization","@id":"https:\/\/aldiachaco.com.ar\/#organization","name":"Al Dia Chaco","url":"https:\/\/aldiachaco.com.ar\/","logo":{"@type":"ImageObject","inLanguage":"es-AR","@id":"https:\/\/aldiachaco.com.ar\/#\/schema\/logo\/image\/","url":"https:\/\/aldiachaco.com.ar\/wp-content\/uploads\/2017\/11\/AL-DIA-CHACO-L@2x.png","contentUrl":"https:\/\/aldiachaco.com.ar\/wp-content\/uploads\/2017\/11\/AL-DIA-CHACO-L@2x.png","width":232,"height":60,"caption":"Al Dia Chaco"},"image":{"@id":"https:\/\/aldiachaco.com.ar\/#\/schema\/logo\/image\/"}},{"@type":"Person","@id":"https:\/\/aldiachaco.com.ar\/#\/schema\/person\/b24e975af8022082f5889a7a7299e962","name":"RedaccionRM","image":{"@type":"ImageObject","inLanguage":"es-AR","@id":"https:\/\/aldiachaco.com.ar\/wp-content\/litespeed\/avatar\/a30118fcb7a6295303f1c91164c6aba1.jpg?ver=1777339088","url":"https:\/\/aldiachaco.com.ar\/wp-content\/litespeed\/avatar\/a30118fcb7a6295303f1c91164c6aba1.jpg?ver=1777339088","contentUrl":"https:\/\/aldiachaco.com.ar\/wp-content\/litespeed\/avatar\/a30118fcb7a6295303f1c91164c6aba1.jpg?ver=1777339088","caption":"RedaccionRM"},"url":"https:\/\/aldiachaco.com.ar\/index.php\/author\/redaccionrm\/"}]}},"jetpack_publicize_connections":[],"jetpack_featured_media_url":"https:\/\/aldiachaco.com.ar\/wp-content\/uploads\/2026\/04\/Screenshot_20260429_104144_Gallery.jpg","jetpack_sharing_enabled":true,"amp_enabled":true,"_links":{"self":[{"href":"https:\/\/aldiachaco.com.ar\/index.php\/wp-json\/wp\/v2\/posts\/118320","targetHints":{"allow":["GET"]}}],"collection":[{"href":"https:\/\/aldiachaco.com.ar\/index.php\/wp-json\/wp\/v2\/posts"}],"about":[{"href":"https:\/\/aldiachaco.com.ar\/index.php\/wp-json\/wp\/v2\/types\/post"}],"author":[{"embeddable":true,"href":"https:\/\/aldiachaco.com.ar\/index.php\/wp-json\/wp\/v2\/users\/9"}],"replies":[{"embeddable":true,"href":"https:\/\/aldiachaco.com.ar\/index.php\/wp-json\/wp\/v2\/comments?post=118320"}],"version-history":[{"count":1,"href":"https:\/\/aldiachaco.com.ar\/index.php\/wp-json\/wp\/v2\/posts\/118320\/revisions"}],"predecessor-version":[{"id":118322,"href":"https:\/\/aldiachaco.com.ar\/index.php\/wp-json\/wp\/v2\/posts\/118320\/revisions\/118322"}],"wp:featuredmedia":[{"embeddable":true,"href":"https:\/\/aldiachaco.com.ar\/index.php\/wp-json\/wp\/v2\/media\/118321"}],"wp:attachment":[{"href":"https:\/\/aldiachaco.com.ar\/index.php\/wp-json\/wp\/v2\/media?parent=118320"}],"wp:term":[{"taxonomy":"category","embeddable":true,"href":"https:\/\/aldiachaco.com.ar\/index.php\/wp-json\/wp\/v2\/categories?post=118320"},{"taxonomy":"post_tag","embeddable":true,"href":"https:\/\/aldiachaco.com.ar\/index.php\/wp-json\/wp\/v2\/tags?post=118320"}],"curies":[{"name":"wp","href":"https:\/\/api.w.org\/{rel}","templated":true}]}}