{"id":118317,"date":"2026-04-29T10:17:32","date_gmt":"2026-04-29T13:17:32","guid":{"rendered":"https:\/\/aldiachaco.com.ar\/?p=118317"},"modified":"2026-04-29T10:17:32","modified_gmt":"2026-04-29T13:17:32","slug":"adorni-respondio-mas-de-2-000-preguntas-en-el-congreso","status":"publish","type":"post","link":"https:\/\/aldiachaco.com.ar\/index.php\/2026\/04\/29\/adorni-respondio-mas-de-2-000-preguntas-en-el-congreso\/","title":{"rendered":"Adorni respondi\u00f3 m\u00e1s de 2.000 preguntas en el Congreso"},"content":{"rendered":"<p>Antes de presentarse ante la C\u00e1mara de Diputados, el jefe de Gabinete, Manuel Adorni, remiti\u00f3 su informe de gesti\u00f3n con 2.151 respuestas, entre ellas las que aluden a las denuncias en su contra. El informe, que forma parte de su exposici\u00f3n de gesti\u00f3n, abord\u00f3 distintos ejes sensibles como su patrimonio, viajes personales, gastos de comitivas oficiales y su v\u00ednculo con el empresario y productor Marcelo Grand\u00edo.<\/p>\n<p>&nbsp;<\/p>\n<p>En relaci\u00f3n a su situaci\u00f3n patrimonial, Adorni indic\u00f3 que la informaci\u00f3n correspondiente se encuentra en su declaraci\u00f3n jurada p\u00fablica, mientras que los datos de su c\u00f3nyuge est\u00e1n incluidos en un anexo reservado de car\u00e1cter confidencial. Sin embargo, no figuran en el documento algunos bienes adquiridos recientemente, como un departamento en Caballito y una propiedad en un country bonaerense. Adem\u00e1s, desde el Gobierno se\u00f1alaron que a\u00fan no venci\u00f3 el plazo para presentar la declaraci\u00f3n jurada correspondiente a su nuevo cargo, lo que extendi\u00f3 el margen para la actualizaci\u00f3n de su patrimonio.<\/p>\n<p>&nbsp;<\/p>\n<p>Uno de los puntos m\u00e1s cuestionados fue el viaje a Punta del Este, sobre el cual el informe sostiene que no exist\u00eda obligaci\u00f3n de registrarlo ante la Oficina Anticorrupci\u00f3n, ya que no encuadrar\u00eda dentro de las categor\u00edas exigidas por la normativa vigente. En cuanto a los viajes presidenciales, el documento detalla 13 giras internacionales realizadas por el presidente Javier Milei entre septiembre de 2025 y marzo de 2026, con un gasto total que supera los 425 millones de pesos.<\/p>\n<p>&nbsp;<\/p>\n<p>Respecto a la relaci\u00f3n con Grand\u00edo, el Gobierno aclar\u00f3 que el empresario no fue contratado directamente por el Estado. No obstante, se reconoci\u00f3 que su productora firm\u00f3 acuerdos de coproducci\u00f3n con la Televisi\u00f3n P\u00fablica, lo que es materia de investigaci\u00f3n judicial. Tambi\u00e9n se analizaron transferencias de dinero previas a la asunci\u00f3n de Adorni como funcionario, as\u00ed como posibles v\u00ednculos empresariales de su entorno familiar.<\/p>\n<p>&nbsp;<\/p>\n<p>El documento se present\u00f3 en la previa de la exposici\u00f3n del jefe de Gabinete en el Congreso, donde deber\u00e1 responder preguntas de los distintos bloques en un clima que se anticipa tenso. Las respuestas brindadas por Adorni no lograron disipar completamente las dudas de la oposici\u00f3n, que mantiene sus cuestionamientos sobre la transparencia y el manejo de fondos en la administraci\u00f3n nacional.<\/p>\n<p>&nbsp;<\/p>\n","protected":false},"excerpt":{"rendered":"<p>Antes de presentarse ante la C\u00e1mara de Diputados, el jefe de Gabinete, Manuel Adorni, remiti\u00f3 su informe de gesti\u00f3n con 2.151 respuestas, entre ellas las que aluden a las denuncias en su contra. El informe, que forma parte de su exposici\u00f3n de gesti\u00f3n, abord\u00f3 distintos ejes sensibles como su patrimonio, viajes personales, gastos de comitivas &hellip;<\/p>\n","protected":false},"author":9,"featured_media":118318,"comment_status":"open","ping_status":"open","sticky":false,"template":"","format":"standard","meta":{"content-type":"","_monsterinsights_skip_tracking":false,"_monsterinsights_sitenote_active":false,"_monsterinsights_sitenote_note":"","_monsterinsights_sitenote_category":0,"_jetpack_memberships_contains_paid_content":false,"footnotes":"","jetpack_publicize_message":"","jetpack_publicize_feature_enabled":true,"jetpack_social_post_already_shared":true,"jetpack_social_options":{"image_generator_settings":{"template":"highway","default_image_id":0,"font":"","enabled":false},"version":2}},"categories":[94],"tags":[],"class_list":["post-118317","post","type-post","status-publish","format-standard","has-post-thumbnail","hentry","category-nacionales"],"yoast_head":"<!-- This site is optimized with the Yoast SEO plugin v27.4 - https:\/\/yoast.com\/product\/yoast-seo-wordpress\/ -->\n<title>Adorni respondi\u00f3 m\u00e1s de 2.000 preguntas en el Congreso | Al Dia Chaco<\/title>\n<meta name=\"robots\" content=\"index, follow, max-snippet:-1, max-image-preview:large, max-video-preview:-1\" \/>\n<link rel=\"canonical\" href=\"https:\/\/aldiachaco.com.ar\/index.php\/2026\/04\/29\/adorni-respondio-mas-de-2-000-preguntas-en-el-congreso\/\" \/>\n<meta property=\"og:locale\" content=\"es_ES\" \/>\n<meta property=\"og:type\" content=\"article\" \/>\n<meta property=\"og:title\" content=\"Adorni respondi\u00f3 m\u00e1s de 2.000 preguntas en el Congreso | Al Dia Chaco\" \/>\n<meta property=\"og:description\" content=\"Antes de presentarse ante la C\u00e1mara de Diputados, el jefe de Gabinete, Manuel Adorni, remiti\u00f3 su informe de gesti\u00f3n con 2.151 respuestas, entre ellas las que aluden a las denuncias en su contra. El informe, que forma parte de su exposici\u00f3n de gesti\u00f3n, abord\u00f3 distintos ejes sensibles como su patrimonio, viajes personales, gastos de comitivas &hellip;\" \/>\n<meta property=\"og:url\" content=\"https:\/\/aldiachaco.com.ar\/index.php\/2026\/04\/29\/adorni-respondio-mas-de-2-000-preguntas-en-el-congreso\/\" \/>\n<meta property=\"og:site_name\" content=\"Al Dia Chaco\" \/>\n<meta property=\"article:published_time\" content=\"2026-04-29T13:17:32+00:00\" \/>\n<meta property=\"og:image\" content=\"https:\/\/aldiachaco.com.ar\/wp-content\/uploads\/2026\/04\/662110w480h285c.jpg.webp\" \/>\n\t<meta property=\"og:image:width\" content=\"480\" \/>\n\t<meta property=\"og:image:height\" content=\"285\" \/>\n\t<meta property=\"og:image:type\" content=\"image\/webp\" \/>\n<meta name=\"author\" content=\"RedaccionRM\" \/>\n<meta name=\"twitter:card\" content=\"summary_large_image\" \/>\n<meta name=\"twitter:label1\" content=\"Escrito por\" \/>\n\t<meta name=\"twitter:data1\" content=\"RedaccionRM\" \/>\n\t<meta name=\"twitter:label2\" content=\"Tiempo de lectura\" \/>\n\t<meta name=\"twitter:data2\" content=\"2 minutos\" \/>\n<script type=\"application\/ld+json\" class=\"yoast-schema-graph\">{\"@context\":\"https:\\\/\\\/schema.org\",\"@graph\":[{\"@type\":\"Article\",\"@id\":\"https:\\\/\\\/aldiachaco.com.ar\\\/index.php\\\/2026\\\/04\\\/29\\\/adorni-respondio-mas-de-2-000-preguntas-en-el-congreso\\\/#article\",\"isPartOf\":{\"@id\":\"https:\\\/\\\/aldiachaco.com.ar\\\/index.php\\\/2026\\\/04\\\/29\\\/adorni-respondio-mas-de-2-000-preguntas-en-el-congreso\\\/\"},\"author\":{\"name\":\"RedaccionRM\",\"@id\":\"https:\\\/\\\/aldiachaco.com.ar\\\/#\\\/schema\\\/person\\\/b24e975af8022082f5889a7a7299e962\"},\"headline\":\"Adorni respondi\u00f3 m\u00e1s de 2.000 preguntas en el Congreso\",\"datePublished\":\"2026-04-29T13:17:32+00:00\",\"mainEntityOfPage\":{\"@id\":\"https:\\\/\\\/aldiachaco.com.ar\\\/index.php\\\/2026\\\/04\\\/29\\\/adorni-respondio-mas-de-2-000-preguntas-en-el-congreso\\\/\"},\"wordCount\":407,\"commentCount\":0,\"publisher\":{\"@id\":\"https:\\\/\\\/aldiachaco.com.ar\\\/#organization\"},\"image\":{\"@id\":\"https:\\\/\\\/aldiachaco.com.ar\\\/index.php\\\/2026\\\/04\\\/29\\\/adorni-respondio-mas-de-2-000-preguntas-en-el-congreso\\\/#primaryimage\"},\"thumbnailUrl\":\"https:\\\/\\\/aldiachaco.com.ar\\\/wp-content\\\/uploads\\\/2026\\\/04\\\/662110w480h285c.jpg.webp\",\"articleSection\":[\"Nacionales\"],\"inLanguage\":\"es-AR\",\"potentialAction\":[{\"@type\":\"CommentAction\",\"name\":\"Comment\",\"target\":[\"https:\\\/\\\/aldiachaco.com.ar\\\/index.php\\\/2026\\\/04\\\/29\\\/adorni-respondio-mas-de-2-000-preguntas-en-el-congreso\\\/#respond\"]}]},{\"@type\":\"WebPage\",\"@id\":\"https:\\\/\\\/aldiachaco.com.ar\\\/index.php\\\/2026\\\/04\\\/29\\\/adorni-respondio-mas-de-2-000-preguntas-en-el-congreso\\\/\",\"url\":\"https:\\\/\\\/aldiachaco.com.ar\\\/index.php\\\/2026\\\/04\\\/29\\\/adorni-respondio-mas-de-2-000-preguntas-en-el-congreso\\\/\",\"name\":\"Adorni respondi\u00f3 m\u00e1s de 2.000 preguntas en el Congreso | Al Dia Chaco\",\"isPartOf\":{\"@id\":\"https:\\\/\\\/aldiachaco.com.ar\\\/#website\"},\"primaryImageOfPage\":{\"@id\":\"https:\\\/\\\/aldiachaco.com.ar\\\/index.php\\\/2026\\\/04\\\/29\\\/adorni-respondio-mas-de-2-000-preguntas-en-el-congreso\\\/#primaryimage\"},\"image\":{\"@id\":\"https:\\\/\\\/aldiachaco.com.ar\\\/index.php\\\/2026\\\/04\\\/29\\\/adorni-respondio-mas-de-2-000-preguntas-en-el-congreso\\\/#primaryimage\"},\"thumbnailUrl\":\"https:\\\/\\\/aldiachaco.com.ar\\\/wp-content\\\/uploads\\\/2026\\\/04\\\/662110w480h285c.jpg.webp\",\"datePublished\":\"2026-04-29T13:17:32+00:00\",\"breadcrumb\":{\"@id\":\"https:\\\/\\\/aldiachaco.com.ar\\\/index.php\\\/2026\\\/04\\\/29\\\/adorni-respondio-mas-de-2-000-preguntas-en-el-congreso\\\/#breadcrumb\"},\"inLanguage\":\"es-AR\",\"potentialAction\":[{\"@type\":\"ReadAction\",\"target\":[\"https:\\\/\\\/aldiachaco.com.ar\\\/index.php\\\/2026\\\/04\\\/29\\\/adorni-respondio-mas-de-2-000-preguntas-en-el-congreso\\\/\"]}]},{\"@type\":\"ImageObject\",\"inLanguage\":\"es-AR\",\"@id\":\"https:\\\/\\\/aldiachaco.com.ar\\\/index.php\\\/2026\\\/04\\\/29\\\/adorni-respondio-mas-de-2-000-preguntas-en-el-congreso\\\/#primaryimage\",\"url\":\"https:\\\/\\\/aldiachaco.com.ar\\\/wp-content\\\/uploads\\\/2026\\\/04\\\/662110w480h285c.jpg.webp\",\"contentUrl\":\"https:\\\/\\\/aldiachaco.com.ar\\\/wp-content\\\/uploads\\\/2026\\\/04\\\/662110w480h285c.jpg.webp\",\"width\":480,\"height\":285},{\"@type\":\"BreadcrumbList\",\"@id\":\"https:\\\/\\\/aldiachaco.com.ar\\\/index.php\\\/2026\\\/04\\\/29\\\/adorni-respondio-mas-de-2-000-preguntas-en-el-congreso\\\/#breadcrumb\",\"itemListElement\":[{\"@type\":\"ListItem\",\"position\":1,\"name\":\"Home\",\"item\":\"https:\\\/\\\/aldiachaco.com.ar\\\/\"},{\"@type\":\"ListItem\",\"position\":2,\"name\":\"Adorni respondi\u00f3 m\u00e1s de 2.000 preguntas en el Congreso\"}]},{\"@type\":\"WebSite\",\"@id\":\"https:\\\/\\\/aldiachaco.com.ar\\\/#website\",\"url\":\"https:\\\/\\\/aldiachaco.com.ar\\\/\",\"name\":\"Al Dia Chaco\",\"description\":\"Noticias del Chaco y el mundo\",\"publisher\":{\"@id\":\"https:\\\/\\\/aldiachaco.com.ar\\\/#organization\"},\"alternateName\":\"Al D\u00eda Chaco\",\"potentialAction\":[{\"@type\":\"SearchAction\",\"target\":{\"@type\":\"EntryPoint\",\"urlTemplate\":\"https:\\\/\\\/aldiachaco.com.ar\\\/?s={search_term_string}\"},\"query-input\":{\"@type\":\"PropertyValueSpecification\",\"valueRequired\":true,\"valueName\":\"search_term_string\"}}],\"inLanguage\":\"es-AR\"},{\"@type\":\"Organization\",\"@id\":\"https:\\\/\\\/aldiachaco.com.ar\\\/#organization\",\"name\":\"Al Dia Chaco\",\"url\":\"https:\\\/\\\/aldiachaco.com.ar\\\/\",\"logo\":{\"@type\":\"ImageObject\",\"inLanguage\":\"es-AR\",\"@id\":\"https:\\\/\\\/aldiachaco.com.ar\\\/#\\\/schema\\\/logo\\\/image\\\/\",\"url\":\"https:\\\/\\\/aldiachaco.com.ar\\\/wp-content\\\/uploads\\\/2017\\\/11\\\/AL-DIA-CHACO-L@2x.png\",\"contentUrl\":\"https:\\\/\\\/aldiachaco.com.ar\\\/wp-content\\\/uploads\\\/2017\\\/11\\\/AL-DIA-CHACO-L@2x.png\",\"width\":232,\"height\":60,\"caption\":\"Al Dia Chaco\"},\"image\":{\"@id\":\"https:\\\/\\\/aldiachaco.com.ar\\\/#\\\/schema\\\/logo\\\/image\\\/\"}},{\"@type\":\"Person\",\"@id\":\"https:\\\/\\\/aldiachaco.com.ar\\\/#\\\/schema\\\/person\\\/b24e975af8022082f5889a7a7299e962\",\"name\":\"RedaccionRM\",\"image\":{\"@type\":\"ImageObject\",\"inLanguage\":\"es-AR\",\"@id\":\"https:\\\/\\\/aldiachaco.com.ar\\\/wp-content\\\/litespeed\\\/avatar\\\/a30118fcb7a6295303f1c91164c6aba1.jpg?ver=1777339088\",\"url\":\"https:\\\/\\\/aldiachaco.com.ar\\\/wp-content\\\/litespeed\\\/avatar\\\/a30118fcb7a6295303f1c91164c6aba1.jpg?ver=1777339088\",\"contentUrl\":\"https:\\\/\\\/aldiachaco.com.ar\\\/wp-content\\\/litespeed\\\/avatar\\\/a30118fcb7a6295303f1c91164c6aba1.jpg?ver=1777339088\",\"caption\":\"RedaccionRM\"},\"url\":\"https:\\\/\\\/aldiachaco.com.ar\\\/index.php\\\/author\\\/redaccionrm\\\/\"}]}<\/script>\n<!-- \/ Yoast SEO plugin. -->","yoast_head_json":{"title":"Adorni respondi\u00f3 m\u00e1s de 2.000 preguntas en el Congreso | Al Dia Chaco","robots":{"index":"index","follow":"follow","max-snippet":"max-snippet:-1","max-image-preview":"max-image-preview:large","max-video-preview":"max-video-preview:-1"},"canonical":"https:\/\/aldiachaco.com.ar\/index.php\/2026\/04\/29\/adorni-respondio-mas-de-2-000-preguntas-en-el-congreso\/","og_locale":"es_ES","og_type":"article","og_title":"Adorni respondi\u00f3 m\u00e1s de 2.000 preguntas en el Congreso | Al Dia Chaco","og_description":"Antes de presentarse ante la C\u00e1mara de Diputados, el jefe de Gabinete, Manuel Adorni, remiti\u00f3 su informe de gesti\u00f3n con 2.151 respuestas, entre ellas las que aluden a las denuncias en su contra. El informe, que forma parte de su exposici\u00f3n de gesti\u00f3n, abord\u00f3 distintos ejes sensibles como su patrimonio, viajes personales, gastos de comitivas &hellip;","og_url":"https:\/\/aldiachaco.com.ar\/index.php\/2026\/04\/29\/adorni-respondio-mas-de-2-000-preguntas-en-el-congreso\/","og_site_name":"Al Dia Chaco","article_published_time":"2026-04-29T13:17:32+00:00","og_image":[{"width":480,"height":285,"url":"https:\/\/aldiachaco.com.ar\/wp-content\/uploads\/2026\/04\/662110w480h285c.jpg.webp","type":"image\/webp"}],"author":"RedaccionRM","twitter_card":"summary_large_image","twitter_misc":{"Escrito por":"RedaccionRM","Tiempo de lectura":"2 minutos"},"schema":{"@context":"https:\/\/schema.org","@graph":[{"@type":"Article","@id":"https:\/\/aldiachaco.com.ar\/index.php\/2026\/04\/29\/adorni-respondio-mas-de-2-000-preguntas-en-el-congreso\/#article","isPartOf":{"@id":"https:\/\/aldiachaco.com.ar\/index.php\/2026\/04\/29\/adorni-respondio-mas-de-2-000-preguntas-en-el-congreso\/"},"author":{"name":"RedaccionRM","@id":"https:\/\/aldiachaco.com.ar\/#\/schema\/person\/b24e975af8022082f5889a7a7299e962"},"headline":"Adorni respondi\u00f3 m\u00e1s de 2.000 preguntas en el Congreso","datePublished":"2026-04-29T13:17:32+00:00","mainEntityOfPage":{"@id":"https:\/\/aldiachaco.com.ar\/index.php\/2026\/04\/29\/adorni-respondio-mas-de-2-000-preguntas-en-el-congreso\/"},"wordCount":407,"commentCount":0,"publisher":{"@id":"https:\/\/aldiachaco.com.ar\/#organization"},"image":{"@id":"https:\/\/aldiachaco.com.ar\/index.php\/2026\/04\/29\/adorni-respondio-mas-de-2-000-preguntas-en-el-congreso\/#primaryimage"},"thumbnailUrl":"https:\/\/aldiachaco.com.ar\/wp-content\/uploads\/2026\/04\/662110w480h285c.jpg.webp","articleSection":["Nacionales"],"inLanguage":"es-AR","potentialAction":[{"@type":"CommentAction","name":"Comment","target":["https:\/\/aldiachaco.com.ar\/index.php\/2026\/04\/29\/adorni-respondio-mas-de-2-000-preguntas-en-el-congreso\/#respond"]}]},{"@type":"WebPage","@id":"https:\/\/aldiachaco.com.ar\/index.php\/2026\/04\/29\/adorni-respondio-mas-de-2-000-preguntas-en-el-congreso\/","url":"https:\/\/aldiachaco.com.ar\/index.php\/2026\/04\/29\/adorni-respondio-mas-de-2-000-preguntas-en-el-congreso\/","name":"Adorni respondi\u00f3 m\u00e1s de 2.000 preguntas en el Congreso | Al Dia Chaco","isPartOf":{"@id":"https:\/\/aldiachaco.com.ar\/#website"},"primaryImageOfPage":{"@id":"https:\/\/aldiachaco.com.ar\/index.php\/2026\/04\/29\/adorni-respondio-mas-de-2-000-preguntas-en-el-congreso\/#primaryimage"},"image":{"@id":"https:\/\/aldiachaco.com.ar\/index.php\/2026\/04\/29\/adorni-respondio-mas-de-2-000-preguntas-en-el-congreso\/#primaryimage"},"thumbnailUrl":"https:\/\/aldiachaco.com.ar\/wp-content\/uploads\/2026\/04\/662110w480h285c.jpg.webp","datePublished":"2026-04-29T13:17:32+00:00","breadcrumb":{"@id":"https:\/\/aldiachaco.com.ar\/index.php\/2026\/04\/29\/adorni-respondio-mas-de-2-000-preguntas-en-el-congreso\/#breadcrumb"},"inLanguage":"es-AR","potentialAction":[{"@type":"ReadAction","target":["https:\/\/aldiachaco.com.ar\/index.php\/2026\/04\/29\/adorni-respondio-mas-de-2-000-preguntas-en-el-congreso\/"]}]},{"@type":"ImageObject","inLanguage":"es-AR","@id":"https:\/\/aldiachaco.com.ar\/index.php\/2026\/04\/29\/adorni-respondio-mas-de-2-000-preguntas-en-el-congreso\/#primaryimage","url":"https:\/\/aldiachaco.com.ar\/wp-content\/uploads\/2026\/04\/662110w480h285c.jpg.webp","contentUrl":"https:\/\/aldiachaco.com.ar\/wp-content\/uploads\/2026\/04\/662110w480h285c.jpg.webp","width":480,"height":285},{"@type":"BreadcrumbList","@id":"https:\/\/aldiachaco.com.ar\/index.php\/2026\/04\/29\/adorni-respondio-mas-de-2-000-preguntas-en-el-congreso\/#breadcrumb","itemListElement":[{"@type":"ListItem","position":1,"name":"Home","item":"https:\/\/aldiachaco.com.ar\/"},{"@type":"ListItem","position":2,"name":"Adorni respondi\u00f3 m\u00e1s de 2.000 preguntas en el Congreso"}]},{"@type":"WebSite","@id":"https:\/\/aldiachaco.com.ar\/#website","url":"https:\/\/aldiachaco.com.ar\/","name":"Al Dia Chaco","description":"Noticias del Chaco y el mundo","publisher":{"@id":"https:\/\/aldiachaco.com.ar\/#organization"},"alternateName":"Al D\u00eda Chaco","potentialAction":[{"@type":"SearchAction","target":{"@type":"EntryPoint","urlTemplate":"https:\/\/aldiachaco.com.ar\/?s={search_term_string}"},"query-input":{"@type":"PropertyValueSpecification","valueRequired":true,"valueName":"search_term_string"}}],"inLanguage":"es-AR"},{"@type":"Organization","@id":"https:\/\/aldiachaco.com.ar\/#organization","name":"Al Dia Chaco","url":"https:\/\/aldiachaco.com.ar\/","logo":{"@type":"ImageObject","inLanguage":"es-AR","@id":"https:\/\/aldiachaco.com.ar\/#\/schema\/logo\/image\/","url":"https:\/\/aldiachaco.com.ar\/wp-content\/uploads\/2017\/11\/AL-DIA-CHACO-L@2x.png","contentUrl":"https:\/\/aldiachaco.com.ar\/wp-content\/uploads\/2017\/11\/AL-DIA-CHACO-L@2x.png","width":232,"height":60,"caption":"Al Dia Chaco"},"image":{"@id":"https:\/\/aldiachaco.com.ar\/#\/schema\/logo\/image\/"}},{"@type":"Person","@id":"https:\/\/aldiachaco.com.ar\/#\/schema\/person\/b24e975af8022082f5889a7a7299e962","name":"RedaccionRM","image":{"@type":"ImageObject","inLanguage":"es-AR","@id":"https:\/\/aldiachaco.com.ar\/wp-content\/litespeed\/avatar\/a30118fcb7a6295303f1c91164c6aba1.jpg?ver=1777339088","url":"https:\/\/aldiachaco.com.ar\/wp-content\/litespeed\/avatar\/a30118fcb7a6295303f1c91164c6aba1.jpg?ver=1777339088","contentUrl":"https:\/\/aldiachaco.com.ar\/wp-content\/litespeed\/avatar\/a30118fcb7a6295303f1c91164c6aba1.jpg?ver=1777339088","caption":"RedaccionRM"},"url":"https:\/\/aldiachaco.com.ar\/index.php\/author\/redaccionrm\/"}]}},"jetpack_publicize_connections":[],"jetpack_featured_media_url":"https:\/\/aldiachaco.com.ar\/wp-content\/uploads\/2026\/04\/662110w480h285c.jpg.webp","jetpack_sharing_enabled":true,"amp_enabled":true,"_links":{"self":[{"href":"https:\/\/aldiachaco.com.ar\/index.php\/wp-json\/wp\/v2\/posts\/118317","targetHints":{"allow":["GET"]}}],"collection":[{"href":"https:\/\/aldiachaco.com.ar\/index.php\/wp-json\/wp\/v2\/posts"}],"about":[{"href":"https:\/\/aldiachaco.com.ar\/index.php\/wp-json\/wp\/v2\/types\/post"}],"author":[{"embeddable":true,"href":"https:\/\/aldiachaco.com.ar\/index.php\/wp-json\/wp\/v2\/users\/9"}],"replies":[{"embeddable":true,"href":"https:\/\/aldiachaco.com.ar\/index.php\/wp-json\/wp\/v2\/comments?post=118317"}],"version-history":[{"count":1,"href":"https:\/\/aldiachaco.com.ar\/index.php\/wp-json\/wp\/v2\/posts\/118317\/revisions"}],"predecessor-version":[{"id":118319,"href":"https:\/\/aldiachaco.com.ar\/index.php\/wp-json\/wp\/v2\/posts\/118317\/revisions\/118319"}],"wp:featuredmedia":[{"embeddable":true,"href":"https:\/\/aldiachaco.com.ar\/index.php\/wp-json\/wp\/v2\/media\/118318"}],"wp:attachment":[{"href":"https:\/\/aldiachaco.com.ar\/index.php\/wp-json\/wp\/v2\/media?parent=118317"}],"wp:term":[{"taxonomy":"category","embeddable":true,"href":"https:\/\/aldiachaco.com.ar\/index.php\/wp-json\/wp\/v2\/categories?post=118317"},{"taxonomy":"post_tag","embeddable":true,"href":"https:\/\/aldiachaco.com.ar\/index.php\/wp-json\/wp\/v2\/tags?post=118317"}],"curies":[{"name":"wp","href":"https:\/\/api.w.org\/{rel}","templated":true}]}}