{"id":118314,"date":"2026-04-28T12:28:04","date_gmt":"2026-04-28T15:28:04","guid":{"rendered":"https:\/\/aldiachaco.com.ar\/?p=118314"},"modified":"2026-04-28T12:28:04","modified_gmt":"2026-04-28T15:28:04","slug":"se-investiga-incidente-con-arma-de-fuego-en-colonias-unidas","status":"publish","type":"post","link":"https:\/\/aldiachaco.com.ar\/index.php\/2026\/04\/28\/se-investiga-incidente-con-arma-de-fuego-en-colonias-unidas\/","title":{"rendered":"Se investiga incidente con arma de fuego en Colonias Unidas"},"content":{"rendered":"<p>La Jefatura de Polic\u00eda informa que, en la madrugada de este martes, se registr\u00f3 un grave incidente en la Comisar\u00eda de Colonias Unidas que involucr\u00f3 a personal policial de turno y deriv\u00f3 en la inmediata intervenci\u00f3n de \u00f3rganos de control y la justicia.<\/p>\n<p>&nbsp;<\/p>\n<p>Alrededor de las 04:30, se tom\u00f3 conocimiento de que un oficial, por causas que son objeto de investigaci\u00f3n, efectu\u00f3 varios disparos dentro del sector de la guardia de prevenci\u00f3n de la unidad. Como consecuencia del hecho, un agente result\u00f3 herido de arma de fuego en su brazo izquierdo.<\/p>\n<p>&nbsp;<\/p>\n<p>El efectivo lesionado fue asistido en primera instancia en el nosocomio local y luego derivado al Hospital F\u00e9lix A. Pertile de General San Mart\u00edn. Seg\u00fan el parte m\u00e9dico, presenta una fractura multifragmentaria de la di\u00e1fisis humeral, por lo cual se dispuso su traslado al Hospital Perrando de Resistencia para una atenci\u00f3n de mayor complejidad.<\/p>\n<p>&nbsp;<\/p>\n<p>Bajo la supervisi\u00f3n de la Ayudante Fiscal N\u00b0 2 de General San Mart\u00edn, Dra. Valeria Ver\u00f3n, y el Gabinete Cient\u00edfico, se realizaron las pericias en el lugar, procedi\u00e9ndose al secuestro del arma reglamentaria Bersa 9mm, vainas servidas, cartuchos y el equipo de telefon\u00eda del oficial involucrado. Adem\u00e1s, el oficial fue detenido y trasladado para los ex\u00e1menes toxicol\u00f3gicos y forenses ordenados por la fiscal\u00eda interviniente.<\/p>\n<p>&nbsp;<\/p>\n<p>Por disposici\u00f3n del Ministro de Seguridad, el \u00d3rgano de Control Institucional (OCI) tom\u00f3 intervenci\u00f3n directa y se le inici\u00f3 un sumario administrativo al efectivo policial, quien tambi\u00e9n fue separado del servicio con retenciones de haberes.<\/p>\n","protected":false},"excerpt":{"rendered":"<p>La Jefatura de Polic\u00eda informa que, en la madrugada de este martes, se registr\u00f3 un grave incidente en la Comisar\u00eda de Colonias Unidas que involucr\u00f3 a personal policial de turno y deriv\u00f3 en la inmediata intervenci\u00f3n de \u00f3rganos de control y la justicia. &nbsp; Alrededor de las 04:30, se tom\u00f3 conocimiento de que un oficial, &hellip;<\/p>\n","protected":false},"author":9,"featured_media":118315,"comment_status":"open","ping_status":"open","sticky":false,"template":"","format":"standard","meta":{"content-type":"","_monsterinsights_skip_tracking":false,"_monsterinsights_sitenote_active":false,"_monsterinsights_sitenote_note":"","_monsterinsights_sitenote_category":0,"_jetpack_memberships_contains_paid_content":false,"footnotes":"","jetpack_publicize_message":"","jetpack_publicize_feature_enabled":true,"jetpack_social_post_already_shared":true,"jetpack_social_options":{"image_generator_settings":{"template":"highway","default_image_id":0,"font":"","enabled":false},"version":2}},"categories":[86],"tags":[],"class_list":["post-118314","post","type-post","status-publish","format-standard","has-post-thumbnail","hentry","category-policiales"],"yoast_head":"<!-- This site is optimized with the Yoast SEO plugin v27.4 - https:\/\/yoast.com\/product\/yoast-seo-wordpress\/ -->\n<title>Se investiga incidente con arma de fuego en Colonias Unidas | Al Dia Chaco<\/title>\n<meta name=\"robots\" content=\"index, follow, max-snippet:-1, max-image-preview:large, max-video-preview:-1\" \/>\n<link rel=\"canonical\" href=\"https:\/\/aldiachaco.com.ar\/index.php\/2026\/04\/28\/se-investiga-incidente-con-arma-de-fuego-en-colonias-unidas\/\" \/>\n<meta property=\"og:locale\" content=\"es_ES\" \/>\n<meta property=\"og:type\" content=\"article\" \/>\n<meta property=\"og:title\" content=\"Se investiga incidente con arma de fuego en Colonias Unidas | Al Dia Chaco\" \/>\n<meta property=\"og:description\" content=\"La Jefatura de Polic\u00eda informa que, en la madrugada de este martes, se registr\u00f3 un grave incidente en la Comisar\u00eda de Colonias Unidas que involucr\u00f3 a personal policial de turno y deriv\u00f3 en la inmediata intervenci\u00f3n de \u00f3rganos de control y la justicia. &nbsp; Alrededor de las 04:30, se tom\u00f3 conocimiento de que un oficial, &hellip;\" \/>\n<meta property=\"og:url\" content=\"https:\/\/aldiachaco.com.ar\/index.php\/2026\/04\/28\/se-investiga-incidente-con-arma-de-fuego-en-colonias-unidas\/\" \/>\n<meta property=\"og:site_name\" content=\"Al Dia Chaco\" \/>\n<meta property=\"article:published_time\" content=\"2026-04-28T15:28:04+00:00\" \/>\n<meta property=\"og:image\" content=\"https:\/\/aldiachaco.com.ar\/wp-content\/uploads\/2026\/04\/IMG-20260428-WA0056.jpg\" \/>\n\t<meta property=\"og:image:width\" content=\"899\" \/>\n\t<meta property=\"og:image:height\" content=\"1599\" \/>\n\t<meta property=\"og:image:type\" content=\"image\/jpeg\" \/>\n<meta name=\"author\" content=\"RedaccionRM\" \/>\n<meta name=\"twitter:card\" content=\"summary_large_image\" \/>\n<meta name=\"twitter:label1\" content=\"Escrito por\" \/>\n\t<meta name=\"twitter:data1\" content=\"RedaccionRM\" \/>\n\t<meta name=\"twitter:label2\" content=\"Tiempo de lectura\" \/>\n\t<meta name=\"twitter:data2\" content=\"2 minutos\" \/>\n<script type=\"application\/ld+json\" class=\"yoast-schema-graph\">{\"@context\":\"https:\\\/\\\/schema.org\",\"@graph\":[{\"@type\":\"Article\",\"@id\":\"https:\\\/\\\/aldiachaco.com.ar\\\/index.php\\\/2026\\\/04\\\/28\\\/se-investiga-incidente-con-arma-de-fuego-en-colonias-unidas\\\/#article\",\"isPartOf\":{\"@id\":\"https:\\\/\\\/aldiachaco.com.ar\\\/index.php\\\/2026\\\/04\\\/28\\\/se-investiga-incidente-con-arma-de-fuego-en-colonias-unidas\\\/\"},\"author\":{\"name\":\"RedaccionRM\",\"@id\":\"https:\\\/\\\/aldiachaco.com.ar\\\/#\\\/schema\\\/person\\\/b24e975af8022082f5889a7a7299e962\"},\"headline\":\"Se investiga incidente con arma de fuego en Colonias Unidas\",\"datePublished\":\"2026-04-28T15:28:04+00:00\",\"mainEntityOfPage\":{\"@id\":\"https:\\\/\\\/aldiachaco.com.ar\\\/index.php\\\/2026\\\/04\\\/28\\\/se-investiga-incidente-con-arma-de-fuego-en-colonias-unidas\\\/\"},\"wordCount\":280,\"commentCount\":0,\"publisher\":{\"@id\":\"https:\\\/\\\/aldiachaco.com.ar\\\/#organization\"},\"image\":{\"@id\":\"https:\\\/\\\/aldiachaco.com.ar\\\/index.php\\\/2026\\\/04\\\/28\\\/se-investiga-incidente-con-arma-de-fuego-en-colonias-unidas\\\/#primaryimage\"},\"thumbnailUrl\":\"https:\\\/\\\/aldiachaco.com.ar\\\/wp-content\\\/uploads\\\/2026\\\/04\\\/IMG-20260428-WA0056.jpg\",\"articleSection\":[\"Policiales\"],\"inLanguage\":\"es-AR\",\"potentialAction\":[{\"@type\":\"CommentAction\",\"name\":\"Comment\",\"target\":[\"https:\\\/\\\/aldiachaco.com.ar\\\/index.php\\\/2026\\\/04\\\/28\\\/se-investiga-incidente-con-arma-de-fuego-en-colonias-unidas\\\/#respond\"]}]},{\"@type\":\"WebPage\",\"@id\":\"https:\\\/\\\/aldiachaco.com.ar\\\/index.php\\\/2026\\\/04\\\/28\\\/se-investiga-incidente-con-arma-de-fuego-en-colonias-unidas\\\/\",\"url\":\"https:\\\/\\\/aldiachaco.com.ar\\\/index.php\\\/2026\\\/04\\\/28\\\/se-investiga-incidente-con-arma-de-fuego-en-colonias-unidas\\\/\",\"name\":\"Se investiga incidente con arma de fuego en Colonias Unidas | Al Dia Chaco\",\"isPartOf\":{\"@id\":\"https:\\\/\\\/aldiachaco.com.ar\\\/#website\"},\"primaryImageOfPage\":{\"@id\":\"https:\\\/\\\/aldiachaco.com.ar\\\/index.php\\\/2026\\\/04\\\/28\\\/se-investiga-incidente-con-arma-de-fuego-en-colonias-unidas\\\/#primaryimage\"},\"image\":{\"@id\":\"https:\\\/\\\/aldiachaco.com.ar\\\/index.php\\\/2026\\\/04\\\/28\\\/se-investiga-incidente-con-arma-de-fuego-en-colonias-unidas\\\/#primaryimage\"},\"thumbnailUrl\":\"https:\\\/\\\/aldiachaco.com.ar\\\/wp-content\\\/uploads\\\/2026\\\/04\\\/IMG-20260428-WA0056.jpg\",\"datePublished\":\"2026-04-28T15:28:04+00:00\",\"breadcrumb\":{\"@id\":\"https:\\\/\\\/aldiachaco.com.ar\\\/index.php\\\/2026\\\/04\\\/28\\\/se-investiga-incidente-con-arma-de-fuego-en-colonias-unidas\\\/#breadcrumb\"},\"inLanguage\":\"es-AR\",\"potentialAction\":[{\"@type\":\"ReadAction\",\"target\":[\"https:\\\/\\\/aldiachaco.com.ar\\\/index.php\\\/2026\\\/04\\\/28\\\/se-investiga-incidente-con-arma-de-fuego-en-colonias-unidas\\\/\"]}]},{\"@type\":\"ImageObject\",\"inLanguage\":\"es-AR\",\"@id\":\"https:\\\/\\\/aldiachaco.com.ar\\\/index.php\\\/2026\\\/04\\\/28\\\/se-investiga-incidente-con-arma-de-fuego-en-colonias-unidas\\\/#primaryimage\",\"url\":\"https:\\\/\\\/aldiachaco.com.ar\\\/wp-content\\\/uploads\\\/2026\\\/04\\\/IMG-20260428-WA0056.jpg\",\"contentUrl\":\"https:\\\/\\\/aldiachaco.com.ar\\\/wp-content\\\/uploads\\\/2026\\\/04\\\/IMG-20260428-WA0056.jpg\",\"width\":899,\"height\":1599},{\"@type\":\"BreadcrumbList\",\"@id\":\"https:\\\/\\\/aldiachaco.com.ar\\\/index.php\\\/2026\\\/04\\\/28\\\/se-investiga-incidente-con-arma-de-fuego-en-colonias-unidas\\\/#breadcrumb\",\"itemListElement\":[{\"@type\":\"ListItem\",\"position\":1,\"name\":\"Home\",\"item\":\"https:\\\/\\\/aldiachaco.com.ar\\\/\"},{\"@type\":\"ListItem\",\"position\":2,\"name\":\"Se investiga incidente con arma de fuego en Colonias Unidas\"}]},{\"@type\":\"WebSite\",\"@id\":\"https:\\\/\\\/aldiachaco.com.ar\\\/#website\",\"url\":\"https:\\\/\\\/aldiachaco.com.ar\\\/\",\"name\":\"Al Dia Chaco\",\"description\":\"Noticias del Chaco y el mundo\",\"publisher\":{\"@id\":\"https:\\\/\\\/aldiachaco.com.ar\\\/#organization\"},\"alternateName\":\"Al D\u00eda Chaco\",\"potentialAction\":[{\"@type\":\"SearchAction\",\"target\":{\"@type\":\"EntryPoint\",\"urlTemplate\":\"https:\\\/\\\/aldiachaco.com.ar\\\/?s={search_term_string}\"},\"query-input\":{\"@type\":\"PropertyValueSpecification\",\"valueRequired\":true,\"valueName\":\"search_term_string\"}}],\"inLanguage\":\"es-AR\"},{\"@type\":\"Organization\",\"@id\":\"https:\\\/\\\/aldiachaco.com.ar\\\/#organization\",\"name\":\"Al Dia Chaco\",\"url\":\"https:\\\/\\\/aldiachaco.com.ar\\\/\",\"logo\":{\"@type\":\"ImageObject\",\"inLanguage\":\"es-AR\",\"@id\":\"https:\\\/\\\/aldiachaco.com.ar\\\/#\\\/schema\\\/logo\\\/image\\\/\",\"url\":\"https:\\\/\\\/aldiachaco.com.ar\\\/wp-content\\\/uploads\\\/2017\\\/11\\\/AL-DIA-CHACO-L@2x.png\",\"contentUrl\":\"https:\\\/\\\/aldiachaco.com.ar\\\/wp-content\\\/uploads\\\/2017\\\/11\\\/AL-DIA-CHACO-L@2x.png\",\"width\":232,\"height\":60,\"caption\":\"Al Dia Chaco\"},\"image\":{\"@id\":\"https:\\\/\\\/aldiachaco.com.ar\\\/#\\\/schema\\\/logo\\\/image\\\/\"}},{\"@type\":\"Person\",\"@id\":\"https:\\\/\\\/aldiachaco.com.ar\\\/#\\\/schema\\\/person\\\/b24e975af8022082f5889a7a7299e962\",\"name\":\"RedaccionRM\",\"image\":{\"@type\":\"ImageObject\",\"inLanguage\":\"es-AR\",\"@id\":\"https:\\\/\\\/aldiachaco.com.ar\\\/wp-content\\\/litespeed\\\/avatar\\\/a30118fcb7a6295303f1c91164c6aba1.jpg?ver=1777339088\",\"url\":\"https:\\\/\\\/aldiachaco.com.ar\\\/wp-content\\\/litespeed\\\/avatar\\\/a30118fcb7a6295303f1c91164c6aba1.jpg?ver=1777339088\",\"contentUrl\":\"https:\\\/\\\/aldiachaco.com.ar\\\/wp-content\\\/litespeed\\\/avatar\\\/a30118fcb7a6295303f1c91164c6aba1.jpg?ver=1777339088\",\"caption\":\"RedaccionRM\"},\"url\":\"https:\\\/\\\/aldiachaco.com.ar\\\/index.php\\\/author\\\/redaccionrm\\\/\"}]}<\/script>\n<!-- \/ Yoast SEO plugin. -->","yoast_head_json":{"title":"Se investiga incidente con arma de fuego en Colonias Unidas | Al Dia Chaco","robots":{"index":"index","follow":"follow","max-snippet":"max-snippet:-1","max-image-preview":"max-image-preview:large","max-video-preview":"max-video-preview:-1"},"canonical":"https:\/\/aldiachaco.com.ar\/index.php\/2026\/04\/28\/se-investiga-incidente-con-arma-de-fuego-en-colonias-unidas\/","og_locale":"es_ES","og_type":"article","og_title":"Se investiga incidente con arma de fuego en Colonias Unidas | Al Dia Chaco","og_description":"La Jefatura de Polic\u00eda informa que, en la madrugada de este martes, se registr\u00f3 un grave incidente en la Comisar\u00eda de Colonias Unidas que involucr\u00f3 a personal policial de turno y deriv\u00f3 en la inmediata intervenci\u00f3n de \u00f3rganos de control y la justicia. &nbsp; Alrededor de las 04:30, se tom\u00f3 conocimiento de que un oficial, &hellip;","og_url":"https:\/\/aldiachaco.com.ar\/index.php\/2026\/04\/28\/se-investiga-incidente-con-arma-de-fuego-en-colonias-unidas\/","og_site_name":"Al Dia Chaco","article_published_time":"2026-04-28T15:28:04+00:00","og_image":[{"width":899,"height":1599,"url":"https:\/\/aldiachaco.com.ar\/wp-content\/uploads\/2026\/04\/IMG-20260428-WA0056.jpg","type":"image\/jpeg"}],"author":"RedaccionRM","twitter_card":"summary_large_image","twitter_misc":{"Escrito por":"RedaccionRM","Tiempo de lectura":"2 minutos"},"schema":{"@context":"https:\/\/schema.org","@graph":[{"@type":"Article","@id":"https:\/\/aldiachaco.com.ar\/index.php\/2026\/04\/28\/se-investiga-incidente-con-arma-de-fuego-en-colonias-unidas\/#article","isPartOf":{"@id":"https:\/\/aldiachaco.com.ar\/index.php\/2026\/04\/28\/se-investiga-incidente-con-arma-de-fuego-en-colonias-unidas\/"},"author":{"name":"RedaccionRM","@id":"https:\/\/aldiachaco.com.ar\/#\/schema\/person\/b24e975af8022082f5889a7a7299e962"},"headline":"Se investiga incidente con arma de fuego en Colonias Unidas","datePublished":"2026-04-28T15:28:04+00:00","mainEntityOfPage":{"@id":"https:\/\/aldiachaco.com.ar\/index.php\/2026\/04\/28\/se-investiga-incidente-con-arma-de-fuego-en-colonias-unidas\/"},"wordCount":280,"commentCount":0,"publisher":{"@id":"https:\/\/aldiachaco.com.ar\/#organization"},"image":{"@id":"https:\/\/aldiachaco.com.ar\/index.php\/2026\/04\/28\/se-investiga-incidente-con-arma-de-fuego-en-colonias-unidas\/#primaryimage"},"thumbnailUrl":"https:\/\/aldiachaco.com.ar\/wp-content\/uploads\/2026\/04\/IMG-20260428-WA0056.jpg","articleSection":["Policiales"],"inLanguage":"es-AR","potentialAction":[{"@type":"CommentAction","name":"Comment","target":["https:\/\/aldiachaco.com.ar\/index.php\/2026\/04\/28\/se-investiga-incidente-con-arma-de-fuego-en-colonias-unidas\/#respond"]}]},{"@type":"WebPage","@id":"https:\/\/aldiachaco.com.ar\/index.php\/2026\/04\/28\/se-investiga-incidente-con-arma-de-fuego-en-colonias-unidas\/","url":"https:\/\/aldiachaco.com.ar\/index.php\/2026\/04\/28\/se-investiga-incidente-con-arma-de-fuego-en-colonias-unidas\/","name":"Se investiga incidente con arma de fuego en Colonias Unidas | Al Dia Chaco","isPartOf":{"@id":"https:\/\/aldiachaco.com.ar\/#website"},"primaryImageOfPage":{"@id":"https:\/\/aldiachaco.com.ar\/index.php\/2026\/04\/28\/se-investiga-incidente-con-arma-de-fuego-en-colonias-unidas\/#primaryimage"},"image":{"@id":"https:\/\/aldiachaco.com.ar\/index.php\/2026\/04\/28\/se-investiga-incidente-con-arma-de-fuego-en-colonias-unidas\/#primaryimage"},"thumbnailUrl":"https:\/\/aldiachaco.com.ar\/wp-content\/uploads\/2026\/04\/IMG-20260428-WA0056.jpg","datePublished":"2026-04-28T15:28:04+00:00","breadcrumb":{"@id":"https:\/\/aldiachaco.com.ar\/index.php\/2026\/04\/28\/se-investiga-incidente-con-arma-de-fuego-en-colonias-unidas\/#breadcrumb"},"inLanguage":"es-AR","potentialAction":[{"@type":"ReadAction","target":["https:\/\/aldiachaco.com.ar\/index.php\/2026\/04\/28\/se-investiga-incidente-con-arma-de-fuego-en-colonias-unidas\/"]}]},{"@type":"ImageObject","inLanguage":"es-AR","@id":"https:\/\/aldiachaco.com.ar\/index.php\/2026\/04\/28\/se-investiga-incidente-con-arma-de-fuego-en-colonias-unidas\/#primaryimage","url":"https:\/\/aldiachaco.com.ar\/wp-content\/uploads\/2026\/04\/IMG-20260428-WA0056.jpg","contentUrl":"https:\/\/aldiachaco.com.ar\/wp-content\/uploads\/2026\/04\/IMG-20260428-WA0056.jpg","width":899,"height":1599},{"@type":"BreadcrumbList","@id":"https:\/\/aldiachaco.com.ar\/index.php\/2026\/04\/28\/se-investiga-incidente-con-arma-de-fuego-en-colonias-unidas\/#breadcrumb","itemListElement":[{"@type":"ListItem","position":1,"name":"Home","item":"https:\/\/aldiachaco.com.ar\/"},{"@type":"ListItem","position":2,"name":"Se investiga incidente con arma de fuego en Colonias Unidas"}]},{"@type":"WebSite","@id":"https:\/\/aldiachaco.com.ar\/#website","url":"https:\/\/aldiachaco.com.ar\/","name":"Al Dia Chaco","description":"Noticias del Chaco y el mundo","publisher":{"@id":"https:\/\/aldiachaco.com.ar\/#organization"},"alternateName":"Al D\u00eda Chaco","potentialAction":[{"@type":"SearchAction","target":{"@type":"EntryPoint","urlTemplate":"https:\/\/aldiachaco.com.ar\/?s={search_term_string}"},"query-input":{"@type":"PropertyValueSpecification","valueRequired":true,"valueName":"search_term_string"}}],"inLanguage":"es-AR"},{"@type":"Organization","@id":"https:\/\/aldiachaco.com.ar\/#organization","name":"Al Dia Chaco","url":"https:\/\/aldiachaco.com.ar\/","logo":{"@type":"ImageObject","inLanguage":"es-AR","@id":"https:\/\/aldiachaco.com.ar\/#\/schema\/logo\/image\/","url":"https:\/\/aldiachaco.com.ar\/wp-content\/uploads\/2017\/11\/AL-DIA-CHACO-L@2x.png","contentUrl":"https:\/\/aldiachaco.com.ar\/wp-content\/uploads\/2017\/11\/AL-DIA-CHACO-L@2x.png","width":232,"height":60,"caption":"Al Dia Chaco"},"image":{"@id":"https:\/\/aldiachaco.com.ar\/#\/schema\/logo\/image\/"}},{"@type":"Person","@id":"https:\/\/aldiachaco.com.ar\/#\/schema\/person\/b24e975af8022082f5889a7a7299e962","name":"RedaccionRM","image":{"@type":"ImageObject","inLanguage":"es-AR","@id":"https:\/\/aldiachaco.com.ar\/wp-content\/litespeed\/avatar\/a30118fcb7a6295303f1c91164c6aba1.jpg?ver=1777339088","url":"https:\/\/aldiachaco.com.ar\/wp-content\/litespeed\/avatar\/a30118fcb7a6295303f1c91164c6aba1.jpg?ver=1777339088","contentUrl":"https:\/\/aldiachaco.com.ar\/wp-content\/litespeed\/avatar\/a30118fcb7a6295303f1c91164c6aba1.jpg?ver=1777339088","caption":"RedaccionRM"},"url":"https:\/\/aldiachaco.com.ar\/index.php\/author\/redaccionrm\/"}]}},"jetpack_publicize_connections":[],"jetpack_featured_media_url":"https:\/\/aldiachaco.com.ar\/wp-content\/uploads\/2026\/04\/IMG-20260428-WA0056.jpg","jetpack_sharing_enabled":true,"amp_enabled":true,"_links":{"self":[{"href":"https:\/\/aldiachaco.com.ar\/index.php\/wp-json\/wp\/v2\/posts\/118314","targetHints":{"allow":["GET"]}}],"collection":[{"href":"https:\/\/aldiachaco.com.ar\/index.php\/wp-json\/wp\/v2\/posts"}],"about":[{"href":"https:\/\/aldiachaco.com.ar\/index.php\/wp-json\/wp\/v2\/types\/post"}],"author":[{"embeddable":true,"href":"https:\/\/aldiachaco.com.ar\/index.php\/wp-json\/wp\/v2\/users\/9"}],"replies":[{"embeddable":true,"href":"https:\/\/aldiachaco.com.ar\/index.php\/wp-json\/wp\/v2\/comments?post=118314"}],"version-history":[{"count":1,"href":"https:\/\/aldiachaco.com.ar\/index.php\/wp-json\/wp\/v2\/posts\/118314\/revisions"}],"predecessor-version":[{"id":118316,"href":"https:\/\/aldiachaco.com.ar\/index.php\/wp-json\/wp\/v2\/posts\/118314\/revisions\/118316"}],"wp:featuredmedia":[{"embeddable":true,"href":"https:\/\/aldiachaco.com.ar\/index.php\/wp-json\/wp\/v2\/media\/118315"}],"wp:attachment":[{"href":"https:\/\/aldiachaco.com.ar\/index.php\/wp-json\/wp\/v2\/media?parent=118314"}],"wp:term":[{"taxonomy":"category","embeddable":true,"href":"https:\/\/aldiachaco.com.ar\/index.php\/wp-json\/wp\/v2\/categories?post=118314"},{"taxonomy":"post_tag","embeddable":true,"href":"https:\/\/aldiachaco.com.ar\/index.php\/wp-json\/wp\/v2\/tags?post=118314"}],"curies":[{"name":"wp","href":"https:\/\/api.w.org\/{rel}","templated":true}]}}