{"id":118311,"date":"2026-04-28T11:42:10","date_gmt":"2026-04-28T14:42:10","guid":{"rendered":"https:\/\/aldiachaco.com.ar\/?p=118311"},"modified":"2026-04-28T11:42:10","modified_gmt":"2026-04-28T14:42:10","slug":"crecida-del-rio-negro-monitoreo-permanente-y-compuertas-abiertas","status":"publish","type":"post","link":"https:\/\/aldiachaco.com.ar\/index.php\/2026\/04\/28\/crecida-del-rio-negro-monitoreo-permanente-y-compuertas-abiertas\/","title":{"rendered":"Crecida del R\u00edo Negro: monitoreo permanente y compuertas abiertas"},"content":{"rendered":"<p>La Administraci\u00f3n Provincial del Agua (APA) del Chaco inform\u00f3 que todas las compuertas de las obras de control del R\u00edo Negro se encuentran abiertas, permitiendo el libre escurrimiento del caudal desde sus nacientes hasta su desembocadura en el r\u00edo Paran\u00e1.<\/p>\n<p>&nbsp;<\/p>\n<p>Desde el organismo provincial precisaron que el curso de agua, que atraviesa gran parte del territorio chaque\u00f1o, registra niveles elevados en distintos sectores como consecuencia de las abundantes precipitaciones ca\u00eddas en los \u00faltimos d\u00edas en toda su cuenca. El R\u00edo Negro tiene su origen al sur de Juan Jos\u00e9 Castelli, con aportes de la cuenca del Salto La Vieja, en inmediaciones de Tres Isletas, zonas donde se registraron lluvias intensas con milimetrajes extraordinarios. Esta situaci\u00f3n impact\u00f3 de manera directa en el aumento del caudal.<\/p>\n<p>&nbsp;<\/p>\n<p>La APA difundi\u00f3 el informe ante la preocupaci\u00f3n de pobladores que residen en cercan\u00edas del r\u00edo, quienes manifestaron inquietud por la suba del nivel del agua. En ese marco, desde el organismo llevaron tranquilidad y explicaron que la situaci\u00f3n h\u00eddrica actual es consecuencia de las lluvias recientes y que, de mantenerse las condiciones clim\u00e1ticas, tender\u00e1 a normalizarse en los pr\u00f3ximos d\u00edas.<\/p>\n<p>&nbsp;<\/p>\n<p>No obstante, remarcaron que se sostiene un monitoreo permanente del comportamiento del r\u00edo y de las variables clim\u00e1ticas, con el objetivo de actuar de manera preventiva ante cualquier eventualidad.<\/p>\n","protected":false},"excerpt":{"rendered":"<p>La Administraci\u00f3n Provincial del Agua (APA) del Chaco inform\u00f3 que todas las compuertas de las obras de control del R\u00edo Negro se encuentran abiertas, permitiendo el libre escurrimiento del caudal desde sus nacientes hasta su desembocadura en el r\u00edo Paran\u00e1. &nbsp; Desde el organismo provincial precisaron que el curso de agua, que atraviesa gran parte &hellip;<\/p>\n","protected":false},"author":9,"featured_media":118312,"comment_status":"open","ping_status":"open","sticky":false,"template":"","format":"standard","meta":{"content-type":"","_monsterinsights_skip_tracking":false,"_monsterinsights_sitenote_active":false,"_monsterinsights_sitenote_note":"","_monsterinsights_sitenote_category":0,"_jetpack_memberships_contains_paid_content":false,"footnotes":"","jetpack_publicize_message":"","jetpack_publicize_feature_enabled":true,"jetpack_social_post_already_shared":true,"jetpack_social_options":{"image_generator_settings":{"template":"highway","default_image_id":0,"font":"","enabled":false},"version":2}},"categories":[198],"tags":[],"class_list":["post-118311","post","type-post","status-publish","format-standard","has-post-thumbnail","hentry","category-actualidad"],"yoast_head":"<!-- This site is optimized with the Yoast SEO plugin v27.4 - https:\/\/yoast.com\/product\/yoast-seo-wordpress\/ -->\n<title>Crecida del R\u00edo Negro: monitoreo permanente y compuertas abiertas | Al Dia Chaco<\/title>\n<meta name=\"robots\" content=\"index, follow, max-snippet:-1, max-image-preview:large, max-video-preview:-1\" \/>\n<link rel=\"canonical\" href=\"https:\/\/aldiachaco.com.ar\/index.php\/2026\/04\/28\/crecida-del-rio-negro-monitoreo-permanente-y-compuertas-abiertas\/\" \/>\n<meta property=\"og:locale\" content=\"es_ES\" \/>\n<meta property=\"og:type\" content=\"article\" \/>\n<meta property=\"og:title\" content=\"Crecida del R\u00edo Negro: monitoreo permanente y compuertas abiertas | Al Dia Chaco\" \/>\n<meta property=\"og:description\" content=\"La Administraci\u00f3n Provincial del Agua (APA) del Chaco inform\u00f3 que todas las compuertas de las obras de control del R\u00edo Negro se encuentran abiertas, permitiendo el libre escurrimiento del caudal desde sus nacientes hasta su desembocadura en el r\u00edo Paran\u00e1. &nbsp; Desde el organismo provincial precisaron que el curso de agua, que atraviesa gran parte &hellip;\" \/>\n<meta property=\"og:url\" content=\"https:\/\/aldiachaco.com.ar\/index.php\/2026\/04\/28\/crecida-del-rio-negro-monitoreo-permanente-y-compuertas-abiertas\/\" \/>\n<meta property=\"og:site_name\" content=\"Al Dia Chaco\" \/>\n<meta property=\"article:published_time\" content=\"2026-04-28T14:42:10+00:00\" \/>\n<meta property=\"og:image\" content=\"https:\/\/aldiachaco.com.ar\/wp-content\/uploads\/2026\/04\/1000193021-69efd6d4299d5115558760.jpg\" \/>\n\t<meta property=\"og:image:width\" content=\"1357\" \/>\n\t<meta property=\"og:image:height\" content=\"900\" \/>\n\t<meta property=\"og:image:type\" content=\"image\/jpeg\" \/>\n<meta name=\"author\" content=\"RedaccionRM\" \/>\n<meta name=\"twitter:card\" content=\"summary_large_image\" \/>\n<meta name=\"twitter:label1\" content=\"Escrito por\" \/>\n\t<meta name=\"twitter:data1\" content=\"RedaccionRM\" \/>\n\t<meta name=\"twitter:label2\" content=\"Tiempo de lectura\" \/>\n\t<meta name=\"twitter:data2\" content=\"2 minutos\" \/>\n<script type=\"application\/ld+json\" class=\"yoast-schema-graph\">{\"@context\":\"https:\\\/\\\/schema.org\",\"@graph\":[{\"@type\":\"Article\",\"@id\":\"https:\\\/\\\/aldiachaco.com.ar\\\/index.php\\\/2026\\\/04\\\/28\\\/crecida-del-rio-negro-monitoreo-permanente-y-compuertas-abiertas\\\/#article\",\"isPartOf\":{\"@id\":\"https:\\\/\\\/aldiachaco.com.ar\\\/index.php\\\/2026\\\/04\\\/28\\\/crecida-del-rio-negro-monitoreo-permanente-y-compuertas-abiertas\\\/\"},\"author\":{\"name\":\"RedaccionRM\",\"@id\":\"https:\\\/\\\/aldiachaco.com.ar\\\/#\\\/schema\\\/person\\\/b24e975af8022082f5889a7a7299e962\"},\"headline\":\"Crecida del R\u00edo Negro: monitoreo permanente y compuertas abiertas\",\"datePublished\":\"2026-04-28T14:42:10+00:00\",\"mainEntityOfPage\":{\"@id\":\"https:\\\/\\\/aldiachaco.com.ar\\\/index.php\\\/2026\\\/04\\\/28\\\/crecida-del-rio-negro-monitoreo-permanente-y-compuertas-abiertas\\\/\"},\"wordCount\":245,\"commentCount\":0,\"publisher\":{\"@id\":\"https:\\\/\\\/aldiachaco.com.ar\\\/#organization\"},\"image\":{\"@id\":\"https:\\\/\\\/aldiachaco.com.ar\\\/index.php\\\/2026\\\/04\\\/28\\\/crecida-del-rio-negro-monitoreo-permanente-y-compuertas-abiertas\\\/#primaryimage\"},\"thumbnailUrl\":\"https:\\\/\\\/aldiachaco.com.ar\\\/wp-content\\\/uploads\\\/2026\\\/04\\\/1000193021-69efd6d4299d5115558760.jpg\",\"articleSection\":[\"Actualidad\"],\"inLanguage\":\"es-AR\",\"potentialAction\":[{\"@type\":\"CommentAction\",\"name\":\"Comment\",\"target\":[\"https:\\\/\\\/aldiachaco.com.ar\\\/index.php\\\/2026\\\/04\\\/28\\\/crecida-del-rio-negro-monitoreo-permanente-y-compuertas-abiertas\\\/#respond\"]}]},{\"@type\":\"WebPage\",\"@id\":\"https:\\\/\\\/aldiachaco.com.ar\\\/index.php\\\/2026\\\/04\\\/28\\\/crecida-del-rio-negro-monitoreo-permanente-y-compuertas-abiertas\\\/\",\"url\":\"https:\\\/\\\/aldiachaco.com.ar\\\/index.php\\\/2026\\\/04\\\/28\\\/crecida-del-rio-negro-monitoreo-permanente-y-compuertas-abiertas\\\/\",\"name\":\"Crecida del R\u00edo Negro: monitoreo permanente y compuertas abiertas | Al Dia Chaco\",\"isPartOf\":{\"@id\":\"https:\\\/\\\/aldiachaco.com.ar\\\/#website\"},\"primaryImageOfPage\":{\"@id\":\"https:\\\/\\\/aldiachaco.com.ar\\\/index.php\\\/2026\\\/04\\\/28\\\/crecida-del-rio-negro-monitoreo-permanente-y-compuertas-abiertas\\\/#primaryimage\"},\"image\":{\"@id\":\"https:\\\/\\\/aldiachaco.com.ar\\\/index.php\\\/2026\\\/04\\\/28\\\/crecida-del-rio-negro-monitoreo-permanente-y-compuertas-abiertas\\\/#primaryimage\"},\"thumbnailUrl\":\"https:\\\/\\\/aldiachaco.com.ar\\\/wp-content\\\/uploads\\\/2026\\\/04\\\/1000193021-69efd6d4299d5115558760.jpg\",\"datePublished\":\"2026-04-28T14:42:10+00:00\",\"breadcrumb\":{\"@id\":\"https:\\\/\\\/aldiachaco.com.ar\\\/index.php\\\/2026\\\/04\\\/28\\\/crecida-del-rio-negro-monitoreo-permanente-y-compuertas-abiertas\\\/#breadcrumb\"},\"inLanguage\":\"es-AR\",\"potentialAction\":[{\"@type\":\"ReadAction\",\"target\":[\"https:\\\/\\\/aldiachaco.com.ar\\\/index.php\\\/2026\\\/04\\\/28\\\/crecida-del-rio-negro-monitoreo-permanente-y-compuertas-abiertas\\\/\"]}]},{\"@type\":\"ImageObject\",\"inLanguage\":\"es-AR\",\"@id\":\"https:\\\/\\\/aldiachaco.com.ar\\\/index.php\\\/2026\\\/04\\\/28\\\/crecida-del-rio-negro-monitoreo-permanente-y-compuertas-abiertas\\\/#primaryimage\",\"url\":\"https:\\\/\\\/aldiachaco.com.ar\\\/wp-content\\\/uploads\\\/2026\\\/04\\\/1000193021-69efd6d4299d5115558760.jpg\",\"contentUrl\":\"https:\\\/\\\/aldiachaco.com.ar\\\/wp-content\\\/uploads\\\/2026\\\/04\\\/1000193021-69efd6d4299d5115558760.jpg\",\"width\":1357,\"height\":900},{\"@type\":\"BreadcrumbList\",\"@id\":\"https:\\\/\\\/aldiachaco.com.ar\\\/index.php\\\/2026\\\/04\\\/28\\\/crecida-del-rio-negro-monitoreo-permanente-y-compuertas-abiertas\\\/#breadcrumb\",\"itemListElement\":[{\"@type\":\"ListItem\",\"position\":1,\"name\":\"Home\",\"item\":\"https:\\\/\\\/aldiachaco.com.ar\\\/\"},{\"@type\":\"ListItem\",\"position\":2,\"name\":\"Crecida del R\u00edo Negro: monitoreo permanente y compuertas abiertas\"}]},{\"@type\":\"WebSite\",\"@id\":\"https:\\\/\\\/aldiachaco.com.ar\\\/#website\",\"url\":\"https:\\\/\\\/aldiachaco.com.ar\\\/\",\"name\":\"Al Dia Chaco\",\"description\":\"Noticias del Chaco y el mundo\",\"publisher\":{\"@id\":\"https:\\\/\\\/aldiachaco.com.ar\\\/#organization\"},\"alternateName\":\"Al D\u00eda Chaco\",\"potentialAction\":[{\"@type\":\"SearchAction\",\"target\":{\"@type\":\"EntryPoint\",\"urlTemplate\":\"https:\\\/\\\/aldiachaco.com.ar\\\/?s={search_term_string}\"},\"query-input\":{\"@type\":\"PropertyValueSpecification\",\"valueRequired\":true,\"valueName\":\"search_term_string\"}}],\"inLanguage\":\"es-AR\"},{\"@type\":\"Organization\",\"@id\":\"https:\\\/\\\/aldiachaco.com.ar\\\/#organization\",\"name\":\"Al Dia Chaco\",\"url\":\"https:\\\/\\\/aldiachaco.com.ar\\\/\",\"logo\":{\"@type\":\"ImageObject\",\"inLanguage\":\"es-AR\",\"@id\":\"https:\\\/\\\/aldiachaco.com.ar\\\/#\\\/schema\\\/logo\\\/image\\\/\",\"url\":\"https:\\\/\\\/aldiachaco.com.ar\\\/wp-content\\\/uploads\\\/2017\\\/11\\\/AL-DIA-CHACO-L@2x.png\",\"contentUrl\":\"https:\\\/\\\/aldiachaco.com.ar\\\/wp-content\\\/uploads\\\/2017\\\/11\\\/AL-DIA-CHACO-L@2x.png\",\"width\":232,\"height\":60,\"caption\":\"Al Dia Chaco\"},\"image\":{\"@id\":\"https:\\\/\\\/aldiachaco.com.ar\\\/#\\\/schema\\\/logo\\\/image\\\/\"}},{\"@type\":\"Person\",\"@id\":\"https:\\\/\\\/aldiachaco.com.ar\\\/#\\\/schema\\\/person\\\/b24e975af8022082f5889a7a7299e962\",\"name\":\"RedaccionRM\",\"image\":{\"@type\":\"ImageObject\",\"inLanguage\":\"es-AR\",\"@id\":\"https:\\\/\\\/aldiachaco.com.ar\\\/wp-content\\\/litespeed\\\/avatar\\\/a30118fcb7a6295303f1c91164c6aba1.jpg?ver=1777339088\",\"url\":\"https:\\\/\\\/aldiachaco.com.ar\\\/wp-content\\\/litespeed\\\/avatar\\\/a30118fcb7a6295303f1c91164c6aba1.jpg?ver=1777339088\",\"contentUrl\":\"https:\\\/\\\/aldiachaco.com.ar\\\/wp-content\\\/litespeed\\\/avatar\\\/a30118fcb7a6295303f1c91164c6aba1.jpg?ver=1777339088\",\"caption\":\"RedaccionRM\"},\"url\":\"https:\\\/\\\/aldiachaco.com.ar\\\/index.php\\\/author\\\/redaccionrm\\\/\"}]}<\/script>\n<!-- \/ Yoast SEO plugin. -->","yoast_head_json":{"title":"Crecida del R\u00edo Negro: monitoreo permanente y compuertas abiertas | Al Dia Chaco","robots":{"index":"index","follow":"follow","max-snippet":"max-snippet:-1","max-image-preview":"max-image-preview:large","max-video-preview":"max-video-preview:-1"},"canonical":"https:\/\/aldiachaco.com.ar\/index.php\/2026\/04\/28\/crecida-del-rio-negro-monitoreo-permanente-y-compuertas-abiertas\/","og_locale":"es_ES","og_type":"article","og_title":"Crecida del R\u00edo Negro: monitoreo permanente y compuertas abiertas | Al Dia Chaco","og_description":"La Administraci\u00f3n Provincial del Agua (APA) del Chaco inform\u00f3 que todas las compuertas de las obras de control del R\u00edo Negro se encuentran abiertas, permitiendo el libre escurrimiento del caudal desde sus nacientes hasta su desembocadura en el r\u00edo Paran\u00e1. &nbsp; Desde el organismo provincial precisaron que el curso de agua, que atraviesa gran parte &hellip;","og_url":"https:\/\/aldiachaco.com.ar\/index.php\/2026\/04\/28\/crecida-del-rio-negro-monitoreo-permanente-y-compuertas-abiertas\/","og_site_name":"Al Dia Chaco","article_published_time":"2026-04-28T14:42:10+00:00","og_image":[{"width":1357,"height":900,"url":"https:\/\/aldiachaco.com.ar\/wp-content\/uploads\/2026\/04\/1000193021-69efd6d4299d5115558760.jpg","type":"image\/jpeg"}],"author":"RedaccionRM","twitter_card":"summary_large_image","twitter_misc":{"Escrito por":"RedaccionRM","Tiempo de lectura":"2 minutos"},"schema":{"@context":"https:\/\/schema.org","@graph":[{"@type":"Article","@id":"https:\/\/aldiachaco.com.ar\/index.php\/2026\/04\/28\/crecida-del-rio-negro-monitoreo-permanente-y-compuertas-abiertas\/#article","isPartOf":{"@id":"https:\/\/aldiachaco.com.ar\/index.php\/2026\/04\/28\/crecida-del-rio-negro-monitoreo-permanente-y-compuertas-abiertas\/"},"author":{"name":"RedaccionRM","@id":"https:\/\/aldiachaco.com.ar\/#\/schema\/person\/b24e975af8022082f5889a7a7299e962"},"headline":"Crecida del R\u00edo Negro: monitoreo permanente y compuertas abiertas","datePublished":"2026-04-28T14:42:10+00:00","mainEntityOfPage":{"@id":"https:\/\/aldiachaco.com.ar\/index.php\/2026\/04\/28\/crecida-del-rio-negro-monitoreo-permanente-y-compuertas-abiertas\/"},"wordCount":245,"commentCount":0,"publisher":{"@id":"https:\/\/aldiachaco.com.ar\/#organization"},"image":{"@id":"https:\/\/aldiachaco.com.ar\/index.php\/2026\/04\/28\/crecida-del-rio-negro-monitoreo-permanente-y-compuertas-abiertas\/#primaryimage"},"thumbnailUrl":"https:\/\/aldiachaco.com.ar\/wp-content\/uploads\/2026\/04\/1000193021-69efd6d4299d5115558760.jpg","articleSection":["Actualidad"],"inLanguage":"es-AR","potentialAction":[{"@type":"CommentAction","name":"Comment","target":["https:\/\/aldiachaco.com.ar\/index.php\/2026\/04\/28\/crecida-del-rio-negro-monitoreo-permanente-y-compuertas-abiertas\/#respond"]}]},{"@type":"WebPage","@id":"https:\/\/aldiachaco.com.ar\/index.php\/2026\/04\/28\/crecida-del-rio-negro-monitoreo-permanente-y-compuertas-abiertas\/","url":"https:\/\/aldiachaco.com.ar\/index.php\/2026\/04\/28\/crecida-del-rio-negro-monitoreo-permanente-y-compuertas-abiertas\/","name":"Crecida del R\u00edo Negro: monitoreo permanente y compuertas abiertas | Al Dia Chaco","isPartOf":{"@id":"https:\/\/aldiachaco.com.ar\/#website"},"primaryImageOfPage":{"@id":"https:\/\/aldiachaco.com.ar\/index.php\/2026\/04\/28\/crecida-del-rio-negro-monitoreo-permanente-y-compuertas-abiertas\/#primaryimage"},"image":{"@id":"https:\/\/aldiachaco.com.ar\/index.php\/2026\/04\/28\/crecida-del-rio-negro-monitoreo-permanente-y-compuertas-abiertas\/#primaryimage"},"thumbnailUrl":"https:\/\/aldiachaco.com.ar\/wp-content\/uploads\/2026\/04\/1000193021-69efd6d4299d5115558760.jpg","datePublished":"2026-04-28T14:42:10+00:00","breadcrumb":{"@id":"https:\/\/aldiachaco.com.ar\/index.php\/2026\/04\/28\/crecida-del-rio-negro-monitoreo-permanente-y-compuertas-abiertas\/#breadcrumb"},"inLanguage":"es-AR","potentialAction":[{"@type":"ReadAction","target":["https:\/\/aldiachaco.com.ar\/index.php\/2026\/04\/28\/crecida-del-rio-negro-monitoreo-permanente-y-compuertas-abiertas\/"]}]},{"@type":"ImageObject","inLanguage":"es-AR","@id":"https:\/\/aldiachaco.com.ar\/index.php\/2026\/04\/28\/crecida-del-rio-negro-monitoreo-permanente-y-compuertas-abiertas\/#primaryimage","url":"https:\/\/aldiachaco.com.ar\/wp-content\/uploads\/2026\/04\/1000193021-69efd6d4299d5115558760.jpg","contentUrl":"https:\/\/aldiachaco.com.ar\/wp-content\/uploads\/2026\/04\/1000193021-69efd6d4299d5115558760.jpg","width":1357,"height":900},{"@type":"BreadcrumbList","@id":"https:\/\/aldiachaco.com.ar\/index.php\/2026\/04\/28\/crecida-del-rio-negro-monitoreo-permanente-y-compuertas-abiertas\/#breadcrumb","itemListElement":[{"@type":"ListItem","position":1,"name":"Home","item":"https:\/\/aldiachaco.com.ar\/"},{"@type":"ListItem","position":2,"name":"Crecida del R\u00edo Negro: monitoreo permanente y compuertas abiertas"}]},{"@type":"WebSite","@id":"https:\/\/aldiachaco.com.ar\/#website","url":"https:\/\/aldiachaco.com.ar\/","name":"Al Dia Chaco","description":"Noticias del Chaco y el mundo","publisher":{"@id":"https:\/\/aldiachaco.com.ar\/#organization"},"alternateName":"Al D\u00eda Chaco","potentialAction":[{"@type":"SearchAction","target":{"@type":"EntryPoint","urlTemplate":"https:\/\/aldiachaco.com.ar\/?s={search_term_string}"},"query-input":{"@type":"PropertyValueSpecification","valueRequired":true,"valueName":"search_term_string"}}],"inLanguage":"es-AR"},{"@type":"Organization","@id":"https:\/\/aldiachaco.com.ar\/#organization","name":"Al Dia Chaco","url":"https:\/\/aldiachaco.com.ar\/","logo":{"@type":"ImageObject","inLanguage":"es-AR","@id":"https:\/\/aldiachaco.com.ar\/#\/schema\/logo\/image\/","url":"https:\/\/aldiachaco.com.ar\/wp-content\/uploads\/2017\/11\/AL-DIA-CHACO-L@2x.png","contentUrl":"https:\/\/aldiachaco.com.ar\/wp-content\/uploads\/2017\/11\/AL-DIA-CHACO-L@2x.png","width":232,"height":60,"caption":"Al Dia Chaco"},"image":{"@id":"https:\/\/aldiachaco.com.ar\/#\/schema\/logo\/image\/"}},{"@type":"Person","@id":"https:\/\/aldiachaco.com.ar\/#\/schema\/person\/b24e975af8022082f5889a7a7299e962","name":"RedaccionRM","image":{"@type":"ImageObject","inLanguage":"es-AR","@id":"https:\/\/aldiachaco.com.ar\/wp-content\/litespeed\/avatar\/a30118fcb7a6295303f1c91164c6aba1.jpg?ver=1777339088","url":"https:\/\/aldiachaco.com.ar\/wp-content\/litespeed\/avatar\/a30118fcb7a6295303f1c91164c6aba1.jpg?ver=1777339088","contentUrl":"https:\/\/aldiachaco.com.ar\/wp-content\/litespeed\/avatar\/a30118fcb7a6295303f1c91164c6aba1.jpg?ver=1777339088","caption":"RedaccionRM"},"url":"https:\/\/aldiachaco.com.ar\/index.php\/author\/redaccionrm\/"}]}},"jetpack_publicize_connections":[],"jetpack_featured_media_url":"https:\/\/aldiachaco.com.ar\/wp-content\/uploads\/2026\/04\/1000193021-69efd6d4299d5115558760.jpg","jetpack_sharing_enabled":true,"amp_enabled":true,"_links":{"self":[{"href":"https:\/\/aldiachaco.com.ar\/index.php\/wp-json\/wp\/v2\/posts\/118311","targetHints":{"allow":["GET"]}}],"collection":[{"href":"https:\/\/aldiachaco.com.ar\/index.php\/wp-json\/wp\/v2\/posts"}],"about":[{"href":"https:\/\/aldiachaco.com.ar\/index.php\/wp-json\/wp\/v2\/types\/post"}],"author":[{"embeddable":true,"href":"https:\/\/aldiachaco.com.ar\/index.php\/wp-json\/wp\/v2\/users\/9"}],"replies":[{"embeddable":true,"href":"https:\/\/aldiachaco.com.ar\/index.php\/wp-json\/wp\/v2\/comments?post=118311"}],"version-history":[{"count":1,"href":"https:\/\/aldiachaco.com.ar\/index.php\/wp-json\/wp\/v2\/posts\/118311\/revisions"}],"predecessor-version":[{"id":118313,"href":"https:\/\/aldiachaco.com.ar\/index.php\/wp-json\/wp\/v2\/posts\/118311\/revisions\/118313"}],"wp:featuredmedia":[{"embeddable":true,"href":"https:\/\/aldiachaco.com.ar\/index.php\/wp-json\/wp\/v2\/media\/118312"}],"wp:attachment":[{"href":"https:\/\/aldiachaco.com.ar\/index.php\/wp-json\/wp\/v2\/media?parent=118311"}],"wp:term":[{"taxonomy":"category","embeddable":true,"href":"https:\/\/aldiachaco.com.ar\/index.php\/wp-json\/wp\/v2\/categories?post=118311"},{"taxonomy":"post_tag","embeddable":true,"href":"https:\/\/aldiachaco.com.ar\/index.php\/wp-json\/wp\/v2\/tags?post=118311"}],"curies":[{"name":"wp","href":"https:\/\/api.w.org\/{rel}","templated":true}]}}