{"id":118307,"date":"2026-04-28T08:15:58","date_gmt":"2026-04-28T11:15:58","guid":{"rendered":"https:\/\/aldiachaco.com.ar\/?p=118307"},"modified":"2026-04-28T08:15:58","modified_gmt":"2026-04-28T11:15:58","slug":"hablo-el-medico-que-le-hizo-el-aborto-a-la-nena-de-13-anos","status":"publish","type":"post","link":"https:\/\/aldiachaco.com.ar\/index.php\/2026\/04\/28\/hablo-el-medico-que-le-hizo-el-aborto-a-la-nena-de-13-anos\/","title":{"rendered":"Habl\u00f3 el m\u00e9dico que le hizo el aborto a la nena de 13 a\u00f1os"},"content":{"rendered":"<p class=\"ds-markdown-paragraph\">Dami\u00e1n Levy es m\u00e9dico obstetra y ginec\u00f3logo, presidente de la Fundaci\u00f3n Cigesar, especializada en salud sexual y &#8220;(no) reproductiva&#8221;, como indica en su p\u00e1gina web. Es el profesional que el viernes de la semana pasada le practic\u00f3 un aborto legal a una nena de 13 a\u00f1os que viaj\u00f3 desde Santiago del Estero con un embarazo de ocho meses, producto de una violaci\u00f3n. El procedimiento se realiz\u00f3 en la cl\u00ednica Santa Mar\u00eda de Villa Ballester, donde d\u00edas despu\u00e9s la Polic\u00eda encontr\u00f3 ocho fetos en bolsas de consorcio durante un allanamiento.<\/p>\n<p class=\"ds-markdown-paragraph\">Levy asegur\u00f3 sentirse &#8220;consternado e impactado por la situaci\u00f3n, pero con la firme convicci\u00f3n de haber realizado lo correcto en el marco legal vigente. Acompa\u00f1ando a la madre y a la ni\u00f1a en esta situaci\u00f3n, haci\u00e9ndolo con la calidad y el respeto que se necesita&#8221;.<\/p>\n<p class=\"ds-markdown-paragraph\">Seg\u00fan cont\u00f3 Levy, hace algunas semanas la Fundaci\u00f3n Cigesar realizaba una campa\u00f1a de salud sexual y reproductiva en Santiago del Estero cuando recibieron la consulta de la nena y su mam\u00e1 para realizar una interrupci\u00f3n legal del embarazo por violaci\u00f3n. La madre explic\u00f3 que no pod\u00edan acceder a este servicio en la provincia, pese a ser legal y contar con la denuncia correspondiente.<\/p>\n<p class=\"ds-markdown-paragraph\">La ley 27.610 de Acceso a la Interrupci\u00f3n Voluntaria del Embarazo establece que el aborto se puede realizar de manera legal y sin cuestionamientos hasta la semana 14 inclusive, pero existen excepciones a partir de la semana 15, como en casos de violaci\u00f3n.<\/p>\n<p class=\"ds-markdown-paragraph\">&#8220;Frente a una situaci\u00f3n de extrema vulnerabilidad y riesgo para su salud, acompa\u00f1amos a la ni\u00f1a y a su mam\u00e1 con asesoramiento y atenci\u00f3n digna, segura y legal&#8221;, explic\u00f3 el m\u00e9dico. Madre e hija fueron trasladadas desde Santiago del Estero hasta la cl\u00ednica y luego de regreso a su casa.<\/p>\n<p class=\"ds-markdown-paragraph\">Levy confirm\u00f3 que el procedimiento se realiz\u00f3 en la cl\u00ednica Santa Mar\u00eda, con la que su fundaci\u00f3n tiene un convenio y trabajan regularmente. &#8220;La pr\u00e1ctica la realizamos con un equipo altamente capacitado&#8221;, asegur\u00f3.<\/p>\n<p class=\"ds-markdown-paragraph\">Seg\u00fan fuentes, en esta cl\u00ednica de Villa Ballester se realizan frecuentemente este tipo de abortos legales y los fetos encontrados, entre los que estaba el de la nena, correspond\u00edan a procedimientos legales. As\u00ed lo corrobor\u00f3 el Ministerio de Salud de la provincia de Buenos Aires en una inspecci\u00f3n realizada este lunes. Los restos se despachan como residuos patol\u00f3gicos y estaban esperando su traslado por parte de la empresa que se ocupa de mover este tipo de descartes.<\/p>\n<p class=\"ds-markdown-paragraph\">Ahora, la Justicia est\u00e1 determinando qu\u00e9 feto corresponde a la nena para poder analizarlo y obtener el ADN del violador. Hay dos hombres denunciados que contin\u00faan pr\u00f3fugos.<\/p>\n<p class=\"ds-markdown-paragraph\">Sobre el accionar de la fundaci\u00f3n, Levy asegur\u00f3 que est\u00e1 tranquilo, pero que le impact\u00f3 la magnitud que tom\u00f3 el caso: &#8220;Como equipo de Cigesar estamos consternados por lo ocurrido. Actuamos con calidad y legalidad atendiendo a una ni\u00f1a y su mam\u00e1. Tenemos la convicci\u00f3n de trabajar por la salud y el bienestar de las personas con el respeto y la \u00e9tica profesional que corresponde&#8221;.<\/p>\n<p class=\"ds-markdown-paragraph\">Tanto la nena como su mam\u00e1 ya volvieron a Santiago del Estero y la causa que investiga la violaci\u00f3n contin\u00faa su curso.<\/p>\n<p><img loading=\"lazy\" decoding=\"async\" class=\"alignnone size-medium wp-image-118308\" src=\"https:\/\/aldiachaco.com.ar\/wp-content\/uploads\/2026\/04\/Captura-de-pantalla-2026-04-28-075546-169x300.png\" alt=\"\" width=\"169\" height=\"300\" srcset=\"https:\/\/aldiachaco.com.ar\/wp-content\/uploads\/2026\/04\/Captura-de-pantalla-2026-04-28-075546-169x300.png 169w, https:\/\/aldiachaco.com.ar\/wp-content\/uploads\/2026\/04\/Captura-de-pantalla-2026-04-28-075546-264x470.png 264w, https:\/\/aldiachaco.com.ar\/wp-content\/uploads\/2026\/04\/Captura-de-pantalla-2026-04-28-075546.png 337w\" sizes=\"auto, (max-width: 169px) 100vw, 169px\" \/><\/p>\n","protected":false},"excerpt":{"rendered":"<p>Dami\u00e1n Levy es m\u00e9dico obstetra y ginec\u00f3logo, presidente de la Fundaci\u00f3n Cigesar, especializada en salud sexual y &#8220;(no) reproductiva&#8221;, como indica en su p\u00e1gina web. Es el profesional que el viernes de la semana pasada le practic\u00f3 un aborto legal a una nena de 13 a\u00f1os que viaj\u00f3 desde Santiago del Estero con un embarazo &hellip;<\/p>\n","protected":false},"author":9,"featured_media":118309,"comment_status":"open","ping_status":"open","sticky":false,"template":"","format":"standard","meta":{"content-type":"","_monsterinsights_skip_tracking":false,"_monsterinsights_sitenote_active":false,"_monsterinsights_sitenote_note":"","_monsterinsights_sitenote_category":0,"_jetpack_memberships_contains_paid_content":false,"footnotes":"","jetpack_publicize_message":"","jetpack_publicize_feature_enabled":true,"jetpack_social_post_already_shared":true,"jetpack_social_options":{"image_generator_settings":{"template":"highway","default_image_id":0,"font":"","enabled":false},"version":2}},"categories":[94],"tags":[],"class_list":["post-118307","post","type-post","status-publish","format-standard","has-post-thumbnail","hentry","category-nacionales"],"yoast_head":"<!-- This site is optimized with the Yoast SEO plugin v27.4 - https:\/\/yoast.com\/product\/yoast-seo-wordpress\/ -->\n<title>Habl\u00f3 el m\u00e9dico que le hizo el aborto a la nena de 13 a\u00f1os | Al Dia Chaco<\/title>\n<meta name=\"robots\" content=\"index, follow, max-snippet:-1, max-image-preview:large, max-video-preview:-1\" \/>\n<link rel=\"canonical\" href=\"https:\/\/aldiachaco.com.ar\/index.php\/2026\/04\/28\/hablo-el-medico-que-le-hizo-el-aborto-a-la-nena-de-13-anos\/\" \/>\n<meta property=\"og:locale\" content=\"es_ES\" \/>\n<meta property=\"og:type\" content=\"article\" \/>\n<meta property=\"og:title\" content=\"Habl\u00f3 el m\u00e9dico que le hizo el aborto a la nena de 13 a\u00f1os | Al Dia Chaco\" \/>\n<meta property=\"og:description\" content=\"Dami\u00e1n Levy es m\u00e9dico obstetra y ginec\u00f3logo, presidente de la Fundaci\u00f3n Cigesar, especializada en salud sexual y &#8220;(no) reproductiva&#8221;, como indica en su p\u00e1gina web. Es el profesional que el viernes de la semana pasada le practic\u00f3 un aborto legal a una nena de 13 a\u00f1os que viaj\u00f3 desde Santiago del Estero con un embarazo &hellip;\" \/>\n<meta property=\"og:url\" content=\"https:\/\/aldiachaco.com.ar\/index.php\/2026\/04\/28\/hablo-el-medico-que-le-hizo-el-aborto-a-la-nena-de-13-anos\/\" \/>\n<meta property=\"og:site_name\" content=\"Al Dia Chaco\" \/>\n<meta property=\"article:published_time\" content=\"2026-04-28T11:15:58+00:00\" \/>\n<meta property=\"og:image\" content=\"https:\/\/aldiachaco.com.ar\/wp-content\/uploads\/2026\/04\/Captura-de-pantalla-2026-04-28-075752.png\" \/>\n\t<meta property=\"og:image:width\" content=\"900\" \/>\n\t<meta property=\"og:image:height\" content=\"601\" \/>\n\t<meta property=\"og:image:type\" content=\"image\/png\" \/>\n<meta name=\"author\" content=\"RedaccionRM\" \/>\n<meta name=\"twitter:card\" content=\"summary_large_image\" \/>\n<meta name=\"twitter:label1\" content=\"Escrito por\" \/>\n\t<meta name=\"twitter:data1\" content=\"RedaccionRM\" \/>\n\t<meta name=\"twitter:label2\" content=\"Tiempo de lectura\" \/>\n\t<meta name=\"twitter:data2\" content=\"3 minutos\" \/>\n<script type=\"application\/ld+json\" class=\"yoast-schema-graph\">{\"@context\":\"https:\\\/\\\/schema.org\",\"@graph\":[{\"@type\":\"Article\",\"@id\":\"https:\\\/\\\/aldiachaco.com.ar\\\/index.php\\\/2026\\\/04\\\/28\\\/hablo-el-medico-que-le-hizo-el-aborto-a-la-nena-de-13-anos\\\/#article\",\"isPartOf\":{\"@id\":\"https:\\\/\\\/aldiachaco.com.ar\\\/index.php\\\/2026\\\/04\\\/28\\\/hablo-el-medico-que-le-hizo-el-aborto-a-la-nena-de-13-anos\\\/\"},\"author\":{\"name\":\"RedaccionRM\",\"@id\":\"https:\\\/\\\/aldiachaco.com.ar\\\/#\\\/schema\\\/person\\\/b24e975af8022082f5889a7a7299e962\"},\"headline\":\"Habl\u00f3 el m\u00e9dico que le hizo el aborto a la nena de 13 a\u00f1os\",\"datePublished\":\"2026-04-28T11:15:58+00:00\",\"mainEntityOfPage\":{\"@id\":\"https:\\\/\\\/aldiachaco.com.ar\\\/index.php\\\/2026\\\/04\\\/28\\\/hablo-el-medico-que-le-hizo-el-aborto-a-la-nena-de-13-anos\\\/\"},\"wordCount\":573,\"commentCount\":0,\"publisher\":{\"@id\":\"https:\\\/\\\/aldiachaco.com.ar\\\/#organization\"},\"image\":{\"@id\":\"https:\\\/\\\/aldiachaco.com.ar\\\/index.php\\\/2026\\\/04\\\/28\\\/hablo-el-medico-que-le-hizo-el-aborto-a-la-nena-de-13-anos\\\/#primaryimage\"},\"thumbnailUrl\":\"https:\\\/\\\/aldiachaco.com.ar\\\/wp-content\\\/uploads\\\/2026\\\/04\\\/Captura-de-pantalla-2026-04-28-075752.png\",\"articleSection\":[\"Nacionales\"],\"inLanguage\":\"es-AR\",\"potentialAction\":[{\"@type\":\"CommentAction\",\"name\":\"Comment\",\"target\":[\"https:\\\/\\\/aldiachaco.com.ar\\\/index.php\\\/2026\\\/04\\\/28\\\/hablo-el-medico-que-le-hizo-el-aborto-a-la-nena-de-13-anos\\\/#respond\"]}]},{\"@type\":\"WebPage\",\"@id\":\"https:\\\/\\\/aldiachaco.com.ar\\\/index.php\\\/2026\\\/04\\\/28\\\/hablo-el-medico-que-le-hizo-el-aborto-a-la-nena-de-13-anos\\\/\",\"url\":\"https:\\\/\\\/aldiachaco.com.ar\\\/index.php\\\/2026\\\/04\\\/28\\\/hablo-el-medico-que-le-hizo-el-aborto-a-la-nena-de-13-anos\\\/\",\"name\":\"Habl\u00f3 el m\u00e9dico que le hizo el aborto a la nena de 13 a\u00f1os | Al Dia Chaco\",\"isPartOf\":{\"@id\":\"https:\\\/\\\/aldiachaco.com.ar\\\/#website\"},\"primaryImageOfPage\":{\"@id\":\"https:\\\/\\\/aldiachaco.com.ar\\\/index.php\\\/2026\\\/04\\\/28\\\/hablo-el-medico-que-le-hizo-el-aborto-a-la-nena-de-13-anos\\\/#primaryimage\"},\"image\":{\"@id\":\"https:\\\/\\\/aldiachaco.com.ar\\\/index.php\\\/2026\\\/04\\\/28\\\/hablo-el-medico-que-le-hizo-el-aborto-a-la-nena-de-13-anos\\\/#primaryimage\"},\"thumbnailUrl\":\"https:\\\/\\\/aldiachaco.com.ar\\\/wp-content\\\/uploads\\\/2026\\\/04\\\/Captura-de-pantalla-2026-04-28-075752.png\",\"datePublished\":\"2026-04-28T11:15:58+00:00\",\"breadcrumb\":{\"@id\":\"https:\\\/\\\/aldiachaco.com.ar\\\/index.php\\\/2026\\\/04\\\/28\\\/hablo-el-medico-que-le-hizo-el-aborto-a-la-nena-de-13-anos\\\/#breadcrumb\"},\"inLanguage\":\"es-AR\",\"potentialAction\":[{\"@type\":\"ReadAction\",\"target\":[\"https:\\\/\\\/aldiachaco.com.ar\\\/index.php\\\/2026\\\/04\\\/28\\\/hablo-el-medico-que-le-hizo-el-aborto-a-la-nena-de-13-anos\\\/\"]}]},{\"@type\":\"ImageObject\",\"inLanguage\":\"es-AR\",\"@id\":\"https:\\\/\\\/aldiachaco.com.ar\\\/index.php\\\/2026\\\/04\\\/28\\\/hablo-el-medico-que-le-hizo-el-aborto-a-la-nena-de-13-anos\\\/#primaryimage\",\"url\":\"https:\\\/\\\/aldiachaco.com.ar\\\/wp-content\\\/uploads\\\/2026\\\/04\\\/Captura-de-pantalla-2026-04-28-075752.png\",\"contentUrl\":\"https:\\\/\\\/aldiachaco.com.ar\\\/wp-content\\\/uploads\\\/2026\\\/04\\\/Captura-de-pantalla-2026-04-28-075752.png\",\"width\":900,\"height\":601},{\"@type\":\"BreadcrumbList\",\"@id\":\"https:\\\/\\\/aldiachaco.com.ar\\\/index.php\\\/2026\\\/04\\\/28\\\/hablo-el-medico-que-le-hizo-el-aborto-a-la-nena-de-13-anos\\\/#breadcrumb\",\"itemListElement\":[{\"@type\":\"ListItem\",\"position\":1,\"name\":\"Home\",\"item\":\"https:\\\/\\\/aldiachaco.com.ar\\\/\"},{\"@type\":\"ListItem\",\"position\":2,\"name\":\"Habl\u00f3 el m\u00e9dico que le hizo el aborto a la nena de 13 a\u00f1os\"}]},{\"@type\":\"WebSite\",\"@id\":\"https:\\\/\\\/aldiachaco.com.ar\\\/#website\",\"url\":\"https:\\\/\\\/aldiachaco.com.ar\\\/\",\"name\":\"Al Dia Chaco\",\"description\":\"Noticias del Chaco y el mundo\",\"publisher\":{\"@id\":\"https:\\\/\\\/aldiachaco.com.ar\\\/#organization\"},\"alternateName\":\"Al D\u00eda Chaco\",\"potentialAction\":[{\"@type\":\"SearchAction\",\"target\":{\"@type\":\"EntryPoint\",\"urlTemplate\":\"https:\\\/\\\/aldiachaco.com.ar\\\/?s={search_term_string}\"},\"query-input\":{\"@type\":\"PropertyValueSpecification\",\"valueRequired\":true,\"valueName\":\"search_term_string\"}}],\"inLanguage\":\"es-AR\"},{\"@type\":\"Organization\",\"@id\":\"https:\\\/\\\/aldiachaco.com.ar\\\/#organization\",\"name\":\"Al Dia Chaco\",\"url\":\"https:\\\/\\\/aldiachaco.com.ar\\\/\",\"logo\":{\"@type\":\"ImageObject\",\"inLanguage\":\"es-AR\",\"@id\":\"https:\\\/\\\/aldiachaco.com.ar\\\/#\\\/schema\\\/logo\\\/image\\\/\",\"url\":\"https:\\\/\\\/aldiachaco.com.ar\\\/wp-content\\\/uploads\\\/2017\\\/11\\\/AL-DIA-CHACO-L@2x.png\",\"contentUrl\":\"https:\\\/\\\/aldiachaco.com.ar\\\/wp-content\\\/uploads\\\/2017\\\/11\\\/AL-DIA-CHACO-L@2x.png\",\"width\":232,\"height\":60,\"caption\":\"Al Dia Chaco\"},\"image\":{\"@id\":\"https:\\\/\\\/aldiachaco.com.ar\\\/#\\\/schema\\\/logo\\\/image\\\/\"}},{\"@type\":\"Person\",\"@id\":\"https:\\\/\\\/aldiachaco.com.ar\\\/#\\\/schema\\\/person\\\/b24e975af8022082f5889a7a7299e962\",\"name\":\"RedaccionRM\",\"image\":{\"@type\":\"ImageObject\",\"inLanguage\":\"es-AR\",\"@id\":\"https:\\\/\\\/aldiachaco.com.ar\\\/wp-content\\\/litespeed\\\/avatar\\\/a30118fcb7a6295303f1c91164c6aba1.jpg?ver=1777339088\",\"url\":\"https:\\\/\\\/aldiachaco.com.ar\\\/wp-content\\\/litespeed\\\/avatar\\\/a30118fcb7a6295303f1c91164c6aba1.jpg?ver=1777339088\",\"contentUrl\":\"https:\\\/\\\/aldiachaco.com.ar\\\/wp-content\\\/litespeed\\\/avatar\\\/a30118fcb7a6295303f1c91164c6aba1.jpg?ver=1777339088\",\"caption\":\"RedaccionRM\"},\"url\":\"https:\\\/\\\/aldiachaco.com.ar\\\/index.php\\\/author\\\/redaccionrm\\\/\"}]}<\/script>\n<!-- \/ Yoast SEO plugin. -->","yoast_head_json":{"title":"Habl\u00f3 el m\u00e9dico que le hizo el aborto a la nena de 13 a\u00f1os | Al Dia Chaco","robots":{"index":"index","follow":"follow","max-snippet":"max-snippet:-1","max-image-preview":"max-image-preview:large","max-video-preview":"max-video-preview:-1"},"canonical":"https:\/\/aldiachaco.com.ar\/index.php\/2026\/04\/28\/hablo-el-medico-que-le-hizo-el-aborto-a-la-nena-de-13-anos\/","og_locale":"es_ES","og_type":"article","og_title":"Habl\u00f3 el m\u00e9dico que le hizo el aborto a la nena de 13 a\u00f1os | Al Dia Chaco","og_description":"Dami\u00e1n Levy es m\u00e9dico obstetra y ginec\u00f3logo, presidente de la Fundaci\u00f3n Cigesar, especializada en salud sexual y &#8220;(no) reproductiva&#8221;, como indica en su p\u00e1gina web. Es el profesional que el viernes de la semana pasada le practic\u00f3 un aborto legal a una nena de 13 a\u00f1os que viaj\u00f3 desde Santiago del Estero con un embarazo &hellip;","og_url":"https:\/\/aldiachaco.com.ar\/index.php\/2026\/04\/28\/hablo-el-medico-que-le-hizo-el-aborto-a-la-nena-de-13-anos\/","og_site_name":"Al Dia Chaco","article_published_time":"2026-04-28T11:15:58+00:00","og_image":[{"width":900,"height":601,"url":"https:\/\/aldiachaco.com.ar\/wp-content\/uploads\/2026\/04\/Captura-de-pantalla-2026-04-28-075752.png","type":"image\/png"}],"author":"RedaccionRM","twitter_card":"summary_large_image","twitter_misc":{"Escrito por":"RedaccionRM","Tiempo de lectura":"3 minutos"},"schema":{"@context":"https:\/\/schema.org","@graph":[{"@type":"Article","@id":"https:\/\/aldiachaco.com.ar\/index.php\/2026\/04\/28\/hablo-el-medico-que-le-hizo-el-aborto-a-la-nena-de-13-anos\/#article","isPartOf":{"@id":"https:\/\/aldiachaco.com.ar\/index.php\/2026\/04\/28\/hablo-el-medico-que-le-hizo-el-aborto-a-la-nena-de-13-anos\/"},"author":{"name":"RedaccionRM","@id":"https:\/\/aldiachaco.com.ar\/#\/schema\/person\/b24e975af8022082f5889a7a7299e962"},"headline":"Habl\u00f3 el m\u00e9dico que le hizo el aborto a la nena de 13 a\u00f1os","datePublished":"2026-04-28T11:15:58+00:00","mainEntityOfPage":{"@id":"https:\/\/aldiachaco.com.ar\/index.php\/2026\/04\/28\/hablo-el-medico-que-le-hizo-el-aborto-a-la-nena-de-13-anos\/"},"wordCount":573,"commentCount":0,"publisher":{"@id":"https:\/\/aldiachaco.com.ar\/#organization"},"image":{"@id":"https:\/\/aldiachaco.com.ar\/index.php\/2026\/04\/28\/hablo-el-medico-que-le-hizo-el-aborto-a-la-nena-de-13-anos\/#primaryimage"},"thumbnailUrl":"https:\/\/aldiachaco.com.ar\/wp-content\/uploads\/2026\/04\/Captura-de-pantalla-2026-04-28-075752.png","articleSection":["Nacionales"],"inLanguage":"es-AR","potentialAction":[{"@type":"CommentAction","name":"Comment","target":["https:\/\/aldiachaco.com.ar\/index.php\/2026\/04\/28\/hablo-el-medico-que-le-hizo-el-aborto-a-la-nena-de-13-anos\/#respond"]}]},{"@type":"WebPage","@id":"https:\/\/aldiachaco.com.ar\/index.php\/2026\/04\/28\/hablo-el-medico-que-le-hizo-el-aborto-a-la-nena-de-13-anos\/","url":"https:\/\/aldiachaco.com.ar\/index.php\/2026\/04\/28\/hablo-el-medico-que-le-hizo-el-aborto-a-la-nena-de-13-anos\/","name":"Habl\u00f3 el m\u00e9dico que le hizo el aborto a la nena de 13 a\u00f1os | Al Dia Chaco","isPartOf":{"@id":"https:\/\/aldiachaco.com.ar\/#website"},"primaryImageOfPage":{"@id":"https:\/\/aldiachaco.com.ar\/index.php\/2026\/04\/28\/hablo-el-medico-que-le-hizo-el-aborto-a-la-nena-de-13-anos\/#primaryimage"},"image":{"@id":"https:\/\/aldiachaco.com.ar\/index.php\/2026\/04\/28\/hablo-el-medico-que-le-hizo-el-aborto-a-la-nena-de-13-anos\/#primaryimage"},"thumbnailUrl":"https:\/\/aldiachaco.com.ar\/wp-content\/uploads\/2026\/04\/Captura-de-pantalla-2026-04-28-075752.png","datePublished":"2026-04-28T11:15:58+00:00","breadcrumb":{"@id":"https:\/\/aldiachaco.com.ar\/index.php\/2026\/04\/28\/hablo-el-medico-que-le-hizo-el-aborto-a-la-nena-de-13-anos\/#breadcrumb"},"inLanguage":"es-AR","potentialAction":[{"@type":"ReadAction","target":["https:\/\/aldiachaco.com.ar\/index.php\/2026\/04\/28\/hablo-el-medico-que-le-hizo-el-aborto-a-la-nena-de-13-anos\/"]}]},{"@type":"ImageObject","inLanguage":"es-AR","@id":"https:\/\/aldiachaco.com.ar\/index.php\/2026\/04\/28\/hablo-el-medico-que-le-hizo-el-aborto-a-la-nena-de-13-anos\/#primaryimage","url":"https:\/\/aldiachaco.com.ar\/wp-content\/uploads\/2026\/04\/Captura-de-pantalla-2026-04-28-075752.png","contentUrl":"https:\/\/aldiachaco.com.ar\/wp-content\/uploads\/2026\/04\/Captura-de-pantalla-2026-04-28-075752.png","width":900,"height":601},{"@type":"BreadcrumbList","@id":"https:\/\/aldiachaco.com.ar\/index.php\/2026\/04\/28\/hablo-el-medico-que-le-hizo-el-aborto-a-la-nena-de-13-anos\/#breadcrumb","itemListElement":[{"@type":"ListItem","position":1,"name":"Home","item":"https:\/\/aldiachaco.com.ar\/"},{"@type":"ListItem","position":2,"name":"Habl\u00f3 el m\u00e9dico que le hizo el aborto a la nena de 13 a\u00f1os"}]},{"@type":"WebSite","@id":"https:\/\/aldiachaco.com.ar\/#website","url":"https:\/\/aldiachaco.com.ar\/","name":"Al Dia Chaco","description":"Noticias del Chaco y el mundo","publisher":{"@id":"https:\/\/aldiachaco.com.ar\/#organization"},"alternateName":"Al D\u00eda Chaco","potentialAction":[{"@type":"SearchAction","target":{"@type":"EntryPoint","urlTemplate":"https:\/\/aldiachaco.com.ar\/?s={search_term_string}"},"query-input":{"@type":"PropertyValueSpecification","valueRequired":true,"valueName":"search_term_string"}}],"inLanguage":"es-AR"},{"@type":"Organization","@id":"https:\/\/aldiachaco.com.ar\/#organization","name":"Al Dia Chaco","url":"https:\/\/aldiachaco.com.ar\/","logo":{"@type":"ImageObject","inLanguage":"es-AR","@id":"https:\/\/aldiachaco.com.ar\/#\/schema\/logo\/image\/","url":"https:\/\/aldiachaco.com.ar\/wp-content\/uploads\/2017\/11\/AL-DIA-CHACO-L@2x.png","contentUrl":"https:\/\/aldiachaco.com.ar\/wp-content\/uploads\/2017\/11\/AL-DIA-CHACO-L@2x.png","width":232,"height":60,"caption":"Al Dia Chaco"},"image":{"@id":"https:\/\/aldiachaco.com.ar\/#\/schema\/logo\/image\/"}},{"@type":"Person","@id":"https:\/\/aldiachaco.com.ar\/#\/schema\/person\/b24e975af8022082f5889a7a7299e962","name":"RedaccionRM","image":{"@type":"ImageObject","inLanguage":"es-AR","@id":"https:\/\/aldiachaco.com.ar\/wp-content\/litespeed\/avatar\/a30118fcb7a6295303f1c91164c6aba1.jpg?ver=1777339088","url":"https:\/\/aldiachaco.com.ar\/wp-content\/litespeed\/avatar\/a30118fcb7a6295303f1c91164c6aba1.jpg?ver=1777339088","contentUrl":"https:\/\/aldiachaco.com.ar\/wp-content\/litespeed\/avatar\/a30118fcb7a6295303f1c91164c6aba1.jpg?ver=1777339088","caption":"RedaccionRM"},"url":"https:\/\/aldiachaco.com.ar\/index.php\/author\/redaccionrm\/"}]}},"jetpack_publicize_connections":[],"jetpack_featured_media_url":"https:\/\/aldiachaco.com.ar\/wp-content\/uploads\/2026\/04\/Captura-de-pantalla-2026-04-28-075752.png","jetpack_sharing_enabled":true,"amp_enabled":true,"_links":{"self":[{"href":"https:\/\/aldiachaco.com.ar\/index.php\/wp-json\/wp\/v2\/posts\/118307","targetHints":{"allow":["GET"]}}],"collection":[{"href":"https:\/\/aldiachaco.com.ar\/index.php\/wp-json\/wp\/v2\/posts"}],"about":[{"href":"https:\/\/aldiachaco.com.ar\/index.php\/wp-json\/wp\/v2\/types\/post"}],"author":[{"embeddable":true,"href":"https:\/\/aldiachaco.com.ar\/index.php\/wp-json\/wp\/v2\/users\/9"}],"replies":[{"embeddable":true,"href":"https:\/\/aldiachaco.com.ar\/index.php\/wp-json\/wp\/v2\/comments?post=118307"}],"version-history":[{"count":1,"href":"https:\/\/aldiachaco.com.ar\/index.php\/wp-json\/wp\/v2\/posts\/118307\/revisions"}],"predecessor-version":[{"id":118310,"href":"https:\/\/aldiachaco.com.ar\/index.php\/wp-json\/wp\/v2\/posts\/118307\/revisions\/118310"}],"wp:featuredmedia":[{"embeddable":true,"href":"https:\/\/aldiachaco.com.ar\/index.php\/wp-json\/wp\/v2\/media\/118309"}],"wp:attachment":[{"href":"https:\/\/aldiachaco.com.ar\/index.php\/wp-json\/wp\/v2\/media?parent=118307"}],"wp:term":[{"taxonomy":"category","embeddable":true,"href":"https:\/\/aldiachaco.com.ar\/index.php\/wp-json\/wp\/v2\/categories?post=118307"},{"taxonomy":"post_tag","embeddable":true,"href":"https:\/\/aldiachaco.com.ar\/index.php\/wp-json\/wp\/v2\/tags?post=118307"}],"curies":[{"name":"wp","href":"https:\/\/api.w.org\/{rel}","templated":true}]}}