{"id":118304,"date":"2026-04-28T08:02:29","date_gmt":"2026-04-28T11:02:29","guid":{"rendered":"https:\/\/aldiachaco.com.ar\/?p=118304"},"modified":"2026-04-28T08:02:29","modified_gmt":"2026-04-28T11:02:29","slug":"una-historica-empresa-de-muebles-prepara-el-pedido-de-convocatoria-de-acreedores","status":"publish","type":"post","link":"https:\/\/aldiachaco.com.ar\/index.php\/2026\/04\/28\/una-historica-empresa-de-muebles-prepara-el-pedido-de-convocatoria-de-acreedores\/","title":{"rendered":"Una hist\u00f3rica empresa de muebles prepara el pedido de convocatoria de acreedores"},"content":{"rendered":"<p>En un contexto de ca\u00edda del consumo y cierre de numerosas industrias, la firma de amoblamientos Reno prepara su convocatoria de acreedores. Se trata de una importante empresa en el sector de cocinas, con base en Santa Fe. Fundada en los a\u00f1os 50, su negocio se centra en el dise\u00f1o y fabricaci\u00f3n de muebles a medida. La compa\u00f1\u00eda, con origen en un taller artesanal, consolid\u00f3 su nombre en el sector de amoblamientos de cocina, placares y vestidores con una propuesta que se diferencia de las grandes cadenas por su enfoque personalizado.<\/p>\n<p>&nbsp;<\/p>\n<p>Reconocida en el mercado de interiorismo y construcci\u00f3n, se orienta a proyectos que requieren soluciones espec\u00edficas y atenci\u00f3n individual. Apunta a un segmento de consumidores de nivel medio y alto, y lleg\u00f3 a exportar a pa\u00edses de la regi\u00f3n.<\/p>\n<p>&nbsp;<\/p>\n<p>Fuentes del sector comentan que al desmanejo financiero de la empresa, atravesada por el recambio generacional de la direcci\u00f3n, se suma la fuerte ca\u00edda de ventas. La posibilidad del pedido formal de convocatoria sorprendi\u00f3, dado el calibre de la firma. Otra fuente se\u00f1al\u00f3 que ten\u00eda un marcado atraso en obras y que en Mendoza puntualmente tuvieron problemas importantes: la empresa habr\u00eda dejado compromisos incumplidos, con numerosos clientes afectados.<\/p>\n<p>&nbsp;<\/p>\n<p>En algunos casos, afirman, se trataba de operaciones en las que se solicitaba el pago del 100% por adelantado, generalmente a cambio de un precio m\u00e1s bajo, y luego no se cumpl\u00eda con la entrega de las cocinas.<\/p>\n<p>&nbsp;<\/p>\n<p>En t\u00e9rminos generales, &#8220;se va cerrando el camino&#8221;, aseguran en el rubro en relaci\u00f3n al proceso de reconversi\u00f3n. Aunque muchas f\u00e1bricas comenzaron aboc\u00e1ndose a los muebles a medida, la retracci\u00f3n de la demanda masiva es tal que aparecen cada vez m\u00e1s competidores en los nichos. &#8220;El punto tambi\u00e9n es c\u00f3mo se reconvierten las empresas y con qu\u00e9 respaldo financiero cuentan para hacerlo. Las m\u00e1quinas disponibles est\u00e1n dise\u00f1adas para producir determinados productos y no necesariamente pueden adaptarse a otros, lo cual vuelve este proceso especialmente delicado&#8221;, indicaron las fuentes.<\/p>\n<p>&nbsp;<\/p>\n<p>La competencia con Brasil contin\u00faa intensific\u00e1ndose y ejerce una creciente presi\u00f3n sobre la industria local, especialmente en el segmento de muebles que pueden transportarse en cajas, como bibliotecas e incluso sillones. Seg\u00fan indican, el panorama empeora porque el pa\u00eds vecino est\u00e1 financiando exportaciones. &#8220;Va a tomar mucho mercado cuando se despierte&#8221;, sostienen. Por otra parte, explican que aquellas empresas dedicadas a la forestoindustria son las m\u00e1s afectadas, principalmente por el fin de la obra p\u00fablica.<\/p>\n<p>&nbsp;<\/p>\n<p>Seg\u00fan el \u00faltimo relevamiento de la Confederaci\u00f3n Argentina de la Mediana Empresa (CAME), la actividad del sector Bazar, decoraci\u00f3n, textiles de hogar y muebles se contrajo un 8,3% en marzo respecto al a\u00f1o anterior. &#8220;El presupuesto de los hogares prioriz\u00f3 los gastos escolares y de subsistencia, postergando la renovaci\u00f3n de mobiliario y art\u00edculos decorativos. La inflaci\u00f3n y la erosi\u00f3n de los ingresos reales limitaron el volumen f\u00edsico de ventas en el per\u00edodo&#8221;, se\u00f1al\u00f3 la entidad.<\/p>\n<p>&nbsp;<\/p>\n<p>Y asegur\u00f3 que se registr\u00f3 un menor flujo de clientes en locales f\u00edsicos, concentrando la demanda en elementos de bajo costo unitario. Los reportes indican que el uso de tarjetas de cr\u00e9dito y beneficios bancarios fue el principal recurso para concretar transacciones. &#8220;El alza en los costos operativos, como impuestos y servicios, redujo los m\u00e1rgenes de ganancia. Los vendedores se\u00f1alan una fuerte competencia de canales informales y bazares de bajo precio. La recuperaci\u00f3n de los niveles de venta depende de la mejora en la capacidad de ahorro y la flexibilidad del financiamiento&#8221;, concluy\u00f3 el informe.<\/p>\n<p>&nbsp;<\/p>\n","protected":false},"excerpt":{"rendered":"<p>En un contexto de ca\u00edda del consumo y cierre de numerosas industrias, la firma de amoblamientos Reno prepara su convocatoria de acreedores. Se trata de una importante empresa en el sector de cocinas, con base en Santa Fe. Fundada en los a\u00f1os 50, su negocio se centra en el dise\u00f1o y fabricaci\u00f3n de muebles a &hellip;<\/p>\n","protected":false},"author":9,"featured_media":118305,"comment_status":"open","ping_status":"open","sticky":false,"template":"","format":"standard","meta":{"content-type":"","_monsterinsights_skip_tracking":false,"_monsterinsights_sitenote_active":false,"_monsterinsights_sitenote_note":"","_monsterinsights_sitenote_category":0,"_jetpack_memberships_contains_paid_content":false,"footnotes":"","jetpack_publicize_message":"","jetpack_publicize_feature_enabled":true,"jetpack_social_post_already_shared":true,"jetpack_social_options":{"image_generator_settings":{"template":"highway","default_image_id":0,"font":"","enabled":false},"version":2}},"categories":[65],"tags":[],"class_list":["post-118304","post","type-post","status-publish","format-standard","has-post-thumbnail","hentry","category-economia"],"yoast_head":"<!-- This site is optimized with the Yoast SEO plugin v27.4 - https:\/\/yoast.com\/product\/yoast-seo-wordpress\/ -->\n<title>Una hist\u00f3rica empresa de muebles prepara el pedido de convocatoria de acreedores | Al Dia Chaco<\/title>\n<meta name=\"robots\" content=\"index, follow, max-snippet:-1, max-image-preview:large, max-video-preview:-1\" \/>\n<link rel=\"canonical\" href=\"https:\/\/aldiachaco.com.ar\/index.php\/2026\/04\/28\/una-historica-empresa-de-muebles-prepara-el-pedido-de-convocatoria-de-acreedores\/\" \/>\n<meta property=\"og:locale\" content=\"es_ES\" \/>\n<meta property=\"og:type\" content=\"article\" \/>\n<meta property=\"og:title\" content=\"Una hist\u00f3rica empresa de muebles prepara el pedido de convocatoria de acreedores | Al Dia Chaco\" \/>\n<meta property=\"og:description\" content=\"En un contexto de ca\u00edda del consumo y cierre de numerosas industrias, la firma de amoblamientos Reno prepara su convocatoria de acreedores. Se trata de una importante empresa en el sector de cocinas, con base en Santa Fe. Fundada en los a\u00f1os 50, su negocio se centra en el dise\u00f1o y fabricaci\u00f3n de muebles a &hellip;\" \/>\n<meta property=\"og:url\" content=\"https:\/\/aldiachaco.com.ar\/index.php\/2026\/04\/28\/una-historica-empresa-de-muebles-prepara-el-pedido-de-convocatoria-de-acreedores\/\" \/>\n<meta property=\"og:site_name\" content=\"Al Dia Chaco\" \/>\n<meta property=\"article:published_time\" content=\"2026-04-28T11:02:29+00:00\" \/>\n<meta property=\"og:image\" content=\"https:\/\/aldiachaco.com.ar\/wp-content\/uploads\/2026\/04\/BEZAPT76RFHPXCCJETVM4NTJ3U.jpg\" \/>\n\t<meta property=\"og:image:width\" content=\"992\" \/>\n\t<meta property=\"og:image:height\" content=\"522\" \/>\n\t<meta property=\"og:image:type\" content=\"image\/jpeg\" \/>\n<meta name=\"author\" content=\"RedaccionRM\" \/>\n<meta name=\"twitter:card\" content=\"summary_large_image\" \/>\n<meta name=\"twitter:label1\" content=\"Escrito por\" \/>\n\t<meta name=\"twitter:data1\" content=\"RedaccionRM\" \/>\n\t<meta name=\"twitter:label2\" content=\"Tiempo de lectura\" \/>\n\t<meta name=\"twitter:data2\" content=\"3 minutos\" \/>\n<script type=\"application\/ld+json\" class=\"yoast-schema-graph\">{\"@context\":\"https:\\\/\\\/schema.org\",\"@graph\":[{\"@type\":\"Article\",\"@id\":\"https:\\\/\\\/aldiachaco.com.ar\\\/index.php\\\/2026\\\/04\\\/28\\\/una-historica-empresa-de-muebles-prepara-el-pedido-de-convocatoria-de-acreedores\\\/#article\",\"isPartOf\":{\"@id\":\"https:\\\/\\\/aldiachaco.com.ar\\\/index.php\\\/2026\\\/04\\\/28\\\/una-historica-empresa-de-muebles-prepara-el-pedido-de-convocatoria-de-acreedores\\\/\"},\"author\":{\"name\":\"RedaccionRM\",\"@id\":\"https:\\\/\\\/aldiachaco.com.ar\\\/#\\\/schema\\\/person\\\/b24e975af8022082f5889a7a7299e962\"},\"headline\":\"Una hist\u00f3rica empresa de muebles prepara el pedido de convocatoria de acreedores\",\"datePublished\":\"2026-04-28T11:02:29+00:00\",\"mainEntityOfPage\":{\"@id\":\"https:\\\/\\\/aldiachaco.com.ar\\\/index.php\\\/2026\\\/04\\\/28\\\/una-historica-empresa-de-muebles-prepara-el-pedido-de-convocatoria-de-acreedores\\\/\"},\"wordCount\":639,\"commentCount\":0,\"publisher\":{\"@id\":\"https:\\\/\\\/aldiachaco.com.ar\\\/#organization\"},\"image\":{\"@id\":\"https:\\\/\\\/aldiachaco.com.ar\\\/index.php\\\/2026\\\/04\\\/28\\\/una-historica-empresa-de-muebles-prepara-el-pedido-de-convocatoria-de-acreedores\\\/#primaryimage\"},\"thumbnailUrl\":\"https:\\\/\\\/aldiachaco.com.ar\\\/wp-content\\\/uploads\\\/2026\\\/04\\\/BEZAPT76RFHPXCCJETVM4NTJ3U.jpg\",\"articleSection\":[\"Econom\u00eda\"],\"inLanguage\":\"es-AR\",\"potentialAction\":[{\"@type\":\"CommentAction\",\"name\":\"Comment\",\"target\":[\"https:\\\/\\\/aldiachaco.com.ar\\\/index.php\\\/2026\\\/04\\\/28\\\/una-historica-empresa-de-muebles-prepara-el-pedido-de-convocatoria-de-acreedores\\\/#respond\"]}]},{\"@type\":\"WebPage\",\"@id\":\"https:\\\/\\\/aldiachaco.com.ar\\\/index.php\\\/2026\\\/04\\\/28\\\/una-historica-empresa-de-muebles-prepara-el-pedido-de-convocatoria-de-acreedores\\\/\",\"url\":\"https:\\\/\\\/aldiachaco.com.ar\\\/index.php\\\/2026\\\/04\\\/28\\\/una-historica-empresa-de-muebles-prepara-el-pedido-de-convocatoria-de-acreedores\\\/\",\"name\":\"Una hist\u00f3rica empresa de muebles prepara el pedido de convocatoria de acreedores | Al Dia Chaco\",\"isPartOf\":{\"@id\":\"https:\\\/\\\/aldiachaco.com.ar\\\/#website\"},\"primaryImageOfPage\":{\"@id\":\"https:\\\/\\\/aldiachaco.com.ar\\\/index.php\\\/2026\\\/04\\\/28\\\/una-historica-empresa-de-muebles-prepara-el-pedido-de-convocatoria-de-acreedores\\\/#primaryimage\"},\"image\":{\"@id\":\"https:\\\/\\\/aldiachaco.com.ar\\\/index.php\\\/2026\\\/04\\\/28\\\/una-historica-empresa-de-muebles-prepara-el-pedido-de-convocatoria-de-acreedores\\\/#primaryimage\"},\"thumbnailUrl\":\"https:\\\/\\\/aldiachaco.com.ar\\\/wp-content\\\/uploads\\\/2026\\\/04\\\/BEZAPT76RFHPXCCJETVM4NTJ3U.jpg\",\"datePublished\":\"2026-04-28T11:02:29+00:00\",\"breadcrumb\":{\"@id\":\"https:\\\/\\\/aldiachaco.com.ar\\\/index.php\\\/2026\\\/04\\\/28\\\/una-historica-empresa-de-muebles-prepara-el-pedido-de-convocatoria-de-acreedores\\\/#breadcrumb\"},\"inLanguage\":\"es-AR\",\"potentialAction\":[{\"@type\":\"ReadAction\",\"target\":[\"https:\\\/\\\/aldiachaco.com.ar\\\/index.php\\\/2026\\\/04\\\/28\\\/una-historica-empresa-de-muebles-prepara-el-pedido-de-convocatoria-de-acreedores\\\/\"]}]},{\"@type\":\"ImageObject\",\"inLanguage\":\"es-AR\",\"@id\":\"https:\\\/\\\/aldiachaco.com.ar\\\/index.php\\\/2026\\\/04\\\/28\\\/una-historica-empresa-de-muebles-prepara-el-pedido-de-convocatoria-de-acreedores\\\/#primaryimage\",\"url\":\"https:\\\/\\\/aldiachaco.com.ar\\\/wp-content\\\/uploads\\\/2026\\\/04\\\/BEZAPT76RFHPXCCJETVM4NTJ3U.jpg\",\"contentUrl\":\"https:\\\/\\\/aldiachaco.com.ar\\\/wp-content\\\/uploads\\\/2026\\\/04\\\/BEZAPT76RFHPXCCJETVM4NTJ3U.jpg\",\"width\":992,\"height\":522},{\"@type\":\"BreadcrumbList\",\"@id\":\"https:\\\/\\\/aldiachaco.com.ar\\\/index.php\\\/2026\\\/04\\\/28\\\/una-historica-empresa-de-muebles-prepara-el-pedido-de-convocatoria-de-acreedores\\\/#breadcrumb\",\"itemListElement\":[{\"@type\":\"ListItem\",\"position\":1,\"name\":\"Home\",\"item\":\"https:\\\/\\\/aldiachaco.com.ar\\\/\"},{\"@type\":\"ListItem\",\"position\":2,\"name\":\"Una hist\u00f3rica empresa de muebles prepara el pedido de convocatoria de acreedores\"}]},{\"@type\":\"WebSite\",\"@id\":\"https:\\\/\\\/aldiachaco.com.ar\\\/#website\",\"url\":\"https:\\\/\\\/aldiachaco.com.ar\\\/\",\"name\":\"Al Dia Chaco\",\"description\":\"Noticias del Chaco y el mundo\",\"publisher\":{\"@id\":\"https:\\\/\\\/aldiachaco.com.ar\\\/#organization\"},\"alternateName\":\"Al D\u00eda Chaco\",\"potentialAction\":[{\"@type\":\"SearchAction\",\"target\":{\"@type\":\"EntryPoint\",\"urlTemplate\":\"https:\\\/\\\/aldiachaco.com.ar\\\/?s={search_term_string}\"},\"query-input\":{\"@type\":\"PropertyValueSpecification\",\"valueRequired\":true,\"valueName\":\"search_term_string\"}}],\"inLanguage\":\"es-AR\"},{\"@type\":\"Organization\",\"@id\":\"https:\\\/\\\/aldiachaco.com.ar\\\/#organization\",\"name\":\"Al Dia Chaco\",\"url\":\"https:\\\/\\\/aldiachaco.com.ar\\\/\",\"logo\":{\"@type\":\"ImageObject\",\"inLanguage\":\"es-AR\",\"@id\":\"https:\\\/\\\/aldiachaco.com.ar\\\/#\\\/schema\\\/logo\\\/image\\\/\",\"url\":\"https:\\\/\\\/aldiachaco.com.ar\\\/wp-content\\\/uploads\\\/2017\\\/11\\\/AL-DIA-CHACO-L@2x.png\",\"contentUrl\":\"https:\\\/\\\/aldiachaco.com.ar\\\/wp-content\\\/uploads\\\/2017\\\/11\\\/AL-DIA-CHACO-L@2x.png\",\"width\":232,\"height\":60,\"caption\":\"Al Dia Chaco\"},\"image\":{\"@id\":\"https:\\\/\\\/aldiachaco.com.ar\\\/#\\\/schema\\\/logo\\\/image\\\/\"}},{\"@type\":\"Person\",\"@id\":\"https:\\\/\\\/aldiachaco.com.ar\\\/#\\\/schema\\\/person\\\/b24e975af8022082f5889a7a7299e962\",\"name\":\"RedaccionRM\",\"image\":{\"@type\":\"ImageObject\",\"inLanguage\":\"es-AR\",\"@id\":\"https:\\\/\\\/aldiachaco.com.ar\\\/wp-content\\\/litespeed\\\/avatar\\\/a30118fcb7a6295303f1c91164c6aba1.jpg?ver=1777339088\",\"url\":\"https:\\\/\\\/aldiachaco.com.ar\\\/wp-content\\\/litespeed\\\/avatar\\\/a30118fcb7a6295303f1c91164c6aba1.jpg?ver=1777339088\",\"contentUrl\":\"https:\\\/\\\/aldiachaco.com.ar\\\/wp-content\\\/litespeed\\\/avatar\\\/a30118fcb7a6295303f1c91164c6aba1.jpg?ver=1777339088\",\"caption\":\"RedaccionRM\"},\"url\":\"https:\\\/\\\/aldiachaco.com.ar\\\/index.php\\\/author\\\/redaccionrm\\\/\"}]}<\/script>\n<!-- \/ Yoast SEO plugin. -->","yoast_head_json":{"title":"Una hist\u00f3rica empresa de muebles prepara el pedido de convocatoria de acreedores | Al Dia Chaco","robots":{"index":"index","follow":"follow","max-snippet":"max-snippet:-1","max-image-preview":"max-image-preview:large","max-video-preview":"max-video-preview:-1"},"canonical":"https:\/\/aldiachaco.com.ar\/index.php\/2026\/04\/28\/una-historica-empresa-de-muebles-prepara-el-pedido-de-convocatoria-de-acreedores\/","og_locale":"es_ES","og_type":"article","og_title":"Una hist\u00f3rica empresa de muebles prepara el pedido de convocatoria de acreedores | Al Dia Chaco","og_description":"En un contexto de ca\u00edda del consumo y cierre de numerosas industrias, la firma de amoblamientos Reno prepara su convocatoria de acreedores. Se trata de una importante empresa en el sector de cocinas, con base en Santa Fe. Fundada en los a\u00f1os 50, su negocio se centra en el dise\u00f1o y fabricaci\u00f3n de muebles a &hellip;","og_url":"https:\/\/aldiachaco.com.ar\/index.php\/2026\/04\/28\/una-historica-empresa-de-muebles-prepara-el-pedido-de-convocatoria-de-acreedores\/","og_site_name":"Al Dia Chaco","article_published_time":"2026-04-28T11:02:29+00:00","og_image":[{"width":992,"height":522,"url":"https:\/\/aldiachaco.com.ar\/wp-content\/uploads\/2026\/04\/BEZAPT76RFHPXCCJETVM4NTJ3U.jpg","type":"image\/jpeg"}],"author":"RedaccionRM","twitter_card":"summary_large_image","twitter_misc":{"Escrito por":"RedaccionRM","Tiempo de lectura":"3 minutos"},"schema":{"@context":"https:\/\/schema.org","@graph":[{"@type":"Article","@id":"https:\/\/aldiachaco.com.ar\/index.php\/2026\/04\/28\/una-historica-empresa-de-muebles-prepara-el-pedido-de-convocatoria-de-acreedores\/#article","isPartOf":{"@id":"https:\/\/aldiachaco.com.ar\/index.php\/2026\/04\/28\/una-historica-empresa-de-muebles-prepara-el-pedido-de-convocatoria-de-acreedores\/"},"author":{"name":"RedaccionRM","@id":"https:\/\/aldiachaco.com.ar\/#\/schema\/person\/b24e975af8022082f5889a7a7299e962"},"headline":"Una hist\u00f3rica empresa de muebles prepara el pedido de convocatoria de acreedores","datePublished":"2026-04-28T11:02:29+00:00","mainEntityOfPage":{"@id":"https:\/\/aldiachaco.com.ar\/index.php\/2026\/04\/28\/una-historica-empresa-de-muebles-prepara-el-pedido-de-convocatoria-de-acreedores\/"},"wordCount":639,"commentCount":0,"publisher":{"@id":"https:\/\/aldiachaco.com.ar\/#organization"},"image":{"@id":"https:\/\/aldiachaco.com.ar\/index.php\/2026\/04\/28\/una-historica-empresa-de-muebles-prepara-el-pedido-de-convocatoria-de-acreedores\/#primaryimage"},"thumbnailUrl":"https:\/\/aldiachaco.com.ar\/wp-content\/uploads\/2026\/04\/BEZAPT76RFHPXCCJETVM4NTJ3U.jpg","articleSection":["Econom\u00eda"],"inLanguage":"es-AR","potentialAction":[{"@type":"CommentAction","name":"Comment","target":["https:\/\/aldiachaco.com.ar\/index.php\/2026\/04\/28\/una-historica-empresa-de-muebles-prepara-el-pedido-de-convocatoria-de-acreedores\/#respond"]}]},{"@type":"WebPage","@id":"https:\/\/aldiachaco.com.ar\/index.php\/2026\/04\/28\/una-historica-empresa-de-muebles-prepara-el-pedido-de-convocatoria-de-acreedores\/","url":"https:\/\/aldiachaco.com.ar\/index.php\/2026\/04\/28\/una-historica-empresa-de-muebles-prepara-el-pedido-de-convocatoria-de-acreedores\/","name":"Una hist\u00f3rica empresa de muebles prepara el pedido de convocatoria de acreedores | Al Dia Chaco","isPartOf":{"@id":"https:\/\/aldiachaco.com.ar\/#website"},"primaryImageOfPage":{"@id":"https:\/\/aldiachaco.com.ar\/index.php\/2026\/04\/28\/una-historica-empresa-de-muebles-prepara-el-pedido-de-convocatoria-de-acreedores\/#primaryimage"},"image":{"@id":"https:\/\/aldiachaco.com.ar\/index.php\/2026\/04\/28\/una-historica-empresa-de-muebles-prepara-el-pedido-de-convocatoria-de-acreedores\/#primaryimage"},"thumbnailUrl":"https:\/\/aldiachaco.com.ar\/wp-content\/uploads\/2026\/04\/BEZAPT76RFHPXCCJETVM4NTJ3U.jpg","datePublished":"2026-04-28T11:02:29+00:00","breadcrumb":{"@id":"https:\/\/aldiachaco.com.ar\/index.php\/2026\/04\/28\/una-historica-empresa-de-muebles-prepara-el-pedido-de-convocatoria-de-acreedores\/#breadcrumb"},"inLanguage":"es-AR","potentialAction":[{"@type":"ReadAction","target":["https:\/\/aldiachaco.com.ar\/index.php\/2026\/04\/28\/una-historica-empresa-de-muebles-prepara-el-pedido-de-convocatoria-de-acreedores\/"]}]},{"@type":"ImageObject","inLanguage":"es-AR","@id":"https:\/\/aldiachaco.com.ar\/index.php\/2026\/04\/28\/una-historica-empresa-de-muebles-prepara-el-pedido-de-convocatoria-de-acreedores\/#primaryimage","url":"https:\/\/aldiachaco.com.ar\/wp-content\/uploads\/2026\/04\/BEZAPT76RFHPXCCJETVM4NTJ3U.jpg","contentUrl":"https:\/\/aldiachaco.com.ar\/wp-content\/uploads\/2026\/04\/BEZAPT76RFHPXCCJETVM4NTJ3U.jpg","width":992,"height":522},{"@type":"BreadcrumbList","@id":"https:\/\/aldiachaco.com.ar\/index.php\/2026\/04\/28\/una-historica-empresa-de-muebles-prepara-el-pedido-de-convocatoria-de-acreedores\/#breadcrumb","itemListElement":[{"@type":"ListItem","position":1,"name":"Home","item":"https:\/\/aldiachaco.com.ar\/"},{"@type":"ListItem","position":2,"name":"Una hist\u00f3rica empresa de muebles prepara el pedido de convocatoria de acreedores"}]},{"@type":"WebSite","@id":"https:\/\/aldiachaco.com.ar\/#website","url":"https:\/\/aldiachaco.com.ar\/","name":"Al Dia Chaco","description":"Noticias del Chaco y el mundo","publisher":{"@id":"https:\/\/aldiachaco.com.ar\/#organization"},"alternateName":"Al D\u00eda Chaco","potentialAction":[{"@type":"SearchAction","target":{"@type":"EntryPoint","urlTemplate":"https:\/\/aldiachaco.com.ar\/?s={search_term_string}"},"query-input":{"@type":"PropertyValueSpecification","valueRequired":true,"valueName":"search_term_string"}}],"inLanguage":"es-AR"},{"@type":"Organization","@id":"https:\/\/aldiachaco.com.ar\/#organization","name":"Al Dia Chaco","url":"https:\/\/aldiachaco.com.ar\/","logo":{"@type":"ImageObject","inLanguage":"es-AR","@id":"https:\/\/aldiachaco.com.ar\/#\/schema\/logo\/image\/","url":"https:\/\/aldiachaco.com.ar\/wp-content\/uploads\/2017\/11\/AL-DIA-CHACO-L@2x.png","contentUrl":"https:\/\/aldiachaco.com.ar\/wp-content\/uploads\/2017\/11\/AL-DIA-CHACO-L@2x.png","width":232,"height":60,"caption":"Al Dia Chaco"},"image":{"@id":"https:\/\/aldiachaco.com.ar\/#\/schema\/logo\/image\/"}},{"@type":"Person","@id":"https:\/\/aldiachaco.com.ar\/#\/schema\/person\/b24e975af8022082f5889a7a7299e962","name":"RedaccionRM","image":{"@type":"ImageObject","inLanguage":"es-AR","@id":"https:\/\/aldiachaco.com.ar\/wp-content\/litespeed\/avatar\/a30118fcb7a6295303f1c91164c6aba1.jpg?ver=1777339088","url":"https:\/\/aldiachaco.com.ar\/wp-content\/litespeed\/avatar\/a30118fcb7a6295303f1c91164c6aba1.jpg?ver=1777339088","contentUrl":"https:\/\/aldiachaco.com.ar\/wp-content\/litespeed\/avatar\/a30118fcb7a6295303f1c91164c6aba1.jpg?ver=1777339088","caption":"RedaccionRM"},"url":"https:\/\/aldiachaco.com.ar\/index.php\/author\/redaccionrm\/"}]}},"jetpack_publicize_connections":[],"jetpack_featured_media_url":"https:\/\/aldiachaco.com.ar\/wp-content\/uploads\/2026\/04\/BEZAPT76RFHPXCCJETVM4NTJ3U.jpg","jetpack_sharing_enabled":true,"amp_enabled":true,"_links":{"self":[{"href":"https:\/\/aldiachaco.com.ar\/index.php\/wp-json\/wp\/v2\/posts\/118304","targetHints":{"allow":["GET"]}}],"collection":[{"href":"https:\/\/aldiachaco.com.ar\/index.php\/wp-json\/wp\/v2\/posts"}],"about":[{"href":"https:\/\/aldiachaco.com.ar\/index.php\/wp-json\/wp\/v2\/types\/post"}],"author":[{"embeddable":true,"href":"https:\/\/aldiachaco.com.ar\/index.php\/wp-json\/wp\/v2\/users\/9"}],"replies":[{"embeddable":true,"href":"https:\/\/aldiachaco.com.ar\/index.php\/wp-json\/wp\/v2\/comments?post=118304"}],"version-history":[{"count":1,"href":"https:\/\/aldiachaco.com.ar\/index.php\/wp-json\/wp\/v2\/posts\/118304\/revisions"}],"predecessor-version":[{"id":118306,"href":"https:\/\/aldiachaco.com.ar\/index.php\/wp-json\/wp\/v2\/posts\/118304\/revisions\/118306"}],"wp:featuredmedia":[{"embeddable":true,"href":"https:\/\/aldiachaco.com.ar\/index.php\/wp-json\/wp\/v2\/media\/118305"}],"wp:attachment":[{"href":"https:\/\/aldiachaco.com.ar\/index.php\/wp-json\/wp\/v2\/media?parent=118304"}],"wp:term":[{"taxonomy":"category","embeddable":true,"href":"https:\/\/aldiachaco.com.ar\/index.php\/wp-json\/wp\/v2\/categories?post=118304"},{"taxonomy":"post_tag","embeddable":true,"href":"https:\/\/aldiachaco.com.ar\/index.php\/wp-json\/wp\/v2\/tags?post=118304"}],"curies":[{"name":"wp","href":"https:\/\/api.w.org\/{rel}","templated":true}]}}