{"id":118301,"date":"2026-04-28T06:56:05","date_gmt":"2026-04-28T09:56:05","guid":{"rendered":"https:\/\/aldiachaco.com.ar\/?p=118301"},"modified":"2026-04-28T06:56:05","modified_gmt":"2026-04-28T09:56:05","slug":"familiares-repudian-la-libertad-de-una-acusada-en-el-caso-guason","status":"publish","type":"post","link":"https:\/\/aldiachaco.com.ar\/index.php\/2026\/04\/28\/familiares-repudian-la-libertad-de-una-acusada-en-el-caso-guason\/","title":{"rendered":"Familiares repudian la libertad de una acusada en el caso &#8220;Guas\u00f3n&#8221;"},"content":{"rendered":"<p>En la tarde de ayer, la Fiscal\u00eda N\u00b0 2, a cargo de Ana Gonz\u00e1lez de Pacce, dispuso la libertad de una de las implicadas en el asesinato de Jonathan Romero, conocido como &#8220;El Guas\u00f3n&#8221;, generando fuerte indignaci\u00f3n en la familia de la v\u00edctima.<\/p>\n<p>&nbsp;<\/p>\n<p>Luis Romero, hermano de Jonathan, expres\u00f3 su profundo rechazo tras conocerse la decisi\u00f3n judicial sobre Selena, se\u00f1alada como una de las colaboradoras en el ocultamiento del asesino, Dami\u00e1n Escalante. La mujer estaba detenida por encubrimiento agravado, acusada de haber colaborado con el autor del crimen. Seg\u00fan la investigaci\u00f3n, habr\u00eda participado en las maniobras posteriores al asesinato para facilitar su fuga y evitar que fuera encontrado por la Polic\u00eda.<\/p>\n<p>&nbsp;<\/p>\n<p>&#8220;Hay procesos de la causa que no entendemos y pedimos a Dios y a la Justicia que las cosas se hagan con el mayor profesionalismo posible, porque no estamos de acuerdo con esta decisi\u00f3n. Queremos justicia por quienes, de forma organizada, mataron como a un animal a mi hermano, dej\u00e1ndolo solo en la calle con cuatro balazos, desangr\u00e1ndose&#8221;, expres\u00f3 Luis Romero.<\/p>\n<p>&nbsp;<\/p>\n<p>Adem\u00e1s, agreg\u00f3: &#8220;No vamos a permitir la libertad de ninguno de los involucrados. Queremos que jueces y fiscales tomen medidas inteligentes y piensen en el dolor de mi familia. P\u00f3nganse un rato en nuestro lugar; yo tuve a mi hermano en mis brazos ya sin vida. Estamos consternados&#8221;.<\/p>\n<p>&nbsp;<\/p>\n<p>La familia exige que todos los responsables respondan ante la Justicia y que no haya impunidad en el caso.<\/p>\n","protected":false},"excerpt":{"rendered":"<p>En la tarde de ayer, la Fiscal\u00eda N\u00b0 2, a cargo de Ana Gonz\u00e1lez de Pacce, dispuso la libertad de una de las implicadas en el asesinato de Jonathan Romero, conocido como &#8220;El Guas\u00f3n&#8221;, generando fuerte indignaci\u00f3n en la familia de la v\u00edctima. &nbsp; Luis Romero, hermano de Jonathan, expres\u00f3 su profundo rechazo tras conocerse &hellip;<\/p>\n","protected":false},"author":9,"featured_media":118302,"comment_status":"open","ping_status":"open","sticky":false,"template":"","format":"standard","meta":{"content-type":"","_monsterinsights_skip_tracking":false,"_monsterinsights_sitenote_active":false,"_monsterinsights_sitenote_note":"","_monsterinsights_sitenote_category":0,"_jetpack_memberships_contains_paid_content":false,"footnotes":"","jetpack_publicize_message":"","jetpack_publicize_feature_enabled":true,"jetpack_social_post_already_shared":true,"jetpack_social_options":{"image_generator_settings":{"template":"highway","default_image_id":0,"font":"","enabled":false},"version":2}},"categories":[86],"tags":[],"class_list":["post-118301","post","type-post","status-publish","format-standard","has-post-thumbnail","hentry","category-policiales"],"yoast_head":"<!-- This site is optimized with the Yoast SEO plugin v27.4 - https:\/\/yoast.com\/product\/yoast-seo-wordpress\/ -->\n<title>Familiares repudian la libertad de una acusada en el caso &quot;Guas\u00f3n&quot; | Al Dia Chaco<\/title>\n<meta name=\"robots\" content=\"index, follow, max-snippet:-1, max-image-preview:large, max-video-preview:-1\" \/>\n<link rel=\"canonical\" href=\"https:\/\/aldiachaco.com.ar\/index.php\/2026\/04\/28\/familiares-repudian-la-libertad-de-una-acusada-en-el-caso-guason\/\" \/>\n<meta property=\"og:locale\" content=\"es_ES\" \/>\n<meta property=\"og:type\" content=\"article\" \/>\n<meta property=\"og:title\" content=\"Familiares repudian la libertad de una acusada en el caso &quot;Guas\u00f3n&quot; | Al Dia Chaco\" \/>\n<meta property=\"og:description\" content=\"En la tarde de ayer, la Fiscal\u00eda N\u00b0 2, a cargo de Ana Gonz\u00e1lez de Pacce, dispuso la libertad de una de las implicadas en el asesinato de Jonathan Romero, conocido como &#8220;El Guas\u00f3n&#8221;, generando fuerte indignaci\u00f3n en la familia de la v\u00edctima. &nbsp; Luis Romero, hermano de Jonathan, expres\u00f3 su profundo rechazo tras conocerse &hellip;\" \/>\n<meta property=\"og:url\" content=\"https:\/\/aldiachaco.com.ar\/index.php\/2026\/04\/28\/familiares-repudian-la-libertad-de-una-acusada-en-el-caso-guason\/\" \/>\n<meta property=\"og:site_name\" content=\"Al Dia Chaco\" \/>\n<meta property=\"article:published_time\" content=\"2026-04-28T09:56:05+00:00\" \/>\n<meta property=\"og:image\" content=\"https:\/\/aldiachaco.com.ar\/wp-content\/uploads\/2026\/04\/IMG-20260428-WA0005.jpg\" \/>\n\t<meta property=\"og:image:width\" content=\"1088\" \/>\n\t<meta property=\"og:image:height\" content=\"800\" \/>\n\t<meta property=\"og:image:type\" content=\"image\/jpeg\" \/>\n<meta name=\"author\" content=\"RedaccionRM\" \/>\n<meta name=\"twitter:card\" content=\"summary_large_image\" \/>\n<meta name=\"twitter:label1\" content=\"Escrito por\" \/>\n\t<meta name=\"twitter:data1\" content=\"RedaccionRM\" \/>\n\t<meta name=\"twitter:label2\" content=\"Tiempo de lectura\" \/>\n\t<meta name=\"twitter:data2\" content=\"2 minutos\" \/>\n<script type=\"application\/ld+json\" class=\"yoast-schema-graph\">{\"@context\":\"https:\\\/\\\/schema.org\",\"@graph\":[{\"@type\":\"Article\",\"@id\":\"https:\\\/\\\/aldiachaco.com.ar\\\/index.php\\\/2026\\\/04\\\/28\\\/familiares-repudian-la-libertad-de-una-acusada-en-el-caso-guason\\\/#article\",\"isPartOf\":{\"@id\":\"https:\\\/\\\/aldiachaco.com.ar\\\/index.php\\\/2026\\\/04\\\/28\\\/familiares-repudian-la-libertad-de-una-acusada-en-el-caso-guason\\\/\"},\"author\":{\"name\":\"RedaccionRM\",\"@id\":\"https:\\\/\\\/aldiachaco.com.ar\\\/#\\\/schema\\\/person\\\/b24e975af8022082f5889a7a7299e962\"},\"headline\":\"Familiares repudian la libertad de una acusada en el caso &#8220;Guas\u00f3n&#8221;\",\"datePublished\":\"2026-04-28T09:56:05+00:00\",\"mainEntityOfPage\":{\"@id\":\"https:\\\/\\\/aldiachaco.com.ar\\\/index.php\\\/2026\\\/04\\\/28\\\/familiares-repudian-la-libertad-de-una-acusada-en-el-caso-guason\\\/\"},\"wordCount\":271,\"commentCount\":0,\"publisher\":{\"@id\":\"https:\\\/\\\/aldiachaco.com.ar\\\/#organization\"},\"image\":{\"@id\":\"https:\\\/\\\/aldiachaco.com.ar\\\/index.php\\\/2026\\\/04\\\/28\\\/familiares-repudian-la-libertad-de-una-acusada-en-el-caso-guason\\\/#primaryimage\"},\"thumbnailUrl\":\"https:\\\/\\\/aldiachaco.com.ar\\\/wp-content\\\/uploads\\\/2026\\\/04\\\/IMG-20260428-WA0005.jpg\",\"articleSection\":[\"Policiales\"],\"inLanguage\":\"es-AR\",\"potentialAction\":[{\"@type\":\"CommentAction\",\"name\":\"Comment\",\"target\":[\"https:\\\/\\\/aldiachaco.com.ar\\\/index.php\\\/2026\\\/04\\\/28\\\/familiares-repudian-la-libertad-de-una-acusada-en-el-caso-guason\\\/#respond\"]}]},{\"@type\":\"WebPage\",\"@id\":\"https:\\\/\\\/aldiachaco.com.ar\\\/index.php\\\/2026\\\/04\\\/28\\\/familiares-repudian-la-libertad-de-una-acusada-en-el-caso-guason\\\/\",\"url\":\"https:\\\/\\\/aldiachaco.com.ar\\\/index.php\\\/2026\\\/04\\\/28\\\/familiares-repudian-la-libertad-de-una-acusada-en-el-caso-guason\\\/\",\"name\":\"Familiares repudian la libertad de una acusada en el caso \\\"Guas\u00f3n\\\" | Al Dia Chaco\",\"isPartOf\":{\"@id\":\"https:\\\/\\\/aldiachaco.com.ar\\\/#website\"},\"primaryImageOfPage\":{\"@id\":\"https:\\\/\\\/aldiachaco.com.ar\\\/index.php\\\/2026\\\/04\\\/28\\\/familiares-repudian-la-libertad-de-una-acusada-en-el-caso-guason\\\/#primaryimage\"},\"image\":{\"@id\":\"https:\\\/\\\/aldiachaco.com.ar\\\/index.php\\\/2026\\\/04\\\/28\\\/familiares-repudian-la-libertad-de-una-acusada-en-el-caso-guason\\\/#primaryimage\"},\"thumbnailUrl\":\"https:\\\/\\\/aldiachaco.com.ar\\\/wp-content\\\/uploads\\\/2026\\\/04\\\/IMG-20260428-WA0005.jpg\",\"datePublished\":\"2026-04-28T09:56:05+00:00\",\"breadcrumb\":{\"@id\":\"https:\\\/\\\/aldiachaco.com.ar\\\/index.php\\\/2026\\\/04\\\/28\\\/familiares-repudian-la-libertad-de-una-acusada-en-el-caso-guason\\\/#breadcrumb\"},\"inLanguage\":\"es-AR\",\"potentialAction\":[{\"@type\":\"ReadAction\",\"target\":[\"https:\\\/\\\/aldiachaco.com.ar\\\/index.php\\\/2026\\\/04\\\/28\\\/familiares-repudian-la-libertad-de-una-acusada-en-el-caso-guason\\\/\"]}]},{\"@type\":\"ImageObject\",\"inLanguage\":\"es-AR\",\"@id\":\"https:\\\/\\\/aldiachaco.com.ar\\\/index.php\\\/2026\\\/04\\\/28\\\/familiares-repudian-la-libertad-de-una-acusada-en-el-caso-guason\\\/#primaryimage\",\"url\":\"https:\\\/\\\/aldiachaco.com.ar\\\/wp-content\\\/uploads\\\/2026\\\/04\\\/IMG-20260428-WA0005.jpg\",\"contentUrl\":\"https:\\\/\\\/aldiachaco.com.ar\\\/wp-content\\\/uploads\\\/2026\\\/04\\\/IMG-20260428-WA0005.jpg\",\"width\":1088,\"height\":800},{\"@type\":\"BreadcrumbList\",\"@id\":\"https:\\\/\\\/aldiachaco.com.ar\\\/index.php\\\/2026\\\/04\\\/28\\\/familiares-repudian-la-libertad-de-una-acusada-en-el-caso-guason\\\/#breadcrumb\",\"itemListElement\":[{\"@type\":\"ListItem\",\"position\":1,\"name\":\"Home\",\"item\":\"https:\\\/\\\/aldiachaco.com.ar\\\/\"},{\"@type\":\"ListItem\",\"position\":2,\"name\":\"Familiares repudian la libertad de una acusada en el caso &#8220;Guas\u00f3n&#8221;\"}]},{\"@type\":\"WebSite\",\"@id\":\"https:\\\/\\\/aldiachaco.com.ar\\\/#website\",\"url\":\"https:\\\/\\\/aldiachaco.com.ar\\\/\",\"name\":\"Al Dia Chaco\",\"description\":\"Noticias del Chaco y el mundo\",\"publisher\":{\"@id\":\"https:\\\/\\\/aldiachaco.com.ar\\\/#organization\"},\"alternateName\":\"Al D\u00eda Chaco\",\"potentialAction\":[{\"@type\":\"SearchAction\",\"target\":{\"@type\":\"EntryPoint\",\"urlTemplate\":\"https:\\\/\\\/aldiachaco.com.ar\\\/?s={search_term_string}\"},\"query-input\":{\"@type\":\"PropertyValueSpecification\",\"valueRequired\":true,\"valueName\":\"search_term_string\"}}],\"inLanguage\":\"es-AR\"},{\"@type\":\"Organization\",\"@id\":\"https:\\\/\\\/aldiachaco.com.ar\\\/#organization\",\"name\":\"Al Dia Chaco\",\"url\":\"https:\\\/\\\/aldiachaco.com.ar\\\/\",\"logo\":{\"@type\":\"ImageObject\",\"inLanguage\":\"es-AR\",\"@id\":\"https:\\\/\\\/aldiachaco.com.ar\\\/#\\\/schema\\\/logo\\\/image\\\/\",\"url\":\"https:\\\/\\\/aldiachaco.com.ar\\\/wp-content\\\/uploads\\\/2017\\\/11\\\/AL-DIA-CHACO-L@2x.png\",\"contentUrl\":\"https:\\\/\\\/aldiachaco.com.ar\\\/wp-content\\\/uploads\\\/2017\\\/11\\\/AL-DIA-CHACO-L@2x.png\",\"width\":232,\"height\":60,\"caption\":\"Al Dia Chaco\"},\"image\":{\"@id\":\"https:\\\/\\\/aldiachaco.com.ar\\\/#\\\/schema\\\/logo\\\/image\\\/\"}},{\"@type\":\"Person\",\"@id\":\"https:\\\/\\\/aldiachaco.com.ar\\\/#\\\/schema\\\/person\\\/b24e975af8022082f5889a7a7299e962\",\"name\":\"RedaccionRM\",\"image\":{\"@type\":\"ImageObject\",\"inLanguage\":\"es-AR\",\"@id\":\"https:\\\/\\\/aldiachaco.com.ar\\\/wp-content\\\/litespeed\\\/avatar\\\/a30118fcb7a6295303f1c91164c6aba1.jpg?ver=1777339088\",\"url\":\"https:\\\/\\\/aldiachaco.com.ar\\\/wp-content\\\/litespeed\\\/avatar\\\/a30118fcb7a6295303f1c91164c6aba1.jpg?ver=1777339088\",\"contentUrl\":\"https:\\\/\\\/aldiachaco.com.ar\\\/wp-content\\\/litespeed\\\/avatar\\\/a30118fcb7a6295303f1c91164c6aba1.jpg?ver=1777339088\",\"caption\":\"RedaccionRM\"},\"url\":\"https:\\\/\\\/aldiachaco.com.ar\\\/index.php\\\/author\\\/redaccionrm\\\/\"}]}<\/script>\n<!-- \/ Yoast SEO plugin. -->","yoast_head_json":{"title":"Familiares repudian la libertad de una acusada en el caso \"Guas\u00f3n\" | Al Dia Chaco","robots":{"index":"index","follow":"follow","max-snippet":"max-snippet:-1","max-image-preview":"max-image-preview:large","max-video-preview":"max-video-preview:-1"},"canonical":"https:\/\/aldiachaco.com.ar\/index.php\/2026\/04\/28\/familiares-repudian-la-libertad-de-una-acusada-en-el-caso-guason\/","og_locale":"es_ES","og_type":"article","og_title":"Familiares repudian la libertad de una acusada en el caso \"Guas\u00f3n\" | Al Dia Chaco","og_description":"En la tarde de ayer, la Fiscal\u00eda N\u00b0 2, a cargo de Ana Gonz\u00e1lez de Pacce, dispuso la libertad de una de las implicadas en el asesinato de Jonathan Romero, conocido como &#8220;El Guas\u00f3n&#8221;, generando fuerte indignaci\u00f3n en la familia de la v\u00edctima. &nbsp; Luis Romero, hermano de Jonathan, expres\u00f3 su profundo rechazo tras conocerse &hellip;","og_url":"https:\/\/aldiachaco.com.ar\/index.php\/2026\/04\/28\/familiares-repudian-la-libertad-de-una-acusada-en-el-caso-guason\/","og_site_name":"Al Dia Chaco","article_published_time":"2026-04-28T09:56:05+00:00","og_image":[{"width":1088,"height":800,"url":"https:\/\/aldiachaco.com.ar\/wp-content\/uploads\/2026\/04\/IMG-20260428-WA0005.jpg","type":"image\/jpeg"}],"author":"RedaccionRM","twitter_card":"summary_large_image","twitter_misc":{"Escrito por":"RedaccionRM","Tiempo de lectura":"2 minutos"},"schema":{"@context":"https:\/\/schema.org","@graph":[{"@type":"Article","@id":"https:\/\/aldiachaco.com.ar\/index.php\/2026\/04\/28\/familiares-repudian-la-libertad-de-una-acusada-en-el-caso-guason\/#article","isPartOf":{"@id":"https:\/\/aldiachaco.com.ar\/index.php\/2026\/04\/28\/familiares-repudian-la-libertad-de-una-acusada-en-el-caso-guason\/"},"author":{"name":"RedaccionRM","@id":"https:\/\/aldiachaco.com.ar\/#\/schema\/person\/b24e975af8022082f5889a7a7299e962"},"headline":"Familiares repudian la libertad de una acusada en el caso &#8220;Guas\u00f3n&#8221;","datePublished":"2026-04-28T09:56:05+00:00","mainEntityOfPage":{"@id":"https:\/\/aldiachaco.com.ar\/index.php\/2026\/04\/28\/familiares-repudian-la-libertad-de-una-acusada-en-el-caso-guason\/"},"wordCount":271,"commentCount":0,"publisher":{"@id":"https:\/\/aldiachaco.com.ar\/#organization"},"image":{"@id":"https:\/\/aldiachaco.com.ar\/index.php\/2026\/04\/28\/familiares-repudian-la-libertad-de-una-acusada-en-el-caso-guason\/#primaryimage"},"thumbnailUrl":"https:\/\/aldiachaco.com.ar\/wp-content\/uploads\/2026\/04\/IMG-20260428-WA0005.jpg","articleSection":["Policiales"],"inLanguage":"es-AR","potentialAction":[{"@type":"CommentAction","name":"Comment","target":["https:\/\/aldiachaco.com.ar\/index.php\/2026\/04\/28\/familiares-repudian-la-libertad-de-una-acusada-en-el-caso-guason\/#respond"]}]},{"@type":"WebPage","@id":"https:\/\/aldiachaco.com.ar\/index.php\/2026\/04\/28\/familiares-repudian-la-libertad-de-una-acusada-en-el-caso-guason\/","url":"https:\/\/aldiachaco.com.ar\/index.php\/2026\/04\/28\/familiares-repudian-la-libertad-de-una-acusada-en-el-caso-guason\/","name":"Familiares repudian la libertad de una acusada en el caso \"Guas\u00f3n\" | Al Dia Chaco","isPartOf":{"@id":"https:\/\/aldiachaco.com.ar\/#website"},"primaryImageOfPage":{"@id":"https:\/\/aldiachaco.com.ar\/index.php\/2026\/04\/28\/familiares-repudian-la-libertad-de-una-acusada-en-el-caso-guason\/#primaryimage"},"image":{"@id":"https:\/\/aldiachaco.com.ar\/index.php\/2026\/04\/28\/familiares-repudian-la-libertad-de-una-acusada-en-el-caso-guason\/#primaryimage"},"thumbnailUrl":"https:\/\/aldiachaco.com.ar\/wp-content\/uploads\/2026\/04\/IMG-20260428-WA0005.jpg","datePublished":"2026-04-28T09:56:05+00:00","breadcrumb":{"@id":"https:\/\/aldiachaco.com.ar\/index.php\/2026\/04\/28\/familiares-repudian-la-libertad-de-una-acusada-en-el-caso-guason\/#breadcrumb"},"inLanguage":"es-AR","potentialAction":[{"@type":"ReadAction","target":["https:\/\/aldiachaco.com.ar\/index.php\/2026\/04\/28\/familiares-repudian-la-libertad-de-una-acusada-en-el-caso-guason\/"]}]},{"@type":"ImageObject","inLanguage":"es-AR","@id":"https:\/\/aldiachaco.com.ar\/index.php\/2026\/04\/28\/familiares-repudian-la-libertad-de-una-acusada-en-el-caso-guason\/#primaryimage","url":"https:\/\/aldiachaco.com.ar\/wp-content\/uploads\/2026\/04\/IMG-20260428-WA0005.jpg","contentUrl":"https:\/\/aldiachaco.com.ar\/wp-content\/uploads\/2026\/04\/IMG-20260428-WA0005.jpg","width":1088,"height":800},{"@type":"BreadcrumbList","@id":"https:\/\/aldiachaco.com.ar\/index.php\/2026\/04\/28\/familiares-repudian-la-libertad-de-una-acusada-en-el-caso-guason\/#breadcrumb","itemListElement":[{"@type":"ListItem","position":1,"name":"Home","item":"https:\/\/aldiachaco.com.ar\/"},{"@type":"ListItem","position":2,"name":"Familiares repudian la libertad de una acusada en el caso &#8220;Guas\u00f3n&#8221;"}]},{"@type":"WebSite","@id":"https:\/\/aldiachaco.com.ar\/#website","url":"https:\/\/aldiachaco.com.ar\/","name":"Al Dia Chaco","description":"Noticias del Chaco y el mundo","publisher":{"@id":"https:\/\/aldiachaco.com.ar\/#organization"},"alternateName":"Al D\u00eda Chaco","potentialAction":[{"@type":"SearchAction","target":{"@type":"EntryPoint","urlTemplate":"https:\/\/aldiachaco.com.ar\/?s={search_term_string}"},"query-input":{"@type":"PropertyValueSpecification","valueRequired":true,"valueName":"search_term_string"}}],"inLanguage":"es-AR"},{"@type":"Organization","@id":"https:\/\/aldiachaco.com.ar\/#organization","name":"Al Dia Chaco","url":"https:\/\/aldiachaco.com.ar\/","logo":{"@type":"ImageObject","inLanguage":"es-AR","@id":"https:\/\/aldiachaco.com.ar\/#\/schema\/logo\/image\/","url":"https:\/\/aldiachaco.com.ar\/wp-content\/uploads\/2017\/11\/AL-DIA-CHACO-L@2x.png","contentUrl":"https:\/\/aldiachaco.com.ar\/wp-content\/uploads\/2017\/11\/AL-DIA-CHACO-L@2x.png","width":232,"height":60,"caption":"Al Dia Chaco"},"image":{"@id":"https:\/\/aldiachaco.com.ar\/#\/schema\/logo\/image\/"}},{"@type":"Person","@id":"https:\/\/aldiachaco.com.ar\/#\/schema\/person\/b24e975af8022082f5889a7a7299e962","name":"RedaccionRM","image":{"@type":"ImageObject","inLanguage":"es-AR","@id":"https:\/\/aldiachaco.com.ar\/wp-content\/litespeed\/avatar\/a30118fcb7a6295303f1c91164c6aba1.jpg?ver=1777339088","url":"https:\/\/aldiachaco.com.ar\/wp-content\/litespeed\/avatar\/a30118fcb7a6295303f1c91164c6aba1.jpg?ver=1777339088","contentUrl":"https:\/\/aldiachaco.com.ar\/wp-content\/litespeed\/avatar\/a30118fcb7a6295303f1c91164c6aba1.jpg?ver=1777339088","caption":"RedaccionRM"},"url":"https:\/\/aldiachaco.com.ar\/index.php\/author\/redaccionrm\/"}]}},"jetpack_publicize_connections":[],"jetpack_featured_media_url":"https:\/\/aldiachaco.com.ar\/wp-content\/uploads\/2026\/04\/IMG-20260428-WA0005.jpg","jetpack_sharing_enabled":true,"amp_enabled":true,"_links":{"self":[{"href":"https:\/\/aldiachaco.com.ar\/index.php\/wp-json\/wp\/v2\/posts\/118301","targetHints":{"allow":["GET"]}}],"collection":[{"href":"https:\/\/aldiachaco.com.ar\/index.php\/wp-json\/wp\/v2\/posts"}],"about":[{"href":"https:\/\/aldiachaco.com.ar\/index.php\/wp-json\/wp\/v2\/types\/post"}],"author":[{"embeddable":true,"href":"https:\/\/aldiachaco.com.ar\/index.php\/wp-json\/wp\/v2\/users\/9"}],"replies":[{"embeddable":true,"href":"https:\/\/aldiachaco.com.ar\/index.php\/wp-json\/wp\/v2\/comments?post=118301"}],"version-history":[{"count":1,"href":"https:\/\/aldiachaco.com.ar\/index.php\/wp-json\/wp\/v2\/posts\/118301\/revisions"}],"predecessor-version":[{"id":118303,"href":"https:\/\/aldiachaco.com.ar\/index.php\/wp-json\/wp\/v2\/posts\/118301\/revisions\/118303"}],"wp:featuredmedia":[{"embeddable":true,"href":"https:\/\/aldiachaco.com.ar\/index.php\/wp-json\/wp\/v2\/media\/118302"}],"wp:attachment":[{"href":"https:\/\/aldiachaco.com.ar\/index.php\/wp-json\/wp\/v2\/media?parent=118301"}],"wp:term":[{"taxonomy":"category","embeddable":true,"href":"https:\/\/aldiachaco.com.ar\/index.php\/wp-json\/wp\/v2\/categories?post=118301"},{"taxonomy":"post_tag","embeddable":true,"href":"https:\/\/aldiachaco.com.ar\/index.php\/wp-json\/wp\/v2\/tags?post=118301"}],"curies":[{"name":"wp","href":"https:\/\/api.w.org\/{rel}","templated":true}]}}