{"id":118293,"date":"2026-04-27T10:58:39","date_gmt":"2026-04-27T13:58:39","guid":{"rendered":"https:\/\/aldiachaco.com.ar\/?p=118293"},"modified":"2026-04-27T10:58:39","modified_gmt":"2026-04-27T13:58:39","slug":"la-severa-sancion-que-podria-recibir-andrada-tras-pegarle-una-trompada-a-un-rival-en-el-derbi-aragones","status":"publish","type":"post","link":"https:\/\/aldiachaco.com.ar\/index.php\/2026\/04\/27\/la-severa-sancion-que-podria-recibir-andrada-tras-pegarle-una-trompada-a-un-rival-en-el-derbi-aragones\/","title":{"rendered":"La severa sanci\u00f3n que podr\u00eda recibir Andrada tras pegarle una trompada a un rival en el derbi aragon\u00e9s"},"content":{"rendered":"<p class=\"ds-markdown-paragraph\">Esteban Andrada se expone a una grave sanci\u00f3n tras haber golpeado a un rival en el cl\u00e1sico entre Zaragoza y Huesca, por la Segunda Divisi\u00f3n del f\u00fatbol espa\u00f1ol. El arquero argentino, que hab\u00eda recibido la tarjeta roja por un empuj\u00f3n, perdi\u00f3 el control y propin\u00f3 un pu\u00f1etazo en el rostro al capit\u00e1n del Huesca, Jorge Pulido, lo que desat\u00f3 una batalla campal en los minutos finales del partido.<\/p>\n<p class=\"ds-markdown-paragraph\">El encuentro, correspondiente a la Jornada 37 de La Liga Hypermotion, se disput\u00f3 en el Estadio El Alcoraz y era clave para ambos equipos, que luchan por evitar el descenso a la tercera categor\u00eda . La tensi\u00f3n explot\u00f3 en el minuto 99, cuando Andrada fue a reclamarle al \u00e1rbitro y se cruz\u00f3 con Pulido, a quien empuj\u00f3. El colegiado le mostr\u00f3 la segunda amarilla y, por ende, la roja . Lejos de calmarse, el ex arquero de Boca Juniors corri\u00f3 hacia el defensor y le asest\u00f3 un derechazo, generando una trifulca generalizada que oblig\u00f3 a intervenir a las fuerzas de seguridad .<\/p>\n<p class=\"ds-markdown-paragraph\">El reglamento de la RFEF tipifica la violencia como falta &#8220;muy grave&#8221;, con sanciones que pueden ir de 4 a 12 partidos de suspensi\u00f3n\u00a0. Teniendo en cuenta que la agresi\u00f3n fue un acto de violencia expl\u00edcito ocurrido adem\u00e1s despu\u00e9s de haber sido expulsado, la sanci\u00f3n m\u00ednima esperada ronda los 4 partidos, pero no se descarta un castigo ejemplar que podr\u00eda alcanzar los 12 encuentros, comprometiendo el resto de la temporada para \u00e9l y su equipo\u00a0.<\/p>\n<p class=\"ds-markdown-paragraph\">Luego del esc\u00e1ndalo, el propio Andrada rompi\u00f3 el silencio y pidi\u00f3 disculpas a trav\u00e9s de un video difundido por el Real Zaragoza en sus redes sociales\u00a0.<\/p>\n<p class=\"ds-markdown-paragraph\">&#8220;La verdad que estoy muy arrepentido de lo sucedido. No es una buena imagen para el club, para la gente y para un profesional como lo soy. (&#8230;) Tambi\u00e9n quer\u00eda pedirle disculpas a Jorge Pulido porque somos colegas y sinceramente fue un acto m\u00edo, que me desconect\u00e9 en ese momento&#8221;, expres\u00f3 el arquero de 35 a\u00f1os\u00a0.<\/p>\n<p class=\"ds-markdown-paragraph\">Tanto el Zaragoza como el Huesca condenaron los hechos en comunicados oficiales\u00a0. El conjunto ma\u00f1o calific\u00f3 las im\u00e1genes como &#8220;impropias&#8221; y anunci\u00f3 que tomar\u00e1 &#8220;medidas disciplinarias&#8221; contra su propio jugador, quien se encuentra a pr\u00e9stamo en el club, cedido por el Monterrey de M\u00e9xico, por lo que su continuidad es toda una inc\u00f3gnita\u00a0.<\/p>\n<p>&nbsp;<\/p>\n<div style=\"width: 1920px;\" class=\"wp-video\"><video class=\"wp-video-shortcode\" id=\"video-118293-1\" width=\"1920\" height=\"1080\" preload=\"metadata\" controls=\"controls\"><source type=\"video\/mp4\" src=\"https:\/\/aldiachaco.com.ar\/wp-content\/uploads\/2026\/04\/La-dura-sancion-que-podria-recibir-Andrada-tras-pegarle-una-trom.mp4?_=1\" \/><a href=\"https:\/\/aldiachaco.com.ar\/wp-content\/uploads\/2026\/04\/La-dura-sancion-que-podria-recibir-Andrada-tras-pegarle-una-trom.mp4\">https:\/\/aldiachaco.com.ar\/wp-content\/uploads\/2026\/04\/La-dura-sancion-que-podria-recibir-Andrada-tras-pegarle-una-trom.mp4<\/a><\/video><\/div>\n","protected":false},"excerpt":{"rendered":"<p>Esteban Andrada se expone a una grave sanci\u00f3n tras haber golpeado a un rival en el cl\u00e1sico entre Zaragoza y Huesca, por la Segunda Divisi\u00f3n del f\u00fatbol espa\u00f1ol. El arquero argentino, que hab\u00eda recibido la tarjeta roja por un empuj\u00f3n, perdi\u00f3 el control y propin\u00f3 un pu\u00f1etazo en el rostro al capit\u00e1n del Huesca, Jorge &hellip;<\/p>\n","protected":false},"author":9,"featured_media":118294,"comment_status":"open","ping_status":"open","sticky":false,"template":"","format":"standard","meta":{"content-type":"","_monsterinsights_skip_tracking":false,"_monsterinsights_sitenote_active":false,"_monsterinsights_sitenote_note":"","_monsterinsights_sitenote_category":0,"_jetpack_memberships_contains_paid_content":false,"footnotes":"","jetpack_publicize_message":"","jetpack_publicize_feature_enabled":true,"jetpack_social_post_already_shared":true,"jetpack_social_options":{"image_generator_settings":{"template":"highway","default_image_id":0,"font":"","enabled":false},"version":2}},"categories":[72],"tags":[],"class_list":["post-118293","post","type-post","status-publish","format-standard","has-post-thumbnail","hentry","category-deportes"],"yoast_head":"<!-- This site is optimized with the Yoast SEO plugin v27.4 - https:\/\/yoast.com\/product\/yoast-seo-wordpress\/ -->\n<title>La severa sanci\u00f3n que podr\u00eda recibir Andrada tras pegarle una trompada a un rival en el derbi aragon\u00e9s | Al Dia Chaco<\/title>\n<meta name=\"robots\" content=\"index, follow, max-snippet:-1, max-image-preview:large, max-video-preview:-1\" \/>\n<link rel=\"canonical\" href=\"https:\/\/aldiachaco.com.ar\/index.php\/2026\/04\/27\/la-severa-sancion-que-podria-recibir-andrada-tras-pegarle-una-trompada-a-un-rival-en-el-derbi-aragones\/\" \/>\n<meta property=\"og:locale\" content=\"es_ES\" \/>\n<meta property=\"og:type\" content=\"article\" \/>\n<meta property=\"og:title\" content=\"La severa sanci\u00f3n que podr\u00eda recibir Andrada tras pegarle una trompada a un rival en el derbi aragon\u00e9s | Al Dia Chaco\" \/>\n<meta property=\"og:description\" content=\"Esteban Andrada se expone a una grave sanci\u00f3n tras haber golpeado a un rival en el cl\u00e1sico entre Zaragoza y Huesca, por la Segunda Divisi\u00f3n del f\u00fatbol espa\u00f1ol. El arquero argentino, que hab\u00eda recibido la tarjeta roja por un empuj\u00f3n, perdi\u00f3 el control y propin\u00f3 un pu\u00f1etazo en el rostro al capit\u00e1n del Huesca, Jorge &hellip;\" \/>\n<meta property=\"og:url\" content=\"https:\/\/aldiachaco.com.ar\/index.php\/2026\/04\/27\/la-severa-sancion-que-podria-recibir-andrada-tras-pegarle-una-trompada-a-un-rival-en-el-derbi-aragones\/\" \/>\n<meta property=\"og:site_name\" content=\"Al Dia Chaco\" \/>\n<meta property=\"article:published_time\" content=\"2026-04-27T13:58:39+00:00\" \/>\n<meta property=\"og:image\" content=\"https:\/\/aldiachaco.com.ar\/wp-content\/uploads\/2026\/04\/2704pina.jpg\" \/>\n\t<meta property=\"og:image:width\" content=\"1010\" \/>\n\t<meta property=\"og:image:height\" content=\"567\" \/>\n\t<meta property=\"og:image:type\" content=\"image\/jpeg\" \/>\n<meta name=\"author\" content=\"RedaccionRM\" \/>\n<meta name=\"twitter:card\" content=\"summary_large_image\" \/>\n<meta name=\"twitter:label1\" content=\"Escrito por\" \/>\n\t<meta name=\"twitter:data1\" content=\"RedaccionRM\" \/>\n\t<meta name=\"twitter:label2\" content=\"Tiempo de lectura\" \/>\n\t<meta name=\"twitter:data2\" content=\"2 minutos\" \/>\n<script type=\"application\/ld+json\" class=\"yoast-schema-graph\">{\"@context\":\"https:\\\/\\\/schema.org\",\"@graph\":[{\"@type\":\"Article\",\"@id\":\"https:\\\/\\\/aldiachaco.com.ar\\\/index.php\\\/2026\\\/04\\\/27\\\/la-severa-sancion-que-podria-recibir-andrada-tras-pegarle-una-trompada-a-un-rival-en-el-derbi-aragones\\\/#article\",\"isPartOf\":{\"@id\":\"https:\\\/\\\/aldiachaco.com.ar\\\/index.php\\\/2026\\\/04\\\/27\\\/la-severa-sancion-que-podria-recibir-andrada-tras-pegarle-una-trompada-a-un-rival-en-el-derbi-aragones\\\/\"},\"author\":{\"name\":\"RedaccionRM\",\"@id\":\"https:\\\/\\\/aldiachaco.com.ar\\\/#\\\/schema\\\/person\\\/b24e975af8022082f5889a7a7299e962\"},\"headline\":\"La severa sanci\u00f3n que podr\u00eda recibir Andrada tras pegarle una trompada a un rival en el derbi aragon\u00e9s\",\"datePublished\":\"2026-04-27T13:58:39+00:00\",\"mainEntityOfPage\":{\"@id\":\"https:\\\/\\\/aldiachaco.com.ar\\\/index.php\\\/2026\\\/04\\\/27\\\/la-severa-sancion-que-podria-recibir-andrada-tras-pegarle-una-trompada-a-un-rival-en-el-derbi-aragones\\\/\"},\"wordCount\":434,\"commentCount\":0,\"publisher\":{\"@id\":\"https:\\\/\\\/aldiachaco.com.ar\\\/#organization\"},\"image\":{\"@id\":\"https:\\\/\\\/aldiachaco.com.ar\\\/index.php\\\/2026\\\/04\\\/27\\\/la-severa-sancion-que-podria-recibir-andrada-tras-pegarle-una-trompada-a-un-rival-en-el-derbi-aragones\\\/#primaryimage\"},\"thumbnailUrl\":\"https:\\\/\\\/aldiachaco.com.ar\\\/wp-content\\\/uploads\\\/2026\\\/04\\\/2704pina.jpg\",\"articleSection\":[\"Deportes\"],\"inLanguage\":\"es-AR\",\"potentialAction\":[{\"@type\":\"CommentAction\",\"name\":\"Comment\",\"target\":[\"https:\\\/\\\/aldiachaco.com.ar\\\/index.php\\\/2026\\\/04\\\/27\\\/la-severa-sancion-que-podria-recibir-andrada-tras-pegarle-una-trompada-a-un-rival-en-el-derbi-aragones\\\/#respond\"]}]},{\"@type\":\"WebPage\",\"@id\":\"https:\\\/\\\/aldiachaco.com.ar\\\/index.php\\\/2026\\\/04\\\/27\\\/la-severa-sancion-que-podria-recibir-andrada-tras-pegarle-una-trompada-a-un-rival-en-el-derbi-aragones\\\/\",\"url\":\"https:\\\/\\\/aldiachaco.com.ar\\\/index.php\\\/2026\\\/04\\\/27\\\/la-severa-sancion-que-podria-recibir-andrada-tras-pegarle-una-trompada-a-un-rival-en-el-derbi-aragones\\\/\",\"name\":\"La severa sanci\u00f3n que podr\u00eda recibir Andrada tras pegarle una trompada a un rival en el derbi aragon\u00e9s | Al Dia Chaco\",\"isPartOf\":{\"@id\":\"https:\\\/\\\/aldiachaco.com.ar\\\/#website\"},\"primaryImageOfPage\":{\"@id\":\"https:\\\/\\\/aldiachaco.com.ar\\\/index.php\\\/2026\\\/04\\\/27\\\/la-severa-sancion-que-podria-recibir-andrada-tras-pegarle-una-trompada-a-un-rival-en-el-derbi-aragones\\\/#primaryimage\"},\"image\":{\"@id\":\"https:\\\/\\\/aldiachaco.com.ar\\\/index.php\\\/2026\\\/04\\\/27\\\/la-severa-sancion-que-podria-recibir-andrada-tras-pegarle-una-trompada-a-un-rival-en-el-derbi-aragones\\\/#primaryimage\"},\"thumbnailUrl\":\"https:\\\/\\\/aldiachaco.com.ar\\\/wp-content\\\/uploads\\\/2026\\\/04\\\/2704pina.jpg\",\"datePublished\":\"2026-04-27T13:58:39+00:00\",\"breadcrumb\":{\"@id\":\"https:\\\/\\\/aldiachaco.com.ar\\\/index.php\\\/2026\\\/04\\\/27\\\/la-severa-sancion-que-podria-recibir-andrada-tras-pegarle-una-trompada-a-un-rival-en-el-derbi-aragones\\\/#breadcrumb\"},\"inLanguage\":\"es-AR\",\"potentialAction\":[{\"@type\":\"ReadAction\",\"target\":[\"https:\\\/\\\/aldiachaco.com.ar\\\/index.php\\\/2026\\\/04\\\/27\\\/la-severa-sancion-que-podria-recibir-andrada-tras-pegarle-una-trompada-a-un-rival-en-el-derbi-aragones\\\/\"]}]},{\"@type\":\"ImageObject\",\"inLanguage\":\"es-AR\",\"@id\":\"https:\\\/\\\/aldiachaco.com.ar\\\/index.php\\\/2026\\\/04\\\/27\\\/la-severa-sancion-que-podria-recibir-andrada-tras-pegarle-una-trompada-a-un-rival-en-el-derbi-aragones\\\/#primaryimage\",\"url\":\"https:\\\/\\\/aldiachaco.com.ar\\\/wp-content\\\/uploads\\\/2026\\\/04\\\/2704pina.jpg\",\"contentUrl\":\"https:\\\/\\\/aldiachaco.com.ar\\\/wp-content\\\/uploads\\\/2026\\\/04\\\/2704pina.jpg\",\"width\":1010,\"height\":567},{\"@type\":\"BreadcrumbList\",\"@id\":\"https:\\\/\\\/aldiachaco.com.ar\\\/index.php\\\/2026\\\/04\\\/27\\\/la-severa-sancion-que-podria-recibir-andrada-tras-pegarle-una-trompada-a-un-rival-en-el-derbi-aragones\\\/#breadcrumb\",\"itemListElement\":[{\"@type\":\"ListItem\",\"position\":1,\"name\":\"Home\",\"item\":\"https:\\\/\\\/aldiachaco.com.ar\\\/\"},{\"@type\":\"ListItem\",\"position\":2,\"name\":\"La severa sanci\u00f3n que podr\u00eda recibir Andrada tras pegarle una trompada a un rival en el derbi aragon\u00e9s\"}]},{\"@type\":\"WebSite\",\"@id\":\"https:\\\/\\\/aldiachaco.com.ar\\\/#website\",\"url\":\"https:\\\/\\\/aldiachaco.com.ar\\\/\",\"name\":\"Al Dia Chaco\",\"description\":\"Noticias del Chaco y el mundo\",\"publisher\":{\"@id\":\"https:\\\/\\\/aldiachaco.com.ar\\\/#organization\"},\"alternateName\":\"Al D\u00eda Chaco\",\"potentialAction\":[{\"@type\":\"SearchAction\",\"target\":{\"@type\":\"EntryPoint\",\"urlTemplate\":\"https:\\\/\\\/aldiachaco.com.ar\\\/?s={search_term_string}\"},\"query-input\":{\"@type\":\"PropertyValueSpecification\",\"valueRequired\":true,\"valueName\":\"search_term_string\"}}],\"inLanguage\":\"es-AR\"},{\"@type\":\"Organization\",\"@id\":\"https:\\\/\\\/aldiachaco.com.ar\\\/#organization\",\"name\":\"Al Dia Chaco\",\"url\":\"https:\\\/\\\/aldiachaco.com.ar\\\/\",\"logo\":{\"@type\":\"ImageObject\",\"inLanguage\":\"es-AR\",\"@id\":\"https:\\\/\\\/aldiachaco.com.ar\\\/#\\\/schema\\\/logo\\\/image\\\/\",\"url\":\"https:\\\/\\\/aldiachaco.com.ar\\\/wp-content\\\/uploads\\\/2017\\\/11\\\/AL-DIA-CHACO-L@2x.png\",\"contentUrl\":\"https:\\\/\\\/aldiachaco.com.ar\\\/wp-content\\\/uploads\\\/2017\\\/11\\\/AL-DIA-CHACO-L@2x.png\",\"width\":232,\"height\":60,\"caption\":\"Al Dia Chaco\"},\"image\":{\"@id\":\"https:\\\/\\\/aldiachaco.com.ar\\\/#\\\/schema\\\/logo\\\/image\\\/\"}},{\"@type\":\"Person\",\"@id\":\"https:\\\/\\\/aldiachaco.com.ar\\\/#\\\/schema\\\/person\\\/b24e975af8022082f5889a7a7299e962\",\"name\":\"RedaccionRM\",\"image\":{\"@type\":\"ImageObject\",\"inLanguage\":\"es-AR\",\"@id\":\"https:\\\/\\\/aldiachaco.com.ar\\\/wp-content\\\/litespeed\\\/avatar\\\/a30118fcb7a6295303f1c91164c6aba1.jpg?ver=1776734264\",\"url\":\"https:\\\/\\\/aldiachaco.com.ar\\\/wp-content\\\/litespeed\\\/avatar\\\/a30118fcb7a6295303f1c91164c6aba1.jpg?ver=1776734264\",\"contentUrl\":\"https:\\\/\\\/aldiachaco.com.ar\\\/wp-content\\\/litespeed\\\/avatar\\\/a30118fcb7a6295303f1c91164c6aba1.jpg?ver=1776734264\",\"caption\":\"RedaccionRM\"},\"url\":\"https:\\\/\\\/aldiachaco.com.ar\\\/index.php\\\/author\\\/redaccionrm\\\/\"}]}<\/script>\n<!-- \/ Yoast SEO plugin. -->","yoast_head_json":{"title":"La severa sanci\u00f3n que podr\u00eda recibir Andrada tras pegarle una trompada a un rival en el derbi aragon\u00e9s | Al Dia Chaco","robots":{"index":"index","follow":"follow","max-snippet":"max-snippet:-1","max-image-preview":"max-image-preview:large","max-video-preview":"max-video-preview:-1"},"canonical":"https:\/\/aldiachaco.com.ar\/index.php\/2026\/04\/27\/la-severa-sancion-que-podria-recibir-andrada-tras-pegarle-una-trompada-a-un-rival-en-el-derbi-aragones\/","og_locale":"es_ES","og_type":"article","og_title":"La severa sanci\u00f3n que podr\u00eda recibir Andrada tras pegarle una trompada a un rival en el derbi aragon\u00e9s | Al Dia Chaco","og_description":"Esteban Andrada se expone a una grave sanci\u00f3n tras haber golpeado a un rival en el cl\u00e1sico entre Zaragoza y Huesca, por la Segunda Divisi\u00f3n del f\u00fatbol espa\u00f1ol. El arquero argentino, que hab\u00eda recibido la tarjeta roja por un empuj\u00f3n, perdi\u00f3 el control y propin\u00f3 un pu\u00f1etazo en el rostro al capit\u00e1n del Huesca, Jorge &hellip;","og_url":"https:\/\/aldiachaco.com.ar\/index.php\/2026\/04\/27\/la-severa-sancion-que-podria-recibir-andrada-tras-pegarle-una-trompada-a-un-rival-en-el-derbi-aragones\/","og_site_name":"Al Dia Chaco","article_published_time":"2026-04-27T13:58:39+00:00","og_image":[{"width":1010,"height":567,"url":"https:\/\/aldiachaco.com.ar\/wp-content\/uploads\/2026\/04\/2704pina.jpg","type":"image\/jpeg"}],"author":"RedaccionRM","twitter_card":"summary_large_image","twitter_misc":{"Escrito por":"RedaccionRM","Tiempo de lectura":"2 minutos"},"schema":{"@context":"https:\/\/schema.org","@graph":[{"@type":"Article","@id":"https:\/\/aldiachaco.com.ar\/index.php\/2026\/04\/27\/la-severa-sancion-que-podria-recibir-andrada-tras-pegarle-una-trompada-a-un-rival-en-el-derbi-aragones\/#article","isPartOf":{"@id":"https:\/\/aldiachaco.com.ar\/index.php\/2026\/04\/27\/la-severa-sancion-que-podria-recibir-andrada-tras-pegarle-una-trompada-a-un-rival-en-el-derbi-aragones\/"},"author":{"name":"RedaccionRM","@id":"https:\/\/aldiachaco.com.ar\/#\/schema\/person\/b24e975af8022082f5889a7a7299e962"},"headline":"La severa sanci\u00f3n que podr\u00eda recibir Andrada tras pegarle una trompada a un rival en el derbi aragon\u00e9s","datePublished":"2026-04-27T13:58:39+00:00","mainEntityOfPage":{"@id":"https:\/\/aldiachaco.com.ar\/index.php\/2026\/04\/27\/la-severa-sancion-que-podria-recibir-andrada-tras-pegarle-una-trompada-a-un-rival-en-el-derbi-aragones\/"},"wordCount":434,"commentCount":0,"publisher":{"@id":"https:\/\/aldiachaco.com.ar\/#organization"},"image":{"@id":"https:\/\/aldiachaco.com.ar\/index.php\/2026\/04\/27\/la-severa-sancion-que-podria-recibir-andrada-tras-pegarle-una-trompada-a-un-rival-en-el-derbi-aragones\/#primaryimage"},"thumbnailUrl":"https:\/\/aldiachaco.com.ar\/wp-content\/uploads\/2026\/04\/2704pina.jpg","articleSection":["Deportes"],"inLanguage":"es-AR","potentialAction":[{"@type":"CommentAction","name":"Comment","target":["https:\/\/aldiachaco.com.ar\/index.php\/2026\/04\/27\/la-severa-sancion-que-podria-recibir-andrada-tras-pegarle-una-trompada-a-un-rival-en-el-derbi-aragones\/#respond"]}]},{"@type":"WebPage","@id":"https:\/\/aldiachaco.com.ar\/index.php\/2026\/04\/27\/la-severa-sancion-que-podria-recibir-andrada-tras-pegarle-una-trompada-a-un-rival-en-el-derbi-aragones\/","url":"https:\/\/aldiachaco.com.ar\/index.php\/2026\/04\/27\/la-severa-sancion-que-podria-recibir-andrada-tras-pegarle-una-trompada-a-un-rival-en-el-derbi-aragones\/","name":"La severa sanci\u00f3n que podr\u00eda recibir Andrada tras pegarle una trompada a un rival en el derbi aragon\u00e9s | Al Dia Chaco","isPartOf":{"@id":"https:\/\/aldiachaco.com.ar\/#website"},"primaryImageOfPage":{"@id":"https:\/\/aldiachaco.com.ar\/index.php\/2026\/04\/27\/la-severa-sancion-que-podria-recibir-andrada-tras-pegarle-una-trompada-a-un-rival-en-el-derbi-aragones\/#primaryimage"},"image":{"@id":"https:\/\/aldiachaco.com.ar\/index.php\/2026\/04\/27\/la-severa-sancion-que-podria-recibir-andrada-tras-pegarle-una-trompada-a-un-rival-en-el-derbi-aragones\/#primaryimage"},"thumbnailUrl":"https:\/\/aldiachaco.com.ar\/wp-content\/uploads\/2026\/04\/2704pina.jpg","datePublished":"2026-04-27T13:58:39+00:00","breadcrumb":{"@id":"https:\/\/aldiachaco.com.ar\/index.php\/2026\/04\/27\/la-severa-sancion-que-podria-recibir-andrada-tras-pegarle-una-trompada-a-un-rival-en-el-derbi-aragones\/#breadcrumb"},"inLanguage":"es-AR","potentialAction":[{"@type":"ReadAction","target":["https:\/\/aldiachaco.com.ar\/index.php\/2026\/04\/27\/la-severa-sancion-que-podria-recibir-andrada-tras-pegarle-una-trompada-a-un-rival-en-el-derbi-aragones\/"]}]},{"@type":"ImageObject","inLanguage":"es-AR","@id":"https:\/\/aldiachaco.com.ar\/index.php\/2026\/04\/27\/la-severa-sancion-que-podria-recibir-andrada-tras-pegarle-una-trompada-a-un-rival-en-el-derbi-aragones\/#primaryimage","url":"https:\/\/aldiachaco.com.ar\/wp-content\/uploads\/2026\/04\/2704pina.jpg","contentUrl":"https:\/\/aldiachaco.com.ar\/wp-content\/uploads\/2026\/04\/2704pina.jpg","width":1010,"height":567},{"@type":"BreadcrumbList","@id":"https:\/\/aldiachaco.com.ar\/index.php\/2026\/04\/27\/la-severa-sancion-que-podria-recibir-andrada-tras-pegarle-una-trompada-a-un-rival-en-el-derbi-aragones\/#breadcrumb","itemListElement":[{"@type":"ListItem","position":1,"name":"Home","item":"https:\/\/aldiachaco.com.ar\/"},{"@type":"ListItem","position":2,"name":"La severa sanci\u00f3n que podr\u00eda recibir Andrada tras pegarle una trompada a un rival en el derbi aragon\u00e9s"}]},{"@type":"WebSite","@id":"https:\/\/aldiachaco.com.ar\/#website","url":"https:\/\/aldiachaco.com.ar\/","name":"Al Dia Chaco","description":"Noticias del Chaco y el mundo","publisher":{"@id":"https:\/\/aldiachaco.com.ar\/#organization"},"alternateName":"Al D\u00eda Chaco","potentialAction":[{"@type":"SearchAction","target":{"@type":"EntryPoint","urlTemplate":"https:\/\/aldiachaco.com.ar\/?s={search_term_string}"},"query-input":{"@type":"PropertyValueSpecification","valueRequired":true,"valueName":"search_term_string"}}],"inLanguage":"es-AR"},{"@type":"Organization","@id":"https:\/\/aldiachaco.com.ar\/#organization","name":"Al Dia Chaco","url":"https:\/\/aldiachaco.com.ar\/","logo":{"@type":"ImageObject","inLanguage":"es-AR","@id":"https:\/\/aldiachaco.com.ar\/#\/schema\/logo\/image\/","url":"https:\/\/aldiachaco.com.ar\/wp-content\/uploads\/2017\/11\/AL-DIA-CHACO-L@2x.png","contentUrl":"https:\/\/aldiachaco.com.ar\/wp-content\/uploads\/2017\/11\/AL-DIA-CHACO-L@2x.png","width":232,"height":60,"caption":"Al Dia Chaco"},"image":{"@id":"https:\/\/aldiachaco.com.ar\/#\/schema\/logo\/image\/"}},{"@type":"Person","@id":"https:\/\/aldiachaco.com.ar\/#\/schema\/person\/b24e975af8022082f5889a7a7299e962","name":"RedaccionRM","image":{"@type":"ImageObject","inLanguage":"es-AR","@id":"https:\/\/aldiachaco.com.ar\/wp-content\/litespeed\/avatar\/a30118fcb7a6295303f1c91164c6aba1.jpg?ver=1776734264","url":"https:\/\/aldiachaco.com.ar\/wp-content\/litespeed\/avatar\/a30118fcb7a6295303f1c91164c6aba1.jpg?ver=1776734264","contentUrl":"https:\/\/aldiachaco.com.ar\/wp-content\/litespeed\/avatar\/a30118fcb7a6295303f1c91164c6aba1.jpg?ver=1776734264","caption":"RedaccionRM"},"url":"https:\/\/aldiachaco.com.ar\/index.php\/author\/redaccionrm\/"}]}},"jetpack_publicize_connections":[],"jetpack_featured_media_url":"https:\/\/aldiachaco.com.ar\/wp-content\/uploads\/2026\/04\/2704pina.jpg","jetpack_sharing_enabled":true,"amp_enabled":true,"_links":{"self":[{"href":"https:\/\/aldiachaco.com.ar\/index.php\/wp-json\/wp\/v2\/posts\/118293","targetHints":{"allow":["GET"]}}],"collection":[{"href":"https:\/\/aldiachaco.com.ar\/index.php\/wp-json\/wp\/v2\/posts"}],"about":[{"href":"https:\/\/aldiachaco.com.ar\/index.php\/wp-json\/wp\/v2\/types\/post"}],"author":[{"embeddable":true,"href":"https:\/\/aldiachaco.com.ar\/index.php\/wp-json\/wp\/v2\/users\/9"}],"replies":[{"embeddable":true,"href":"https:\/\/aldiachaco.com.ar\/index.php\/wp-json\/wp\/v2\/comments?post=118293"}],"version-history":[{"count":1,"href":"https:\/\/aldiachaco.com.ar\/index.php\/wp-json\/wp\/v2\/posts\/118293\/revisions"}],"predecessor-version":[{"id":118296,"href":"https:\/\/aldiachaco.com.ar\/index.php\/wp-json\/wp\/v2\/posts\/118293\/revisions\/118296"}],"wp:featuredmedia":[{"embeddable":true,"href":"https:\/\/aldiachaco.com.ar\/index.php\/wp-json\/wp\/v2\/media\/118294"}],"wp:attachment":[{"href":"https:\/\/aldiachaco.com.ar\/index.php\/wp-json\/wp\/v2\/media?parent=118293"}],"wp:term":[{"taxonomy":"category","embeddable":true,"href":"https:\/\/aldiachaco.com.ar\/index.php\/wp-json\/wp\/v2\/categories?post=118293"},{"taxonomy":"post_tag","embeddable":true,"href":"https:\/\/aldiachaco.com.ar\/index.php\/wp-json\/wp\/v2\/tags?post=118293"}],"curies":[{"name":"wp","href":"https:\/\/api.w.org\/{rel}","templated":true}]}}